{"id":2439,"date":"2024-11-15T08:17:18","date_gmt":"2024-11-15T07:17:18","guid":{"rendered":"https:\/\/vieassociative.be\/actualites\/le-puissant-hp-omnibook-ultra-est-a-600-de-reduction\/"},"modified":"2024-11-15T08:17:18","modified_gmt":"2024-11-15T07:17:18","slug":"le-puissant-hp-omnibook-ultra-est-a-600-de-reduction","status":"publish","type":"post","link":"https:\/\/vieassociative.be\/actualites\/le-puissant-hp-omnibook-ultra-est-a-600-de-reduction\/","title":{"rendered":"Le puissant HP OmniBook Ultra est \u00e0 600 $ de r\u00e9duction"},"content":{"rendered":"<div class=\"mt-4 leading-6 md:mb-8\">Avec un processeur AMD Ryzen AI 9 365, 32 Go de m\u00e9moire et 1 To de stockage, cet ordinateur portable est con\u00e7u pour la performance.<\/div>\n<p><\/p>\n<p>Le Black Friday n&rsquo;est plus un \u00e9v\u00e9nement de shopping d&rsquo;une seule journ\u00e9e : vous pouvez d\u00e9j\u00e0 commencer \u00e0 magasiner. La vente de Walmart est d\u00e9j\u00e0 en ligne, tout comme celle de Target et de Best Buy. Si vous recherchez un nouvel ordinateur portable, Best Buy propose actuellement une bonne s\u00e9lection d&rsquo;options, mais une en particulier se d\u00e9marque. Si vous recherchez un ordinateur portable fonctionnel qui vous offrira le meilleur rapport qualit\u00e9-prix en termes de performances, pensez au HP OmniBook Ultra de 14 pouces, actuellement chez <strong>899,99\u00a0$<\/strong> (\u00e0 l\u2019origine 1 499,99 $), le prix le plus bas que j\u2019ai vu par outil de suivi des prix.<\/p>\n<p>Si vous recherchez un outil performant capable d&rsquo;accomplir des t\u00e2ches exigeantes et lourdes telles que la programmation et l&rsquo;\u00e9dition multim\u00e9dia, le HP OmniBook Ultra en offre un excellent rapport qualit\u00e9-prix. C\u2019est l\u2019un des ordinateurs portables les plus rapides avec un \u00e9cran de 14 pouces que vous puissiez trouver.<\/p>\n<div class=\"mx-auto mt-8 w-full max-w-4xl\">\n<div id=\"video-container-PIECdm2Qb_c\"><\/div>\n<\/div>\n<p>Le processeur est un AMD Ryzen AI 9 365. Si vous n&rsquo;\u00eates pas familier avec la terminologie AMD, vous pouvez le consid\u00e9rer comme quelque part entre un processeur Intel i7 et i9, avec 10 c\u0153urs et 20 threads. En d\u2019autres termes, il s\u2019agit d\u2019un processeur haut de gamme destin\u00e9 aux utilisateurs exp\u00e9riment\u00e9s \u00e0 la recherche d\u2019un multit\u00e2che intensif ou d\u2019une cr\u00e9ation multim\u00e9dia. La RAM atteint un nombre impressionnant de 32 Go, parfait pour les applications ou les jeux exigeants, et le stockage SSD de 1 To parle de lui-m\u00eame. <\/p>\n<p>L\u00e0 o\u00f9 cet ordinateur portable \u00e9choue, c\u2019est dans son \u00e9cran. Bien qu&rsquo;il s&rsquo;agisse d&rsquo;un \u00e9cran tactile, le 2240 x 1400 est moyen et les graphiques AMD Radeon sont d&rsquo;entr\u00e9e de gamme. Mais si vous savez que vous l&rsquo;utiliserez pour le travail, le HP OmniBook Ultra est un bon choix.<\/p>\n","protected":false},"excerpt":{"rendered":"<p>Avec un processeur AMD Ryzen AI 9 365, 32 Go de m\u00e9moire et 1 To de stockage, cet ordinateur portable est con\u00e7u pour la performance.<\/p>\n","protected":false},"author":1,"featured_media":2440,"comment_status":"","ping_status":"","sticky":false,"template":"","format":"standard","meta":{"footnotes":""},"categories":[13],"tags":[76,3195,3194,308,56],"class_list":["post-2439","post","type-post","status-publish","format-standard","has-post-thumbnail","hentry","category-technologie","tag-est","tag-omnibook","tag-puissant","tag-reduction","tag-ultra","generate-columns","tablet-grid-50","mobile-grid-100","grid-parent","grid-33"],"yoast_head":"<!-- This site is optimized with the Yoast SEO plugin v24.0 - https:\/\/yoast.com\/wordpress\/plugins\/seo\/ -->\n<title>Le puissant HP OmniBook Ultra est \u00e0 600 $ de r\u00e9duction | Vie Associative<\/title>\n<meta name=\"robots\" content=\"index, follow, max-snippet:-1, max-image-preview:large, max-video-preview:-1\" \/>\n<link rel=\"canonical\" href=\"https:\/\/vieassociative.be\/actualites\/le-puissant-hp-omnibook-ultra-est-a-600-de-reduction\/\" \/>\n<meta property=\"og:locale\" content=\"fr_FR\" \/>\n<meta property=\"og:type\" content=\"article\" \/>\n<meta property=\"og:title\" content=\"Le puissant HP OmniBook Ultra est \u00e0 600 $ de r\u00e9duction | Vie Associative\" \/>\n<meta property=\"og:description\" content=\"Avec un processeur AMD Ryzen AI 9 365, 32 Go de m\u00e9moire et 1 To de stockage, cet ordinateur portable est con\u00e7u pour la performance.\" \/>\n<meta property=\"og:url\" content=\"https:\/\/vieassociative.be\/actualites\/le-puissant-hp-omnibook-ultra-est-a-600-de-reduction\/\" \/>\n<meta property=\"og:site_name\" content=\"Vie Associative\" \/>\n<meta property=\"article:published_time\" content=\"2024-11-15T07:17:18+00:00\" \/>\n<meta property=\"og:image\" content=\"https:\/\/vieassociative.be\/actualites\/wp-content\/uploads\/2024\/09\/header_backgroundk-01-e1726694325946.png\" \/>\n\t<meta property=\"og:image:width\" content=\"279\" \/>\n\t<meta property=\"og:image:height\" content=\"92\" \/>\n\t<meta property=\"og:image:type\" content=\"image\/png\" \/>\n<meta name=\"author\" content=\"Julien\" \/>\n<meta name=\"twitter:card\" content=\"summary_large_image\" \/>\n<meta name=\"twitter:label1\" content=\"\u00c9crit par\" \/>\n\t<meta name=\"twitter:data1\" content=\"Julien\" \/>\n\t<meta name=\"twitter:label2\" content=\"Dur\u00e9e de lecture est.\" \/>\n\t<meta name=\"twitter:data2\" content=\"2 minutes\" \/>\n<script type=\"application\/ld+json\" class=\"yoast-schema-graph\">{\"@context\":\"https:\/\/schema.org\",\"@graph\":[{\"@type\":\"Article\",\"@id\":\"https:\/\/vieassociative.be\/actualites\/le-puissant-hp-omnibook-ultra-est-a-600-de-reduction\/#article\",\"isPartOf\":{\"@id\":\"https:\/\/vieassociative.be\/actualites\/le-puissant-hp-omnibook-ultra-est-a-600-de-reduction\/\"},\"author\":{\"name\":\"Julien\",\"@id\":\"https:\/\/vieassociative.be\/actualites\/#\/schema\/person\/b87ac4f82f9d4e7b7cec7395b679edc4\"},\"headline\":\"Le puissant HP OmniBook Ultra est \u00e0 600 $ de r\u00e9duction\",\"datePublished\":\"2024-11-15T07:17:18+00:00\",\"dateModified\":\"2024-11-15T07:17:18+00:00\",\"mainEntityOfPage\":{\"@id\":\"https:\/\/vieassociative.be\/actualites\/le-puissant-hp-omnibook-ultra-est-a-600-de-reduction\/\"},\"wordCount\":345,\"publisher\":{\"@id\":\"https:\/\/vieassociative.be\/actualites\/#organization\"},\"image\":{\"@id\":\"https:\/\/vieassociative.be\/actualites\/le-puissant-hp-omnibook-ultra-est-a-600-de-reduction\/#primaryimage\"},\"thumbnailUrl\":\"https:\/\/vieassociative.be\/actualites\/wp-content\/uploads\/2024\/11\/Le-puissant-HP-OmniBook-Ultra-est-a-600-de.png\",\"keywords\":[\"est\",\"OmniBook\",\"puissant\",\"r\u00e9duction\",\"Ultra\"],\"articleSection\":[\"Technologie\"],\"inLanguage\":\"fr-BE\"},{\"@type\":\"WebPage\",\"@id\":\"https:\/\/vieassociative.be\/actualites\/le-puissant-hp-omnibook-ultra-est-a-600-de-reduction\/\",\"url\":\"https:\/\/vieassociative.be\/actualites\/le-puissant-hp-omnibook-ultra-est-a-600-de-reduction\/\",\"name\":\"Le puissant HP OmniBook Ultra est \u00e0 600 $ de r\u00e9duction | Vie Associative\",\"isPartOf\":{\"@id\":\"https:\/\/vieassociative.be\/actualites\/#website\"},\"primaryImageOfPage\":{\"@id\":\"https:\/\/vieassociative.be\/actualites\/le-puissant-hp-omnibook-ultra-est-a-600-de-reduction\/#primaryimage\"},\"image\":{\"@id\":\"https:\/\/vieassociative.be\/actualites\/le-puissant-hp-omnibook-ultra-est-a-600-de-reduction\/#primaryimage\"},\"thumbnailUrl\":\"https:\/\/vieassociative.be\/actualites\/wp-content\/uploads\/2024\/11\/Le-puissant-HP-OmniBook-Ultra-est-a-600-de.png\",\"datePublished\":\"2024-11-15T07:17:18+00:00\",\"dateModified\":\"2024-11-15T07:17:18+00:00\",\"breadcrumb\":{\"@id\":\"https:\/\/vieassociative.be\/actualites\/le-puissant-hp-omnibook-ultra-est-a-600-de-reduction\/#breadcrumb\"},\"inLanguage\":\"fr-BE\",\"potentialAction\":[{\"@type\":\"ReadAction\",\"target\":[\"https:\/\/vieassociative.be\/actualites\/le-puissant-hp-omnibook-ultra-est-a-600-de-reduction\/\"]}]},{\"@type\":\"ImageObject\",\"inLanguage\":\"fr-BE\",\"@id\":\"https:\/\/vieassociative.be\/actualites\/le-puissant-hp-omnibook-ultra-est-a-600-de-reduction\/#primaryimage\",\"url\":\"https:\/\/vieassociative.be\/actualites\/wp-content\/uploads\/2024\/11\/Le-puissant-HP-OmniBook-Ultra-est-a-600-de.png\",\"contentUrl\":\"https:\/\/vieassociative.be\/actualites\/wp-content\/uploads\/2024\/11\/Le-puissant-HP-OmniBook-Ultra-est-a-600-de.png\",\"width\":1200,\"height\":675,\"caption\":\"Le puissant HP OmniBook Ultra est \u00e0 600 $ de r\u00e9duction\"},{\"@type\":\"BreadcrumbList\",\"@id\":\"https:\/\/vieassociative.be\/actualites\/le-puissant-hp-omnibook-ultra-est-a-600-de-reduction\/#breadcrumb\",\"itemListElement\":[{\"@type\":\"ListItem\",\"position\":1,\"name\":\"Accueil\",\"item\":\"https:\/\/vieassociative.be\/actualites\/\"},{\"@type\":\"ListItem\",\"position\":2,\"name\":\"Le puissant HP OmniBook Ultra est \u00e0 600 $ de r\u00e9duction\"}]},{\"@type\":\"WebSite\",\"@id\":\"https:\/\/vieassociative.be\/actualites\/#website\",\"url\":\"https:\/\/vieassociative.be\/actualites\/\",\"name\":\"Vie Associative\",\"description\":\"\",\"publisher\":{\"@id\":\"https:\/\/vieassociative.be\/actualites\/#organization\"},\"potentialAction\":[{\"@type\":\"SearchAction\",\"target\":{\"@type\":\"EntryPoint\",\"urlTemplate\":\"https:\/\/vieassociative.be\/actualites\/?s={search_term_string}\"},\"query-input\":{\"@type\":\"PropertyValueSpecification\",\"valueRequired\":true,\"valueName\":\"search_term_string\"}}],\"inLanguage\":\"fr-BE\"},{\"@type\":\"Organization\",\"@id\":\"https:\/\/vieassociative.be\/actualites\/#organization\",\"name\":\"Vie Associative\",\"url\":\"https:\/\/vieassociative.be\/actualites\/\",\"logo\":{\"@type\":\"ImageObject\",\"inLanguage\":\"fr-BE\",\"@id\":\"https:\/\/vieassociative.be\/actualites\/#\/schema\/logo\/image\/\",\"url\":\"https:\/\/vieassociative.be\/actualites\/wp-content\/uploads\/2024\/09\/cropped-vieassociative_favicon.ico.png\",\"contentUrl\":\"https:\/\/vieassociative.be\/actualites\/wp-content\/uploads\/2024\/09\/cropped-vieassociative_favicon.ico.png\",\"width\":512,\"height\":512,\"caption\":\"Vie Associative\"},\"image\":{\"@id\":\"https:\/\/vieassociative.be\/actualites\/#\/schema\/logo\/image\/\"}},{\"@type\":\"Person\",\"@id\":\"https:\/\/vieassociative.be\/actualites\/#\/schema\/person\/b87ac4f82f9d4e7b7cec7395b679edc4\",\"name\":\"Julien\",\"image\":{\"@type\":\"ImageObject\",\"inLanguage\":\"fr-BE\",\"@id\":\"https:\/\/vieassociative.be\/actualites\/#\/schema\/person\/image\/\",\"url\":\"https:\/\/vieassociative.be\/actualites\/wp-content\/uploads\/2024\/09\/vie-associative-1-150x150.jpg\",\"contentUrl\":\"https:\/\/vieassociative.be\/actualites\/wp-content\/uploads\/2024\/09\/vie-associative-1-150x150.jpg\",\"caption\":\"Julien\"},\"description\":\"Je suis Julien, r\u00e9dacteur pour Vie Associative. Passionn\u00e9 par le monde associatif depuis plus de 10 ans, j'ai \u00e0 c\u0153ur de partager des histoires inspirantes et de mettre en lumi\u00e8re les initiatives locales. Mon objectif est de sensibiliser et d'encourager l'engagement communautaire \u00e0 travers mes articles.\",\"sameAs\":[\"https:\/\/vieassociative.be\/\"]}]}<\/script>\n<!-- \/ Yoast SEO plugin. -->","yoast_head_json":{"title":"Le puissant HP OmniBook Ultra est \u00e0 600 $ de r\u00e9duction | Vie Associative","robots":{"index":"index","follow":"follow","max-snippet":"max-snippet:-1","max-image-preview":"max-image-preview:large","max-video-preview":"max-video-preview:-1"},"canonical":"https:\/\/vieassociative.be\/actualites\/le-puissant-hp-omnibook-ultra-est-a-600-de-reduction\/","og_locale":"fr_FR","og_type":"article","og_title":"Le puissant HP OmniBook Ultra est \u00e0 600 $ de r\u00e9duction | Vie Associative","og_description":"Avec un processeur AMD Ryzen AI 9 365, 32 Go de m\u00e9moire et 1 To de stockage, cet ordinateur portable est con\u00e7u pour la performance.","og_url":"https:\/\/vieassociative.be\/actualites\/le-puissant-hp-omnibook-ultra-est-a-600-de-reduction\/","og_site_name":"Vie Associative","article_published_time":"2024-11-15T07:17:18+00:00","og_image":[{"width":279,"height":92,"url":"https:\/\/vieassociative.be\/actualites\/wp-content\/uploads\/2024\/09\/header_backgroundk-01-e1726694325946.png","type":"image\/png"}],"author":"Julien","twitter_card":"summary_large_image","twitter_misc":{"\u00c9crit par":"Julien","Dur\u00e9e de lecture est.":"2 minutes"},"schema":{"@context":"https:\/\/schema.org","@graph":[{"@type":"Article","@id":"https:\/\/vieassociative.be\/actualites\/le-puissant-hp-omnibook-ultra-est-a-600-de-reduction\/#article","isPartOf":{"@id":"https:\/\/vieassociative.be\/actualites\/le-puissant-hp-omnibook-ultra-est-a-600-de-reduction\/"},"author":{"name":"Julien","@id":"https:\/\/vieassociative.be\/actualites\/#\/schema\/person\/b87ac4f82f9d4e7b7cec7395b679edc4"},"headline":"Le puissant HP OmniBook Ultra est \u00e0 600 $ de r\u00e9duction","datePublished":"2024-11-15T07:17:18+00:00","dateModified":"2024-11-15T07:17:18+00:00","mainEntityOfPage":{"@id":"https:\/\/vieassociative.be\/actualites\/le-puissant-hp-omnibook-ultra-est-a-600-de-reduction\/"},"wordCount":345,"publisher":{"@id":"https:\/\/vieassociative.be\/actualites\/#organization"},"image":{"@id":"https:\/\/vieassociative.be\/actualites\/le-puissant-hp-omnibook-ultra-est-a-600-de-reduction\/#primaryimage"},"thumbnailUrl":"https:\/\/vieassociative.be\/actualites\/wp-content\/uploads\/2024\/11\/Le-puissant-HP-OmniBook-Ultra-est-a-600-de.png","keywords":["est","OmniBook","puissant","r\u00e9duction","Ultra"],"articleSection":["Technologie"],"inLanguage":"fr-BE"},{"@type":"WebPage","@id":"https:\/\/vieassociative.be\/actualites\/le-puissant-hp-omnibook-ultra-est-a-600-de-reduction\/","url":"https:\/\/vieassociative.be\/actualites\/le-puissant-hp-omnibook-ultra-est-a-600-de-reduction\/","name":"Le puissant HP OmniBook Ultra est \u00e0 600 $ de r\u00e9duction | Vie Associative","isPartOf":{"@id":"https:\/\/vieassociative.be\/actualites\/#website"},"primaryImageOfPage":{"@id":"https:\/\/vieassociative.be\/actualites\/le-puissant-hp-omnibook-ultra-est-a-600-de-reduction\/#primaryimage"},"image":{"@id":"https:\/\/vieassociative.be\/actualites\/le-puissant-hp-omnibook-ultra-est-a-600-de-reduction\/#primaryimage"},"thumbnailUrl":"https:\/\/vieassociative.be\/actualites\/wp-content\/uploads\/2024\/11\/Le-puissant-HP-OmniBook-Ultra-est-a-600-de.png","datePublished":"2024-11-15T07:17:18+00:00","dateModified":"2024-11-15T07:17:18+00:00","breadcrumb":{"@id":"https:\/\/vieassociative.be\/actualites\/le-puissant-hp-omnibook-ultra-est-a-600-de-reduction\/#breadcrumb"},"inLanguage":"fr-BE","potentialAction":[{"@type":"ReadAction","target":["https:\/\/vieassociative.be\/actualites\/le-puissant-hp-omnibook-ultra-est-a-600-de-reduction\/"]}]},{"@type":"ImageObject","inLanguage":"fr-BE","@id":"https:\/\/vieassociative.be\/actualites\/le-puissant-hp-omnibook-ultra-est-a-600-de-reduction\/#primaryimage","url":"https:\/\/vieassociative.be\/actualites\/wp-content\/uploads\/2024\/11\/Le-puissant-HP-OmniBook-Ultra-est-a-600-de.png","contentUrl":"https:\/\/vieassociative.be\/actualites\/wp-content\/uploads\/2024\/11\/Le-puissant-HP-OmniBook-Ultra-est-a-600-de.png","width":1200,"height":675,"caption":"Le puissant HP OmniBook Ultra est \u00e0 600 $ de r\u00e9duction"},{"@type":"BreadcrumbList","@id":"https:\/\/vieassociative.be\/actualites\/le-puissant-hp-omnibook-ultra-est-a-600-de-reduction\/#breadcrumb","itemListElement":[{"@type":"ListItem","position":1,"name":"Accueil","item":"https:\/\/vieassociative.be\/actualites\/"},{"@type":"ListItem","position":2,"name":"Le puissant HP OmniBook Ultra est \u00e0 600 $ de r\u00e9duction"}]},{"@type":"WebSite","@id":"https:\/\/vieassociative.be\/actualites\/#website","url":"https:\/\/vieassociative.be\/actualites\/","name":"Vie Associative","description":"","publisher":{"@id":"https:\/\/vieassociative.be\/actualites\/#organization"},"potentialAction":[{"@type":"SearchAction","target":{"@type":"EntryPoint","urlTemplate":"https:\/\/vieassociative.be\/actualites\/?s={search_term_string}"},"query-input":{"@type":"PropertyValueSpecification","valueRequired":true,"valueName":"search_term_string"}}],"inLanguage":"fr-BE"},{"@type":"Organization","@id":"https:\/\/vieassociative.be\/actualites\/#organization","name":"Vie Associative","url":"https:\/\/vieassociative.be\/actualites\/","logo":{"@type":"ImageObject","inLanguage":"fr-BE","@id":"https:\/\/vieassociative.be\/actualites\/#\/schema\/logo\/image\/","url":"https:\/\/vieassociative.be\/actualites\/wp-content\/uploads\/2024\/09\/cropped-vieassociative_favicon.ico.png","contentUrl":"https:\/\/vieassociative.be\/actualites\/wp-content\/uploads\/2024\/09\/cropped-vieassociative_favicon.ico.png","width":512,"height":512,"caption":"Vie Associative"},"image":{"@id":"https:\/\/vieassociative.be\/actualites\/#\/schema\/logo\/image\/"}},{"@type":"Person","@id":"https:\/\/vieassociative.be\/actualites\/#\/schema\/person\/b87ac4f82f9d4e7b7cec7395b679edc4","name":"Julien","image":{"@type":"ImageObject","inLanguage":"fr-BE","@id":"https:\/\/vieassociative.be\/actualites\/#\/schema\/person\/image\/","url":"https:\/\/vieassociative.be\/actualites\/wp-content\/uploads\/2024\/09\/vie-associative-1-150x150.jpg","contentUrl":"https:\/\/vieassociative.be\/actualites\/wp-content\/uploads\/2024\/09\/vie-associative-1-150x150.jpg","caption":"Julien"},"description":"Je suis Julien, r\u00e9dacteur pour Vie Associative. Passionn\u00e9 par le monde associatif depuis plus de 10 ans, j'ai \u00e0 c\u0153ur de partager des histoires inspirantes et de mettre en lumi\u00e8re les initiatives locales. Mon objectif est de sensibiliser et d'encourager l'engagement communautaire \u00e0 travers mes articles.","sameAs":["https:\/\/vieassociative.be\/"]}]}},"_links":{"self":[{"href":"https:\/\/vieassociative.be\/actualites\/wp-json\/wp\/v2\/posts\/2439"}],"collection":[{"href":"https:\/\/vieassociative.be\/actualites\/wp-json\/wp\/v2\/posts"}],"about":[{"href":"https:\/\/vieassociative.be\/actualites\/wp-json\/wp\/v2\/types\/post"}],"author":[{"embeddable":true,"href":"https:\/\/vieassociative.be\/actualites\/wp-json\/wp\/v2\/users\/1"}],"replies":[{"embeddable":true,"href":"https:\/\/vieassociative.be\/actualites\/wp-json\/wp\/v2\/comments?post=2439"}],"version-history":[{"count":0,"href":"https:\/\/vieassociative.be\/actualites\/wp-json\/wp\/v2\/posts\/2439\/revisions"}],"wp:featuredmedia":[{"embeddable":true,"href":"https:\/\/vieassociative.be\/actualites\/wp-json\/wp\/v2\/media\/2440"}],"wp:attachment":[{"href":"https:\/\/vieassociative.be\/actualites\/wp-json\/wp\/v2\/media?parent=2439"}],"wp:term":[{"taxonomy":"category","embeddable":true,"href":"https:\/\/vieassociative.be\/actualites\/wp-json\/wp\/v2\/categories?post=2439"},{"taxonomy":"post_tag","embeddable":true,"href":"https:\/\/vieassociative.be\/actualites\/wp-json\/wp\/v2\/tags?post=2439"}],"curies":[{"name":"wp","href":"https:\/\/api.w.org\/{rel}","templated":true}]}}