{"id":2435,"date":"2024-11-15T06:17:28","date_gmt":"2024-11-15T05:17:28","guid":{"rendered":"https:\/\/vieassociative.be\/actualites\/comment-savoir-si-votre-enfant-souffre-de-lun-de-ces-troubles-de-la-lecture\/"},"modified":"2024-11-15T06:17:28","modified_gmt":"2024-11-15T05:17:28","slug":"comment-savoir-si-votre-enfant-souffre-de-lun-de-ces-troubles-de-la-lecture","status":"publish","type":"post","link":"https:\/\/vieassociative.be\/actualites\/comment-savoir-si-votre-enfant-souffre-de-lun-de-ces-troubles-de-la-lecture\/","title":{"rendered":"Comment savoir si votre enfant souffre de l&rsquo;un de ces troubles de la lecture"},"content":{"rendered":"<div class=\"mt-4 leading-6 md:mb-8\">Vous connaissez probablement la dyslexie, mais il existe d&rsquo;autres troubles de la lecture qui font l&rsquo;objet de recherches et sont diagnostiqu\u00e9s plus souvent chez les enfants.<\/div>\n<p><\/p>\n<p>Surtout depuis quelques ann\u00e9es, les niveaux de comp\u00e9tences acad\u00e9miques des enfants sont omnipr\u00e9sents. En fonction de la r\u00e9ussite de votre enfant dans l&rsquo;apprentissage en ligne (ou de tout ce qui se passe dans sa vie), son niveau de lecture peut ne pas correspondre au niveau scolaire. Vous vous demandez peut-\u00eatre si c\u2019est \u00ab normal \u00bb ou s\u2019il se passe autre chose. Quand quelqu&rsquo;un a du mal \u00e0 lire \u00e7a <em>ne peut pas<\/em> \u00eatre attribu\u00e9 \u00e0 un manque de comp\u00e9tences ou au temps pass\u00e9 \u00e0 pratiquer, ils peuvent avoir un trouble du traitement de la lecture. Voici les signes et les types de troubles de la lecture et comment vous pouvez aider votre enfant s&rsquo;il en souffre. <\/p>\n<h2 id=\"what-are-reading-disorders\">Que sont les troubles de la lecture ?<\/h2>\n<p>La dyslexie est le trouble de la lecture dont on entend le plus souvent parler et qui est le plus souvent diagnostiqu\u00e9e chez les enfants qui ont des difficult\u00e9s \u00e0 lire. Il se caract\u00e9rise par une mauvaise orthographe et une lecture impr\u00e9cise. Cependant, il existe d\u2019autres troubles d\u2019apprentissage associ\u00e9s \u00e0 la lecture qui font l\u2019objet de recherches et sont diagnostiqu\u00e9s plus souvent. Ceux-ci incluent\u00a0:<\/p>\n<ul>\n<li>\n<p>L&rsquo;hyperlexie, un trouble de la compr\u00e9hension en lecture. Les personnes atteintes de ce trouble ont du mal \u00e0 comprendre ce qu\u2019elles lisent m\u00eame si elles peuvent d\u00e9coder les lettres et les sons. <\/p>\n<\/li>\n<li>\n<p>Dysgraphie, qui concerne l&rsquo;\u00e9criture. Les personnes atteintes de dysgraphie peuvent avoir des difficult\u00e9s \u00e0 \u00e9crire, \u00e0 orthographier ou \u00e0 organiser leur \u00e9criture. <\/p>\n<\/li>\n<li>\n<p>Dysorthographie, un trouble de l&rsquo;orthographe dans lequel une personne ne peut pas assembler les sons et leurs mod\u00e8les correspondants malgr\u00e9 les instructions.<\/p>\n<\/li>\n<li>\n<p>Trouble du langage oral, o\u00f9 une personne a du mal \u00e0 prononcer des mots ou \u00e0 lire \u00e0 haute voix m\u00eame si elle est capable de lire sans parler.<\/p>\n<\/li>\n<\/ul>\n<p>Parfois, un enfant aura plus d\u2019un trouble ou aura un trouble de la lecture ainsi qu\u2019un TDAH ou un autre diagnostic. <\/p>\n<h2 id=\"signs-of-a-reading-processing-disorder\">Signes d&rsquo;un trouble du traitement de la lecture<\/h2>\n<p>Il est important de noter que les enfants n\u2019apprennent pas tous de la m\u00eame mani\u00e8re au m\u00eame moment. Si votre enfant a du mal \u00e0 lire, ne pr\u00e9sumez pas imm\u00e9diatement qu\u2019il souffre d\u2019un trouble. Ils peuvent avoir besoin d\u2019une approche diff\u00e9rente ou de plus de temps. Cependant, certains signes indiquant que votre enfant souffre d&rsquo;un trouble du traitement de la lecture comprennent\u00a0:<\/p>\n<ul>\n<li>\n<p>\u00c9criture manuscrite d\u00e9sordonn\u00e9e<\/p>\n<\/li>\n<li>\n<p>Mauvaise orthographe<\/p>\n<\/li>\n<li>\n<p>Inverser les lettres<\/p>\n<\/li>\n<li>\n<p>Difficult\u00e9 \u00e0 apprendre \u00e0 lire ou \u00e0 comprendre une langue par rapport \u00e0 des pairs du m\u00eame \u00e2ge et des m\u00eames capacit\u00e9s <\/p>\n<\/li>\n<li>\n<p>Difficult\u00e9 \u00e0 organiser ou \u00e0 trouver quelque chose \u00e0 \u00e9crire<\/p>\n<\/li>\n<li>\n<p>Prendre du retard par rapport \u00e0 ses pairs d\u2019une ann\u00e9e sur l\u2019autre en lecture ou en \u00e9criture<\/p>\n<\/li>\n<li>\n<p>\u00catre capable de lire les mots mais de ne pas comprendre ni expliquer leur sens <\/p>\n<\/li>\n<li>\n<p>Difficult\u00e9 \u00e0 prononcer les mots <\/p>\n<\/li>\n<\/ul>\n<p>Bien que l&rsquo;inversion des lettres soit une \u00e9tape normale du d\u00e9veloppement de l&rsquo;apprentissage de l&rsquo;\u00e9criture et qu&rsquo;une \u00e9criture manuscrite d\u00e9sordonn\u00e9e puisse souvent \u00eatre apprise chez un enfant, si vous remarquez que ces types de signes ne s&rsquo;am\u00e9liorent pas avec le temps et l&rsquo;aide des enseignants, il est peut-\u00eatre temps de demander de l&rsquo;aide. \u00e9valuer s\u2019il s\u2019agit d\u2019un trouble de traitement. <\/p>\n<h2 id=\"how-do-you-find-out-if-your-child-has-a-reading-processing-disorder\">Comment savoir si votre enfant souffre d\u2019un trouble du traitement de la lecture ?<\/h2>\n<p>L&rsquo;enseignant de votre enfant peut \u00eatre celui qui soul\u00e8ve une pr\u00e9occupation, ou vous pouvez lui faire part de vos pr\u00e9occupations. Quoi qu&rsquo;il en soit, il est pr\u00e9f\u00e9rable de comparer vos notes avec celles de votre \u00e9cole. Paulette Selman, une psychologue scolaire qui teste fr\u00e9quemment les \u00e9l\u00e8ves pour d\u00e9tecter des troubles de traitement et qui travaille \u00e9galement en tant que d\u00e9fenseure de l&rsquo;\u00e9ducation sp\u00e9cialis\u00e9e dans l&rsquo;Oregon et \u00e0 Washington, affirme que les donn\u00e9es que vous souhaitez comparer incluent \u00e9galement les commentaires des enseignants, les notes, les r\u00e9sultats des tests et le d\u00e9roulement des devoirs. comme si votre enseignant remarquait une tendance \u00e0 la baisse dans les niveaux de comp\u00e9tence de votre enfant. \u00ab\u00a0S\u2019ils se situent dans les 20\u00a0% inf\u00e9rieurs du niveau scolaire, vous pouvez commencer \u00e0 d\u00e9clencher un signal d\u2019alarme\u00a0\u00bb, dit-elle. Cependant, vous n\u2019avez pas besoin de paniquer\u00a0; Au lieu de cela, \u00ab\u00a0assurez-vous de faire un suivi aupr\u00e8s de l&rsquo;enseignant dans quelques mois pour voir si votre enfant a fait des progr\u00e8s par rapport au reste des enfants, ou s&rsquo;il continue \u00e0 rester en dessous de la moyenne.\u00a0\u00bb <\/p>\n<p>S&rsquo;ils ont encore des difficult\u00e9s, la prochaine \u00e9tape serait une \u00e9valuation de l&rsquo;\u00e9cole, qui recherchera des troubles du traitement de la lecture, mais exclura \u00e9galement les probl\u00e8mes de m\u00e9moire de travail, un probl\u00e8me de compr\u00e9hension du langage ou d&rsquo;autres causes de probl\u00e8mes de langage.<\/p>\n<p>Si vous remarquez des probl\u00e8mes et que l&rsquo;\u00e9cole n&rsquo;est pas d&rsquo;accord sur l&rsquo;existence d&rsquo;un probl\u00e8me ou si vous d\u00e9cidez de vous faire tester vous-m\u00eame, vous pouvez faire tester votre enfant par un psychologue en priv\u00e9. S&rsquo;ils diagnostiquent quelque chose, vous pouvez apporter cette information \u00e0 l&rsquo;\u00e9cole et \u00e9laborer un plan \u00e0 partir de l\u00e0. <\/p>\n<h2 id=\"what-will-the-school-do-to-help-your-child\">Que fera l\u2019\u00e9cole pour aider votre enfant ?<\/h2>\n<p>\u00ab\u00a0De nos jours, les \u00e9coles proposent des interventions en lecture aux enfants de l&rsquo;enseignement g\u00e9n\u00e9ral (aucun PEI requis) qui se situent en bas de la classe\u00a0\u00bb, explique Selman. Mais \u00ab vous devrez \u00eatre proactif dans le suivi de leurs progr\u00e8s, afin de savoir si des services suppl\u00e9mentaires ou un tutorat sont n\u00e9cessaires pour les aider \u00e0 rattraper leur retard \u00bb.<\/p>\n<p>Votre enfant peut \u00e9galement \u00eatre admissible \u00e0 des services d&rsquo;\u00e9ducation sp\u00e9cialis\u00e9e. \u00ab Autrefois, il fallait un trouble de traitement quelconque pour pouvoir b\u00e9n\u00e9ficier d&rsquo;un enseignement sp\u00e9cialis\u00e9 avec un trouble d&rsquo;apprentissage sp\u00e9cifique. Ce n&rsquo;est plus le cas dans la plupart des \u00c9tats \u00bb, d\u00e9clare Selman. <\/p>\n<h2 id=\"how-else-can-you-support-your-child\">Sinon, comment pouvez-vous soutenir votre enfant\u00a0?<\/h2>\n<p>Si vous le pouvez, embaucher un tuteur priv\u00e9 qui a de l&rsquo;exp\u00e9rience et une formation pour travailler avec le trouble et l&rsquo;\u00e2ge de votre enfant est une excellente id\u00e9e. Ils peuvent nouer une relation individuelle avec votre enfant pour l\u2019aider \u00e0 r\u00e9pondre \u00e0 ses besoins individuels. <\/p>\n<p>\u00ab Pour les troubles du traitement du langage, consulter un orthophoniste en dehors de l\u2019\u00e9cole peut \u00eatre appropri\u00e9. Certains orthophonistes ont une formation ou une exp\u00e9rience suppl\u00e9mentaire dans l&rsquo;\u00e9valuation et le traitement des probl\u00e8mes de lecture. Renseignez-vous dans votre communaut\u00e9 \u00bb, explique Selman. <\/p>\n<p>Pour la dysgraphie, le trouble bas\u00e9 sur l&rsquo;\u00e9criture, un ergoth\u00e9rapeute peut \u00eatre en mesure d&rsquo;aider. \u00abPour la m\u00e9moire visuelle ou l&rsquo;orthographe, les ergoth\u00e9rapeutes peuvent apprendre aux \u00e9tudiants \u00e0 relier mentalement les mouvements moteurs bruts aux lettres\u00bb, explique Caitlin Sanschagrin, ergoth\u00e9rapeute et propri\u00e9taire de Bright SpOT Pediatric Therapy. Elle dit qu\u2019un ergoth\u00e9rapeute peut \u00e9galement vous aider \u00e0 d\u00e9terminer les am\u00e9nagements qui conviendraient le mieux \u00e0 votre enfant, car \u00ab l\u2019\u00e9criture demande \u00e9norm\u00e9ment plus d\u2019efforts \u00e0 ces personnes, car leur concentration et leur attention sont davantage plac\u00e9es sur l\u2019\u00e9criture plut\u00f4t que sur les autres t\u00e2ches d\u2019apprentissage \u00bb. \u00c9tant donn\u00e9 que \u00ab la dysgraphie se pr\u00e9sente \u00e9galement diff\u00e9remment d&rsquo;une personne \u00e0 l&rsquo;autre \u00bb et que \u00ab les traitements sont aussi variables que les individus et leur \u00e2ge \u00bb, ils auront besoin d&rsquo;am\u00e9nagements d&rsquo;apprentissage.<\/p>\n<p>Un avertissement de Selman lorsque vous cherchez de l&rsquo;aide en dehors du syst\u00e8me scolaire public : \u00ab M\u00e9fiez-vous du charlatanisme.<strong> <\/strong>Il existe un certain nombre d\u2019entreprises et de cliniques qui proposent des traitements et des rem\u00e8des pour diff\u00e9rents troubles du traitement. Elle sugg\u00e8re aux parents \u00ab de s\u2019assurer de rechercher des recherches ind\u00e9pendantes qui v\u00e9rifient les affirmations de l\u2019entreprise. S&rsquo;il est difficile \u00e0 comprendre (et les sites Web des entreprises peuvent certainement donner l&rsquo;impression que leurs programmes sont bouleversants), demandez leur avis \u00e0 votre psychologue scolaire local ou \u00e0 votre professeur d&rsquo;\u00e9ducation sp\u00e9cialis\u00e9e et tenez-en compte avant de faire un investissement mon\u00e9taire important.<\/p>\n<p>Aider d\u00e8s maintenant \u00e0 identifier et \u00e0 traiter le trouble de traitement de votre enfant att\u00e9nuera les probl\u00e8mes de stress et d&rsquo;estime de soi au cours de ses ann\u00e9es d&rsquo;\u00e9cole. De nombreux \u00e9l\u00e8ves souffrant de troubles du traitement de la lecture re\u00e7oivent du soutien et apprennent \u00e0 s&rsquo;adapter \u00e0 leur handicap afin de devenir d&rsquo;excellents lecteurs et apprenants \u00e0 mesure qu&rsquo;ils grandissent. <\/p>\n","protected":false},"excerpt":{"rendered":"<p>Vous connaissez probablement la dyslexie, mais il existe d&rsquo;autres troubles de la lecture qui font l&rsquo;objet de recherches et sont diagnostiqu\u00e9s plus souvent chez les<\/p>\n","protected":false},"author":1,"featured_media":2436,"comment_status":"","ping_status":"","sticky":false,"template":"","format":"standard","meta":{"footnotes":""},"categories":[37],"tags":[248,44,295,844,247,183,2103,3190,8],"class_list":["post-2435","post","type-post","status-publish","format-standard","has-post-thumbnail","hentry","category-famille","tag-ces","tag-comment","tag-enfant","tag-lecture","tag-lun","tag-savoir","tag-souffre","tag-troubles","tag-votre","generate-columns","tablet-grid-50","mobile-grid-100","grid-parent","grid-33"],"yoast_head":"<!-- This site is optimized with the Yoast SEO plugin v24.0 - https:\/\/yoast.com\/wordpress\/plugins\/seo\/ -->\n<title>Comment savoir si votre enfant souffre de l&#039;un de ces troubles de la lecture | Vie Associative<\/title>\n<meta name=\"robots\" content=\"index, follow, max-snippet:-1, max-image-preview:large, max-video-preview:-1\" \/>\n<link rel=\"canonical\" href=\"https:\/\/vieassociative.be\/actualites\/comment-savoir-si-votre-enfant-souffre-de-lun-de-ces-troubles-de-la-lecture\/\" \/>\n<meta property=\"og:locale\" content=\"fr_FR\" \/>\n<meta property=\"og:type\" content=\"article\" \/>\n<meta property=\"og:title\" content=\"Comment savoir si votre enfant souffre de l&#039;un de ces troubles de la lecture | Vie Associative\" \/>\n<meta property=\"og:description\" content=\"Vous connaissez probablement la dyslexie, mais il existe d&rsquo;autres troubles de la lecture qui font l&rsquo;objet de recherches et sont diagnostiqu\u00e9s plus souvent chez les\" \/>\n<meta property=\"og:url\" content=\"https:\/\/vieassociative.be\/actualites\/comment-savoir-si-votre-enfant-souffre-de-lun-de-ces-troubles-de-la-lecture\/\" \/>\n<meta property=\"og:site_name\" content=\"Vie Associative\" \/>\n<meta property=\"article:published_time\" content=\"2024-11-15T05:17:28+00:00\" \/>\n<meta property=\"og:image\" content=\"https:\/\/vieassociative.be\/actualites\/wp-content\/uploads\/2024\/09\/header_backgroundk-01-e1726694325946.png\" \/>\n\t<meta property=\"og:image:width\" content=\"279\" \/>\n\t<meta property=\"og:image:height\" content=\"92\" \/>\n\t<meta property=\"og:image:type\" content=\"image\/png\" \/>\n<meta name=\"author\" content=\"Julien\" \/>\n<meta name=\"twitter:card\" content=\"summary_large_image\" \/>\n<meta name=\"twitter:label1\" content=\"\u00c9crit par\" \/>\n\t<meta name=\"twitter:data1\" content=\"Julien\" \/>\n\t<meta name=\"twitter:label2\" content=\"Dur\u00e9e de lecture est.\" \/>\n\t<meta name=\"twitter:data2\" content=\"7 minutes\" \/>\n<script type=\"application\/ld+json\" class=\"yoast-schema-graph\">{\"@context\":\"https:\/\/schema.org\",\"@graph\":[{\"@type\":\"Article\",\"@id\":\"https:\/\/vieassociative.be\/actualites\/comment-savoir-si-votre-enfant-souffre-de-lun-de-ces-troubles-de-la-lecture\/#article\",\"isPartOf\":{\"@id\":\"https:\/\/vieassociative.be\/actualites\/comment-savoir-si-votre-enfant-souffre-de-lun-de-ces-troubles-de-la-lecture\/\"},\"author\":{\"name\":\"Julien\",\"@id\":\"https:\/\/vieassociative.be\/actualites\/#\/schema\/person\/b87ac4f82f9d4e7b7cec7395b679edc4\"},\"headline\":\"Comment savoir si votre enfant souffre de l&rsquo;un de ces troubles de la lecture\",\"datePublished\":\"2024-11-15T05:17:28+00:00\",\"dateModified\":\"2024-11-15T05:17:28+00:00\",\"mainEntityOfPage\":{\"@id\":\"https:\/\/vieassociative.be\/actualites\/comment-savoir-si-votre-enfant-souffre-de-lun-de-ces-troubles-de-la-lecture\/\"},\"wordCount\":1491,\"publisher\":{\"@id\":\"https:\/\/vieassociative.be\/actualites\/#organization\"},\"image\":{\"@id\":\"https:\/\/vieassociative.be\/actualites\/comment-savoir-si-votre-enfant-souffre-de-lun-de-ces-troubles-de-la-lecture\/#primaryimage\"},\"thumbnailUrl\":\"https:\/\/vieassociative.be\/actualites\/wp-content\/uploads\/2024\/11\/Comment-savoir-si-votre-enfant-souffre-de-lun-de-ces.jpg\",\"keywords\":[\"ces\",\"Comment\",\"enfant\",\"lecture\",\"lun\",\"savoir\",\"souffre\",\"troubles\",\"votre\"],\"articleSection\":[\"Famille\"],\"inLanguage\":\"fr-BE\"},{\"@type\":\"WebPage\",\"@id\":\"https:\/\/vieassociative.be\/actualites\/comment-savoir-si-votre-enfant-souffre-de-lun-de-ces-troubles-de-la-lecture\/\",\"url\":\"https:\/\/vieassociative.be\/actualites\/comment-savoir-si-votre-enfant-souffre-de-lun-de-ces-troubles-de-la-lecture\/\",\"name\":\"Comment savoir si votre enfant souffre de l'un de ces troubles de la lecture | Vie Associative\",\"isPartOf\":{\"@id\":\"https:\/\/vieassociative.be\/actualites\/#website\"},\"primaryImageOfPage\":{\"@id\":\"https:\/\/vieassociative.be\/actualites\/comment-savoir-si-votre-enfant-souffre-de-lun-de-ces-troubles-de-la-lecture\/#primaryimage\"},\"image\":{\"@id\":\"https:\/\/vieassociative.be\/actualites\/comment-savoir-si-votre-enfant-souffre-de-lun-de-ces-troubles-de-la-lecture\/#primaryimage\"},\"thumbnailUrl\":\"https:\/\/vieassociative.be\/actualites\/wp-content\/uploads\/2024\/11\/Comment-savoir-si-votre-enfant-souffre-de-lun-de-ces.jpg\",\"datePublished\":\"2024-11-15T05:17:28+00:00\",\"dateModified\":\"2024-11-15T05:17:28+00:00\",\"breadcrumb\":{\"@id\":\"https:\/\/vieassociative.be\/actualites\/comment-savoir-si-votre-enfant-souffre-de-lun-de-ces-troubles-de-la-lecture\/#breadcrumb\"},\"inLanguage\":\"fr-BE\",\"potentialAction\":[{\"@type\":\"ReadAction\",\"target\":[\"https:\/\/vieassociative.be\/actualites\/comment-savoir-si-votre-enfant-souffre-de-lun-de-ces-troubles-de-la-lecture\/\"]}]},{\"@type\":\"ImageObject\",\"inLanguage\":\"fr-BE\",\"@id\":\"https:\/\/vieassociative.be\/actualites\/comment-savoir-si-votre-enfant-souffre-de-lun-de-ces-troubles-de-la-lecture\/#primaryimage\",\"url\":\"https:\/\/vieassociative.be\/actualites\/wp-content\/uploads\/2024\/11\/Comment-savoir-si-votre-enfant-souffre-de-lun-de-ces.jpg\",\"contentUrl\":\"https:\/\/vieassociative.be\/actualites\/wp-content\/uploads\/2024\/11\/Comment-savoir-si-votre-enfant-souffre-de-lun-de-ces.jpg\",\"width\":1200,\"height\":675,\"caption\":\"Comment savoir si votre enfant souffre de l'un de ces troubles de la lecture\"},{\"@type\":\"BreadcrumbList\",\"@id\":\"https:\/\/vieassociative.be\/actualites\/comment-savoir-si-votre-enfant-souffre-de-lun-de-ces-troubles-de-la-lecture\/#breadcrumb\",\"itemListElement\":[{\"@type\":\"ListItem\",\"position\":1,\"name\":\"Accueil\",\"item\":\"https:\/\/vieassociative.be\/actualites\/\"},{\"@type\":\"ListItem\",\"position\":2,\"name\":\"Comment savoir si votre enfant souffre de l&rsquo;un de ces troubles de la lecture\"}]},{\"@type\":\"WebSite\",\"@id\":\"https:\/\/vieassociative.be\/actualites\/#website\",\"url\":\"https:\/\/vieassociative.be\/actualites\/\",\"name\":\"Vie Associative\",\"description\":\"\",\"publisher\":{\"@id\":\"https:\/\/vieassociative.be\/actualites\/#organization\"},\"potentialAction\":[{\"@type\":\"SearchAction\",\"target\":{\"@type\":\"EntryPoint\",\"urlTemplate\":\"https:\/\/vieassociative.be\/actualites\/?s={search_term_string}\"},\"query-input\":{\"@type\":\"PropertyValueSpecification\",\"valueRequired\":true,\"valueName\":\"search_term_string\"}}],\"inLanguage\":\"fr-BE\"},{\"@type\":\"Organization\",\"@id\":\"https:\/\/vieassociative.be\/actualites\/#organization\",\"name\":\"Vie Associative\",\"url\":\"https:\/\/vieassociative.be\/actualites\/\",\"logo\":{\"@type\":\"ImageObject\",\"inLanguage\":\"fr-BE\",\"@id\":\"https:\/\/vieassociative.be\/actualites\/#\/schema\/logo\/image\/\",\"url\":\"https:\/\/vieassociative.be\/actualites\/wp-content\/uploads\/2024\/09\/cropped-vieassociative_favicon.ico.png\",\"contentUrl\":\"https:\/\/vieassociative.be\/actualites\/wp-content\/uploads\/2024\/09\/cropped-vieassociative_favicon.ico.png\",\"width\":512,\"height\":512,\"caption\":\"Vie Associative\"},\"image\":{\"@id\":\"https:\/\/vieassociative.be\/actualites\/#\/schema\/logo\/image\/\"}},{\"@type\":\"Person\",\"@id\":\"https:\/\/vieassociative.be\/actualites\/#\/schema\/person\/b87ac4f82f9d4e7b7cec7395b679edc4\",\"name\":\"Julien\",\"image\":{\"@type\":\"ImageObject\",\"inLanguage\":\"fr-BE\",\"@id\":\"https:\/\/vieassociative.be\/actualites\/#\/schema\/person\/image\/\",\"url\":\"https:\/\/vieassociative.be\/actualites\/wp-content\/uploads\/2024\/09\/vie-associative-1-150x150.jpg\",\"contentUrl\":\"https:\/\/vieassociative.be\/actualites\/wp-content\/uploads\/2024\/09\/vie-associative-1-150x150.jpg\",\"caption\":\"Julien\"},\"description\":\"Je suis Julien, r\u00e9dacteur pour Vie Associative. Passionn\u00e9 par le monde associatif depuis plus de 10 ans, j'ai \u00e0 c\u0153ur de partager des histoires inspirantes et de mettre en lumi\u00e8re les initiatives locales. Mon objectif est de sensibiliser et d'encourager l'engagement communautaire \u00e0 travers mes articles.\",\"sameAs\":[\"https:\/\/vieassociative.be\/\"]}]}<\/script>\n<!-- \/ Yoast SEO plugin. -->","yoast_head_json":{"title":"Comment savoir si votre enfant souffre de l'un de ces troubles de la lecture | Vie Associative","robots":{"index":"index","follow":"follow","max-snippet":"max-snippet:-1","max-image-preview":"max-image-preview:large","max-video-preview":"max-video-preview:-1"},"canonical":"https:\/\/vieassociative.be\/actualites\/comment-savoir-si-votre-enfant-souffre-de-lun-de-ces-troubles-de-la-lecture\/","og_locale":"fr_FR","og_type":"article","og_title":"Comment savoir si votre enfant souffre de l'un de ces troubles de la lecture | Vie Associative","og_description":"Vous connaissez probablement la dyslexie, mais il existe d&rsquo;autres troubles de la lecture qui font l&rsquo;objet de recherches et sont diagnostiqu\u00e9s plus souvent chez les","og_url":"https:\/\/vieassociative.be\/actualites\/comment-savoir-si-votre-enfant-souffre-de-lun-de-ces-troubles-de-la-lecture\/","og_site_name":"Vie Associative","article_published_time":"2024-11-15T05:17:28+00:00","og_image":[{"width":279,"height":92,"url":"https:\/\/vieassociative.be\/actualites\/wp-content\/uploads\/2024\/09\/header_backgroundk-01-e1726694325946.png","type":"image\/png"}],"author":"Julien","twitter_card":"summary_large_image","twitter_misc":{"\u00c9crit par":"Julien","Dur\u00e9e de lecture est.":"7 minutes"},"schema":{"@context":"https:\/\/schema.org","@graph":[{"@type":"Article","@id":"https:\/\/vieassociative.be\/actualites\/comment-savoir-si-votre-enfant-souffre-de-lun-de-ces-troubles-de-la-lecture\/#article","isPartOf":{"@id":"https:\/\/vieassociative.be\/actualites\/comment-savoir-si-votre-enfant-souffre-de-lun-de-ces-troubles-de-la-lecture\/"},"author":{"name":"Julien","@id":"https:\/\/vieassociative.be\/actualites\/#\/schema\/person\/b87ac4f82f9d4e7b7cec7395b679edc4"},"headline":"Comment savoir si votre enfant souffre de l&rsquo;un de ces troubles de la lecture","datePublished":"2024-11-15T05:17:28+00:00","dateModified":"2024-11-15T05:17:28+00:00","mainEntityOfPage":{"@id":"https:\/\/vieassociative.be\/actualites\/comment-savoir-si-votre-enfant-souffre-de-lun-de-ces-troubles-de-la-lecture\/"},"wordCount":1491,"publisher":{"@id":"https:\/\/vieassociative.be\/actualites\/#organization"},"image":{"@id":"https:\/\/vieassociative.be\/actualites\/comment-savoir-si-votre-enfant-souffre-de-lun-de-ces-troubles-de-la-lecture\/#primaryimage"},"thumbnailUrl":"https:\/\/vieassociative.be\/actualites\/wp-content\/uploads\/2024\/11\/Comment-savoir-si-votre-enfant-souffre-de-lun-de-ces.jpg","keywords":["ces","Comment","enfant","lecture","lun","savoir","souffre","troubles","votre"],"articleSection":["Famille"],"inLanguage":"fr-BE"},{"@type":"WebPage","@id":"https:\/\/vieassociative.be\/actualites\/comment-savoir-si-votre-enfant-souffre-de-lun-de-ces-troubles-de-la-lecture\/","url":"https:\/\/vieassociative.be\/actualites\/comment-savoir-si-votre-enfant-souffre-de-lun-de-ces-troubles-de-la-lecture\/","name":"Comment savoir si votre enfant souffre de l'un de ces troubles de la lecture | Vie Associative","isPartOf":{"@id":"https:\/\/vieassociative.be\/actualites\/#website"},"primaryImageOfPage":{"@id":"https:\/\/vieassociative.be\/actualites\/comment-savoir-si-votre-enfant-souffre-de-lun-de-ces-troubles-de-la-lecture\/#primaryimage"},"image":{"@id":"https:\/\/vieassociative.be\/actualites\/comment-savoir-si-votre-enfant-souffre-de-lun-de-ces-troubles-de-la-lecture\/#primaryimage"},"thumbnailUrl":"https:\/\/vieassociative.be\/actualites\/wp-content\/uploads\/2024\/11\/Comment-savoir-si-votre-enfant-souffre-de-lun-de-ces.jpg","datePublished":"2024-11-15T05:17:28+00:00","dateModified":"2024-11-15T05:17:28+00:00","breadcrumb":{"@id":"https:\/\/vieassociative.be\/actualites\/comment-savoir-si-votre-enfant-souffre-de-lun-de-ces-troubles-de-la-lecture\/#breadcrumb"},"inLanguage":"fr-BE","potentialAction":[{"@type":"ReadAction","target":["https:\/\/vieassociative.be\/actualites\/comment-savoir-si-votre-enfant-souffre-de-lun-de-ces-troubles-de-la-lecture\/"]}]},{"@type":"ImageObject","inLanguage":"fr-BE","@id":"https:\/\/vieassociative.be\/actualites\/comment-savoir-si-votre-enfant-souffre-de-lun-de-ces-troubles-de-la-lecture\/#primaryimage","url":"https:\/\/vieassociative.be\/actualites\/wp-content\/uploads\/2024\/11\/Comment-savoir-si-votre-enfant-souffre-de-lun-de-ces.jpg","contentUrl":"https:\/\/vieassociative.be\/actualites\/wp-content\/uploads\/2024\/11\/Comment-savoir-si-votre-enfant-souffre-de-lun-de-ces.jpg","width":1200,"height":675,"caption":"Comment savoir si votre enfant souffre de l'un de ces troubles de la lecture"},{"@type":"BreadcrumbList","@id":"https:\/\/vieassociative.be\/actualites\/comment-savoir-si-votre-enfant-souffre-de-lun-de-ces-troubles-de-la-lecture\/#breadcrumb","itemListElement":[{"@type":"ListItem","position":1,"name":"Accueil","item":"https:\/\/vieassociative.be\/actualites\/"},{"@type":"ListItem","position":2,"name":"Comment savoir si votre enfant souffre de l&rsquo;un de ces troubles de la lecture"}]},{"@type":"WebSite","@id":"https:\/\/vieassociative.be\/actualites\/#website","url":"https:\/\/vieassociative.be\/actualites\/","name":"Vie Associative","description":"","publisher":{"@id":"https:\/\/vieassociative.be\/actualites\/#organization"},"potentialAction":[{"@type":"SearchAction","target":{"@type":"EntryPoint","urlTemplate":"https:\/\/vieassociative.be\/actualites\/?s={search_term_string}"},"query-input":{"@type":"PropertyValueSpecification","valueRequired":true,"valueName":"search_term_string"}}],"inLanguage":"fr-BE"},{"@type":"Organization","@id":"https:\/\/vieassociative.be\/actualites\/#organization","name":"Vie Associative","url":"https:\/\/vieassociative.be\/actualites\/","logo":{"@type":"ImageObject","inLanguage":"fr-BE","@id":"https:\/\/vieassociative.be\/actualites\/#\/schema\/logo\/image\/","url":"https:\/\/vieassociative.be\/actualites\/wp-content\/uploads\/2024\/09\/cropped-vieassociative_favicon.ico.png","contentUrl":"https:\/\/vieassociative.be\/actualites\/wp-content\/uploads\/2024\/09\/cropped-vieassociative_favicon.ico.png","width":512,"height":512,"caption":"Vie Associative"},"image":{"@id":"https:\/\/vieassociative.be\/actualites\/#\/schema\/logo\/image\/"}},{"@type":"Person","@id":"https:\/\/vieassociative.be\/actualites\/#\/schema\/person\/b87ac4f82f9d4e7b7cec7395b679edc4","name":"Julien","image":{"@type":"ImageObject","inLanguage":"fr-BE","@id":"https:\/\/vieassociative.be\/actualites\/#\/schema\/person\/image\/","url":"https:\/\/vieassociative.be\/actualites\/wp-content\/uploads\/2024\/09\/vie-associative-1-150x150.jpg","contentUrl":"https:\/\/vieassociative.be\/actualites\/wp-content\/uploads\/2024\/09\/vie-associative-1-150x150.jpg","caption":"Julien"},"description":"Je suis Julien, r\u00e9dacteur pour Vie Associative. Passionn\u00e9 par le monde associatif depuis plus de 10 ans, j'ai \u00e0 c\u0153ur de partager des histoires inspirantes et de mettre en lumi\u00e8re les initiatives locales. Mon objectif est de sensibiliser et d'encourager l'engagement communautaire \u00e0 travers mes articles.","sameAs":["https:\/\/vieassociative.be\/"]}]}},"_links":{"self":[{"href":"https:\/\/vieassociative.be\/actualites\/wp-json\/wp\/v2\/posts\/2435"}],"collection":[{"href":"https:\/\/vieassociative.be\/actualites\/wp-json\/wp\/v2\/posts"}],"about":[{"href":"https:\/\/vieassociative.be\/actualites\/wp-json\/wp\/v2\/types\/post"}],"author":[{"embeddable":true,"href":"https:\/\/vieassociative.be\/actualites\/wp-json\/wp\/v2\/users\/1"}],"replies":[{"embeddable":true,"href":"https:\/\/vieassociative.be\/actualites\/wp-json\/wp\/v2\/comments?post=2435"}],"version-history":[{"count":0,"href":"https:\/\/vieassociative.be\/actualites\/wp-json\/wp\/v2\/posts\/2435\/revisions"}],"wp:featuredmedia":[{"embeddable":true,"href":"https:\/\/vieassociative.be\/actualites\/wp-json\/wp\/v2\/media\/2436"}],"wp:attachment":[{"href":"https:\/\/vieassociative.be\/actualites\/wp-json\/wp\/v2\/media?parent=2435"}],"wp:term":[{"taxonomy":"category","embeddable":true,"href":"https:\/\/vieassociative.be\/actualites\/wp-json\/wp\/v2\/categories?post=2435"},{"taxonomy":"post_tag","embeddable":true,"href":"https:\/\/vieassociative.be\/actualites\/wp-json\/wp\/v2\/tags?post=2435"}],"curies":[{"name":"wp","href":"https:\/\/api.w.org\/{rel}","templated":true}]}}