{"id":2431,"date":"2024-11-15T03:18:14","date_gmt":"2024-11-15T02:18:14","guid":{"rendered":"https:\/\/vieassociative.be\/actualites\/ligue-des-nations-la-belgique-sincline-0-1-contre-litalie\/"},"modified":"2024-11-15T03:18:14","modified_gmt":"2024-11-15T02:18:14","slug":"ligue-des-nations-la-belgique-sincline-0-1-contre-litalie","status":"publish","type":"post","link":"https:\/\/vieassociative.be\/actualites\/ligue-des-nations-la-belgique-sincline-0-1-contre-litalie\/","title":{"rendered":"Ligue des Nations : la Belgique s&rsquo;incline 0-1 contre l&rsquo;Italie"},"content":{"rendered":"<p><strong>L&rsquo;\u00e9quipe nationale belge de football n&rsquo;a pas non plus r\u00e9ussi \u00e0 convaincre lors du dernier match de groupe de la Ligue des Nations, m\u00eame si des progr\u00e8s ont \u00e9t\u00e9 \u00e9vidents en seconde p\u00e9riode. Les Diables Rouges ont perdu 1-0 contre l&rsquo;Italie \u00e0 Bruxelles jeudi.<\/strong><\/p>\n<p><span id=\"more-401793\"><\/span>Le Stade Roi Baudouin affichait complet pour ce dernier match \u00e0 domicile de la phase de poules de la Ligue des Nations. Le onze de d\u00e9part des Diables Rouges pr\u00e9sentait deux particularit\u00e9s : d&rsquo;une part, Arne Engels \u00e9tait sur le terrain d\u00e8s le d\u00e9but, et d&rsquo;autre part, Romelu Lukaku et Lois Openda se sont affront\u00e9s c\u00f4te \u00e0 c\u00f4te.<\/p>\n<p>Le onze de d\u00e9part belge : Casteels \u2013 Castagne, Debast, Faes, Theate, De Cuyper \u2013 Mangala, Onana, Engels \u2013 Openda, Lukaku.<\/p>\n<div id=\"attachment_401808\" class=\"wp-caption alignleft\" style=\"max-width: 300px\"><img fetchpriority=\"high\" decoding=\"async\" class=\"wp-image-401808 size-medium\" src=\"https:\/\/vieassociative.be\/actualites\/wp-content\/uploads\/2024\/11\/Ligue-des-Nations-la-Belgique-sincline-0-1-contre-lItalie.jpg\" alt=\"\" width=\"300\" height=\"214\"><\/p>\n<p class=\"wp-caption-text\">14 novembre 2024, Belgique, Bruxelles : lois Openda (l) de Belgique et Alessandro Bastoni d&rsquo;Italie se battent pour le ballon photo : Bruno Fahy\/Belga\/dpa.<\/p>\n<\/div>\n<p>Les Diables Rouges ont commenc\u00e9 tr\u00e8s prudemment, voulant probablement \u00e9viter un d\u00e9but d\u00e9sastreux comme celui de Rome o\u00f9 ils \u00e9taient men\u00e9s 2-0 apr\u00e8s seulement 24 minutes.<\/p>\n<p>Ils n&rsquo;y sont pas vraiment parvenus puisqu&rsquo;apr\u00e8s seulement 11 minutes, la Belgique a encaiss\u00e9 un but de Tonali. De Cuyper en particulier n&rsquo;avait pas l&rsquo;air bien dans cette phase, mais la d\u00e9fense belge a rendu la t\u00e2che tr\u00e8s facile aux Italiens. Ce que le s\u00e9lectionneur belge Domenico Tedesco voulait d\u00e9sesp\u00e9r\u00e9ment \u00e9viter s&rsquo;\u00e9tait d\u00e9j\u00e0 produit.<\/p>\n<p>\u00c0 l&rsquo;exception du but de Donali qui porte le score \u00e0 0-1, il ne s&rsquo;est presque rien pass\u00e9 dans la premi\u00e8re demi-heure. Ensuite, il y a eu une courte p\u00e9riode de pression de la part des Diables Rouges, mais sans aucune occasion de marquer. Les invit\u00e9s en ont eu un \u00e0 la 43e minute.<\/p>\n<p>Frattesi s&rsquo;ouvrait bien sur la droite et centrait \u00e0 l&rsquo;int\u00e9rieur, o\u00f9, heureusement pour la Belgique, Dimarco, qui courait avec lui, \u00e9tait emp\u00each\u00e9 de tirer au but par Debast. Une phase similaire a suivi presque une minute plus tard. 0-1 apr\u00e8s une mi-temps o\u00f9 les Belges devaient beaucoup.<\/p>\n<div id=\"attachment_401815\" class=\"wp-caption alignleft\" style=\"max-width: 300px\"><img decoding=\"async\" class=\"wp-image-401815 size-medium\" src=\"https:\/\/vieassociative.be\/actualites\/wp-content\/uploads\/2024\/11\/1731637094_303_Ligue-des-Nations-la-Belgique-sincline-0-1-contre-lItalie.jpg\" alt=\"\" width=\"300\" height=\"200\"><\/p>\n<p class=\"wp-caption-text\">14 novembre 2024, Belgique, Bruxelles : Romelu Lukaku (M) de Belgique en action avec l&rsquo;en-t\u00eate. Photo : Bruno Fahy\/Belga\/dpa<\/p>\n<\/div>\n<p>Apr\u00e8s la reprise, la Belgique a eu sa premi\u00e8re occasion avec un tir lointain d&rsquo;Engels et peu apr\u00e8s de Debast. Puis ce fut le tour de Trossard, mais son tir lointain envoya le ballon au-dessus du but de Donnarumma.<\/p>\n<p>A la 54e minute, la Belgique a pu remercier Casteels, qui a dirig\u00e9 un ballon de Retegui en corner apr\u00e8s une erreur de Debast.<\/p>\n<p>Peu de temps apr\u00e8s, l&rsquo;Italie a eu une autre occasion de marquer, mais la Belgique a \u00e9galement eu sa chance gr\u00e2ce \u00e0 Trossard et Openda, dont Donnarumma a pu parer le tir du pied.<\/p>\n<p>Vermeeren est venu remplacer Engels et Al-Dakhil pour Theate. A la 75e minute, les Belges ont r\u00e9clam\u00e9 un penalty apr\u00e8s la chute d&rsquo;Openda dans la surface de r\u00e9paration, mais l&rsquo;arbitre n&rsquo;a pas siffl\u00e9.<\/p>\n<p>\u00c0 la 78e minute, une t\u00eate de Lukaku sur un centre de Castagne d\u00e9passe le poteau droit de Donnarumma. \u00c0 la 79e minute, Lukebakio rempla\u00e7ait De Cuyper pour les Diables Rouges.<\/p>\n<p>A la 83e minute, une t\u00eate de Faes heurte le poteau. Peu de temps auparavant, le rempla\u00e7ant Kean avait rat\u00e9 la d\u00e9cision pr\u00e9liminaire pour l&rsquo;Italie de l&rsquo;autre c\u00f4t\u00e9. Dans la phase finale, les Belges ont pouss\u00e9 pour \u00e9galiser, ce qu&rsquo;ils m\u00e9ritaient probablement. Il restait 0:1.<\/p>\n<p>Les Diables Rouges devront tr\u00e8s probablement lutter contre la rel\u00e9gation face \u00e0 un vice-champion de Ligue B. Parce qu&rsquo;Isra\u00ebl a fait match nul 0-0 en France, les Belges ne peuvent pas perdre contre Isra\u00ebl par plus de deux buts d&rsquo;\u00e9cart dimanche \u00e0 Budapest. (cr\u00e9er)<\/p>\n","protected":false},"excerpt":{"rendered":"<p>L&rsquo;\u00e9quipe nationale belge de football n&rsquo;a pas non plus r\u00e9ussi \u00e0 convaincre lors du dernier match de groupe de la Ligue des Nations, m\u00eame si<\/p>\n","protected":false},"author":1,"featured_media":2432,"comment_status":"","ping_status":"","sticky":false,"template":"","format":"standard","meta":{"footnotes":""},"categories":[298],"tags":[383,796,29,2817,3003,3187,2527],"class_list":["post-2431","post","type-post","status-publish","format-standard","has-post-thumbnail","hentry","category-belgique","tag-belgique","tag-contre","tag-des","tag-ligue","tag-litalie","tag-nations","tag-sincline","generate-columns","tablet-grid-50","mobile-grid-100","grid-parent","grid-33"],"yoast_head":"<!-- This site is optimized with the Yoast SEO plugin v24.0 - https:\/\/yoast.com\/wordpress\/plugins\/seo\/ -->\n<title>Ligue des Nations : la Belgique s&#039;incline 0-1 contre l&#039;Italie | Vie Associative<\/title>\n<meta name=\"robots\" content=\"index, follow, max-snippet:-1, max-image-preview:large, max-video-preview:-1\" \/>\n<link rel=\"canonical\" href=\"https:\/\/vieassociative.be\/actualites\/ligue-des-nations-la-belgique-sincline-0-1-contre-litalie\/\" \/>\n<meta property=\"og:locale\" content=\"fr_FR\" \/>\n<meta property=\"og:type\" content=\"article\" \/>\n<meta property=\"og:title\" content=\"Ligue des Nations : la Belgique s&#039;incline 0-1 contre l&#039;Italie | Vie Associative\" \/>\n<meta property=\"og:description\" content=\"L&rsquo;\u00e9quipe nationale belge de football n&rsquo;a pas non plus r\u00e9ussi \u00e0 convaincre lors du dernier match de groupe de la Ligue des Nations, m\u00eame si\" \/>\n<meta property=\"og:url\" content=\"https:\/\/vieassociative.be\/actualites\/ligue-des-nations-la-belgique-sincline-0-1-contre-litalie\/\" \/>\n<meta property=\"og:site_name\" content=\"Vie Associative\" \/>\n<meta property=\"article:published_time\" content=\"2024-11-15T02:18:14+00:00\" \/>\n<meta property=\"og:image\" content=\"https:\/\/vieassociative.be\/actualites\/wp-content\/uploads\/2024\/11\/Ligue-des-Nations-la-Belgique-sincline-0-1-contre-lItalie.jpg\" \/>\n<meta name=\"author\" content=\"Julien\" \/>\n<meta name=\"twitter:card\" content=\"summary_large_image\" \/>\n<meta name=\"twitter:label1\" content=\"\u00c9crit par\" \/>\n\t<meta name=\"twitter:data1\" content=\"Julien\" \/>\n\t<meta name=\"twitter:label2\" content=\"Dur\u00e9e de lecture est.\" \/>\n\t<meta name=\"twitter:data2\" content=\"3 minutes\" \/>\n<script type=\"application\/ld+json\" class=\"yoast-schema-graph\">{\"@context\":\"https:\/\/schema.org\",\"@graph\":[{\"@type\":\"Article\",\"@id\":\"https:\/\/vieassociative.be\/actualites\/ligue-des-nations-la-belgique-sincline-0-1-contre-litalie\/#article\",\"isPartOf\":{\"@id\":\"https:\/\/vieassociative.be\/actualites\/ligue-des-nations-la-belgique-sincline-0-1-contre-litalie\/\"},\"author\":{\"name\":\"Julien\",\"@id\":\"https:\/\/vieassociative.be\/actualites\/#\/schema\/person\/b87ac4f82f9d4e7b7cec7395b679edc4\"},\"headline\":\"Ligue des Nations : la Belgique s&rsquo;incline 0-1 contre l&rsquo;Italie\",\"datePublished\":\"2024-11-15T02:18:14+00:00\",\"dateModified\":\"2024-11-15T02:18:14+00:00\",\"mainEntityOfPage\":{\"@id\":\"https:\/\/vieassociative.be\/actualites\/ligue-des-nations-la-belgique-sincline-0-1-contre-litalie\/\"},\"wordCount\":666,\"publisher\":{\"@id\":\"https:\/\/vieassociative.be\/actualites\/#organization\"},\"image\":{\"@id\":\"https:\/\/vieassociative.be\/actualites\/ligue-des-nations-la-belgique-sincline-0-1-contre-litalie\/#primaryimage\"},\"thumbnailUrl\":\"https:\/\/vieassociative.be\/actualites\/wp-content\/uploads\/2024\/11\/1731637095_Ligue-des-Nations-la-Belgique-sincline-0-1-contre-lItalie.jpg\",\"keywords\":[\"Belgique\",\"contre\",\"Des\",\"Ligue\",\"lItalie\",\"Nations\",\"sincline\"],\"articleSection\":[\"Belgique\"],\"inLanguage\":\"fr-BE\"},{\"@type\":\"WebPage\",\"@id\":\"https:\/\/vieassociative.be\/actualites\/ligue-des-nations-la-belgique-sincline-0-1-contre-litalie\/\",\"url\":\"https:\/\/vieassociative.be\/actualites\/ligue-des-nations-la-belgique-sincline-0-1-contre-litalie\/\",\"name\":\"Ligue des Nations : la Belgique s'incline 0-1 contre l'Italie | Vie Associative\",\"isPartOf\":{\"@id\":\"https:\/\/vieassociative.be\/actualites\/#website\"},\"primaryImageOfPage\":{\"@id\":\"https:\/\/vieassociative.be\/actualites\/ligue-des-nations-la-belgique-sincline-0-1-contre-litalie\/#primaryimage\"},\"image\":{\"@id\":\"https:\/\/vieassociative.be\/actualites\/ligue-des-nations-la-belgique-sincline-0-1-contre-litalie\/#primaryimage\"},\"thumbnailUrl\":\"https:\/\/vieassociative.be\/actualites\/wp-content\/uploads\/2024\/11\/1731637095_Ligue-des-Nations-la-Belgique-sincline-0-1-contre-lItalie.jpg\",\"datePublished\":\"2024-11-15T02:18:14+00:00\",\"dateModified\":\"2024-11-15T02:18:14+00:00\",\"breadcrumb\":{\"@id\":\"https:\/\/vieassociative.be\/actualites\/ligue-des-nations-la-belgique-sincline-0-1-contre-litalie\/#breadcrumb\"},\"inLanguage\":\"fr-BE\",\"potentialAction\":[{\"@type\":\"ReadAction\",\"target\":[\"https:\/\/vieassociative.be\/actualites\/ligue-des-nations-la-belgique-sincline-0-1-contre-litalie\/\"]}]},{\"@type\":\"ImageObject\",\"inLanguage\":\"fr-BE\",\"@id\":\"https:\/\/vieassociative.be\/actualites\/ligue-des-nations-la-belgique-sincline-0-1-contre-litalie\/#primaryimage\",\"url\":\"https:\/\/vieassociative.be\/actualites\/wp-content\/uploads\/2024\/11\/1731637095_Ligue-des-Nations-la-Belgique-sincline-0-1-contre-lItalie.jpg\",\"contentUrl\":\"https:\/\/vieassociative.be\/actualites\/wp-content\/uploads\/2024\/11\/1731637095_Ligue-des-Nations-la-Belgique-sincline-0-1-contre-lItalie.jpg\",\"width\":1669,\"height\":1054,\"caption\":\"Ligue des Nations : la Belgique s'incline 0-1 contre l'Italie\"},{\"@type\":\"BreadcrumbList\",\"@id\":\"https:\/\/vieassociative.be\/actualites\/ligue-des-nations-la-belgique-sincline-0-1-contre-litalie\/#breadcrumb\",\"itemListElement\":[{\"@type\":\"ListItem\",\"position\":1,\"name\":\"Accueil\",\"item\":\"https:\/\/vieassociative.be\/actualites\/\"},{\"@type\":\"ListItem\",\"position\":2,\"name\":\"Ligue des Nations : la Belgique s&rsquo;incline 0-1 contre l&rsquo;Italie\"}]},{\"@type\":\"WebSite\",\"@id\":\"https:\/\/vieassociative.be\/actualites\/#website\",\"url\":\"https:\/\/vieassociative.be\/actualites\/\",\"name\":\"Vie Associative\",\"description\":\"\",\"publisher\":{\"@id\":\"https:\/\/vieassociative.be\/actualites\/#organization\"},\"potentialAction\":[{\"@type\":\"SearchAction\",\"target\":{\"@type\":\"EntryPoint\",\"urlTemplate\":\"https:\/\/vieassociative.be\/actualites\/?s={search_term_string}\"},\"query-input\":{\"@type\":\"PropertyValueSpecification\",\"valueRequired\":true,\"valueName\":\"search_term_string\"}}],\"inLanguage\":\"fr-BE\"},{\"@type\":\"Organization\",\"@id\":\"https:\/\/vieassociative.be\/actualites\/#organization\",\"name\":\"Vie Associative\",\"url\":\"https:\/\/vieassociative.be\/actualites\/\",\"logo\":{\"@type\":\"ImageObject\",\"inLanguage\":\"fr-BE\",\"@id\":\"https:\/\/vieassociative.be\/actualites\/#\/schema\/logo\/image\/\",\"url\":\"https:\/\/vieassociative.be\/actualites\/wp-content\/uploads\/2024\/09\/cropped-vieassociative_favicon.ico.png\",\"contentUrl\":\"https:\/\/vieassociative.be\/actualites\/wp-content\/uploads\/2024\/09\/cropped-vieassociative_favicon.ico.png\",\"width\":512,\"height\":512,\"caption\":\"Vie Associative\"},\"image\":{\"@id\":\"https:\/\/vieassociative.be\/actualites\/#\/schema\/logo\/image\/\"}},{\"@type\":\"Person\",\"@id\":\"https:\/\/vieassociative.be\/actualites\/#\/schema\/person\/b87ac4f82f9d4e7b7cec7395b679edc4\",\"name\":\"Julien\",\"image\":{\"@type\":\"ImageObject\",\"inLanguage\":\"fr-BE\",\"@id\":\"https:\/\/vieassociative.be\/actualites\/#\/schema\/person\/image\/\",\"url\":\"https:\/\/vieassociative.be\/actualites\/wp-content\/uploads\/2024\/09\/vie-associative-1-150x150.jpg\",\"contentUrl\":\"https:\/\/vieassociative.be\/actualites\/wp-content\/uploads\/2024\/09\/vie-associative-1-150x150.jpg\",\"caption\":\"Julien\"},\"description\":\"Je suis Julien, r\u00e9dacteur pour Vie Associative. Passionn\u00e9 par le monde associatif depuis plus de 10 ans, j'ai \u00e0 c\u0153ur de partager des histoires inspirantes et de mettre en lumi\u00e8re les initiatives locales. Mon objectif est de sensibiliser et d'encourager l'engagement communautaire \u00e0 travers mes articles.\",\"sameAs\":[\"https:\/\/vieassociative.be\/\"]}]}<\/script>\n<!-- \/ Yoast SEO plugin. -->","yoast_head_json":{"title":"Ligue des Nations : la Belgique s'incline 0-1 contre l'Italie | Vie Associative","robots":{"index":"index","follow":"follow","max-snippet":"max-snippet:-1","max-image-preview":"max-image-preview:large","max-video-preview":"max-video-preview:-1"},"canonical":"https:\/\/vieassociative.be\/actualites\/ligue-des-nations-la-belgique-sincline-0-1-contre-litalie\/","og_locale":"fr_FR","og_type":"article","og_title":"Ligue des Nations : la Belgique s'incline 0-1 contre l'Italie | Vie Associative","og_description":"L&rsquo;\u00e9quipe nationale belge de football n&rsquo;a pas non plus r\u00e9ussi \u00e0 convaincre lors du dernier match de groupe de la Ligue des Nations, m\u00eame si","og_url":"https:\/\/vieassociative.be\/actualites\/ligue-des-nations-la-belgique-sincline-0-1-contre-litalie\/","og_site_name":"Vie Associative","article_published_time":"2024-11-15T02:18:14+00:00","og_image":[{"url":"https:\/\/vieassociative.be\/actualites\/wp-content\/uploads\/2024\/11\/Ligue-des-Nations-la-Belgique-sincline-0-1-contre-lItalie.jpg","type":"","width":"","height":""}],"author":"Julien","twitter_card":"summary_large_image","twitter_misc":{"\u00c9crit par":"Julien","Dur\u00e9e de lecture est.":"3 minutes"},"schema":{"@context":"https:\/\/schema.org","@graph":[{"@type":"Article","@id":"https:\/\/vieassociative.be\/actualites\/ligue-des-nations-la-belgique-sincline-0-1-contre-litalie\/#article","isPartOf":{"@id":"https:\/\/vieassociative.be\/actualites\/ligue-des-nations-la-belgique-sincline-0-1-contre-litalie\/"},"author":{"name":"Julien","@id":"https:\/\/vieassociative.be\/actualites\/#\/schema\/person\/b87ac4f82f9d4e7b7cec7395b679edc4"},"headline":"Ligue des Nations : la Belgique s&rsquo;incline 0-1 contre l&rsquo;Italie","datePublished":"2024-11-15T02:18:14+00:00","dateModified":"2024-11-15T02:18:14+00:00","mainEntityOfPage":{"@id":"https:\/\/vieassociative.be\/actualites\/ligue-des-nations-la-belgique-sincline-0-1-contre-litalie\/"},"wordCount":666,"publisher":{"@id":"https:\/\/vieassociative.be\/actualites\/#organization"},"image":{"@id":"https:\/\/vieassociative.be\/actualites\/ligue-des-nations-la-belgique-sincline-0-1-contre-litalie\/#primaryimage"},"thumbnailUrl":"https:\/\/vieassociative.be\/actualites\/wp-content\/uploads\/2024\/11\/1731637095_Ligue-des-Nations-la-Belgique-sincline-0-1-contre-lItalie.jpg","keywords":["Belgique","contre","Des","Ligue","lItalie","Nations","sincline"],"articleSection":["Belgique"],"inLanguage":"fr-BE"},{"@type":"WebPage","@id":"https:\/\/vieassociative.be\/actualites\/ligue-des-nations-la-belgique-sincline-0-1-contre-litalie\/","url":"https:\/\/vieassociative.be\/actualites\/ligue-des-nations-la-belgique-sincline-0-1-contre-litalie\/","name":"Ligue des Nations : la Belgique s'incline 0-1 contre l'Italie | Vie Associative","isPartOf":{"@id":"https:\/\/vieassociative.be\/actualites\/#website"},"primaryImageOfPage":{"@id":"https:\/\/vieassociative.be\/actualites\/ligue-des-nations-la-belgique-sincline-0-1-contre-litalie\/#primaryimage"},"image":{"@id":"https:\/\/vieassociative.be\/actualites\/ligue-des-nations-la-belgique-sincline-0-1-contre-litalie\/#primaryimage"},"thumbnailUrl":"https:\/\/vieassociative.be\/actualites\/wp-content\/uploads\/2024\/11\/1731637095_Ligue-des-Nations-la-Belgique-sincline-0-1-contre-lItalie.jpg","datePublished":"2024-11-15T02:18:14+00:00","dateModified":"2024-11-15T02:18:14+00:00","breadcrumb":{"@id":"https:\/\/vieassociative.be\/actualites\/ligue-des-nations-la-belgique-sincline-0-1-contre-litalie\/#breadcrumb"},"inLanguage":"fr-BE","potentialAction":[{"@type":"ReadAction","target":["https:\/\/vieassociative.be\/actualites\/ligue-des-nations-la-belgique-sincline-0-1-contre-litalie\/"]}]},{"@type":"ImageObject","inLanguage":"fr-BE","@id":"https:\/\/vieassociative.be\/actualites\/ligue-des-nations-la-belgique-sincline-0-1-contre-litalie\/#primaryimage","url":"https:\/\/vieassociative.be\/actualites\/wp-content\/uploads\/2024\/11\/1731637095_Ligue-des-Nations-la-Belgique-sincline-0-1-contre-lItalie.jpg","contentUrl":"https:\/\/vieassociative.be\/actualites\/wp-content\/uploads\/2024\/11\/1731637095_Ligue-des-Nations-la-Belgique-sincline-0-1-contre-lItalie.jpg","width":1669,"height":1054,"caption":"Ligue des Nations : la Belgique s'incline 0-1 contre l'Italie"},{"@type":"BreadcrumbList","@id":"https:\/\/vieassociative.be\/actualites\/ligue-des-nations-la-belgique-sincline-0-1-contre-litalie\/#breadcrumb","itemListElement":[{"@type":"ListItem","position":1,"name":"Accueil","item":"https:\/\/vieassociative.be\/actualites\/"},{"@type":"ListItem","position":2,"name":"Ligue des Nations : la Belgique s&rsquo;incline 0-1 contre l&rsquo;Italie"}]},{"@type":"WebSite","@id":"https:\/\/vieassociative.be\/actualites\/#website","url":"https:\/\/vieassociative.be\/actualites\/","name":"Vie Associative","description":"","publisher":{"@id":"https:\/\/vieassociative.be\/actualites\/#organization"},"potentialAction":[{"@type":"SearchAction","target":{"@type":"EntryPoint","urlTemplate":"https:\/\/vieassociative.be\/actualites\/?s={search_term_string}"},"query-input":{"@type":"PropertyValueSpecification","valueRequired":true,"valueName":"search_term_string"}}],"inLanguage":"fr-BE"},{"@type":"Organization","@id":"https:\/\/vieassociative.be\/actualites\/#organization","name":"Vie Associative","url":"https:\/\/vieassociative.be\/actualites\/","logo":{"@type":"ImageObject","inLanguage":"fr-BE","@id":"https:\/\/vieassociative.be\/actualites\/#\/schema\/logo\/image\/","url":"https:\/\/vieassociative.be\/actualites\/wp-content\/uploads\/2024\/09\/cropped-vieassociative_favicon.ico.png","contentUrl":"https:\/\/vieassociative.be\/actualites\/wp-content\/uploads\/2024\/09\/cropped-vieassociative_favicon.ico.png","width":512,"height":512,"caption":"Vie Associative"},"image":{"@id":"https:\/\/vieassociative.be\/actualites\/#\/schema\/logo\/image\/"}},{"@type":"Person","@id":"https:\/\/vieassociative.be\/actualites\/#\/schema\/person\/b87ac4f82f9d4e7b7cec7395b679edc4","name":"Julien","image":{"@type":"ImageObject","inLanguage":"fr-BE","@id":"https:\/\/vieassociative.be\/actualites\/#\/schema\/person\/image\/","url":"https:\/\/vieassociative.be\/actualites\/wp-content\/uploads\/2024\/09\/vie-associative-1-150x150.jpg","contentUrl":"https:\/\/vieassociative.be\/actualites\/wp-content\/uploads\/2024\/09\/vie-associative-1-150x150.jpg","caption":"Julien"},"description":"Je suis Julien, r\u00e9dacteur pour Vie Associative. Passionn\u00e9 par le monde associatif depuis plus de 10 ans, j'ai \u00e0 c\u0153ur de partager des histoires inspirantes et de mettre en lumi\u00e8re les initiatives locales. Mon objectif est de sensibiliser et d'encourager l'engagement communautaire \u00e0 travers mes articles.","sameAs":["https:\/\/vieassociative.be\/"]}]}},"_links":{"self":[{"href":"https:\/\/vieassociative.be\/actualites\/wp-json\/wp\/v2\/posts\/2431"}],"collection":[{"href":"https:\/\/vieassociative.be\/actualites\/wp-json\/wp\/v2\/posts"}],"about":[{"href":"https:\/\/vieassociative.be\/actualites\/wp-json\/wp\/v2\/types\/post"}],"author":[{"embeddable":true,"href":"https:\/\/vieassociative.be\/actualites\/wp-json\/wp\/v2\/users\/1"}],"replies":[{"embeddable":true,"href":"https:\/\/vieassociative.be\/actualites\/wp-json\/wp\/v2\/comments?post=2431"}],"version-history":[{"count":0,"href":"https:\/\/vieassociative.be\/actualites\/wp-json\/wp\/v2\/posts\/2431\/revisions"}],"wp:featuredmedia":[{"embeddable":true,"href":"https:\/\/vieassociative.be\/actualites\/wp-json\/wp\/v2\/media\/2432"}],"wp:attachment":[{"href":"https:\/\/vieassociative.be\/actualites\/wp-json\/wp\/v2\/media?parent=2431"}],"wp:term":[{"taxonomy":"category","embeddable":true,"href":"https:\/\/vieassociative.be\/actualites\/wp-json\/wp\/v2\/categories?post=2431"},{"taxonomy":"post_tag","embeddable":true,"href":"https:\/\/vieassociative.be\/actualites\/wp-json\/wp\/v2\/tags?post=2431"}],"curies":[{"name":"wp","href":"https:\/\/api.w.org\/{rel}","templated":true}]}}