{"id":2425,"date":"2024-11-15T00:17:37","date_gmt":"2024-11-14T23:17:37","guid":{"rendered":"https:\/\/vieassociative.be\/actualites\/comment-avoir-une-meilleure-relation-avec-votre-adolescent\/"},"modified":"2024-11-15T00:17:37","modified_gmt":"2024-11-14T23:17:37","slug":"comment-avoir-une-meilleure-relation-avec-votre-adolescent","status":"publish","type":"post","link":"https:\/\/vieassociative.be\/actualites\/comment-avoir-une-meilleure-relation-avec-votre-adolescent\/","title":{"rendered":"Comment avoir une meilleure relation avec votre adolescent"},"content":{"rendered":"<div class=\"mt-4 leading-6 md:mb-8\">Une \u00e9tude r\u00e9cente montre qu\u2019une relation parent-adolescent \u00e9troite et chaleureuse a plus de chances de durer jusqu\u2019\u00e0 l\u2019\u00e2ge adulte.<\/div>\n<p><\/p>\n<p>L\u2019un des aspects les plus difficiles de la parentalit\u00e9 est l\u2019incertitude quant \u00e0 l\u2019avenir. M\u00eame si vous voulez (et essayez de) faire la bonne chose, il peut \u00eatre difficile de pr\u00e9dire quels seront les r\u00e9sultats finaux de vos efforts, une fois que votre enfant aura grandi et quitt\u00e9 la maison. \u00catre parent \u00e0 l\u2019adolescence peut s\u2019av\u00e9rer particuli\u00e8rement difficile \u00e0 mesure que les adolescents deviennent de plus en plus ind\u00e9pendants et commencent \u00e0 s\u2019\u00e9loigner de leurs parents. Cela suffit \u00e0 amener n&rsquo;importe quel parent \u00e0 se demander quel type de relation il entretiendra \u00e9ventuellement avec ses enfants adultes et si nous pouvons faire quelque chose maintenant pour influencer cela.<\/p>\n<p>Dans une \u00e9tude r\u00e9cente qui a suivi 1 631 participants de la sixi\u00e8me ann\u00e9e jusqu&rsquo;\u00e0 l&rsquo;\u00e2ge de 22 ans, les chercheurs ont examin\u00e9 comment la relation parent-adolescent a \u00e9volu\u00e9 au fil du temps et quelle \u00e9tait la probabilit\u00e9 que les participants rapportent une relation \u00e9troite avec leurs parents \u00e0 la fin de l&rsquo;\u00e9tude. Ils ont d\u00e9couvert que les adolescents qui rapportaient une relation chaleureuse et impliqu\u00e9e avec des parents qui pratiquaient une discipline efficace \u00e9taient plus susceptibles de d\u00e9clarer une relation \u00e9troite \u00e0 l&rsquo;\u00e2ge de 22 ans.  <\/p>\n<p>En revanche, les adolescents qui ont signal\u00e9 un changement dans leur relation parentale au fil du temps, o\u00f9 leurs parents sont devenus moins chaleureux et moins impliqu\u00e9s, tout en pratiquant une discipline dure ou impr\u00e9visible, \u00e9taient moins susceptibles de d\u00e9clarer entretenir une relation \u00e9troite avec leurs parents \u00e0 l&rsquo;\u00e2ge adulte.  <\/p>\n<h2 id=\"how-your-relationship-with-your-teen-changes-over-time\"><strong>Comment votre relation avec votre adolescent \u00e9volue au fil du temps<\/strong> <\/h2>\n<p>\u00ab L&rsquo;adolescence est une p\u00e9riode de la vie o\u00f9 l&rsquo;on souhaite que les adolescents recherchent l&rsquo;ind\u00e9pendance et l&rsquo;autonomie \u00bb, a d\u00e9clar\u00e9 Shichen Fang, chercheur \u00e0 l&rsquo;Universit\u00e9 Concordia et l&rsquo;un des auteurs de l&rsquo;\u00e9tude. L\u2019un des effets de cette autonomie accrue est que \u00ab l\u2019on constate effectivement un d\u00e9clin de la relation parent-enfant, tant en termes quantitatifs que qualitatifs \u00bb. Pour les adolescents, leur monde s&rsquo;\u00e9largit pour inclure une vie sociale et des int\u00e9r\u00eats en dehors de leur famille, tandis que pour les parents, les enjeux de la parentalit\u00e9 peuvent sembler d&rsquo;autant plus importants que leur adolescent se rapproche de l&rsquo;\u00e2ge adulte.  <\/p>\n<p>\u00ab Nos recherches ont montr\u00e9 que la parentalit\u00e9 peut beaucoup changer au cours de l&rsquo;adolescence : les parents expriment souvent moins de chaleur et d&rsquo;affection, passent moins de temps avec leurs adolescents et deviennent plus s\u00e9v\u00e8res dans leur discipline \u00bb, Greg Fosco, professeur \u00e0 Penn State et l&rsquo;un des les auteurs de l\u2019\u00e9tude, ont indiqu\u00e9 dans un communiqu\u00e9. Cependant, m\u00eame si les pressions exerc\u00e9es par les parents peuvent donner l\u2019impression que ces changements sont n\u00e9cessaires, ils peuvent avoir un impact n\u00e9gatif \u00e0 long terme sur la relation parent-enfant.  <\/p>\n<p>Cela est particuli\u00e8rement vrai si la relation parent-enfant passe d\u2019une relation chaleureuse et aimante pendant l\u2019enfance \u00e0 une relation dure et moins affectueuse pendant l\u2019adolescence. \u00ab Nous avons pu montrer que si le d\u00e9clin de la relation parent-enfant est trop marqu\u00e9, ce d\u00e9clin plus prononc\u00e9 entra\u00eenera de pires r\u00e9sultats \u00bb, a d\u00e9clar\u00e9 Fang.   <\/p>\n<h2 id=\"the-importance-of-a-warm-relationship-with-your-teen\">L&rsquo;importance d&rsquo;une relation chaleureuse avec votre ado<\/h2>\n<p>Dans le cadre de l&rsquo;\u00e9tude, les chercheurs ont pu interroger les participants sur le temps qu&rsquo;ils passaient avec leurs parents, la fr\u00e9quence \u00e0 laquelle leurs parents exprimaient de l&rsquo;affection ou de l&rsquo;appr\u00e9ciation pour leur adolescent et le type de discipline qu&rsquo;ils utilisaient. Les adolescents qui ont d\u00e9clar\u00e9 entretenir une relation \u00e9troite avec leurs parents \u00e0 l&rsquo;\u00e2ge adulte ont d\u00e9clar\u00e9 avoir pass\u00e9 plus de temps avec leurs parents, ont d\u00e9clar\u00e9 avoir re\u00e7u plus d&rsquo;affection et d&rsquo;appr\u00e9ciation de la part de leurs parents et ont \u00e9galement d\u00e9clar\u00e9 avoir \u00e9t\u00e9 disciplin\u00e9s d&rsquo;une mani\u00e8re coh\u00e9rente, juste et d\u00e9pourvue de duret\u00e9.  <\/p>\n<p>En pratique, cela peut consister \u00e0 passer du temps ensemble \u00e0 manger en famille, \u00e0 faire des activit\u00e9s r\u00e9guli\u00e8res ensemble ou \u00e0 passer du temps \u00e0 parler des devoirs et des activit\u00e9s scolaires. \u00ab\u00a0Il ne s&rsquo;agit pas toujours de dire &lsquo;Je t&rsquo;aime'\u00a0\u00bb, a d\u00e9clar\u00e9 Fang. \u00ab Cela pourrait consister \u00e0 montrer de l\u2019affection d\u2019une autre mani\u00e8re. Les enfants ont besoin de sentir que vous les aimez.  <\/p>\n<p>Lorsqu&rsquo;il s&rsquo;agit de discipliner un adolescent, les chercheurs ont examin\u00e9 trois \u00e9l\u00e9ments distincts\u00a0: si la discipline \u00e9tait coh\u00e9rente, si les adolescents recevaient une justification claire des r\u00e8gles et des mesures disciplinaires, et si la discipline \u00e9tait s\u00e9v\u00e8re ou non. Les adolescents qui ont signal\u00e9 une discipline constante et non s\u00e9v\u00e8re, dont ils comprenaient la raison, \u00e9taient \u00e9galement plus susceptibles de d\u00e9clarer entretenir des relations \u00e9troites avec leurs parents \u00e0 l&rsquo;\u00e2ge adulte. <\/p>\n","protected":false},"excerpt":{"rendered":"<p>Une \u00e9tude r\u00e9cente montre qu\u2019une relation parent-adolescent \u00e9troite et chaleureuse a plus de chances de durer jusqu\u2019\u00e0 l\u2019\u00e2ge adulte. L\u2019un des aspects les plus difficiles<\/p>\n","protected":false},"author":1,"featured_media":2426,"comment_status":"","ping_status":"","sticky":false,"template":"","format":"standard","meta":{"footnotes":""},"categories":[37],"tags":[2270,61,224,44,530,69,110,8],"class_list":["post-2425","post","type-post","status-publish","format-standard","has-post-thumbnail","hentry","category-famille","tag-adolescent","tag-avec","tag-avoir","tag-comment","tag-meilleure","tag-relation","tag-une","tag-votre","generate-columns","tablet-grid-50","mobile-grid-100","grid-parent","grid-33"],"yoast_head":"<!-- This site is optimized with the Yoast SEO plugin v24.0 - https:\/\/yoast.com\/wordpress\/plugins\/seo\/ -->\n<title>Comment avoir une meilleure relation avec votre adolescent | Vie Associative<\/title>\n<meta name=\"robots\" content=\"index, follow, max-snippet:-1, max-image-preview:large, max-video-preview:-1\" \/>\n<link rel=\"canonical\" href=\"https:\/\/vieassociative.be\/actualites\/comment-avoir-une-meilleure-relation-avec-votre-adolescent\/\" \/>\n<meta property=\"og:locale\" content=\"fr_FR\" \/>\n<meta property=\"og:type\" content=\"article\" \/>\n<meta property=\"og:title\" content=\"Comment avoir une meilleure relation avec votre adolescent | Vie Associative\" \/>\n<meta property=\"og:description\" content=\"Une \u00e9tude r\u00e9cente montre qu\u2019une relation parent-adolescent \u00e9troite et chaleureuse a plus de chances de durer jusqu\u2019\u00e0 l\u2019\u00e2ge adulte. L\u2019un des aspects les plus difficiles\" \/>\n<meta property=\"og:url\" content=\"https:\/\/vieassociative.be\/actualites\/comment-avoir-une-meilleure-relation-avec-votre-adolescent\/\" \/>\n<meta property=\"og:site_name\" content=\"Vie Associative\" \/>\n<meta property=\"article:published_time\" content=\"2024-11-14T23:17:37+00:00\" \/>\n<meta property=\"og:image\" content=\"https:\/\/vieassociative.be\/actualites\/wp-content\/uploads\/2024\/09\/header_backgroundk-01-e1726694325946.png\" \/>\n\t<meta property=\"og:image:width\" content=\"279\" \/>\n\t<meta property=\"og:image:height\" content=\"92\" \/>\n\t<meta property=\"og:image:type\" content=\"image\/png\" \/>\n<meta name=\"author\" content=\"Julien\" \/>\n<meta name=\"twitter:card\" content=\"summary_large_image\" \/>\n<meta name=\"twitter:label1\" content=\"\u00c9crit par\" \/>\n\t<meta name=\"twitter:data1\" content=\"Julien\" \/>\n\t<meta name=\"twitter:label2\" content=\"Dur\u00e9e de lecture est.\" \/>\n\t<meta name=\"twitter:data2\" content=\"4 minutes\" \/>\n<script type=\"application\/ld+json\" class=\"yoast-schema-graph\">{\"@context\":\"https:\/\/schema.org\",\"@graph\":[{\"@type\":\"Article\",\"@id\":\"https:\/\/vieassociative.be\/actualites\/comment-avoir-une-meilleure-relation-avec-votre-adolescent\/#article\",\"isPartOf\":{\"@id\":\"https:\/\/vieassociative.be\/actualites\/comment-avoir-une-meilleure-relation-avec-votre-adolescent\/\"},\"author\":{\"name\":\"Julien\",\"@id\":\"https:\/\/vieassociative.be\/actualites\/#\/schema\/person\/b87ac4f82f9d4e7b7cec7395b679edc4\"},\"headline\":\"Comment avoir une meilleure relation avec votre adolescent\",\"datePublished\":\"2024-11-14T23:17:37+00:00\",\"dateModified\":\"2024-11-14T23:17:37+00:00\",\"mainEntityOfPage\":{\"@id\":\"https:\/\/vieassociative.be\/actualites\/comment-avoir-une-meilleure-relation-avec-votre-adolescent\/\"},\"wordCount\":840,\"publisher\":{\"@id\":\"https:\/\/vieassociative.be\/actualites\/#organization\"},\"image\":{\"@id\":\"https:\/\/vieassociative.be\/actualites\/comment-avoir-une-meilleure-relation-avec-votre-adolescent\/#primaryimage\"},\"thumbnailUrl\":\"https:\/\/vieassociative.be\/actualites\/wp-content\/uploads\/2024\/11\/Comment-avoir-une-meilleure-relation-avec-votre-adolescent.jpg\",\"keywords\":[\"adolescent\",\"avec\",\"avoir\",\"Comment\",\"meilleure\",\"relation\",\"une\",\"votre\"],\"articleSection\":[\"Famille\"],\"inLanguage\":\"fr-BE\"},{\"@type\":\"WebPage\",\"@id\":\"https:\/\/vieassociative.be\/actualites\/comment-avoir-une-meilleure-relation-avec-votre-adolescent\/\",\"url\":\"https:\/\/vieassociative.be\/actualites\/comment-avoir-une-meilleure-relation-avec-votre-adolescent\/\",\"name\":\"Comment avoir une meilleure relation avec votre adolescent | Vie Associative\",\"isPartOf\":{\"@id\":\"https:\/\/vieassociative.be\/actualites\/#website\"},\"primaryImageOfPage\":{\"@id\":\"https:\/\/vieassociative.be\/actualites\/comment-avoir-une-meilleure-relation-avec-votre-adolescent\/#primaryimage\"},\"image\":{\"@id\":\"https:\/\/vieassociative.be\/actualites\/comment-avoir-une-meilleure-relation-avec-votre-adolescent\/#primaryimage\"},\"thumbnailUrl\":\"https:\/\/vieassociative.be\/actualites\/wp-content\/uploads\/2024\/11\/Comment-avoir-une-meilleure-relation-avec-votre-adolescent.jpg\",\"datePublished\":\"2024-11-14T23:17:37+00:00\",\"dateModified\":\"2024-11-14T23:17:37+00:00\",\"breadcrumb\":{\"@id\":\"https:\/\/vieassociative.be\/actualites\/comment-avoir-une-meilleure-relation-avec-votre-adolescent\/#breadcrumb\"},\"inLanguage\":\"fr-BE\",\"potentialAction\":[{\"@type\":\"ReadAction\",\"target\":[\"https:\/\/vieassociative.be\/actualites\/comment-avoir-une-meilleure-relation-avec-votre-adolescent\/\"]}]},{\"@type\":\"ImageObject\",\"inLanguage\":\"fr-BE\",\"@id\":\"https:\/\/vieassociative.be\/actualites\/comment-avoir-une-meilleure-relation-avec-votre-adolescent\/#primaryimage\",\"url\":\"https:\/\/vieassociative.be\/actualites\/wp-content\/uploads\/2024\/11\/Comment-avoir-une-meilleure-relation-avec-votre-adolescent.jpg\",\"contentUrl\":\"https:\/\/vieassociative.be\/actualites\/wp-content\/uploads\/2024\/11\/Comment-avoir-une-meilleure-relation-avec-votre-adolescent.jpg\",\"width\":1200,\"height\":675,\"caption\":\"Comment avoir une meilleure relation avec votre adolescent\"},{\"@type\":\"BreadcrumbList\",\"@id\":\"https:\/\/vieassociative.be\/actualites\/comment-avoir-une-meilleure-relation-avec-votre-adolescent\/#breadcrumb\",\"itemListElement\":[{\"@type\":\"ListItem\",\"position\":1,\"name\":\"Accueil\",\"item\":\"https:\/\/vieassociative.be\/actualites\/\"},{\"@type\":\"ListItem\",\"position\":2,\"name\":\"Comment avoir une meilleure relation avec votre adolescent\"}]},{\"@type\":\"WebSite\",\"@id\":\"https:\/\/vieassociative.be\/actualites\/#website\",\"url\":\"https:\/\/vieassociative.be\/actualites\/\",\"name\":\"Vie Associative\",\"description\":\"\",\"publisher\":{\"@id\":\"https:\/\/vieassociative.be\/actualites\/#organization\"},\"potentialAction\":[{\"@type\":\"SearchAction\",\"target\":{\"@type\":\"EntryPoint\",\"urlTemplate\":\"https:\/\/vieassociative.be\/actualites\/?s={search_term_string}\"},\"query-input\":{\"@type\":\"PropertyValueSpecification\",\"valueRequired\":true,\"valueName\":\"search_term_string\"}}],\"inLanguage\":\"fr-BE\"},{\"@type\":\"Organization\",\"@id\":\"https:\/\/vieassociative.be\/actualites\/#organization\",\"name\":\"Vie Associative\",\"url\":\"https:\/\/vieassociative.be\/actualites\/\",\"logo\":{\"@type\":\"ImageObject\",\"inLanguage\":\"fr-BE\",\"@id\":\"https:\/\/vieassociative.be\/actualites\/#\/schema\/logo\/image\/\",\"url\":\"https:\/\/vieassociative.be\/actualites\/wp-content\/uploads\/2024\/09\/cropped-vieassociative_favicon.ico.png\",\"contentUrl\":\"https:\/\/vieassociative.be\/actualites\/wp-content\/uploads\/2024\/09\/cropped-vieassociative_favicon.ico.png\",\"width\":512,\"height\":512,\"caption\":\"Vie Associative\"},\"image\":{\"@id\":\"https:\/\/vieassociative.be\/actualites\/#\/schema\/logo\/image\/\"}},{\"@type\":\"Person\",\"@id\":\"https:\/\/vieassociative.be\/actualites\/#\/schema\/person\/b87ac4f82f9d4e7b7cec7395b679edc4\",\"name\":\"Julien\",\"image\":{\"@type\":\"ImageObject\",\"inLanguage\":\"fr-BE\",\"@id\":\"https:\/\/vieassociative.be\/actualites\/#\/schema\/person\/image\/\",\"url\":\"https:\/\/vieassociative.be\/actualites\/wp-content\/uploads\/2024\/09\/vie-associative-1-150x150.jpg\",\"contentUrl\":\"https:\/\/vieassociative.be\/actualites\/wp-content\/uploads\/2024\/09\/vie-associative-1-150x150.jpg\",\"caption\":\"Julien\"},\"description\":\"Je suis Julien, r\u00e9dacteur pour Vie Associative. Passionn\u00e9 par le monde associatif depuis plus de 10 ans, j'ai \u00e0 c\u0153ur de partager des histoires inspirantes et de mettre en lumi\u00e8re les initiatives locales. Mon objectif est de sensibiliser et d'encourager l'engagement communautaire \u00e0 travers mes articles.\",\"sameAs\":[\"https:\/\/vieassociative.be\/\"]}]}<\/script>\n<!-- \/ Yoast SEO plugin. -->","yoast_head_json":{"title":"Comment avoir une meilleure relation avec votre adolescent | Vie Associative","robots":{"index":"index","follow":"follow","max-snippet":"max-snippet:-1","max-image-preview":"max-image-preview:large","max-video-preview":"max-video-preview:-1"},"canonical":"https:\/\/vieassociative.be\/actualites\/comment-avoir-une-meilleure-relation-avec-votre-adolescent\/","og_locale":"fr_FR","og_type":"article","og_title":"Comment avoir une meilleure relation avec votre adolescent | Vie Associative","og_description":"Une \u00e9tude r\u00e9cente montre qu\u2019une relation parent-adolescent \u00e9troite et chaleureuse a plus de chances de durer jusqu\u2019\u00e0 l\u2019\u00e2ge adulte. L\u2019un des aspects les plus difficiles","og_url":"https:\/\/vieassociative.be\/actualites\/comment-avoir-une-meilleure-relation-avec-votre-adolescent\/","og_site_name":"Vie Associative","article_published_time":"2024-11-14T23:17:37+00:00","og_image":[{"width":279,"height":92,"url":"https:\/\/vieassociative.be\/actualites\/wp-content\/uploads\/2024\/09\/header_backgroundk-01-e1726694325946.png","type":"image\/png"}],"author":"Julien","twitter_card":"summary_large_image","twitter_misc":{"\u00c9crit par":"Julien","Dur\u00e9e de lecture est.":"4 minutes"},"schema":{"@context":"https:\/\/schema.org","@graph":[{"@type":"Article","@id":"https:\/\/vieassociative.be\/actualites\/comment-avoir-une-meilleure-relation-avec-votre-adolescent\/#article","isPartOf":{"@id":"https:\/\/vieassociative.be\/actualites\/comment-avoir-une-meilleure-relation-avec-votre-adolescent\/"},"author":{"name":"Julien","@id":"https:\/\/vieassociative.be\/actualites\/#\/schema\/person\/b87ac4f82f9d4e7b7cec7395b679edc4"},"headline":"Comment avoir une meilleure relation avec votre adolescent","datePublished":"2024-11-14T23:17:37+00:00","dateModified":"2024-11-14T23:17:37+00:00","mainEntityOfPage":{"@id":"https:\/\/vieassociative.be\/actualites\/comment-avoir-une-meilleure-relation-avec-votre-adolescent\/"},"wordCount":840,"publisher":{"@id":"https:\/\/vieassociative.be\/actualites\/#organization"},"image":{"@id":"https:\/\/vieassociative.be\/actualites\/comment-avoir-une-meilleure-relation-avec-votre-adolescent\/#primaryimage"},"thumbnailUrl":"https:\/\/vieassociative.be\/actualites\/wp-content\/uploads\/2024\/11\/Comment-avoir-une-meilleure-relation-avec-votre-adolescent.jpg","keywords":["adolescent","avec","avoir","Comment","meilleure","relation","une","votre"],"articleSection":["Famille"],"inLanguage":"fr-BE"},{"@type":"WebPage","@id":"https:\/\/vieassociative.be\/actualites\/comment-avoir-une-meilleure-relation-avec-votre-adolescent\/","url":"https:\/\/vieassociative.be\/actualites\/comment-avoir-une-meilleure-relation-avec-votre-adolescent\/","name":"Comment avoir une meilleure relation avec votre adolescent | Vie Associative","isPartOf":{"@id":"https:\/\/vieassociative.be\/actualites\/#website"},"primaryImageOfPage":{"@id":"https:\/\/vieassociative.be\/actualites\/comment-avoir-une-meilleure-relation-avec-votre-adolescent\/#primaryimage"},"image":{"@id":"https:\/\/vieassociative.be\/actualites\/comment-avoir-une-meilleure-relation-avec-votre-adolescent\/#primaryimage"},"thumbnailUrl":"https:\/\/vieassociative.be\/actualites\/wp-content\/uploads\/2024\/11\/Comment-avoir-une-meilleure-relation-avec-votre-adolescent.jpg","datePublished":"2024-11-14T23:17:37+00:00","dateModified":"2024-11-14T23:17:37+00:00","breadcrumb":{"@id":"https:\/\/vieassociative.be\/actualites\/comment-avoir-une-meilleure-relation-avec-votre-adolescent\/#breadcrumb"},"inLanguage":"fr-BE","potentialAction":[{"@type":"ReadAction","target":["https:\/\/vieassociative.be\/actualites\/comment-avoir-une-meilleure-relation-avec-votre-adolescent\/"]}]},{"@type":"ImageObject","inLanguage":"fr-BE","@id":"https:\/\/vieassociative.be\/actualites\/comment-avoir-une-meilleure-relation-avec-votre-adolescent\/#primaryimage","url":"https:\/\/vieassociative.be\/actualites\/wp-content\/uploads\/2024\/11\/Comment-avoir-une-meilleure-relation-avec-votre-adolescent.jpg","contentUrl":"https:\/\/vieassociative.be\/actualites\/wp-content\/uploads\/2024\/11\/Comment-avoir-une-meilleure-relation-avec-votre-adolescent.jpg","width":1200,"height":675,"caption":"Comment avoir une meilleure relation avec votre adolescent"},{"@type":"BreadcrumbList","@id":"https:\/\/vieassociative.be\/actualites\/comment-avoir-une-meilleure-relation-avec-votre-adolescent\/#breadcrumb","itemListElement":[{"@type":"ListItem","position":1,"name":"Accueil","item":"https:\/\/vieassociative.be\/actualites\/"},{"@type":"ListItem","position":2,"name":"Comment avoir une meilleure relation avec votre adolescent"}]},{"@type":"WebSite","@id":"https:\/\/vieassociative.be\/actualites\/#website","url":"https:\/\/vieassociative.be\/actualites\/","name":"Vie Associative","description":"","publisher":{"@id":"https:\/\/vieassociative.be\/actualites\/#organization"},"potentialAction":[{"@type":"SearchAction","target":{"@type":"EntryPoint","urlTemplate":"https:\/\/vieassociative.be\/actualites\/?s={search_term_string}"},"query-input":{"@type":"PropertyValueSpecification","valueRequired":true,"valueName":"search_term_string"}}],"inLanguage":"fr-BE"},{"@type":"Organization","@id":"https:\/\/vieassociative.be\/actualites\/#organization","name":"Vie Associative","url":"https:\/\/vieassociative.be\/actualites\/","logo":{"@type":"ImageObject","inLanguage":"fr-BE","@id":"https:\/\/vieassociative.be\/actualites\/#\/schema\/logo\/image\/","url":"https:\/\/vieassociative.be\/actualites\/wp-content\/uploads\/2024\/09\/cropped-vieassociative_favicon.ico.png","contentUrl":"https:\/\/vieassociative.be\/actualites\/wp-content\/uploads\/2024\/09\/cropped-vieassociative_favicon.ico.png","width":512,"height":512,"caption":"Vie Associative"},"image":{"@id":"https:\/\/vieassociative.be\/actualites\/#\/schema\/logo\/image\/"}},{"@type":"Person","@id":"https:\/\/vieassociative.be\/actualites\/#\/schema\/person\/b87ac4f82f9d4e7b7cec7395b679edc4","name":"Julien","image":{"@type":"ImageObject","inLanguage":"fr-BE","@id":"https:\/\/vieassociative.be\/actualites\/#\/schema\/person\/image\/","url":"https:\/\/vieassociative.be\/actualites\/wp-content\/uploads\/2024\/09\/vie-associative-1-150x150.jpg","contentUrl":"https:\/\/vieassociative.be\/actualites\/wp-content\/uploads\/2024\/09\/vie-associative-1-150x150.jpg","caption":"Julien"},"description":"Je suis Julien, r\u00e9dacteur pour Vie Associative. Passionn\u00e9 par le monde associatif depuis plus de 10 ans, j'ai \u00e0 c\u0153ur de partager des histoires inspirantes et de mettre en lumi\u00e8re les initiatives locales. Mon objectif est de sensibiliser et d'encourager l'engagement communautaire \u00e0 travers mes articles.","sameAs":["https:\/\/vieassociative.be\/"]}]}},"_links":{"self":[{"href":"https:\/\/vieassociative.be\/actualites\/wp-json\/wp\/v2\/posts\/2425"}],"collection":[{"href":"https:\/\/vieassociative.be\/actualites\/wp-json\/wp\/v2\/posts"}],"about":[{"href":"https:\/\/vieassociative.be\/actualites\/wp-json\/wp\/v2\/types\/post"}],"author":[{"embeddable":true,"href":"https:\/\/vieassociative.be\/actualites\/wp-json\/wp\/v2\/users\/1"}],"replies":[{"embeddable":true,"href":"https:\/\/vieassociative.be\/actualites\/wp-json\/wp\/v2\/comments?post=2425"}],"version-history":[{"count":0,"href":"https:\/\/vieassociative.be\/actualites\/wp-json\/wp\/v2\/posts\/2425\/revisions"}],"wp:featuredmedia":[{"embeddable":true,"href":"https:\/\/vieassociative.be\/actualites\/wp-json\/wp\/v2\/media\/2426"}],"wp:attachment":[{"href":"https:\/\/vieassociative.be\/actualites\/wp-json\/wp\/v2\/media?parent=2425"}],"wp:term":[{"taxonomy":"category","embeddable":true,"href":"https:\/\/vieassociative.be\/actualites\/wp-json\/wp\/v2\/categories?post=2425"},{"taxonomy":"post_tag","embeddable":true,"href":"https:\/\/vieassociative.be\/actualites\/wp-json\/wp\/v2\/tags?post=2425"}],"curies":[{"name":"wp","href":"https:\/\/api.w.org\/{rel}","templated":true}]}}