{"id":2417,"date":"2024-11-14T18:18:37","date_gmt":"2024-11-14T17:18:37","guid":{"rendered":"https:\/\/vieassociative.be\/actualites\/ne-laissez-pas-les-enfants-embrasser-votre-lezard-de-compagnie\/"},"modified":"2024-11-14T18:18:37","modified_gmt":"2024-11-14T17:18:37","slug":"ne-laissez-pas-les-enfants-embrasser-votre-lezard-de-compagnie","status":"publish","type":"post","link":"https:\/\/vieassociative.be\/actualites\/ne-laissez-pas-les-enfants-embrasser-votre-lezard-de-compagnie\/","title":{"rendered":"Ne laissez pas les enfants embrasser votre l\u00e9zard de compagnie"},"content":{"rendered":"<div class=\"mt-4 leading-6 md:mb-8\">Le CDC met en garde contre une autre \u00e9pid\u00e9mie de salmonelle li\u00e9e aux dragons barbus.<\/div>\n<p><\/p>\n<p>Les l\u00e9zards sont des animaux de compagnie vraiment sous-estim\u00e9s. Les dragons barbus en particulier sont intelligents, amicaux et amusants \u00e0 entretenir, il n&rsquo;est donc pas surprenant qu&rsquo;ils soient des animaux de compagnie populaires. Un avertissement cependant\u00a0: tout reptile de compagnie peut transporter <em>Salmonelle<\/em> bact\u00e9ries, et le CDC met en garde contre une r\u00e9cente \u00e9pid\u00e9mie de dragons barbus qui a touch\u00e9 des enfants.<\/p>\n<h2 id=\"reptiles-can-carry-salmonella\">Les reptiles peuvent transporter <em>Salmonelle<\/em><\/h2>\n<p>Cela devrait \u00eatre Reptile Care 101, mais beaucoup de gens semblent avoir manqu\u00e9 le message \u2013 ou ils le savent, mais sont devenus un peu laxistes en mati\u00e8re de protocole de s\u00e9curit\u00e9. Les reptiles et les amphibiens peuvent parfois transporter <em>Salmonelle<\/em> dans le cadre des \u00ab\u00a0bonnes\u00a0\u00bb bact\u00e9ries normales pr\u00e9sentes dans leur intestin. Cela signifie que vous pouvez avoir un animal en bonne sant\u00e9 qui peut vous rendre malade. <\/p>\n<p>Nous entendons parler de ces \u00e9pid\u00e9mies de temps en temps. Les tortues sont tellement porteuses de bact\u00e9ries que les b\u00e9b\u00e9s tortues ne peuvent pas \u00eatre vendus comme animaux de compagnie aux \u00c9tats-Unis (ce qui est probablement une bonne nouvelle pour les tortues, car la plupart des tortues deviennent plus grosses que les gens ne le pensent et sont souvent abandonn\u00e9es lorsqu&rsquo;elles deviennent trop grosses pour \u00eatre mignonnes. ) Vous vous souvenez peut-\u00eatre que l&rsquo;ann\u00e9e derni\u00e8re, le CDC nous avait demand\u00e9 d&rsquo;arr\u00eater d&#8217;embrasser les poulets de basse-cour, ce qui peut <em>aussi<\/em> porter <em>Salmonelle<\/em>. Les grenouilles, les iguanes, les serpents et autres animaux de compagnie reptiles et amphibiens peuvent \u00e9galement en \u00eatre porteurs.<\/p>\n<p>Maladie de <em>Salmonelle<\/em> est plus fr\u00e9quente chez les personnes de moins de 5 ans ou de plus de 65 ans, et les sympt\u00f4mes comprennent de la fi\u00e8vre, de la diarrh\u00e9e et des vomissements qui peuvent \u00eatre suffisamment graves pour que vous ne puissiez pas retenir les liquides. Le CDC vous conseille de consulter un m\u00e9decin si vous ou votre enfant pr\u00e9sentez l&rsquo;un de ces sympt\u00f4mes, ou des signes de d\u00e9shydratation, notamment le fait de ne pas beaucoup uriner ou d&rsquo;avoir des \u00e9tourdissements lorsque vous vous levez. <\/p>\n<h2 id=\"how-to-prevent-catching-salmonella-from-your-pet-reptile\">Comment \u00e9viter d&rsquo;attraper <em>Salmonelle<\/em> de votre reptile de compagnie<\/h2>\n<p>Devez-vous abandonner votre barbu bien-aim\u00e9 ? Pas du tout, mais vous devez \u00eatre conscient de ce qui constitue une manipulation s\u00fbre. <\/p>\n<p>Si vous \u00eates un humain adulte en bonne sant\u00e9, la principale chose que vous devez savoir est de vous laver les mains apr\u00e8s avoir manipul\u00e9 votre animal ou apr\u00e8s avoir effectu\u00e9 des t\u00e2ches de soin de votre animal, comme le nourrir ou nettoyer son enclos. (Un d\u00e9sinfectant pour les mains contenant au moins 60 % d\u2019alcool peut faire l\u2019affaire.) Vous devez vous laver les mains apr\u00e8s avoir \u00e9t\u00e9 en contact avec votre animal ou ses affaires, et avant de manger ou de boire. <\/p>\n<p>La bact\u00e9rie Salmonella peut \u00e9galement \u00eatre transf\u00e9r\u00e9e aux surfaces, alors n&rsquo;amenez pas votre animal dans la cuisine et n&rsquo;oubliez pas de vous laver les mains apr\u00e8s avoir touch\u00e9 des objets que votre animal a touch\u00e9s. <\/p>\n<h2 id=\"pet-reptiles-arent-for-children-under-5\">Les reptiles de compagnie ne sont pas destin\u00e9s aux enfants de moins de 5 ans<\/h2>\n<p>Aussi mignon que cela puisse para\u00eetre de voir votre enfant blottir contre un l\u00e9zard de compagnie, le CDC recommande aux enfants de moins de 5 ans de ne pas manipuler de reptiles de compagnie. Ce n\u2019est pas seulement parce que les petits enfants mettent tout dans leur bouche, m\u00eame si cela fait partie du probl\u00e8me. <\/p>\n<p>La v\u00e9ritable pr\u00e9occupation est que les enfants courent plus de risques que les adultes en bonne sant\u00e9 de tomber gravement malades. <em>Salmonelle<\/em>. Lors de la r\u00e9cente \u00e9pid\u00e9mie li\u00e9e aux dragons barbus, le CDC note qu&rsquo;environ la moiti\u00e9 des personnes tomb\u00e9es malades avaient moins d&rsquo;un an. (Jusqu\u2019\u00e0 pr\u00e9sent, 23 personnes sont tomb\u00e9es malades et 8 ont \u00e9t\u00e9 hospitalis\u00e9es.)<\/p>\n<p>Cela ne veut pas dire que tout le monde laissait son enfant baver directement sur un l\u00e9zard ; rappelez-vous que les bact\u00e9ries peuvent \u00eatre transmises sur les surfaces. Peut-\u00eatre que vous entendez votre enfant pleurer pendant que vous prenez soin de votre barbu, alors vous le remettez dans son r\u00e9servoir pour aller chercher votre enfant. Le CDC vous recommande de toujours vous laver les mains entre tenir ou prendre soin de votre reptile et tenir ou prendre soin de votre enfant. <\/p>\n<p>De m\u00eame, vous voudrez \u00e9viter les situations o\u00f9 l&rsquo;animal se prom\u00e8ne dans la m\u00eame pi\u00e8ce dans laquelle l&rsquo;enfant joue, et vous ne voudrez certainement pas laver le r\u00e9servoir, les bols de nourriture ou tout autre \u00e9quipement de l&rsquo;animal dans l&rsquo;\u00e9vier de la cuisine. Laver \u00e0 l\u2019ext\u00e9rieur ou dans une cuve \u00e0 lessive permettrait de mieux \u00e9loigner les germes des espaces de vie o\u00f9 l\u2019enfant pourrait les rencontrer. <\/p>\n<p>Outre les enfants, les personnes \u00e2g\u00e9es ou immunod\u00e9prim\u00e9es peuvent \u00e9galement courir un plus grand risque de tomber malade \u00e0 cause d&rsquo;un animal qui a <em>Salmonelle<\/em>. Malheureusement, il n&rsquo;est pas possible de tester avec pr\u00e9cision un reptile de compagnie pour <em>Salmonelle<\/em> (ils peuvent avoir un test n\u00e9gatif mais \u00eatre toujours porteurs de la bact\u00e9rie) ni pour les \u00ab gu\u00e9rir \u00bb de mani\u00e8re fiable, selon l&rsquo;Association des v\u00e9t\u00e9rinaires des reptiles et des amphibiens.<\/p>\n","protected":false},"excerpt":{"rendered":"<p>Le CDC met en garde contre une autre \u00e9pid\u00e9mie de salmonelle li\u00e9e aux dragons barbus. Les l\u00e9zards sont des animaux de compagnie vraiment sous-estim\u00e9s. Les<\/p>\n","protected":false},"author":1,"featured_media":2418,"comment_status":"","ping_status":"","sticky":false,"template":"","format":"standard","meta":{"footnotes":""},"categories":[37],"tags":[222,3180,324,1029,14,3181,126,8],"class_list":["post-2417","post","type-post","status-publish","format-standard","has-post-thumbnail","hentry","category-famille","tag-compagnie","tag-embrasser","tag-enfants","tag-laissez","tag-les","tag-lezard","tag-pas","tag-votre","generate-columns","tablet-grid-50","mobile-grid-100","grid-parent","grid-33"],"yoast_head":"<!-- This site is optimized with the Yoast SEO plugin v24.0 - https:\/\/yoast.com\/wordpress\/plugins\/seo\/ -->\n<title>Ne laissez pas les enfants embrasser votre l\u00e9zard de compagnie | Vie Associative<\/title>\n<meta name=\"robots\" content=\"index, follow, max-snippet:-1, max-image-preview:large, max-video-preview:-1\" \/>\n<link rel=\"canonical\" href=\"https:\/\/vieassociative.be\/actualites\/ne-laissez-pas-les-enfants-embrasser-votre-lezard-de-compagnie\/\" \/>\n<meta property=\"og:locale\" content=\"fr_FR\" \/>\n<meta property=\"og:type\" content=\"article\" \/>\n<meta property=\"og:title\" content=\"Ne laissez pas les enfants embrasser votre l\u00e9zard de compagnie | Vie Associative\" \/>\n<meta property=\"og:description\" content=\"Le CDC met en garde contre une autre \u00e9pid\u00e9mie de salmonelle li\u00e9e aux dragons barbus. Les l\u00e9zards sont des animaux de compagnie vraiment sous-estim\u00e9s. Les\" \/>\n<meta property=\"og:url\" content=\"https:\/\/vieassociative.be\/actualites\/ne-laissez-pas-les-enfants-embrasser-votre-lezard-de-compagnie\/\" \/>\n<meta property=\"og:site_name\" content=\"Vie Associative\" \/>\n<meta property=\"article:published_time\" content=\"2024-11-14T17:18:37+00:00\" \/>\n<meta property=\"og:image\" content=\"https:\/\/vieassociative.be\/actualites\/wp-content\/uploads\/2024\/09\/header_backgroundk-01-e1726694325946.png\" \/>\n\t<meta property=\"og:image:width\" content=\"279\" \/>\n\t<meta property=\"og:image:height\" content=\"92\" \/>\n\t<meta property=\"og:image:type\" content=\"image\/png\" \/>\n<meta name=\"author\" content=\"Julien\" \/>\n<meta name=\"twitter:card\" content=\"summary_large_image\" \/>\n<meta name=\"twitter:label1\" content=\"\u00c9crit par\" \/>\n\t<meta name=\"twitter:data1\" content=\"Julien\" \/>\n\t<meta name=\"twitter:label2\" content=\"Dur\u00e9e de lecture est.\" \/>\n\t<meta name=\"twitter:data2\" content=\"5 minutes\" \/>\n<script type=\"application\/ld+json\" class=\"yoast-schema-graph\">{\"@context\":\"https:\/\/schema.org\",\"@graph\":[{\"@type\":\"Article\",\"@id\":\"https:\/\/vieassociative.be\/actualites\/ne-laissez-pas-les-enfants-embrasser-votre-lezard-de-compagnie\/#article\",\"isPartOf\":{\"@id\":\"https:\/\/vieassociative.be\/actualites\/ne-laissez-pas-les-enfants-embrasser-votre-lezard-de-compagnie\/\"},\"author\":{\"name\":\"Julien\",\"@id\":\"https:\/\/vieassociative.be\/actualites\/#\/schema\/person\/b87ac4f82f9d4e7b7cec7395b679edc4\"},\"headline\":\"Ne laissez pas les enfants embrasser votre l\u00e9zard de compagnie\",\"datePublished\":\"2024-11-14T17:18:37+00:00\",\"dateModified\":\"2024-11-14T17:18:37+00:00\",\"mainEntityOfPage\":{\"@id\":\"https:\/\/vieassociative.be\/actualites\/ne-laissez-pas-les-enfants-embrasser-votre-lezard-de-compagnie\/\"},\"wordCount\":931,\"publisher\":{\"@id\":\"https:\/\/vieassociative.be\/actualites\/#organization\"},\"image\":{\"@id\":\"https:\/\/vieassociative.be\/actualites\/ne-laissez-pas-les-enfants-embrasser-votre-lezard-de-compagnie\/#primaryimage\"},\"thumbnailUrl\":\"https:\/\/vieassociative.be\/actualites\/wp-content\/uploads\/2024\/11\/Ne-laissez-pas-les-enfants-embrasser-votre-lezard-de-compagnie.jpg\",\"keywords\":[\"compagnie\",\"embrasser\",\"enfants\",\"laissez\",\"Les\",\"l\u00e9zard\",\"pas\",\"votre\"],\"articleSection\":[\"Famille\"],\"inLanguage\":\"fr-BE\"},{\"@type\":\"WebPage\",\"@id\":\"https:\/\/vieassociative.be\/actualites\/ne-laissez-pas-les-enfants-embrasser-votre-lezard-de-compagnie\/\",\"url\":\"https:\/\/vieassociative.be\/actualites\/ne-laissez-pas-les-enfants-embrasser-votre-lezard-de-compagnie\/\",\"name\":\"Ne laissez pas les enfants embrasser votre l\u00e9zard de compagnie | Vie Associative\",\"isPartOf\":{\"@id\":\"https:\/\/vieassociative.be\/actualites\/#website\"},\"primaryImageOfPage\":{\"@id\":\"https:\/\/vieassociative.be\/actualites\/ne-laissez-pas-les-enfants-embrasser-votre-lezard-de-compagnie\/#primaryimage\"},\"image\":{\"@id\":\"https:\/\/vieassociative.be\/actualites\/ne-laissez-pas-les-enfants-embrasser-votre-lezard-de-compagnie\/#primaryimage\"},\"thumbnailUrl\":\"https:\/\/vieassociative.be\/actualites\/wp-content\/uploads\/2024\/11\/Ne-laissez-pas-les-enfants-embrasser-votre-lezard-de-compagnie.jpg\",\"datePublished\":\"2024-11-14T17:18:37+00:00\",\"dateModified\":\"2024-11-14T17:18:37+00:00\",\"breadcrumb\":{\"@id\":\"https:\/\/vieassociative.be\/actualites\/ne-laissez-pas-les-enfants-embrasser-votre-lezard-de-compagnie\/#breadcrumb\"},\"inLanguage\":\"fr-BE\",\"potentialAction\":[{\"@type\":\"ReadAction\",\"target\":[\"https:\/\/vieassociative.be\/actualites\/ne-laissez-pas-les-enfants-embrasser-votre-lezard-de-compagnie\/\"]}]},{\"@type\":\"ImageObject\",\"inLanguage\":\"fr-BE\",\"@id\":\"https:\/\/vieassociative.be\/actualites\/ne-laissez-pas-les-enfants-embrasser-votre-lezard-de-compagnie\/#primaryimage\",\"url\":\"https:\/\/vieassociative.be\/actualites\/wp-content\/uploads\/2024\/11\/Ne-laissez-pas-les-enfants-embrasser-votre-lezard-de-compagnie.jpg\",\"contentUrl\":\"https:\/\/vieassociative.be\/actualites\/wp-content\/uploads\/2024\/11\/Ne-laissez-pas-les-enfants-embrasser-votre-lezard-de-compagnie.jpg\",\"width\":1200,\"height\":675,\"caption\":\"Ne laissez pas les enfants embrasser votre l\u00e9zard de compagnie\"},{\"@type\":\"BreadcrumbList\",\"@id\":\"https:\/\/vieassociative.be\/actualites\/ne-laissez-pas-les-enfants-embrasser-votre-lezard-de-compagnie\/#breadcrumb\",\"itemListElement\":[{\"@type\":\"ListItem\",\"position\":1,\"name\":\"Accueil\",\"item\":\"https:\/\/vieassociative.be\/actualites\/\"},{\"@type\":\"ListItem\",\"position\":2,\"name\":\"Ne laissez pas les enfants embrasser votre l\u00e9zard de compagnie\"}]},{\"@type\":\"WebSite\",\"@id\":\"https:\/\/vieassociative.be\/actualites\/#website\",\"url\":\"https:\/\/vieassociative.be\/actualites\/\",\"name\":\"Vie Associative\",\"description\":\"\",\"publisher\":{\"@id\":\"https:\/\/vieassociative.be\/actualites\/#organization\"},\"potentialAction\":[{\"@type\":\"SearchAction\",\"target\":{\"@type\":\"EntryPoint\",\"urlTemplate\":\"https:\/\/vieassociative.be\/actualites\/?s={search_term_string}\"},\"query-input\":{\"@type\":\"PropertyValueSpecification\",\"valueRequired\":true,\"valueName\":\"search_term_string\"}}],\"inLanguage\":\"fr-BE\"},{\"@type\":\"Organization\",\"@id\":\"https:\/\/vieassociative.be\/actualites\/#organization\",\"name\":\"Vie Associative\",\"url\":\"https:\/\/vieassociative.be\/actualites\/\",\"logo\":{\"@type\":\"ImageObject\",\"inLanguage\":\"fr-BE\",\"@id\":\"https:\/\/vieassociative.be\/actualites\/#\/schema\/logo\/image\/\",\"url\":\"https:\/\/vieassociative.be\/actualites\/wp-content\/uploads\/2024\/09\/cropped-vieassociative_favicon.ico.png\",\"contentUrl\":\"https:\/\/vieassociative.be\/actualites\/wp-content\/uploads\/2024\/09\/cropped-vieassociative_favicon.ico.png\",\"width\":512,\"height\":512,\"caption\":\"Vie Associative\"},\"image\":{\"@id\":\"https:\/\/vieassociative.be\/actualites\/#\/schema\/logo\/image\/\"}},{\"@type\":\"Person\",\"@id\":\"https:\/\/vieassociative.be\/actualites\/#\/schema\/person\/b87ac4f82f9d4e7b7cec7395b679edc4\",\"name\":\"Julien\",\"image\":{\"@type\":\"ImageObject\",\"inLanguage\":\"fr-BE\",\"@id\":\"https:\/\/vieassociative.be\/actualites\/#\/schema\/person\/image\/\",\"url\":\"https:\/\/vieassociative.be\/actualites\/wp-content\/uploads\/2024\/09\/vie-associative-1-150x150.jpg\",\"contentUrl\":\"https:\/\/vieassociative.be\/actualites\/wp-content\/uploads\/2024\/09\/vie-associative-1-150x150.jpg\",\"caption\":\"Julien\"},\"description\":\"Je suis Julien, r\u00e9dacteur pour Vie Associative. Passionn\u00e9 par le monde associatif depuis plus de 10 ans, j'ai \u00e0 c\u0153ur de partager des histoires inspirantes et de mettre en lumi\u00e8re les initiatives locales. Mon objectif est de sensibiliser et d'encourager l'engagement communautaire \u00e0 travers mes articles.\",\"sameAs\":[\"https:\/\/vieassociative.be\/\"]}]}<\/script>\n<!-- \/ Yoast SEO plugin. -->","yoast_head_json":{"title":"Ne laissez pas les enfants embrasser votre l\u00e9zard de compagnie | Vie Associative","robots":{"index":"index","follow":"follow","max-snippet":"max-snippet:-1","max-image-preview":"max-image-preview:large","max-video-preview":"max-video-preview:-1"},"canonical":"https:\/\/vieassociative.be\/actualites\/ne-laissez-pas-les-enfants-embrasser-votre-lezard-de-compagnie\/","og_locale":"fr_FR","og_type":"article","og_title":"Ne laissez pas les enfants embrasser votre l\u00e9zard de compagnie | Vie Associative","og_description":"Le CDC met en garde contre une autre \u00e9pid\u00e9mie de salmonelle li\u00e9e aux dragons barbus. Les l\u00e9zards sont des animaux de compagnie vraiment sous-estim\u00e9s. Les","og_url":"https:\/\/vieassociative.be\/actualites\/ne-laissez-pas-les-enfants-embrasser-votre-lezard-de-compagnie\/","og_site_name":"Vie Associative","article_published_time":"2024-11-14T17:18:37+00:00","og_image":[{"width":279,"height":92,"url":"https:\/\/vieassociative.be\/actualites\/wp-content\/uploads\/2024\/09\/header_backgroundk-01-e1726694325946.png","type":"image\/png"}],"author":"Julien","twitter_card":"summary_large_image","twitter_misc":{"\u00c9crit par":"Julien","Dur\u00e9e de lecture est.":"5 minutes"},"schema":{"@context":"https:\/\/schema.org","@graph":[{"@type":"Article","@id":"https:\/\/vieassociative.be\/actualites\/ne-laissez-pas-les-enfants-embrasser-votre-lezard-de-compagnie\/#article","isPartOf":{"@id":"https:\/\/vieassociative.be\/actualites\/ne-laissez-pas-les-enfants-embrasser-votre-lezard-de-compagnie\/"},"author":{"name":"Julien","@id":"https:\/\/vieassociative.be\/actualites\/#\/schema\/person\/b87ac4f82f9d4e7b7cec7395b679edc4"},"headline":"Ne laissez pas les enfants embrasser votre l\u00e9zard de compagnie","datePublished":"2024-11-14T17:18:37+00:00","dateModified":"2024-11-14T17:18:37+00:00","mainEntityOfPage":{"@id":"https:\/\/vieassociative.be\/actualites\/ne-laissez-pas-les-enfants-embrasser-votre-lezard-de-compagnie\/"},"wordCount":931,"publisher":{"@id":"https:\/\/vieassociative.be\/actualites\/#organization"},"image":{"@id":"https:\/\/vieassociative.be\/actualites\/ne-laissez-pas-les-enfants-embrasser-votre-lezard-de-compagnie\/#primaryimage"},"thumbnailUrl":"https:\/\/vieassociative.be\/actualites\/wp-content\/uploads\/2024\/11\/Ne-laissez-pas-les-enfants-embrasser-votre-lezard-de-compagnie.jpg","keywords":["compagnie","embrasser","enfants","laissez","Les","l\u00e9zard","pas","votre"],"articleSection":["Famille"],"inLanguage":"fr-BE"},{"@type":"WebPage","@id":"https:\/\/vieassociative.be\/actualites\/ne-laissez-pas-les-enfants-embrasser-votre-lezard-de-compagnie\/","url":"https:\/\/vieassociative.be\/actualites\/ne-laissez-pas-les-enfants-embrasser-votre-lezard-de-compagnie\/","name":"Ne laissez pas les enfants embrasser votre l\u00e9zard de compagnie | Vie Associative","isPartOf":{"@id":"https:\/\/vieassociative.be\/actualites\/#website"},"primaryImageOfPage":{"@id":"https:\/\/vieassociative.be\/actualites\/ne-laissez-pas-les-enfants-embrasser-votre-lezard-de-compagnie\/#primaryimage"},"image":{"@id":"https:\/\/vieassociative.be\/actualites\/ne-laissez-pas-les-enfants-embrasser-votre-lezard-de-compagnie\/#primaryimage"},"thumbnailUrl":"https:\/\/vieassociative.be\/actualites\/wp-content\/uploads\/2024\/11\/Ne-laissez-pas-les-enfants-embrasser-votre-lezard-de-compagnie.jpg","datePublished":"2024-11-14T17:18:37+00:00","dateModified":"2024-11-14T17:18:37+00:00","breadcrumb":{"@id":"https:\/\/vieassociative.be\/actualites\/ne-laissez-pas-les-enfants-embrasser-votre-lezard-de-compagnie\/#breadcrumb"},"inLanguage":"fr-BE","potentialAction":[{"@type":"ReadAction","target":["https:\/\/vieassociative.be\/actualites\/ne-laissez-pas-les-enfants-embrasser-votre-lezard-de-compagnie\/"]}]},{"@type":"ImageObject","inLanguage":"fr-BE","@id":"https:\/\/vieassociative.be\/actualites\/ne-laissez-pas-les-enfants-embrasser-votre-lezard-de-compagnie\/#primaryimage","url":"https:\/\/vieassociative.be\/actualites\/wp-content\/uploads\/2024\/11\/Ne-laissez-pas-les-enfants-embrasser-votre-lezard-de-compagnie.jpg","contentUrl":"https:\/\/vieassociative.be\/actualites\/wp-content\/uploads\/2024\/11\/Ne-laissez-pas-les-enfants-embrasser-votre-lezard-de-compagnie.jpg","width":1200,"height":675,"caption":"Ne laissez pas les enfants embrasser votre l\u00e9zard de compagnie"},{"@type":"BreadcrumbList","@id":"https:\/\/vieassociative.be\/actualites\/ne-laissez-pas-les-enfants-embrasser-votre-lezard-de-compagnie\/#breadcrumb","itemListElement":[{"@type":"ListItem","position":1,"name":"Accueil","item":"https:\/\/vieassociative.be\/actualites\/"},{"@type":"ListItem","position":2,"name":"Ne laissez pas les enfants embrasser votre l\u00e9zard de compagnie"}]},{"@type":"WebSite","@id":"https:\/\/vieassociative.be\/actualites\/#website","url":"https:\/\/vieassociative.be\/actualites\/","name":"Vie Associative","description":"","publisher":{"@id":"https:\/\/vieassociative.be\/actualites\/#organization"},"potentialAction":[{"@type":"SearchAction","target":{"@type":"EntryPoint","urlTemplate":"https:\/\/vieassociative.be\/actualites\/?s={search_term_string}"},"query-input":{"@type":"PropertyValueSpecification","valueRequired":true,"valueName":"search_term_string"}}],"inLanguage":"fr-BE"},{"@type":"Organization","@id":"https:\/\/vieassociative.be\/actualites\/#organization","name":"Vie Associative","url":"https:\/\/vieassociative.be\/actualites\/","logo":{"@type":"ImageObject","inLanguage":"fr-BE","@id":"https:\/\/vieassociative.be\/actualites\/#\/schema\/logo\/image\/","url":"https:\/\/vieassociative.be\/actualites\/wp-content\/uploads\/2024\/09\/cropped-vieassociative_favicon.ico.png","contentUrl":"https:\/\/vieassociative.be\/actualites\/wp-content\/uploads\/2024\/09\/cropped-vieassociative_favicon.ico.png","width":512,"height":512,"caption":"Vie Associative"},"image":{"@id":"https:\/\/vieassociative.be\/actualites\/#\/schema\/logo\/image\/"}},{"@type":"Person","@id":"https:\/\/vieassociative.be\/actualites\/#\/schema\/person\/b87ac4f82f9d4e7b7cec7395b679edc4","name":"Julien","image":{"@type":"ImageObject","inLanguage":"fr-BE","@id":"https:\/\/vieassociative.be\/actualites\/#\/schema\/person\/image\/","url":"https:\/\/vieassociative.be\/actualites\/wp-content\/uploads\/2024\/09\/vie-associative-1-150x150.jpg","contentUrl":"https:\/\/vieassociative.be\/actualites\/wp-content\/uploads\/2024\/09\/vie-associative-1-150x150.jpg","caption":"Julien"},"description":"Je suis Julien, r\u00e9dacteur pour Vie Associative. Passionn\u00e9 par le monde associatif depuis plus de 10 ans, j'ai \u00e0 c\u0153ur de partager des histoires inspirantes et de mettre en lumi\u00e8re les initiatives locales. Mon objectif est de sensibiliser et d'encourager l'engagement communautaire \u00e0 travers mes articles.","sameAs":["https:\/\/vieassociative.be\/"]}]}},"_links":{"self":[{"href":"https:\/\/vieassociative.be\/actualites\/wp-json\/wp\/v2\/posts\/2417"}],"collection":[{"href":"https:\/\/vieassociative.be\/actualites\/wp-json\/wp\/v2\/posts"}],"about":[{"href":"https:\/\/vieassociative.be\/actualites\/wp-json\/wp\/v2\/types\/post"}],"author":[{"embeddable":true,"href":"https:\/\/vieassociative.be\/actualites\/wp-json\/wp\/v2\/users\/1"}],"replies":[{"embeddable":true,"href":"https:\/\/vieassociative.be\/actualites\/wp-json\/wp\/v2\/comments?post=2417"}],"version-history":[{"count":0,"href":"https:\/\/vieassociative.be\/actualites\/wp-json\/wp\/v2\/posts\/2417\/revisions"}],"wp:featuredmedia":[{"embeddable":true,"href":"https:\/\/vieassociative.be\/actualites\/wp-json\/wp\/v2\/media\/2418"}],"wp:attachment":[{"href":"https:\/\/vieassociative.be\/actualites\/wp-json\/wp\/v2\/media?parent=2417"}],"wp:term":[{"taxonomy":"category","embeddable":true,"href":"https:\/\/vieassociative.be\/actualites\/wp-json\/wp\/v2\/categories?post=2417"},{"taxonomy":"post_tag","embeddable":true,"href":"https:\/\/vieassociative.be\/actualites\/wp-json\/wp\/v2\/tags?post=2417"}],"curies":[{"name":"wp","href":"https:\/\/api.w.org\/{rel}","templated":true}]}}