{"id":2415,"date":"2024-11-14T17:17:30","date_gmt":"2024-11-14T16:17:30","guid":{"rendered":"https:\/\/vieassociative.be\/actualites\/quoi-de-neuf-sur-paramount-avec-showtime-en-decembre-2023\/"},"modified":"2024-11-14T17:17:30","modified_gmt":"2024-11-14T16:17:30","slug":"quoi-de-neuf-sur-paramount-avec-showtime-en-decembre-2023","status":"publish","type":"post","link":"https:\/\/vieassociative.be\/actualites\/quoi-de-neuf-sur-paramount-avec-showtime-en-decembre-2023\/","title":{"rendered":"Quoi de neuf sur Paramount+ avec Showtime en d\u00e9cembre 2023"},"content":{"rendered":"<div class=\"mt-4 leading-6 md:mb-8\">D\u00e9couvrez un thriller sombre, une poign\u00e9e de documentaires et le film d&rsquo;animation \u00ab\u00a0Baby Shark&rsquo;s Big Movie\u00a0\u00bb.<\/div>\n<p><\/p>\n<p>La programmation de Paramount+ en d\u00e9cembre comprend la premi\u00e8re en streaming du thriller policier <em>Le meilleur genre<\/em> avec Jenna Ortega, Zendaya, Jake Gyllenhaal et Tommy Lee Jones. Le film, qui sortira le 15 d\u00e9cembre, a \u00e9t\u00e9 pr\u00e9sent\u00e9 en avant-premi\u00e8re au Festival du film de Toronto et suit l&rsquo;implication de deux fr\u00e8res dans un syndicat du crime de Boston. \u00c0 l\u2019oppos\u00e9 du spectre se trouve le film d\u2019animation adapt\u00e9 aux enfants. <em>Le grand film de Baby Shark<\/em> (doo-doo, doo-doo, doo-doo) \u00e0 venir le 8 d\u00e9cembre, avec les doublages d&rsquo;Ashley Tisdale, Cardi B et Lance Bass. <\/p>\n<div class=\"mx-auto mt-8 w-full max-w-4xl\">\n<div id=\"video-container-L10V_SQMO0E\"><\/div>\n<\/div>\n<p>Le service propose \u00e9galement une poign\u00e9e de documentaires en d\u00e9cembre. Le premier pour Paramount+ avec les abonn\u00e9s Showtime est <em>Le monde selon le football<\/em> (1er d\u00e9cembre), une s\u00e9rie en cinq parties racont\u00e9e par Trevor Noah. Chaque \u00e9pisode se concentre sur les probl\u00e8mes li\u00e9s au football dans un pays diff\u00e9rent, notamment le Br\u00e9sil, les \u00c9tats-Unis, le Royaume-Uni, la France et le Qatar. Ensuite, il y a <em>Thriller 40<\/em> (2 d\u00e9cembre), un film de 90 minutes sur la r\u00e9alisation de l&rsquo;album embl\u00e9matique de Michael Jackson. <\/p>\n<div class=\"mx-auto mt-8 w-full max-w-4xl\">\n<div id=\"video-container-YlPxt33aC_4\"><\/div>\n<\/div>\n<p>Enfin, tous les abonn\u00e9s peuvent attraper <em>N\u00e9 \u00e0 Synanon<\/em>une s\u00e9rie documentaire sur la vie d&rsquo;un membre qui a grandi dans une communaut\u00e9 devenue une secte. <\/p>\n<p>Voici tout ce qui arrivera au service en d\u00e9cembre. Notez que les titres marqu\u00e9s d&rsquo;un ast\u00e9risque sont exclusifs \u00e0 Paramount+ With Showtime ; tout le reste est \u00e9galement disponible pour les abonn\u00e9s au forfait financ\u00e9 par la publicit\u00e9.<\/p>\n<h2 id=\"paramount-originals-and-premieres-coming-in-december-2023\">Paramount+ Originals et premi\u00e8res \u00e0 venir en d\u00e9cembre 2023<\/h2>\n<h3>Arriv\u00e9e le 1er d\u00e9cembre<\/h3>\n<ul>\n<li>\n<p><em>Le monde selon le football<\/em>*, premi\u00e8re<\/p>\n<\/li>\n<\/ul>\n<h3>Arriv\u00e9e le 2 d\u00e9cembre<\/h3>\n<ul>\n<li>\n<p><em>Thriller 40<\/em>*, premi\u00e8re<\/p>\n<\/li>\n<\/ul>\n<h3>Arriv\u00e9e le 5 d\u00e9cembre<\/h3>\n<ul>\n<li>\n<p><em>Geddy Lee demande : les bassistes sont-ils aussi humains ?<\/em>premi\u00e8re<\/p>\n<\/li>\n<\/ul>\n<h3>Arriv\u00e9e le 7 d\u00e9cembre<\/h3>\n<ul>\n<li>\n<p><em>Les envoy\u00e9s<\/em> (Saison 2), premi\u00e8re<\/p>\n<\/li>\n<\/ul>\n<h3>Arriv\u00e9e le 8 d\u00e9cembre<\/h3>\n<ul>\n<li>\n<p><em>Le grand film de Baby Shark<\/em>premi\u00e8re<\/p>\n<\/li>\n<\/ul>\n<h3>Arriv\u00e9e le 11 d\u00e9cembre<\/h3>\n<ul>\n<li>\n<p><em>L\u2019objectif d\u2019un milliard de dollars<\/em>premi\u00e8re<\/p>\n<\/li>\n<\/ul>\n<h3>Arriv\u00e9e le 12 d\u00e9cembre<\/h3>\n<ul>\n<li>\n<p><em>N\u00e9 \u00e0 Synanon<\/em>premi\u00e8re<\/p>\n<\/li>\n<\/ul>\n<h3>Arriv\u00e9e le 15 d\u00e9cembre<\/h3>\n<ul>\n<li>\n<p><em>Le meilleur genre<\/em>premi\u00e8re<\/p>\n<\/li>\n<\/ul>\n<h2 id=\"tv-shows-coming-to-paramount-in-december-2023\">\u00c9missions de t\u00e9l\u00e9vision arrivant sur Paramount+ en d\u00e9cembre 2023<\/h2>\n<h3>Arriv\u00e9e le 1er d\u00e9cembre<\/h3>\n<ul>\n<li>\n<p><em>Bob l&rsquo;\u00e9ponge, c&rsquo;\u00e9tait la nuit avant le sp\u00e9cial SpongeMas<\/em><\/p>\n<\/li>\n<\/ul>\n<h3>Arriv\u00e9e le 2 d\u00e9cembre<\/h3>\n<ul>\n<li>\n<p><em>Robbie le renne<\/em><\/p>\n<\/li>\n<\/ul>\n<h3>Arriv\u00e9e le 4 d\u00e9cembre<\/h3>\n<ul>\n<li>\n<p><em>Le prix est correct la nuit de la semaine de No\u00ebl<\/em><\/p>\n<\/li>\n<\/ul>\n<h3>Arriv\u00e9e le 6 d\u00e9cembre<\/h3>\n<ul>\n<li>\n<p><em>Digman! <\/em>(Saison 1)<\/p>\n<\/li>\n<li>\n<p><em>D\u00e9lice<\/em> (Saison 3)<\/p>\n<\/li>\n<li>\n<p><em>Le rendez-vous myst\u00e9rieux de Ryan<\/em> (Saison 4)<\/p>\n<\/li>\n<\/ul>\n<h3>Arriv\u00e9e le 8 d\u00e9cembre<\/h3>\n<ul>\n<li>\n<p><em>Fant\u00f4mes Royaume-Uni<\/em> (Saison 2)<\/p>\n<\/li>\n<\/ul>\n<h3>Arriv\u00e9e le 10 d\u00e9cembre<\/h3>\n<ul>\n<li>\n<p><em>Un Grammy hommage \u00e0 50 ans de hip hop<\/em><\/p>\n<\/li>\n<\/ul>\n<h3>Arriv\u00e9e le 13 d\u00e9cembre<\/h3>\n<ul>\n<li>\n<p><em>Amour &#038; Hip Hop\u00a0: Miami<\/em> (Saison 4)<\/p>\n<\/li>\n<\/ul>\n<h3>Arriv\u00e9e le 15 d\u00e9cembre<\/h3>\n<ul>\n<li>\n<p><em>L&rsquo;\u00e9clairage national du sapin de No\u00ebl<\/em><\/p>\n<\/li>\n<\/ul>\n<h3>Arriv\u00e9e le 17 d\u00e9cembre<\/h3>\n<ul>\n<li>\n<p><em>Concert sp\u00e9cial pour la c\u00e9l\u00e9bration du 90e anniversaire de Willie Nelson<\/em><\/p>\n<\/li>\n<\/ul>\n<h3>Arriv\u00e9e le 22 d\u00e9cembre<\/h3>\n<ul>\n<li>\n<p><em>La 25e \u00e9dition d&rsquo;une maison pour les vacances<\/em><\/p>\n<\/li>\n<\/ul>\n<h3>Arriv\u00e9e le 23 d\u00e9cembre<\/h3>\n<ul>\n<li>\n<p><em>Des retours glacials<\/em><\/p>\n<\/li>\n<\/ul>\n<h3>Arriv\u00e9e le 27 d\u00e9cembre<\/h3>\n<ul>\n<li>\n<p><em>La 46e \u00e9dition des Kennedy Center Honors<\/em><\/p>\n<\/li>\n<\/ul>\n<h3>Arriv\u00e9e le 31 d\u00e9cembre<\/h3>\n<ul>\n<li>\n<p><em>R\u00e9veillon du Nouvel An en direct\u00a0: le Big Bash de Nashville<\/em><\/p>\n<\/li>\n<\/ul>\n<h2 id=\"movies-coming-to-paramount-in-december-2023\">Films \u00e0 venir sur Paramount+ en d\u00e9cembre 2023<\/h2>\n<h3>Arriv\u00e9e le 1er d\u00e9cembre<\/h3>\n<ul>\n<li>\n<p><em>10, all\u00e9e Cloverfield<\/em><\/p>\n<\/li>\n<li>\n<p><em>12 dates de No\u00ebl<\/em><\/p>\n<\/li>\n<li>\n<p><em>40 jours et 40 nuits<\/em><\/p>\n<\/li>\n<li>\n<p><em>Un No\u00ebl tr\u00e8s anglais<\/em><\/p>\n<\/li>\n<li>\n<p><em>Un No\u00ebl tr\u00e8s Harold &#038; Kumar<\/em><\/p>\n<\/li>\n<li>\n<p><em>Un No\u00ebl au vignoble<\/em><\/p>\n<\/li>\n<li>\n<p><em>Une promenade sur la Lune<\/em><\/p>\n<\/li>\n<li>\n<p><em>Monde adulte*<\/em><\/p>\n<\/li>\n<li>\n<p><em>Avion II\u00a0: la suite*<\/em><\/p>\n<\/li>\n<li>\n<p><em>Avion!*<\/em><\/p>\n<\/li>\n<li>\n<p><em>Bousculade am\u00e9ricaine*<\/em><\/p>\n<\/li>\n<li>\n<p><em>Coeur d&rsquo;ange<\/em><\/p>\n<\/li>\n<li>\n<p><em>Les Cendres d&rsquo;Ang\u00e8le*<\/em><\/p>\n<\/li>\n<li>\n<p><em>Barbara<\/em><\/p>\n<\/li>\n<li>\n<p><em>Pliez-le comme Beckham*<\/em><\/p>\n<\/li>\n<li>\n<p><em>Cam\u00e9ra corporelle<\/em><\/p>\n<\/li>\n<li>\n<p><em>Un c\u0153ur brave<\/em><\/p>\n<\/li>\n<li>\n<p><em>Caddyshack<\/em><\/p>\n<\/li>\n<li>\n<p><em>Transporteurs<\/em><\/p>\n<\/li>\n<li>\n<p><em>Cheech &#038; Chong fument toujours<\/em><\/p>\n<\/li>\n<li>\n<p><em>No\u00ebl aux chandelles<\/em><\/p>\n<\/li>\n<li>\n<p><em>Casanova de No\u00ebl<\/em><\/p>\n<\/li>\n<li>\n<p><em>Cupidon de No\u00ebl<\/em><\/p>\n<\/li>\n<li>\n<p><em>No\u00ebl en Ecosse<\/em><\/p>\n<\/li>\n<li>\n<p><em>Cloverfield<\/em><\/p>\n<\/li>\n<li>\n<p><em>Coupl\u00e9 pour No\u00ebl<\/em><\/p>\n<\/li>\n<li>\n<p><em>Crawl<\/em><\/p>\n<\/li>\n<li>\n<p><em>\u00c9tat critique*<\/em><\/p>\n<\/li>\n<li>\n<p><em>Pr\u00e9sidents morts*<\/em><\/p>\n<\/li>\n<li>\n<p><em>D\u00e9corez les couloirs<\/em><\/p>\n<\/li>\n<li>\n<p><em>Sale danse*<\/em><\/p>\n<\/li>\n<li>\n<p><em>Manger, aimer, Londres<\/em><\/p>\n<\/li>\n<li>\n<p><em>Emma (1996)<\/em><\/p>\n<\/li>\n<li>\n<p><em>Ernest sauve No\u00ebl<\/em><\/p>\n<\/li>\n<li>\n<p><em>Face\/Off*<\/em><\/p>\n<\/li>\n<li>\n<p><em>\u00c0 la recherche de Vivian Maier*<\/em><\/p>\n<\/li>\n<li>\n<p><em>Premier sang<\/em><\/p>\n<\/li>\n<li>\n<p><em>Florence Foster Jenkins*<\/em><\/p>\n<\/li>\n<li>\n<p><em>Grindhouse : Preuve de mort*<\/em><\/p>\n<\/li>\n<li>\n<p><em>Grindhouse\u00a0:\u00a0Terreur plan\u00e9taire*<\/em><\/p>\n<\/li>\n<li>\n<p><em>Hondo<\/em><\/p>\n<\/li>\n<li>\n<p><em>Comment Stella a retrouv\u00e9 son rythme*<\/em><\/p>\n<\/li>\n<li>\n<p><em>Je serai \u00e0 la maison pour No\u00ebl*<\/em><\/p>\n<\/li>\n<li>\n<p><em>Imaginez \u00e7a*<\/em><\/p>\n<\/li>\n<li>\n<p><em>Jack Reacher<\/em><\/p>\n<\/li>\n<li>\n<p><em>\u00c2ne num\u00e9ro deux<\/em><\/p>\n<\/li>\n<li>\n<p><em>Fille en maillot<\/em><\/p>\n<\/li>\n<li>\n<p><em>Le Faiseur de pluie de John Grisham<\/em><\/p>\n<\/li>\n<li>\n<p><em>Bruit joyeux<\/em><\/p>\n<\/li>\n<li>\n<p><em>Judas et le Messie noir<\/em><\/p>\n<\/li>\n<li>\n<p><em>Comme dans un film de No\u00ebl<\/em><\/p>\n<\/li>\n<li>\n<p><em>Lara Croft : Tomb Raider<\/em><\/p>\n<\/li>\n<li>\n<p><em>Pr\u00e9dicateur de mitrailleuses*<\/em><\/p>\n<\/li>\n<li>\n<p><em>La grande famille heureuse de Madea<\/em><\/p>\n<\/li>\n<li>\n<p><em>Megamind<\/em><\/p>\n<\/li>\n<li>\n<p><em>L&rsquo;argent du lait*<\/em><\/p>\n<\/li>\n<li>\n<p><em>Imiter*<\/em><\/p>\n<\/li>\n<li>\n<p><em>Imiter 2*<\/em><\/p>\n<\/li>\n<li>\n<p><em>Mimique 3 : Sentinelle*<\/em><\/p>\n<\/li>\n<li>\n<p><em>M\u00e8re!<\/em><\/p>\n<\/li>\n<li>\n<p><em>Joli b\u00e9b\u00e9*<\/em><\/p>\n<\/li>\n<li>\n<p><em>Rambo III<\/em><\/p>\n<\/li>\n<li>\n<p><em>Rambo\u00a0:\u00a0Premier Sang, Partie II<\/em><\/p>\n<\/li>\n<li>\n<p><em>ROUGE<\/em><\/p>\n<\/li>\n<li>\n<p><em>ROUGE 2<\/em><\/p>\n<\/li>\n<li>\n<p><em>Concernant Henri<\/em><\/p>\n<\/li>\n<li>\n<p><em>Hausse des gardiens<\/em><\/p>\n<\/li>\n<li>\n<p><em>Le b\u00e9b\u00e9 de Romarin<\/em><\/p>\n<\/li>\n<li>\n<p><em>Rondeurs<\/em><\/p>\n<\/li>\n<li>\n<p><em>Scrapeur*<\/em><\/p>\n<\/li>\n<li>\n<p><em>D\u00e9sactivez-le*<\/em><\/p>\n<\/li>\n<li>\n<p><em>Elle est tout \u00e7a<\/em><\/p>\n<\/li>\n<li>\n<p><em>Sir\u00e8nes<\/em><\/p>\n<\/li>\n<li>\n<p><em>Yeux de serpent\u00a0: les origines de GI Joe<\/em><\/p>\n<\/li>\n<li>\n<p><em>Contes du Darkside\u00a0: le film<\/em><\/p>\n<\/li>\n<li>\n<p><em>Tangerine*<\/em><\/p>\n<\/li>\n<li>\n<p><em>Enseigner \u00e0 Mme Tingle<\/em><\/p>\n<\/li>\n<li>\n<p><em>Cette chose que tu fais\u00a0!*<\/em><\/p>\n<\/li>\n<li>\n<p><em>La famille Addams <\/em>(1991)<\/p>\n<\/li>\n<li>\n<p><em>Le classique de No\u00ebl*<\/em><\/p>\n<\/li>\n<li>\n<p><em>La zone morte<\/em><\/p>\n<\/li>\n<li>\n<p><em>Le visage de l&rsquo;amour*<\/em><\/p>\n<\/li>\n<li>\n<p><em>Les tentations de combat<\/em><\/p>\n<\/li>\n<li>\n<p><em>Le fugitif<\/em><\/p>\n<\/li>\n<li>\n<p><em>Les heures<\/em><\/p>\n<\/li>\n<li>\n<p><em>Le g\u00e9ant de fer<\/em><\/p>\n<\/li>\n<li>\n<p><em>L&rsquo;homme \u00e0 dames<\/em><\/p>\n<\/li>\n<li>\n<p><em>La proph\u00e9tie*<\/em><\/p>\n<\/li>\n<li>\n<p><em>La Proph\u00e9tie 3 : L&rsquo;Ascension*<\/em><\/p>\n<\/li>\n<li>\n<p><em>La Proph\u00e9tie II*<\/em><\/p>\n<\/li>\n<li>\n<p><em>La proph\u00e9tie\u00a0:\u00a0Abandonn\u00e9*<\/em><\/p>\n<\/li>\n<li>\n<p><em>La proph\u00e9tie\u00a0:\u00a0soul\u00e8vement*<\/em><\/p>\n<\/li>\n<li>\n<p><em>La r\u00e9demption de Shawshank<\/em><\/p>\n<\/li>\n<li>\n<p><em>Le brillant<\/em><\/p>\n<\/li>\n<li>\n<p><em>La chose*<\/em><\/p>\n<\/li>\n<li>\n<p><em>La liste des choses \u00e0 faire<\/em><\/p>\n<\/li>\n<li>\n<p><em>Les suicides vierges<\/em><\/p>\n<\/li>\n<li>\n<p><em>Les mots<\/em><\/p>\n<\/li>\n<li>\n<p><em>Rappel total*<\/em><\/p>\n<\/li>\n<li>\n<p><em>Trainspotting<\/em><\/p>\n<\/li>\n<li>\n<p><em>Pi\u00e9g\u00e9 au paradis*<\/em><\/p>\n<\/li>\n<li>\n<p><em>Triple 9*<\/em><\/p>\n<\/li>\n<li>\n<p><em>Tordu<\/em><\/p>\n<\/li>\n<li>\n<p><em>En fum\u00e9e<\/em><\/p>\n<\/li>\n<li>\n<p><em>Guerre des mondes<\/em><\/p>\n<\/li>\n<li>\n<p><em>Qu&rsquo;est-ce qui mange du raisin Gilbert<\/em><\/p>\n<\/li>\n<li>\n<p><em>T\u00e9moin<\/em><\/p>\n<\/li>\n<li>\n<p><em>Les Hauts de Hurlevent*<\/em><\/p>\n<\/li>\n<\/ul>\n<h3>Arriv\u00e9e le 7 d\u00e9cembre<\/h3>\n<ul>\n<li>\n<p><em>Se pr\u00e9senter*<\/em><\/p>\n<\/li>\n<\/ul>\n<h3>Arriv\u00e9e le 9 d\u00e9cembre<\/h3>\n<ul>\n<li>\n<p><em>Transformers\u00a0: le dernier chevalier<\/em><\/p>\n<\/li>\n<\/ul>\n<h3>Arriv\u00e9e le 11 d\u00e9cembre<\/h3>\n<ul>\n<li>\n<p><em>Jules*<\/em><\/p>\n<\/li>\n<\/ul>\n<h3>Arriv\u00e9e le 20 d\u00e9cembre<\/h3>\n<ul>\n<li>\n<p><em>Golda*<\/em><\/p>\n<\/li>\n<\/ul>\n<h3>Arriv\u00e9e le 21 d\u00e9cembre<\/h3>\n<ul>\n<li>\n<p><em>Beau a peur*<\/em><\/p>\n<\/li>\n<\/ul>\n<h3>Arriv\u00e9e le 26 d\u00e9cembre<\/h3>\n<ul>\n<li>\n<p><em>Pas d&rsquo;\u00e9vasion*<\/em><\/p>\n<\/li>\n<\/ul>\n","protected":false},"excerpt":{"rendered":"<p>D\u00e9couvrez un thriller sombre, une poign\u00e9e de documentaires et le film d&rsquo;animation \u00ab\u00a0Baby Shark&rsquo;s Big Movie\u00a0\u00bb. La programmation de Paramount+ en d\u00e9cembre comprend la premi\u00e8re<\/p>\n","protected":false},"author":1,"featured_media":2416,"comment_status":"","ping_status":"","sticky":false,"template":"","format":"standard","meta":{"footnotes":""},"categories":[36],"tags":[61,3145,437,2665,202,2666,33],"class_list":["post-2415","post","type-post","status-publish","format-standard","has-post-thumbnail","hentry","category-divertissement","tag-avec","tag-decembre","tag-neuf","tag-paramount","tag-quoi","tag-showtime","tag-sur","generate-columns","tablet-grid-50","mobile-grid-100","grid-parent","grid-33"],"yoast_head":"<!-- This site is optimized with the Yoast SEO plugin v24.0 - https:\/\/yoast.com\/wordpress\/plugins\/seo\/ -->\n<title>Quoi de neuf sur Paramount+ avec Showtime en d\u00e9cembre 2023 | Vie Associative<\/title>\n<meta name=\"robots\" content=\"index, follow, max-snippet:-1, max-image-preview:large, max-video-preview:-1\" \/>\n<link rel=\"canonical\" href=\"https:\/\/vieassociative.be\/actualites\/quoi-de-neuf-sur-paramount-avec-showtime-en-decembre-2023\/\" \/>\n<meta property=\"og:locale\" content=\"fr_FR\" \/>\n<meta property=\"og:type\" content=\"article\" \/>\n<meta property=\"og:title\" content=\"Quoi de neuf sur Paramount+ avec Showtime en d\u00e9cembre 2023 | Vie Associative\" \/>\n<meta property=\"og:description\" content=\"D\u00e9couvrez un thriller sombre, une poign\u00e9e de documentaires et le film d&rsquo;animation \u00ab\u00a0Baby Shark&rsquo;s Big Movie\u00a0\u00bb. La programmation de Paramount+ en d\u00e9cembre comprend la premi\u00e8re\" \/>\n<meta property=\"og:url\" content=\"https:\/\/vieassociative.be\/actualites\/quoi-de-neuf-sur-paramount-avec-showtime-en-decembre-2023\/\" \/>\n<meta property=\"og:site_name\" content=\"Vie Associative\" \/>\n<meta property=\"article:published_time\" content=\"2024-11-14T16:17:30+00:00\" \/>\n<meta property=\"og:image\" content=\"https:\/\/vieassociative.be\/actualites\/wp-content\/uploads\/2024\/09\/header_backgroundk-01-e1726694325946.png\" \/>\n\t<meta property=\"og:image:width\" content=\"279\" \/>\n\t<meta property=\"og:image:height\" content=\"92\" \/>\n\t<meta property=\"og:image:type\" content=\"image\/png\" \/>\n<meta name=\"author\" content=\"Julien\" \/>\n<meta name=\"twitter:card\" content=\"summary_large_image\" \/>\n<meta name=\"twitter:label1\" content=\"\u00c9crit par\" \/>\n\t<meta name=\"twitter:data1\" content=\"Julien\" \/>\n\t<meta name=\"twitter:label2\" content=\"Dur\u00e9e de lecture est.\" \/>\n\t<meta name=\"twitter:data2\" content=\"5 minutes\" \/>\n<script type=\"application\/ld+json\" class=\"yoast-schema-graph\">{\"@context\":\"https:\/\/schema.org\",\"@graph\":[{\"@type\":\"Article\",\"@id\":\"https:\/\/vieassociative.be\/actualites\/quoi-de-neuf-sur-paramount-avec-showtime-en-decembre-2023\/#article\",\"isPartOf\":{\"@id\":\"https:\/\/vieassociative.be\/actualites\/quoi-de-neuf-sur-paramount-avec-showtime-en-decembre-2023\/\"},\"author\":{\"name\":\"Julien\",\"@id\":\"https:\/\/vieassociative.be\/actualites\/#\/schema\/person\/b87ac4f82f9d4e7b7cec7395b679edc4\"},\"headline\":\"Quoi de neuf sur Paramount+ avec Showtime en d\u00e9cembre 2023\",\"datePublished\":\"2024-11-14T16:17:30+00:00\",\"dateModified\":\"2024-11-14T16:17:30+00:00\",\"mainEntityOfPage\":{\"@id\":\"https:\/\/vieassociative.be\/actualites\/quoi-de-neuf-sur-paramount-avec-showtime-en-decembre-2023\/\"},\"wordCount\":988,\"publisher\":{\"@id\":\"https:\/\/vieassociative.be\/actualites\/#organization\"},\"image\":{\"@id\":\"https:\/\/vieassociative.be\/actualites\/quoi-de-neuf-sur-paramount-avec-showtime-en-decembre-2023\/#primaryimage\"},\"thumbnailUrl\":\"https:\/\/vieassociative.be\/actualites\/wp-content\/uploads\/2024\/11\/Quoi-de-neuf-sur-Paramount-avec-Showtime-en-decembre-2023.png\",\"keywords\":[\"avec\",\"d\u00e9cembre\",\"Neuf\",\"Paramount\",\"quoi\",\"Showtime\",\"sur\"],\"articleSection\":[\"Divertissement\"],\"inLanguage\":\"fr-BE\"},{\"@type\":\"WebPage\",\"@id\":\"https:\/\/vieassociative.be\/actualites\/quoi-de-neuf-sur-paramount-avec-showtime-en-decembre-2023\/\",\"url\":\"https:\/\/vieassociative.be\/actualites\/quoi-de-neuf-sur-paramount-avec-showtime-en-decembre-2023\/\",\"name\":\"Quoi de neuf sur Paramount+ avec Showtime en d\u00e9cembre 2023 | Vie Associative\",\"isPartOf\":{\"@id\":\"https:\/\/vieassociative.be\/actualites\/#website\"},\"primaryImageOfPage\":{\"@id\":\"https:\/\/vieassociative.be\/actualites\/quoi-de-neuf-sur-paramount-avec-showtime-en-decembre-2023\/#primaryimage\"},\"image\":{\"@id\":\"https:\/\/vieassociative.be\/actualites\/quoi-de-neuf-sur-paramount-avec-showtime-en-decembre-2023\/#primaryimage\"},\"thumbnailUrl\":\"https:\/\/vieassociative.be\/actualites\/wp-content\/uploads\/2024\/11\/Quoi-de-neuf-sur-Paramount-avec-Showtime-en-decembre-2023.png\",\"datePublished\":\"2024-11-14T16:17:30+00:00\",\"dateModified\":\"2024-11-14T16:17:30+00:00\",\"breadcrumb\":{\"@id\":\"https:\/\/vieassociative.be\/actualites\/quoi-de-neuf-sur-paramount-avec-showtime-en-decembre-2023\/#breadcrumb\"},\"inLanguage\":\"fr-BE\",\"potentialAction\":[{\"@type\":\"ReadAction\",\"target\":[\"https:\/\/vieassociative.be\/actualites\/quoi-de-neuf-sur-paramount-avec-showtime-en-decembre-2023\/\"]}]},{\"@type\":\"ImageObject\",\"inLanguage\":\"fr-BE\",\"@id\":\"https:\/\/vieassociative.be\/actualites\/quoi-de-neuf-sur-paramount-avec-showtime-en-decembre-2023\/#primaryimage\",\"url\":\"https:\/\/vieassociative.be\/actualites\/wp-content\/uploads\/2024\/11\/Quoi-de-neuf-sur-Paramount-avec-Showtime-en-decembre-2023.png\",\"contentUrl\":\"https:\/\/vieassociative.be\/actualites\/wp-content\/uploads\/2024\/11\/Quoi-de-neuf-sur-Paramount-avec-Showtime-en-decembre-2023.png\",\"width\":1200,\"height\":674,\"caption\":\"Quoi de neuf sur Paramount+ avec Showtime en d\u00e9cembre 2023\"},{\"@type\":\"BreadcrumbList\",\"@id\":\"https:\/\/vieassociative.be\/actualites\/quoi-de-neuf-sur-paramount-avec-showtime-en-decembre-2023\/#breadcrumb\",\"itemListElement\":[{\"@type\":\"ListItem\",\"position\":1,\"name\":\"Accueil\",\"item\":\"https:\/\/vieassociative.be\/actualites\/\"},{\"@type\":\"ListItem\",\"position\":2,\"name\":\"Quoi de neuf sur Paramount+ avec Showtime en d\u00e9cembre 2023\"}]},{\"@type\":\"WebSite\",\"@id\":\"https:\/\/vieassociative.be\/actualites\/#website\",\"url\":\"https:\/\/vieassociative.be\/actualites\/\",\"name\":\"Vie Associative\",\"description\":\"\",\"publisher\":{\"@id\":\"https:\/\/vieassociative.be\/actualites\/#organization\"},\"potentialAction\":[{\"@type\":\"SearchAction\",\"target\":{\"@type\":\"EntryPoint\",\"urlTemplate\":\"https:\/\/vieassociative.be\/actualites\/?s={search_term_string}\"},\"query-input\":{\"@type\":\"PropertyValueSpecification\",\"valueRequired\":true,\"valueName\":\"search_term_string\"}}],\"inLanguage\":\"fr-BE\"},{\"@type\":\"Organization\",\"@id\":\"https:\/\/vieassociative.be\/actualites\/#organization\",\"name\":\"Vie Associative\",\"url\":\"https:\/\/vieassociative.be\/actualites\/\",\"logo\":{\"@type\":\"ImageObject\",\"inLanguage\":\"fr-BE\",\"@id\":\"https:\/\/vieassociative.be\/actualites\/#\/schema\/logo\/image\/\",\"url\":\"https:\/\/vieassociative.be\/actualites\/wp-content\/uploads\/2024\/09\/cropped-vieassociative_favicon.ico.png\",\"contentUrl\":\"https:\/\/vieassociative.be\/actualites\/wp-content\/uploads\/2024\/09\/cropped-vieassociative_favicon.ico.png\",\"width\":512,\"height\":512,\"caption\":\"Vie Associative\"},\"image\":{\"@id\":\"https:\/\/vieassociative.be\/actualites\/#\/schema\/logo\/image\/\"}},{\"@type\":\"Person\",\"@id\":\"https:\/\/vieassociative.be\/actualites\/#\/schema\/person\/b87ac4f82f9d4e7b7cec7395b679edc4\",\"name\":\"Julien\",\"image\":{\"@type\":\"ImageObject\",\"inLanguage\":\"fr-BE\",\"@id\":\"https:\/\/vieassociative.be\/actualites\/#\/schema\/person\/image\/\",\"url\":\"https:\/\/vieassociative.be\/actualites\/wp-content\/uploads\/2024\/09\/vie-associative-1-150x150.jpg\",\"contentUrl\":\"https:\/\/vieassociative.be\/actualites\/wp-content\/uploads\/2024\/09\/vie-associative-1-150x150.jpg\",\"caption\":\"Julien\"},\"description\":\"Je suis Julien, r\u00e9dacteur pour Vie Associative. Passionn\u00e9 par le monde associatif depuis plus de 10 ans, j'ai \u00e0 c\u0153ur de partager des histoires inspirantes et de mettre en lumi\u00e8re les initiatives locales. Mon objectif est de sensibiliser et d'encourager l'engagement communautaire \u00e0 travers mes articles.\",\"sameAs\":[\"https:\/\/vieassociative.be\/\"]}]}<\/script>\n<!-- \/ Yoast SEO plugin. -->","yoast_head_json":{"title":"Quoi de neuf sur Paramount+ avec Showtime en d\u00e9cembre 2023 | Vie Associative","robots":{"index":"index","follow":"follow","max-snippet":"max-snippet:-1","max-image-preview":"max-image-preview:large","max-video-preview":"max-video-preview:-1"},"canonical":"https:\/\/vieassociative.be\/actualites\/quoi-de-neuf-sur-paramount-avec-showtime-en-decembre-2023\/","og_locale":"fr_FR","og_type":"article","og_title":"Quoi de neuf sur Paramount+ avec Showtime en d\u00e9cembre 2023 | Vie Associative","og_description":"D\u00e9couvrez un thriller sombre, une poign\u00e9e de documentaires et le film d&rsquo;animation \u00ab\u00a0Baby Shark&rsquo;s Big Movie\u00a0\u00bb. La programmation de Paramount+ en d\u00e9cembre comprend la premi\u00e8re","og_url":"https:\/\/vieassociative.be\/actualites\/quoi-de-neuf-sur-paramount-avec-showtime-en-decembre-2023\/","og_site_name":"Vie Associative","article_published_time":"2024-11-14T16:17:30+00:00","og_image":[{"width":279,"height":92,"url":"https:\/\/vieassociative.be\/actualites\/wp-content\/uploads\/2024\/09\/header_backgroundk-01-e1726694325946.png","type":"image\/png"}],"author":"Julien","twitter_card":"summary_large_image","twitter_misc":{"\u00c9crit par":"Julien","Dur\u00e9e de lecture est.":"5 minutes"},"schema":{"@context":"https:\/\/schema.org","@graph":[{"@type":"Article","@id":"https:\/\/vieassociative.be\/actualites\/quoi-de-neuf-sur-paramount-avec-showtime-en-decembre-2023\/#article","isPartOf":{"@id":"https:\/\/vieassociative.be\/actualites\/quoi-de-neuf-sur-paramount-avec-showtime-en-decembre-2023\/"},"author":{"name":"Julien","@id":"https:\/\/vieassociative.be\/actualites\/#\/schema\/person\/b87ac4f82f9d4e7b7cec7395b679edc4"},"headline":"Quoi de neuf sur Paramount+ avec Showtime en d\u00e9cembre 2023","datePublished":"2024-11-14T16:17:30+00:00","dateModified":"2024-11-14T16:17:30+00:00","mainEntityOfPage":{"@id":"https:\/\/vieassociative.be\/actualites\/quoi-de-neuf-sur-paramount-avec-showtime-en-decembre-2023\/"},"wordCount":988,"publisher":{"@id":"https:\/\/vieassociative.be\/actualites\/#organization"},"image":{"@id":"https:\/\/vieassociative.be\/actualites\/quoi-de-neuf-sur-paramount-avec-showtime-en-decembre-2023\/#primaryimage"},"thumbnailUrl":"https:\/\/vieassociative.be\/actualites\/wp-content\/uploads\/2024\/11\/Quoi-de-neuf-sur-Paramount-avec-Showtime-en-decembre-2023.png","keywords":["avec","d\u00e9cembre","Neuf","Paramount","quoi","Showtime","sur"],"articleSection":["Divertissement"],"inLanguage":"fr-BE"},{"@type":"WebPage","@id":"https:\/\/vieassociative.be\/actualites\/quoi-de-neuf-sur-paramount-avec-showtime-en-decembre-2023\/","url":"https:\/\/vieassociative.be\/actualites\/quoi-de-neuf-sur-paramount-avec-showtime-en-decembre-2023\/","name":"Quoi de neuf sur Paramount+ avec Showtime en d\u00e9cembre 2023 | Vie Associative","isPartOf":{"@id":"https:\/\/vieassociative.be\/actualites\/#website"},"primaryImageOfPage":{"@id":"https:\/\/vieassociative.be\/actualites\/quoi-de-neuf-sur-paramount-avec-showtime-en-decembre-2023\/#primaryimage"},"image":{"@id":"https:\/\/vieassociative.be\/actualites\/quoi-de-neuf-sur-paramount-avec-showtime-en-decembre-2023\/#primaryimage"},"thumbnailUrl":"https:\/\/vieassociative.be\/actualites\/wp-content\/uploads\/2024\/11\/Quoi-de-neuf-sur-Paramount-avec-Showtime-en-decembre-2023.png","datePublished":"2024-11-14T16:17:30+00:00","dateModified":"2024-11-14T16:17:30+00:00","breadcrumb":{"@id":"https:\/\/vieassociative.be\/actualites\/quoi-de-neuf-sur-paramount-avec-showtime-en-decembre-2023\/#breadcrumb"},"inLanguage":"fr-BE","potentialAction":[{"@type":"ReadAction","target":["https:\/\/vieassociative.be\/actualites\/quoi-de-neuf-sur-paramount-avec-showtime-en-decembre-2023\/"]}]},{"@type":"ImageObject","inLanguage":"fr-BE","@id":"https:\/\/vieassociative.be\/actualites\/quoi-de-neuf-sur-paramount-avec-showtime-en-decembre-2023\/#primaryimage","url":"https:\/\/vieassociative.be\/actualites\/wp-content\/uploads\/2024\/11\/Quoi-de-neuf-sur-Paramount-avec-Showtime-en-decembre-2023.png","contentUrl":"https:\/\/vieassociative.be\/actualites\/wp-content\/uploads\/2024\/11\/Quoi-de-neuf-sur-Paramount-avec-Showtime-en-decembre-2023.png","width":1200,"height":674,"caption":"Quoi de neuf sur Paramount+ avec Showtime en d\u00e9cembre 2023"},{"@type":"BreadcrumbList","@id":"https:\/\/vieassociative.be\/actualites\/quoi-de-neuf-sur-paramount-avec-showtime-en-decembre-2023\/#breadcrumb","itemListElement":[{"@type":"ListItem","position":1,"name":"Accueil","item":"https:\/\/vieassociative.be\/actualites\/"},{"@type":"ListItem","position":2,"name":"Quoi de neuf sur Paramount+ avec Showtime en d\u00e9cembre 2023"}]},{"@type":"WebSite","@id":"https:\/\/vieassociative.be\/actualites\/#website","url":"https:\/\/vieassociative.be\/actualites\/","name":"Vie Associative","description":"","publisher":{"@id":"https:\/\/vieassociative.be\/actualites\/#organization"},"potentialAction":[{"@type":"SearchAction","target":{"@type":"EntryPoint","urlTemplate":"https:\/\/vieassociative.be\/actualites\/?s={search_term_string}"},"query-input":{"@type":"PropertyValueSpecification","valueRequired":true,"valueName":"search_term_string"}}],"inLanguage":"fr-BE"},{"@type":"Organization","@id":"https:\/\/vieassociative.be\/actualites\/#organization","name":"Vie Associative","url":"https:\/\/vieassociative.be\/actualites\/","logo":{"@type":"ImageObject","inLanguage":"fr-BE","@id":"https:\/\/vieassociative.be\/actualites\/#\/schema\/logo\/image\/","url":"https:\/\/vieassociative.be\/actualites\/wp-content\/uploads\/2024\/09\/cropped-vieassociative_favicon.ico.png","contentUrl":"https:\/\/vieassociative.be\/actualites\/wp-content\/uploads\/2024\/09\/cropped-vieassociative_favicon.ico.png","width":512,"height":512,"caption":"Vie Associative"},"image":{"@id":"https:\/\/vieassociative.be\/actualites\/#\/schema\/logo\/image\/"}},{"@type":"Person","@id":"https:\/\/vieassociative.be\/actualites\/#\/schema\/person\/b87ac4f82f9d4e7b7cec7395b679edc4","name":"Julien","image":{"@type":"ImageObject","inLanguage":"fr-BE","@id":"https:\/\/vieassociative.be\/actualites\/#\/schema\/person\/image\/","url":"https:\/\/vieassociative.be\/actualites\/wp-content\/uploads\/2024\/09\/vie-associative-1-150x150.jpg","contentUrl":"https:\/\/vieassociative.be\/actualites\/wp-content\/uploads\/2024\/09\/vie-associative-1-150x150.jpg","caption":"Julien"},"description":"Je suis Julien, r\u00e9dacteur pour Vie Associative. Passionn\u00e9 par le monde associatif depuis plus de 10 ans, j'ai \u00e0 c\u0153ur de partager des histoires inspirantes et de mettre en lumi\u00e8re les initiatives locales. Mon objectif est de sensibiliser et d'encourager l'engagement communautaire \u00e0 travers mes articles.","sameAs":["https:\/\/vieassociative.be\/"]}]}},"_links":{"self":[{"href":"https:\/\/vieassociative.be\/actualites\/wp-json\/wp\/v2\/posts\/2415"}],"collection":[{"href":"https:\/\/vieassociative.be\/actualites\/wp-json\/wp\/v2\/posts"}],"about":[{"href":"https:\/\/vieassociative.be\/actualites\/wp-json\/wp\/v2\/types\/post"}],"author":[{"embeddable":true,"href":"https:\/\/vieassociative.be\/actualites\/wp-json\/wp\/v2\/users\/1"}],"replies":[{"embeddable":true,"href":"https:\/\/vieassociative.be\/actualites\/wp-json\/wp\/v2\/comments?post=2415"}],"version-history":[{"count":0,"href":"https:\/\/vieassociative.be\/actualites\/wp-json\/wp\/v2\/posts\/2415\/revisions"}],"wp:featuredmedia":[{"embeddable":true,"href":"https:\/\/vieassociative.be\/actualites\/wp-json\/wp\/v2\/media\/2416"}],"wp:attachment":[{"href":"https:\/\/vieassociative.be\/actualites\/wp-json\/wp\/v2\/media?parent=2415"}],"wp:term":[{"taxonomy":"category","embeddable":true,"href":"https:\/\/vieassociative.be\/actualites\/wp-json\/wp\/v2\/categories?post=2415"},{"taxonomy":"post_tag","embeddable":true,"href":"https:\/\/vieassociative.be\/actualites\/wp-json\/wp\/v2\/tags?post=2415"}],"curies":[{"name":"wp","href":"https:\/\/api.w.org\/{rel}","templated":true}]}}