{"id":2413,"date":"2024-11-14T15:17:11","date_gmt":"2024-11-14T14:17:11","guid":{"rendered":"https:\/\/vieassociative.be\/actualites\/les-diables-rouges-sans-beaucoup-mais-avec-romelu-lukaku-lequipe-nationale-belge-a-besoin-dun-sentiment-de-reussite\/"},"modified":"2024-11-14T15:17:11","modified_gmt":"2024-11-14T14:17:11","slug":"les-diables-rouges-sans-beaucoup-mais-avec-romelu-lukaku-lequipe-nationale-belge-a-besoin-dun-sentiment-de-reussite","status":"publish","type":"post","link":"https:\/\/vieassociative.be\/actualites\/les-diables-rouges-sans-beaucoup-mais-avec-romelu-lukaku-lequipe-nationale-belge-a-besoin-dun-sentiment-de-reussite\/","title":{"rendered":"Les Diables Rouges sans beaucoup, mais avec Romelu Lukaku \u2013 l&rsquo;\u00e9quipe nationale belge a besoin d&rsquo;un sentiment de r\u00e9ussite"},"content":{"rendered":"<p><strong>L&rsquo;\u00e9quipe nationale belge de football accueille l&rsquo;Italie en Ligue des Nations ce jeudi soir (20h45 \/ en direct sur RTL-TVI et vtm) dans le Stade Roi Baudouin \u00e0 guichets ferm\u00e9s \u00e0 Bruxelles. En cas de victoire, les Diables Rouges peuvent encore se qualifier pour les quarts de finale s&rsquo;ils remportent le dernier match contre Isra\u00ebl dimanche et que l&rsquo;Italie perd contre la France dans le m\u00eame temps.<\/strong><\/p>\n<p><span id=\"more-401749\"><\/span>Le match aller des Diables Rouges en Italie s&rsquo;est termin\u00e9 2-2 \u00e0 Rome le 10 octobre. La Belgique a connu un d\u00e9but d\u00e9sastreux, men\u00e9e 2-0 d\u00e8s le d\u00e9but et n&rsquo;a retrouv\u00e9 son chemin dans le match que gr\u00e2ce \u00e0 l&rsquo;expulsion de l&rsquo;Italien Lorenzo Pellegrini.<\/p>\n<p>Les Diables Rouges n&rsquo;ont plus remport\u00e9 de match officiel contre l&rsquo;Italie depuis le 13 mai 1972. La victoire 2-1 \u00e0 Anderlecht contre l&rsquo;Italie, alors vice-champion d&rsquo;Europe, en quarts de finale du Championnat d&rsquo;Europe, a jet\u00e9 les bases du premier grand succ\u00e8s de l&rsquo;\u00e9quipe nationale belge de football, qualifi\u00e9e pour le tour final du Championnat d&rsquo;Europe, qui eu lieu dans leur propre pays. L&rsquo;\u00e9quipe de l&rsquo;entra\u00eeneur Raymond Goethals a termin\u00e9 troisi\u00e8me aux Championnats d&rsquo;Europe.<\/p>\n<div id=\"attachment_399187\" class=\"wp-caption alignleft\" style=\"max-width: 300px\"><img fetchpriority=\"high\" decoding=\"async\" class=\"wp-image-399187 size-medium\" src=\"https:\/\/vieassociative.be\/actualites\/wp-content\/uploads\/2024\/11\/Les-Diables-Rouges-sans-beaucoup-mais-avec-Romelu-Lukaku-\u2013.jpg\" alt=\"\" width=\"300\" height=\"200\"><\/p>\n<p class=\"wp-caption-text\">10 octobre 2024, Italie, Rome : les joueurs italiens applaudissent avec Andrea Cambiaso (M) apr\u00e8s son but pour le faire 1-0. Photo : Alessandra Tarantino\/AP\/dpa<\/p>\n<\/div>\n<p>52 ans plus tard, la Belgique veut enfin remporter un autre match de comp\u00e9tition contre la Squadra Azzurra. Jusqu&rsquo;\u00e0 pr\u00e9sent, une seule victoire a \u00e9t\u00e9 remport\u00e9e lors d&rsquo;un match amical il y a exactement 25 ans, le 13 novembre 1999.<\/p>\n<p>Tout comme contre la France, le Stade Roi Baudouin sera complet ce soir, mais cela est principalement d\u00fb au fait que la France et l&rsquo;Italie sont des adversaires traditionnels et de premier ordre. Parce qu\u2019il n\u2019y a actuellement aucune euphorie parmi les supporters des Diables Rouges, les r\u00e9sultats depuis le Championnat d\u2019Europe 2024 en Allemagne sont trop mauvais. A la fin du match contre la France, \u00ab Tedesco d\u00e9mission \u00bb r\u00e9sonnait m\u00eame dans les tribunes.<\/p>\n<p>L&rsquo;\u00e9quipe nationale belge de football est en pleine reconstruction. Il y a beaucoup de talent, peut-\u00eatre m\u00eame plus qu&rsquo;\u00e0 l&rsquo;\u00e9poque de ce qu&rsquo;on appelle la G\u00e9n\u00e9ration Dor\u00e9e, mais il faut un peu plus de patience, comme l&rsquo;a expliqu\u00e9 le joueur national Amadou Onana. Les nostalgiques pleurent l&rsquo;\u00e9quipe qui a termin\u00e9 troisi\u00e8me \u00e0 la Coupe du monde 2018 en Russie et qui aurait m\u00eame pu devenir championne du monde, mais ils oublient que la g\u00e9n\u00e9ration dor\u00e9e a \u00e9galement connu de nombreux probl\u00e8mes au d\u00e9but. La Belgique a rat\u00e9 les Championnats d&rsquo;Europe 2008, la Coupe du monde 2010 et les Championnats d&rsquo;Europe 2012 avant que les choses ne reprennent apr\u00e8s la Coupe du monde 2014 au Br\u00e9sil.<\/p>\n<\/p>\n<div id=\"attachment_399183\" class=\"wp-caption alignleft\" style=\"max-width: 300px\"><img decoding=\"async\" class=\"wp-image-399183 size-medium\" src=\"https:\/\/vieassociative.be\/actualites\/wp-content\/uploads\/2024\/11\/1731593831_303_Les-Diables-Rouges-sans-beaucoup-mais-avec-Romelu-Lukaku-\u2013.jpg\" alt=\"\" width=\"300\" height=\"200\"><\/p>\n<p class=\"wp-caption-text\">10 octobre 2024, Italie, Rome : Federico Dimarco (l) d&rsquo;Italie contre J\u00e9r\u00e9my Doku de Belgique. Photo : Alessandra Tarantino\/AP\/dpa<\/p>\n<\/div>\n<p>Onana : \u00ab Il faut nous donner le temps de grandir en \u00e9quipe. Le fait qu\u2019autant de jeunes joueurs arrivent est une bonne chose pour le football belge. Je pense que nous pouvons \u00eatre tr\u00e8s satisfaits. \u00bb Certains des jeunes joueurs nationaux d\u2019aujourd\u2019hui sont d\u00e9j\u00e0 sous contrat avec de grands clubs europ\u00e9ens.<\/p>\n<p>A l\u2019issue de la Ligue des Nations 2024\/2025, la Belgique a absolument besoin d\u2019un sentiment de r\u00e9ussite face \u00e0 un adversaire costaud comme les Italiens. Si elle parvient \u00e0 s&rsquo;imposer contre Isra\u00ebl lors du dernier match \u00e0 Budapest dimanche, l&rsquo;\u00e9quipe de Domenico Tedesco pourrait m\u00eame atteindre les quarts de finale de la Ligue des Nations si la France s&rsquo;impose en Italie lors de la derni\u00e8re journ\u00e9e. Si ce n&rsquo;est pas le cas, il part en rel\u00e9gation.<\/p>\n<p>Dans le nouveau mode Ligue des Nations, les \u00e9quipes class\u00e9es premi\u00e8re et deuxi\u00e8me des groupes A acc\u00e8dent aux quarts de finale. Les quatre vainqueurs de la Ligue A rencontreront un deuxi\u00e8me et auront l&rsquo;avantage du terrain au match retour.<\/p>\n<p>Les nations qui joueront en Ligue B \u00e0 l\u2019avenir sont encore totalement ouvertes. Car actuellement aucune \u00e9quipe de la A-League n&rsquo;a \u00e9t\u00e9 rel\u00e9gu\u00e9e, m\u00eame si cela sera particuli\u00e8rement difficile pour certains. Par exemple, pour la Bosnie-Herz\u00e9govine : si l&rsquo;\u00e9quipe perd contre l&rsquo;Allemagne, elle est rel\u00e9gu\u00e9e. Et la Suisse doit \u00e9galement remporter le match \u00e0 domicile contre la Serbie dans son groupe vendredi pour rester en championnat.<\/p>\n<div id=\"attachment_399439\" class=\"wp-caption alignleft\" style=\"max-width: 300px\"><img decoding=\"async\" class=\"wp-image-399439 size-medium\" src=\"https:\/\/vieassociative.be\/actualites\/wp-content\/uploads\/2024\/11\/1731593831_661_Les-Diables-Rouges-sans-beaucoup-mais-avec-Romelu-Lukaku-\u2013.jpg\" alt=\"\" width=\"300\" height=\"200\"><\/p>\n<p class=\"wp-caption-text\">10 octobre 2024, Italie, Rome : Domenico Tedesco, entra\u00eeneur de Belgique, gestes en marge. Photo : Emmanuele Mastrodonato\/LiveMedia\/IPA via ZUMA Press\/dpa<\/p>\n<\/div>\n<p>Cependant, certaines grandes nations esp\u00e8rent une promotion dans la ligue B, notamment l&rsquo;Angleterre et l&rsquo;Autriche, ainsi que la Norv\u00e8ge avec la star Erling Haaland. Mais l&rsquo;Angleterre a encore du travail \u00e0 faire : la Gr\u00e8ce a remport\u00e9 tous les matchs du groupe B2 jusqu&rsquo;\u00e0 pr\u00e9sent, et il y aura un duel direct jeudi. Le vainqueur du groupe peut acc\u00e9der directement \u00e0 la Ligue A, l&rsquo;\u00e9quipe class\u00e9e deuxi\u00e8me doit participer aux s\u00e9ries \u00e9liminatoires contre une \u00e9quipe class\u00e9e troisi\u00e8me de la Ligue A.<\/p>\n<p>Contre l&rsquo;Italie, le s\u00e9lectionneur national belge Tedesco doit se passer d&rsquo;un certain nombre de joueurs nationaux. Outre le capitaine Kevin De Bruyne, Charles De Ketelaere, J\u00e9r\u00e9my Doku, Thomas Meunier et Youri Tielemans sont \u00e9galement port\u00e9s disparus. Mais Romelu Lukaku est de retour, qui a probablement encore plus manqu\u00e9 que De Bruyne lors des derniers matchs.<\/p>\n<p>La longue s\u00e9rie de blessures et les s\u00e9ries \u00e9liminatoires quasi simultan\u00e9es entre l&rsquo;\u00e9quipe nationale belge U21 et la R\u00e9publique tch\u00e8que sont \u00e9galement une belle opportunit\u00e9 pour de jeunes joueurs comme Rom\u00e9o Lavia, Samuel Mbangula, Arthur Vermeeren, Matte Smets, Kilian Sardella et d&rsquo;autres de briller. Ce qui est encore plus important pour la Belgique que la Ligue des Nations est la qualification pour la Coupe du monde 2026 aux \u00c9tats-Unis, au Mexique et au Canada, qui d\u00e9butera au printemps 2025. Le tirage au sort des groupes aura lieu d\u00e9but d\u00e9cembre 2024.<\/p>\n<p>Le match des Diables Rouges d&rsquo;aujourd&rsquo;hui est \u00e9galement un match risqu\u00e9 pour l&rsquo;entra\u00eeneur national belge Tedesco. Si la Belgique d\u00e9\u00e7oit \u00e9galement face \u00e0 l&rsquo;Italie, il ne serait plus certain que les Diables Rouges d\u00e9buteront au printemps les qualifications pour la Coupe du monde 2026 avec l&rsquo;Allemand-Italien. (cr\u00e9er)<\/p>\n","protected":false},"excerpt":{"rendered":"<p>L&rsquo;\u00e9quipe nationale belge de football accueille l&rsquo;Italie en Ligue des Nations ce jeudi soir (20h45 \/ en direct sur RTL-TVI et vtm) dans le Stade<\/p>\n","protected":false},"author":1,"featured_media":2414,"comment_status":"","ping_status":"","sticky":false,"template":"","format":"standard","meta":{"footnotes":""},"categories":[298],"tags":[61,1118,410,259,2389,354,537,14,3002,156,538,3179,3177,2366,130,3178],"class_list":["post-2413","post","type-post","status-publish","format-standard","has-post-thumbnail","hentry","category-belgique","tag-avec","tag-beaucoup","tag-belge","tag-besoin","tag-diables","tag-dun","tag-lequipe","tag-les","tag-lukaku","tag-mais","tag-nationale","tag-reussite","tag-romelu","tag-rouges","tag-sans","tag-sentiment","generate-columns","tablet-grid-50","mobile-grid-100","grid-parent","grid-33"],"yoast_head":"<!-- This site is optimized with the Yoast SEO plugin v24.0 - https:\/\/yoast.com\/wordpress\/plugins\/seo\/ -->\n<title>Les Diables Rouges sans beaucoup, mais avec Romelu Lukaku \u2013 l&#039;\u00e9quipe nationale belge a besoin d&#039;un sentiment de r\u00e9ussite | Vie Associative<\/title>\n<meta name=\"robots\" content=\"index, follow, max-snippet:-1, max-image-preview:large, max-video-preview:-1\" \/>\n<link rel=\"canonical\" href=\"https:\/\/vieassociative.be\/actualites\/les-diables-rouges-sans-beaucoup-mais-avec-romelu-lukaku-lequipe-nationale-belge-a-besoin-dun-sentiment-de-reussite\/\" \/>\n<meta property=\"og:locale\" content=\"fr_FR\" \/>\n<meta property=\"og:type\" content=\"article\" \/>\n<meta property=\"og:title\" content=\"Les Diables Rouges sans beaucoup, mais avec Romelu Lukaku \u2013 l&#039;\u00e9quipe nationale belge a besoin d&#039;un sentiment de r\u00e9ussite | Vie Associative\" \/>\n<meta property=\"og:description\" content=\"L&rsquo;\u00e9quipe nationale belge de football accueille l&rsquo;Italie en Ligue des Nations ce jeudi soir (20h45 \/ en direct sur RTL-TVI et vtm) dans le Stade\" \/>\n<meta property=\"og:url\" content=\"https:\/\/vieassociative.be\/actualites\/les-diables-rouges-sans-beaucoup-mais-avec-romelu-lukaku-lequipe-nationale-belge-a-besoin-dun-sentiment-de-reussite\/\" \/>\n<meta property=\"og:site_name\" content=\"Vie Associative\" \/>\n<meta property=\"article:published_time\" content=\"2024-11-14T14:17:11+00:00\" \/>\n<meta property=\"og:image\" content=\"https:\/\/vieassociative.be\/actualites\/wp-content\/uploads\/2024\/09\/header_backgroundk-01-e1726694325946.png\" \/>\n\t<meta property=\"og:image:width\" content=\"279\" \/>\n\t<meta property=\"og:image:height\" content=\"92\" \/>\n\t<meta property=\"og:image:type\" content=\"image\/png\" \/>\n<meta name=\"author\" content=\"Julien\" \/>\n<meta name=\"twitter:card\" content=\"summary_large_image\" \/>\n<meta name=\"twitter:label1\" content=\"\u00c9crit par\" \/>\n\t<meta name=\"twitter:data1\" content=\"Julien\" \/>\n\t<meta name=\"twitter:label2\" content=\"Dur\u00e9e de lecture est.\" \/>\n\t<meta name=\"twitter:data2\" content=\"5 minutes\" \/>\n<script type=\"application\/ld+json\" class=\"yoast-schema-graph\">{\"@context\":\"https:\/\/schema.org\",\"@graph\":[{\"@type\":\"Article\",\"@id\":\"https:\/\/vieassociative.be\/actualites\/les-diables-rouges-sans-beaucoup-mais-avec-romelu-lukaku-lequipe-nationale-belge-a-besoin-dun-sentiment-de-reussite\/#article\",\"isPartOf\":{\"@id\":\"https:\/\/vieassociative.be\/actualites\/les-diables-rouges-sans-beaucoup-mais-avec-romelu-lukaku-lequipe-nationale-belge-a-besoin-dun-sentiment-de-reussite\/\"},\"author\":{\"name\":\"Julien\",\"@id\":\"https:\/\/vieassociative.be\/actualites\/#\/schema\/person\/b87ac4f82f9d4e7b7cec7395b679edc4\"},\"headline\":\"Les Diables Rouges sans beaucoup, mais avec Romelu Lukaku \u2013 l&rsquo;\u00e9quipe nationale belge a besoin d&rsquo;un sentiment de r\u00e9ussite\",\"datePublished\":\"2024-11-14T14:17:11+00:00\",\"dateModified\":\"2024-11-14T14:17:11+00:00\",\"mainEntityOfPage\":{\"@id\":\"https:\/\/vieassociative.be\/actualites\/les-diables-rouges-sans-beaucoup-mais-avec-romelu-lukaku-lequipe-nationale-belge-a-besoin-dun-sentiment-de-reussite\/\"},\"wordCount\":1105,\"publisher\":{\"@id\":\"https:\/\/vieassociative.be\/actualites\/#organization\"},\"image\":{\"@id\":\"https:\/\/vieassociative.be\/actualites\/les-diables-rouges-sans-beaucoup-mais-avec-romelu-lukaku-lequipe-nationale-belge-a-besoin-dun-sentiment-de-reussite\/#primaryimage\"},\"thumbnailUrl\":\"https:\/\/vieassociative.be\/actualites\/wp-content\/uploads\/2024\/11\/1731593831_Les-Diables-Rouges-sans-beaucoup-mais-avec-Romelu-Lukaku-\u2013.jpg\",\"keywords\":[\"avec\",\"beaucoup\",\"belge\",\"besoin\",\"Diables\",\"dun\",\"l\u00e9quipe\",\"Les\",\"Lukaku\",\"mais\",\"nationale\",\"r\u00e9ussite\",\"Romelu\",\"rouges\",\"sans\",\"sentiment\"],\"articleSection\":[\"Belgique\"],\"inLanguage\":\"fr-BE\"},{\"@type\":\"WebPage\",\"@id\":\"https:\/\/vieassociative.be\/actualites\/les-diables-rouges-sans-beaucoup-mais-avec-romelu-lukaku-lequipe-nationale-belge-a-besoin-dun-sentiment-de-reussite\/\",\"url\":\"https:\/\/vieassociative.be\/actualites\/les-diables-rouges-sans-beaucoup-mais-avec-romelu-lukaku-lequipe-nationale-belge-a-besoin-dun-sentiment-de-reussite\/\",\"name\":\"Les Diables Rouges sans beaucoup, mais avec Romelu Lukaku \u2013 l'\u00e9quipe nationale belge a besoin d'un sentiment de r\u00e9ussite | Vie Associative\",\"isPartOf\":{\"@id\":\"https:\/\/vieassociative.be\/actualites\/#website\"},\"primaryImageOfPage\":{\"@id\":\"https:\/\/vieassociative.be\/actualites\/les-diables-rouges-sans-beaucoup-mais-avec-romelu-lukaku-lequipe-nationale-belge-a-besoin-dun-sentiment-de-reussite\/#primaryimage\"},\"image\":{\"@id\":\"https:\/\/vieassociative.be\/actualites\/les-diables-rouges-sans-beaucoup-mais-avec-romelu-lukaku-lequipe-nationale-belge-a-besoin-dun-sentiment-de-reussite\/#primaryimage\"},\"thumbnailUrl\":\"https:\/\/vieassociative.be\/actualites\/wp-content\/uploads\/2024\/11\/1731593831_Les-Diables-Rouges-sans-beaucoup-mais-avec-Romelu-Lukaku-\u2013.jpg\",\"datePublished\":\"2024-11-14T14:17:11+00:00\",\"dateModified\":\"2024-11-14T14:17:11+00:00\",\"breadcrumb\":{\"@id\":\"https:\/\/vieassociative.be\/actualites\/les-diables-rouges-sans-beaucoup-mais-avec-romelu-lukaku-lequipe-nationale-belge-a-besoin-dun-sentiment-de-reussite\/#breadcrumb\"},\"inLanguage\":\"fr-BE\",\"potentialAction\":[{\"@type\":\"ReadAction\",\"target\":[\"https:\/\/vieassociative.be\/actualites\/les-diables-rouges-sans-beaucoup-mais-avec-romelu-lukaku-lequipe-nationale-belge-a-besoin-dun-sentiment-de-reussite\/\"]}]},{\"@type\":\"ImageObject\",\"inLanguage\":\"fr-BE\",\"@id\":\"https:\/\/vieassociative.be\/actualites\/les-diables-rouges-sans-beaucoup-mais-avec-romelu-lukaku-lequipe-nationale-belge-a-besoin-dun-sentiment-de-reussite\/#primaryimage\",\"url\":\"https:\/\/vieassociative.be\/actualites\/wp-content\/uploads\/2024\/11\/1731593831_Les-Diables-Rouges-sans-beaucoup-mais-avec-Romelu-Lukaku-\u2013.jpg\",\"contentUrl\":\"https:\/\/vieassociative.be\/actualites\/wp-content\/uploads\/2024\/11\/1731593831_Les-Diables-Rouges-sans-beaucoup-mais-avec-Romelu-Lukaku-\u2013.jpg\",\"width\":1200,\"height\":800,\"caption\":\"Les Diables Rouges sans beaucoup, mais avec Romelu Lukaku \u2013 l'\u00e9quipe nationale belge a besoin d'un sentiment de r\u00e9ussite\"},{\"@type\":\"BreadcrumbList\",\"@id\":\"https:\/\/vieassociative.be\/actualites\/les-diables-rouges-sans-beaucoup-mais-avec-romelu-lukaku-lequipe-nationale-belge-a-besoin-dun-sentiment-de-reussite\/#breadcrumb\",\"itemListElement\":[{\"@type\":\"ListItem\",\"position\":1,\"name\":\"Accueil\",\"item\":\"https:\/\/vieassociative.be\/actualites\/\"},{\"@type\":\"ListItem\",\"position\":2,\"name\":\"Les Diables Rouges sans beaucoup, mais avec Romelu Lukaku \u2013 l&rsquo;\u00e9quipe nationale belge a besoin d&rsquo;un sentiment de r\u00e9ussite\"}]},{\"@type\":\"WebSite\",\"@id\":\"https:\/\/vieassociative.be\/actualites\/#website\",\"url\":\"https:\/\/vieassociative.be\/actualites\/\",\"name\":\"Vie Associative\",\"description\":\"\",\"publisher\":{\"@id\":\"https:\/\/vieassociative.be\/actualites\/#organization\"},\"potentialAction\":[{\"@type\":\"SearchAction\",\"target\":{\"@type\":\"EntryPoint\",\"urlTemplate\":\"https:\/\/vieassociative.be\/actualites\/?s={search_term_string}\"},\"query-input\":{\"@type\":\"PropertyValueSpecification\",\"valueRequired\":true,\"valueName\":\"search_term_string\"}}],\"inLanguage\":\"fr-BE\"},{\"@type\":\"Organization\",\"@id\":\"https:\/\/vieassociative.be\/actualites\/#organization\",\"name\":\"Vie Associative\",\"url\":\"https:\/\/vieassociative.be\/actualites\/\",\"logo\":{\"@type\":\"ImageObject\",\"inLanguage\":\"fr-BE\",\"@id\":\"https:\/\/vieassociative.be\/actualites\/#\/schema\/logo\/image\/\",\"url\":\"https:\/\/vieassociative.be\/actualites\/wp-content\/uploads\/2024\/09\/cropped-vieassociative_favicon.ico.png\",\"contentUrl\":\"https:\/\/vieassociative.be\/actualites\/wp-content\/uploads\/2024\/09\/cropped-vieassociative_favicon.ico.png\",\"width\":512,\"height\":512,\"caption\":\"Vie Associative\"},\"image\":{\"@id\":\"https:\/\/vieassociative.be\/actualites\/#\/schema\/logo\/image\/\"}},{\"@type\":\"Person\",\"@id\":\"https:\/\/vieassociative.be\/actualites\/#\/schema\/person\/b87ac4f82f9d4e7b7cec7395b679edc4\",\"name\":\"Julien\",\"image\":{\"@type\":\"ImageObject\",\"inLanguage\":\"fr-BE\",\"@id\":\"https:\/\/vieassociative.be\/actualites\/#\/schema\/person\/image\/\",\"url\":\"https:\/\/vieassociative.be\/actualites\/wp-content\/uploads\/2024\/09\/vie-associative-1-150x150.jpg\",\"contentUrl\":\"https:\/\/vieassociative.be\/actualites\/wp-content\/uploads\/2024\/09\/vie-associative-1-150x150.jpg\",\"caption\":\"Julien\"},\"description\":\"Je suis Julien, r\u00e9dacteur pour Vie Associative. Passionn\u00e9 par le monde associatif depuis plus de 10 ans, j'ai \u00e0 c\u0153ur de partager des histoires inspirantes et de mettre en lumi\u00e8re les initiatives locales. Mon objectif est de sensibiliser et d'encourager l'engagement communautaire \u00e0 travers mes articles.\",\"sameAs\":[\"https:\/\/vieassociative.be\/\"]}]}<\/script>\n<!-- \/ Yoast SEO plugin. -->","yoast_head_json":{"title":"Les Diables Rouges sans beaucoup, mais avec Romelu Lukaku \u2013 l'\u00e9quipe nationale belge a besoin d'un sentiment de r\u00e9ussite | Vie Associative","robots":{"index":"index","follow":"follow","max-snippet":"max-snippet:-1","max-image-preview":"max-image-preview:large","max-video-preview":"max-video-preview:-1"},"canonical":"https:\/\/vieassociative.be\/actualites\/les-diables-rouges-sans-beaucoup-mais-avec-romelu-lukaku-lequipe-nationale-belge-a-besoin-dun-sentiment-de-reussite\/","og_locale":"fr_FR","og_type":"article","og_title":"Les Diables Rouges sans beaucoup, mais avec Romelu Lukaku \u2013 l'\u00e9quipe nationale belge a besoin d'un sentiment de r\u00e9ussite | Vie Associative","og_description":"L&rsquo;\u00e9quipe nationale belge de football accueille l&rsquo;Italie en Ligue des Nations ce jeudi soir (20h45 \/ en direct sur RTL-TVI et vtm) dans le Stade","og_url":"https:\/\/vieassociative.be\/actualites\/les-diables-rouges-sans-beaucoup-mais-avec-romelu-lukaku-lequipe-nationale-belge-a-besoin-dun-sentiment-de-reussite\/","og_site_name":"Vie Associative","article_published_time":"2024-11-14T14:17:11+00:00","og_image":[{"width":279,"height":92,"url":"https:\/\/vieassociative.be\/actualites\/wp-content\/uploads\/2024\/09\/header_backgroundk-01-e1726694325946.png","type":"image\/png"}],"author":"Julien","twitter_card":"summary_large_image","twitter_misc":{"\u00c9crit par":"Julien","Dur\u00e9e de lecture est.":"5 minutes"},"schema":{"@context":"https:\/\/schema.org","@graph":[{"@type":"Article","@id":"https:\/\/vieassociative.be\/actualites\/les-diables-rouges-sans-beaucoup-mais-avec-romelu-lukaku-lequipe-nationale-belge-a-besoin-dun-sentiment-de-reussite\/#article","isPartOf":{"@id":"https:\/\/vieassociative.be\/actualites\/les-diables-rouges-sans-beaucoup-mais-avec-romelu-lukaku-lequipe-nationale-belge-a-besoin-dun-sentiment-de-reussite\/"},"author":{"name":"Julien","@id":"https:\/\/vieassociative.be\/actualites\/#\/schema\/person\/b87ac4f82f9d4e7b7cec7395b679edc4"},"headline":"Les Diables Rouges sans beaucoup, mais avec Romelu Lukaku \u2013 l&rsquo;\u00e9quipe nationale belge a besoin d&rsquo;un sentiment de r\u00e9ussite","datePublished":"2024-11-14T14:17:11+00:00","dateModified":"2024-11-14T14:17:11+00:00","mainEntityOfPage":{"@id":"https:\/\/vieassociative.be\/actualites\/les-diables-rouges-sans-beaucoup-mais-avec-romelu-lukaku-lequipe-nationale-belge-a-besoin-dun-sentiment-de-reussite\/"},"wordCount":1105,"publisher":{"@id":"https:\/\/vieassociative.be\/actualites\/#organization"},"image":{"@id":"https:\/\/vieassociative.be\/actualites\/les-diables-rouges-sans-beaucoup-mais-avec-romelu-lukaku-lequipe-nationale-belge-a-besoin-dun-sentiment-de-reussite\/#primaryimage"},"thumbnailUrl":"https:\/\/vieassociative.be\/actualites\/wp-content\/uploads\/2024\/11\/1731593831_Les-Diables-Rouges-sans-beaucoup-mais-avec-Romelu-Lukaku-\u2013.jpg","keywords":["avec","beaucoup","belge","besoin","Diables","dun","l\u00e9quipe","Les","Lukaku","mais","nationale","r\u00e9ussite","Romelu","rouges","sans","sentiment"],"articleSection":["Belgique"],"inLanguage":"fr-BE"},{"@type":"WebPage","@id":"https:\/\/vieassociative.be\/actualites\/les-diables-rouges-sans-beaucoup-mais-avec-romelu-lukaku-lequipe-nationale-belge-a-besoin-dun-sentiment-de-reussite\/","url":"https:\/\/vieassociative.be\/actualites\/les-diables-rouges-sans-beaucoup-mais-avec-romelu-lukaku-lequipe-nationale-belge-a-besoin-dun-sentiment-de-reussite\/","name":"Les Diables Rouges sans beaucoup, mais avec Romelu Lukaku \u2013 l'\u00e9quipe nationale belge a besoin d'un sentiment de r\u00e9ussite | Vie Associative","isPartOf":{"@id":"https:\/\/vieassociative.be\/actualites\/#website"},"primaryImageOfPage":{"@id":"https:\/\/vieassociative.be\/actualites\/les-diables-rouges-sans-beaucoup-mais-avec-romelu-lukaku-lequipe-nationale-belge-a-besoin-dun-sentiment-de-reussite\/#primaryimage"},"image":{"@id":"https:\/\/vieassociative.be\/actualites\/les-diables-rouges-sans-beaucoup-mais-avec-romelu-lukaku-lequipe-nationale-belge-a-besoin-dun-sentiment-de-reussite\/#primaryimage"},"thumbnailUrl":"https:\/\/vieassociative.be\/actualites\/wp-content\/uploads\/2024\/11\/1731593831_Les-Diables-Rouges-sans-beaucoup-mais-avec-Romelu-Lukaku-\u2013.jpg","datePublished":"2024-11-14T14:17:11+00:00","dateModified":"2024-11-14T14:17:11+00:00","breadcrumb":{"@id":"https:\/\/vieassociative.be\/actualites\/les-diables-rouges-sans-beaucoup-mais-avec-romelu-lukaku-lequipe-nationale-belge-a-besoin-dun-sentiment-de-reussite\/#breadcrumb"},"inLanguage":"fr-BE","potentialAction":[{"@type":"ReadAction","target":["https:\/\/vieassociative.be\/actualites\/les-diables-rouges-sans-beaucoup-mais-avec-romelu-lukaku-lequipe-nationale-belge-a-besoin-dun-sentiment-de-reussite\/"]}]},{"@type":"ImageObject","inLanguage":"fr-BE","@id":"https:\/\/vieassociative.be\/actualites\/les-diables-rouges-sans-beaucoup-mais-avec-romelu-lukaku-lequipe-nationale-belge-a-besoin-dun-sentiment-de-reussite\/#primaryimage","url":"https:\/\/vieassociative.be\/actualites\/wp-content\/uploads\/2024\/11\/1731593831_Les-Diables-Rouges-sans-beaucoup-mais-avec-Romelu-Lukaku-\u2013.jpg","contentUrl":"https:\/\/vieassociative.be\/actualites\/wp-content\/uploads\/2024\/11\/1731593831_Les-Diables-Rouges-sans-beaucoup-mais-avec-Romelu-Lukaku-\u2013.jpg","width":1200,"height":800,"caption":"Les Diables Rouges sans beaucoup, mais avec Romelu Lukaku \u2013 l'\u00e9quipe nationale belge a besoin d'un sentiment de r\u00e9ussite"},{"@type":"BreadcrumbList","@id":"https:\/\/vieassociative.be\/actualites\/les-diables-rouges-sans-beaucoup-mais-avec-romelu-lukaku-lequipe-nationale-belge-a-besoin-dun-sentiment-de-reussite\/#breadcrumb","itemListElement":[{"@type":"ListItem","position":1,"name":"Accueil","item":"https:\/\/vieassociative.be\/actualites\/"},{"@type":"ListItem","position":2,"name":"Les Diables Rouges sans beaucoup, mais avec Romelu Lukaku \u2013 l&rsquo;\u00e9quipe nationale belge a besoin d&rsquo;un sentiment de r\u00e9ussite"}]},{"@type":"WebSite","@id":"https:\/\/vieassociative.be\/actualites\/#website","url":"https:\/\/vieassociative.be\/actualites\/","name":"Vie Associative","description":"","publisher":{"@id":"https:\/\/vieassociative.be\/actualites\/#organization"},"potentialAction":[{"@type":"SearchAction","target":{"@type":"EntryPoint","urlTemplate":"https:\/\/vieassociative.be\/actualites\/?s={search_term_string}"},"query-input":{"@type":"PropertyValueSpecification","valueRequired":true,"valueName":"search_term_string"}}],"inLanguage":"fr-BE"},{"@type":"Organization","@id":"https:\/\/vieassociative.be\/actualites\/#organization","name":"Vie Associative","url":"https:\/\/vieassociative.be\/actualites\/","logo":{"@type":"ImageObject","inLanguage":"fr-BE","@id":"https:\/\/vieassociative.be\/actualites\/#\/schema\/logo\/image\/","url":"https:\/\/vieassociative.be\/actualites\/wp-content\/uploads\/2024\/09\/cropped-vieassociative_favicon.ico.png","contentUrl":"https:\/\/vieassociative.be\/actualites\/wp-content\/uploads\/2024\/09\/cropped-vieassociative_favicon.ico.png","width":512,"height":512,"caption":"Vie Associative"},"image":{"@id":"https:\/\/vieassociative.be\/actualites\/#\/schema\/logo\/image\/"}},{"@type":"Person","@id":"https:\/\/vieassociative.be\/actualites\/#\/schema\/person\/b87ac4f82f9d4e7b7cec7395b679edc4","name":"Julien","image":{"@type":"ImageObject","inLanguage":"fr-BE","@id":"https:\/\/vieassociative.be\/actualites\/#\/schema\/person\/image\/","url":"https:\/\/vieassociative.be\/actualites\/wp-content\/uploads\/2024\/09\/vie-associative-1-150x150.jpg","contentUrl":"https:\/\/vieassociative.be\/actualites\/wp-content\/uploads\/2024\/09\/vie-associative-1-150x150.jpg","caption":"Julien"},"description":"Je suis Julien, r\u00e9dacteur pour Vie Associative. Passionn\u00e9 par le monde associatif depuis plus de 10 ans, j'ai \u00e0 c\u0153ur de partager des histoires inspirantes et de mettre en lumi\u00e8re les initiatives locales. Mon objectif est de sensibiliser et d'encourager l'engagement communautaire \u00e0 travers mes articles.","sameAs":["https:\/\/vieassociative.be\/"]}]}},"_links":{"self":[{"href":"https:\/\/vieassociative.be\/actualites\/wp-json\/wp\/v2\/posts\/2413"}],"collection":[{"href":"https:\/\/vieassociative.be\/actualites\/wp-json\/wp\/v2\/posts"}],"about":[{"href":"https:\/\/vieassociative.be\/actualites\/wp-json\/wp\/v2\/types\/post"}],"author":[{"embeddable":true,"href":"https:\/\/vieassociative.be\/actualites\/wp-json\/wp\/v2\/users\/1"}],"replies":[{"embeddable":true,"href":"https:\/\/vieassociative.be\/actualites\/wp-json\/wp\/v2\/comments?post=2413"}],"version-history":[{"count":0,"href":"https:\/\/vieassociative.be\/actualites\/wp-json\/wp\/v2\/posts\/2413\/revisions"}],"wp:featuredmedia":[{"embeddable":true,"href":"https:\/\/vieassociative.be\/actualites\/wp-json\/wp\/v2\/media\/2414"}],"wp:attachment":[{"href":"https:\/\/vieassociative.be\/actualites\/wp-json\/wp\/v2\/media?parent=2413"}],"wp:term":[{"taxonomy":"category","embeddable":true,"href":"https:\/\/vieassociative.be\/actualites\/wp-json\/wp\/v2\/categories?post=2413"},{"taxonomy":"post_tag","embeddable":true,"href":"https:\/\/vieassociative.be\/actualites\/wp-json\/wp\/v2\/tags?post=2413"}],"curies":[{"name":"wp","href":"https:\/\/api.w.org\/{rel}","templated":true}]}}