{"id":2407,"date":"2024-11-14T12:17:06","date_gmt":"2024-11-14T11:17:06","guid":{"rendered":"https:\/\/vieassociative.be\/actualites\/comment-discipliner-un-enfant-sensible\/"},"modified":"2024-11-14T12:17:06","modified_gmt":"2024-11-14T11:17:06","slug":"comment-discipliner-un-enfant-sensible","status":"publish","type":"post","link":"https:\/\/vieassociative.be\/actualites\/comment-discipliner-un-enfant-sensible\/","title":{"rendered":"Comment discipliner un enfant sensible"},"content":{"rendered":"<div class=\"mt-4 leading-6 md:mb-8\">Si votre enfant a des \u00e9motions exacerb\u00e9es, vous devrez ajuster votre discipline en cons\u00e9quence.<\/div>\n<p><\/p>\n<p>Comme tous les parents le savent, il n\u2019y a pas deux enfants pareils et aucune strat\u00e9gie disciplinaire n\u2019est garantie de fonctionner pour chaque enfant. Compte tenu de la diversit\u00e9 des personnalit\u00e9s et des temp\u00e9raments, la parentalit\u00e9 n\u00e9cessite de s&rsquo;adapter aux besoins de chaque enfant, en trouvant les moyens les plus efficaces pour encourager certains comportements et en d\u00e9courager d&rsquo;autres. Il en va de m\u00eame si vous avez un enfant sensible, qui ressent tr\u00e8s fortement les \u00e9motions, bonnes et mauvaises. <\/p>\n<p>Compte tenu de l\u2019intensit\u00e9 de leurs sentiments, discipliner un enfant tr\u00e8s sensible peut sembler particuli\u00e8rement difficile, car cela peut d\u00e9clencher encore une nouvelle montagne russe \u00e9motionnelle. Cependant, cette sensibilit\u00e9 ne signifie pas que vous devez \u00e9viter la discipline ou que leurs \u00e9motions constituent un probl\u00e8me. Cela signifie simplement que votre enfant aura peut-\u00eatre besoin d\u2019un peu plus d\u2019aide pour apprendre \u00e0 r\u00e9guler ses \u00e9motions.<\/p>\n<h2 id=\"signs-you-have-a-sensitive-child\"><strong>Signes que vous avez un enfant sensible<\/strong> <\/h2>\n<p>Un enfant sensible ressent des \u00e9motions plus fortes que d\u2019habitude. Les signes d&rsquo;un enfant sensible incluent une tendance \u00e0 pleurer facilement, \u00e0 craindre d&rsquo;avoir des ennuis et \u00e0 avoir de grandes sautes d&rsquo;humeur, qu&rsquo;il devienne trop excit\u00e9, extr\u00eamement en col\u00e8re ou extr\u00eamement boulevers\u00e9. <\/p>\n<p>Certains signes suppl\u00e9mentaires incluent une escalade rapide des \u00e9motions, une r\u00e9action beaucoup plus importante \u00e0 un probl\u00e8me que pr\u00e9vu ou des difficult\u00e9s \u00e0 parler de leurs \u00e9motions. \u00ab\u00a0Un autre indicateur est que votre enfant r\u00e9agit de mani\u00e8re tr\u00e8s diff\u00e9rente \u00e0 vos m\u00e9thodes parentales que vos autres enfants\u00a0\u00bb, a d\u00e9clar\u00e9 Jami Dumler, travailleur social clinique agr\u00e9\u00e9 chez Thriveworks. <\/p>\n<p>Si vous avez un enfant sensible, il est important de garder \u00e0 l&rsquo;esprit que m\u00eame si ces \u00e9motions peuvent rendre la parentalit\u00e9 plus difficile, cela ne signifie pas que vous \u00eates un mauvais parent ou qu&rsquo;il est un mauvais enfant. \u00ab\u00a0Les enfants sensibles et profond\u00e9ment \u00e9motifs ont tendance \u00e0 vraiment remettre en question les approches parentales du statu quo et peuvent parfois sembler avoir de grandes difficult\u00e9s de comportement\u00a0\u00bb, a d\u00e9clar\u00e9 Dumler. \u00ab\u00a0Cependant, si vous vous souvenez que la racine de tout cela r\u00e9side dans leurs \u00e9motions profondes et leur sensibilit\u00e9 et qu&rsquo;ils ont simplement besoin d&rsquo;une approche diff\u00e9rente, cela vous permettra de rester ancr\u00e9 dans les moments difficiles.\u00a0\u00bb  <\/p>\n<h2 id=\"how-to-discipline-a-sensitive-child\"><strong>Comment discipliner un enfant sensible<\/strong> <\/h2>\n<p>Comme le conseille Verywell Family, ce n&rsquo;est pas une bonne id\u00e9e d&rsquo;\u00e9viter de discipliner votre enfant sensible par peur de ses r\u00e9actions. Comme ils le soulignent : \u00ab\u00a0Lorsque vous ignorez la discipline, vous refusez \u00e9galement \u00e0 votre enfant sensible la possibilit\u00e9 d\u2019apprendre et de grandir en subissant les cons\u00e9quences de ses actes, ce qui est essentiel \u00e0 un d\u00e9veloppement sain.\u00a0\u00bb Cependant, il existe quelques strat\u00e9gies suppl\u00e9mentaires qu&rsquo;il est utile de garder \u00e0 l&rsquo;esprit lors de la discipline d&rsquo;un enfant sensible, l&rsquo;une d&rsquo;elles consiste \u00e0 garder \u00e0 l&rsquo;esprit qu&rsquo;il a des \u00e9motions accrues et \u00e0 s&rsquo;adapter en cons\u00e9quence. <\/p>\n<p>  Dumler recommande de parler des sentiments et des comportements par petites \u00e9tapes, en s&rsquo;effor\u00e7ant d&rsquo;aborder cela avec empathie et curiosit\u00e9. \u00ab\u00a0Parce que les enfants (sensibles) ont souvent du mal \u00e0 parler de leurs \u00e9motions et \u00e0 les d\u00e9samorcer, il est important de se concentrer sur le modelage et de s&rsquo;engager dans des approches apaisantes lors d&rsquo;explosions, plut\u00f4t que d&rsquo;essayer d&rsquo;enseigner ou de traiter dans ces moments-l\u00e0\u00a0\u00bb, a d\u00e9clar\u00e9 Dumler. \u00ab\u00a0Une fois que votre enfant est calme, vous pouvez alors l&rsquo;aider \u00e0 lui enseigner des capacit\u00e9s d&rsquo;adaptation, \u00e0 lui parler en comprenant ce qui a d\u00e9clench\u00e9 ce sentiment et \u00e0 trouver de meilleures solutions au probl\u00e8me.\u00a0\u00bb Cependant, il faudra du temps pour parvenir \u00e0 cet \u00e9tat plus calme. <\/p>\n<p>En attendant, il est \u00e9galement tr\u00e8s important de ne pas consid\u00e9rer cette sensibilit\u00e9 comme une mauvaise chose, ni de parler n\u00e9gativement de ses r\u00e9actions exacerb\u00e9es, car cela peut donner \u00e0 l&rsquo;enfant le sentiment d&rsquo;\u00eatre de trop, alors que le seul probl\u00e8me est qu&rsquo;il ressent sa propre sensibilit\u00e9. \u00e9motions plus fortes que d\u2019autres. <\/p>\n<p>\u00ab\u00a0Les parents veulent \u00e9viter d&rsquo;utiliser un langage n\u00e9gatif comme un &lsquo;comportement de recherche d&rsquo;attention&rsquo; et des d\u00e9clarations de bl\u00e2me\u00a0\u00bb, a d\u00e9clar\u00e9 Dumler. \u00ab\u00a0Crier dessus, montrer de la frustration et mettre des enfants sensibles en pause ne fonctionnent souvent pas et envoient le message que les sentiments de l&rsquo;enfant sont trop forts et qu&rsquo;ils doivent aller les g\u00e9rer eux-m\u00eames.\u00a0\u00bb<\/p>\n<p>Certaines strat\u00e9gies suppl\u00e9mentaires consistent \u00e0 \u00e9tablir des limites claires, \u00e0 leur apprendre \u00e0 parler de leurs sentiments, \u00e0 f\u00e9liciter leurs efforts, \u00e0 leur apprendre \u00e0 r\u00e9soudre des probl\u00e8mes lorsqu&rsquo;ils sont frustr\u00e9s, \u00e0 utiliser des cons\u00e9quences logiques et \u00e9galement \u00e0 leur accorder beaucoup de temps d&rsquo;arr\u00eat pour les emp\u00eacher de devenir accabl\u00e9. <\/p>\n<p><\/p>\n","protected":false},"excerpt":{"rendered":"<p>Si votre enfant a des \u00e9motions exacerb\u00e9es, vous devrez ajuster votre discipline en cons\u00e9quence. Comme tous les parents le savent, il n\u2019y a pas deux<\/p>\n","protected":false},"author":1,"featured_media":2408,"comment_status":"","ping_status":"","sticky":false,"template":"","format":"standard","meta":{"footnotes":""},"categories":[37],"tags":[44,3173,295],"class_list":["post-2407","post","type-post","status-publish","format-standard","has-post-thumbnail","hentry","category-famille","tag-comment","tag-discipliner","tag-enfant","generate-columns","tablet-grid-50","mobile-grid-100","grid-parent","grid-33"],"yoast_head":"<!-- This site is optimized with the Yoast SEO plugin v24.0 - https:\/\/yoast.com\/wordpress\/plugins\/seo\/ -->\n<title>Comment discipliner un enfant sensible | Vie Associative<\/title>\n<meta name=\"robots\" content=\"index, follow, max-snippet:-1, max-image-preview:large, max-video-preview:-1\" \/>\n<link rel=\"canonical\" href=\"https:\/\/vieassociative.be\/actualites\/comment-discipliner-un-enfant-sensible\/\" \/>\n<meta property=\"og:locale\" content=\"fr_FR\" \/>\n<meta property=\"og:type\" content=\"article\" \/>\n<meta property=\"og:title\" content=\"Comment discipliner un enfant sensible | Vie Associative\" \/>\n<meta property=\"og:description\" content=\"Si votre enfant a des \u00e9motions exacerb\u00e9es, vous devrez ajuster votre discipline en cons\u00e9quence. Comme tous les parents le savent, il n\u2019y a pas deux\" \/>\n<meta property=\"og:url\" content=\"https:\/\/vieassociative.be\/actualites\/comment-discipliner-un-enfant-sensible\/\" \/>\n<meta property=\"og:site_name\" content=\"Vie Associative\" \/>\n<meta property=\"article:published_time\" content=\"2024-11-14T11:17:06+00:00\" \/>\n<meta property=\"og:image\" content=\"https:\/\/vieassociative.be\/actualites\/wp-content\/uploads\/2024\/09\/header_backgroundk-01-e1726694325946.png\" \/>\n\t<meta property=\"og:image:width\" content=\"279\" \/>\n\t<meta property=\"og:image:height\" content=\"92\" \/>\n\t<meta property=\"og:image:type\" content=\"image\/png\" \/>\n<meta name=\"author\" content=\"Julien\" \/>\n<meta name=\"twitter:card\" content=\"summary_large_image\" \/>\n<meta name=\"twitter:label1\" content=\"\u00c9crit par\" \/>\n\t<meta name=\"twitter:data1\" content=\"Julien\" \/>\n\t<meta name=\"twitter:label2\" content=\"Dur\u00e9e de lecture est.\" \/>\n\t<meta name=\"twitter:data2\" content=\"4 minutes\" \/>\n<script type=\"application\/ld+json\" class=\"yoast-schema-graph\">{\"@context\":\"https:\/\/schema.org\",\"@graph\":[{\"@type\":\"Article\",\"@id\":\"https:\/\/vieassociative.be\/actualites\/comment-discipliner-un-enfant-sensible\/#article\",\"isPartOf\":{\"@id\":\"https:\/\/vieassociative.be\/actualites\/comment-discipliner-un-enfant-sensible\/\"},\"author\":{\"name\":\"Julien\",\"@id\":\"https:\/\/vieassociative.be\/actualites\/#\/schema\/person\/b87ac4f82f9d4e7b7cec7395b679edc4\"},\"headline\":\"Comment discipliner un enfant sensible\",\"datePublished\":\"2024-11-14T11:17:06+00:00\",\"dateModified\":\"2024-11-14T11:17:06+00:00\",\"mainEntityOfPage\":{\"@id\":\"https:\/\/vieassociative.be\/actualites\/comment-discipliner-un-enfant-sensible\/\"},\"wordCount\":842,\"publisher\":{\"@id\":\"https:\/\/vieassociative.be\/actualites\/#organization\"},\"image\":{\"@id\":\"https:\/\/vieassociative.be\/actualites\/comment-discipliner-un-enfant-sensible\/#primaryimage\"},\"thumbnailUrl\":\"https:\/\/vieassociative.be\/actualites\/wp-content\/uploads\/2024\/11\/Comment-discipliner-un-enfant-sensible.jpg\",\"keywords\":[\"Comment\",\"discipliner\",\"enfant\"],\"articleSection\":[\"Famille\"],\"inLanguage\":\"fr-BE\"},{\"@type\":\"WebPage\",\"@id\":\"https:\/\/vieassociative.be\/actualites\/comment-discipliner-un-enfant-sensible\/\",\"url\":\"https:\/\/vieassociative.be\/actualites\/comment-discipliner-un-enfant-sensible\/\",\"name\":\"Comment discipliner un enfant sensible | Vie Associative\",\"isPartOf\":{\"@id\":\"https:\/\/vieassociative.be\/actualites\/#website\"},\"primaryImageOfPage\":{\"@id\":\"https:\/\/vieassociative.be\/actualites\/comment-discipliner-un-enfant-sensible\/#primaryimage\"},\"image\":{\"@id\":\"https:\/\/vieassociative.be\/actualites\/comment-discipliner-un-enfant-sensible\/#primaryimage\"},\"thumbnailUrl\":\"https:\/\/vieassociative.be\/actualites\/wp-content\/uploads\/2024\/11\/Comment-discipliner-un-enfant-sensible.jpg\",\"datePublished\":\"2024-11-14T11:17:06+00:00\",\"dateModified\":\"2024-11-14T11:17:06+00:00\",\"breadcrumb\":{\"@id\":\"https:\/\/vieassociative.be\/actualites\/comment-discipliner-un-enfant-sensible\/#breadcrumb\"},\"inLanguage\":\"fr-BE\",\"potentialAction\":[{\"@type\":\"ReadAction\",\"target\":[\"https:\/\/vieassociative.be\/actualites\/comment-discipliner-un-enfant-sensible\/\"]}]},{\"@type\":\"ImageObject\",\"inLanguage\":\"fr-BE\",\"@id\":\"https:\/\/vieassociative.be\/actualites\/comment-discipliner-un-enfant-sensible\/#primaryimage\",\"url\":\"https:\/\/vieassociative.be\/actualites\/wp-content\/uploads\/2024\/11\/Comment-discipliner-un-enfant-sensible.jpg\",\"contentUrl\":\"https:\/\/vieassociative.be\/actualites\/wp-content\/uploads\/2024\/11\/Comment-discipliner-un-enfant-sensible.jpg\",\"width\":1200,\"height\":675,\"caption\":\"Comment discipliner un enfant sensible\"},{\"@type\":\"BreadcrumbList\",\"@id\":\"https:\/\/vieassociative.be\/actualites\/comment-discipliner-un-enfant-sensible\/#breadcrumb\",\"itemListElement\":[{\"@type\":\"ListItem\",\"position\":1,\"name\":\"Accueil\",\"item\":\"https:\/\/vieassociative.be\/actualites\/\"},{\"@type\":\"ListItem\",\"position\":2,\"name\":\"Comment discipliner un enfant sensible\"}]},{\"@type\":\"WebSite\",\"@id\":\"https:\/\/vieassociative.be\/actualites\/#website\",\"url\":\"https:\/\/vieassociative.be\/actualites\/\",\"name\":\"Vie Associative\",\"description\":\"\",\"publisher\":{\"@id\":\"https:\/\/vieassociative.be\/actualites\/#organization\"},\"potentialAction\":[{\"@type\":\"SearchAction\",\"target\":{\"@type\":\"EntryPoint\",\"urlTemplate\":\"https:\/\/vieassociative.be\/actualites\/?s={search_term_string}\"},\"query-input\":{\"@type\":\"PropertyValueSpecification\",\"valueRequired\":true,\"valueName\":\"search_term_string\"}}],\"inLanguage\":\"fr-BE\"},{\"@type\":\"Organization\",\"@id\":\"https:\/\/vieassociative.be\/actualites\/#organization\",\"name\":\"Vie Associative\",\"url\":\"https:\/\/vieassociative.be\/actualites\/\",\"logo\":{\"@type\":\"ImageObject\",\"inLanguage\":\"fr-BE\",\"@id\":\"https:\/\/vieassociative.be\/actualites\/#\/schema\/logo\/image\/\",\"url\":\"https:\/\/vieassociative.be\/actualites\/wp-content\/uploads\/2024\/09\/cropped-vieassociative_favicon.ico.png\",\"contentUrl\":\"https:\/\/vieassociative.be\/actualites\/wp-content\/uploads\/2024\/09\/cropped-vieassociative_favicon.ico.png\",\"width\":512,\"height\":512,\"caption\":\"Vie Associative\"},\"image\":{\"@id\":\"https:\/\/vieassociative.be\/actualites\/#\/schema\/logo\/image\/\"}},{\"@type\":\"Person\",\"@id\":\"https:\/\/vieassociative.be\/actualites\/#\/schema\/person\/b87ac4f82f9d4e7b7cec7395b679edc4\",\"name\":\"Julien\",\"image\":{\"@type\":\"ImageObject\",\"inLanguage\":\"fr-BE\",\"@id\":\"https:\/\/vieassociative.be\/actualites\/#\/schema\/person\/image\/\",\"url\":\"https:\/\/vieassociative.be\/actualites\/wp-content\/uploads\/2024\/09\/vie-associative-1-150x150.jpg\",\"contentUrl\":\"https:\/\/vieassociative.be\/actualites\/wp-content\/uploads\/2024\/09\/vie-associative-1-150x150.jpg\",\"caption\":\"Julien\"},\"description\":\"Je suis Julien, r\u00e9dacteur pour Vie Associative. Passionn\u00e9 par le monde associatif depuis plus de 10 ans, j'ai \u00e0 c\u0153ur de partager des histoires inspirantes et de mettre en lumi\u00e8re les initiatives locales. Mon objectif est de sensibiliser et d'encourager l'engagement communautaire \u00e0 travers mes articles.\",\"sameAs\":[\"https:\/\/vieassociative.be\/\"]}]}<\/script>\n<!-- \/ Yoast SEO plugin. -->","yoast_head_json":{"title":"Comment discipliner un enfant sensible | Vie Associative","robots":{"index":"index","follow":"follow","max-snippet":"max-snippet:-1","max-image-preview":"max-image-preview:large","max-video-preview":"max-video-preview:-1"},"canonical":"https:\/\/vieassociative.be\/actualites\/comment-discipliner-un-enfant-sensible\/","og_locale":"fr_FR","og_type":"article","og_title":"Comment discipliner un enfant sensible | Vie Associative","og_description":"Si votre enfant a des \u00e9motions exacerb\u00e9es, vous devrez ajuster votre discipline en cons\u00e9quence. Comme tous les parents le savent, il n\u2019y a pas deux","og_url":"https:\/\/vieassociative.be\/actualites\/comment-discipliner-un-enfant-sensible\/","og_site_name":"Vie Associative","article_published_time":"2024-11-14T11:17:06+00:00","og_image":[{"width":279,"height":92,"url":"https:\/\/vieassociative.be\/actualites\/wp-content\/uploads\/2024\/09\/header_backgroundk-01-e1726694325946.png","type":"image\/png"}],"author":"Julien","twitter_card":"summary_large_image","twitter_misc":{"\u00c9crit par":"Julien","Dur\u00e9e de lecture est.":"4 minutes"},"schema":{"@context":"https:\/\/schema.org","@graph":[{"@type":"Article","@id":"https:\/\/vieassociative.be\/actualites\/comment-discipliner-un-enfant-sensible\/#article","isPartOf":{"@id":"https:\/\/vieassociative.be\/actualites\/comment-discipliner-un-enfant-sensible\/"},"author":{"name":"Julien","@id":"https:\/\/vieassociative.be\/actualites\/#\/schema\/person\/b87ac4f82f9d4e7b7cec7395b679edc4"},"headline":"Comment discipliner un enfant sensible","datePublished":"2024-11-14T11:17:06+00:00","dateModified":"2024-11-14T11:17:06+00:00","mainEntityOfPage":{"@id":"https:\/\/vieassociative.be\/actualites\/comment-discipliner-un-enfant-sensible\/"},"wordCount":842,"publisher":{"@id":"https:\/\/vieassociative.be\/actualites\/#organization"},"image":{"@id":"https:\/\/vieassociative.be\/actualites\/comment-discipliner-un-enfant-sensible\/#primaryimage"},"thumbnailUrl":"https:\/\/vieassociative.be\/actualites\/wp-content\/uploads\/2024\/11\/Comment-discipliner-un-enfant-sensible.jpg","keywords":["Comment","discipliner","enfant"],"articleSection":["Famille"],"inLanguage":"fr-BE"},{"@type":"WebPage","@id":"https:\/\/vieassociative.be\/actualites\/comment-discipliner-un-enfant-sensible\/","url":"https:\/\/vieassociative.be\/actualites\/comment-discipliner-un-enfant-sensible\/","name":"Comment discipliner un enfant sensible | Vie Associative","isPartOf":{"@id":"https:\/\/vieassociative.be\/actualites\/#website"},"primaryImageOfPage":{"@id":"https:\/\/vieassociative.be\/actualites\/comment-discipliner-un-enfant-sensible\/#primaryimage"},"image":{"@id":"https:\/\/vieassociative.be\/actualites\/comment-discipliner-un-enfant-sensible\/#primaryimage"},"thumbnailUrl":"https:\/\/vieassociative.be\/actualites\/wp-content\/uploads\/2024\/11\/Comment-discipliner-un-enfant-sensible.jpg","datePublished":"2024-11-14T11:17:06+00:00","dateModified":"2024-11-14T11:17:06+00:00","breadcrumb":{"@id":"https:\/\/vieassociative.be\/actualites\/comment-discipliner-un-enfant-sensible\/#breadcrumb"},"inLanguage":"fr-BE","potentialAction":[{"@type":"ReadAction","target":["https:\/\/vieassociative.be\/actualites\/comment-discipliner-un-enfant-sensible\/"]}]},{"@type":"ImageObject","inLanguage":"fr-BE","@id":"https:\/\/vieassociative.be\/actualites\/comment-discipliner-un-enfant-sensible\/#primaryimage","url":"https:\/\/vieassociative.be\/actualites\/wp-content\/uploads\/2024\/11\/Comment-discipliner-un-enfant-sensible.jpg","contentUrl":"https:\/\/vieassociative.be\/actualites\/wp-content\/uploads\/2024\/11\/Comment-discipliner-un-enfant-sensible.jpg","width":1200,"height":675,"caption":"Comment discipliner un enfant sensible"},{"@type":"BreadcrumbList","@id":"https:\/\/vieassociative.be\/actualites\/comment-discipliner-un-enfant-sensible\/#breadcrumb","itemListElement":[{"@type":"ListItem","position":1,"name":"Accueil","item":"https:\/\/vieassociative.be\/actualites\/"},{"@type":"ListItem","position":2,"name":"Comment discipliner un enfant sensible"}]},{"@type":"WebSite","@id":"https:\/\/vieassociative.be\/actualites\/#website","url":"https:\/\/vieassociative.be\/actualites\/","name":"Vie Associative","description":"","publisher":{"@id":"https:\/\/vieassociative.be\/actualites\/#organization"},"potentialAction":[{"@type":"SearchAction","target":{"@type":"EntryPoint","urlTemplate":"https:\/\/vieassociative.be\/actualites\/?s={search_term_string}"},"query-input":{"@type":"PropertyValueSpecification","valueRequired":true,"valueName":"search_term_string"}}],"inLanguage":"fr-BE"},{"@type":"Organization","@id":"https:\/\/vieassociative.be\/actualites\/#organization","name":"Vie Associative","url":"https:\/\/vieassociative.be\/actualites\/","logo":{"@type":"ImageObject","inLanguage":"fr-BE","@id":"https:\/\/vieassociative.be\/actualites\/#\/schema\/logo\/image\/","url":"https:\/\/vieassociative.be\/actualites\/wp-content\/uploads\/2024\/09\/cropped-vieassociative_favicon.ico.png","contentUrl":"https:\/\/vieassociative.be\/actualites\/wp-content\/uploads\/2024\/09\/cropped-vieassociative_favicon.ico.png","width":512,"height":512,"caption":"Vie Associative"},"image":{"@id":"https:\/\/vieassociative.be\/actualites\/#\/schema\/logo\/image\/"}},{"@type":"Person","@id":"https:\/\/vieassociative.be\/actualites\/#\/schema\/person\/b87ac4f82f9d4e7b7cec7395b679edc4","name":"Julien","image":{"@type":"ImageObject","inLanguage":"fr-BE","@id":"https:\/\/vieassociative.be\/actualites\/#\/schema\/person\/image\/","url":"https:\/\/vieassociative.be\/actualites\/wp-content\/uploads\/2024\/09\/vie-associative-1-150x150.jpg","contentUrl":"https:\/\/vieassociative.be\/actualites\/wp-content\/uploads\/2024\/09\/vie-associative-1-150x150.jpg","caption":"Julien"},"description":"Je suis Julien, r\u00e9dacteur pour Vie Associative. Passionn\u00e9 par le monde associatif depuis plus de 10 ans, j'ai \u00e0 c\u0153ur de partager des histoires inspirantes et de mettre en lumi\u00e8re les initiatives locales. Mon objectif est de sensibiliser et d'encourager l'engagement communautaire \u00e0 travers mes articles.","sameAs":["https:\/\/vieassociative.be\/"]}]}},"_links":{"self":[{"href":"https:\/\/vieassociative.be\/actualites\/wp-json\/wp\/v2\/posts\/2407"}],"collection":[{"href":"https:\/\/vieassociative.be\/actualites\/wp-json\/wp\/v2\/posts"}],"about":[{"href":"https:\/\/vieassociative.be\/actualites\/wp-json\/wp\/v2\/types\/post"}],"author":[{"embeddable":true,"href":"https:\/\/vieassociative.be\/actualites\/wp-json\/wp\/v2\/users\/1"}],"replies":[{"embeddable":true,"href":"https:\/\/vieassociative.be\/actualites\/wp-json\/wp\/v2\/comments?post=2407"}],"version-history":[{"count":0,"href":"https:\/\/vieassociative.be\/actualites\/wp-json\/wp\/v2\/posts\/2407\/revisions"}],"wp:featuredmedia":[{"embeddable":true,"href":"https:\/\/vieassociative.be\/actualites\/wp-json\/wp\/v2\/media\/2408"}],"wp:attachment":[{"href":"https:\/\/vieassociative.be\/actualites\/wp-json\/wp\/v2\/media?parent=2407"}],"wp:term":[{"taxonomy":"category","embeddable":true,"href":"https:\/\/vieassociative.be\/actualites\/wp-json\/wp\/v2\/categories?post=2407"},{"taxonomy":"post_tag","embeddable":true,"href":"https:\/\/vieassociative.be\/actualites\/wp-json\/wp\/v2\/tags?post=2407"}],"curies":[{"name":"wp","href":"https:\/\/api.w.org\/{rel}","templated":true}]}}