{"id":2403,"date":"2024-11-14T09:17:37","date_gmt":"2024-11-14T08:17:37","guid":{"rendered":"https:\/\/vieassociative.be\/actualites\/la-belgique-ne-fait-plus-partie-du-top-10-pour-la-maitrise-de-langlais-les-pays-bas-a-1-et-lallemagne-a-10\/"},"modified":"2024-11-14T09:17:37","modified_gmt":"2024-11-14T08:17:37","slug":"la-belgique-ne-fait-plus-partie-du-top-10-pour-la-maitrise-de-langlais-les-pays-bas-a-1-et-lallemagne-a-10","status":"publish","type":"post","link":"https:\/\/vieassociative.be\/actualites\/la-belgique-ne-fait-plus-partie-du-top-10-pour-la-maitrise-de-langlais-les-pays-bas-a-1-et-lallemagne-a-10\/","title":{"rendered":"La Belgique ne fait plus partie du top 10 pour la ma\u00eetrise de l&rsquo;anglais \u2013 les Pays-Bas \u00e0 1 et l&rsquo;Allemagne \u00e0 10"},"content":{"rendered":"<p><strong>Les Belges parlent de moins en moins bien anglais. C\u2019est ce que r\u00e9v\u00e8le l\u2019English Proficiency Index 2024, publi\u00e9 mercredi par Education First (EF).<\/strong><\/p>\n<p><span id=\"more-401677\"><\/span>Alors que la Belgique faisait autrefois partie du top 10 des pays europ\u00e9ens ayant les meilleures comp\u00e9tences en anglais, notre pays est pass\u00e9 cette ann\u00e9e de la 6\u00e8me \u00e0 la 11\u00e8me place. C&rsquo;est ce que r\u00e9v\u00e8le le classement annuel, qui \u00e9value la ma\u00eetrise de l&rsquo;anglais dans 116 pays, r\u00e9gions et capitales du monde entier.<\/p>\n<p>Avec 477 points, la Belgique sort du top 10 des pays ayant de \u00ab tr\u00e8s bonnes comp\u00e9tences en anglais \u00bb. Les Pays-Bas restent leader incontest\u00e9 avec 636 points, suivis par la Norv\u00e8ge (610 points). La Belgique, dont la ma\u00eetrise de l&rsquo;anglais est jug\u00e9e \u00ab bonne \u00bb, tombe au 13\u00e8me rang mondial, tandis qu&rsquo;en Europe, elle est au 11\u00e8me rang (voir graphique ci-dessous).<\/p>\n<div id=\"attachment_401682\" class=\"wp-caption alignleft\" style=\"max-width: 300px\"><img fetchpriority=\"high\" decoding=\"async\" class=\"wp-image-401682 size-medium\" src=\"https:\/\/vieassociative.be\/actualites\/wp-content\/uploads\/2024\/11\/La-Belgique-ne-fait-plus-partie-du-top-10-pour.jpg\" alt=\"\" width=\"300\" height=\"200\"  ><\/p>\n<p class=\"wp-caption-text\">Le classement de ma\u00eetrise de l&rsquo;anglais de 116 pays. (Cliquez sur l&rsquo;image pour l&rsquo;agrandir). Source : EF<\/p>\n<\/div>\n<p>L&rsquo;Allemagne occupe la 10\u00e8me place dans le classement de la ma\u00eetrise de l&rsquo;anglais. De tous les L\u00e4nder allemands, c&rsquo;est la Rh\u00e9nanie du Nord-Westphalie qui obtient les meilleurs r\u00e9sultats. La France, quant \u00e0 elle, est \u00e0 la 49\u00e8me place !<\/p>\n<p>La moyenne nationale continue d&rsquo;\u00eatre soutenue par la Flandre (653 points), m\u00eame si le nord du pays perd de son importance (-7 points). Les Flamands ont toutefois obtenu la note \u00ab tr\u00e8s bien \u00bb, tandis que les francophones (526 points) ont d\u00fb se contenter de \u00ab bien \u00bb.<\/p>\n<p>M\u00eame si des progr\u00e8s ont \u00e9t\u00e9 r\u00e9alis\u00e9s en Wallonie, la r\u00e9gion reste \u00e0 la tra\u00eene avec une ma\u00eetrise \u00ab moyenne \u00bb. Concr\u00e8tement, c&rsquo;est la r\u00e9gion du Hainaut (541) qui s&rsquo;en sort le mieux, tandis que la province du Luxembourg (508) arrive en derni\u00e8re position avec une baisse de 25 points. La R\u00e9gion bruxelloise bilingue enregistre 569 points et se caract\u00e9rise par un \u00ab bon niveau \u00bb.<\/p>\n<div id=\"attachment_401686\" class=\"wp-caption alignleft\" style=\"max-width: 300px\"><img decoding=\"async\" class=\"wp-image-401686 size-medium\" src=\"https:\/\/vieassociative.be\/actualites\/wp-content\/uploads\/2024\/11\/1731572257_163_La-Belgique-ne-fait-plus-partie-du-top-10-pour.jpg\" alt=\"\" width=\"300\" height=\"200\"><\/p>\n<p class=\"wp-caption-text\">Photo : Shutterstock<\/p>\n<\/div>\n<p>L\u2019\u00e9tude montre que la ma\u00eetrise de l\u2019anglais a ralenti de mani\u00e8re \u00ab inqui\u00e9tante \u00bb chez les jeunes. Les comp\u00e9tences linguistiques des 18-20 ans sont pass\u00e9es de 601 points en 2021 \u00e0 574 points en 2023 (-27 points). La raison en est, selon Education First, la pand\u00e9mie de Covid, qui a \u00ab boulevers\u00e9 les m\u00e9thodes d\u2019enseignement et r\u00e9duit les possibilit\u00e9s d\u2019immersion linguistique \u2013 des facteurs cruciaux pour l\u2019apprentissage des langues \u00bb.<\/p>\n<p>\u00c0 long terme, ce faible niveau de ma\u00eetrise de l\u2019anglais pourrait m\u00eame \u00ab entraver la comp\u00e9titivit\u00e9 dans certains domaines cl\u00e9s \u00bb, estime EF, alors que \u00ab l\u2019anglais s\u2019est impos\u00e9 comme une langue mondiale dans des domaines aussi divers que la technologie, la recherche et le commerce international \u00bb.<\/p>\n<p>L&rsquo;\u00e9tude est bas\u00e9e sur les r\u00e9sultats de 2,1 millions de participants qui ont pass\u00e9 l&rsquo;EF Standard English Test (EF SET) en 2023.<\/p>\n<p>Chaque ann\u00e9e, EF Education First, soci\u00e9t\u00e9 sp\u00e9cialis\u00e9e dans l&rsquo;enseignement des langues et les voyages linguistiques, dresse un classement des pays et des villes o\u00f9 la langue anglaise est la mieux parl\u00e9e. (cr\u00e9er)<\/p>\n<p><em><strong>De plus amples informations sur le classement des comp\u00e9tences en anglais sont disponibles sur le lien suivant\u00a0:<\/strong><\/em><\/p>\n<p><u>https:\/\/www.ef.de\/epi\/<\/u><\/p>\n","protected":false},"excerpt":{"rendered":"<p>Les Belges parlent de moins en moins bien anglais. C\u2019est ce que r\u00e9v\u00e8le l\u2019English Proficiency Index 2024, publi\u00e9 mercredi par Education First (EF). Alors que<\/p>\n","protected":false},"author":1,"featured_media":2404,"comment_status":"","ping_status":"","sticky":false,"template":"","format":"standard","meta":{"footnotes":""},"categories":[298],"tags":[383,635,2375,3171,14,3170,1663,3172,81,3169],"class_list":["post-2403","post","type-post","status-publish","format-standard","has-post-thumbnail","hentry","category-belgique","tag-belgique","tag-fait","tag-lallemagne","tag-langlais","tag-les","tag-maitrise","tag-partie","tag-paysbas","tag-pour","tag-top","generate-columns","tablet-grid-50","mobile-grid-100","grid-parent","grid-33"],"yoast_head":"<!-- This site is optimized with the Yoast SEO plugin v24.0 - https:\/\/yoast.com\/wordpress\/plugins\/seo\/ -->\n<title>La Belgique ne fait plus partie du top 10 pour la ma\u00eetrise de l&#039;anglais \u2013 les Pays-Bas \u00e0 1 et l&#039;Allemagne \u00e0 10 | Vie Associative<\/title>\n<meta name=\"robots\" content=\"index, follow, max-snippet:-1, max-image-preview:large, max-video-preview:-1\" \/>\n<link rel=\"canonical\" href=\"https:\/\/vieassociative.be\/actualites\/la-belgique-ne-fait-plus-partie-du-top-10-pour-la-maitrise-de-langlais-les-pays-bas-a-1-et-lallemagne-a-10\/\" \/>\n<meta property=\"og:locale\" content=\"fr_FR\" \/>\n<meta property=\"og:type\" content=\"article\" \/>\n<meta property=\"og:title\" content=\"La Belgique ne fait plus partie du top 10 pour la ma\u00eetrise de l&#039;anglais \u2013 les Pays-Bas \u00e0 1 et l&#039;Allemagne \u00e0 10 | Vie Associative\" \/>\n<meta property=\"og:description\" content=\"Les Belges parlent de moins en moins bien anglais. C\u2019est ce que r\u00e9v\u00e8le l\u2019English Proficiency Index 2024, publi\u00e9 mercredi par Education First (EF). Alors que\" \/>\n<meta property=\"og:url\" content=\"https:\/\/vieassociative.be\/actualites\/la-belgique-ne-fait-plus-partie-du-top-10-pour-la-maitrise-de-langlais-les-pays-bas-a-1-et-lallemagne-a-10\/\" \/>\n<meta property=\"og:site_name\" content=\"Vie Associative\" \/>\n<meta property=\"article:published_time\" content=\"2024-11-14T08:17:37+00:00\" \/>\n<meta property=\"og:image\" content=\"https:\/\/vieassociative.be\/actualites\/wp-content\/uploads\/2024\/11\/La-Belgique-ne-fait-plus-partie-du-top-10-pour.jpg\" \/>\n<meta name=\"author\" content=\"Julien\" \/>\n<meta name=\"twitter:card\" content=\"summary_large_image\" \/>\n<meta name=\"twitter:label1\" content=\"\u00c9crit par\" \/>\n\t<meta name=\"twitter:data1\" content=\"Julien\" \/>\n\t<meta name=\"twitter:label2\" content=\"Dur\u00e9e de lecture est.\" \/>\n\t<meta name=\"twitter:data2\" content=\"3 minutes\" \/>\n<script type=\"application\/ld+json\" class=\"yoast-schema-graph\">{\"@context\":\"https:\/\/schema.org\",\"@graph\":[{\"@type\":\"Article\",\"@id\":\"https:\/\/vieassociative.be\/actualites\/la-belgique-ne-fait-plus-partie-du-top-10-pour-la-maitrise-de-langlais-les-pays-bas-a-1-et-lallemagne-a-10\/#article\",\"isPartOf\":{\"@id\":\"https:\/\/vieassociative.be\/actualites\/la-belgique-ne-fait-plus-partie-du-top-10-pour-la-maitrise-de-langlais-les-pays-bas-a-1-et-lallemagne-a-10\/\"},\"author\":{\"name\":\"Julien\",\"@id\":\"https:\/\/vieassociative.be\/actualites\/#\/schema\/person\/b87ac4f82f9d4e7b7cec7395b679edc4\"},\"headline\":\"La Belgique ne fait plus partie du top 10 pour la ma\u00eetrise de l&rsquo;anglais \u2013 les Pays-Bas \u00e0 1 et l&rsquo;Allemagne \u00e0 10\",\"datePublished\":\"2024-11-14T08:17:37+00:00\",\"dateModified\":\"2024-11-14T08:17:37+00:00\",\"mainEntityOfPage\":{\"@id\":\"https:\/\/vieassociative.be\/actualites\/la-belgique-ne-fait-plus-partie-du-top-10-pour-la-maitrise-de-langlais-les-pays-bas-a-1-et-lallemagne-a-10\/\"},\"wordCount\":557,\"publisher\":{\"@id\":\"https:\/\/vieassociative.be\/actualites\/#organization\"},\"image\":{\"@id\":\"https:\/\/vieassociative.be\/actualites\/la-belgique-ne-fait-plus-partie-du-top-10-pour-la-maitrise-de-langlais-les-pays-bas-a-1-et-lallemagne-a-10\/#primaryimage\"},\"thumbnailUrl\":\"https:\/\/vieassociative.be\/actualites\/wp-content\/uploads\/2024\/11\/La-Belgique-ne-fait-plus-partie-du-top-10-pour.jpeg\",\"keywords\":[\"Belgique\",\"fait\",\"lAllemagne\",\"langlais\",\"Les\",\"ma\u00eetrise\",\"partie\",\"PaysBas\",\"pour\",\"top\"],\"articleSection\":[\"Belgique\"],\"inLanguage\":\"fr-BE\"},{\"@type\":\"WebPage\",\"@id\":\"https:\/\/vieassociative.be\/actualites\/la-belgique-ne-fait-plus-partie-du-top-10-pour-la-maitrise-de-langlais-les-pays-bas-a-1-et-lallemagne-a-10\/\",\"url\":\"https:\/\/vieassociative.be\/actualites\/la-belgique-ne-fait-plus-partie-du-top-10-pour-la-maitrise-de-langlais-les-pays-bas-a-1-et-lallemagne-a-10\/\",\"name\":\"La Belgique ne fait plus partie du top 10 pour la ma\u00eetrise de l'anglais \u2013 les Pays-Bas \u00e0 1 et l'Allemagne \u00e0 10 | Vie Associative\",\"isPartOf\":{\"@id\":\"https:\/\/vieassociative.be\/actualites\/#website\"},\"primaryImageOfPage\":{\"@id\":\"https:\/\/vieassociative.be\/actualites\/la-belgique-ne-fait-plus-partie-du-top-10-pour-la-maitrise-de-langlais-les-pays-bas-a-1-et-lallemagne-a-10\/#primaryimage\"},\"image\":{\"@id\":\"https:\/\/vieassociative.be\/actualites\/la-belgique-ne-fait-plus-partie-du-top-10-pour-la-maitrise-de-langlais-les-pays-bas-a-1-et-lallemagne-a-10\/#primaryimage\"},\"thumbnailUrl\":\"https:\/\/vieassociative.be\/actualites\/wp-content\/uploads\/2024\/11\/La-Belgique-ne-fait-plus-partie-du-top-10-pour.jpeg\",\"datePublished\":\"2024-11-14T08:17:37+00:00\",\"dateModified\":\"2024-11-14T08:17:37+00:00\",\"breadcrumb\":{\"@id\":\"https:\/\/vieassociative.be\/actualites\/la-belgique-ne-fait-plus-partie-du-top-10-pour-la-maitrise-de-langlais-les-pays-bas-a-1-et-lallemagne-a-10\/#breadcrumb\"},\"inLanguage\":\"fr-BE\",\"potentialAction\":[{\"@type\":\"ReadAction\",\"target\":[\"https:\/\/vieassociative.be\/actualites\/la-belgique-ne-fait-plus-partie-du-top-10-pour-la-maitrise-de-langlais-les-pays-bas-a-1-et-lallemagne-a-10\/\"]}]},{\"@type\":\"ImageObject\",\"inLanguage\":\"fr-BE\",\"@id\":\"https:\/\/vieassociative.be\/actualites\/la-belgique-ne-fait-plus-partie-du-top-10-pour-la-maitrise-de-langlais-les-pays-bas-a-1-et-lallemagne-a-10\/#primaryimage\",\"url\":\"https:\/\/vieassociative.be\/actualites\/wp-content\/uploads\/2024\/11\/La-Belgique-ne-fait-plus-partie-du-top-10-pour.jpeg\",\"contentUrl\":\"https:\/\/vieassociative.be\/actualites\/wp-content\/uploads\/2024\/11\/La-Belgique-ne-fait-plus-partie-du-top-10-pour.jpeg\",\"width\":1280,\"height\":986,\"caption\":\"La Belgique ne fait plus partie du top 10 pour la ma\u00eetrise de l'anglais \u2013 les Pays-Bas \u00e0 1 et l'Allemagne \u00e0 10\"},{\"@type\":\"BreadcrumbList\",\"@id\":\"https:\/\/vieassociative.be\/actualites\/la-belgique-ne-fait-plus-partie-du-top-10-pour-la-maitrise-de-langlais-les-pays-bas-a-1-et-lallemagne-a-10\/#breadcrumb\",\"itemListElement\":[{\"@type\":\"ListItem\",\"position\":1,\"name\":\"Accueil\",\"item\":\"https:\/\/vieassociative.be\/actualites\/\"},{\"@type\":\"ListItem\",\"position\":2,\"name\":\"La Belgique ne fait plus partie du top 10 pour la ma\u00eetrise de l&rsquo;anglais \u2013 les Pays-Bas \u00e0 1 et l&rsquo;Allemagne \u00e0 10\"}]},{\"@type\":\"WebSite\",\"@id\":\"https:\/\/vieassociative.be\/actualites\/#website\",\"url\":\"https:\/\/vieassociative.be\/actualites\/\",\"name\":\"Vie Associative\",\"description\":\"\",\"publisher\":{\"@id\":\"https:\/\/vieassociative.be\/actualites\/#organization\"},\"potentialAction\":[{\"@type\":\"SearchAction\",\"target\":{\"@type\":\"EntryPoint\",\"urlTemplate\":\"https:\/\/vieassociative.be\/actualites\/?s={search_term_string}\"},\"query-input\":{\"@type\":\"PropertyValueSpecification\",\"valueRequired\":true,\"valueName\":\"search_term_string\"}}],\"inLanguage\":\"fr-BE\"},{\"@type\":\"Organization\",\"@id\":\"https:\/\/vieassociative.be\/actualites\/#organization\",\"name\":\"Vie Associative\",\"url\":\"https:\/\/vieassociative.be\/actualites\/\",\"logo\":{\"@type\":\"ImageObject\",\"inLanguage\":\"fr-BE\",\"@id\":\"https:\/\/vieassociative.be\/actualites\/#\/schema\/logo\/image\/\",\"url\":\"https:\/\/vieassociative.be\/actualites\/wp-content\/uploads\/2024\/09\/cropped-vieassociative_favicon.ico.png\",\"contentUrl\":\"https:\/\/vieassociative.be\/actualites\/wp-content\/uploads\/2024\/09\/cropped-vieassociative_favicon.ico.png\",\"width\":512,\"height\":512,\"caption\":\"Vie Associative\"},\"image\":{\"@id\":\"https:\/\/vieassociative.be\/actualites\/#\/schema\/logo\/image\/\"}},{\"@type\":\"Person\",\"@id\":\"https:\/\/vieassociative.be\/actualites\/#\/schema\/person\/b87ac4f82f9d4e7b7cec7395b679edc4\",\"name\":\"Julien\",\"image\":{\"@type\":\"ImageObject\",\"inLanguage\":\"fr-BE\",\"@id\":\"https:\/\/vieassociative.be\/actualites\/#\/schema\/person\/image\/\",\"url\":\"https:\/\/vieassociative.be\/actualites\/wp-content\/uploads\/2024\/09\/vie-associative-1-150x150.jpg\",\"contentUrl\":\"https:\/\/vieassociative.be\/actualites\/wp-content\/uploads\/2024\/09\/vie-associative-1-150x150.jpg\",\"caption\":\"Julien\"},\"description\":\"Je suis Julien, r\u00e9dacteur pour Vie Associative. Passionn\u00e9 par le monde associatif depuis plus de 10 ans, j'ai \u00e0 c\u0153ur de partager des histoires inspirantes et de mettre en lumi\u00e8re les initiatives locales. Mon objectif est de sensibiliser et d'encourager l'engagement communautaire \u00e0 travers mes articles.\",\"sameAs\":[\"https:\/\/vieassociative.be\/\"]}]}<\/script>\n<!-- \/ Yoast SEO plugin. -->","yoast_head_json":{"title":"La Belgique ne fait plus partie du top 10 pour la ma\u00eetrise de l'anglais \u2013 les Pays-Bas \u00e0 1 et l'Allemagne \u00e0 10 | Vie Associative","robots":{"index":"index","follow":"follow","max-snippet":"max-snippet:-1","max-image-preview":"max-image-preview:large","max-video-preview":"max-video-preview:-1"},"canonical":"https:\/\/vieassociative.be\/actualites\/la-belgique-ne-fait-plus-partie-du-top-10-pour-la-maitrise-de-langlais-les-pays-bas-a-1-et-lallemagne-a-10\/","og_locale":"fr_FR","og_type":"article","og_title":"La Belgique ne fait plus partie du top 10 pour la ma\u00eetrise de l'anglais \u2013 les Pays-Bas \u00e0 1 et l'Allemagne \u00e0 10 | Vie Associative","og_description":"Les Belges parlent de moins en moins bien anglais. C\u2019est ce que r\u00e9v\u00e8le l\u2019English Proficiency Index 2024, publi\u00e9 mercredi par Education First (EF). Alors que","og_url":"https:\/\/vieassociative.be\/actualites\/la-belgique-ne-fait-plus-partie-du-top-10-pour-la-maitrise-de-langlais-les-pays-bas-a-1-et-lallemagne-a-10\/","og_site_name":"Vie Associative","article_published_time":"2024-11-14T08:17:37+00:00","og_image":[{"url":"https:\/\/vieassociative.be\/actualites\/wp-content\/uploads\/2024\/11\/La-Belgique-ne-fait-plus-partie-du-top-10-pour.jpg","type":"","width":"","height":""}],"author":"Julien","twitter_card":"summary_large_image","twitter_misc":{"\u00c9crit par":"Julien","Dur\u00e9e de lecture est.":"3 minutes"},"schema":{"@context":"https:\/\/schema.org","@graph":[{"@type":"Article","@id":"https:\/\/vieassociative.be\/actualites\/la-belgique-ne-fait-plus-partie-du-top-10-pour-la-maitrise-de-langlais-les-pays-bas-a-1-et-lallemagne-a-10\/#article","isPartOf":{"@id":"https:\/\/vieassociative.be\/actualites\/la-belgique-ne-fait-plus-partie-du-top-10-pour-la-maitrise-de-langlais-les-pays-bas-a-1-et-lallemagne-a-10\/"},"author":{"name":"Julien","@id":"https:\/\/vieassociative.be\/actualites\/#\/schema\/person\/b87ac4f82f9d4e7b7cec7395b679edc4"},"headline":"La Belgique ne fait plus partie du top 10 pour la ma\u00eetrise de l&rsquo;anglais \u2013 les Pays-Bas \u00e0 1 et l&rsquo;Allemagne \u00e0 10","datePublished":"2024-11-14T08:17:37+00:00","dateModified":"2024-11-14T08:17:37+00:00","mainEntityOfPage":{"@id":"https:\/\/vieassociative.be\/actualites\/la-belgique-ne-fait-plus-partie-du-top-10-pour-la-maitrise-de-langlais-les-pays-bas-a-1-et-lallemagne-a-10\/"},"wordCount":557,"publisher":{"@id":"https:\/\/vieassociative.be\/actualites\/#organization"},"image":{"@id":"https:\/\/vieassociative.be\/actualites\/la-belgique-ne-fait-plus-partie-du-top-10-pour-la-maitrise-de-langlais-les-pays-bas-a-1-et-lallemagne-a-10\/#primaryimage"},"thumbnailUrl":"https:\/\/vieassociative.be\/actualites\/wp-content\/uploads\/2024\/11\/La-Belgique-ne-fait-plus-partie-du-top-10-pour.jpeg","keywords":["Belgique","fait","lAllemagne","langlais","Les","ma\u00eetrise","partie","PaysBas","pour","top"],"articleSection":["Belgique"],"inLanguage":"fr-BE"},{"@type":"WebPage","@id":"https:\/\/vieassociative.be\/actualites\/la-belgique-ne-fait-plus-partie-du-top-10-pour-la-maitrise-de-langlais-les-pays-bas-a-1-et-lallemagne-a-10\/","url":"https:\/\/vieassociative.be\/actualites\/la-belgique-ne-fait-plus-partie-du-top-10-pour-la-maitrise-de-langlais-les-pays-bas-a-1-et-lallemagne-a-10\/","name":"La Belgique ne fait plus partie du top 10 pour la ma\u00eetrise de l'anglais \u2013 les Pays-Bas \u00e0 1 et l'Allemagne \u00e0 10 | Vie Associative","isPartOf":{"@id":"https:\/\/vieassociative.be\/actualites\/#website"},"primaryImageOfPage":{"@id":"https:\/\/vieassociative.be\/actualites\/la-belgique-ne-fait-plus-partie-du-top-10-pour-la-maitrise-de-langlais-les-pays-bas-a-1-et-lallemagne-a-10\/#primaryimage"},"image":{"@id":"https:\/\/vieassociative.be\/actualites\/la-belgique-ne-fait-plus-partie-du-top-10-pour-la-maitrise-de-langlais-les-pays-bas-a-1-et-lallemagne-a-10\/#primaryimage"},"thumbnailUrl":"https:\/\/vieassociative.be\/actualites\/wp-content\/uploads\/2024\/11\/La-Belgique-ne-fait-plus-partie-du-top-10-pour.jpeg","datePublished":"2024-11-14T08:17:37+00:00","dateModified":"2024-11-14T08:17:37+00:00","breadcrumb":{"@id":"https:\/\/vieassociative.be\/actualites\/la-belgique-ne-fait-plus-partie-du-top-10-pour-la-maitrise-de-langlais-les-pays-bas-a-1-et-lallemagne-a-10\/#breadcrumb"},"inLanguage":"fr-BE","potentialAction":[{"@type":"ReadAction","target":["https:\/\/vieassociative.be\/actualites\/la-belgique-ne-fait-plus-partie-du-top-10-pour-la-maitrise-de-langlais-les-pays-bas-a-1-et-lallemagne-a-10\/"]}]},{"@type":"ImageObject","inLanguage":"fr-BE","@id":"https:\/\/vieassociative.be\/actualites\/la-belgique-ne-fait-plus-partie-du-top-10-pour-la-maitrise-de-langlais-les-pays-bas-a-1-et-lallemagne-a-10\/#primaryimage","url":"https:\/\/vieassociative.be\/actualites\/wp-content\/uploads\/2024\/11\/La-Belgique-ne-fait-plus-partie-du-top-10-pour.jpeg","contentUrl":"https:\/\/vieassociative.be\/actualites\/wp-content\/uploads\/2024\/11\/La-Belgique-ne-fait-plus-partie-du-top-10-pour.jpeg","width":1280,"height":986,"caption":"La Belgique ne fait plus partie du top 10 pour la ma\u00eetrise de l'anglais \u2013 les Pays-Bas \u00e0 1 et l'Allemagne \u00e0 10"},{"@type":"BreadcrumbList","@id":"https:\/\/vieassociative.be\/actualites\/la-belgique-ne-fait-plus-partie-du-top-10-pour-la-maitrise-de-langlais-les-pays-bas-a-1-et-lallemagne-a-10\/#breadcrumb","itemListElement":[{"@type":"ListItem","position":1,"name":"Accueil","item":"https:\/\/vieassociative.be\/actualites\/"},{"@type":"ListItem","position":2,"name":"La Belgique ne fait plus partie du top 10 pour la ma\u00eetrise de l&rsquo;anglais \u2013 les Pays-Bas \u00e0 1 et l&rsquo;Allemagne \u00e0 10"}]},{"@type":"WebSite","@id":"https:\/\/vieassociative.be\/actualites\/#website","url":"https:\/\/vieassociative.be\/actualites\/","name":"Vie Associative","description":"","publisher":{"@id":"https:\/\/vieassociative.be\/actualites\/#organization"},"potentialAction":[{"@type":"SearchAction","target":{"@type":"EntryPoint","urlTemplate":"https:\/\/vieassociative.be\/actualites\/?s={search_term_string}"},"query-input":{"@type":"PropertyValueSpecification","valueRequired":true,"valueName":"search_term_string"}}],"inLanguage":"fr-BE"},{"@type":"Organization","@id":"https:\/\/vieassociative.be\/actualites\/#organization","name":"Vie Associative","url":"https:\/\/vieassociative.be\/actualites\/","logo":{"@type":"ImageObject","inLanguage":"fr-BE","@id":"https:\/\/vieassociative.be\/actualites\/#\/schema\/logo\/image\/","url":"https:\/\/vieassociative.be\/actualites\/wp-content\/uploads\/2024\/09\/cropped-vieassociative_favicon.ico.png","contentUrl":"https:\/\/vieassociative.be\/actualites\/wp-content\/uploads\/2024\/09\/cropped-vieassociative_favicon.ico.png","width":512,"height":512,"caption":"Vie Associative"},"image":{"@id":"https:\/\/vieassociative.be\/actualites\/#\/schema\/logo\/image\/"}},{"@type":"Person","@id":"https:\/\/vieassociative.be\/actualites\/#\/schema\/person\/b87ac4f82f9d4e7b7cec7395b679edc4","name":"Julien","image":{"@type":"ImageObject","inLanguage":"fr-BE","@id":"https:\/\/vieassociative.be\/actualites\/#\/schema\/person\/image\/","url":"https:\/\/vieassociative.be\/actualites\/wp-content\/uploads\/2024\/09\/vie-associative-1-150x150.jpg","contentUrl":"https:\/\/vieassociative.be\/actualites\/wp-content\/uploads\/2024\/09\/vie-associative-1-150x150.jpg","caption":"Julien"},"description":"Je suis Julien, r\u00e9dacteur pour Vie Associative. Passionn\u00e9 par le monde associatif depuis plus de 10 ans, j'ai \u00e0 c\u0153ur de partager des histoires inspirantes et de mettre en lumi\u00e8re les initiatives locales. Mon objectif est de sensibiliser et d'encourager l'engagement communautaire \u00e0 travers mes articles.","sameAs":["https:\/\/vieassociative.be\/"]}]}},"_links":{"self":[{"href":"https:\/\/vieassociative.be\/actualites\/wp-json\/wp\/v2\/posts\/2403"}],"collection":[{"href":"https:\/\/vieassociative.be\/actualites\/wp-json\/wp\/v2\/posts"}],"about":[{"href":"https:\/\/vieassociative.be\/actualites\/wp-json\/wp\/v2\/types\/post"}],"author":[{"embeddable":true,"href":"https:\/\/vieassociative.be\/actualites\/wp-json\/wp\/v2\/users\/1"}],"replies":[{"embeddable":true,"href":"https:\/\/vieassociative.be\/actualites\/wp-json\/wp\/v2\/comments?post=2403"}],"version-history":[{"count":0,"href":"https:\/\/vieassociative.be\/actualites\/wp-json\/wp\/v2\/posts\/2403\/revisions"}],"wp:featuredmedia":[{"embeddable":true,"href":"https:\/\/vieassociative.be\/actualites\/wp-json\/wp\/v2\/media\/2404"}],"wp:attachment":[{"href":"https:\/\/vieassociative.be\/actualites\/wp-json\/wp\/v2\/media?parent=2403"}],"wp:term":[{"taxonomy":"category","embeddable":true,"href":"https:\/\/vieassociative.be\/actualites\/wp-json\/wp\/v2\/categories?post=2403"},{"taxonomy":"post_tag","embeddable":true,"href":"https:\/\/vieassociative.be\/actualites\/wp-json\/wp\/v2\/tags?post=2403"}],"curies":[{"name":"wp","href":"https:\/\/api.w.org\/{rel}","templated":true}]}}