{"id":2399,"date":"2024-11-14T07:22:48","date_gmt":"2024-11-14T06:22:48","guid":{"rendered":"https:\/\/vieassociative.be\/actualites\/pourquoi-nous-crions-pendant-une-dispute-et-pourquoi-ce-nest-pas-efficace\/"},"modified":"2024-11-14T07:22:48","modified_gmt":"2024-11-14T06:22:48","slug":"pourquoi-nous-crions-pendant-une-dispute-et-pourquoi-ce-nest-pas-efficace","status":"publish","type":"post","link":"https:\/\/vieassociative.be\/actualites\/pourquoi-nous-crions-pendant-une-dispute-et-pourquoi-ce-nest-pas-efficace\/","title":{"rendered":"Pourquoi nous crions pendant une dispute (et pourquoi ce n&rsquo;est pas efficace)"},"content":{"rendered":"<div class=\"mt-4 leading-6 md:mb-8\">Respirez profond\u00e9ment : votre manque de confiance est visible.<\/div>\n<p><\/p>\n<p>Lorsque nous nous disputons avec des personnes, comme votre oncle de l&rsquo;autre c\u00f4t\u00e9 du spectre politique, le voisin irrespectueux ou m\u00eame votre colocataire en d\u00e9sordre, il peut \u00eatre trop facile de d\u00e9g\u00e9n\u00e9rer en une dispute. . Cependant, selon Vanessa Bohns, professeur de comportement organisationnel \u00e0 l&rsquo;Universit\u00e9 Cornell, crier lors d&rsquo;une dispute mine non seulement l&rsquo;efficacit\u00e9 de notre message, mais montre \u00e9galement un manque de confiance dans notre capacit\u00e9 \u00e0 influencer les autres. <\/p>\n<p>Comme l\u2019\u00e9crivait Bohns dans un r\u00e9cent article du Wall Street Journal : \u00ab\u00a0Bien que nous soyons souvent trop confiants dans nos convictions, la tendance \u00e0 crier \u2013 que ce soit \u00e0 propos de nos voisins, amis ou adversaires \u2013 vient d\u2019un manque de confiance dans notre capacit\u00e9 \u00e0 convaincre les autres.\u00a0\u00bb<\/p>\n<p>Bohns, dont le livre \u00ab<em>Vous avez plus d&rsquo;influence que vous ne le pensez\u00a0: comment nous sous-estimons notre pouvoir de persuasion et pourquoi c&rsquo;est important<\/em>\u00bb sort le 7 septembre, a pass\u00e9 sa carri\u00e8re \u00e0 \u00e9tudier comment les gens s&rsquo;influencent les uns les autres. Bien que de nombreuses \u00e9tudes aient montr\u00e9 que la plupart d\u2019entre nous se consid\u00e8rent meilleurs que la moyenne en ce qui concerne des qualit\u00e9s telles que la cr\u00e9ativit\u00e9, le caract\u00e8re moral et les capacit\u00e9s athl\u00e9tiques, cette confiance ne s\u2019\u00e9tend pas \u00e0 la fa\u00e7on dont nous percevons nos capacit\u00e9s sociales ou \u00e0 la mani\u00e8re dont les autres nous per\u00e7oivent. <\/p>\n<h2 id=\"we-underestimate-our-ability-to-convince-others\">Nous sous-estimons notre capacit\u00e9 \u00e0 convaincre les autres<\/h2>\n<p>Notre tendance \u00e0 sous-estimer notre capacit\u00e9 \u00e0 influencer les autres a \u00e9t\u00e9 d\u00e9montr\u00e9e dans de nombreuses \u00e9tudes au fil des ans. Cela inclut des enqu\u00eates montrant que les gens ont tendance \u00e0 supposer que les autres s&rsquo;int\u00e9ressent moins \u00e0 eux qu&rsquo;ils ne le sont en r\u00e9alit\u00e9, des \u00e9tudes montrant que les gens pensaient que les \u00e9trangers les aimaient moins que ce que ces m\u00eames \u00e9trangers avaient rapport\u00e9 aux chercheurs, et des participants \u00e0 l&rsquo;\u00e9tude surestimant \u00e0 quel point il serait difficile d&rsquo;obtenir amis et \u00e9trangers pour accomplir une t\u00e2che banale. <\/p>\n<p>Comme le note Bohns : \u00ab Ensemble, ces deux ensembles de d\u00e9couvertes apparemment contradictoires, mais en r\u00e9alit\u00e9 compl\u00e9mentaires, cr\u00e9ent une temp\u00eate parfaite qui conduit \u00e0 des cris. \u00bb Puisque nous pensons que nous sommes plus inform\u00e9s, plus moraux et moins sujets aux pr\u00e9jug\u00e9s que la personne moyenne, cela nous donne la conviction que nous devrions \u00eatre \u00e9cout\u00e9s. <\/p>\n<p>Cependant, nous ne croyons pas non plus avoir la capacit\u00e9 de convaincre les autres, ce qui cr\u00e9e une ins\u00e9curit\u00e9 selon laquelle personne ne nous \u00e9coute. Comme le dit Bohns : \u00ab Nous crions parce que nous pensons que sinon les gens ne nous \u00e9couteront pas. \u00bb <\/p>\n<h2 id=\"shouting-during-an-argument-is-less-effective\">Crier pendant une dispute est moins efficace<\/h2>\n<p>Comme le savent tous ceux qui se sont retrouv\u00e9s dans une dispute, lorsqu\u2019il s\u2019agit de certains sujets, il peut \u00eatre difficile de ne pas \u00e9lever la voix. Cependant, aussi tentant que cela puisse \u00eatre de crier, cela peut en r\u00e9alit\u00e9 se retourner contre vous. De nombreuses \u00e9tudes ont montr\u00e9 que crier est un moyen moins efficace de persuader les autres, surtout s&rsquo;ils sont d\u00e9j\u00e0 peu enclins \u00e0 vous croire. <\/p>\n<p>Au lieu de cela, la persuasion douce a tendance \u00e0 \u00eatre la plus efficace. Cela inclut des tactiques telles que souligner le d\u00e9calage entre ce qu&rsquo;une personne pense et dit et ce qu&rsquo;elle fait, ou ce qu&rsquo;elle recommande aux autres par rapport \u00e0 elle-m\u00eame. Par exemple, si quelqu\u2019un fait confiance \u00e0 son m\u00e9decin lorsqu\u2019il s\u2019agit de conseils m\u00e9dicaux non li\u00e9s \u00e0 la COVID-19, mais pas lorsqu\u2019il propose des recommandations li\u00e9es \u00e0 la COVID-19, il y a un d\u00e9calage. Il en va de m\u00eame pour une personne qui recommande \u00e0 ses parents \u00e2g\u00e9s de suivre les pr\u00e9cautions li\u00e9es au COVID-19, mais ne les suit pas pour elle-m\u00eame. <\/p>\n<p>Une autre strat\u00e9gie consiste \u00e0 poser des questions, afin d&rsquo;amener quelqu&rsquo;un \u00e0 exprimer ses pens\u00e9es et ses points de vue, ce qui est un moyen de l&rsquo;amener \u00e0 s&rsquo;engager dans le sujet et \u00e0 y r\u00e9fl\u00e9chir. Vous pouvez crier sur un sujet jusqu&rsquo;\u00e0 ce que vous ayez le visage bleu, mais si l&rsquo;autre personne n&rsquo;\u00e9coute pas, rien ne changera. Cependant, si vous parvenez \u00e0 amener une personne \u00e0 r\u00e9fl\u00e9chir et \u00e0 s&rsquo;engager sur un sujet, il y a une chance qu&rsquo;elle parvienne \u00e0 comprendre ce qu&rsquo;elle pense et pourquoi.<\/p>\n<p>Alors la prochaine fois que votre oncle commencera \u00e0 expliquer pourquoi il pense que le COVID-19 est exag\u00e9r\u00e9, essayez de vous abstenir d\u2019\u00e9lever la voix. Cela n&rsquo;aidera pas, cela vous fera tr\u00e8s probablement mal et vous terminerez la conversation frustr\u00e9 et boulevers\u00e9. Au lieu de cela, si vous pensez qu&rsquo;il est possible de dialoguer avec eux de mani\u00e8re productive, essayez une approche plus douce et plus douce. <\/p>\n","protected":false},"excerpt":{"rendered":"<p>Respirez profond\u00e9ment : votre manque de confiance est visible. Lorsque nous nous disputons avec des personnes, comme votre oncle de l&rsquo;autre c\u00f4t\u00e9 du spectre politique,<\/p>\n","protected":false},"author":1,"featured_media":2400,"comment_status":"","ping_status":"","sticky":false,"template":"","format":"standard","meta":{"footnotes":""},"categories":[42],"tags":[3165,1495,3166,1082,393,126,198,734,110],"class_list":["post-2399","post","type-post","status-publish","format-standard","has-post-thumbnail","hentry","category-relations","tag-crions","tag-dispute","tag-efficace","tag-nest","tag-nous","tag-pas","tag-pendant","tag-pourquoi","tag-une","generate-columns","tablet-grid-50","mobile-grid-100","grid-parent","grid-33"],"yoast_head":"<!-- This site is optimized with the Yoast SEO plugin v24.0 - https:\/\/yoast.com\/wordpress\/plugins\/seo\/ -->\n<title>Pourquoi nous crions pendant une dispute (et pourquoi ce n&#039;est pas efficace) | Vie Associative<\/title>\n<meta name=\"robots\" content=\"index, follow, max-snippet:-1, max-image-preview:large, max-video-preview:-1\" \/>\n<link rel=\"canonical\" href=\"https:\/\/vieassociative.be\/actualites\/pourquoi-nous-crions-pendant-une-dispute-et-pourquoi-ce-nest-pas-efficace\/\" \/>\n<meta property=\"og:locale\" content=\"fr_FR\" \/>\n<meta property=\"og:type\" content=\"article\" \/>\n<meta property=\"og:title\" content=\"Pourquoi nous crions pendant une dispute (et pourquoi ce n&#039;est pas efficace) | Vie Associative\" \/>\n<meta property=\"og:description\" content=\"Respirez profond\u00e9ment : votre manque de confiance est visible. Lorsque nous nous disputons avec des personnes, comme votre oncle de l&rsquo;autre c\u00f4t\u00e9 du spectre politique,\" \/>\n<meta property=\"og:url\" content=\"https:\/\/vieassociative.be\/actualites\/pourquoi-nous-crions-pendant-une-dispute-et-pourquoi-ce-nest-pas-efficace\/\" \/>\n<meta property=\"og:site_name\" content=\"Vie Associative\" \/>\n<meta property=\"article:published_time\" content=\"2024-11-14T06:22:48+00:00\" \/>\n<meta property=\"og:image\" content=\"https:\/\/vieassociative.be\/actualites\/wp-content\/uploads\/2024\/09\/header_backgroundk-01-e1726694325946.png\" \/>\n\t<meta property=\"og:image:width\" content=\"279\" \/>\n\t<meta property=\"og:image:height\" content=\"92\" \/>\n\t<meta property=\"og:image:type\" content=\"image\/png\" \/>\n<meta name=\"author\" content=\"Julien\" \/>\n<meta name=\"twitter:card\" content=\"summary_large_image\" \/>\n<meta name=\"twitter:label1\" content=\"\u00c9crit par\" \/>\n\t<meta name=\"twitter:data1\" content=\"Julien\" \/>\n\t<meta name=\"twitter:label2\" content=\"Dur\u00e9e de lecture est.\" \/>\n\t<meta name=\"twitter:data2\" content=\"4 minutes\" \/>\n<script type=\"application\/ld+json\" class=\"yoast-schema-graph\">{\"@context\":\"https:\/\/schema.org\",\"@graph\":[{\"@type\":\"Article\",\"@id\":\"https:\/\/vieassociative.be\/actualites\/pourquoi-nous-crions-pendant-une-dispute-et-pourquoi-ce-nest-pas-efficace\/#article\",\"isPartOf\":{\"@id\":\"https:\/\/vieassociative.be\/actualites\/pourquoi-nous-crions-pendant-une-dispute-et-pourquoi-ce-nest-pas-efficace\/\"},\"author\":{\"name\":\"Julien\",\"@id\":\"https:\/\/vieassociative.be\/actualites\/#\/schema\/person\/b87ac4f82f9d4e7b7cec7395b679edc4\"},\"headline\":\"Pourquoi nous crions pendant une dispute (et pourquoi ce n&rsquo;est pas efficace)\",\"datePublished\":\"2024-11-14T06:22:48+00:00\",\"dateModified\":\"2024-11-14T06:22:48+00:00\",\"mainEntityOfPage\":{\"@id\":\"https:\/\/vieassociative.be\/actualites\/pourquoi-nous-crions-pendant-une-dispute-et-pourquoi-ce-nest-pas-efficace\/\"},\"wordCount\":838,\"publisher\":{\"@id\":\"https:\/\/vieassociative.be\/actualites\/#organization\"},\"image\":{\"@id\":\"https:\/\/vieassociative.be\/actualites\/pourquoi-nous-crions-pendant-une-dispute-et-pourquoi-ce-nest-pas-efficace\/#primaryimage\"},\"thumbnailUrl\":\"https:\/\/vieassociative.be\/actualites\/wp-content\/uploads\/2024\/11\/Pourquoi-nous-crions-pendant-une-dispute-et-pourquoi-ce-nest.jpg\",\"keywords\":[\"crions\",\"dispute\",\"efficace\",\"nest\",\"nous\",\"pas\",\"pendant\",\"Pourquoi\",\"une\"],\"articleSection\":[\"Relations\"],\"inLanguage\":\"fr-BE\"},{\"@type\":\"WebPage\",\"@id\":\"https:\/\/vieassociative.be\/actualites\/pourquoi-nous-crions-pendant-une-dispute-et-pourquoi-ce-nest-pas-efficace\/\",\"url\":\"https:\/\/vieassociative.be\/actualites\/pourquoi-nous-crions-pendant-une-dispute-et-pourquoi-ce-nest-pas-efficace\/\",\"name\":\"Pourquoi nous crions pendant une dispute (et pourquoi ce n'est pas efficace) | Vie Associative\",\"isPartOf\":{\"@id\":\"https:\/\/vieassociative.be\/actualites\/#website\"},\"primaryImageOfPage\":{\"@id\":\"https:\/\/vieassociative.be\/actualites\/pourquoi-nous-crions-pendant-une-dispute-et-pourquoi-ce-nest-pas-efficace\/#primaryimage\"},\"image\":{\"@id\":\"https:\/\/vieassociative.be\/actualites\/pourquoi-nous-crions-pendant-une-dispute-et-pourquoi-ce-nest-pas-efficace\/#primaryimage\"},\"thumbnailUrl\":\"https:\/\/vieassociative.be\/actualites\/wp-content\/uploads\/2024\/11\/Pourquoi-nous-crions-pendant-une-dispute-et-pourquoi-ce-nest.jpg\",\"datePublished\":\"2024-11-14T06:22:48+00:00\",\"dateModified\":\"2024-11-14T06:22:48+00:00\",\"breadcrumb\":{\"@id\":\"https:\/\/vieassociative.be\/actualites\/pourquoi-nous-crions-pendant-une-dispute-et-pourquoi-ce-nest-pas-efficace\/#breadcrumb\"},\"inLanguage\":\"fr-BE\",\"potentialAction\":[{\"@type\":\"ReadAction\",\"target\":[\"https:\/\/vieassociative.be\/actualites\/pourquoi-nous-crions-pendant-une-dispute-et-pourquoi-ce-nest-pas-efficace\/\"]}]},{\"@type\":\"ImageObject\",\"inLanguage\":\"fr-BE\",\"@id\":\"https:\/\/vieassociative.be\/actualites\/pourquoi-nous-crions-pendant-une-dispute-et-pourquoi-ce-nest-pas-efficace\/#primaryimage\",\"url\":\"https:\/\/vieassociative.be\/actualites\/wp-content\/uploads\/2024\/11\/Pourquoi-nous-crions-pendant-une-dispute-et-pourquoi-ce-nest.jpg\",\"contentUrl\":\"https:\/\/vieassociative.be\/actualites\/wp-content\/uploads\/2024\/11\/Pourquoi-nous-crions-pendant-une-dispute-et-pourquoi-ce-nest.jpg\",\"width\":1200,\"height\":675,\"caption\":\"Pourquoi nous crions pendant une dispute (et pourquoi ce n'est pas efficace)\"},{\"@type\":\"BreadcrumbList\",\"@id\":\"https:\/\/vieassociative.be\/actualites\/pourquoi-nous-crions-pendant-une-dispute-et-pourquoi-ce-nest-pas-efficace\/#breadcrumb\",\"itemListElement\":[{\"@type\":\"ListItem\",\"position\":1,\"name\":\"Accueil\",\"item\":\"https:\/\/vieassociative.be\/actualites\/\"},{\"@type\":\"ListItem\",\"position\":2,\"name\":\"Pourquoi nous crions pendant une dispute (et pourquoi ce n&rsquo;est pas efficace)\"}]},{\"@type\":\"WebSite\",\"@id\":\"https:\/\/vieassociative.be\/actualites\/#website\",\"url\":\"https:\/\/vieassociative.be\/actualites\/\",\"name\":\"Vie Associative\",\"description\":\"\",\"publisher\":{\"@id\":\"https:\/\/vieassociative.be\/actualites\/#organization\"},\"potentialAction\":[{\"@type\":\"SearchAction\",\"target\":{\"@type\":\"EntryPoint\",\"urlTemplate\":\"https:\/\/vieassociative.be\/actualites\/?s={search_term_string}\"},\"query-input\":{\"@type\":\"PropertyValueSpecification\",\"valueRequired\":true,\"valueName\":\"search_term_string\"}}],\"inLanguage\":\"fr-BE\"},{\"@type\":\"Organization\",\"@id\":\"https:\/\/vieassociative.be\/actualites\/#organization\",\"name\":\"Vie Associative\",\"url\":\"https:\/\/vieassociative.be\/actualites\/\",\"logo\":{\"@type\":\"ImageObject\",\"inLanguage\":\"fr-BE\",\"@id\":\"https:\/\/vieassociative.be\/actualites\/#\/schema\/logo\/image\/\",\"url\":\"https:\/\/vieassociative.be\/actualites\/wp-content\/uploads\/2024\/09\/cropped-vieassociative_favicon.ico.png\",\"contentUrl\":\"https:\/\/vieassociative.be\/actualites\/wp-content\/uploads\/2024\/09\/cropped-vieassociative_favicon.ico.png\",\"width\":512,\"height\":512,\"caption\":\"Vie Associative\"},\"image\":{\"@id\":\"https:\/\/vieassociative.be\/actualites\/#\/schema\/logo\/image\/\"}},{\"@type\":\"Person\",\"@id\":\"https:\/\/vieassociative.be\/actualites\/#\/schema\/person\/b87ac4f82f9d4e7b7cec7395b679edc4\",\"name\":\"Julien\",\"image\":{\"@type\":\"ImageObject\",\"inLanguage\":\"fr-BE\",\"@id\":\"https:\/\/vieassociative.be\/actualites\/#\/schema\/person\/image\/\",\"url\":\"https:\/\/vieassociative.be\/actualites\/wp-content\/uploads\/2024\/09\/vie-associative-1-150x150.jpg\",\"contentUrl\":\"https:\/\/vieassociative.be\/actualites\/wp-content\/uploads\/2024\/09\/vie-associative-1-150x150.jpg\",\"caption\":\"Julien\"},\"description\":\"Je suis Julien, r\u00e9dacteur pour Vie Associative. Passionn\u00e9 par le monde associatif depuis plus de 10 ans, j'ai \u00e0 c\u0153ur de partager des histoires inspirantes et de mettre en lumi\u00e8re les initiatives locales. Mon objectif est de sensibiliser et d'encourager l'engagement communautaire \u00e0 travers mes articles.\",\"sameAs\":[\"https:\/\/vieassociative.be\/\"]}]}<\/script>\n<!-- \/ Yoast SEO plugin. -->","yoast_head_json":{"title":"Pourquoi nous crions pendant une dispute (et pourquoi ce n'est pas efficace) | Vie Associative","robots":{"index":"index","follow":"follow","max-snippet":"max-snippet:-1","max-image-preview":"max-image-preview:large","max-video-preview":"max-video-preview:-1"},"canonical":"https:\/\/vieassociative.be\/actualites\/pourquoi-nous-crions-pendant-une-dispute-et-pourquoi-ce-nest-pas-efficace\/","og_locale":"fr_FR","og_type":"article","og_title":"Pourquoi nous crions pendant une dispute (et pourquoi ce n'est pas efficace) | Vie Associative","og_description":"Respirez profond\u00e9ment : votre manque de confiance est visible. Lorsque nous nous disputons avec des personnes, comme votre oncle de l&rsquo;autre c\u00f4t\u00e9 du spectre politique,","og_url":"https:\/\/vieassociative.be\/actualites\/pourquoi-nous-crions-pendant-une-dispute-et-pourquoi-ce-nest-pas-efficace\/","og_site_name":"Vie Associative","article_published_time":"2024-11-14T06:22:48+00:00","og_image":[{"width":279,"height":92,"url":"https:\/\/vieassociative.be\/actualites\/wp-content\/uploads\/2024\/09\/header_backgroundk-01-e1726694325946.png","type":"image\/png"}],"author":"Julien","twitter_card":"summary_large_image","twitter_misc":{"\u00c9crit par":"Julien","Dur\u00e9e de lecture est.":"4 minutes"},"schema":{"@context":"https:\/\/schema.org","@graph":[{"@type":"Article","@id":"https:\/\/vieassociative.be\/actualites\/pourquoi-nous-crions-pendant-une-dispute-et-pourquoi-ce-nest-pas-efficace\/#article","isPartOf":{"@id":"https:\/\/vieassociative.be\/actualites\/pourquoi-nous-crions-pendant-une-dispute-et-pourquoi-ce-nest-pas-efficace\/"},"author":{"name":"Julien","@id":"https:\/\/vieassociative.be\/actualites\/#\/schema\/person\/b87ac4f82f9d4e7b7cec7395b679edc4"},"headline":"Pourquoi nous crions pendant une dispute (et pourquoi ce n&rsquo;est pas efficace)","datePublished":"2024-11-14T06:22:48+00:00","dateModified":"2024-11-14T06:22:48+00:00","mainEntityOfPage":{"@id":"https:\/\/vieassociative.be\/actualites\/pourquoi-nous-crions-pendant-une-dispute-et-pourquoi-ce-nest-pas-efficace\/"},"wordCount":838,"publisher":{"@id":"https:\/\/vieassociative.be\/actualites\/#organization"},"image":{"@id":"https:\/\/vieassociative.be\/actualites\/pourquoi-nous-crions-pendant-une-dispute-et-pourquoi-ce-nest-pas-efficace\/#primaryimage"},"thumbnailUrl":"https:\/\/vieassociative.be\/actualites\/wp-content\/uploads\/2024\/11\/Pourquoi-nous-crions-pendant-une-dispute-et-pourquoi-ce-nest.jpg","keywords":["crions","dispute","efficace","nest","nous","pas","pendant","Pourquoi","une"],"articleSection":["Relations"],"inLanguage":"fr-BE"},{"@type":"WebPage","@id":"https:\/\/vieassociative.be\/actualites\/pourquoi-nous-crions-pendant-une-dispute-et-pourquoi-ce-nest-pas-efficace\/","url":"https:\/\/vieassociative.be\/actualites\/pourquoi-nous-crions-pendant-une-dispute-et-pourquoi-ce-nest-pas-efficace\/","name":"Pourquoi nous crions pendant une dispute (et pourquoi ce n'est pas efficace) | Vie Associative","isPartOf":{"@id":"https:\/\/vieassociative.be\/actualites\/#website"},"primaryImageOfPage":{"@id":"https:\/\/vieassociative.be\/actualites\/pourquoi-nous-crions-pendant-une-dispute-et-pourquoi-ce-nest-pas-efficace\/#primaryimage"},"image":{"@id":"https:\/\/vieassociative.be\/actualites\/pourquoi-nous-crions-pendant-une-dispute-et-pourquoi-ce-nest-pas-efficace\/#primaryimage"},"thumbnailUrl":"https:\/\/vieassociative.be\/actualites\/wp-content\/uploads\/2024\/11\/Pourquoi-nous-crions-pendant-une-dispute-et-pourquoi-ce-nest.jpg","datePublished":"2024-11-14T06:22:48+00:00","dateModified":"2024-11-14T06:22:48+00:00","breadcrumb":{"@id":"https:\/\/vieassociative.be\/actualites\/pourquoi-nous-crions-pendant-une-dispute-et-pourquoi-ce-nest-pas-efficace\/#breadcrumb"},"inLanguage":"fr-BE","potentialAction":[{"@type":"ReadAction","target":["https:\/\/vieassociative.be\/actualites\/pourquoi-nous-crions-pendant-une-dispute-et-pourquoi-ce-nest-pas-efficace\/"]}]},{"@type":"ImageObject","inLanguage":"fr-BE","@id":"https:\/\/vieassociative.be\/actualites\/pourquoi-nous-crions-pendant-une-dispute-et-pourquoi-ce-nest-pas-efficace\/#primaryimage","url":"https:\/\/vieassociative.be\/actualites\/wp-content\/uploads\/2024\/11\/Pourquoi-nous-crions-pendant-une-dispute-et-pourquoi-ce-nest.jpg","contentUrl":"https:\/\/vieassociative.be\/actualites\/wp-content\/uploads\/2024\/11\/Pourquoi-nous-crions-pendant-une-dispute-et-pourquoi-ce-nest.jpg","width":1200,"height":675,"caption":"Pourquoi nous crions pendant une dispute (et pourquoi ce n'est pas efficace)"},{"@type":"BreadcrumbList","@id":"https:\/\/vieassociative.be\/actualites\/pourquoi-nous-crions-pendant-une-dispute-et-pourquoi-ce-nest-pas-efficace\/#breadcrumb","itemListElement":[{"@type":"ListItem","position":1,"name":"Accueil","item":"https:\/\/vieassociative.be\/actualites\/"},{"@type":"ListItem","position":2,"name":"Pourquoi nous crions pendant une dispute (et pourquoi ce n&rsquo;est pas efficace)"}]},{"@type":"WebSite","@id":"https:\/\/vieassociative.be\/actualites\/#website","url":"https:\/\/vieassociative.be\/actualites\/","name":"Vie Associative","description":"","publisher":{"@id":"https:\/\/vieassociative.be\/actualites\/#organization"},"potentialAction":[{"@type":"SearchAction","target":{"@type":"EntryPoint","urlTemplate":"https:\/\/vieassociative.be\/actualites\/?s={search_term_string}"},"query-input":{"@type":"PropertyValueSpecification","valueRequired":true,"valueName":"search_term_string"}}],"inLanguage":"fr-BE"},{"@type":"Organization","@id":"https:\/\/vieassociative.be\/actualites\/#organization","name":"Vie Associative","url":"https:\/\/vieassociative.be\/actualites\/","logo":{"@type":"ImageObject","inLanguage":"fr-BE","@id":"https:\/\/vieassociative.be\/actualites\/#\/schema\/logo\/image\/","url":"https:\/\/vieassociative.be\/actualites\/wp-content\/uploads\/2024\/09\/cropped-vieassociative_favicon.ico.png","contentUrl":"https:\/\/vieassociative.be\/actualites\/wp-content\/uploads\/2024\/09\/cropped-vieassociative_favicon.ico.png","width":512,"height":512,"caption":"Vie Associative"},"image":{"@id":"https:\/\/vieassociative.be\/actualites\/#\/schema\/logo\/image\/"}},{"@type":"Person","@id":"https:\/\/vieassociative.be\/actualites\/#\/schema\/person\/b87ac4f82f9d4e7b7cec7395b679edc4","name":"Julien","image":{"@type":"ImageObject","inLanguage":"fr-BE","@id":"https:\/\/vieassociative.be\/actualites\/#\/schema\/person\/image\/","url":"https:\/\/vieassociative.be\/actualites\/wp-content\/uploads\/2024\/09\/vie-associative-1-150x150.jpg","contentUrl":"https:\/\/vieassociative.be\/actualites\/wp-content\/uploads\/2024\/09\/vie-associative-1-150x150.jpg","caption":"Julien"},"description":"Je suis Julien, r\u00e9dacteur pour Vie Associative. Passionn\u00e9 par le monde associatif depuis plus de 10 ans, j'ai \u00e0 c\u0153ur de partager des histoires inspirantes et de mettre en lumi\u00e8re les initiatives locales. Mon objectif est de sensibiliser et d'encourager l'engagement communautaire \u00e0 travers mes articles.","sameAs":["https:\/\/vieassociative.be\/"]}]}},"_links":{"self":[{"href":"https:\/\/vieassociative.be\/actualites\/wp-json\/wp\/v2\/posts\/2399"}],"collection":[{"href":"https:\/\/vieassociative.be\/actualites\/wp-json\/wp\/v2\/posts"}],"about":[{"href":"https:\/\/vieassociative.be\/actualites\/wp-json\/wp\/v2\/types\/post"}],"author":[{"embeddable":true,"href":"https:\/\/vieassociative.be\/actualites\/wp-json\/wp\/v2\/users\/1"}],"replies":[{"embeddable":true,"href":"https:\/\/vieassociative.be\/actualites\/wp-json\/wp\/v2\/comments?post=2399"}],"version-history":[{"count":0,"href":"https:\/\/vieassociative.be\/actualites\/wp-json\/wp\/v2\/posts\/2399\/revisions"}],"wp:featuredmedia":[{"embeddable":true,"href":"https:\/\/vieassociative.be\/actualites\/wp-json\/wp\/v2\/media\/2400"}],"wp:attachment":[{"href":"https:\/\/vieassociative.be\/actualites\/wp-json\/wp\/v2\/media?parent=2399"}],"wp:term":[{"taxonomy":"category","embeddable":true,"href":"https:\/\/vieassociative.be\/actualites\/wp-json\/wp\/v2\/categories?post=2399"},{"taxonomy":"post_tag","embeddable":true,"href":"https:\/\/vieassociative.be\/actualites\/wp-json\/wp\/v2\/tags?post=2399"}],"curies":[{"name":"wp","href":"https:\/\/api.w.org\/{rel}","templated":true}]}}