{"id":2386,"date":"2024-11-13T23:19:41","date_gmt":"2024-11-13T22:19:41","guid":{"rendered":"https:\/\/vieassociative.be\/actualites\/quoi-de-neuf-sur-paramount-avec-showtime-en-juillet-2024\/"},"modified":"2024-11-13T23:19:41","modified_gmt":"2024-11-13T22:19:41","slug":"quoi-de-neuf-sur-paramount-avec-showtime-en-juillet-2024","status":"publish","type":"post","link":"https:\/\/vieassociative.be\/actualites\/quoi-de-neuf-sur-paramount-avec-showtime-en-juillet-2024\/","title":{"rendered":"Quoi de neuf sur Paramount+ avec Showtime en juillet 2024"},"content":{"rendered":"<div class=\"mt-4 leading-6 md:mb-8\">Une nouvelle saison de \u00ab Big Brother \u00bb et un documentaire sur Melissa Etheridge.<\/div>\n<p><\/p>\n<p>De nouvelles saisons de t\u00e9l\u00e9-r\u00e9alit\u00e9 arrivent sur Paramount+ en juillet, dont la saison 26 (!) de <em>Grand fr\u00e8re<\/em>qui sera lanc\u00e9 avec une premi\u00e8re de deux nuits les 17 et 18 juillet et se poursuivra avec des \u00e9pisodes diffus\u00e9s en direct les dimanches, mercredis et jeudis. Les saisons les plus r\u00e9centes de <em>La course de dragsters de RuPaul<\/em> et <em>La course de dragsters de RuPaul\u00a0: non repli\u00e9e<\/em>qui s&rsquo;est termin\u00e9 en avril, arrive sur la plateforme \u00e0 la fin du mois (24 juillet). <\/p>\n<p>Apr\u00e8s le documentaire de Cindy Lauper du mois dernier, les t\u00e9l\u00e9spectateurs peuvent diffuser <em>Melissa Etheridge : Je ne suis pas bris\u00e9e<\/em> (9 juillet), qui explore les th\u00e8mes de la d\u00e9pendance et du chagrin \u00e0 travers le processus de composition et d&rsquo;interpr\u00e9tation de \u00ab\u00a0Burning Woman\u00a0\u00bb par l&rsquo;artiste dans une prison du Kansas, ainsi que la premi\u00e8re de<em> Espions mafieux<\/em> (16 juillet), une s\u00e9rie documentaire sur un complot de la CIA et de la foule visant \u00e0 assassiner Castro.<\/p>\n<div class=\"mx-auto mt-8 w-full max-w-4xl\">\n<div id=\"video-container-OkKNJM_twEY\"><\/div>\n<\/div>\n<p>Voici tout ce qui arrivera au service en juillet, y compris les films du <em>Mourir dur<\/em> et <em>Star Trek<\/em> franchise. Notez que les titres marqu\u00e9s d&rsquo;un ast\u00e9risque sont exclusifs \u00e0 Paramount+ With Showtime ; tout le reste est \u00e9galement disponible pour les abonn\u00e9s au forfait financ\u00e9 par la publicit\u00e9. Ceux avec deux ast\u00e9risques sont disponibles pour les utilisateurs de Paramount+ With Showtime diffusant en direct sur CBS et pour tous les abonn\u00e9s le lendemain.<\/p>\n<h2 id=\"paramount-originals-and-premieres-coming-in-july-2024\">Paramount+ Originals et premi\u00e8res \u00e0 venir en juillet 2024<\/h2>\n<h3>Arriv\u00e9e le 1er juillet<\/h3>\n<ul>\n<li>\n<p><em>M\u00e9moire*<\/em><\/p>\n<\/li>\n<\/ul>\n<h3>Arriv\u00e9e le 9 juillet<\/h3>\n<ul>\n<li>\n<p><em>Melissa Etheridge : Je ne suis pas bris\u00e9e<\/em>premi\u00e8re<\/p>\n<\/li>\n<\/ul>\n<h3>Arriv\u00e9e le 10 juillet<\/h3>\n<ul>\n<li>\n<p><em>Kamp Koral : Les moins de Bob l&rsquo;\u00e9ponge<\/em>premi\u00e8re de la saison deux<\/p>\n<\/li>\n<\/ul>\n<h3>Arriv\u00e9e le 16 juillet<\/h3>\n<ul>\n<li>\n<p><em>Espions mafieux<\/em>premi\u00e8re<\/p>\n<\/li>\n<\/ul>\n<h2 id=\"tv-shows-coming-to-paramount-in-july-2024\">\u00c9missions de t\u00e9l\u00e9vision arrivant sur Paramount+ en juillet 2024<\/h2>\n<h3>Arriv\u00e9e le 3 juillet<\/h3>\n<ul>\n<li>\n<p><em>Les parcs nationaux<\/em><\/p>\n<\/li>\n<\/ul>\n<h3>Arriv\u00e9e le 4 juillet<\/h3>\n<ul>\n<li>\n<p><em>Rapports CBS\u00a0: L&rsquo;Am\u00e9rique non filtr\u00e9e\u00a0: les voix derri\u00e8re les sondages<\/em><\/p>\n<\/li>\n<\/ul>\n<h3>Arriv\u00e9e le 10 juillet<\/h3>\n<ul>\n<li>\n<p><em>Beavis et Butt-Head Classique<\/em> (Saisons 2, 4-6)<\/p>\n<\/li>\n<li>\n<p><em>A\u00e9roport de glace de l&rsquo;Alaska<\/em> (Saison 4)<\/p>\n<\/li>\n<li>\n<p><em>Ridicule<\/em> (Saisons 11-12)<\/p>\n<\/li>\n<li>\n<p><em>Bob l&rsquo;\u00e9ponge<\/em> (Saison 13)<\/p>\n<\/li>\n<li>\n<p><em>Le spectacle Patrick Star<\/em> (Saison 2)<\/p>\n<\/li>\n<\/ul>\n<h3>Arriv\u00e9e le 17 juillet<\/h3>\n<ul>\n<li>\n<p><em>\u00c9pouses de basket-ball<\/em> (Saison 11)<\/p>\n<\/li>\n<\/ul>\n<h3>Arriv\u00e9e le 18 juillet<\/h3>\n<ul>\n<li>\n<p><em>Grand fr\u00e8re<\/em> (Saison 26)**<\/p>\n<\/li>\n<\/ul>\n<h3>Arriv\u00e9e le 22 juillet<\/h3>\n<ul>\n<li>\n<p><em>PD vrai<\/em> (Saison 1)<\/p>\n<\/li>\n<\/ul>\n<h3>Arriv\u00e9e le 24 juillet<\/h3>\n<ul>\n<li>\n<p><em>La course de dragsters de RuPaul <\/em>(Saison 16)<\/p>\n<\/li>\n<li>\n<p><em>La course de dragsters de RuPaul\u00a0: non repli\u00e9e<\/em> (Saisons 14-15)<\/p>\n<\/li>\n<\/ul>\n<h3>Arriv\u00e9e le 31 juillet<\/h3>\n<ul>\n<li>\n<p><em>Aide! Je suis dans une relation secr\u00e8te<\/em> (Saison 2)<\/p>\n<\/li>\n<\/ul>\n<h2 id=\"movies-coming-to-paramount-in-july-2024\">Films \u00e0 venir sur Paramount+ en juillet 2024<\/h2>\n<h3>Arriv\u00e9e le 1er juillet<\/h3>\n<ul>\n<li>\n<p><em>Une bonne journ\u00e9e pour mourir dur*<\/em><\/p>\n<\/li>\n<li>\n<p><em>Une journ\u00e9e parfaite*<\/em><\/p>\n<\/li>\n<li>\n<p><em>Une ligne mince entre l&rsquo;amour et la haine<\/em><\/p>\n<\/li>\n<li>\n<p><em>Histoire am\u00e9ricaine X<\/em><\/p>\n<\/li>\n<li>\n<p><em>Apache Jonction*<\/em><\/p>\n<\/li>\n<li>\n<p><em>Chapiteau Pee-Wee<\/em><\/p>\n<\/li>\n<li>\n<p><em>Les motards*<\/em><\/p>\n<\/li>\n<li>\n<p><em>Lames de gloire<\/em><\/p>\n<\/li>\n<li>\n<p><em>Jetons bleus<\/em><\/p>\n<\/li>\n<li>\n<p><em>Boyz N&rsquo;The Hood*<\/em><\/p>\n<\/li>\n<li>\n<p><em>Caddyshack<\/em><\/p>\n<\/li>\n<li>\n<p><em>Attrapez la balle*<\/em><\/p>\n<\/li>\n<li>\n<p><em>Les anges de Charlie<\/em><\/p>\n<\/li>\n<li>\n<p><em>Charlie&rsquo;s Angels \u00e0 plein r\u00e9gime<\/em><\/p>\n<\/li>\n<li>\n<p><em>Le site de Charlotte<\/em><\/p>\n<\/li>\n<li>\n<p><em>Copieur<\/em><\/p>\n<\/li>\n<li>\n<p><em>D\u00e9fi<\/em><\/p>\n<\/li>\n<li>\n<p><em>Dickie Roberts : ancien enfant star*<\/em><\/p>\n<\/li>\n<li>\n<p><em>Mourir dur*<\/em><\/p>\n<\/li>\n<li>\n<p><em>Mourir dur 2*<\/em><\/p>\n<\/li>\n<li>\n<p><em>Mourir dur avec une vengeance*<\/em><\/p>\n<\/li>\n<li>\n<p><em>Tra\u00eene-moi en enfer<\/em><\/p>\n<\/li>\n<li>\n<p><em>Eldorado<\/em><\/p>\n<\/li>\n<li>\n<p><em>Ennemi aux portes*<\/em><\/p>\n<\/li>\n<li>\n<p><em>Peur<\/em><\/p>\n<\/li>\n<li>\n<p><em>\u00c9crivains de la libert\u00e9*<\/em><\/p>\n<\/li>\n<li>\n<p><em>Visage dr\u00f4le<\/em><\/p>\n<\/li>\n<li>\n<p><em>Parti b\u00e9b\u00e9 Parti*<\/em><\/p>\n<\/li>\n<li>\n<p><em>Bon deuil*<\/em><\/p>\n<\/li>\n<li>\n<p><em>Graisse<\/em><\/p>\n<\/li>\n<li>\n<p><em>Fusillade \u00e0 l&rsquo;OK Corral<\/em><\/p>\n<\/li>\n<li>\n<p><em>Colline du Hamburger<\/em><\/p>\n<\/li>\n<li>\n<p><em>Chaleur*<\/em><\/p>\n<\/li>\n<li>\n<p><em>Cambriolage*<\/em><\/p>\n<\/li>\n<li>\n<p><em>Identit\u00e9<\/em><\/p>\n<\/li>\n<li>\n<p><em>Imaginez \u00e7a<\/em><\/p>\n<\/li>\n<li>\n<p><em>Le Faiseur de pluie de John Grisham<\/em><\/p>\n<\/li>\n<li>\n<p><em>Lara Croft Tomb Raider : Le berceau de la vie<\/em><\/p>\n<\/li>\n<li>\n<p><em>L\u00e9gendes de l&rsquo;automne*<\/em><\/p>\n<\/li>\n<li>\n<p><em>Une s\u00e9rie d&rsquo;\u00e9v\u00e9nements malheureux de Lemony Snicket<\/em><\/p>\n<\/li>\n<li>\n<p><em>Vivez libre ou mourez dur*<\/em><\/p>\n<\/li>\n<li>\n<p><em>J&rsquo;adore les Coopers*<\/em><\/p>\n<\/li>\n<li>\n<p><em>Martha Marcy May Marl\u00e8ne<\/em><\/p>\n<\/li>\n<li>\n<p><em>Mlle Sloane*<\/em><\/p>\n<\/li>\n<li>\n<p><em>Mon pied gauche<\/em><\/p>\n<\/li>\n<li>\n<p><em>Rugosit\u00e9 n\u00e9cessaire<\/em><\/p>\n<\/li>\n<li>\n<p><em>Nouvelle ville de Jack<\/em><\/p>\n<\/li>\n<li>\n<p><em>Groupe de hors-la-loi*<\/em><\/p>\n<\/li>\n<li>\n<p><em>Pay\u00e9 en totalit\u00e9*<\/em><\/p>\n<\/li>\n<li>\n<p><em>Sacrifice de pion*<\/em><\/p>\n<\/li>\n<li>\n<p><em>Parties intimes<\/em><\/p>\n<\/li>\n<li>\n<p><em>Rondeurs<\/em><\/p>\n<\/li>\n<li>\n<p><em>Rudy*<\/em><\/p>\n<\/li>\n<li>\n<p><em>R\u00e8gles d&rsquo;engagement<\/em><\/p>\n<\/li>\n<li>\n<p><em>Rushmore<\/em><\/p>\n<\/li>\n<li>\n<p><em>VR*<\/em><\/p>\n<\/li>\n<li>\n<p><em>Sahara<\/em><\/p>\n<\/li>\n<li>\n<p><em>D\u00e9clenchez-le\u00a0: Director&rsquo;s Cut<\/em><\/p>\n<\/li>\n<li>\n<p><em>B\u00eate sexy<\/em><\/p>\n<\/li>\n<li>\n<p><em>Star Trek II : La col\u00e8re de Khan<\/em><\/p>\n<\/li>\n<li>\n<p><em>Star Trek III : \u00c0 la recherche de Spock<\/em><\/p>\n<\/li>\n<li>\n<p><em>Star Trek IV\u00a0: Le voyage de retour<\/em><\/p>\n<\/li>\n<li>\n<p><em>Star Trek V : La Derni\u00e8re Fronti\u00e8re<\/em><\/p>\n<\/li>\n<li>\n<p><em>Star Trek VI\u00a0: Le pays inconnu<\/em><\/p>\n<\/li>\n<li>\n<p><em>Star Trek\u00a0: premier contact<\/em><\/p>\n<\/li>\n<li>\n<p><em>Star Trek\u00a0: G\u00e9n\u00e9rations<\/em><\/p>\n<\/li>\n<li>\n<p><em>Star Trek : Insurrection<\/em><\/p>\n<\/li>\n<li>\n<p><em>Star Trek\u00a0: N\u00e9m\u00e9sis<\/em><\/p>\n<\/li>\n<li>\n<p><em>Star Trek : Le Film &#8211; L&rsquo;\u00e9dition du r\u00e9alisateur<\/em><\/p>\n<\/li>\n<li>\n<p><em>Le Diluant de Stephen King<\/em><\/p>\n<\/li>\n<li>\n<p><em>Stop-Loss<\/em><\/p>\n<\/li>\n<li>\n<p><em>Location d&rsquo;\u00e9t\u00e9<\/em><\/p>\n<\/li>\n<li>\n<p><em>\u00c9cole d&rsquo;\u00e9t\u00e9*<\/em><\/p>\n<\/li>\n<li>\n<p><em>Boulevard du Coucher du Soleil<\/em><\/p>\n<\/li>\n<li>\n<p><em>Superstar<\/em><\/p>\n<\/li>\n<li>\n<p><em>\u00c9changistes<\/em><\/p>\n<\/li>\n<li>\n<p><em>Conditions d&rsquo;affection<\/em><\/p>\n<\/li>\n<li>\n<p><em>Le Club des Baby-Sitters<\/em><\/p>\n<\/li>\n<li>\n<p><em>La baby-sitter<\/em><\/p>\n<\/li>\n<li>\n<p><em>L&rsquo;Est<\/em><\/p>\n<\/li>\n<li>\n<p><em>La lettre d&rsquo;amour<\/em><\/p>\n<\/li>\n<li>\n<p><em>Le m\u00e9canicien<\/em><\/p>\n<\/li>\n<li>\n<p><em>L&rsquo;homme qui court<\/em><\/p>\n<\/li>\n<li>\n<p><em>La Sainte*<\/em><\/p>\n<\/li>\n<li>\n<p><em>Le silence des agneaux*<\/em><\/p>\n<\/li>\n<li>\n<p><em>Le film Bob l&rsquo;\u00e9ponge<\/em><\/p>\n<\/li>\n<li>\n<p><em>Le spectacle Truman<\/em><\/p>\n<\/li>\n<li>\n<p><em>Les chantiers<\/em><\/p>\n<\/li>\n<li>\n<p><em>Chronologie<\/em><\/p>\n<\/li>\n<li>\n<p><em>Tom et Jerry<\/em><\/p>\n<\/li>\n<li>\n<p><em>Top secret!*<\/em><\/p>\n<\/li>\n<li>\n<p><em>Rappel total<\/em><\/p>\n<\/li>\n<li>\n<p><em>Trainspotting<\/em><\/p>\n<\/li>\n<li>\n<p><em>Valeur peu commune<\/em><\/p>\n<\/li>\n<li>\n<p><em>Soldat universel*<\/em><\/p>\n<\/li>\n<li>\n<p><em>Ce que veulent les hommes*<\/em><\/p>\n<\/li>\n<li>\n<p><em>Sans pagaie<\/em><\/p>\n<\/li>\n<li>\n<p><em>Centre du commerce mondial<\/em><\/p>\n<\/li>\n<li>\n<p><em>Le v\u00f4tre, le mien et le n\u00f4tre<\/em><\/p>\n<\/li>\n<li>\n<p><em>Z\u00e9ro Sombre Trente<\/em><\/p>\n<\/li>\n<\/ul>\n<h3>Arriv\u00e9e le 8 juillet<\/h3>\n<ul>\n<li>\n<p><em>Anesth\u00e9sie*<\/em><\/p>\n<\/li>\n<\/ul>\n<h3>Arriv\u00e9e le 13 juillet<\/h3>\n<ul>\n<li>\n<p><em>Arthur et les Invisibles*<\/em><\/p>\n<\/li>\n<\/ul>\n<h3>Arriv\u00e9e le 15 juillet<\/h3>\n<ul>\n<li>\n<p><em>Cinquante nuances de noir*<\/em><\/p>\n<\/li>\n<li>\n<p><em>La guerre actuelle*<\/em><\/p>\n<\/li>\n<\/ul>\n<h3>Arriv\u00e9e le 24 juillet<\/h3>\n<ul>\n<li>\n<p><em>Weiner*<\/em><\/p>\n<\/li>\n<\/ul>\n<h3>Arriv\u00e9e le 27 juillet<\/h3>\n<ul>\n<li>\n<p><em>Hannibal se levant*<\/em><\/p>\n<\/li>\n<\/ul>\n","protected":false},"excerpt":{"rendered":"<p>Une nouvelle saison de \u00ab Big Brother \u00bb et un documentaire sur Melissa Etheridge. De nouvelles saisons de t\u00e9l\u00e9-r\u00e9alit\u00e9 arrivent sur Paramount+ en juillet, dont<\/p>\n","protected":false},"author":1,"featured_media":2387,"comment_status":"","ping_status":"","sticky":false,"template":"","format":"standard","meta":{"footnotes":""},"categories":[36],"tags":[61,3153,437,2665,202,2666,33],"class_list":["post-2386","post","type-post","status-publish","format-standard","has-post-thumbnail","hentry","category-divertissement","tag-avec","tag-juillet","tag-neuf","tag-paramount","tag-quoi","tag-showtime","tag-sur","generate-columns","tablet-grid-50","mobile-grid-100","grid-parent","grid-33"],"yoast_head":"<!-- This site is optimized with the Yoast SEO plugin v24.0 - https:\/\/yoast.com\/wordpress\/plugins\/seo\/ -->\n<title>Quoi de neuf sur Paramount+ avec Showtime en juillet 2024 | Vie Associative<\/title>\n<meta name=\"robots\" content=\"index, follow, max-snippet:-1, max-image-preview:large, max-video-preview:-1\" \/>\n<link rel=\"canonical\" href=\"https:\/\/vieassociative.be\/actualites\/quoi-de-neuf-sur-paramount-avec-showtime-en-juillet-2024\/\" \/>\n<meta property=\"og:locale\" content=\"fr_FR\" \/>\n<meta property=\"og:type\" content=\"article\" \/>\n<meta property=\"og:title\" content=\"Quoi de neuf sur Paramount+ avec Showtime en juillet 2024 | Vie Associative\" \/>\n<meta property=\"og:description\" content=\"Une nouvelle saison de \u00ab Big Brother \u00bb et un documentaire sur Melissa Etheridge. De nouvelles saisons de t\u00e9l\u00e9-r\u00e9alit\u00e9 arrivent sur Paramount+ en juillet, dont\" \/>\n<meta property=\"og:url\" content=\"https:\/\/vieassociative.be\/actualites\/quoi-de-neuf-sur-paramount-avec-showtime-en-juillet-2024\/\" \/>\n<meta property=\"og:site_name\" content=\"Vie Associative\" \/>\n<meta property=\"article:published_time\" content=\"2024-11-13T22:19:41+00:00\" \/>\n<meta property=\"og:image\" content=\"https:\/\/vieassociative.be\/actualites\/wp-content\/uploads\/2024\/09\/header_backgroundk-01-e1726694325946.png\" \/>\n\t<meta property=\"og:image:width\" content=\"279\" \/>\n\t<meta property=\"og:image:height\" content=\"92\" \/>\n\t<meta property=\"og:image:type\" content=\"image\/png\" \/>\n<meta name=\"author\" content=\"Julien\" \/>\n<meta name=\"twitter:card\" content=\"summary_large_image\" \/>\n<meta name=\"twitter:label1\" content=\"\u00c9crit par\" \/>\n\t<meta name=\"twitter:data1\" content=\"Julien\" \/>\n\t<meta name=\"twitter:label2\" content=\"Dur\u00e9e de lecture est.\" \/>\n\t<meta name=\"twitter:data2\" content=\"4 minutes\" \/>\n<script type=\"application\/ld+json\" class=\"yoast-schema-graph\">{\"@context\":\"https:\/\/schema.org\",\"@graph\":[{\"@type\":\"Article\",\"@id\":\"https:\/\/vieassociative.be\/actualites\/quoi-de-neuf-sur-paramount-avec-showtime-en-juillet-2024\/#article\",\"isPartOf\":{\"@id\":\"https:\/\/vieassociative.be\/actualites\/quoi-de-neuf-sur-paramount-avec-showtime-en-juillet-2024\/\"},\"author\":{\"name\":\"Julien\",\"@id\":\"https:\/\/vieassociative.be\/actualites\/#\/schema\/person\/b87ac4f82f9d4e7b7cec7395b679edc4\"},\"headline\":\"Quoi de neuf sur Paramount+ avec Showtime en juillet 2024\",\"datePublished\":\"2024-11-13T22:19:41+00:00\",\"dateModified\":\"2024-11-13T22:19:41+00:00\",\"mainEntityOfPage\":{\"@id\":\"https:\/\/vieassociative.be\/actualites\/quoi-de-neuf-sur-paramount-avec-showtime-en-juillet-2024\/\"},\"wordCount\":841,\"publisher\":{\"@id\":\"https:\/\/vieassociative.be\/actualites\/#organization\"},\"image\":{\"@id\":\"https:\/\/vieassociative.be\/actualites\/quoi-de-neuf-sur-paramount-avec-showtime-en-juillet-2024\/#primaryimage\"},\"thumbnailUrl\":\"https:\/\/vieassociative.be\/actualites\/wp-content\/uploads\/2024\/11\/Quoi-de-neuf-sur-Paramount-avec-Showtime-en-juillet-2024.png\",\"keywords\":[\"avec\",\"juillet\",\"Neuf\",\"Paramount\",\"quoi\",\"Showtime\",\"sur\"],\"articleSection\":[\"Divertissement\"],\"inLanguage\":\"fr-BE\"},{\"@type\":\"WebPage\",\"@id\":\"https:\/\/vieassociative.be\/actualites\/quoi-de-neuf-sur-paramount-avec-showtime-en-juillet-2024\/\",\"url\":\"https:\/\/vieassociative.be\/actualites\/quoi-de-neuf-sur-paramount-avec-showtime-en-juillet-2024\/\",\"name\":\"Quoi de neuf sur Paramount+ avec Showtime en juillet 2024 | Vie Associative\",\"isPartOf\":{\"@id\":\"https:\/\/vieassociative.be\/actualites\/#website\"},\"primaryImageOfPage\":{\"@id\":\"https:\/\/vieassociative.be\/actualites\/quoi-de-neuf-sur-paramount-avec-showtime-en-juillet-2024\/#primaryimage\"},\"image\":{\"@id\":\"https:\/\/vieassociative.be\/actualites\/quoi-de-neuf-sur-paramount-avec-showtime-en-juillet-2024\/#primaryimage\"},\"thumbnailUrl\":\"https:\/\/vieassociative.be\/actualites\/wp-content\/uploads\/2024\/11\/Quoi-de-neuf-sur-Paramount-avec-Showtime-en-juillet-2024.png\",\"datePublished\":\"2024-11-13T22:19:41+00:00\",\"dateModified\":\"2024-11-13T22:19:41+00:00\",\"breadcrumb\":{\"@id\":\"https:\/\/vieassociative.be\/actualites\/quoi-de-neuf-sur-paramount-avec-showtime-en-juillet-2024\/#breadcrumb\"},\"inLanguage\":\"fr-BE\",\"potentialAction\":[{\"@type\":\"ReadAction\",\"target\":[\"https:\/\/vieassociative.be\/actualites\/quoi-de-neuf-sur-paramount-avec-showtime-en-juillet-2024\/\"]}]},{\"@type\":\"ImageObject\",\"inLanguage\":\"fr-BE\",\"@id\":\"https:\/\/vieassociative.be\/actualites\/quoi-de-neuf-sur-paramount-avec-showtime-en-juillet-2024\/#primaryimage\",\"url\":\"https:\/\/vieassociative.be\/actualites\/wp-content\/uploads\/2024\/11\/Quoi-de-neuf-sur-Paramount-avec-Showtime-en-juillet-2024.png\",\"contentUrl\":\"https:\/\/vieassociative.be\/actualites\/wp-content\/uploads\/2024\/11\/Quoi-de-neuf-sur-Paramount-avec-Showtime-en-juillet-2024.png\",\"width\":1200,\"height\":675,\"caption\":\"Quoi de neuf sur Paramount+ avec Showtime en juillet 2024\"},{\"@type\":\"BreadcrumbList\",\"@id\":\"https:\/\/vieassociative.be\/actualites\/quoi-de-neuf-sur-paramount-avec-showtime-en-juillet-2024\/#breadcrumb\",\"itemListElement\":[{\"@type\":\"ListItem\",\"position\":1,\"name\":\"Accueil\",\"item\":\"https:\/\/vieassociative.be\/actualites\/\"},{\"@type\":\"ListItem\",\"position\":2,\"name\":\"Quoi de neuf sur Paramount+ avec Showtime en juillet 2024\"}]},{\"@type\":\"WebSite\",\"@id\":\"https:\/\/vieassociative.be\/actualites\/#website\",\"url\":\"https:\/\/vieassociative.be\/actualites\/\",\"name\":\"Vie Associative\",\"description\":\"\",\"publisher\":{\"@id\":\"https:\/\/vieassociative.be\/actualites\/#organization\"},\"potentialAction\":[{\"@type\":\"SearchAction\",\"target\":{\"@type\":\"EntryPoint\",\"urlTemplate\":\"https:\/\/vieassociative.be\/actualites\/?s={search_term_string}\"},\"query-input\":{\"@type\":\"PropertyValueSpecification\",\"valueRequired\":true,\"valueName\":\"search_term_string\"}}],\"inLanguage\":\"fr-BE\"},{\"@type\":\"Organization\",\"@id\":\"https:\/\/vieassociative.be\/actualites\/#organization\",\"name\":\"Vie Associative\",\"url\":\"https:\/\/vieassociative.be\/actualites\/\",\"logo\":{\"@type\":\"ImageObject\",\"inLanguage\":\"fr-BE\",\"@id\":\"https:\/\/vieassociative.be\/actualites\/#\/schema\/logo\/image\/\",\"url\":\"https:\/\/vieassociative.be\/actualites\/wp-content\/uploads\/2024\/09\/cropped-vieassociative_favicon.ico.png\",\"contentUrl\":\"https:\/\/vieassociative.be\/actualites\/wp-content\/uploads\/2024\/09\/cropped-vieassociative_favicon.ico.png\",\"width\":512,\"height\":512,\"caption\":\"Vie Associative\"},\"image\":{\"@id\":\"https:\/\/vieassociative.be\/actualites\/#\/schema\/logo\/image\/\"}},{\"@type\":\"Person\",\"@id\":\"https:\/\/vieassociative.be\/actualites\/#\/schema\/person\/b87ac4f82f9d4e7b7cec7395b679edc4\",\"name\":\"Julien\",\"image\":{\"@type\":\"ImageObject\",\"inLanguage\":\"fr-BE\",\"@id\":\"https:\/\/vieassociative.be\/actualites\/#\/schema\/person\/image\/\",\"url\":\"https:\/\/vieassociative.be\/actualites\/wp-content\/uploads\/2024\/09\/vie-associative-1-150x150.jpg\",\"contentUrl\":\"https:\/\/vieassociative.be\/actualites\/wp-content\/uploads\/2024\/09\/vie-associative-1-150x150.jpg\",\"caption\":\"Julien\"},\"description\":\"Je suis Julien, r\u00e9dacteur pour Vie Associative. Passionn\u00e9 par le monde associatif depuis plus de 10 ans, j'ai \u00e0 c\u0153ur de partager des histoires inspirantes et de mettre en lumi\u00e8re les initiatives locales. Mon objectif est de sensibiliser et d'encourager l'engagement communautaire \u00e0 travers mes articles.\",\"sameAs\":[\"https:\/\/vieassociative.be\/\"]}]}<\/script>\n<!-- \/ Yoast SEO plugin. -->","yoast_head_json":{"title":"Quoi de neuf sur Paramount+ avec Showtime en juillet 2024 | Vie Associative","robots":{"index":"index","follow":"follow","max-snippet":"max-snippet:-1","max-image-preview":"max-image-preview:large","max-video-preview":"max-video-preview:-1"},"canonical":"https:\/\/vieassociative.be\/actualites\/quoi-de-neuf-sur-paramount-avec-showtime-en-juillet-2024\/","og_locale":"fr_FR","og_type":"article","og_title":"Quoi de neuf sur Paramount+ avec Showtime en juillet 2024 | Vie Associative","og_description":"Une nouvelle saison de \u00ab Big Brother \u00bb et un documentaire sur Melissa Etheridge. De nouvelles saisons de t\u00e9l\u00e9-r\u00e9alit\u00e9 arrivent sur Paramount+ en juillet, dont","og_url":"https:\/\/vieassociative.be\/actualites\/quoi-de-neuf-sur-paramount-avec-showtime-en-juillet-2024\/","og_site_name":"Vie Associative","article_published_time":"2024-11-13T22:19:41+00:00","og_image":[{"width":279,"height":92,"url":"https:\/\/vieassociative.be\/actualites\/wp-content\/uploads\/2024\/09\/header_backgroundk-01-e1726694325946.png","type":"image\/png"}],"author":"Julien","twitter_card":"summary_large_image","twitter_misc":{"\u00c9crit par":"Julien","Dur\u00e9e de lecture est.":"4 minutes"},"schema":{"@context":"https:\/\/schema.org","@graph":[{"@type":"Article","@id":"https:\/\/vieassociative.be\/actualites\/quoi-de-neuf-sur-paramount-avec-showtime-en-juillet-2024\/#article","isPartOf":{"@id":"https:\/\/vieassociative.be\/actualites\/quoi-de-neuf-sur-paramount-avec-showtime-en-juillet-2024\/"},"author":{"name":"Julien","@id":"https:\/\/vieassociative.be\/actualites\/#\/schema\/person\/b87ac4f82f9d4e7b7cec7395b679edc4"},"headline":"Quoi de neuf sur Paramount+ avec Showtime en juillet 2024","datePublished":"2024-11-13T22:19:41+00:00","dateModified":"2024-11-13T22:19:41+00:00","mainEntityOfPage":{"@id":"https:\/\/vieassociative.be\/actualites\/quoi-de-neuf-sur-paramount-avec-showtime-en-juillet-2024\/"},"wordCount":841,"publisher":{"@id":"https:\/\/vieassociative.be\/actualites\/#organization"},"image":{"@id":"https:\/\/vieassociative.be\/actualites\/quoi-de-neuf-sur-paramount-avec-showtime-en-juillet-2024\/#primaryimage"},"thumbnailUrl":"https:\/\/vieassociative.be\/actualites\/wp-content\/uploads\/2024\/11\/Quoi-de-neuf-sur-Paramount-avec-Showtime-en-juillet-2024.png","keywords":["avec","juillet","Neuf","Paramount","quoi","Showtime","sur"],"articleSection":["Divertissement"],"inLanguage":"fr-BE"},{"@type":"WebPage","@id":"https:\/\/vieassociative.be\/actualites\/quoi-de-neuf-sur-paramount-avec-showtime-en-juillet-2024\/","url":"https:\/\/vieassociative.be\/actualites\/quoi-de-neuf-sur-paramount-avec-showtime-en-juillet-2024\/","name":"Quoi de neuf sur Paramount+ avec Showtime en juillet 2024 | Vie Associative","isPartOf":{"@id":"https:\/\/vieassociative.be\/actualites\/#website"},"primaryImageOfPage":{"@id":"https:\/\/vieassociative.be\/actualites\/quoi-de-neuf-sur-paramount-avec-showtime-en-juillet-2024\/#primaryimage"},"image":{"@id":"https:\/\/vieassociative.be\/actualites\/quoi-de-neuf-sur-paramount-avec-showtime-en-juillet-2024\/#primaryimage"},"thumbnailUrl":"https:\/\/vieassociative.be\/actualites\/wp-content\/uploads\/2024\/11\/Quoi-de-neuf-sur-Paramount-avec-Showtime-en-juillet-2024.png","datePublished":"2024-11-13T22:19:41+00:00","dateModified":"2024-11-13T22:19:41+00:00","breadcrumb":{"@id":"https:\/\/vieassociative.be\/actualites\/quoi-de-neuf-sur-paramount-avec-showtime-en-juillet-2024\/#breadcrumb"},"inLanguage":"fr-BE","potentialAction":[{"@type":"ReadAction","target":["https:\/\/vieassociative.be\/actualites\/quoi-de-neuf-sur-paramount-avec-showtime-en-juillet-2024\/"]}]},{"@type":"ImageObject","inLanguage":"fr-BE","@id":"https:\/\/vieassociative.be\/actualites\/quoi-de-neuf-sur-paramount-avec-showtime-en-juillet-2024\/#primaryimage","url":"https:\/\/vieassociative.be\/actualites\/wp-content\/uploads\/2024\/11\/Quoi-de-neuf-sur-Paramount-avec-Showtime-en-juillet-2024.png","contentUrl":"https:\/\/vieassociative.be\/actualites\/wp-content\/uploads\/2024\/11\/Quoi-de-neuf-sur-Paramount-avec-Showtime-en-juillet-2024.png","width":1200,"height":675,"caption":"Quoi de neuf sur Paramount+ avec Showtime en juillet 2024"},{"@type":"BreadcrumbList","@id":"https:\/\/vieassociative.be\/actualites\/quoi-de-neuf-sur-paramount-avec-showtime-en-juillet-2024\/#breadcrumb","itemListElement":[{"@type":"ListItem","position":1,"name":"Accueil","item":"https:\/\/vieassociative.be\/actualites\/"},{"@type":"ListItem","position":2,"name":"Quoi de neuf sur Paramount+ avec Showtime en juillet 2024"}]},{"@type":"WebSite","@id":"https:\/\/vieassociative.be\/actualites\/#website","url":"https:\/\/vieassociative.be\/actualites\/","name":"Vie Associative","description":"","publisher":{"@id":"https:\/\/vieassociative.be\/actualites\/#organization"},"potentialAction":[{"@type":"SearchAction","target":{"@type":"EntryPoint","urlTemplate":"https:\/\/vieassociative.be\/actualites\/?s={search_term_string}"},"query-input":{"@type":"PropertyValueSpecification","valueRequired":true,"valueName":"search_term_string"}}],"inLanguage":"fr-BE"},{"@type":"Organization","@id":"https:\/\/vieassociative.be\/actualites\/#organization","name":"Vie Associative","url":"https:\/\/vieassociative.be\/actualites\/","logo":{"@type":"ImageObject","inLanguage":"fr-BE","@id":"https:\/\/vieassociative.be\/actualites\/#\/schema\/logo\/image\/","url":"https:\/\/vieassociative.be\/actualites\/wp-content\/uploads\/2024\/09\/cropped-vieassociative_favicon.ico.png","contentUrl":"https:\/\/vieassociative.be\/actualites\/wp-content\/uploads\/2024\/09\/cropped-vieassociative_favicon.ico.png","width":512,"height":512,"caption":"Vie Associative"},"image":{"@id":"https:\/\/vieassociative.be\/actualites\/#\/schema\/logo\/image\/"}},{"@type":"Person","@id":"https:\/\/vieassociative.be\/actualites\/#\/schema\/person\/b87ac4f82f9d4e7b7cec7395b679edc4","name":"Julien","image":{"@type":"ImageObject","inLanguage":"fr-BE","@id":"https:\/\/vieassociative.be\/actualites\/#\/schema\/person\/image\/","url":"https:\/\/vieassociative.be\/actualites\/wp-content\/uploads\/2024\/09\/vie-associative-1-150x150.jpg","contentUrl":"https:\/\/vieassociative.be\/actualites\/wp-content\/uploads\/2024\/09\/vie-associative-1-150x150.jpg","caption":"Julien"},"description":"Je suis Julien, r\u00e9dacteur pour Vie Associative. Passionn\u00e9 par le monde associatif depuis plus de 10 ans, j'ai \u00e0 c\u0153ur de partager des histoires inspirantes et de mettre en lumi\u00e8re les initiatives locales. Mon objectif est de sensibiliser et d'encourager l'engagement communautaire \u00e0 travers mes articles.","sameAs":["https:\/\/vieassociative.be\/"]}]}},"_links":{"self":[{"href":"https:\/\/vieassociative.be\/actualites\/wp-json\/wp\/v2\/posts\/2386"}],"collection":[{"href":"https:\/\/vieassociative.be\/actualites\/wp-json\/wp\/v2\/posts"}],"about":[{"href":"https:\/\/vieassociative.be\/actualites\/wp-json\/wp\/v2\/types\/post"}],"author":[{"embeddable":true,"href":"https:\/\/vieassociative.be\/actualites\/wp-json\/wp\/v2\/users\/1"}],"replies":[{"embeddable":true,"href":"https:\/\/vieassociative.be\/actualites\/wp-json\/wp\/v2\/comments?post=2386"}],"version-history":[{"count":0,"href":"https:\/\/vieassociative.be\/actualites\/wp-json\/wp\/v2\/posts\/2386\/revisions"}],"wp:featuredmedia":[{"embeddable":true,"href":"https:\/\/vieassociative.be\/actualites\/wp-json\/wp\/v2\/media\/2387"}],"wp:attachment":[{"href":"https:\/\/vieassociative.be\/actualites\/wp-json\/wp\/v2\/media?parent=2386"}],"wp:term":[{"taxonomy":"category","embeddable":true,"href":"https:\/\/vieassociative.be\/actualites\/wp-json\/wp\/v2\/categories?post=2386"},{"taxonomy":"post_tag","embeddable":true,"href":"https:\/\/vieassociative.be\/actualites\/wp-json\/wp\/v2\/tags?post=2386"}],"curies":[{"name":"wp","href":"https:\/\/api.w.org\/{rel}","templated":true}]}}