{"id":2384,"date":"2024-11-13T21:17:10","date_gmt":"2024-11-13T20:17:10","guid":{"rendered":"https:\/\/vieassociative.be\/actualites\/biden-accueille-trump-a-la-maison-blanche-musk-en-renovateur-presentateur-de-television-ministre-de-la-defense\/"},"modified":"2024-11-13T21:17:10","modified_gmt":"2024-11-13T20:17:10","slug":"biden-accueille-trump-a-la-maison-blanche-musk-en-renovateur-presentateur-de-television-ministre-de-la-defense","status":"publish","type":"post","link":"https:\/\/vieassociative.be\/actualites\/biden-accueille-trump-a-la-maison-blanche-musk-en-renovateur-presentateur-de-television-ministre-de-la-defense\/","title":{"rendered":"Biden accueille Trump \u00e0 la Maison Blanche \u2013 Musk en \u00ab r\u00e9novateur \u00bb \u2013 pr\u00e9sentateur de t\u00e9l\u00e9vision, ministre de la D\u00e9fense"},"content":{"rendered":"<p><strong>MISE \u00c0 JOUR &#8211; Le pr\u00e9sident \u00e9lu des \u00c9tats-Unis, Donald Trump, a encore avanc\u00e9 son retour au pouvoir avec une visite symbolique \u00e0 la Maison Blanche. Le pr\u00e9sident sortant Joe Biden a accueilli son principal rival politique par une poign\u00e9e de main au si\u00e8ge du gouvernement dans la capitale am\u00e9ricaine.<\/strong><\/p>\n<p><span id=\"more-401734\"><\/span>Le d\u00e9mocrate a promis un transfert de pouvoir ordonn\u00e9. Trump l&rsquo;a remerci\u00e9 et a \u00e9galement parl\u00e9 de rendre la transition aussi fluide que possible. \u00ab\u00a0La politique est difficile et dans de nombreux cas, le monde n&rsquo;est pas beau, mais aujourd&rsquo;hui, c&rsquo;est un monde magnifique\u00a0\u00bb, a ajout\u00e9 le r\u00e9publicain.<\/p>\n<p>Lors de sa visite \u00e0 Washington, Trump a fait sensation avec de nouvelles d\u00e9cisions controvers\u00e9es en mati\u00e8re de personnel, notamment son projet de nommer un ancien soldat et pr\u00e9sentateur de t\u00e9l\u00e9vision politiquement inexp\u00e9riment\u00e9 au poste de ministre de la D\u00e9fense, au milieu de conflits militaires majeurs \u00e0 travers le monde. Apr\u00e8s sa victoire \u00e9lectorale, Trump constitue \u00e0 toute vitesse son \u00e9quipe gouvernementale et int\u00e8gre dans son \u00e9quipe divers partisans de la ligne dure qui se caract\u00e9risent avant tout par leur loyaut\u00e9.<\/p>\n<div id=\"attachment_401737\" class=\"wp-caption alignleft\" style=\"max-width: 300px\"><img fetchpriority=\"high\" decoding=\"async\" class=\"wp-image-401737 size-medium\" src=\"https:\/\/vieassociative.be\/actualites\/wp-content\/uploads\/2024\/11\/Biden-accueille-Trump-a-la-Maison-Blanche-\u2013-Musk-en.jpg\" alt=\"\" width=\"300\" height=\"200\"><\/p>\n<p class=\"wp-caption-text\">13 novembre 2024, \u00c9tats-Unis, Washington : le pr\u00e9sident am\u00e9ricain Joe Biden (r) rencontre le pr\u00e9sident \u00e9lu am\u00e9ricain Donald Trump dans le Bureau ovale de la Maison Blanche. Photo : Evan Vucci\/AP\/dpa<\/p>\n<\/div>\n<p><b>\u2013 Amiti\u00e9s entre deux adversaires acharn\u00e9s : <\/b>Aux \u00c9tats-Unis, la proc\u00e9dure habituelle de changement de pouvoir consiste en une rencontre entre le pr\u00e9sident sortant et son successeur. Les deux opposants politiques Biden et Trump, qui s&rsquo;\u00e9taient \u00e2prement battus ces derni\u00e8res ann\u00e9es, se sont assis dans le Bureau ovale, le bureau du pr\u00e9sident \u00e0 la Maison Blanche.<\/p>\n<p>Trump a rompu avec cette tradition en 2020 et n\u2019a ni invit\u00e9 Biden \u00e0 la Maison Blanche ni assist\u00e9 \u00e0 son investiture apr\u00e8s sa victoire \u00e9lectorale. Le r\u00e9publicain s\u2019est pr\u00e9sent\u00e9 contre Biden lors de cette \u00e9lection et a perdu. L&rsquo;homme de 78 ans n&rsquo;a pas reconnu sa d\u00e9faite \u00e0 ce jour. Apr\u00e8s les r\u00e9centes \u00e9lections, Biden et ses d\u00e9mocrates sont d\u00e9sormais particuli\u00e8rement soucieux du respect des r\u00e8gles d\u00e9mocratiques.<\/p>\n<p>Biden et Trump ont sembl\u00e9 civilis\u00e9s et amicaux lors de leur r\u00e9union, se souriant m\u00eame parfois et semblant plaisanter bri\u00e8vement lorsque les journalistes criaient haut et fort des questions dans la salle apr\u00e8s de br\u00e8ves d\u00e9clarations. Ils les laiss\u00e8rent sans r\u00e9ponse. L&rsquo;\u00e9pouse de Trump, Melania, comme pour de nombreuses nominations, n&rsquo;a pas accompagn\u00e9 son mari et a donc d\u00e9clin\u00e9 une invitation de l&rsquo;actuelle Premi\u00e8re dame Jill Biden.<\/p>\n<div id=\"attachment_401740\" class=\"wp-caption alignleft\" style=\"max-width: 300px\"><img decoding=\"async\" class=\"wp-image-401740 size-medium\" src=\"https:\/\/vieassociative.be\/actualites\/wp-content\/uploads\/2024\/11\/1731529030_517_Biden-accueille-Trump-a-la-Maison-Blanche-\u2013-Musk-en.jpg\" alt=\"\" width=\"300\" height=\"200\"><\/p>\n<p class=\"wp-caption-text\">5 octobre 2024, \u00c9tats-Unis, Butler : Elon Musk, PDG de Tesla et SpaceX, et le candidat r\u00e9publicain \u00e0 la pr\u00e9sidentielle et ancien pr\u00e9sident am\u00e9ricain Donald Trump participent \u00e0 un \u00e9v\u00e9nement de campagne au Butler Farm Show. Photo : Alex Brandon\/AP\/dpa<\/p>\n<\/div>\n<p><b>\u2013 Bravo des coll\u00e8gues du parti et fantasmes gouvernementaux : <\/b>Pour Trump, cette visite a \u00e9t\u00e9 un v\u00e9ritable triomphe. Apr\u00e8s avoir quitt\u00e9 ses fonctions, il ne s\u2019est rendu que relativement rarement dans la capitale. Il y a maintenant c\u00e9l\u00e9br\u00e9 sa victoire \u00e9lectorale et a \u00e9t\u00e9 c\u00e9l\u00e9br\u00e9 par les principaux r\u00e9publicains du Congr\u00e8s avant de rencontrer Biden. Trump a \u00e9t\u00e9 accueilli par les applaudissements de ses coll\u00e8gues du parti pr\u00e8s du Capitole et a salu\u00e9 le succ\u00e8s du parti dans un bref discours. Il \u00e9tait accompagn\u00e9 du milliardaire de la tech Elon Musk, pour qui il a pr\u00e9vu un r\u00f4le de conseiller.<\/p>\n<p>Selon les journalistes pr\u00e9sents, Trump a flirt\u00e9 avec les l\u00e9gislateurs lors de la r\u00e9union en leur disant qu\u2019il ne se pr\u00e9senterait plus \u00e0 la pr\u00e9sidence \u00e0 moins que le Congr\u00e8s \u00ab fasse quelque chose \u00bb. Le r\u00e9publicain faisait allusion au fait que, selon la Constitution, le mandat des pr\u00e9sidents des \u00c9tats-Unis est limit\u00e9 \u00e0 deux mandats &#8211; qu&rsquo;ils soient cons\u00e9cutifs, \u00e0 quelle fr\u00e9quence ou avec une interruption entre les deux, comme dans le cas inhabituel de Trump. cas.<\/p>\n<p>Une telle remarque \u2013 pr\u00e9tendument plaisante \u2013 selon laquelle il pourrait simplement rester en fonction plus longtemps gr\u00e2ce \u00e0 un amendement constitutionnel correspond \u00e0 ce mod\u00e8le. Trump a d\u00e9clar\u00e9 pendant la campagne \u00e9lectorale qu\u2019il voulait seulement \u00eatre un dictateur d\u00e8s le premier jour. Il r\u00e9pondait aux craintes que le pays ne devienne autocratique sous sa direction. Toutefois, la modification de la Constitution am\u00e9ricaine se heurte \u00e0 des obstacles extr\u00eamement importants.<\/p>\n<div id=\"attachment_401746\" class=\"wp-caption alignleft\" style=\"max-width: 300px\"><img decoding=\"async\" class=\"wp-image-401746 size-medium\" src=\"https:\/\/vieassociative.be\/actualites\/wp-content\/uploads\/2024\/11\/1731529030_71_Biden-accueille-Trump-a-la-Maison-Blanche-\u2013-Musk-en.jpg\" alt=\"\" width=\"300\" height=\"200\"><\/p>\n<p class=\"wp-caption-text\">15 d\u00e9cembre 2016, \u00c9tats-Unis, New York : Pete Hegseth se rend dans un ascenseur pour une r\u00e9union avec le pr\u00e9sident \u00e9lu am\u00e9ricain Donald Trump dans la Trump Tower. Photo : Evan Vucci\/AP\/dpa<\/p>\n<\/div>\n<p>Les R\u00e9publicains ont obtenu la majorit\u00e9 au S\u00e9nat lors des \u00e9lections de la semaine derni\u00e8re. On ne sait pas encore si les R\u00e9publicains auront \u00e9galement leur mot \u00e0 dire dans l&rsquo;autre chambre du Parlement, la Chambre des repr\u00e9sentants, \u00e0 l&rsquo;avenir. Cela pourrait \u00eatre une bonne chose \u2013 et donnerait \u00e0 Trump une influence suppl\u00e9mentaire. Trump devrait remplacer Biden \u00e0 la Maison Blanche le 20 janvier. Le R\u00e9publicain a d\u00e9j\u00e0 annonc\u00e9 divers d\u00e9tails concernant le personnel de la future \u00e9quipe qui l&rsquo;entoure.<\/p>\n<p><b>\u2013 Un pr\u00e9sentateur TV en tant que ministre de la D\u00e9fense : <\/b>Trump a choisi le pr\u00e9sentateur de t\u00e9l\u00e9vision Pete Hegseth comme chef du Pentagone. Il travaille pour la cha\u00eene conservatrice de droite Fox News et a lui-m\u00eame \u00e9t\u00e9 soldat, mais n&rsquo;a aucune exp\u00e9rience politique ni expertise en mati\u00e8re de s\u00e9curit\u00e9 nationale. N\u00e9anmoins, selon le souhait de Trump, il devrait \u00e0 l&rsquo;avenir diriger l&rsquo;un des minist\u00e8res les plus importants des \u00c9tats-Unis. CNN a cit\u00e9 un responsable du Pentagone disant : \u00ab Tout le monde est simplement choqu\u00e9. \u00bb<\/p>\n<p><b>\u2013 Un multimilliardaire comme r\u00e9ducteur de co\u00fbts : <\/b>L\u2019homme d\u2019affaires excentrique Musk, \u00e0 son tour \u2013 dans un r\u00f4le inhabituel en dehors du gouvernement mais en collaboration directe avec la Maison Blanche \u2013 est cens\u00e9 aider Trump \u00e0 r\u00e9duire les d\u00e9penses et la bureaucratie.<\/p>\n<p>Cette personnalit\u00e9 est \u00e9galement tr\u00e8s controvers\u00e9e, car la personne la plus riche du monde et patron de diverses entreprises pourrait \u00eatre soup\u00e7onn\u00e9e de certains conflits d&rsquo;int\u00e9r\u00eats &#8211; et en tant que responsable de la plateforme en ligne Musk et l&rsquo;ancien candidat \u00e0 la pr\u00e9sidentielle Vivek Ramaswamy travailleront ensemble au sein du nouveau \u00ab D\u00e9partement de l&rsquo;efficacit\u00e9 gouvernementale \u00bb. Musk a fait don d&rsquo;environ 120 millions de dollars \u00e0 la campagne de Trump.<\/p>\n<div id=\"attachment_401741\" class=\"wp-caption alignleft\" style=\"max-width: 300px\"><img loading=\"lazy\" decoding=\"async\" class=\"wp-image-401741 size-medium\" src=\"https:\/\/vieassociative.be\/actualites\/wp-content\/uploads\/2024\/11\/1731529030_654_Biden-accueille-Trump-a-la-Maison-Blanche-\u2013-Musk-en.jpg\" alt=\"\" width=\"300\" height=\"200\"><\/p>\n<p class=\"wp-caption-text\">13 novembre 2024, \u00c9tats-Unis, Washington : des repr\u00e9sentants de la presse se rassemblent devant l&rsquo;aile ouest de la Maison Blanche avant que le pr\u00e9sident am\u00e9ricain Biden ne rencontre le pr\u00e9sident \u00e9lu am\u00e9ricain Trump dans le Bureau ovale. Photo : Susan Walsh\/AP\/dpa<\/p>\n<\/div>\n<p><b>\u2013 Un gouverneur controvers\u00e9 au poste de secr\u00e9taire \u00e0 la s\u00e9curit\u00e9 int\u00e9rieure : <\/b>Avec la gouverneure du Dakota du Sud, Kristi Noem, Trump a choisi un fervent partisan pour diriger le minist\u00e8re de la S\u00e9curit\u00e9 int\u00e9rieure. Celui-ci est responsable des autorit\u00e9s charg\u00e9es de l\u2019immigration et de la protection des fronti\u00e8res \u2013 et Trump a fait des expulsions massives une priorit\u00e9 centrale de son mandat. Noem a parfois \u00e9t\u00e9 consid\u00e9r\u00e9e comme sa candidate \u00e0 la vice-pr\u00e9sidence pendant la campagne \u00e9lectorale, mais ses m\u00e9moires ont fait la une des journaux n\u00e9gatifs : Noem y d\u00e9crivait comment elle avait abattu son jeune chien, Cricket, de ses propres mains parce qu&rsquo;il ne convenait pas comme chien de chasse. Elle a expliqu\u00e9 plus tard que cela montrait sa volont\u00e9 de prendre des d\u00e9cisions difficiles.<\/p>\n<p><b>\u2013 Un partisan de la ligne dure en mati\u00e8re de migration qui tire les ficelles\u00a0: <\/b>L&rsquo;un des architectes de la politique d&rsquo;immigration restrictive de Trump, Stephen Miller, devrait obtenir un poste cl\u00e9 \u00e0 la Maison Blanche et devenir chef de cabinet adjoint et conseiller \u00e0 la s\u00e9curit\u00e9 int\u00e9rieure.<\/p>\n<p>L&rsquo;homme de 39 ans a d\u00e9j\u00e0 travaill\u00e9 comme conseiller \u00e0 la Maison Blanche pendant le premier mandat de Trump et a contribu\u00e9 \u00e0 fa\u00e7onner en coulisses son approche dure envers les migrants. Miller est \u00e9galement cr\u00e9dit\u00e9 d\u2019avoir d\u00e9taill\u00e9 les plans d\u2019expulsions massives annonc\u00e9s par Trump au cours du nouveau mandat. Contrairement \u00e0 d&rsquo;autres postes de haut rang, tels que les postes minist\u00e9riels, la confirmation du S\u00e9nat n&rsquo;est pas n\u00e9cessaire pour occuper un poste au sein du cabinet du pr\u00e9sident. (dpa)<\/p>\n","protected":false},"excerpt":{"rendered":"<p>MISE \u00c0 JOUR &#8211; Le pr\u00e9sident \u00e9lu des \u00c9tats-Unis, Donald Trump, a encore avanc\u00e9 son retour au pouvoir avec une visite symbolique \u00e0 la Maison<\/p>\n","protected":false},"author":1,"featured_media":2385,"comment_status":"","ping_status":"","sticky":false,"template":"","format":"standard","meta":{"footnotes":""},"categories":[298],"tags":[2501,3147,3148,3152,560,1245,3149,3151,3150,1316,2425],"class_list":["post-2384","post","type-post","status-publish","format-standard","has-post-thumbnail","hentry","category-belgique","tag-accueille","tag-biden","tag-blanche","tag-defense","tag-maison","tag-ministre","tag-musk","tag-presentateur","tag-renovateur","tag-television","tag-trump","generate-columns","tablet-grid-50","mobile-grid-100","grid-parent","grid-33"],"yoast_head":"<!-- This site is optimized with the Yoast SEO plugin v24.0 - https:\/\/yoast.com\/wordpress\/plugins\/seo\/ -->\n<title>Biden accueille Trump \u00e0 la Maison Blanche \u2013 Musk en \u00ab r\u00e9novateur \u00bb \u2013 pr\u00e9sentateur de t\u00e9l\u00e9vision, ministre de la D\u00e9fense | Vie Associative<\/title>\n<meta name=\"robots\" content=\"index, follow, max-snippet:-1, max-image-preview:large, max-video-preview:-1\" \/>\n<link rel=\"canonical\" href=\"https:\/\/vieassociative.be\/actualites\/biden-accueille-trump-a-la-maison-blanche-musk-en-renovateur-presentateur-de-television-ministre-de-la-defense\/\" \/>\n<meta property=\"og:locale\" content=\"fr_FR\" \/>\n<meta property=\"og:type\" content=\"article\" \/>\n<meta property=\"og:title\" content=\"Biden accueille Trump \u00e0 la Maison Blanche \u2013 Musk en \u00ab r\u00e9novateur \u00bb \u2013 pr\u00e9sentateur de t\u00e9l\u00e9vision, ministre de la D\u00e9fense | Vie Associative\" \/>\n<meta property=\"og:description\" content=\"MISE \u00c0 JOUR &#8211; Le pr\u00e9sident \u00e9lu des \u00c9tats-Unis, Donald Trump, a encore avanc\u00e9 son retour au pouvoir avec une visite symbolique \u00e0 la Maison\" \/>\n<meta property=\"og:url\" content=\"https:\/\/vieassociative.be\/actualites\/biden-accueille-trump-a-la-maison-blanche-musk-en-renovateur-presentateur-de-television-ministre-de-la-defense\/\" \/>\n<meta property=\"og:site_name\" content=\"Vie Associative\" \/>\n<meta property=\"article:published_time\" content=\"2024-11-13T20:17:10+00:00\" \/>\n<meta property=\"og:image\" content=\"https:\/\/vieassociative.be\/actualites\/wp-content\/uploads\/2024\/09\/header_backgroundk-01-e1726694325946.png\" \/>\n\t<meta property=\"og:image:width\" content=\"279\" \/>\n\t<meta property=\"og:image:height\" content=\"92\" \/>\n\t<meta property=\"og:image:type\" content=\"image\/png\" \/>\n<meta name=\"author\" content=\"Julien\" \/>\n<meta name=\"twitter:card\" content=\"summary_large_image\" \/>\n<meta name=\"twitter:label1\" content=\"\u00c9crit par\" \/>\n\t<meta name=\"twitter:data1\" content=\"Julien\" \/>\n\t<meta name=\"twitter:label2\" content=\"Dur\u00e9e de lecture est.\" \/>\n\t<meta name=\"twitter:data2\" content=\"7 minutes\" \/>\n<script type=\"application\/ld+json\" class=\"yoast-schema-graph\">{\"@context\":\"https:\/\/schema.org\",\"@graph\":[{\"@type\":\"Article\",\"@id\":\"https:\/\/vieassociative.be\/actualites\/biden-accueille-trump-a-la-maison-blanche-musk-en-renovateur-presentateur-de-television-ministre-de-la-defense\/#article\",\"isPartOf\":{\"@id\":\"https:\/\/vieassociative.be\/actualites\/biden-accueille-trump-a-la-maison-blanche-musk-en-renovateur-presentateur-de-television-ministre-de-la-defense\/\"},\"author\":{\"name\":\"Julien\",\"@id\":\"https:\/\/vieassociative.be\/actualites\/#\/schema\/person\/b87ac4f82f9d4e7b7cec7395b679edc4\"},\"headline\":\"Biden accueille Trump \u00e0 la Maison Blanche \u2013 Musk en \u00ab r\u00e9novateur \u00bb \u2013 pr\u00e9sentateur de t\u00e9l\u00e9vision, ministre de la D\u00e9fense\",\"datePublished\":\"2024-11-13T20:17:10+00:00\",\"dateModified\":\"2024-11-13T20:17:10+00:00\",\"mainEntityOfPage\":{\"@id\":\"https:\/\/vieassociative.be\/actualites\/biden-accueille-trump-a-la-maison-blanche-musk-en-renovateur-presentateur-de-television-ministre-de-la-defense\/\"},\"wordCount\":1451,\"publisher\":{\"@id\":\"https:\/\/vieassociative.be\/actualites\/#organization\"},\"image\":{\"@id\":\"https:\/\/vieassociative.be\/actualites\/biden-accueille-trump-a-la-maison-blanche-musk-en-renovateur-presentateur-de-television-ministre-de-la-defense\/#primaryimage\"},\"thumbnailUrl\":\"https:\/\/vieassociative.be\/actualites\/wp-content\/uploads\/2024\/11\/1731529031_Biden-accueille-Trump-a-la-Maison-Blanche-\u2013-Musk-en.jpg\",\"keywords\":[\"accueille\",\"Biden\",\"Blanche\",\"D\u00e9fense\",\"maison\",\"ministre\",\"Musk\",\"pr\u00e9sentateur\",\"r\u00e9novateur\",\"t\u00e9l\u00e9vision\",\"Trump\"],\"articleSection\":[\"Belgique\"],\"inLanguage\":\"fr-BE\"},{\"@type\":\"WebPage\",\"@id\":\"https:\/\/vieassociative.be\/actualites\/biden-accueille-trump-a-la-maison-blanche-musk-en-renovateur-presentateur-de-television-ministre-de-la-defense\/\",\"url\":\"https:\/\/vieassociative.be\/actualites\/biden-accueille-trump-a-la-maison-blanche-musk-en-renovateur-presentateur-de-television-ministre-de-la-defense\/\",\"name\":\"Biden accueille Trump \u00e0 la Maison Blanche \u2013 Musk en \u00ab r\u00e9novateur \u00bb \u2013 pr\u00e9sentateur de t\u00e9l\u00e9vision, ministre de la D\u00e9fense | Vie Associative\",\"isPartOf\":{\"@id\":\"https:\/\/vieassociative.be\/actualites\/#website\"},\"primaryImageOfPage\":{\"@id\":\"https:\/\/vieassociative.be\/actualites\/biden-accueille-trump-a-la-maison-blanche-musk-en-renovateur-presentateur-de-television-ministre-de-la-defense\/#primaryimage\"},\"image\":{\"@id\":\"https:\/\/vieassociative.be\/actualites\/biden-accueille-trump-a-la-maison-blanche-musk-en-renovateur-presentateur-de-television-ministre-de-la-defense\/#primaryimage\"},\"thumbnailUrl\":\"https:\/\/vieassociative.be\/actualites\/wp-content\/uploads\/2024\/11\/1731529031_Biden-accueille-Trump-a-la-Maison-Blanche-\u2013-Musk-en.jpg\",\"datePublished\":\"2024-11-13T20:17:10+00:00\",\"dateModified\":\"2024-11-13T20:17:10+00:00\",\"breadcrumb\":{\"@id\":\"https:\/\/vieassociative.be\/actualites\/biden-accueille-trump-a-la-maison-blanche-musk-en-renovateur-presentateur-de-television-ministre-de-la-defense\/#breadcrumb\"},\"inLanguage\":\"fr-BE\",\"potentialAction\":[{\"@type\":\"ReadAction\",\"target\":[\"https:\/\/vieassociative.be\/actualites\/biden-accueille-trump-a-la-maison-blanche-musk-en-renovateur-presentateur-de-television-ministre-de-la-defense\/\"]}]},{\"@type\":\"ImageObject\",\"inLanguage\":\"fr-BE\",\"@id\":\"https:\/\/vieassociative.be\/actualites\/biden-accueille-trump-a-la-maison-blanche-musk-en-renovateur-presentateur-de-television-ministre-de-la-defense\/#primaryimage\",\"url\":\"https:\/\/vieassociative.be\/actualites\/wp-content\/uploads\/2024\/11\/1731529031_Biden-accueille-Trump-a-la-Maison-Blanche-\u2013-Musk-en.jpg\",\"contentUrl\":\"https:\/\/vieassociative.be\/actualites\/wp-content\/uploads\/2024\/11\/1731529031_Biden-accueille-Trump-a-la-Maison-Blanche-\u2013-Musk-en.jpg\",\"width\":1200,\"height\":800,\"caption\":\"Biden accueille Trump \u00e0 la Maison Blanche \u2013 Musk en \u00ab r\u00e9novateur \u00bb \u2013 pr\u00e9sentateur de t\u00e9l\u00e9vision, ministre de la D\u00e9fense\"},{\"@type\":\"BreadcrumbList\",\"@id\":\"https:\/\/vieassociative.be\/actualites\/biden-accueille-trump-a-la-maison-blanche-musk-en-renovateur-presentateur-de-television-ministre-de-la-defense\/#breadcrumb\",\"itemListElement\":[{\"@type\":\"ListItem\",\"position\":1,\"name\":\"Accueil\",\"item\":\"https:\/\/vieassociative.be\/actualites\/\"},{\"@type\":\"ListItem\",\"position\":2,\"name\":\"Biden accueille Trump \u00e0 la Maison Blanche \u2013 Musk en \u00ab r\u00e9novateur \u00bb \u2013 pr\u00e9sentateur de t\u00e9l\u00e9vision, ministre de la D\u00e9fense\"}]},{\"@type\":\"WebSite\",\"@id\":\"https:\/\/vieassociative.be\/actualites\/#website\",\"url\":\"https:\/\/vieassociative.be\/actualites\/\",\"name\":\"Vie Associative\",\"description\":\"\",\"publisher\":{\"@id\":\"https:\/\/vieassociative.be\/actualites\/#organization\"},\"potentialAction\":[{\"@type\":\"SearchAction\",\"target\":{\"@type\":\"EntryPoint\",\"urlTemplate\":\"https:\/\/vieassociative.be\/actualites\/?s={search_term_string}\"},\"query-input\":{\"@type\":\"PropertyValueSpecification\",\"valueRequired\":true,\"valueName\":\"search_term_string\"}}],\"inLanguage\":\"fr-BE\"},{\"@type\":\"Organization\",\"@id\":\"https:\/\/vieassociative.be\/actualites\/#organization\",\"name\":\"Vie Associative\",\"url\":\"https:\/\/vieassociative.be\/actualites\/\",\"logo\":{\"@type\":\"ImageObject\",\"inLanguage\":\"fr-BE\",\"@id\":\"https:\/\/vieassociative.be\/actualites\/#\/schema\/logo\/image\/\",\"url\":\"https:\/\/vieassociative.be\/actualites\/wp-content\/uploads\/2024\/09\/cropped-vieassociative_favicon.ico.png\",\"contentUrl\":\"https:\/\/vieassociative.be\/actualites\/wp-content\/uploads\/2024\/09\/cropped-vieassociative_favicon.ico.png\",\"width\":512,\"height\":512,\"caption\":\"Vie Associative\"},\"image\":{\"@id\":\"https:\/\/vieassociative.be\/actualites\/#\/schema\/logo\/image\/\"}},{\"@type\":\"Person\",\"@id\":\"https:\/\/vieassociative.be\/actualites\/#\/schema\/person\/b87ac4f82f9d4e7b7cec7395b679edc4\",\"name\":\"Julien\",\"image\":{\"@type\":\"ImageObject\",\"inLanguage\":\"fr-BE\",\"@id\":\"https:\/\/vieassociative.be\/actualites\/#\/schema\/person\/image\/\",\"url\":\"https:\/\/vieassociative.be\/actualites\/wp-content\/uploads\/2024\/09\/vie-associative-1-150x150.jpg\",\"contentUrl\":\"https:\/\/vieassociative.be\/actualites\/wp-content\/uploads\/2024\/09\/vie-associative-1-150x150.jpg\",\"caption\":\"Julien\"},\"description\":\"Je suis Julien, r\u00e9dacteur pour Vie Associative. Passionn\u00e9 par le monde associatif depuis plus de 10 ans, j'ai \u00e0 c\u0153ur de partager des histoires inspirantes et de mettre en lumi\u00e8re les initiatives locales. Mon objectif est de sensibiliser et d'encourager l'engagement communautaire \u00e0 travers mes articles.\",\"sameAs\":[\"https:\/\/vieassociative.be\/\"]}]}<\/script>\n<!-- \/ Yoast SEO plugin. -->","yoast_head_json":{"title":"Biden accueille Trump \u00e0 la Maison Blanche \u2013 Musk en \u00ab r\u00e9novateur \u00bb \u2013 pr\u00e9sentateur de t\u00e9l\u00e9vision, ministre de la D\u00e9fense | Vie Associative","robots":{"index":"index","follow":"follow","max-snippet":"max-snippet:-1","max-image-preview":"max-image-preview:large","max-video-preview":"max-video-preview:-1"},"canonical":"https:\/\/vieassociative.be\/actualites\/biden-accueille-trump-a-la-maison-blanche-musk-en-renovateur-presentateur-de-television-ministre-de-la-defense\/","og_locale":"fr_FR","og_type":"article","og_title":"Biden accueille Trump \u00e0 la Maison Blanche \u2013 Musk en \u00ab r\u00e9novateur \u00bb \u2013 pr\u00e9sentateur de t\u00e9l\u00e9vision, ministre de la D\u00e9fense | Vie Associative","og_description":"MISE \u00c0 JOUR &#8211; Le pr\u00e9sident \u00e9lu des \u00c9tats-Unis, Donald Trump, a encore avanc\u00e9 son retour au pouvoir avec une visite symbolique \u00e0 la Maison","og_url":"https:\/\/vieassociative.be\/actualites\/biden-accueille-trump-a-la-maison-blanche-musk-en-renovateur-presentateur-de-television-ministre-de-la-defense\/","og_site_name":"Vie Associative","article_published_time":"2024-11-13T20:17:10+00:00","og_image":[{"width":279,"height":92,"url":"https:\/\/vieassociative.be\/actualites\/wp-content\/uploads\/2024\/09\/header_backgroundk-01-e1726694325946.png","type":"image\/png"}],"author":"Julien","twitter_card":"summary_large_image","twitter_misc":{"\u00c9crit par":"Julien","Dur\u00e9e de lecture est.":"7 minutes"},"schema":{"@context":"https:\/\/schema.org","@graph":[{"@type":"Article","@id":"https:\/\/vieassociative.be\/actualites\/biden-accueille-trump-a-la-maison-blanche-musk-en-renovateur-presentateur-de-television-ministre-de-la-defense\/#article","isPartOf":{"@id":"https:\/\/vieassociative.be\/actualites\/biden-accueille-trump-a-la-maison-blanche-musk-en-renovateur-presentateur-de-television-ministre-de-la-defense\/"},"author":{"name":"Julien","@id":"https:\/\/vieassociative.be\/actualites\/#\/schema\/person\/b87ac4f82f9d4e7b7cec7395b679edc4"},"headline":"Biden accueille Trump \u00e0 la Maison Blanche \u2013 Musk en \u00ab r\u00e9novateur \u00bb \u2013 pr\u00e9sentateur de t\u00e9l\u00e9vision, ministre de la D\u00e9fense","datePublished":"2024-11-13T20:17:10+00:00","dateModified":"2024-11-13T20:17:10+00:00","mainEntityOfPage":{"@id":"https:\/\/vieassociative.be\/actualites\/biden-accueille-trump-a-la-maison-blanche-musk-en-renovateur-presentateur-de-television-ministre-de-la-defense\/"},"wordCount":1451,"publisher":{"@id":"https:\/\/vieassociative.be\/actualites\/#organization"},"image":{"@id":"https:\/\/vieassociative.be\/actualites\/biden-accueille-trump-a-la-maison-blanche-musk-en-renovateur-presentateur-de-television-ministre-de-la-defense\/#primaryimage"},"thumbnailUrl":"https:\/\/vieassociative.be\/actualites\/wp-content\/uploads\/2024\/11\/1731529031_Biden-accueille-Trump-a-la-Maison-Blanche-\u2013-Musk-en.jpg","keywords":["accueille","Biden","Blanche","D\u00e9fense","maison","ministre","Musk","pr\u00e9sentateur","r\u00e9novateur","t\u00e9l\u00e9vision","Trump"],"articleSection":["Belgique"],"inLanguage":"fr-BE"},{"@type":"WebPage","@id":"https:\/\/vieassociative.be\/actualites\/biden-accueille-trump-a-la-maison-blanche-musk-en-renovateur-presentateur-de-television-ministre-de-la-defense\/","url":"https:\/\/vieassociative.be\/actualites\/biden-accueille-trump-a-la-maison-blanche-musk-en-renovateur-presentateur-de-television-ministre-de-la-defense\/","name":"Biden accueille Trump \u00e0 la Maison Blanche \u2013 Musk en \u00ab r\u00e9novateur \u00bb \u2013 pr\u00e9sentateur de t\u00e9l\u00e9vision, ministre de la D\u00e9fense | Vie Associative","isPartOf":{"@id":"https:\/\/vieassociative.be\/actualites\/#website"},"primaryImageOfPage":{"@id":"https:\/\/vieassociative.be\/actualites\/biden-accueille-trump-a-la-maison-blanche-musk-en-renovateur-presentateur-de-television-ministre-de-la-defense\/#primaryimage"},"image":{"@id":"https:\/\/vieassociative.be\/actualites\/biden-accueille-trump-a-la-maison-blanche-musk-en-renovateur-presentateur-de-television-ministre-de-la-defense\/#primaryimage"},"thumbnailUrl":"https:\/\/vieassociative.be\/actualites\/wp-content\/uploads\/2024\/11\/1731529031_Biden-accueille-Trump-a-la-Maison-Blanche-\u2013-Musk-en.jpg","datePublished":"2024-11-13T20:17:10+00:00","dateModified":"2024-11-13T20:17:10+00:00","breadcrumb":{"@id":"https:\/\/vieassociative.be\/actualites\/biden-accueille-trump-a-la-maison-blanche-musk-en-renovateur-presentateur-de-television-ministre-de-la-defense\/#breadcrumb"},"inLanguage":"fr-BE","potentialAction":[{"@type":"ReadAction","target":["https:\/\/vieassociative.be\/actualites\/biden-accueille-trump-a-la-maison-blanche-musk-en-renovateur-presentateur-de-television-ministre-de-la-defense\/"]}]},{"@type":"ImageObject","inLanguage":"fr-BE","@id":"https:\/\/vieassociative.be\/actualites\/biden-accueille-trump-a-la-maison-blanche-musk-en-renovateur-presentateur-de-television-ministre-de-la-defense\/#primaryimage","url":"https:\/\/vieassociative.be\/actualites\/wp-content\/uploads\/2024\/11\/1731529031_Biden-accueille-Trump-a-la-Maison-Blanche-\u2013-Musk-en.jpg","contentUrl":"https:\/\/vieassociative.be\/actualites\/wp-content\/uploads\/2024\/11\/1731529031_Biden-accueille-Trump-a-la-Maison-Blanche-\u2013-Musk-en.jpg","width":1200,"height":800,"caption":"Biden accueille Trump \u00e0 la Maison Blanche \u2013 Musk en \u00ab r\u00e9novateur \u00bb \u2013 pr\u00e9sentateur de t\u00e9l\u00e9vision, ministre de la D\u00e9fense"},{"@type":"BreadcrumbList","@id":"https:\/\/vieassociative.be\/actualites\/biden-accueille-trump-a-la-maison-blanche-musk-en-renovateur-presentateur-de-television-ministre-de-la-defense\/#breadcrumb","itemListElement":[{"@type":"ListItem","position":1,"name":"Accueil","item":"https:\/\/vieassociative.be\/actualites\/"},{"@type":"ListItem","position":2,"name":"Biden accueille Trump \u00e0 la Maison Blanche \u2013 Musk en \u00ab r\u00e9novateur \u00bb \u2013 pr\u00e9sentateur de t\u00e9l\u00e9vision, ministre de la D\u00e9fense"}]},{"@type":"WebSite","@id":"https:\/\/vieassociative.be\/actualites\/#website","url":"https:\/\/vieassociative.be\/actualites\/","name":"Vie Associative","description":"","publisher":{"@id":"https:\/\/vieassociative.be\/actualites\/#organization"},"potentialAction":[{"@type":"SearchAction","target":{"@type":"EntryPoint","urlTemplate":"https:\/\/vieassociative.be\/actualites\/?s={search_term_string}"},"query-input":{"@type":"PropertyValueSpecification","valueRequired":true,"valueName":"search_term_string"}}],"inLanguage":"fr-BE"},{"@type":"Organization","@id":"https:\/\/vieassociative.be\/actualites\/#organization","name":"Vie Associative","url":"https:\/\/vieassociative.be\/actualites\/","logo":{"@type":"ImageObject","inLanguage":"fr-BE","@id":"https:\/\/vieassociative.be\/actualites\/#\/schema\/logo\/image\/","url":"https:\/\/vieassociative.be\/actualites\/wp-content\/uploads\/2024\/09\/cropped-vieassociative_favicon.ico.png","contentUrl":"https:\/\/vieassociative.be\/actualites\/wp-content\/uploads\/2024\/09\/cropped-vieassociative_favicon.ico.png","width":512,"height":512,"caption":"Vie Associative"},"image":{"@id":"https:\/\/vieassociative.be\/actualites\/#\/schema\/logo\/image\/"}},{"@type":"Person","@id":"https:\/\/vieassociative.be\/actualites\/#\/schema\/person\/b87ac4f82f9d4e7b7cec7395b679edc4","name":"Julien","image":{"@type":"ImageObject","inLanguage":"fr-BE","@id":"https:\/\/vieassociative.be\/actualites\/#\/schema\/person\/image\/","url":"https:\/\/vieassociative.be\/actualites\/wp-content\/uploads\/2024\/09\/vie-associative-1-150x150.jpg","contentUrl":"https:\/\/vieassociative.be\/actualites\/wp-content\/uploads\/2024\/09\/vie-associative-1-150x150.jpg","caption":"Julien"},"description":"Je suis Julien, r\u00e9dacteur pour Vie Associative. Passionn\u00e9 par le monde associatif depuis plus de 10 ans, j'ai \u00e0 c\u0153ur de partager des histoires inspirantes et de mettre en lumi\u00e8re les initiatives locales. Mon objectif est de sensibiliser et d'encourager l'engagement communautaire \u00e0 travers mes articles.","sameAs":["https:\/\/vieassociative.be\/"]}]}},"_links":{"self":[{"href":"https:\/\/vieassociative.be\/actualites\/wp-json\/wp\/v2\/posts\/2384"}],"collection":[{"href":"https:\/\/vieassociative.be\/actualites\/wp-json\/wp\/v2\/posts"}],"about":[{"href":"https:\/\/vieassociative.be\/actualites\/wp-json\/wp\/v2\/types\/post"}],"author":[{"embeddable":true,"href":"https:\/\/vieassociative.be\/actualites\/wp-json\/wp\/v2\/users\/1"}],"replies":[{"embeddable":true,"href":"https:\/\/vieassociative.be\/actualites\/wp-json\/wp\/v2\/comments?post=2384"}],"version-history":[{"count":0,"href":"https:\/\/vieassociative.be\/actualites\/wp-json\/wp\/v2\/posts\/2384\/revisions"}],"wp:featuredmedia":[{"embeddable":true,"href":"https:\/\/vieassociative.be\/actualites\/wp-json\/wp\/v2\/media\/2385"}],"wp:attachment":[{"href":"https:\/\/vieassociative.be\/actualites\/wp-json\/wp\/v2\/media?parent=2384"}],"wp:term":[{"taxonomy":"category","embeddable":true,"href":"https:\/\/vieassociative.be\/actualites\/wp-json\/wp\/v2\/categories?post=2384"},{"taxonomy":"post_tag","embeddable":true,"href":"https:\/\/vieassociative.be\/actualites\/wp-json\/wp\/v2\/tags?post=2384"}],"curies":[{"name":"wp","href":"https:\/\/api.w.org\/{rel}","templated":true}]}}