{"id":2382,"date":"2024-11-13T20:19:01","date_gmt":"2024-11-13T19:19:01","guid":{"rendered":"https:\/\/vieassociative.be\/actualites\/mon-offre-amazon-preferee-du-jour-le-macbook-air-apple-m3-13-pouces\/"},"modified":"2024-11-13T20:19:01","modified_gmt":"2024-11-13T19:19:01","slug":"mon-offre-amazon-preferee-du-jour-le-macbook-air-apple-m3-13-pouces","status":"publish","type":"post","link":"https:\/\/vieassociative.be\/actualites\/mon-offre-amazon-preferee-du-jour-le-macbook-air-apple-m3-13-pouces\/","title":{"rendered":"Mon offre Amazon pr\u00e9f\u00e9r\u00e9e du jour : le MacBook Air Apple M3 13 pouces"},"content":{"rendered":"<div class=\"mt-4 leading-6 md:mb-8\">Obtenez le dernier MacBook Air M3 13 pouces avec 16 Go de RAM pour 900 $, son prix le plus bas \u00e0 ce jour.<\/div>\n<p><\/p>\n<p>La nouvelle gamme d&rsquo;ordinateurs portables M3 MacBook Air a \u00e9t\u00e9 lanc\u00e9e en mars et, \u00e9tonnamment, ils b\u00e9n\u00e9ficient d\u00e9j\u00e0 de remises impressionnantes. Vous pouvez obtenir l&rsquo;ordinateur portable MacBook Air 13 pouces avec 16 Go de RAM et 256 Go de stockage SSD pour <strong>899\u00a0$<\/strong> (\u00e0 l&rsquo;origine 1 099 $) apr\u00e8s une r\u00e9duction de 200 $ sur Amazon. C&rsquo;est seulement 100 $ de plus que la version avec 8 Go de RAM, ce qui vaut bien l&rsquo;argent suppl\u00e9mentaire. Il s\u2019agit du prix le plus bas atteint par ce MacBook depuis sa sortie, selon les outils de suivi des prix.<\/p>\n<p>Si vous recherchez simplement plus de puissance que votre travail quotidien, le MacBook Air 16 Go de RAM est un excellent choix et vous durera longtemps. Tous les MacBook Air, y compris ceux \u00e9quip\u00e9s de puces M2 et M1, b\u00e9n\u00e9ficient \u00e9galement de bonnes r\u00e9ductions en ce moment, mais si vous pouvez vous permettre l&rsquo;argent suppl\u00e9mentaire pour passer du M2 au M3, vous obtiendrez un meilleur rapport qualit\u00e9-prix. Vous pouvez voir la r\u00e9partition compl\u00e8te du MacBook Air M3 dans la revue de CNET.<\/p>\n<p>Les puces M3 ont des vitesses de lecture presque deux fois sup\u00e9rieures \u00e0 celles du M2 et des vitesses d&rsquo;\u00e9criture 33 % plus rapides. Si vous ne savez pas si cela vaut la peine de passer du M2 ou si vous ne savez pas lequel acheter, vous pouvez lire notre analyse comparant les deux. L\u2019un des avantages du M3 est la prise en charge de deux moniteurs sur le MacBook Air M3, une fonctionnalit\u00e9 qui ne provenait auparavant que de la gamme MacBook Pro. La remise actuelle est disponible pour les quatre couleurs du MacBook Air. <\/p>\n","protected":false},"excerpt":{"rendered":"<p>Obtenez le dernier MacBook Air M3 13 pouces avec 16 Go de RAM pour 900 $, son prix le plus bas \u00e0 ce jour. La<\/p>\n","protected":false},"author":1,"featured_media":2383,"comment_status":"","ping_status":"","sticky":false,"template":"","format":"standard","meta":{"footnotes":""},"categories":[13],"tags":[1327,51,54,53,686,49,50,1980,52],"class_list":["post-2382","post","type-post","status-publish","format-standard","has-post-thumbnail","hentry","category-technologie","tag-air","tag-amazon","tag-apple","tag-jour","tag-macbook","tag-mon","tag-offre","tag-pouces","tag-preferee","generate-columns","tablet-grid-50","mobile-grid-100","grid-parent","grid-33"],"yoast_head":"<!-- This site is optimized with the Yoast SEO plugin v24.0 - https:\/\/yoast.com\/wordpress\/plugins\/seo\/ -->\n<title>Mon offre Amazon pr\u00e9f\u00e9r\u00e9e du jour : le MacBook Air Apple M3 13 pouces | Vie Associative<\/title>\n<meta name=\"robots\" content=\"index, follow, max-snippet:-1, max-image-preview:large, max-video-preview:-1\" \/>\n<link rel=\"canonical\" href=\"https:\/\/vieassociative.be\/actualites\/mon-offre-amazon-preferee-du-jour-le-macbook-air-apple-m3-13-pouces\/\" \/>\n<meta property=\"og:locale\" content=\"fr_FR\" \/>\n<meta property=\"og:type\" content=\"article\" \/>\n<meta property=\"og:title\" content=\"Mon offre Amazon pr\u00e9f\u00e9r\u00e9e du jour : le MacBook Air Apple M3 13 pouces | Vie Associative\" \/>\n<meta property=\"og:description\" content=\"Obtenez le dernier MacBook Air M3 13 pouces avec 16 Go de RAM pour 900 $, son prix le plus bas \u00e0 ce jour. La\" \/>\n<meta property=\"og:url\" content=\"https:\/\/vieassociative.be\/actualites\/mon-offre-amazon-preferee-du-jour-le-macbook-air-apple-m3-13-pouces\/\" \/>\n<meta property=\"og:site_name\" content=\"Vie Associative\" \/>\n<meta property=\"article:published_time\" content=\"2024-11-13T19:19:01+00:00\" \/>\n<meta property=\"og:image\" content=\"https:\/\/vieassociative.be\/actualites\/wp-content\/uploads\/2024\/09\/header_backgroundk-01-e1726694325946.png\" \/>\n\t<meta property=\"og:image:width\" content=\"279\" \/>\n\t<meta property=\"og:image:height\" content=\"92\" \/>\n\t<meta property=\"og:image:type\" content=\"image\/png\" \/>\n<meta name=\"author\" content=\"Julien\" \/>\n<meta name=\"twitter:card\" content=\"summary_large_image\" \/>\n<meta name=\"twitter:label1\" content=\"\u00c9crit par\" \/>\n\t<meta name=\"twitter:data1\" content=\"Julien\" \/>\n\t<meta name=\"twitter:label2\" content=\"Dur\u00e9e de lecture est.\" \/>\n\t<meta name=\"twitter:data2\" content=\"1 minute\" \/>\n<script type=\"application\/ld+json\" class=\"yoast-schema-graph\">{\"@context\":\"https:\/\/schema.org\",\"@graph\":[{\"@type\":\"Article\",\"@id\":\"https:\/\/vieassociative.be\/actualites\/mon-offre-amazon-preferee-du-jour-le-macbook-air-apple-m3-13-pouces\/#article\",\"isPartOf\":{\"@id\":\"https:\/\/vieassociative.be\/actualites\/mon-offre-amazon-preferee-du-jour-le-macbook-air-apple-m3-13-pouces\/\"},\"author\":{\"name\":\"Julien\",\"@id\":\"https:\/\/vieassociative.be\/actualites\/#\/schema\/person\/b87ac4f82f9d4e7b7cec7395b679edc4\"},\"headline\":\"Mon offre Amazon pr\u00e9f\u00e9r\u00e9e du jour : le MacBook Air Apple M3 13 pouces\",\"datePublished\":\"2024-11-13T19:19:01+00:00\",\"dateModified\":\"2024-11-13T19:19:01+00:00\",\"mainEntityOfPage\":{\"@id\":\"https:\/\/vieassociative.be\/actualites\/mon-offre-amazon-preferee-du-jour-le-macbook-air-apple-m3-13-pouces\/\"},\"wordCount\":317,\"publisher\":{\"@id\":\"https:\/\/vieassociative.be\/actualites\/#organization\"},\"image\":{\"@id\":\"https:\/\/vieassociative.be\/actualites\/mon-offre-amazon-preferee-du-jour-le-macbook-air-apple-m3-13-pouces\/#primaryimage\"},\"thumbnailUrl\":\"https:\/\/vieassociative.be\/actualites\/wp-content\/uploads\/2024\/11\/Mon-offre-Amazon-preferee-du-jour-le-MacBook-Air.png\",\"keywords\":[\"air\",\"Amazon\",\"Apple\",\"jour\",\"MacBook\",\"Mon\",\"offre\",\"pouces\",\"pr\u00e9f\u00e9r\u00e9e\"],\"articleSection\":[\"Technologie\"],\"inLanguage\":\"fr-BE\"},{\"@type\":\"WebPage\",\"@id\":\"https:\/\/vieassociative.be\/actualites\/mon-offre-amazon-preferee-du-jour-le-macbook-air-apple-m3-13-pouces\/\",\"url\":\"https:\/\/vieassociative.be\/actualites\/mon-offre-amazon-preferee-du-jour-le-macbook-air-apple-m3-13-pouces\/\",\"name\":\"Mon offre Amazon pr\u00e9f\u00e9r\u00e9e du jour : le MacBook Air Apple M3 13 pouces | Vie Associative\",\"isPartOf\":{\"@id\":\"https:\/\/vieassociative.be\/actualites\/#website\"},\"primaryImageOfPage\":{\"@id\":\"https:\/\/vieassociative.be\/actualites\/mon-offre-amazon-preferee-du-jour-le-macbook-air-apple-m3-13-pouces\/#primaryimage\"},\"image\":{\"@id\":\"https:\/\/vieassociative.be\/actualites\/mon-offre-amazon-preferee-du-jour-le-macbook-air-apple-m3-13-pouces\/#primaryimage\"},\"thumbnailUrl\":\"https:\/\/vieassociative.be\/actualites\/wp-content\/uploads\/2024\/11\/Mon-offre-Amazon-preferee-du-jour-le-MacBook-Air.png\",\"datePublished\":\"2024-11-13T19:19:01+00:00\",\"dateModified\":\"2024-11-13T19:19:01+00:00\",\"breadcrumb\":{\"@id\":\"https:\/\/vieassociative.be\/actualites\/mon-offre-amazon-preferee-du-jour-le-macbook-air-apple-m3-13-pouces\/#breadcrumb\"},\"inLanguage\":\"fr-BE\",\"potentialAction\":[{\"@type\":\"ReadAction\",\"target\":[\"https:\/\/vieassociative.be\/actualites\/mon-offre-amazon-preferee-du-jour-le-macbook-air-apple-m3-13-pouces\/\"]}]},{\"@type\":\"ImageObject\",\"inLanguage\":\"fr-BE\",\"@id\":\"https:\/\/vieassociative.be\/actualites\/mon-offre-amazon-preferee-du-jour-le-macbook-air-apple-m3-13-pouces\/#primaryimage\",\"url\":\"https:\/\/vieassociative.be\/actualites\/wp-content\/uploads\/2024\/11\/Mon-offre-Amazon-preferee-du-jour-le-MacBook-Air.png\",\"contentUrl\":\"https:\/\/vieassociative.be\/actualites\/wp-content\/uploads\/2024\/11\/Mon-offre-Amazon-preferee-du-jour-le-MacBook-Air.png\",\"width\":1200,\"height\":675,\"caption\":\"Mon offre Amazon pr\u00e9f\u00e9r\u00e9e du jour : le MacBook Air Apple M3 13 pouces\"},{\"@type\":\"BreadcrumbList\",\"@id\":\"https:\/\/vieassociative.be\/actualites\/mon-offre-amazon-preferee-du-jour-le-macbook-air-apple-m3-13-pouces\/#breadcrumb\",\"itemListElement\":[{\"@type\":\"ListItem\",\"position\":1,\"name\":\"Accueil\",\"item\":\"https:\/\/vieassociative.be\/actualites\/\"},{\"@type\":\"ListItem\",\"position\":2,\"name\":\"Mon offre Amazon pr\u00e9f\u00e9r\u00e9e du jour : le MacBook Air Apple M3 13 pouces\"}]},{\"@type\":\"WebSite\",\"@id\":\"https:\/\/vieassociative.be\/actualites\/#website\",\"url\":\"https:\/\/vieassociative.be\/actualites\/\",\"name\":\"Vie Associative\",\"description\":\"\",\"publisher\":{\"@id\":\"https:\/\/vieassociative.be\/actualites\/#organization\"},\"potentialAction\":[{\"@type\":\"SearchAction\",\"target\":{\"@type\":\"EntryPoint\",\"urlTemplate\":\"https:\/\/vieassociative.be\/actualites\/?s={search_term_string}\"},\"query-input\":{\"@type\":\"PropertyValueSpecification\",\"valueRequired\":true,\"valueName\":\"search_term_string\"}}],\"inLanguage\":\"fr-BE\"},{\"@type\":\"Organization\",\"@id\":\"https:\/\/vieassociative.be\/actualites\/#organization\",\"name\":\"Vie Associative\",\"url\":\"https:\/\/vieassociative.be\/actualites\/\",\"logo\":{\"@type\":\"ImageObject\",\"inLanguage\":\"fr-BE\",\"@id\":\"https:\/\/vieassociative.be\/actualites\/#\/schema\/logo\/image\/\",\"url\":\"https:\/\/vieassociative.be\/actualites\/wp-content\/uploads\/2024\/09\/cropped-vieassociative_favicon.ico.png\",\"contentUrl\":\"https:\/\/vieassociative.be\/actualites\/wp-content\/uploads\/2024\/09\/cropped-vieassociative_favicon.ico.png\",\"width\":512,\"height\":512,\"caption\":\"Vie Associative\"},\"image\":{\"@id\":\"https:\/\/vieassociative.be\/actualites\/#\/schema\/logo\/image\/\"}},{\"@type\":\"Person\",\"@id\":\"https:\/\/vieassociative.be\/actualites\/#\/schema\/person\/b87ac4f82f9d4e7b7cec7395b679edc4\",\"name\":\"Julien\",\"image\":{\"@type\":\"ImageObject\",\"inLanguage\":\"fr-BE\",\"@id\":\"https:\/\/vieassociative.be\/actualites\/#\/schema\/person\/image\/\",\"url\":\"https:\/\/vieassociative.be\/actualites\/wp-content\/uploads\/2024\/09\/vie-associative-1-150x150.jpg\",\"contentUrl\":\"https:\/\/vieassociative.be\/actualites\/wp-content\/uploads\/2024\/09\/vie-associative-1-150x150.jpg\",\"caption\":\"Julien\"},\"description\":\"Je suis Julien, r\u00e9dacteur pour Vie Associative. Passionn\u00e9 par le monde associatif depuis plus de 10 ans, j'ai \u00e0 c\u0153ur de partager des histoires inspirantes et de mettre en lumi\u00e8re les initiatives locales. Mon objectif est de sensibiliser et d'encourager l'engagement communautaire \u00e0 travers mes articles.\",\"sameAs\":[\"https:\/\/vieassociative.be\/\"]}]}<\/script>\n<!-- \/ Yoast SEO plugin. -->","yoast_head_json":{"title":"Mon offre Amazon pr\u00e9f\u00e9r\u00e9e du jour : le MacBook Air Apple M3 13 pouces | Vie Associative","robots":{"index":"index","follow":"follow","max-snippet":"max-snippet:-1","max-image-preview":"max-image-preview:large","max-video-preview":"max-video-preview:-1"},"canonical":"https:\/\/vieassociative.be\/actualites\/mon-offre-amazon-preferee-du-jour-le-macbook-air-apple-m3-13-pouces\/","og_locale":"fr_FR","og_type":"article","og_title":"Mon offre Amazon pr\u00e9f\u00e9r\u00e9e du jour : le MacBook Air Apple M3 13 pouces | Vie Associative","og_description":"Obtenez le dernier MacBook Air M3 13 pouces avec 16 Go de RAM pour 900 $, son prix le plus bas \u00e0 ce jour. La","og_url":"https:\/\/vieassociative.be\/actualites\/mon-offre-amazon-preferee-du-jour-le-macbook-air-apple-m3-13-pouces\/","og_site_name":"Vie Associative","article_published_time":"2024-11-13T19:19:01+00:00","og_image":[{"width":279,"height":92,"url":"https:\/\/vieassociative.be\/actualites\/wp-content\/uploads\/2024\/09\/header_backgroundk-01-e1726694325946.png","type":"image\/png"}],"author":"Julien","twitter_card":"summary_large_image","twitter_misc":{"\u00c9crit par":"Julien","Dur\u00e9e de lecture est.":"1 minute"},"schema":{"@context":"https:\/\/schema.org","@graph":[{"@type":"Article","@id":"https:\/\/vieassociative.be\/actualites\/mon-offre-amazon-preferee-du-jour-le-macbook-air-apple-m3-13-pouces\/#article","isPartOf":{"@id":"https:\/\/vieassociative.be\/actualites\/mon-offre-amazon-preferee-du-jour-le-macbook-air-apple-m3-13-pouces\/"},"author":{"name":"Julien","@id":"https:\/\/vieassociative.be\/actualites\/#\/schema\/person\/b87ac4f82f9d4e7b7cec7395b679edc4"},"headline":"Mon offre Amazon pr\u00e9f\u00e9r\u00e9e du jour : le MacBook Air Apple M3 13 pouces","datePublished":"2024-11-13T19:19:01+00:00","dateModified":"2024-11-13T19:19:01+00:00","mainEntityOfPage":{"@id":"https:\/\/vieassociative.be\/actualites\/mon-offre-amazon-preferee-du-jour-le-macbook-air-apple-m3-13-pouces\/"},"wordCount":317,"publisher":{"@id":"https:\/\/vieassociative.be\/actualites\/#organization"},"image":{"@id":"https:\/\/vieassociative.be\/actualites\/mon-offre-amazon-preferee-du-jour-le-macbook-air-apple-m3-13-pouces\/#primaryimage"},"thumbnailUrl":"https:\/\/vieassociative.be\/actualites\/wp-content\/uploads\/2024\/11\/Mon-offre-Amazon-preferee-du-jour-le-MacBook-Air.png","keywords":["air","Amazon","Apple","jour","MacBook","Mon","offre","pouces","pr\u00e9f\u00e9r\u00e9e"],"articleSection":["Technologie"],"inLanguage":"fr-BE"},{"@type":"WebPage","@id":"https:\/\/vieassociative.be\/actualites\/mon-offre-amazon-preferee-du-jour-le-macbook-air-apple-m3-13-pouces\/","url":"https:\/\/vieassociative.be\/actualites\/mon-offre-amazon-preferee-du-jour-le-macbook-air-apple-m3-13-pouces\/","name":"Mon offre Amazon pr\u00e9f\u00e9r\u00e9e du jour : le MacBook Air Apple M3 13 pouces | Vie Associative","isPartOf":{"@id":"https:\/\/vieassociative.be\/actualites\/#website"},"primaryImageOfPage":{"@id":"https:\/\/vieassociative.be\/actualites\/mon-offre-amazon-preferee-du-jour-le-macbook-air-apple-m3-13-pouces\/#primaryimage"},"image":{"@id":"https:\/\/vieassociative.be\/actualites\/mon-offre-amazon-preferee-du-jour-le-macbook-air-apple-m3-13-pouces\/#primaryimage"},"thumbnailUrl":"https:\/\/vieassociative.be\/actualites\/wp-content\/uploads\/2024\/11\/Mon-offre-Amazon-preferee-du-jour-le-MacBook-Air.png","datePublished":"2024-11-13T19:19:01+00:00","dateModified":"2024-11-13T19:19:01+00:00","breadcrumb":{"@id":"https:\/\/vieassociative.be\/actualites\/mon-offre-amazon-preferee-du-jour-le-macbook-air-apple-m3-13-pouces\/#breadcrumb"},"inLanguage":"fr-BE","potentialAction":[{"@type":"ReadAction","target":["https:\/\/vieassociative.be\/actualites\/mon-offre-amazon-preferee-du-jour-le-macbook-air-apple-m3-13-pouces\/"]}]},{"@type":"ImageObject","inLanguage":"fr-BE","@id":"https:\/\/vieassociative.be\/actualites\/mon-offre-amazon-preferee-du-jour-le-macbook-air-apple-m3-13-pouces\/#primaryimage","url":"https:\/\/vieassociative.be\/actualites\/wp-content\/uploads\/2024\/11\/Mon-offre-Amazon-preferee-du-jour-le-MacBook-Air.png","contentUrl":"https:\/\/vieassociative.be\/actualites\/wp-content\/uploads\/2024\/11\/Mon-offre-Amazon-preferee-du-jour-le-MacBook-Air.png","width":1200,"height":675,"caption":"Mon offre Amazon pr\u00e9f\u00e9r\u00e9e du jour : le MacBook Air Apple M3 13 pouces"},{"@type":"BreadcrumbList","@id":"https:\/\/vieassociative.be\/actualites\/mon-offre-amazon-preferee-du-jour-le-macbook-air-apple-m3-13-pouces\/#breadcrumb","itemListElement":[{"@type":"ListItem","position":1,"name":"Accueil","item":"https:\/\/vieassociative.be\/actualites\/"},{"@type":"ListItem","position":2,"name":"Mon offre Amazon pr\u00e9f\u00e9r\u00e9e du jour : le MacBook Air Apple M3 13 pouces"}]},{"@type":"WebSite","@id":"https:\/\/vieassociative.be\/actualites\/#website","url":"https:\/\/vieassociative.be\/actualites\/","name":"Vie Associative","description":"","publisher":{"@id":"https:\/\/vieassociative.be\/actualites\/#organization"},"potentialAction":[{"@type":"SearchAction","target":{"@type":"EntryPoint","urlTemplate":"https:\/\/vieassociative.be\/actualites\/?s={search_term_string}"},"query-input":{"@type":"PropertyValueSpecification","valueRequired":true,"valueName":"search_term_string"}}],"inLanguage":"fr-BE"},{"@type":"Organization","@id":"https:\/\/vieassociative.be\/actualites\/#organization","name":"Vie Associative","url":"https:\/\/vieassociative.be\/actualites\/","logo":{"@type":"ImageObject","inLanguage":"fr-BE","@id":"https:\/\/vieassociative.be\/actualites\/#\/schema\/logo\/image\/","url":"https:\/\/vieassociative.be\/actualites\/wp-content\/uploads\/2024\/09\/cropped-vieassociative_favicon.ico.png","contentUrl":"https:\/\/vieassociative.be\/actualites\/wp-content\/uploads\/2024\/09\/cropped-vieassociative_favicon.ico.png","width":512,"height":512,"caption":"Vie Associative"},"image":{"@id":"https:\/\/vieassociative.be\/actualites\/#\/schema\/logo\/image\/"}},{"@type":"Person","@id":"https:\/\/vieassociative.be\/actualites\/#\/schema\/person\/b87ac4f82f9d4e7b7cec7395b679edc4","name":"Julien","image":{"@type":"ImageObject","inLanguage":"fr-BE","@id":"https:\/\/vieassociative.be\/actualites\/#\/schema\/person\/image\/","url":"https:\/\/vieassociative.be\/actualites\/wp-content\/uploads\/2024\/09\/vie-associative-1-150x150.jpg","contentUrl":"https:\/\/vieassociative.be\/actualites\/wp-content\/uploads\/2024\/09\/vie-associative-1-150x150.jpg","caption":"Julien"},"description":"Je suis Julien, r\u00e9dacteur pour Vie Associative. Passionn\u00e9 par le monde associatif depuis plus de 10 ans, j'ai \u00e0 c\u0153ur de partager des histoires inspirantes et de mettre en lumi\u00e8re les initiatives locales. Mon objectif est de sensibiliser et d'encourager l'engagement communautaire \u00e0 travers mes articles.","sameAs":["https:\/\/vieassociative.be\/"]}]}},"_links":{"self":[{"href":"https:\/\/vieassociative.be\/actualites\/wp-json\/wp\/v2\/posts\/2382"}],"collection":[{"href":"https:\/\/vieassociative.be\/actualites\/wp-json\/wp\/v2\/posts"}],"about":[{"href":"https:\/\/vieassociative.be\/actualites\/wp-json\/wp\/v2\/types\/post"}],"author":[{"embeddable":true,"href":"https:\/\/vieassociative.be\/actualites\/wp-json\/wp\/v2\/users\/1"}],"replies":[{"embeddable":true,"href":"https:\/\/vieassociative.be\/actualites\/wp-json\/wp\/v2\/comments?post=2382"}],"version-history":[{"count":0,"href":"https:\/\/vieassociative.be\/actualites\/wp-json\/wp\/v2\/posts\/2382\/revisions"}],"wp:featuredmedia":[{"embeddable":true,"href":"https:\/\/vieassociative.be\/actualites\/wp-json\/wp\/v2\/media\/2383"}],"wp:attachment":[{"href":"https:\/\/vieassociative.be\/actualites\/wp-json\/wp\/v2\/media?parent=2382"}],"wp:term":[{"taxonomy":"category","embeddable":true,"href":"https:\/\/vieassociative.be\/actualites\/wp-json\/wp\/v2\/categories?post=2382"},{"taxonomy":"post_tag","embeddable":true,"href":"https:\/\/vieassociative.be\/actualites\/wp-json\/wp\/v2\/tags?post=2382"}],"curies":[{"name":"wp","href":"https:\/\/api.w.org\/{rel}","templated":true}]}}