{"id":2378,"date":"2024-11-13T18:21:12","date_gmt":"2024-11-13T17:21:12","guid":{"rendered":"https:\/\/vieassociative.be\/actualites\/que-faire-si-vous-naimez-pas-lenseignant-de-votre-enfant\/"},"modified":"2024-11-13T18:21:12","modified_gmt":"2024-11-13T17:21:12","slug":"que-faire-si-vous-naimez-pas-lenseignant-de-votre-enfant","status":"publish","type":"post","link":"https:\/\/vieassociative.be\/actualites\/que-faire-si-vous-naimez-pas-lenseignant-de-votre-enfant\/","title":{"rendered":"Que faire si vous n&rsquo;aimez pas l&rsquo;enseignant de votre enfant"},"content":{"rendered":"<div class=\"mt-4 leading-6 md:mb-8\">Les conf\u00e9rences parents-enseignants peuvent en r\u00e9v\u00e9ler beaucoup sur les r\u00e9sultats scolaires de votre enfant et r\u00e9v\u00e9ler que vous \u00eates en conflit avec son enseignant.<\/div>\n<p><\/p>\n<p>C&rsquo;est \u00e0 nouveau cette p\u00e9riode de l&rsquo;ann\u00e9e : la saison des conf\u00e9rences parents-enseignants. Pendant 15 minutes, les parents s&rsquo;assoient face \u00e0 face avec la personne responsable de l&rsquo;\u00e9ducation de leur enfant. Pour la plupart, c&rsquo;est le moment pour les parents et les tuteurs d&rsquo;entendre la v\u00e9rit\u00e9 sur ce qui se passe r\u00e9ellement pendant les heures de classe et de travailler ensemble pour aider leurs enfants \u00e0 acqu\u00e9rir les comp\u00e9tences dont ils auront besoin pour r\u00e9ussir \u00e0 l&rsquo;avenir. Pour d\u2019autres, cela peut \u00eatre une exp\u00e9rience frustrante.<\/p>\n<p>\u00ab\u00a0Lorsque nous confions nos b\u00e9b\u00e9s \u00e0 quelqu&rsquo;un d&rsquo;autre pour les surveiller, cela peut \u00eatre difficile\u00a0\u00bb, explique la psychologue clinicienne Dr Eileen Kennedy-Moore, auteur du livre. <em>Confiance des enfants\u00a0: aidez votre enfant \u00e0 se faire des amis, \u00e0 d\u00e9velopper sa r\u00e9silience et \u00e0 d\u00e9velopper une v\u00e9ritable estime de soi.<\/em> \u00ab\u00a0Bien s\u00fbr, nous voulons que les enseignants fassent les choses exactement comme nous le voudrions, mais cela n&rsquo;arrivera probablement pas.\u00a0\u00bb<\/p>\n<p>Alors, que faire si vous n\u2019aimez pas la fa\u00e7on dont votre enfant est enseign\u00e9 ?<\/p>\n<h2 id=\"dont-believe-the-gossip-about-a-bad-teacher\"><strong>Ne croyez pas les rumeurs sur un \u00ab mauvais \u00bb professeur<\/strong><\/h2>\n<p>Chaque \u00e9cole a un enseignant dont aucun \u00e9l\u00e8ve ne veut. Des histoires d\u2019horreur sont transmises de classe en classe sur leur m\u00e9chancet\u00e9, leur rigueur ou leur injustice. Cela donne lieu \u00e0 des discussions captivantes pendant la r\u00e9cr\u00e9ation ou autour de la table de la cuisine, mais Kennedy-Moore conseille de donner \u00e0 l&rsquo;enseignant de votre enfant le b\u00e9n\u00e9fice du doute et de ne pas laisser ces histoires brouiller votre jugement.<\/p>\n<p>\u00ab\u00a0Faites attention lorsque vous acceptez l\u2019int\u00e9gralit\u00e9 de ce que dit votre enfant \u00bb, dit-elle. \u00ab\u00a0Si vous entendez quelque chose d&rsquo;inqui\u00e9tant, vous pouvez envoyer un e-mail au professeur.\u00a0\u00bb<\/p>\n<p>Il peut \u00e9galement \u00eatre difficile pour les parents d&rsquo;entendre l&rsquo;enseignant de leur enfant dire \u00e0 quel point leurs enfants pourraient se comporter diff\u00e9remment \u00e0 l&rsquo;\u00e9cole qu&rsquo;\u00e0 la maison. Mais gardez \u00e0 l\u2019esprit qu\u2019aucune des deux versions de l\u2019histoire ne constitue la v\u00e9rit\u00e9 absolue, mais simplement une perspective diff\u00e9rente.<\/p>\n<p>\u00ab\u00a0(L&rsquo;enseignant est) l&rsquo;expert sur la fa\u00e7on dont votre enfant se comporte lorsque vous n&rsquo;\u00eates pas l\u00e0, alors prenez cela au s\u00e9rieux\u00a0\u00bb, explique Kennedy-Moore. \u00ab\u00a0Soyez ouvert au partage de ce qui fonctionne et de ce qui ne fonctionne pas.\u00a0\u00bb<\/p>\n<h2 id=\"show-empathy-for-your-kids-teacher\"><strong>Faites preuve d&#8217;empathie envers l&rsquo;enseignant de votre enfant<\/strong><\/h2>\n<p>Si vous n&rsquo;\u00eates pas d&rsquo;accord avec l&rsquo;enseignant de votre enfant, il est tentant de le d\u00e9nigrer devant votre enfant. Bien que vous d\u00e9fouler puisse vous aider \u00e0 vous sentir mieux \u00e0 court terme, vous pourriez en fait exacerber les choses.<\/p>\n<p>\u00ab Si vous dites quoi que ce soit de critique \u00e0 l&rsquo;\u00e9gard de l&rsquo;enseignant, vous cr\u00e9ez un probl\u00e8me \u00bb, d\u00e9clare Kennedy-Moore. \u00ab Ils diront : &lsquo;Je n&rsquo;ai pas besoin de les \u00e9couter.&rsquo; Cela ne va pas bien se passer pour votre enfant en termes de r\u00e9action de son professeur, de r\u00e9action des autres enfants et de fa\u00e7on dont ils apprennent \u00e0 s&rsquo;entendre dans le monde.<\/p>\n<p>Si votre enfant se plaint de son enseignant, aidez-le \u00e0 faire preuve d&#8217;empathie envers lui et \u00e0 r\u00e9fl\u00e9chir aux raisons pour lesquelles son enseignant pourrait faire les choses comme il le fait. <\/p>\n<h2 id=\"learn-the-teachers-pet-peeves\"><strong>Apprenez les b\u00eates noires du professeur<\/strong><\/h2>\n<p>S&rsquo;entendre avec les gens est une comp\u00e9tence fondamentale sur laquelle nous travaillons toute notre vie. Il est donc bon que nos enfants apprennent \u00e0 interagir avec succ\u00e8s avec les autres, y compris avec leur professeur. Pour y parvenir, ils devront adapter leur comportement. Kennedy-Moore dit qu&rsquo;il pourrait \u00eatre utile de discuter avec votre enfant de l&rsquo;id\u00e9e des b\u00eates noires afin que votre enfant puisse apprendre ce qui se passe sous la peau de son enseignant et \u00e9viter ce comportement pendant les heures de cours.<\/p>\n<h2 id=\"be-open-to-what-your-childs-teacher-is-saying\"><strong>Soyez ouvert \u00e0 ce que dit l&rsquo;enseignant de votre enfant<\/strong><\/h2>\n<p>Il peut \u00eatre choquant d\u2019entendre un enseignant parler d\u2019un comportement qui semble atypique de la part de votre enfant. Essayez d&rsquo;\u00eatre ouvert \u00e0 ce que l&rsquo;enseignant observe. Ne consid\u00e9rez pas cela comme le verdict final sur votre enfant et votre r\u00f4le parental.<\/p>\n<p>\u00ab\u00a0L&rsquo;enseignant est l&rsquo;expert en mati\u00e8re d&rsquo;\u00e9ducation et des enfants en g\u00e9n\u00e9ral\u00a0\u00bb, explique Kennedy-Moore. \u00ab Chaque ann\u00e9e, ils voient 20 enfants ou plus de cet \u00e2ge, ils connaissent donc mieux que quiconque le d\u00e9veloppement de l\u2019enfant. Mais vous \u00eates l&rsquo;expert de votre enfant et de votre famille. Vous seul avez vu votre enfant \u00e9voluer au fil des ann\u00e9es et dans de multiples contextes. Si vous pouviez parler de ce qui a fonctionn\u00e9 chez vous, cela pourrait \u00eatre utile.<\/p>\n<p>Consid\u00e9rez l&rsquo;enseignant de votre enfant comme une ressource et partagez ce que vous observez dans son comportement \u00e0 la maison. L\u2019enseignant saura si cela refl\u00e8te ce qu\u2019il voit et pourra faire les ajustements appropri\u00e9s en classe. Par exemple, si les devoirs sont un cauchemar, ils pourraient modifier leurs attentes ou trouver des moyens de les rendre plus int\u00e9ressants. <\/p>\n<h2 id=\"when-should-you-talk-to-the-principal\"><strong>Quand faut-il parler au directeur ?<\/strong><\/h2>\n<p>Nous avons tous v\u00e9cu ce moment o\u00f9 quelqu&rsquo;un donne librement des conseils non sollicit\u00e9s sur la fa\u00e7on dont vous devriez \u00e9lever votre enfant. M\u00eame si nous avons une id\u00e9e de la fa\u00e7on dont nous voulons que l&rsquo;enseignant de notre enfant fasse son travail, ce sont eux qui sont dans les tranch\u00e9es et qui poss\u00e8dent les connaissances et l&rsquo;expertise n\u00e9cessaires pour \u00e9duquer les enfants. <\/p>\n<p>Kennedy-Moore dit que s&rsquo;il y a un probl\u00e8me, respectez le processus de l&rsquo;enseignant de votre enfant et faites de votre mieux pour ne pas le d\u00e9passer. Essayez d&rsquo;abord de travailler avec eux. Envoyez-leur un e-mail ou appelez-les. \u00c0 moins qu&rsquo;il n&rsquo;y ait un probl\u00e8me r\u00e9current ou quelque chose d&rsquo;extraordinaire qui se passe dans la classe, ce qui n&rsquo;arrive pas tr\u00e8s souvent, r\u00e9fl\u00e9chissez-y \u00e0 deux fois avant de faire appel \u00e0 une aide administrative.<\/p>\n","protected":false},"excerpt":{"rendered":"<p>Les conf\u00e9rences parents-enseignants peuvent en r\u00e9v\u00e9ler beaucoup sur les r\u00e9sultats scolaires de votre enfant et r\u00e9v\u00e9ler que vous \u00eates en conflit avec son enseignant. C&rsquo;est<\/p>\n","protected":false},"author":1,"featured_media":2379,"comment_status":"","ping_status":"","sticky":false,"template":"","format":"standard","meta":{"footnotes":""},"categories":[37],"tags":[295,127,2765,2239,126,8,4],"class_list":["post-2378","post","type-post","status-publish","format-standard","has-post-thumbnail","hentry","category-famille","tag-enfant","tag-faire","tag-lenseignant","tag-naimez","tag-pas","tag-votre","tag-vous","generate-columns","tablet-grid-50","mobile-grid-100","grid-parent","grid-33"],"yoast_head":"<!-- This site is optimized with the Yoast SEO plugin v24.0 - https:\/\/yoast.com\/wordpress\/plugins\/seo\/ -->\n<title>Que faire si vous n&#039;aimez pas l&#039;enseignant de votre enfant | Vie Associative<\/title>\n<meta name=\"robots\" content=\"index, follow, max-snippet:-1, max-image-preview:large, max-video-preview:-1\" \/>\n<link rel=\"canonical\" href=\"https:\/\/vieassociative.be\/actualites\/que-faire-si-vous-naimez-pas-lenseignant-de-votre-enfant\/\" \/>\n<meta property=\"og:locale\" content=\"fr_FR\" \/>\n<meta property=\"og:type\" content=\"article\" \/>\n<meta property=\"og:title\" content=\"Que faire si vous n&#039;aimez pas l&#039;enseignant de votre enfant | Vie Associative\" \/>\n<meta property=\"og:description\" content=\"Les conf\u00e9rences parents-enseignants peuvent en r\u00e9v\u00e9ler beaucoup sur les r\u00e9sultats scolaires de votre enfant et r\u00e9v\u00e9ler que vous \u00eates en conflit avec son enseignant. C&rsquo;est\" \/>\n<meta property=\"og:url\" content=\"https:\/\/vieassociative.be\/actualites\/que-faire-si-vous-naimez-pas-lenseignant-de-votre-enfant\/\" \/>\n<meta property=\"og:site_name\" content=\"Vie Associative\" \/>\n<meta property=\"article:published_time\" content=\"2024-11-13T17:21:12+00:00\" \/>\n<meta property=\"og:image\" content=\"https:\/\/vieassociative.be\/actualites\/wp-content\/uploads\/2024\/09\/header_backgroundk-01-e1726694325946.png\" \/>\n\t<meta property=\"og:image:width\" content=\"279\" \/>\n\t<meta property=\"og:image:height\" content=\"92\" \/>\n\t<meta property=\"og:image:type\" content=\"image\/png\" \/>\n<meta name=\"author\" content=\"Julien\" \/>\n<meta name=\"twitter:card\" content=\"summary_large_image\" \/>\n<meta name=\"twitter:label1\" content=\"\u00c9crit par\" \/>\n\t<meta name=\"twitter:data1\" content=\"Julien\" \/>\n\t<meta name=\"twitter:label2\" content=\"Dur\u00e9e de lecture est.\" \/>\n\t<meta name=\"twitter:data2\" content=\"5 minutes\" \/>\n<script type=\"application\/ld+json\" class=\"yoast-schema-graph\">{\"@context\":\"https:\/\/schema.org\",\"@graph\":[{\"@type\":\"Article\",\"@id\":\"https:\/\/vieassociative.be\/actualites\/que-faire-si-vous-naimez-pas-lenseignant-de-votre-enfant\/#article\",\"isPartOf\":{\"@id\":\"https:\/\/vieassociative.be\/actualites\/que-faire-si-vous-naimez-pas-lenseignant-de-votre-enfant\/\"},\"author\":{\"name\":\"Julien\",\"@id\":\"https:\/\/vieassociative.be\/actualites\/#\/schema\/person\/b87ac4f82f9d4e7b7cec7395b679edc4\"},\"headline\":\"Que faire si vous n&rsquo;aimez pas l&rsquo;enseignant de votre enfant\",\"datePublished\":\"2024-11-13T17:21:12+00:00\",\"dateModified\":\"2024-11-13T17:21:12+00:00\",\"mainEntityOfPage\":{\"@id\":\"https:\/\/vieassociative.be\/actualites\/que-faire-si-vous-naimez-pas-lenseignant-de-votre-enfant\/\"},\"wordCount\":1062,\"publisher\":{\"@id\":\"https:\/\/vieassociative.be\/actualites\/#organization\"},\"image\":{\"@id\":\"https:\/\/vieassociative.be\/actualites\/que-faire-si-vous-naimez-pas-lenseignant-de-votre-enfant\/#primaryimage\"},\"thumbnailUrl\":\"https:\/\/vieassociative.be\/actualites\/wp-content\/uploads\/2024\/11\/Que-faire-si-vous-naimez-pas-lenseignant-de-votre-enfant.jpg\",\"keywords\":[\"enfant\",\"faire\",\"lenseignant\",\"naimez\",\"pas\",\"votre\",\"Vous\"],\"articleSection\":[\"Famille\"],\"inLanguage\":\"fr-BE\"},{\"@type\":\"WebPage\",\"@id\":\"https:\/\/vieassociative.be\/actualites\/que-faire-si-vous-naimez-pas-lenseignant-de-votre-enfant\/\",\"url\":\"https:\/\/vieassociative.be\/actualites\/que-faire-si-vous-naimez-pas-lenseignant-de-votre-enfant\/\",\"name\":\"Que faire si vous n'aimez pas l'enseignant de votre enfant | Vie Associative\",\"isPartOf\":{\"@id\":\"https:\/\/vieassociative.be\/actualites\/#website\"},\"primaryImageOfPage\":{\"@id\":\"https:\/\/vieassociative.be\/actualites\/que-faire-si-vous-naimez-pas-lenseignant-de-votre-enfant\/#primaryimage\"},\"image\":{\"@id\":\"https:\/\/vieassociative.be\/actualites\/que-faire-si-vous-naimez-pas-lenseignant-de-votre-enfant\/#primaryimage\"},\"thumbnailUrl\":\"https:\/\/vieassociative.be\/actualites\/wp-content\/uploads\/2024\/11\/Que-faire-si-vous-naimez-pas-lenseignant-de-votre-enfant.jpg\",\"datePublished\":\"2024-11-13T17:21:12+00:00\",\"dateModified\":\"2024-11-13T17:21:12+00:00\",\"breadcrumb\":{\"@id\":\"https:\/\/vieassociative.be\/actualites\/que-faire-si-vous-naimez-pas-lenseignant-de-votre-enfant\/#breadcrumb\"},\"inLanguage\":\"fr-BE\",\"potentialAction\":[{\"@type\":\"ReadAction\",\"target\":[\"https:\/\/vieassociative.be\/actualites\/que-faire-si-vous-naimez-pas-lenseignant-de-votre-enfant\/\"]}]},{\"@type\":\"ImageObject\",\"inLanguage\":\"fr-BE\",\"@id\":\"https:\/\/vieassociative.be\/actualites\/que-faire-si-vous-naimez-pas-lenseignant-de-votre-enfant\/#primaryimage\",\"url\":\"https:\/\/vieassociative.be\/actualites\/wp-content\/uploads\/2024\/11\/Que-faire-si-vous-naimez-pas-lenseignant-de-votre-enfant.jpg\",\"contentUrl\":\"https:\/\/vieassociative.be\/actualites\/wp-content\/uploads\/2024\/11\/Que-faire-si-vous-naimez-pas-lenseignant-de-votre-enfant.jpg\",\"width\":1200,\"height\":675,\"caption\":\"Que faire si vous n'aimez pas l'enseignant de votre enfant\"},{\"@type\":\"BreadcrumbList\",\"@id\":\"https:\/\/vieassociative.be\/actualites\/que-faire-si-vous-naimez-pas-lenseignant-de-votre-enfant\/#breadcrumb\",\"itemListElement\":[{\"@type\":\"ListItem\",\"position\":1,\"name\":\"Accueil\",\"item\":\"https:\/\/vieassociative.be\/actualites\/\"},{\"@type\":\"ListItem\",\"position\":2,\"name\":\"Que faire si vous n&rsquo;aimez pas l&rsquo;enseignant de votre enfant\"}]},{\"@type\":\"WebSite\",\"@id\":\"https:\/\/vieassociative.be\/actualites\/#website\",\"url\":\"https:\/\/vieassociative.be\/actualites\/\",\"name\":\"Vie Associative\",\"description\":\"\",\"publisher\":{\"@id\":\"https:\/\/vieassociative.be\/actualites\/#organization\"},\"potentialAction\":[{\"@type\":\"SearchAction\",\"target\":{\"@type\":\"EntryPoint\",\"urlTemplate\":\"https:\/\/vieassociative.be\/actualites\/?s={search_term_string}\"},\"query-input\":{\"@type\":\"PropertyValueSpecification\",\"valueRequired\":true,\"valueName\":\"search_term_string\"}}],\"inLanguage\":\"fr-BE\"},{\"@type\":\"Organization\",\"@id\":\"https:\/\/vieassociative.be\/actualites\/#organization\",\"name\":\"Vie Associative\",\"url\":\"https:\/\/vieassociative.be\/actualites\/\",\"logo\":{\"@type\":\"ImageObject\",\"inLanguage\":\"fr-BE\",\"@id\":\"https:\/\/vieassociative.be\/actualites\/#\/schema\/logo\/image\/\",\"url\":\"https:\/\/vieassociative.be\/actualites\/wp-content\/uploads\/2024\/09\/cropped-vieassociative_favicon.ico.png\",\"contentUrl\":\"https:\/\/vieassociative.be\/actualites\/wp-content\/uploads\/2024\/09\/cropped-vieassociative_favicon.ico.png\",\"width\":512,\"height\":512,\"caption\":\"Vie Associative\"},\"image\":{\"@id\":\"https:\/\/vieassociative.be\/actualites\/#\/schema\/logo\/image\/\"}},{\"@type\":\"Person\",\"@id\":\"https:\/\/vieassociative.be\/actualites\/#\/schema\/person\/b87ac4f82f9d4e7b7cec7395b679edc4\",\"name\":\"Julien\",\"image\":{\"@type\":\"ImageObject\",\"inLanguage\":\"fr-BE\",\"@id\":\"https:\/\/vieassociative.be\/actualites\/#\/schema\/person\/image\/\",\"url\":\"https:\/\/vieassociative.be\/actualites\/wp-content\/uploads\/2024\/09\/vie-associative-1-150x150.jpg\",\"contentUrl\":\"https:\/\/vieassociative.be\/actualites\/wp-content\/uploads\/2024\/09\/vie-associative-1-150x150.jpg\",\"caption\":\"Julien\"},\"description\":\"Je suis Julien, r\u00e9dacteur pour Vie Associative. Passionn\u00e9 par le monde associatif depuis plus de 10 ans, j'ai \u00e0 c\u0153ur de partager des histoires inspirantes et de mettre en lumi\u00e8re les initiatives locales. Mon objectif est de sensibiliser et d'encourager l'engagement communautaire \u00e0 travers mes articles.\",\"sameAs\":[\"https:\/\/vieassociative.be\/\"]}]}<\/script>\n<!-- \/ Yoast SEO plugin. -->","yoast_head_json":{"title":"Que faire si vous n'aimez pas l'enseignant de votre enfant | Vie Associative","robots":{"index":"index","follow":"follow","max-snippet":"max-snippet:-1","max-image-preview":"max-image-preview:large","max-video-preview":"max-video-preview:-1"},"canonical":"https:\/\/vieassociative.be\/actualites\/que-faire-si-vous-naimez-pas-lenseignant-de-votre-enfant\/","og_locale":"fr_FR","og_type":"article","og_title":"Que faire si vous n'aimez pas l'enseignant de votre enfant | Vie Associative","og_description":"Les conf\u00e9rences parents-enseignants peuvent en r\u00e9v\u00e9ler beaucoup sur les r\u00e9sultats scolaires de votre enfant et r\u00e9v\u00e9ler que vous \u00eates en conflit avec son enseignant. C&rsquo;est","og_url":"https:\/\/vieassociative.be\/actualites\/que-faire-si-vous-naimez-pas-lenseignant-de-votre-enfant\/","og_site_name":"Vie Associative","article_published_time":"2024-11-13T17:21:12+00:00","og_image":[{"width":279,"height":92,"url":"https:\/\/vieassociative.be\/actualites\/wp-content\/uploads\/2024\/09\/header_backgroundk-01-e1726694325946.png","type":"image\/png"}],"author":"Julien","twitter_card":"summary_large_image","twitter_misc":{"\u00c9crit par":"Julien","Dur\u00e9e de lecture est.":"5 minutes"},"schema":{"@context":"https:\/\/schema.org","@graph":[{"@type":"Article","@id":"https:\/\/vieassociative.be\/actualites\/que-faire-si-vous-naimez-pas-lenseignant-de-votre-enfant\/#article","isPartOf":{"@id":"https:\/\/vieassociative.be\/actualites\/que-faire-si-vous-naimez-pas-lenseignant-de-votre-enfant\/"},"author":{"name":"Julien","@id":"https:\/\/vieassociative.be\/actualites\/#\/schema\/person\/b87ac4f82f9d4e7b7cec7395b679edc4"},"headline":"Que faire si vous n&rsquo;aimez pas l&rsquo;enseignant de votre enfant","datePublished":"2024-11-13T17:21:12+00:00","dateModified":"2024-11-13T17:21:12+00:00","mainEntityOfPage":{"@id":"https:\/\/vieassociative.be\/actualites\/que-faire-si-vous-naimez-pas-lenseignant-de-votre-enfant\/"},"wordCount":1062,"publisher":{"@id":"https:\/\/vieassociative.be\/actualites\/#organization"},"image":{"@id":"https:\/\/vieassociative.be\/actualites\/que-faire-si-vous-naimez-pas-lenseignant-de-votre-enfant\/#primaryimage"},"thumbnailUrl":"https:\/\/vieassociative.be\/actualites\/wp-content\/uploads\/2024\/11\/Que-faire-si-vous-naimez-pas-lenseignant-de-votre-enfant.jpg","keywords":["enfant","faire","lenseignant","naimez","pas","votre","Vous"],"articleSection":["Famille"],"inLanguage":"fr-BE"},{"@type":"WebPage","@id":"https:\/\/vieassociative.be\/actualites\/que-faire-si-vous-naimez-pas-lenseignant-de-votre-enfant\/","url":"https:\/\/vieassociative.be\/actualites\/que-faire-si-vous-naimez-pas-lenseignant-de-votre-enfant\/","name":"Que faire si vous n'aimez pas l'enseignant de votre enfant | Vie Associative","isPartOf":{"@id":"https:\/\/vieassociative.be\/actualites\/#website"},"primaryImageOfPage":{"@id":"https:\/\/vieassociative.be\/actualites\/que-faire-si-vous-naimez-pas-lenseignant-de-votre-enfant\/#primaryimage"},"image":{"@id":"https:\/\/vieassociative.be\/actualites\/que-faire-si-vous-naimez-pas-lenseignant-de-votre-enfant\/#primaryimage"},"thumbnailUrl":"https:\/\/vieassociative.be\/actualites\/wp-content\/uploads\/2024\/11\/Que-faire-si-vous-naimez-pas-lenseignant-de-votre-enfant.jpg","datePublished":"2024-11-13T17:21:12+00:00","dateModified":"2024-11-13T17:21:12+00:00","breadcrumb":{"@id":"https:\/\/vieassociative.be\/actualites\/que-faire-si-vous-naimez-pas-lenseignant-de-votre-enfant\/#breadcrumb"},"inLanguage":"fr-BE","potentialAction":[{"@type":"ReadAction","target":["https:\/\/vieassociative.be\/actualites\/que-faire-si-vous-naimez-pas-lenseignant-de-votre-enfant\/"]}]},{"@type":"ImageObject","inLanguage":"fr-BE","@id":"https:\/\/vieassociative.be\/actualites\/que-faire-si-vous-naimez-pas-lenseignant-de-votre-enfant\/#primaryimage","url":"https:\/\/vieassociative.be\/actualites\/wp-content\/uploads\/2024\/11\/Que-faire-si-vous-naimez-pas-lenseignant-de-votre-enfant.jpg","contentUrl":"https:\/\/vieassociative.be\/actualites\/wp-content\/uploads\/2024\/11\/Que-faire-si-vous-naimez-pas-lenseignant-de-votre-enfant.jpg","width":1200,"height":675,"caption":"Que faire si vous n'aimez pas l'enseignant de votre enfant"},{"@type":"BreadcrumbList","@id":"https:\/\/vieassociative.be\/actualites\/que-faire-si-vous-naimez-pas-lenseignant-de-votre-enfant\/#breadcrumb","itemListElement":[{"@type":"ListItem","position":1,"name":"Accueil","item":"https:\/\/vieassociative.be\/actualites\/"},{"@type":"ListItem","position":2,"name":"Que faire si vous n&rsquo;aimez pas l&rsquo;enseignant de votre enfant"}]},{"@type":"WebSite","@id":"https:\/\/vieassociative.be\/actualites\/#website","url":"https:\/\/vieassociative.be\/actualites\/","name":"Vie Associative","description":"","publisher":{"@id":"https:\/\/vieassociative.be\/actualites\/#organization"},"potentialAction":[{"@type":"SearchAction","target":{"@type":"EntryPoint","urlTemplate":"https:\/\/vieassociative.be\/actualites\/?s={search_term_string}"},"query-input":{"@type":"PropertyValueSpecification","valueRequired":true,"valueName":"search_term_string"}}],"inLanguage":"fr-BE"},{"@type":"Organization","@id":"https:\/\/vieassociative.be\/actualites\/#organization","name":"Vie Associative","url":"https:\/\/vieassociative.be\/actualites\/","logo":{"@type":"ImageObject","inLanguage":"fr-BE","@id":"https:\/\/vieassociative.be\/actualites\/#\/schema\/logo\/image\/","url":"https:\/\/vieassociative.be\/actualites\/wp-content\/uploads\/2024\/09\/cropped-vieassociative_favicon.ico.png","contentUrl":"https:\/\/vieassociative.be\/actualites\/wp-content\/uploads\/2024\/09\/cropped-vieassociative_favicon.ico.png","width":512,"height":512,"caption":"Vie Associative"},"image":{"@id":"https:\/\/vieassociative.be\/actualites\/#\/schema\/logo\/image\/"}},{"@type":"Person","@id":"https:\/\/vieassociative.be\/actualites\/#\/schema\/person\/b87ac4f82f9d4e7b7cec7395b679edc4","name":"Julien","image":{"@type":"ImageObject","inLanguage":"fr-BE","@id":"https:\/\/vieassociative.be\/actualites\/#\/schema\/person\/image\/","url":"https:\/\/vieassociative.be\/actualites\/wp-content\/uploads\/2024\/09\/vie-associative-1-150x150.jpg","contentUrl":"https:\/\/vieassociative.be\/actualites\/wp-content\/uploads\/2024\/09\/vie-associative-1-150x150.jpg","caption":"Julien"},"description":"Je suis Julien, r\u00e9dacteur pour Vie Associative. Passionn\u00e9 par le monde associatif depuis plus de 10 ans, j'ai \u00e0 c\u0153ur de partager des histoires inspirantes et de mettre en lumi\u00e8re les initiatives locales. Mon objectif est de sensibiliser et d'encourager l'engagement communautaire \u00e0 travers mes articles.","sameAs":["https:\/\/vieassociative.be\/"]}]}},"_links":{"self":[{"href":"https:\/\/vieassociative.be\/actualites\/wp-json\/wp\/v2\/posts\/2378"}],"collection":[{"href":"https:\/\/vieassociative.be\/actualites\/wp-json\/wp\/v2\/posts"}],"about":[{"href":"https:\/\/vieassociative.be\/actualites\/wp-json\/wp\/v2\/types\/post"}],"author":[{"embeddable":true,"href":"https:\/\/vieassociative.be\/actualites\/wp-json\/wp\/v2\/users\/1"}],"replies":[{"embeddable":true,"href":"https:\/\/vieassociative.be\/actualites\/wp-json\/wp\/v2\/comments?post=2378"}],"version-history":[{"count":0,"href":"https:\/\/vieassociative.be\/actualites\/wp-json\/wp\/v2\/posts\/2378\/revisions"}],"wp:featuredmedia":[{"embeddable":true,"href":"https:\/\/vieassociative.be\/actualites\/wp-json\/wp\/v2\/media\/2379"}],"wp:attachment":[{"href":"https:\/\/vieassociative.be\/actualites\/wp-json\/wp\/v2\/media?parent=2378"}],"wp:term":[{"taxonomy":"category","embeddable":true,"href":"https:\/\/vieassociative.be\/actualites\/wp-json\/wp\/v2\/categories?post=2378"},{"taxonomy":"post_tag","embeddable":true,"href":"https:\/\/vieassociative.be\/actualites\/wp-json\/wp\/v2\/tags?post=2378"}],"curies":[{"name":"wp","href":"https:\/\/api.w.org\/{rel}","templated":true}]}}