{"id":2376,"date":"2024-11-13T17:18:03","date_gmt":"2024-11-13T16:18:03","guid":{"rendered":"https:\/\/vieassociative.be\/actualites\/quoi-de-neuf-sur-netflix-en-decembre-2023\/"},"modified":"2024-11-13T17:18:03","modified_gmt":"2024-11-13T16:18:03","slug":"quoi-de-neuf-sur-netflix-en-decembre-2023","status":"publish","type":"post","link":"https:\/\/vieassociative.be\/actualites\/quoi-de-neuf-sur-netflix-en-decembre-2023\/","title":{"rendered":"Quoi de neuf sur Netflix en d\u00e9cembre 2023"},"content":{"rendered":"<div class=\"mt-4 leading-6 md:mb-8\">Diffusez une nouvelle com\u00e9die, \u00ab\u00a0Maestro\u00a0\u00bb de Bradley Cooper, et la fin de \u00ab\u00a0The Crown\u00a0\u00bb.<\/div>\n<p><\/p>\n<p>Netflix a quelque chose \u00e0 regarder pour tout le monde pendant que nous nous pr\u00e9parons pendant les vacances d&rsquo;hiver ce mois-ci. Nous obtenons enfin la finale de la s\u00e9rie <em>La Couronne<\/em> les six \u00e9pisodes restants de la saison six \u00e9tant diffus\u00e9s le 14 d\u00e9cembre. La premi\u00e8re partie a \u00e9t\u00e9 reprise en 1997 \u00e0 la fin du mariage du prince Charles et de Diana, et la deuxi\u00e8me partie couvre la vie adulte du prince William et du prince Harry \u00e0 partir du d\u00e9but des ann\u00e9es 2000. <\/p>\n<p>Sur la liste des amateurs de drames historiques se trouve \u00e9galement <em>Maestro<\/em>un biopic sur la vie et l&rsquo;\u0153uvre du chef d&rsquo;orchestre et compositeur Leonard Bernstein (interpr\u00e9t\u00e9 par Bradley Cooper, disponible le 20 d\u00e9cembre). <\/p>\n<\/p>\n<div class=\"mx-auto mt-8 w-full max-w-4xl\">\n<div id=\"video-container-gJP2QblqLA0\"><\/div>\n<\/div>\n<p>Les sorties comiques de Netflix en d\u00e9cembre incluent <em>Trevor Noah : O\u00f9 \u00e9tais-je<\/em> (19 d\u00e9cembre) et <em>Ricky Gervais : Armageddon<\/em> (25 d\u00e9cembre). Le premier est le quatri\u00e8me sp\u00e9cial original de Noah : l&rsquo;ensemble couvre les voyages du com\u00e9dien dans le monde. Bien qu&rsquo;il ne s&rsquo;agisse pas sp\u00e9cifiquement d&rsquo;un spectacle de stand-up, il y a aussi <em>Kevin Hart et Chris Rock\u00a0: t\u00eates d&rsquo;affiche uniquement<\/em>un film documentaire tourn\u00e9 lors de la tourn\u00e9e \u00ab Only Headliners Allowed \u00bb des com\u00e9diens en juillet 2022. <\/p>\n<p>Parmi les autres temps forts du mois de d\u00e9cembre, citons le thriller psychologique <em>Laissez le monde derri\u00e8re vous<\/em>bas\u00e9 sur le roman du m\u00eame nom de 2020 et avec Julia Roberts, Mahershala Ali, Kevin Bacon et Ethan Hawke (8 d\u00e9cembre) ; et les docu-s\u00e9ries <em>Sous pression\u00a0: l&rsquo;\u00e9quipe am\u00e9ricaine f\u00e9minine de la Coupe du monde<\/em> (12 d\u00e9cembre). <\/p>\n<\/p>\n<div class=\"mx-auto mt-8 w-full max-w-4xl\">\n<div id=\"video-container-cMVBi_e8o-Y\"><\/div>\n<\/div>\n<p>Voici tout le reste qui arrive (et quitte) Netflix en d\u00e9cembre.<\/p>\n<h2 id=\"whats-coming-to-netflix-in-december-2023\">Ce qui arrive sur Netflix en d\u00e9cembre 2023<\/h2>\n<h3>Disponible le 1er d\u00e9cembre<\/h3>\n<ul>\n<li>\n<p><em>mai d\u00e9cembre<\/em>\u2014Film Netflix<\/p>\n<\/li>\n<li>\n<p><em>Douce maison<\/em>: Saison 2\u2014S\u00e9rie Netflix<\/p>\n<\/li>\n<li>\n<p><em>\u00c9pouses de basket-ball<\/em>: Saisons 3-4<\/p>\n<\/li>\n<li>\n<p><em>Batman contre Superman : L&rsquo;aube de la justice<\/em><\/p>\n<\/li>\n<li>\n<p><em>Grand fr\u00e8re<\/em>: Saisons 6 et 17<\/p>\n<\/li>\n<li>\n<p><em>Birds of Prey (et l&rsquo;\u00e9mancipation fantastique d&rsquo;une Harley Quinn)<\/em><\/p>\n<\/li>\n<li>\n<p><em>Cygne noir<\/em><\/p>\n<\/li>\n<li>\n<p><em>Bloqueurs<\/em><\/p>\n<\/li>\n<li>\n<p><em>Boyz n the Hood<\/em><\/p>\n<\/li>\n<li>\n<p><em>Burlesque<\/em><\/p>\n<\/li>\n<li>\n<p><em>College Hill\u00a0: \u00e9dition c\u00e9l\u00e9brit\u00e9<\/em>: Saison 1<\/p>\n<\/li>\n<li>\n<p><em>Trouy Moley<\/em>: Saisons 1-2<\/p>\n<\/li>\n<li>\n<p><em>Insidieux<\/em><\/p>\n<\/li>\n<li>\n<p><em>LA Confidentiel<\/em><\/p>\n<\/li>\n<li>\n<p><em>Homme d&rsquo;acier<\/em><\/p>\n<\/li>\n<li>\n<p><em>La Meg<\/em><\/p>\n<\/li>\n<li>\n<p><em>Voisins<\/em><\/p>\n<\/li>\n<li>\n<p><em>Les vrais maris d&rsquo;Hollywood\u00a0: plus de Kevin, plus de probl\u00e8mes<\/em>: Saison 1<\/p>\n<\/li>\n<li>\n<p><em>Shazam !<\/em><\/p>\n<\/li>\n<li>\n<p><em>Elle est tout \u00e7a<\/em><\/p>\n<\/li>\n<li>\n<p><em>C&rsquo;est elle l&rsquo;homme<\/em><\/p>\n<\/li>\n<li>\n<p><em>Escouade suicide<\/em><\/p>\n<\/li>\n<li>\n<p><em>Pris<\/em><\/p>\n<\/li>\n<li>\n<p><em>Pris 2<\/em><\/p>\n<\/li>\n<li>\n<p><em>La brigade suicide<\/em><\/p>\n<\/li>\n<li>\n<p><em>Wonder Woman<\/em><\/p>\n<\/li>\n<li>\n<p><em>Wonder Woman 1984<\/em><\/p>\n<\/li>\n<\/ul>\n<h3>Disponible le 3 d\u00e9cembre<\/h3>\n<ul>\n<li>\n<p><em>Le film Super Mario Bros.<\/em><\/p>\n<\/li>\n<li>\n<p><em>Bienvenue \u00e0 Samdal-ri<\/em>\u2014S\u00e9rie Netflix<\/p>\n<\/li>\n<\/ul>\n<h3>Disponible le 4 d\u00e9cembre<\/h3>\n<ul>\n<li>\n<p><em>Journaux de Dew Drop\u00a0: Saison 2<\/em>\u2014Famille Netflix<\/p>\n<\/li>\n<\/ul>\n<h3>Disponible le 5 d\u00e9cembre<\/h3>\n<ul>\n<li>\n<p><em>Stavros Halkias : Gros coquin<\/em>\u2014Com\u00e9die Netflix<\/p>\n<\/li>\n<li>\n<p><em>Top Chef<\/em>: Saisons 6 et 15<\/p>\n<\/li>\n<\/ul>\n<h3>Disponible le 6 d\u00e9cembre<\/h3>\n<ul>\n<li>\n<p><em>C\u00f4te de Sang<\/em>\u2014S\u00e9rie Netflix<\/p>\n<\/li>\n<li>\n<p><em>No\u00ebl comme d&rsquo;habitude<\/em>\u2014Film Netflix<\/p>\n<\/li>\n<\/ul>\n<h3>Disponible le 7 d\u00e9cembre<\/h3>\n<ul>\n<li>\n<p><em>Escouade analogique<\/em>\u2014S\u00e9rie Netflix<\/p>\n<\/li>\n<li>\n<p><em>Les Archies<\/em>\u2014Film Netflix<\/p>\n<\/li>\n<li>\n<p><em>Hilda<\/em>: Saison 3\u2014Famille Netflix<\/p>\n<\/li>\n<li>\n<p><em>Je d\u00e9teste No\u00ebl<\/em>: Saison 2\u2014S\u00e9rie Netflix<\/p>\n<\/li>\n<li>\n<p><em>Mar\u00e9es hautes<\/em>\u2014S\u00e9rie Netflix<\/p>\n<\/li>\n<li>\n<p><em>Ma vie avec les Walter Boys<\/em>\u2014S\u00e9rie Netflix<\/p>\n<\/li>\n<li>\n<p><em>NAGA<\/em>\u2014Film Netflix<\/p>\n<\/li>\n<li>\n<p><em>Seconde Guerre mondiale\u00a0: depuis le front<\/em>\u2014Documentaire Netflix<\/p>\n<\/li>\n<\/ul>\n<h3>Disponible le 8 d\u00e9cembre<\/h3>\n<ul>\n<li>\n<p><em>Vaisseau sanguin<\/em>\u2014Film Netflix<\/p>\n<\/li>\n<li>\n<p><em>Le grand salon britannique de la p\u00e2tisserie\u00a0: vacances<\/em>: Saison 6\u2014S\u00e9rie Netflix<\/p>\n<\/li>\n<li>\n<p><em>Laissez le monde derri\u00e8re vous<\/em>\u2014Film Netflix<\/p>\n<\/li>\n<li>\n<p><em>Les femmes \u00e0 la limite<\/em>\u2014Film Netflix<\/p>\n<\/li>\n<\/ul>\n<h3>Disponible le 9 d\u00e9cembre<\/h3>\n<ul>\n<li>\n<p><em>Amour et monstres<\/em><\/p>\n<\/li>\n<\/ul>\n<h3>Disponible le 12 d\u00e9cembre<\/h3>\n<ul>\n<li>\n<p><em>Kevin Hart et Chris Rock\u00a0: t\u00eates d&rsquo;affiche uniquement<\/em>\u2014Documentaire Netflix<\/p>\n<\/li>\n<li>\n<p><em>L&rsquo;enfer des c\u00e9libataires<\/em>: Saison 3\u2014S\u00e9rie Netflix<\/p>\n<\/li>\n<li>\n<p><em>Sous pression\u00a0: l&rsquo;\u00e9quipe am\u00e9ricaine f\u00e9minine de la Coupe du monde<\/em>\u2014Documentaire Netflix<\/p>\n<\/li>\n<\/ul>\n<h3>Disponible le 13 d\u00e9cembre<\/h3>\n<ul>\n<li>\n<p><em>1670<\/em>\u2014S\u00e9rie Netflix<\/p>\n<\/li>\n<li>\n<p><em>Ma\u00eetres automobiles\u00a0: de la rouille \u00e0 la richesse<\/em>: Saison 5\u2014S\u00e9rie Netflix<\/p>\n<\/li>\n<li>\n<p><em>Vacances dans les Vignobles<\/em><\/p>\n<\/li>\n<li>\n<p><em>L&rsquo;influenceur<\/em>\u2014S\u00e9rie Netflix<\/p>\n<\/li>\n<li>\n<p><em>Se Eu Fosse: Lu\u00edsa Sonza<\/em>\u2014Documentaire Netflix<\/p>\n<\/li>\n<\/ul>\n<h3>Disponible le 14 d\u00e9cembre<\/h3>\n<ul>\n<li>\n<p><em>\u00c0 vol d&rsquo;oiseau<\/em>: Saison 2\u2014S\u00e9rie Netflix<\/p>\n<\/li>\n<li>\n<p><em>La Couronne<\/em>: Saison 6 Partie 2\u2014S\u00e9rie Netflix<\/p>\n<\/li>\n<li>\n<p><em>Mari\u00e9s au premier regard<\/em>: Saison 14<\/p>\n<\/li>\n<li>\n<p><em>Yu Yu Hakusho<\/em>\u2014S\u00e9rie Netflix<\/p>\n<\/li>\n<\/ul>\n<h3>Disponible le 15 d\u00e9cembre<\/h3>\n<ul>\n<li>\n<p><em>Carol et la fin du monde<\/em>\u2014S\u00e9rie Netflix<\/p>\n<\/li>\n<li>\n<p><em>Chicken Run\u00a0: L&rsquo;aube de la p\u00e9pite<\/em>\u2014Film Netflix<\/p>\n<\/li>\n<li>\n<p><em>Face \u00e0 face avec l&rsquo;ETA : Conversations avec un terroriste<\/em>\u2014Documentaire Netflix<\/p>\n<\/li>\n<li>\n<p><em>Famille<\/em>\u2014Film Netflix<\/p>\n<\/li>\n<li>\n<p><em>Les collines<\/em>: Saisons 3-4<\/p>\n<\/li>\n<li>\n<p><em>Yoh No\u00ebl<\/em>\u2014S\u00e9rie Netflix<\/p>\n<\/li>\n<\/ul>\n<h3>Disponible le 18 d\u00e9cembre<\/h3>\n<ul>\n<li>\n<p><em>Mush-Mush et les Mushables<\/em><\/p>\n<\/li>\n<\/ul>\n<h3>Disponible le 19 d\u00e9cembre<\/h3>\n<ul>\n<li>\n<p><em>Piste de projet<\/em>: Saison 17<\/p>\n<\/li>\n<li>\n<p><em>Trevor Noah : O\u00f9 \u00e9tais-je<\/em>\u2014Com\u00e9die Netflix<\/p>\n<\/li>\n<\/ul>\n<h3>Disponible le 20 d\u00e9cembre<\/h3>\n<ul>\n<li>\n<p><em>Cindy la Regia : Les ann\u00e9es lyc\u00e9e<\/em>\u2014S\u00e9rie Netflix<\/p>\n<\/li>\n<li>\n<p><em>L&rsquo;amour est aveugle Br\u00e9sil : apr\u00e8s l&rsquo;autel<\/em>\u2014S\u00e9rie Netflix<\/p>\n<\/li>\n<li>\n<p><em>Maestro<\/em>\u2014Film Netflix<\/p>\n<\/li>\n<li>\n<p>Apprivoiser le malin 2 \u2013 Film Netflix<\/p>\n<\/li>\n<\/ul>\n<h3>Disponible le 21 d\u00e9cembre<\/h3>\n<ul>\n<li>\n<p><em>Se retourner<\/em>: Saisons 4-5<\/p>\n<\/li>\n<li>\n<p><em>Comme des fleurs dans le sable<\/em>\u2014S\u00e9rie Netflix<\/p>\n<\/li>\n<li>\n<p><em>Supa \u00e9quipe 4<\/em>: Saison 2\u2014Film Netflix<\/p>\n<\/li>\n<\/ul>\n<h3>Disponible le 22 d\u00e9cembre<\/h3>\n<ul>\n<li>\n<p><em>Cr\u00e9ature de Gyeongseong<\/em>: Saison 1 Partie 1\u2014S\u00e9rie Netflix<\/p>\n<\/li>\n<li>\n<p><em>Rebel Moon \u2014 Premi\u00e8re partie : Un enfant du feu<\/em>\u2014Film Netflix<\/p>\n<\/li>\n<\/ul>\n<h3>Disponible le 24 d\u00e9cembre<\/h3>\n<ul>\n<li>\n<p><em>Un vampire dans la famille<\/em>\u2014Film Netflix<\/p>\n<\/li>\n<li>\n<p><em>Le Manny<\/em>\u2014S\u00e9rie Netflix<\/p>\n<\/li>\n<\/ul>\n<h3>Disponible le 25 d\u00e9cembre<\/h3>\n<ul>\n<li>\n<p><em>Ricky Gervais : Armageddon<\/em>\u2014Com\u00e9die Netflix<\/p>\n<\/li>\n<li>\n<p><em>Star Trek : Prodige<\/em>: Saison 1<\/p>\n<\/li>\n<\/ul>\n<h3>Disponible le 26 d\u00e9cembre<\/h3>\n<ul>\n<li>\n<p><em>Merci, je suis d\u00e9sol\u00e9<\/em>\u2014Film Netflix<\/p>\n<\/li>\n<\/ul>\n<h3>Disponible le 27 d\u00e9cembre<\/h3>\n<ul>\n<li>\n<p><em>Hell Camp\u00a0: Cauchemar des adolescents<\/em>\u2014Documentaire Netflix<\/p>\n<\/li>\n<\/ul>\n<h3>Disponible le 28 d\u00e9cembre<\/h3>\n<ul>\n<li>\n<p><em>Conciergerie Pok\u00e9mon<\/em>\u2014Famille Netflix<\/p>\n<\/li>\n<\/ul>\n<h3>Disponible le 29 d\u00e9cembre<\/h3>\n<ul>\n<li>\n<p><em>Berlin<\/em>\u2014S\u00e9rie Netflix<\/p>\n<\/li>\n<\/ul>\n<h3>Disponible le 31 d\u00e9cembre<\/h3>\n<ul>\n<li>\n<p>Blippi Wonders\u00a0: Saison 3<\/p>\n<\/li>\n<li>\n<p>L&rsquo;entremetteur millionnaire\u00a0: saisons 3-4<\/p>\n<\/li>\n<\/ul>\n<h2 id=\"whats-leaving-netflix-in-december-2023\">Ce qui quittera Netflix en d\u00e9cembre 2023<\/h2>\n<h3>D\u00e9part le 14 d\u00e9cembre<\/h3>\n<ul>\n<li>\n<p><em>Les collines<\/em>: Saisons 1-2<\/p>\n<\/li>\n<\/ul>\n<h3>D\u00e9part le 21 d\u00e9cembre<\/h3>\n<ul>\n<li>\n<p><em>Chanter 2<\/em><\/p>\n<\/li>\n<\/ul>\n<h3>D\u00e9part le 27 d\u00e9cembre<\/h3>\n<ul>\n<li>\n<p><em>Da Kath &#038; Kim Code<\/em><\/p>\n<\/li>\n<li>\n<p><em>Kath et Kimderella<\/em><\/p>\n<\/li>\n<li>\n<p><em>Kath et Kim\u00a0: sp\u00e9ciaux Kountdown<\/em><\/p>\n<\/li>\n<li>\n<p><em>Kath et Kim<\/em>: Saisons 1-4<\/p>\n<\/li>\n<li>\n<p><em>Kath et Kim : Les \u00e9ditions souvenirs<\/em><\/p>\n<\/li>\n<\/ul>\n<h3>D\u00e9part le 28 d\u00e9cembre<\/h3>\n<ul>\n<li>\n<p><em>Les Aventures du Chat Bott\u00e9<\/em>: Saisons 1-6<\/p>\n<\/li>\n<\/ul>\n<h3>D\u00e9part le 30 d\u00e9cembre<\/h3>\n<ul>\n<li>\n<p><em>Visite du stade de r\u00e9putation de Taylor Swift<\/em><\/p>\n<\/li>\n<li>\n<p><em>Nous<\/em><\/p>\n<\/li>\n<\/ul>\n<h3>D\u00e9part le 31 d\u00e9cembre<\/h3>\n<ul>\n<li>\n<p><em>8 milles<\/em><\/p>\n<\/li>\n<li>\n<p><em>Beaut\u00e9 am\u00e9ricaine<\/em><\/p>\n<\/li>\n<li>\n<p><em>Pr\u00e9sentateur 2\u00a0: La l\u00e9gende continue<\/em><\/p>\n<\/li>\n<li>\n<p><em>Pr\u00e9sentateur\u00a0: La l\u00e9gende de Ron Burgundy <\/em><\/p>\n<\/li>\n<li>\n<p><em>Casper<\/em><\/p>\n<\/li>\n<li>\n<p><em>Attrape-moi si tu peux<\/em><\/p>\n<\/li>\n<li>\n<p><em>Manivelle<\/em><\/p>\n<\/li>\n<li>\n<p><em>Manivelle 2\u00a0: Haute tension<\/em><\/p>\n<\/li>\n<li>\n<p><em>Champ de r\u00eaves<\/em><\/p>\n<\/li>\n<li>\n<p><em>Amis avec avantages<\/em><\/p>\n<\/li>\n<li>\n<p><em>Amenez-le au grec<\/em><\/p>\n<\/li>\n<li>\n<p><em>Gladiateur<\/em><\/p>\n<\/li>\n<li>\n<p><em>M\u00e2choires<\/em><\/p>\n<\/li>\n<li>\n<p><em>M\u00e2choires 2<\/em><\/p>\n<\/li>\n<li>\n<p><em>M\u00e2choires 3<\/em><\/p>\n<\/li>\n<li>\n<p><em>M\u00e2choires : La Vengeance<\/em><\/p>\n<\/li>\n<li>\n<p><em>Kung Fu Panda<\/em><\/p>\n<\/li>\n<li>\n<p><em>Perdu dans la traduction<\/em><\/p>\n<\/li>\n<li>\n<p><em>L&rsquo;amour en fait <\/em><\/p>\n<\/li>\n<li>\n<p><em>Mission\u00a0:\u00a0Impossible\u00a0\u2013\u00a0Protocole fant\u00f4me <\/em><\/p>\n<\/li>\n<li>\n<p><em>Mission\u00a0: Impossible<\/em><\/p>\n<\/li>\n<li>\n<p><em>Mission : Impossible II <\/em><\/p>\n<\/li>\n<li>\n<p><em>Mission : Impossible III <\/em><\/p>\n<\/li>\n<li>\n<p><em>Mod\u00e8les de r\u00f4le<\/em><\/p>\n<\/li>\n<li>\n<p><em>Mari\u00e9e en fuite <\/em><\/p>\n<\/li>\n<li>\n<p><em>Il faut sauver le soldat Ryan <\/em><\/p>\n<\/li>\n<li>\n<p><em>\u00c9charpe <\/em><\/p>\n<\/li>\n<li>\n<p><em>Le loup de Wall Street <\/em><\/p>\n<\/li>\n<\/ul>\n","protected":false},"excerpt":{"rendered":"<p>Diffusez une nouvelle com\u00e9die, \u00ab\u00a0Maestro\u00a0\u00bb de Bradley Cooper, et la fin de \u00ab\u00a0The Crown\u00a0\u00bb. Netflix a quelque chose \u00e0 regarder pour tout le monde pendant<\/p>\n","protected":false},"author":1,"featured_media":2377,"comment_status":"","ping_status":"","sticky":false,"template":"","format":"standard","meta":{"footnotes":""},"categories":[36],"tags":[3145,842,437,202,33],"class_list":["post-2376","post","type-post","status-publish","format-standard","has-post-thumbnail","hentry","category-divertissement","tag-decembre","tag-netflix","tag-neuf","tag-quoi","tag-sur","generate-columns","tablet-grid-50","mobile-grid-100","grid-parent","grid-33"],"yoast_head":"<!-- This site is optimized with the Yoast SEO plugin v24.0 - https:\/\/yoast.com\/wordpress\/plugins\/seo\/ -->\n<title>Quoi de neuf sur Netflix en d\u00e9cembre 2023 | Vie Associative<\/title>\n<meta name=\"robots\" content=\"index, follow, max-snippet:-1, max-image-preview:large, max-video-preview:-1\" \/>\n<link rel=\"canonical\" href=\"https:\/\/vieassociative.be\/actualites\/quoi-de-neuf-sur-netflix-en-decembre-2023\/\" \/>\n<meta property=\"og:locale\" content=\"fr_FR\" \/>\n<meta property=\"og:type\" content=\"article\" \/>\n<meta property=\"og:title\" content=\"Quoi de neuf sur Netflix en d\u00e9cembre 2023 | Vie Associative\" \/>\n<meta property=\"og:description\" content=\"Diffusez une nouvelle com\u00e9die, \u00ab\u00a0Maestro\u00a0\u00bb de Bradley Cooper, et la fin de \u00ab\u00a0The Crown\u00a0\u00bb. Netflix a quelque chose \u00e0 regarder pour tout le monde pendant\" \/>\n<meta property=\"og:url\" content=\"https:\/\/vieassociative.be\/actualites\/quoi-de-neuf-sur-netflix-en-decembre-2023\/\" \/>\n<meta property=\"og:site_name\" content=\"Vie Associative\" \/>\n<meta property=\"article:published_time\" content=\"2024-11-13T16:18:03+00:00\" \/>\n<meta property=\"og:image\" content=\"https:\/\/vieassociative.be\/actualites\/wp-content\/uploads\/2024\/09\/header_backgroundk-01-e1726694325946.png\" \/>\n\t<meta property=\"og:image:width\" content=\"279\" \/>\n\t<meta property=\"og:image:height\" content=\"92\" \/>\n\t<meta property=\"og:image:type\" content=\"image\/png\" \/>\n<meta name=\"author\" content=\"Julien\" \/>\n<meta name=\"twitter:card\" content=\"summary_large_image\" \/>\n<meta name=\"twitter:label1\" content=\"\u00c9crit par\" \/>\n\t<meta name=\"twitter:data1\" content=\"Julien\" \/>\n\t<meta name=\"twitter:label2\" content=\"Dur\u00e9e de lecture est.\" \/>\n\t<meta name=\"twitter:data2\" content=\"5 minutes\" \/>\n<script type=\"application\/ld+json\" class=\"yoast-schema-graph\">{\"@context\":\"https:\/\/schema.org\",\"@graph\":[{\"@type\":\"Article\",\"@id\":\"https:\/\/vieassociative.be\/actualites\/quoi-de-neuf-sur-netflix-en-decembre-2023\/#article\",\"isPartOf\":{\"@id\":\"https:\/\/vieassociative.be\/actualites\/quoi-de-neuf-sur-netflix-en-decembre-2023\/\"},\"author\":{\"name\":\"Julien\",\"@id\":\"https:\/\/vieassociative.be\/actualites\/#\/schema\/person\/b87ac4f82f9d4e7b7cec7395b679edc4\"},\"headline\":\"Quoi de neuf sur Netflix en d\u00e9cembre 2023\",\"datePublished\":\"2024-11-13T16:18:03+00:00\",\"dateModified\":\"2024-11-13T16:18:03+00:00\",\"mainEntityOfPage\":{\"@id\":\"https:\/\/vieassociative.be\/actualites\/quoi-de-neuf-sur-netflix-en-decembre-2023\/\"},\"wordCount\":1088,\"publisher\":{\"@id\":\"https:\/\/vieassociative.be\/actualites\/#organization\"},\"image\":{\"@id\":\"https:\/\/vieassociative.be\/actualites\/quoi-de-neuf-sur-netflix-en-decembre-2023\/#primaryimage\"},\"thumbnailUrl\":\"https:\/\/vieassociative.be\/actualites\/wp-content\/uploads\/2024\/11\/Quoi-de-neuf-sur-Netflix-en-decembre-2023.jpg\",\"keywords\":[\"d\u00e9cembre\",\"Netflix\",\"Neuf\",\"quoi\",\"sur\"],\"articleSection\":[\"Divertissement\"],\"inLanguage\":\"fr-BE\"},{\"@type\":\"WebPage\",\"@id\":\"https:\/\/vieassociative.be\/actualites\/quoi-de-neuf-sur-netflix-en-decembre-2023\/\",\"url\":\"https:\/\/vieassociative.be\/actualites\/quoi-de-neuf-sur-netflix-en-decembre-2023\/\",\"name\":\"Quoi de neuf sur Netflix en d\u00e9cembre 2023 | Vie Associative\",\"isPartOf\":{\"@id\":\"https:\/\/vieassociative.be\/actualites\/#website\"},\"primaryImageOfPage\":{\"@id\":\"https:\/\/vieassociative.be\/actualites\/quoi-de-neuf-sur-netflix-en-decembre-2023\/#primaryimage\"},\"image\":{\"@id\":\"https:\/\/vieassociative.be\/actualites\/quoi-de-neuf-sur-netflix-en-decembre-2023\/#primaryimage\"},\"thumbnailUrl\":\"https:\/\/vieassociative.be\/actualites\/wp-content\/uploads\/2024\/11\/Quoi-de-neuf-sur-Netflix-en-decembre-2023.jpg\",\"datePublished\":\"2024-11-13T16:18:03+00:00\",\"dateModified\":\"2024-11-13T16:18:03+00:00\",\"breadcrumb\":{\"@id\":\"https:\/\/vieassociative.be\/actualites\/quoi-de-neuf-sur-netflix-en-decembre-2023\/#breadcrumb\"},\"inLanguage\":\"fr-BE\",\"potentialAction\":[{\"@type\":\"ReadAction\",\"target\":[\"https:\/\/vieassociative.be\/actualites\/quoi-de-neuf-sur-netflix-en-decembre-2023\/\"]}]},{\"@type\":\"ImageObject\",\"inLanguage\":\"fr-BE\",\"@id\":\"https:\/\/vieassociative.be\/actualites\/quoi-de-neuf-sur-netflix-en-decembre-2023\/#primaryimage\",\"url\":\"https:\/\/vieassociative.be\/actualites\/wp-content\/uploads\/2024\/11\/Quoi-de-neuf-sur-Netflix-en-decembre-2023.jpg\",\"contentUrl\":\"https:\/\/vieassociative.be\/actualites\/wp-content\/uploads\/2024\/11\/Quoi-de-neuf-sur-Netflix-en-decembre-2023.jpg\",\"width\":1200,\"height\":675,\"caption\":\"Quoi de neuf sur Netflix en d\u00e9cembre 2023\"},{\"@type\":\"BreadcrumbList\",\"@id\":\"https:\/\/vieassociative.be\/actualites\/quoi-de-neuf-sur-netflix-en-decembre-2023\/#breadcrumb\",\"itemListElement\":[{\"@type\":\"ListItem\",\"position\":1,\"name\":\"Accueil\",\"item\":\"https:\/\/vieassociative.be\/actualites\/\"},{\"@type\":\"ListItem\",\"position\":2,\"name\":\"Quoi de neuf sur Netflix en d\u00e9cembre 2023\"}]},{\"@type\":\"WebSite\",\"@id\":\"https:\/\/vieassociative.be\/actualites\/#website\",\"url\":\"https:\/\/vieassociative.be\/actualites\/\",\"name\":\"Vie Associative\",\"description\":\"\",\"publisher\":{\"@id\":\"https:\/\/vieassociative.be\/actualites\/#organization\"},\"potentialAction\":[{\"@type\":\"SearchAction\",\"target\":{\"@type\":\"EntryPoint\",\"urlTemplate\":\"https:\/\/vieassociative.be\/actualites\/?s={search_term_string}\"},\"query-input\":{\"@type\":\"PropertyValueSpecification\",\"valueRequired\":true,\"valueName\":\"search_term_string\"}}],\"inLanguage\":\"fr-BE\"},{\"@type\":\"Organization\",\"@id\":\"https:\/\/vieassociative.be\/actualites\/#organization\",\"name\":\"Vie Associative\",\"url\":\"https:\/\/vieassociative.be\/actualites\/\",\"logo\":{\"@type\":\"ImageObject\",\"inLanguage\":\"fr-BE\",\"@id\":\"https:\/\/vieassociative.be\/actualites\/#\/schema\/logo\/image\/\",\"url\":\"https:\/\/vieassociative.be\/actualites\/wp-content\/uploads\/2024\/09\/cropped-vieassociative_favicon.ico.png\",\"contentUrl\":\"https:\/\/vieassociative.be\/actualites\/wp-content\/uploads\/2024\/09\/cropped-vieassociative_favicon.ico.png\",\"width\":512,\"height\":512,\"caption\":\"Vie Associative\"},\"image\":{\"@id\":\"https:\/\/vieassociative.be\/actualites\/#\/schema\/logo\/image\/\"}},{\"@type\":\"Person\",\"@id\":\"https:\/\/vieassociative.be\/actualites\/#\/schema\/person\/b87ac4f82f9d4e7b7cec7395b679edc4\",\"name\":\"Julien\",\"image\":{\"@type\":\"ImageObject\",\"inLanguage\":\"fr-BE\",\"@id\":\"https:\/\/vieassociative.be\/actualites\/#\/schema\/person\/image\/\",\"url\":\"https:\/\/vieassociative.be\/actualites\/wp-content\/uploads\/2024\/09\/vie-associative-1-150x150.jpg\",\"contentUrl\":\"https:\/\/vieassociative.be\/actualites\/wp-content\/uploads\/2024\/09\/vie-associative-1-150x150.jpg\",\"caption\":\"Julien\"},\"description\":\"Je suis Julien, r\u00e9dacteur pour Vie Associative. Passionn\u00e9 par le monde associatif depuis plus de 10 ans, j'ai \u00e0 c\u0153ur de partager des histoires inspirantes et de mettre en lumi\u00e8re les initiatives locales. Mon objectif est de sensibiliser et d'encourager l'engagement communautaire \u00e0 travers mes articles.\",\"sameAs\":[\"https:\/\/vieassociative.be\/\"]}]}<\/script>\n<!-- \/ Yoast SEO plugin. -->","yoast_head_json":{"title":"Quoi de neuf sur Netflix en d\u00e9cembre 2023 | Vie Associative","robots":{"index":"index","follow":"follow","max-snippet":"max-snippet:-1","max-image-preview":"max-image-preview:large","max-video-preview":"max-video-preview:-1"},"canonical":"https:\/\/vieassociative.be\/actualites\/quoi-de-neuf-sur-netflix-en-decembre-2023\/","og_locale":"fr_FR","og_type":"article","og_title":"Quoi de neuf sur Netflix en d\u00e9cembre 2023 | Vie Associative","og_description":"Diffusez une nouvelle com\u00e9die, \u00ab\u00a0Maestro\u00a0\u00bb de Bradley Cooper, et la fin de \u00ab\u00a0The Crown\u00a0\u00bb. Netflix a quelque chose \u00e0 regarder pour tout le monde pendant","og_url":"https:\/\/vieassociative.be\/actualites\/quoi-de-neuf-sur-netflix-en-decembre-2023\/","og_site_name":"Vie Associative","article_published_time":"2024-11-13T16:18:03+00:00","og_image":[{"width":279,"height":92,"url":"https:\/\/vieassociative.be\/actualites\/wp-content\/uploads\/2024\/09\/header_backgroundk-01-e1726694325946.png","type":"image\/png"}],"author":"Julien","twitter_card":"summary_large_image","twitter_misc":{"\u00c9crit par":"Julien","Dur\u00e9e de lecture est.":"5 minutes"},"schema":{"@context":"https:\/\/schema.org","@graph":[{"@type":"Article","@id":"https:\/\/vieassociative.be\/actualites\/quoi-de-neuf-sur-netflix-en-decembre-2023\/#article","isPartOf":{"@id":"https:\/\/vieassociative.be\/actualites\/quoi-de-neuf-sur-netflix-en-decembre-2023\/"},"author":{"name":"Julien","@id":"https:\/\/vieassociative.be\/actualites\/#\/schema\/person\/b87ac4f82f9d4e7b7cec7395b679edc4"},"headline":"Quoi de neuf sur Netflix en d\u00e9cembre 2023","datePublished":"2024-11-13T16:18:03+00:00","dateModified":"2024-11-13T16:18:03+00:00","mainEntityOfPage":{"@id":"https:\/\/vieassociative.be\/actualites\/quoi-de-neuf-sur-netflix-en-decembre-2023\/"},"wordCount":1088,"publisher":{"@id":"https:\/\/vieassociative.be\/actualites\/#organization"},"image":{"@id":"https:\/\/vieassociative.be\/actualites\/quoi-de-neuf-sur-netflix-en-decembre-2023\/#primaryimage"},"thumbnailUrl":"https:\/\/vieassociative.be\/actualites\/wp-content\/uploads\/2024\/11\/Quoi-de-neuf-sur-Netflix-en-decembre-2023.jpg","keywords":["d\u00e9cembre","Netflix","Neuf","quoi","sur"],"articleSection":["Divertissement"],"inLanguage":"fr-BE"},{"@type":"WebPage","@id":"https:\/\/vieassociative.be\/actualites\/quoi-de-neuf-sur-netflix-en-decembre-2023\/","url":"https:\/\/vieassociative.be\/actualites\/quoi-de-neuf-sur-netflix-en-decembre-2023\/","name":"Quoi de neuf sur Netflix en d\u00e9cembre 2023 | Vie Associative","isPartOf":{"@id":"https:\/\/vieassociative.be\/actualites\/#website"},"primaryImageOfPage":{"@id":"https:\/\/vieassociative.be\/actualites\/quoi-de-neuf-sur-netflix-en-decembre-2023\/#primaryimage"},"image":{"@id":"https:\/\/vieassociative.be\/actualites\/quoi-de-neuf-sur-netflix-en-decembre-2023\/#primaryimage"},"thumbnailUrl":"https:\/\/vieassociative.be\/actualites\/wp-content\/uploads\/2024\/11\/Quoi-de-neuf-sur-Netflix-en-decembre-2023.jpg","datePublished":"2024-11-13T16:18:03+00:00","dateModified":"2024-11-13T16:18:03+00:00","breadcrumb":{"@id":"https:\/\/vieassociative.be\/actualites\/quoi-de-neuf-sur-netflix-en-decembre-2023\/#breadcrumb"},"inLanguage":"fr-BE","potentialAction":[{"@type":"ReadAction","target":["https:\/\/vieassociative.be\/actualites\/quoi-de-neuf-sur-netflix-en-decembre-2023\/"]}]},{"@type":"ImageObject","inLanguage":"fr-BE","@id":"https:\/\/vieassociative.be\/actualites\/quoi-de-neuf-sur-netflix-en-decembre-2023\/#primaryimage","url":"https:\/\/vieassociative.be\/actualites\/wp-content\/uploads\/2024\/11\/Quoi-de-neuf-sur-Netflix-en-decembre-2023.jpg","contentUrl":"https:\/\/vieassociative.be\/actualites\/wp-content\/uploads\/2024\/11\/Quoi-de-neuf-sur-Netflix-en-decembre-2023.jpg","width":1200,"height":675,"caption":"Quoi de neuf sur Netflix en d\u00e9cembre 2023"},{"@type":"BreadcrumbList","@id":"https:\/\/vieassociative.be\/actualites\/quoi-de-neuf-sur-netflix-en-decembre-2023\/#breadcrumb","itemListElement":[{"@type":"ListItem","position":1,"name":"Accueil","item":"https:\/\/vieassociative.be\/actualites\/"},{"@type":"ListItem","position":2,"name":"Quoi de neuf sur Netflix en d\u00e9cembre 2023"}]},{"@type":"WebSite","@id":"https:\/\/vieassociative.be\/actualites\/#website","url":"https:\/\/vieassociative.be\/actualites\/","name":"Vie Associative","description":"","publisher":{"@id":"https:\/\/vieassociative.be\/actualites\/#organization"},"potentialAction":[{"@type":"SearchAction","target":{"@type":"EntryPoint","urlTemplate":"https:\/\/vieassociative.be\/actualites\/?s={search_term_string}"},"query-input":{"@type":"PropertyValueSpecification","valueRequired":true,"valueName":"search_term_string"}}],"inLanguage":"fr-BE"},{"@type":"Organization","@id":"https:\/\/vieassociative.be\/actualites\/#organization","name":"Vie Associative","url":"https:\/\/vieassociative.be\/actualites\/","logo":{"@type":"ImageObject","inLanguage":"fr-BE","@id":"https:\/\/vieassociative.be\/actualites\/#\/schema\/logo\/image\/","url":"https:\/\/vieassociative.be\/actualites\/wp-content\/uploads\/2024\/09\/cropped-vieassociative_favicon.ico.png","contentUrl":"https:\/\/vieassociative.be\/actualites\/wp-content\/uploads\/2024\/09\/cropped-vieassociative_favicon.ico.png","width":512,"height":512,"caption":"Vie Associative"},"image":{"@id":"https:\/\/vieassociative.be\/actualites\/#\/schema\/logo\/image\/"}},{"@type":"Person","@id":"https:\/\/vieassociative.be\/actualites\/#\/schema\/person\/b87ac4f82f9d4e7b7cec7395b679edc4","name":"Julien","image":{"@type":"ImageObject","inLanguage":"fr-BE","@id":"https:\/\/vieassociative.be\/actualites\/#\/schema\/person\/image\/","url":"https:\/\/vieassociative.be\/actualites\/wp-content\/uploads\/2024\/09\/vie-associative-1-150x150.jpg","contentUrl":"https:\/\/vieassociative.be\/actualites\/wp-content\/uploads\/2024\/09\/vie-associative-1-150x150.jpg","caption":"Julien"},"description":"Je suis Julien, r\u00e9dacteur pour Vie Associative. Passionn\u00e9 par le monde associatif depuis plus de 10 ans, j'ai \u00e0 c\u0153ur de partager des histoires inspirantes et de mettre en lumi\u00e8re les initiatives locales. Mon objectif est de sensibiliser et d'encourager l'engagement communautaire \u00e0 travers mes articles.","sameAs":["https:\/\/vieassociative.be\/"]}]}},"_links":{"self":[{"href":"https:\/\/vieassociative.be\/actualites\/wp-json\/wp\/v2\/posts\/2376"}],"collection":[{"href":"https:\/\/vieassociative.be\/actualites\/wp-json\/wp\/v2\/posts"}],"about":[{"href":"https:\/\/vieassociative.be\/actualites\/wp-json\/wp\/v2\/types\/post"}],"author":[{"embeddable":true,"href":"https:\/\/vieassociative.be\/actualites\/wp-json\/wp\/v2\/users\/1"}],"replies":[{"embeddable":true,"href":"https:\/\/vieassociative.be\/actualites\/wp-json\/wp\/v2\/comments?post=2376"}],"version-history":[{"count":0,"href":"https:\/\/vieassociative.be\/actualites\/wp-json\/wp\/v2\/posts\/2376\/revisions"}],"wp:featuredmedia":[{"embeddable":true,"href":"https:\/\/vieassociative.be\/actualites\/wp-json\/wp\/v2\/media\/2377"}],"wp:attachment":[{"href":"https:\/\/vieassociative.be\/actualites\/wp-json\/wp\/v2\/media?parent=2376"}],"wp:term":[{"taxonomy":"category","embeddable":true,"href":"https:\/\/vieassociative.be\/actualites\/wp-json\/wp\/v2\/categories?post=2376"},{"taxonomy":"post_tag","embeddable":true,"href":"https:\/\/vieassociative.be\/actualites\/wp-json\/wp\/v2\/tags?post=2376"}],"curies":[{"name":"wp","href":"https:\/\/api.w.org\/{rel}","templated":true}]}}