{"id":2374,"date":"2024-11-13T15:17:19","date_gmt":"2024-11-13T14:17:19","guid":{"rendered":"https:\/\/vieassociative.be\/actualites\/vivant-preconise-labolition-des-vacances-du-dg-et-demande-oliver-paasch-a-t-il-trompe-les-electeurs\/"},"modified":"2024-11-13T15:17:19","modified_gmt":"2024-11-13T14:17:19","slug":"vivant-preconise-labolition-des-vacances-du-dg-et-demande-oliver-paasch-a-t-il-trompe-les-electeurs","status":"publish","type":"post","link":"https:\/\/vieassociative.be\/actualites\/vivant-preconise-labolition-des-vacances-du-dg-et-demande-oliver-paasch-a-t-il-trompe-les-electeurs\/","title":{"rendered":"Vivant pr\u00e9conise l&rsquo;abolition des vacances du DG et demande : \u00ab Oliver Paasch a-t-il tromp\u00e9 les \u00e9lecteurs ?"},"content":{"rendered":"<p><strong>Ce vendredi 15 novembre 2024, la communaut\u00e9 germanophone c\u00e9l\u00e8bre sa journ\u00e9e de f\u00eate. De l&rsquo;avis du groupe Vivant, la journ\u00e9e DG n&rsquo;a aucun sens. <\/strong><\/p>\n<p><span id=\"more-401710\"><\/span>Michael Balter, Alain Mertes, Diana Stiel et Elena Peters pr\u00e9conisent donc de supprimer la f\u00eate sous sa forme actuelle ou de la d\u00e9placer un dimanche. Les \u00ab vacances \u00bb ne s&rsquo;appliquent de toute fa\u00e7on qu&rsquo;aux fonctionnaires de la DG, sans compter que la majorit\u00e9 de la DG n&rsquo;a gu\u00e8re de raisons de se r\u00e9jouir au d\u00e9but d&rsquo;une longue p\u00e9riode de mesures d&rsquo;aust\u00e9rit\u00e9, selon Vivant.<\/p>\n<div id=\"attachment_387493\" class=\"wp-caption alignleft\" style=\"max-width: 300px\"><img fetchpriority=\"high\" decoding=\"async\" class=\"wp-image-387493 size-medium\" src=\"https:\/\/vieassociative.be\/actualites\/wp-content\/uploads\/2024\/11\/Vivant-preconise-labolition-des-vacances-du-DG-et-demande.jpg\" alt=\"\" width=\"300\" height=\"200\"  ><\/p>\n<p class=\"wp-caption-text\">La faction Vivant (de gauche \u00e0 droite) : Elena Peters, Alain Mertes, Michael Balter et Diana Stiel. Photo : Patrick von Staufenberg<\/p>\n<\/div>\n<p>\u00ab Les vacances repr\u00e9sentent \u00e9galement un probl\u00e8me pratique pour de nombreux parents du secteur priv\u00e9 : alors que les employ\u00e9s de la DG et le personnel \u00e9ducatif ont un jour de cong\u00e9, les parents doivent organiser une autre garde pour leurs enfants qui manquent un autre jour d&rsquo;\u00e9cole ce jour-l\u00e0. \u00ab\u00a0Il serait peut-\u00eatre plus judicieux de programmer les c\u00e9l\u00e9brations de l&rsquo;autonomie de la DG \u2013 alors que les hommes politiques doivent absolument se c\u00e9l\u00e9brer eux-m\u00eames \u2013 un dimanche, afin que tous ceux qui le souhaitent puissent y participer \u2013 sans co\u00fbts suppl\u00e9mentaires ni obstacles organisationnels\u00a0\u00bb, poursuit le communiqu\u00e9 de presse de la DG. quatre d\u00e9put\u00e9s.<\/p>\n<div id=\"attachment_230154\" class=\"wp-caption alignleft\" style=\"max-width: 300px\"><img decoding=\"async\" class=\"wp-image-230154 size-medium\" src=\"https:\/\/vieassociative.be\/actualites\/wp-content\/uploads\/2024\/11\/Vivant-preconise-labolition-des-vacances-du-DG-et-demande.jpeg\" alt=\"\" width=\"300\" height=\"230\"><\/p>\n<p class=\"wp-caption-text\">15 novembre 2019, Belgique, Bruxelles : Oliver Paasch, Premier ministre de la DG, prend la parole lors d&rsquo;une r\u00e9ception pour la Journ\u00e9e DG 2019 \u00e0 Bruxelles. Photo : Beno\u00eet Doppagne\/BELGA\/dpa<\/p>\n<\/div>\n<p>Vivant : \u00ab Avec un milliard de dettes et des paiements d&rsquo;int\u00e9r\u00eats de 36 millions d&rsquo;euros \u00e0 venir pour la seule ann\u00e9e \u00e0 venir, de toute fa\u00e7on, presque personne n&rsquo;aura envie de faire la f\u00eate. Selon Balter &#038; Co., ce qui est particuli\u00e8rement remarquable, c&rsquo;est l&rsquo;\u00e9volution rapide du paiement des int\u00e9r\u00eats : entre 2015 et 2019, ils se sont \u00e9lev\u00e9s \u00e0 7,6 millions d&rsquo;euros ; Mais pour les ann\u00e9es 2025 \u00e0 2029, 191,24 millions d\u2019euros seront dus, soit 25 fois plus ! \u00bb<\/p>\n<p>Vivant a en tout cas un soup\u00e7on : le groupe se demande si Paasch n&rsquo;a pas induit les \u00e9lecteurs en erreur sur l&rsquo;ampleur des mesures d&rsquo;aust\u00e9rit\u00e9. \u00ab Apr\u00e8s des ann\u00e9es de gaspillage \u00bb, le gouvernement doit maintenant agir.<\/p>\n<p>\u00abCependant, la situation financi\u00e8re tendue de la DG est en grande partie imputable \u00e0 elle-m\u00eame. Un milliard de dettes \u2013 cela aurait pu \u00eatre \u00e9vit\u00e9. Au cours de la derni\u00e8re l\u00e9gislature, le gouvernement Paasch a perdu tout son \u00e9lan. Des crises telles que la pand\u00e9mie du coronavirus, les inondations catastrophiques et la guerre en Ukraine sont ensuite cit\u00e9es pour justifier la politique de la dette. Mais ces raisons sont en partie pr\u00e9textuelles.<\/p>\n<p><em><strong>Le communiqu\u00e9 de presse de Vivant est disponible dans son int\u00e9gralit\u00e9 au lien suivant\u00a0:<\/strong><\/em><\/p>\n<p><u>COMMUNIQU\u00c9 DE PRESSE-VIVANT-13\/11\/2024<\/u><\/p>\n","protected":false},"excerpt":{"rendered":"<p>Ce vendredi 15 novembre 2024, la communaut\u00e9 germanophone c\u00e9l\u00e8bre sa journ\u00e9e de f\u00eate. De l&rsquo;avis du groupe Vivant, la journ\u00e9e DG n&rsquo;a aucun sens. Michael<\/p>\n","protected":false},"author":1,"featured_media":2375,"comment_status":"","ping_status":"","sticky":false,"template":"","format":"standard","meta":{"footnotes":""},"categories":[298],"tags":[3142,1642,29,3144,3140,14,3141,2553,3139,3143,561,3138],"class_list":["post-2374","post","type-post","status-publish","format-standard","has-post-thumbnail","hentry","category-belgique","tag-atil","tag-demande","tag-des","tag-electeurs","tag-labolition","tag-les","tag-oliver","tag-paasch","tag-preconise","tag-trompe","tag-vacances","tag-vivant","generate-columns","tablet-grid-50","mobile-grid-100","grid-parent","grid-33"],"yoast_head":"<!-- This site is optimized with the Yoast SEO plugin v24.0 - https:\/\/yoast.com\/wordpress\/plugins\/seo\/ -->\n<title>Vivant pr\u00e9conise l&#039;abolition des vacances du DG et demande : \u00ab Oliver Paasch a-t-il tromp\u00e9 les \u00e9lecteurs ? | Vie Associative<\/title>\n<meta name=\"robots\" content=\"index, follow, max-snippet:-1, max-image-preview:large, max-video-preview:-1\" \/>\n<link rel=\"canonical\" href=\"https:\/\/vieassociative.be\/actualites\/vivant-preconise-labolition-des-vacances-du-dg-et-demande-oliver-paasch-a-t-il-trompe-les-electeurs\/\" \/>\n<meta property=\"og:locale\" content=\"fr_FR\" \/>\n<meta property=\"og:type\" content=\"article\" \/>\n<meta property=\"og:title\" content=\"Vivant pr\u00e9conise l&#039;abolition des vacances du DG et demande : \u00ab Oliver Paasch a-t-il tromp\u00e9 les \u00e9lecteurs ? | Vie Associative\" \/>\n<meta property=\"og:description\" content=\"Ce vendredi 15 novembre 2024, la communaut\u00e9 germanophone c\u00e9l\u00e8bre sa journ\u00e9e de f\u00eate. De l&rsquo;avis du groupe Vivant, la journ\u00e9e DG n&rsquo;a aucun sens. Michael\" \/>\n<meta property=\"og:url\" content=\"https:\/\/vieassociative.be\/actualites\/vivant-preconise-labolition-des-vacances-du-dg-et-demande-oliver-paasch-a-t-il-trompe-les-electeurs\/\" \/>\n<meta property=\"og:site_name\" content=\"Vie Associative\" \/>\n<meta property=\"article:published_time\" content=\"2024-11-13T14:17:19+00:00\" \/>\n<meta property=\"og:image\" content=\"https:\/\/vieassociative.be\/actualites\/wp-content\/uploads\/2024\/11\/Vivant-preconise-labolition-des-vacances-du-DG-et-demande.jpg\" \/>\n<meta name=\"author\" content=\"Julien\" \/>\n<meta name=\"twitter:card\" content=\"summary_large_image\" \/>\n<meta name=\"twitter:label1\" content=\"\u00c9crit par\" \/>\n\t<meta name=\"twitter:data1\" content=\"Julien\" \/>\n\t<meta name=\"twitter:label2\" content=\"Dur\u00e9e de lecture est.\" \/>\n\t<meta name=\"twitter:data2\" content=\"2 minutes\" \/>\n<script type=\"application\/ld+json\" class=\"yoast-schema-graph\">{\"@context\":\"https:\/\/schema.org\",\"@graph\":[{\"@type\":\"Article\",\"@id\":\"https:\/\/vieassociative.be\/actualites\/vivant-preconise-labolition-des-vacances-du-dg-et-demande-oliver-paasch-a-t-il-trompe-les-electeurs\/#article\",\"isPartOf\":{\"@id\":\"https:\/\/vieassociative.be\/actualites\/vivant-preconise-labolition-des-vacances-du-dg-et-demande-oliver-paasch-a-t-il-trompe-les-electeurs\/\"},\"author\":{\"name\":\"Julien\",\"@id\":\"https:\/\/vieassociative.be\/actualites\/#\/schema\/person\/b87ac4f82f9d4e7b7cec7395b679edc4\"},\"headline\":\"Vivant pr\u00e9conise l&rsquo;abolition des vacances du DG et demande : \u00ab Oliver Paasch a-t-il tromp\u00e9 les \u00e9lecteurs ?\",\"datePublished\":\"2024-11-13T14:17:19+00:00\",\"dateModified\":\"2024-11-13T14:17:19+00:00\",\"mainEntityOfPage\":{\"@id\":\"https:\/\/vieassociative.be\/actualites\/vivant-preconise-labolition-des-vacances-du-dg-et-demande-oliver-paasch-a-t-il-trompe-les-electeurs\/\"},\"wordCount\":504,\"publisher\":{\"@id\":\"https:\/\/vieassociative.be\/actualites\/#organization\"},\"image\":{\"@id\":\"https:\/\/vieassociative.be\/actualites\/vivant-preconise-labolition-des-vacances-du-dg-et-demande-oliver-paasch-a-t-il-trompe-les-electeurs\/#primaryimage\"},\"thumbnailUrl\":\"https:\/\/vieassociative.be\/actualites\/wp-content\/uploads\/2024\/11\/1731507439_Vivant-preconise-labolition-des-vacances-du-DG-et-demande.jpeg\",\"keywords\":[\"atil\",\"demand\u00e9\",\"Des\",\"\u00e9lecteurs\",\"labolition\",\"Les\",\"Oliver\",\"Paasch\",\"pr\u00e9conise\",\"tromp\u00e9\",\"vacances\",\"Vivant\"],\"articleSection\":[\"Belgique\"],\"inLanguage\":\"fr-BE\"},{\"@type\":\"WebPage\",\"@id\":\"https:\/\/vieassociative.be\/actualites\/vivant-preconise-labolition-des-vacances-du-dg-et-demande-oliver-paasch-a-t-il-trompe-les-electeurs\/\",\"url\":\"https:\/\/vieassociative.be\/actualites\/vivant-preconise-labolition-des-vacances-du-dg-et-demande-oliver-paasch-a-t-il-trompe-les-electeurs\/\",\"name\":\"Vivant pr\u00e9conise l'abolition des vacances du DG et demande : \u00ab Oliver Paasch a-t-il tromp\u00e9 les \u00e9lecteurs ? | Vie Associative\",\"isPartOf\":{\"@id\":\"https:\/\/vieassociative.be\/actualites\/#website\"},\"primaryImageOfPage\":{\"@id\":\"https:\/\/vieassociative.be\/actualites\/vivant-preconise-labolition-des-vacances-du-dg-et-demande-oliver-paasch-a-t-il-trompe-les-electeurs\/#primaryimage\"},\"image\":{\"@id\":\"https:\/\/vieassociative.be\/actualites\/vivant-preconise-labolition-des-vacances-du-dg-et-demande-oliver-paasch-a-t-il-trompe-les-electeurs\/#primaryimage\"},\"thumbnailUrl\":\"https:\/\/vieassociative.be\/actualites\/wp-content\/uploads\/2024\/11\/1731507439_Vivant-preconise-labolition-des-vacances-du-DG-et-demande.jpeg\",\"datePublished\":\"2024-11-13T14:17:19+00:00\",\"dateModified\":\"2024-11-13T14:17:19+00:00\",\"breadcrumb\":{\"@id\":\"https:\/\/vieassociative.be\/actualites\/vivant-preconise-labolition-des-vacances-du-dg-et-demande-oliver-paasch-a-t-il-trompe-les-electeurs\/#breadcrumb\"},\"inLanguage\":\"fr-BE\",\"potentialAction\":[{\"@type\":\"ReadAction\",\"target\":[\"https:\/\/vieassociative.be\/actualites\/vivant-preconise-labolition-des-vacances-du-dg-et-demande-oliver-paasch-a-t-il-trompe-les-electeurs\/\"]}]},{\"@type\":\"ImageObject\",\"inLanguage\":\"fr-BE\",\"@id\":\"https:\/\/vieassociative.be\/actualites\/vivant-preconise-labolition-des-vacances-du-dg-et-demande-oliver-paasch-a-t-il-trompe-les-electeurs\/#primaryimage\",\"url\":\"https:\/\/vieassociative.be\/actualites\/wp-content\/uploads\/2024\/11\/1731507439_Vivant-preconise-labolition-des-vacances-du-DG-et-demande.jpeg\",\"contentUrl\":\"https:\/\/vieassociative.be\/actualites\/wp-content\/uploads\/2024\/11\/1731507439_Vivant-preconise-labolition-des-vacances-du-DG-et-demande.jpeg\",\"width\":1024,\"height\":683,\"caption\":\"Vivant pr\u00e9conise l'abolition des vacances du DG et demande : \u00ab Oliver Paasch a-t-il tromp\u00e9 les \u00e9lecteurs ?\"},{\"@type\":\"BreadcrumbList\",\"@id\":\"https:\/\/vieassociative.be\/actualites\/vivant-preconise-labolition-des-vacances-du-dg-et-demande-oliver-paasch-a-t-il-trompe-les-electeurs\/#breadcrumb\",\"itemListElement\":[{\"@type\":\"ListItem\",\"position\":1,\"name\":\"Accueil\",\"item\":\"https:\/\/vieassociative.be\/actualites\/\"},{\"@type\":\"ListItem\",\"position\":2,\"name\":\"Vivant pr\u00e9conise l&rsquo;abolition des vacances du DG et demande : \u00ab Oliver Paasch a-t-il tromp\u00e9 les \u00e9lecteurs ?\"}]},{\"@type\":\"WebSite\",\"@id\":\"https:\/\/vieassociative.be\/actualites\/#website\",\"url\":\"https:\/\/vieassociative.be\/actualites\/\",\"name\":\"Vie Associative\",\"description\":\"\",\"publisher\":{\"@id\":\"https:\/\/vieassociative.be\/actualites\/#organization\"},\"potentialAction\":[{\"@type\":\"SearchAction\",\"target\":{\"@type\":\"EntryPoint\",\"urlTemplate\":\"https:\/\/vieassociative.be\/actualites\/?s={search_term_string}\"},\"query-input\":{\"@type\":\"PropertyValueSpecification\",\"valueRequired\":true,\"valueName\":\"search_term_string\"}}],\"inLanguage\":\"fr-BE\"},{\"@type\":\"Organization\",\"@id\":\"https:\/\/vieassociative.be\/actualites\/#organization\",\"name\":\"Vie Associative\",\"url\":\"https:\/\/vieassociative.be\/actualites\/\",\"logo\":{\"@type\":\"ImageObject\",\"inLanguage\":\"fr-BE\",\"@id\":\"https:\/\/vieassociative.be\/actualites\/#\/schema\/logo\/image\/\",\"url\":\"https:\/\/vieassociative.be\/actualites\/wp-content\/uploads\/2024\/09\/cropped-vieassociative_favicon.ico.png\",\"contentUrl\":\"https:\/\/vieassociative.be\/actualites\/wp-content\/uploads\/2024\/09\/cropped-vieassociative_favicon.ico.png\",\"width\":512,\"height\":512,\"caption\":\"Vie Associative\"},\"image\":{\"@id\":\"https:\/\/vieassociative.be\/actualites\/#\/schema\/logo\/image\/\"}},{\"@type\":\"Person\",\"@id\":\"https:\/\/vieassociative.be\/actualites\/#\/schema\/person\/b87ac4f82f9d4e7b7cec7395b679edc4\",\"name\":\"Julien\",\"image\":{\"@type\":\"ImageObject\",\"inLanguage\":\"fr-BE\",\"@id\":\"https:\/\/vieassociative.be\/actualites\/#\/schema\/person\/image\/\",\"url\":\"https:\/\/vieassociative.be\/actualites\/wp-content\/uploads\/2024\/09\/vie-associative-1-150x150.jpg\",\"contentUrl\":\"https:\/\/vieassociative.be\/actualites\/wp-content\/uploads\/2024\/09\/vie-associative-1-150x150.jpg\",\"caption\":\"Julien\"},\"description\":\"Je suis Julien, r\u00e9dacteur pour Vie Associative. Passionn\u00e9 par le monde associatif depuis plus de 10 ans, j'ai \u00e0 c\u0153ur de partager des histoires inspirantes et de mettre en lumi\u00e8re les initiatives locales. Mon objectif est de sensibiliser et d'encourager l'engagement communautaire \u00e0 travers mes articles.\",\"sameAs\":[\"https:\/\/vieassociative.be\/\"]}]}<\/script>\n<!-- \/ Yoast SEO plugin. -->","yoast_head_json":{"title":"Vivant pr\u00e9conise l'abolition des vacances du DG et demande : \u00ab Oliver Paasch a-t-il tromp\u00e9 les \u00e9lecteurs ? | Vie Associative","robots":{"index":"index","follow":"follow","max-snippet":"max-snippet:-1","max-image-preview":"max-image-preview:large","max-video-preview":"max-video-preview:-1"},"canonical":"https:\/\/vieassociative.be\/actualites\/vivant-preconise-labolition-des-vacances-du-dg-et-demande-oliver-paasch-a-t-il-trompe-les-electeurs\/","og_locale":"fr_FR","og_type":"article","og_title":"Vivant pr\u00e9conise l'abolition des vacances du DG et demande : \u00ab Oliver Paasch a-t-il tromp\u00e9 les \u00e9lecteurs ? | Vie Associative","og_description":"Ce vendredi 15 novembre 2024, la communaut\u00e9 germanophone c\u00e9l\u00e8bre sa journ\u00e9e de f\u00eate. De l&rsquo;avis du groupe Vivant, la journ\u00e9e DG n&rsquo;a aucun sens. Michael","og_url":"https:\/\/vieassociative.be\/actualites\/vivant-preconise-labolition-des-vacances-du-dg-et-demande-oliver-paasch-a-t-il-trompe-les-electeurs\/","og_site_name":"Vie Associative","article_published_time":"2024-11-13T14:17:19+00:00","og_image":[{"url":"https:\/\/vieassociative.be\/actualites\/wp-content\/uploads\/2024\/11\/Vivant-preconise-labolition-des-vacances-du-DG-et-demande.jpg","type":"","width":"","height":""}],"author":"Julien","twitter_card":"summary_large_image","twitter_misc":{"\u00c9crit par":"Julien","Dur\u00e9e de lecture est.":"2 minutes"},"schema":{"@context":"https:\/\/schema.org","@graph":[{"@type":"Article","@id":"https:\/\/vieassociative.be\/actualites\/vivant-preconise-labolition-des-vacances-du-dg-et-demande-oliver-paasch-a-t-il-trompe-les-electeurs\/#article","isPartOf":{"@id":"https:\/\/vieassociative.be\/actualites\/vivant-preconise-labolition-des-vacances-du-dg-et-demande-oliver-paasch-a-t-il-trompe-les-electeurs\/"},"author":{"name":"Julien","@id":"https:\/\/vieassociative.be\/actualites\/#\/schema\/person\/b87ac4f82f9d4e7b7cec7395b679edc4"},"headline":"Vivant pr\u00e9conise l&rsquo;abolition des vacances du DG et demande : \u00ab Oliver Paasch a-t-il tromp\u00e9 les \u00e9lecteurs ?","datePublished":"2024-11-13T14:17:19+00:00","dateModified":"2024-11-13T14:17:19+00:00","mainEntityOfPage":{"@id":"https:\/\/vieassociative.be\/actualites\/vivant-preconise-labolition-des-vacances-du-dg-et-demande-oliver-paasch-a-t-il-trompe-les-electeurs\/"},"wordCount":504,"publisher":{"@id":"https:\/\/vieassociative.be\/actualites\/#organization"},"image":{"@id":"https:\/\/vieassociative.be\/actualites\/vivant-preconise-labolition-des-vacances-du-dg-et-demande-oliver-paasch-a-t-il-trompe-les-electeurs\/#primaryimage"},"thumbnailUrl":"https:\/\/vieassociative.be\/actualites\/wp-content\/uploads\/2024\/11\/1731507439_Vivant-preconise-labolition-des-vacances-du-DG-et-demande.jpeg","keywords":["atil","demand\u00e9","Des","\u00e9lecteurs","labolition","Les","Oliver","Paasch","pr\u00e9conise","tromp\u00e9","vacances","Vivant"],"articleSection":["Belgique"],"inLanguage":"fr-BE"},{"@type":"WebPage","@id":"https:\/\/vieassociative.be\/actualites\/vivant-preconise-labolition-des-vacances-du-dg-et-demande-oliver-paasch-a-t-il-trompe-les-electeurs\/","url":"https:\/\/vieassociative.be\/actualites\/vivant-preconise-labolition-des-vacances-du-dg-et-demande-oliver-paasch-a-t-il-trompe-les-electeurs\/","name":"Vivant pr\u00e9conise l'abolition des vacances du DG et demande : \u00ab Oliver Paasch a-t-il tromp\u00e9 les \u00e9lecteurs ? | Vie Associative","isPartOf":{"@id":"https:\/\/vieassociative.be\/actualites\/#website"},"primaryImageOfPage":{"@id":"https:\/\/vieassociative.be\/actualites\/vivant-preconise-labolition-des-vacances-du-dg-et-demande-oliver-paasch-a-t-il-trompe-les-electeurs\/#primaryimage"},"image":{"@id":"https:\/\/vieassociative.be\/actualites\/vivant-preconise-labolition-des-vacances-du-dg-et-demande-oliver-paasch-a-t-il-trompe-les-electeurs\/#primaryimage"},"thumbnailUrl":"https:\/\/vieassociative.be\/actualites\/wp-content\/uploads\/2024\/11\/1731507439_Vivant-preconise-labolition-des-vacances-du-DG-et-demande.jpeg","datePublished":"2024-11-13T14:17:19+00:00","dateModified":"2024-11-13T14:17:19+00:00","breadcrumb":{"@id":"https:\/\/vieassociative.be\/actualites\/vivant-preconise-labolition-des-vacances-du-dg-et-demande-oliver-paasch-a-t-il-trompe-les-electeurs\/#breadcrumb"},"inLanguage":"fr-BE","potentialAction":[{"@type":"ReadAction","target":["https:\/\/vieassociative.be\/actualites\/vivant-preconise-labolition-des-vacances-du-dg-et-demande-oliver-paasch-a-t-il-trompe-les-electeurs\/"]}]},{"@type":"ImageObject","inLanguage":"fr-BE","@id":"https:\/\/vieassociative.be\/actualites\/vivant-preconise-labolition-des-vacances-du-dg-et-demande-oliver-paasch-a-t-il-trompe-les-electeurs\/#primaryimage","url":"https:\/\/vieassociative.be\/actualites\/wp-content\/uploads\/2024\/11\/1731507439_Vivant-preconise-labolition-des-vacances-du-DG-et-demande.jpeg","contentUrl":"https:\/\/vieassociative.be\/actualites\/wp-content\/uploads\/2024\/11\/1731507439_Vivant-preconise-labolition-des-vacances-du-DG-et-demande.jpeg","width":1024,"height":683,"caption":"Vivant pr\u00e9conise l'abolition des vacances du DG et demande : \u00ab Oliver Paasch a-t-il tromp\u00e9 les \u00e9lecteurs ?"},{"@type":"BreadcrumbList","@id":"https:\/\/vieassociative.be\/actualites\/vivant-preconise-labolition-des-vacances-du-dg-et-demande-oliver-paasch-a-t-il-trompe-les-electeurs\/#breadcrumb","itemListElement":[{"@type":"ListItem","position":1,"name":"Accueil","item":"https:\/\/vieassociative.be\/actualites\/"},{"@type":"ListItem","position":2,"name":"Vivant pr\u00e9conise l&rsquo;abolition des vacances du DG et demande : \u00ab Oliver Paasch a-t-il tromp\u00e9 les \u00e9lecteurs ?"}]},{"@type":"WebSite","@id":"https:\/\/vieassociative.be\/actualites\/#website","url":"https:\/\/vieassociative.be\/actualites\/","name":"Vie Associative","description":"","publisher":{"@id":"https:\/\/vieassociative.be\/actualites\/#organization"},"potentialAction":[{"@type":"SearchAction","target":{"@type":"EntryPoint","urlTemplate":"https:\/\/vieassociative.be\/actualites\/?s={search_term_string}"},"query-input":{"@type":"PropertyValueSpecification","valueRequired":true,"valueName":"search_term_string"}}],"inLanguage":"fr-BE"},{"@type":"Organization","@id":"https:\/\/vieassociative.be\/actualites\/#organization","name":"Vie Associative","url":"https:\/\/vieassociative.be\/actualites\/","logo":{"@type":"ImageObject","inLanguage":"fr-BE","@id":"https:\/\/vieassociative.be\/actualites\/#\/schema\/logo\/image\/","url":"https:\/\/vieassociative.be\/actualites\/wp-content\/uploads\/2024\/09\/cropped-vieassociative_favicon.ico.png","contentUrl":"https:\/\/vieassociative.be\/actualites\/wp-content\/uploads\/2024\/09\/cropped-vieassociative_favicon.ico.png","width":512,"height":512,"caption":"Vie Associative"},"image":{"@id":"https:\/\/vieassociative.be\/actualites\/#\/schema\/logo\/image\/"}},{"@type":"Person","@id":"https:\/\/vieassociative.be\/actualites\/#\/schema\/person\/b87ac4f82f9d4e7b7cec7395b679edc4","name":"Julien","image":{"@type":"ImageObject","inLanguage":"fr-BE","@id":"https:\/\/vieassociative.be\/actualites\/#\/schema\/person\/image\/","url":"https:\/\/vieassociative.be\/actualites\/wp-content\/uploads\/2024\/09\/vie-associative-1-150x150.jpg","contentUrl":"https:\/\/vieassociative.be\/actualites\/wp-content\/uploads\/2024\/09\/vie-associative-1-150x150.jpg","caption":"Julien"},"description":"Je suis Julien, r\u00e9dacteur pour Vie Associative. Passionn\u00e9 par le monde associatif depuis plus de 10 ans, j'ai \u00e0 c\u0153ur de partager des histoires inspirantes et de mettre en lumi\u00e8re les initiatives locales. Mon objectif est de sensibiliser et d'encourager l'engagement communautaire \u00e0 travers mes articles.","sameAs":["https:\/\/vieassociative.be\/"]}]}},"_links":{"self":[{"href":"https:\/\/vieassociative.be\/actualites\/wp-json\/wp\/v2\/posts\/2374"}],"collection":[{"href":"https:\/\/vieassociative.be\/actualites\/wp-json\/wp\/v2\/posts"}],"about":[{"href":"https:\/\/vieassociative.be\/actualites\/wp-json\/wp\/v2\/types\/post"}],"author":[{"embeddable":true,"href":"https:\/\/vieassociative.be\/actualites\/wp-json\/wp\/v2\/users\/1"}],"replies":[{"embeddable":true,"href":"https:\/\/vieassociative.be\/actualites\/wp-json\/wp\/v2\/comments?post=2374"}],"version-history":[{"count":0,"href":"https:\/\/vieassociative.be\/actualites\/wp-json\/wp\/v2\/posts\/2374\/revisions"}],"wp:featuredmedia":[{"embeddable":true,"href":"https:\/\/vieassociative.be\/actualites\/wp-json\/wp\/v2\/media\/2375"}],"wp:attachment":[{"href":"https:\/\/vieassociative.be\/actualites\/wp-json\/wp\/v2\/media?parent=2374"}],"wp:term":[{"taxonomy":"category","embeddable":true,"href":"https:\/\/vieassociative.be\/actualites\/wp-json\/wp\/v2\/categories?post=2374"},{"taxonomy":"post_tag","embeddable":true,"href":"https:\/\/vieassociative.be\/actualites\/wp-json\/wp\/v2\/tags?post=2374"}],"curies":[{"name":"wp","href":"https:\/\/api.w.org\/{rel}","templated":true}]}}