{"id":2372,"date":"2024-11-13T14:21:17","date_gmt":"2024-11-13T13:21:17","guid":{"rendered":"https:\/\/vieassociative.be\/actualites\/il-est-ridiculement-cher-de-reparer-un-ecran-pixel-9-pro-fold\/"},"modified":"2024-11-13T14:21:17","modified_gmt":"2024-11-13T13:21:17","slug":"il-est-ridiculement-cher-de-reparer-un-ecran-pixel-9-pro-fold","status":"publish","type":"post","link":"https:\/\/vieassociative.be\/actualites\/il-est-ridiculement-cher-de-reparer-un-ecran-pixel-9-pro-fold\/","title":{"rendered":"Il est ridiculement cher de r\u00e9parer un \u00e9cran Pixel 9 Pro Fold"},"content":{"rendered":"<div class=\"mt-4 leading-6 md:mb-8\">Si vous le faites, autant acheter un nouveau t\u00e9l\u00e9phone.<\/div>\n<p><\/p>\n<p>Le Pixel 9 Pro Fold est cher. Ce n\u2019est pas une nouveaut\u00e9 pour quiconque suit de pr\u00e8s les smartphones, en particulier ceux pliables. Comme l&rsquo;explique David Nield dans une revue pour Vie Associative, Google a fait d&rsquo;excellents choix pour son dernier appareil Fold, mais \u00e0 1 799 $, ces choses repr\u00e9sentent encore beaucoup trop d&rsquo;argent.  <\/p>\n<p>Il s\u2019av\u00e8re que cette d\u00e9pense pourrait s\u2019\u00e9tendre au-del\u00e0 du simple achat initial du t\u00e9l\u00e9phone. Les smartphones sont des plaques de verre que nous emportons partout avec nous. Ainsi, lorsque nous les laissons in\u00e9vitablement tomber \u00e0 un moment donn\u00e9, ils peuvent se briser. Cependant, lorsque vous cassez l&rsquo;\u00e9cran d&rsquo;un Pixel 9 Pro Fold, cela co\u00fbtera beaucoup plus cher que pr\u00e9vu, m\u00eame si vous connaissez l&rsquo;historique des co\u00fbts de r\u00e9paration du Fold. <\/p>\n<p>Comme rep\u00e9r\u00e9 par 9to5Google, iFixit propose d\u00e9sormais des listes de pi\u00e8ces officielles pour le Pixel 9 Pro Fold. Si vous devez r\u00e9parer l&rsquo;\u00e9cran interne de votre Fold (par exemple, si vous l&rsquo;avez laiss\u00e9 tomber alors qu&rsquo;il \u00e9tait ouvert en mode \u00ab tablette \u00bb), cela vous co\u00fbtera 1\u00a0199,99 $ (ou 1\u00a0206,99 $ pour l&rsquo;ensemble du \u00ab Kit de r\u00e9paration \u00bb). Comparez cela \u00e0 la pi\u00e8ce de remplacement de l&rsquo;\u00e9cran int\u00e9rieur du Pixel Fold d&rsquo;origine, qui co\u00fbte 899 $ sur iFixit, ou 909,99 $ pour le kit de r\u00e9paration.  <\/p>\n<p>1 200 $ pour un pr\u00e9sentoir, c&rsquo;est une demande \u00e9norme. Pour ce prix, vous pouvez acheter un iPhone 16 Pro Max, ou un MacBook Air, ou quatre Nintendo Switch. 1\u00a0200\u00a0$ pour l&rsquo;\u00e9cran int\u00e9rieur uniquement signifie que, si vous cassez et r\u00e9parez votre Fold 9 Pro, vous aurez d\u00e9pens\u00e9 3\u00a0000\u00a0$ tout compris, le tout pour un appareil fonctionnant sous Android.<\/p>\n<p>Maintenant, c&rsquo;est si vous n&rsquo;\u00eates pas prot\u00e9g\u00e9 : Google propose une assurance sur le Pro 9 Fold pour 15 $ par mois. Cela couvre jusqu\u2019\u00e0 deux cas de dommages par p\u00e9riode de 12 mois. Ainsi, vous pourriez potentiellement faire payer \u00e0 Google une note de 2\u00a0400\u00a0$ pour seulement 180\u00a0$ de frais d\u2019assurance. Bien que personne ne veuille ajouter 15\u00a0$ de plus par mois \u00e0 sa facture, c&rsquo;est bien mieux que de faire face au PDSF de cette partie d&rsquo;affichage.<\/p>\n<p>C\u2019est quand m\u00eame un chiffre stup\u00e9fiant. Encore une fois, c&rsquo;est 300 $ de plus que le pr\u00e9c\u00e9dent co\u00fbt de l&rsquo;\u00e9cran int\u00e9rieur pliable de Google, et quand vous regardez la concurrence, la situation est encore pire. Samsung facture 499 $ pour r\u00e9parer l&rsquo;\u00e9cran interne du Galaxy Z Fold 5, soit une fraction du co\u00fbt.  <\/p>\n<p>Mon conseil ? Prenez l&rsquo;assurance et gardez une emprise mortelle sur cette chose.<\/p>\n","protected":false},"excerpt":{"rendered":"<p>Si vous le faites, autant acheter un nouveau t\u00e9l\u00e9phone. Le Pixel 9 Pro Fold est cher. Ce n\u2019est pas une nouveaut\u00e9 pour quiconque suit de<\/p>\n","protected":false},"author":1,"featured_media":2373,"comment_status":"","ping_status":"","sticky":false,"template":"","format":"standard","meta":{"footnotes":""},"categories":[13],"tags":[657,2382,76,3137,1278,630,541,3136],"class_list":["post-2372","post","type-post","status-publish","format-standard","has-post-thumbnail","hentry","category-technologie","tag-cher","tag-ecran","tag-est","tag-fold","tag-pixel","tag-pro","tag-reparer","tag-ridiculement","generate-columns","tablet-grid-50","mobile-grid-100","grid-parent","grid-33"],"yoast_head":"<!-- This site is optimized with the Yoast SEO plugin v24.0 - https:\/\/yoast.com\/wordpress\/plugins\/seo\/ -->\n<title>Il est ridiculement cher de r\u00e9parer un \u00e9cran Pixel 9 Pro Fold | Vie Associative<\/title>\n<meta name=\"robots\" content=\"index, follow, max-snippet:-1, max-image-preview:large, max-video-preview:-1\" \/>\n<link rel=\"canonical\" href=\"https:\/\/vieassociative.be\/actualites\/il-est-ridiculement-cher-de-reparer-un-ecran-pixel-9-pro-fold\/\" \/>\n<meta property=\"og:locale\" content=\"fr_FR\" \/>\n<meta property=\"og:type\" content=\"article\" \/>\n<meta property=\"og:title\" content=\"Il est ridiculement cher de r\u00e9parer un \u00e9cran Pixel 9 Pro Fold | Vie Associative\" \/>\n<meta property=\"og:description\" content=\"Si vous le faites, autant acheter un nouveau t\u00e9l\u00e9phone. Le Pixel 9 Pro Fold est cher. Ce n\u2019est pas une nouveaut\u00e9 pour quiconque suit de\" \/>\n<meta property=\"og:url\" content=\"https:\/\/vieassociative.be\/actualites\/il-est-ridiculement-cher-de-reparer-un-ecran-pixel-9-pro-fold\/\" \/>\n<meta property=\"og:site_name\" content=\"Vie Associative\" \/>\n<meta property=\"article:published_time\" content=\"2024-11-13T13:21:17+00:00\" \/>\n<meta property=\"og:image\" content=\"https:\/\/vieassociative.be\/actualites\/wp-content\/uploads\/2024\/09\/header_backgroundk-01-e1726694325946.png\" \/>\n\t<meta property=\"og:image:width\" content=\"279\" \/>\n\t<meta property=\"og:image:height\" content=\"92\" \/>\n\t<meta property=\"og:image:type\" content=\"image\/png\" \/>\n<meta name=\"author\" content=\"Julien\" \/>\n<meta name=\"twitter:card\" content=\"summary_large_image\" \/>\n<meta name=\"twitter:label1\" content=\"\u00c9crit par\" \/>\n\t<meta name=\"twitter:data1\" content=\"Julien\" \/>\n\t<meta name=\"twitter:label2\" content=\"Dur\u00e9e de lecture est.\" \/>\n\t<meta name=\"twitter:data2\" content=\"2 minutes\" \/>\n<script type=\"application\/ld+json\" class=\"yoast-schema-graph\">{\"@context\":\"https:\/\/schema.org\",\"@graph\":[{\"@type\":\"Article\",\"@id\":\"https:\/\/vieassociative.be\/actualites\/il-est-ridiculement-cher-de-reparer-un-ecran-pixel-9-pro-fold\/#article\",\"isPartOf\":{\"@id\":\"https:\/\/vieassociative.be\/actualites\/il-est-ridiculement-cher-de-reparer-un-ecran-pixel-9-pro-fold\/\"},\"author\":{\"name\":\"Julien\",\"@id\":\"https:\/\/vieassociative.be\/actualites\/#\/schema\/person\/b87ac4f82f9d4e7b7cec7395b679edc4\"},\"headline\":\"Il est ridiculement cher de r\u00e9parer un \u00e9cran Pixel 9 Pro Fold\",\"datePublished\":\"2024-11-13T13:21:17+00:00\",\"dateModified\":\"2024-11-13T13:21:17+00:00\",\"mainEntityOfPage\":{\"@id\":\"https:\/\/vieassociative.be\/actualites\/il-est-ridiculement-cher-de-reparer-un-ecran-pixel-9-pro-fold\/\"},\"wordCount\":459,\"publisher\":{\"@id\":\"https:\/\/vieassociative.be\/actualites\/#organization\"},\"image\":{\"@id\":\"https:\/\/vieassociative.be\/actualites\/il-est-ridiculement-cher-de-reparer-un-ecran-pixel-9-pro-fold\/#primaryimage\"},\"thumbnailUrl\":\"https:\/\/vieassociative.be\/actualites\/wp-content\/uploads\/2024\/11\/Il-est-ridiculement-cher-de-reparer-un-ecran-Pixel-9.jpg\",\"keywords\":[\"cher\",\"\u00e9cran\",\"est\",\"Fold\",\"Pixel\",\"Pro\",\"r\u00e9parer\",\"ridiculement\"],\"articleSection\":[\"Technologie\"],\"inLanguage\":\"fr-BE\"},{\"@type\":\"WebPage\",\"@id\":\"https:\/\/vieassociative.be\/actualites\/il-est-ridiculement-cher-de-reparer-un-ecran-pixel-9-pro-fold\/\",\"url\":\"https:\/\/vieassociative.be\/actualites\/il-est-ridiculement-cher-de-reparer-un-ecran-pixel-9-pro-fold\/\",\"name\":\"Il est ridiculement cher de r\u00e9parer un \u00e9cran Pixel 9 Pro Fold | Vie Associative\",\"isPartOf\":{\"@id\":\"https:\/\/vieassociative.be\/actualites\/#website\"},\"primaryImageOfPage\":{\"@id\":\"https:\/\/vieassociative.be\/actualites\/il-est-ridiculement-cher-de-reparer-un-ecran-pixel-9-pro-fold\/#primaryimage\"},\"image\":{\"@id\":\"https:\/\/vieassociative.be\/actualites\/il-est-ridiculement-cher-de-reparer-un-ecran-pixel-9-pro-fold\/#primaryimage\"},\"thumbnailUrl\":\"https:\/\/vieassociative.be\/actualites\/wp-content\/uploads\/2024\/11\/Il-est-ridiculement-cher-de-reparer-un-ecran-Pixel-9.jpg\",\"datePublished\":\"2024-11-13T13:21:17+00:00\",\"dateModified\":\"2024-11-13T13:21:17+00:00\",\"breadcrumb\":{\"@id\":\"https:\/\/vieassociative.be\/actualites\/il-est-ridiculement-cher-de-reparer-un-ecran-pixel-9-pro-fold\/#breadcrumb\"},\"inLanguage\":\"fr-BE\",\"potentialAction\":[{\"@type\":\"ReadAction\",\"target\":[\"https:\/\/vieassociative.be\/actualites\/il-est-ridiculement-cher-de-reparer-un-ecran-pixel-9-pro-fold\/\"]}]},{\"@type\":\"ImageObject\",\"inLanguage\":\"fr-BE\",\"@id\":\"https:\/\/vieassociative.be\/actualites\/il-est-ridiculement-cher-de-reparer-un-ecran-pixel-9-pro-fold\/#primaryimage\",\"url\":\"https:\/\/vieassociative.be\/actualites\/wp-content\/uploads\/2024\/11\/Il-est-ridiculement-cher-de-reparer-un-ecran-Pixel-9.jpg\",\"contentUrl\":\"https:\/\/vieassociative.be\/actualites\/wp-content\/uploads\/2024\/11\/Il-est-ridiculement-cher-de-reparer-un-ecran-Pixel-9.jpg\",\"width\":1200,\"height\":675,\"caption\":\"Il est ridiculement cher de r\u00e9parer un \u00e9cran Pixel 9 Pro Fold\"},{\"@type\":\"BreadcrumbList\",\"@id\":\"https:\/\/vieassociative.be\/actualites\/il-est-ridiculement-cher-de-reparer-un-ecran-pixel-9-pro-fold\/#breadcrumb\",\"itemListElement\":[{\"@type\":\"ListItem\",\"position\":1,\"name\":\"Accueil\",\"item\":\"https:\/\/vieassociative.be\/actualites\/\"},{\"@type\":\"ListItem\",\"position\":2,\"name\":\"Il est ridiculement cher de r\u00e9parer un \u00e9cran Pixel 9 Pro Fold\"}]},{\"@type\":\"WebSite\",\"@id\":\"https:\/\/vieassociative.be\/actualites\/#website\",\"url\":\"https:\/\/vieassociative.be\/actualites\/\",\"name\":\"Vie Associative\",\"description\":\"\",\"publisher\":{\"@id\":\"https:\/\/vieassociative.be\/actualites\/#organization\"},\"potentialAction\":[{\"@type\":\"SearchAction\",\"target\":{\"@type\":\"EntryPoint\",\"urlTemplate\":\"https:\/\/vieassociative.be\/actualites\/?s={search_term_string}\"},\"query-input\":{\"@type\":\"PropertyValueSpecification\",\"valueRequired\":true,\"valueName\":\"search_term_string\"}}],\"inLanguage\":\"fr-BE\"},{\"@type\":\"Organization\",\"@id\":\"https:\/\/vieassociative.be\/actualites\/#organization\",\"name\":\"Vie Associative\",\"url\":\"https:\/\/vieassociative.be\/actualites\/\",\"logo\":{\"@type\":\"ImageObject\",\"inLanguage\":\"fr-BE\",\"@id\":\"https:\/\/vieassociative.be\/actualites\/#\/schema\/logo\/image\/\",\"url\":\"https:\/\/vieassociative.be\/actualites\/wp-content\/uploads\/2024\/09\/cropped-vieassociative_favicon.ico.png\",\"contentUrl\":\"https:\/\/vieassociative.be\/actualites\/wp-content\/uploads\/2024\/09\/cropped-vieassociative_favicon.ico.png\",\"width\":512,\"height\":512,\"caption\":\"Vie Associative\"},\"image\":{\"@id\":\"https:\/\/vieassociative.be\/actualites\/#\/schema\/logo\/image\/\"}},{\"@type\":\"Person\",\"@id\":\"https:\/\/vieassociative.be\/actualites\/#\/schema\/person\/b87ac4f82f9d4e7b7cec7395b679edc4\",\"name\":\"Julien\",\"image\":{\"@type\":\"ImageObject\",\"inLanguage\":\"fr-BE\",\"@id\":\"https:\/\/vieassociative.be\/actualites\/#\/schema\/person\/image\/\",\"url\":\"https:\/\/vieassociative.be\/actualites\/wp-content\/uploads\/2024\/09\/vie-associative-1-150x150.jpg\",\"contentUrl\":\"https:\/\/vieassociative.be\/actualites\/wp-content\/uploads\/2024\/09\/vie-associative-1-150x150.jpg\",\"caption\":\"Julien\"},\"description\":\"Je suis Julien, r\u00e9dacteur pour Vie Associative. Passionn\u00e9 par le monde associatif depuis plus de 10 ans, j'ai \u00e0 c\u0153ur de partager des histoires inspirantes et de mettre en lumi\u00e8re les initiatives locales. Mon objectif est de sensibiliser et d'encourager l'engagement communautaire \u00e0 travers mes articles.\",\"sameAs\":[\"https:\/\/vieassociative.be\/\"]}]}<\/script>\n<!-- \/ Yoast SEO plugin. -->","yoast_head_json":{"title":"Il est ridiculement cher de r\u00e9parer un \u00e9cran Pixel 9 Pro Fold | Vie Associative","robots":{"index":"index","follow":"follow","max-snippet":"max-snippet:-1","max-image-preview":"max-image-preview:large","max-video-preview":"max-video-preview:-1"},"canonical":"https:\/\/vieassociative.be\/actualites\/il-est-ridiculement-cher-de-reparer-un-ecran-pixel-9-pro-fold\/","og_locale":"fr_FR","og_type":"article","og_title":"Il est ridiculement cher de r\u00e9parer un \u00e9cran Pixel 9 Pro Fold | Vie Associative","og_description":"Si vous le faites, autant acheter un nouveau t\u00e9l\u00e9phone. Le Pixel 9 Pro Fold est cher. Ce n\u2019est pas une nouveaut\u00e9 pour quiconque suit de","og_url":"https:\/\/vieassociative.be\/actualites\/il-est-ridiculement-cher-de-reparer-un-ecran-pixel-9-pro-fold\/","og_site_name":"Vie Associative","article_published_time":"2024-11-13T13:21:17+00:00","og_image":[{"width":279,"height":92,"url":"https:\/\/vieassociative.be\/actualites\/wp-content\/uploads\/2024\/09\/header_backgroundk-01-e1726694325946.png","type":"image\/png"}],"author":"Julien","twitter_card":"summary_large_image","twitter_misc":{"\u00c9crit par":"Julien","Dur\u00e9e de lecture est.":"2 minutes"},"schema":{"@context":"https:\/\/schema.org","@graph":[{"@type":"Article","@id":"https:\/\/vieassociative.be\/actualites\/il-est-ridiculement-cher-de-reparer-un-ecran-pixel-9-pro-fold\/#article","isPartOf":{"@id":"https:\/\/vieassociative.be\/actualites\/il-est-ridiculement-cher-de-reparer-un-ecran-pixel-9-pro-fold\/"},"author":{"name":"Julien","@id":"https:\/\/vieassociative.be\/actualites\/#\/schema\/person\/b87ac4f82f9d4e7b7cec7395b679edc4"},"headline":"Il est ridiculement cher de r\u00e9parer un \u00e9cran Pixel 9 Pro Fold","datePublished":"2024-11-13T13:21:17+00:00","dateModified":"2024-11-13T13:21:17+00:00","mainEntityOfPage":{"@id":"https:\/\/vieassociative.be\/actualites\/il-est-ridiculement-cher-de-reparer-un-ecran-pixel-9-pro-fold\/"},"wordCount":459,"publisher":{"@id":"https:\/\/vieassociative.be\/actualites\/#organization"},"image":{"@id":"https:\/\/vieassociative.be\/actualites\/il-est-ridiculement-cher-de-reparer-un-ecran-pixel-9-pro-fold\/#primaryimage"},"thumbnailUrl":"https:\/\/vieassociative.be\/actualites\/wp-content\/uploads\/2024\/11\/Il-est-ridiculement-cher-de-reparer-un-ecran-Pixel-9.jpg","keywords":["cher","\u00e9cran","est","Fold","Pixel","Pro","r\u00e9parer","ridiculement"],"articleSection":["Technologie"],"inLanguage":"fr-BE"},{"@type":"WebPage","@id":"https:\/\/vieassociative.be\/actualites\/il-est-ridiculement-cher-de-reparer-un-ecran-pixel-9-pro-fold\/","url":"https:\/\/vieassociative.be\/actualites\/il-est-ridiculement-cher-de-reparer-un-ecran-pixel-9-pro-fold\/","name":"Il est ridiculement cher de r\u00e9parer un \u00e9cran Pixel 9 Pro Fold | Vie Associative","isPartOf":{"@id":"https:\/\/vieassociative.be\/actualites\/#website"},"primaryImageOfPage":{"@id":"https:\/\/vieassociative.be\/actualites\/il-est-ridiculement-cher-de-reparer-un-ecran-pixel-9-pro-fold\/#primaryimage"},"image":{"@id":"https:\/\/vieassociative.be\/actualites\/il-est-ridiculement-cher-de-reparer-un-ecran-pixel-9-pro-fold\/#primaryimage"},"thumbnailUrl":"https:\/\/vieassociative.be\/actualites\/wp-content\/uploads\/2024\/11\/Il-est-ridiculement-cher-de-reparer-un-ecran-Pixel-9.jpg","datePublished":"2024-11-13T13:21:17+00:00","dateModified":"2024-11-13T13:21:17+00:00","breadcrumb":{"@id":"https:\/\/vieassociative.be\/actualites\/il-est-ridiculement-cher-de-reparer-un-ecran-pixel-9-pro-fold\/#breadcrumb"},"inLanguage":"fr-BE","potentialAction":[{"@type":"ReadAction","target":["https:\/\/vieassociative.be\/actualites\/il-est-ridiculement-cher-de-reparer-un-ecran-pixel-9-pro-fold\/"]}]},{"@type":"ImageObject","inLanguage":"fr-BE","@id":"https:\/\/vieassociative.be\/actualites\/il-est-ridiculement-cher-de-reparer-un-ecran-pixel-9-pro-fold\/#primaryimage","url":"https:\/\/vieassociative.be\/actualites\/wp-content\/uploads\/2024\/11\/Il-est-ridiculement-cher-de-reparer-un-ecran-Pixel-9.jpg","contentUrl":"https:\/\/vieassociative.be\/actualites\/wp-content\/uploads\/2024\/11\/Il-est-ridiculement-cher-de-reparer-un-ecran-Pixel-9.jpg","width":1200,"height":675,"caption":"Il est ridiculement cher de r\u00e9parer un \u00e9cran Pixel 9 Pro Fold"},{"@type":"BreadcrumbList","@id":"https:\/\/vieassociative.be\/actualites\/il-est-ridiculement-cher-de-reparer-un-ecran-pixel-9-pro-fold\/#breadcrumb","itemListElement":[{"@type":"ListItem","position":1,"name":"Accueil","item":"https:\/\/vieassociative.be\/actualites\/"},{"@type":"ListItem","position":2,"name":"Il est ridiculement cher de r\u00e9parer un \u00e9cran Pixel 9 Pro Fold"}]},{"@type":"WebSite","@id":"https:\/\/vieassociative.be\/actualites\/#website","url":"https:\/\/vieassociative.be\/actualites\/","name":"Vie Associative","description":"","publisher":{"@id":"https:\/\/vieassociative.be\/actualites\/#organization"},"potentialAction":[{"@type":"SearchAction","target":{"@type":"EntryPoint","urlTemplate":"https:\/\/vieassociative.be\/actualites\/?s={search_term_string}"},"query-input":{"@type":"PropertyValueSpecification","valueRequired":true,"valueName":"search_term_string"}}],"inLanguage":"fr-BE"},{"@type":"Organization","@id":"https:\/\/vieassociative.be\/actualites\/#organization","name":"Vie Associative","url":"https:\/\/vieassociative.be\/actualites\/","logo":{"@type":"ImageObject","inLanguage":"fr-BE","@id":"https:\/\/vieassociative.be\/actualites\/#\/schema\/logo\/image\/","url":"https:\/\/vieassociative.be\/actualites\/wp-content\/uploads\/2024\/09\/cropped-vieassociative_favicon.ico.png","contentUrl":"https:\/\/vieassociative.be\/actualites\/wp-content\/uploads\/2024\/09\/cropped-vieassociative_favicon.ico.png","width":512,"height":512,"caption":"Vie Associative"},"image":{"@id":"https:\/\/vieassociative.be\/actualites\/#\/schema\/logo\/image\/"}},{"@type":"Person","@id":"https:\/\/vieassociative.be\/actualites\/#\/schema\/person\/b87ac4f82f9d4e7b7cec7395b679edc4","name":"Julien","image":{"@type":"ImageObject","inLanguage":"fr-BE","@id":"https:\/\/vieassociative.be\/actualites\/#\/schema\/person\/image\/","url":"https:\/\/vieassociative.be\/actualites\/wp-content\/uploads\/2024\/09\/vie-associative-1-150x150.jpg","contentUrl":"https:\/\/vieassociative.be\/actualites\/wp-content\/uploads\/2024\/09\/vie-associative-1-150x150.jpg","caption":"Julien"},"description":"Je suis Julien, r\u00e9dacteur pour Vie Associative. Passionn\u00e9 par le monde associatif depuis plus de 10 ans, j'ai \u00e0 c\u0153ur de partager des histoires inspirantes et de mettre en lumi\u00e8re les initiatives locales. Mon objectif est de sensibiliser et d'encourager l'engagement communautaire \u00e0 travers mes articles.","sameAs":["https:\/\/vieassociative.be\/"]}]}},"_links":{"self":[{"href":"https:\/\/vieassociative.be\/actualites\/wp-json\/wp\/v2\/posts\/2372"}],"collection":[{"href":"https:\/\/vieassociative.be\/actualites\/wp-json\/wp\/v2\/posts"}],"about":[{"href":"https:\/\/vieassociative.be\/actualites\/wp-json\/wp\/v2\/types\/post"}],"author":[{"embeddable":true,"href":"https:\/\/vieassociative.be\/actualites\/wp-json\/wp\/v2\/users\/1"}],"replies":[{"embeddable":true,"href":"https:\/\/vieassociative.be\/actualites\/wp-json\/wp\/v2\/comments?post=2372"}],"version-history":[{"count":0,"href":"https:\/\/vieassociative.be\/actualites\/wp-json\/wp\/v2\/posts\/2372\/revisions"}],"wp:featuredmedia":[{"embeddable":true,"href":"https:\/\/vieassociative.be\/actualites\/wp-json\/wp\/v2\/media\/2373"}],"wp:attachment":[{"href":"https:\/\/vieassociative.be\/actualites\/wp-json\/wp\/v2\/media?parent=2372"}],"wp:term":[{"taxonomy":"category","embeddable":true,"href":"https:\/\/vieassociative.be\/actualites\/wp-json\/wp\/v2\/categories?post=2372"},{"taxonomy":"post_tag","embeddable":true,"href":"https:\/\/vieassociative.be\/actualites\/wp-json\/wp\/v2\/tags?post=2372"}],"curies":[{"name":"wp","href":"https:\/\/api.w.org\/{rel}","templated":true}]}}