{"id":2370,"date":"2024-11-13T13:19:21","date_gmt":"2024-11-13T12:19:21","guid":{"rendered":"https:\/\/vieassociative.be\/actualites\/la-difference-entre-le-travail-emotionnel-et-la-charge-mentale-et-comment-discuter-des-deux-avec-votre-partenaire\/"},"modified":"2024-11-13T13:19:21","modified_gmt":"2024-11-13T12:19:21","slug":"la-difference-entre-le-travail-emotionnel-et-la-charge-mentale-et-comment-discuter-des-deux-avec-votre-partenaire","status":"publish","type":"post","link":"https:\/\/vieassociative.be\/actualites\/la-difference-entre-le-travail-emotionnel-et-la-charge-mentale-et-comment-discuter-des-deux-avec-votre-partenaire\/","title":{"rendered":"La diff\u00e9rence entre le travail \u00e9motionnel et la charge mentale, et comment discuter des deux avec votre partenaire"},"content":{"rendered":"<div class=\"mt-4 leading-6 md:mb-8\">Tout comme les t\u00e2ches m\u00e9nag\u00e8res, ces charges doivent \u00eatre partag\u00e9es.<\/div>\n<p><\/p>\n<p>C&rsquo;est presque la F\u00eate du Travail, une f\u00eate que le D\u00e9partement am\u00e9ricain du Travail d\u00e9crit comme \u00ab une c\u00e9l\u00e9bration annuelle des r\u00e9alisations sociales et \u00e9conomiques des travailleurs am\u00e9ricains \u00bb. Que vous preniez cette affirmation au pied de la lettre ou que vous consid\u00e9riez ce jour de cong\u00e9 comme une arnaque gouvernementale, ce n&rsquo;est pas une mauvaise id\u00e9e de profiter de l&rsquo;occasion pour consid\u00e9rer tout le travail que font les gens qui n&rsquo;est pas accompagn\u00e9 d&rsquo;un salaire et qui passe largement inaper\u00e7u. : travail invisible.<\/p>\n<p>Le travail invisible est souvent consid\u00e9r\u00e9 comme l\u2019ensemble des t\u00e2ches qu\u2019un membre d\u2019un m\u00e9nage accomplit pour le faire fonctionner, tandis que son partenaire et\/ou le reste de sa famille ignore parfaitement qu\u2019il s\u2019agit de t\u00e2ches qui doivent \u00eatre accomplies. (Ou peut-\u00eatre qu&rsquo;ils en sont conscients, mais s&rsquo;en moquent, ce qui est un tout autre probl\u00e8me.)<\/p>\n<p>Mais ce n\u2019est pas le seul type de travail invisible : il y a aussi le travail \u00e9motionnel et la charge mentale. Et m\u00eame si ces termes sont souvent utilis\u00e9s de mani\u00e8re interchangeable, il existe certaines distinctions. Voici ce qu&rsquo;il faut savoir sur la diff\u00e9rence entre le travail \u00e9motionnel et la charge mentale, et comment discuter de ces deux types avec votre partenaire.<\/p>\n<h2 id=\"what-is-emotional-labor\">Qu\u2019est-ce que le travail \u00e9motionnel ?<\/h2>\n<p>Lorsque le sociologue Arlie Hochschild a introduit pour la premi\u00e8re fois le concept de travail \u00e9motionnel en 1983, il faisait r\u00e9f\u00e9rence \u00e0 \u00ab la r\u00e9gulation ou \u00e0 la gestion des expressions \u00e9motionnelles avec les autres dans le cadre de son r\u00f4le professionnel \u00bb, selon le Weld Lab de Penn State. <\/p>\n<p>Mais depuis lors, la d\u00e9finition s\u2019est consid\u00e9rablement \u00e9largie au-del\u00e0 du lieu de travail pour inclure les relations personnelles avec les amis, les membres de la famille et les partenaires amoureux. Par exemple, avez-vous quelqu\u2019un dans votre vie qui vient toujours vers vous pour vous faire part de ses probl\u00e8mes \u2013 ou simplement pour se plaindre \u2013 mais qui n\u2019a jamais le temps ni l\u2019int\u00e9r\u00eat de faire la m\u00eame chose pour vous ? Dans cette situation, vous effectuez un travail \u00e9motionnel.<\/p>\n<h2 id=\"what-is-mental-load\">Qu&rsquo;est-ce que la charge mentale ?<\/h2>\n<p>La charge mentale, en revanche, englobe bien plus : essentiellement, toutes les t\u00e2ches invisibles et non tangibles n\u00e9cessaires pour g\u00e9rer un m\u00e9nage, explique un article sur Healthline. <\/p>\n<p>Ainsi, peut-\u00eatre que votre partenaire ne vient jamais \u00e0 l&rsquo;esprit qu&rsquo;il devrait faire la lessive de temps en temps, mais il peut voir\/sentir\/sentir ses v\u00eatements nouvellement nettoy\u00e9s, il devrait donc avoir l&rsquo;id\u00e9e que quelque chose doit se produire pour que ceux-ci apparaissent.<\/p>\n<p>La t\u00e2che consistant \u00e0 faire physiquement la lessive est un type de travail invisible. Mais toute la r\u00e9flexion et la planification qui y sont li\u00e9es \u2013 y compris le fait de ne pas oublier de faire la lessive en premier lieu \u2013 constituent une charge mentale. L\u2019article de Healthline fournit une longue liste d\u2019autres exemples.<\/p>\n<h2 id=\"how-to-discuss-emotional-labor-and-mental-load-with-your-partner\">Comment discuter du travail \u00e9motionnel et de la charge mentale avec votre partenaire<\/h2>\n<p>Quel que soit le type de travail invisible dont vous faites les frais (il peut s&rsquo;agir de tous), ce n&rsquo;est pas quelque chose que vous devriez g\u00e9rer seul. Mais, pour diverses raisons, ce n\u2019est pas une conversation facile \u00e0 avoir avec un partenaire. <\/p>\n<p>Ou peut-\u00eatre avez-vous essay\u00e9 d&rsquo;en parler dans le pass\u00e9, et votre partenaire r\u00e9pond soit\u00a0: \u00ab\u00a0J&rsquo;ai dit que je serais heureux de vous aider, si vous me dites simplement quoi faire\u00a0\u00bb, ou \u00ab\u00a0Mais je fais X, Y, et Z tous les jours ! (Au cas o\u00f9 ce ne serait pas clair, d\u00e9terminer ce qui doit \u00eatre fait puis attribuer des t\u00e2ches \u00e0 quelqu&rsquo;un est en soi une sorte de charge mentale.)<\/p>\n<p>Quoi qu&rsquo;il en soit, voici quelques conseils pour aborder le sujet que le Dr Melissa Estavillo, psychologue agr\u00e9\u00e9e \u00e0 Phoenix et sp\u00e9cialis\u00e9e dans le conseil aux couples, a partag\u00e9 avec Healthline\u00a0:<\/p>\n<ul>\n<li>\n<p>Utilisez des d\u00e9clarations \u00ab je \u00bb pour d\u00e9crire la situation en termes de vos propres sentiments et exp\u00e9riences, plut\u00f4t que des d\u00e9clarations \u00ab vous \u00bb, ce qui pourrait donner \u00e0 votre partenaire l&rsquo;impression qu&rsquo;on lui reproche quelque chose (et ensuite se d\u00e9connecter ou se mettre sur la d\u00e9fensive).<\/p>\n<\/li>\n<li>\n<p>Faites savoir \u00e0 votre partenaire \u00e0 l&rsquo;avance que vous aimeriez parler. Assurez-vous de r\u00e9server du temps pour la discussion et de trouver un endroit sans distractions pour la tenir.<\/p>\n<\/li>\n<li>\n<p>Mentionnez que vous savez que votre partenaire s&rsquo;engage en faveur de l&rsquo;\u00e9galit\u00e9 dans votre relation et partez de l\u00e0. Cela pourrait impliquer de dire quelque chose comme : \u00ab Je sais que vous appr\u00e9ciez de contribuer de mani\u00e8re \u00e9gale \u00e0 notre relation, et je pense que vous ne r\u00e9alisez peut-\u00eatre pas que j&rsquo;ai plus de responsabilit\u00e9s qui passent inaper\u00e7ues. \u00bb<\/p>\n<\/li>\n<\/ul>\n<p>La conversation peut devoir avoir lieu plusieurs fois pour qu&rsquo;elle dure, et dans certains cas, le partenaire d&rsquo;une personne peut tout simplement ne pas vouloir renoncer \u00e0 sa position privil\u00e9gi\u00e9e dans la relation (auquel cas une conversation diff\u00e9rente doit avoir lieu). Mais si vous pensez que votre partenaire vient d&rsquo;un bon endroit et qu&rsquo;il ne se rend vraiment pas compte de l&rsquo;ampleur de votre travail, le porter \u00e0 son attention (avec gentillesse) peut aider.<\/p>\n<p><\/p>\n<p><em>En savoir plus sur la sant\u00e9 mentale et la th\u00e9rapie en ligne aupr\u00e8s du partenaire de G\/O Media.<\/em><\/p>\n<p><em>Vie Associative n&rsquo;est pas impliqu\u00e9 dans la cr\u00e9ation de ces articles mais peut percevoir une commission sur les achats via son contenu :<\/em><\/p>\n<p>Am\u00e9liorez votre sant\u00e9 mentale avec la th\u00e9rapie en ligne BetterHelp<br \/>Avis sur la th\u00e9rapie en ligne Talkspace\u00a0: co\u00fbts, fonctionnalit\u00e9s et plus pour 2022<br \/>Ce qu&rsquo;il faut consid\u00e9rer dans les options de th\u00e9rapie en ligne les plus abordables<br \/>Qu\u2019est-ce que la th\u00e9rapie en ligne et est-ce efficace ?<\/p>\n","protected":false},"excerpt":{"rendered":"<p>Tout comme les t\u00e2ches m\u00e9nag\u00e8res, ces charges doivent \u00eatre partag\u00e9es. C&rsquo;est presque la F\u00eate du Travail, une f\u00eate que le D\u00e9partement am\u00e9ricain du Travail d\u00e9crit<\/p>\n","protected":false},"author":1,"featured_media":2371,"comment_status":"","ping_status":"","sticky":false,"template":"","format":"standard","meta":{"footnotes":""},"categories":[42],"tags":[61,3135,44,29,114,111,2710,2126,70,1402,113,504,8],"class_list":["post-2370","post","type-post","status-publish","format-standard","has-post-thumbnail","hentry","category-relations","tag-avec","tag-charge","tag-comment","tag-des","tag-deux","tag-difference","tag-discuter","tag-emotionnel","tag-entre","tag-mentale","tag-partenaire","tag-travail","tag-votre","generate-columns","tablet-grid-50","mobile-grid-100","grid-parent","grid-33"],"yoast_head":"<!-- This site is optimized with the Yoast SEO plugin v24.0 - https:\/\/yoast.com\/wordpress\/plugins\/seo\/ -->\n<title>La diff\u00e9rence entre le travail \u00e9motionnel et la charge mentale, et comment discuter des deux avec votre partenaire | Vie Associative<\/title>\n<meta name=\"robots\" content=\"index, follow, max-snippet:-1, max-image-preview:large, max-video-preview:-1\" \/>\n<link rel=\"canonical\" href=\"https:\/\/vieassociative.be\/actualites\/la-difference-entre-le-travail-emotionnel-et-la-charge-mentale-et-comment-discuter-des-deux-avec-votre-partenaire\/\" \/>\n<meta property=\"og:locale\" content=\"fr_FR\" \/>\n<meta property=\"og:type\" content=\"article\" \/>\n<meta property=\"og:title\" content=\"La diff\u00e9rence entre le travail \u00e9motionnel et la charge mentale, et comment discuter des deux avec votre partenaire | Vie Associative\" \/>\n<meta property=\"og:description\" content=\"Tout comme les t\u00e2ches m\u00e9nag\u00e8res, ces charges doivent \u00eatre partag\u00e9es. C&rsquo;est presque la F\u00eate du Travail, une f\u00eate que le D\u00e9partement am\u00e9ricain du Travail d\u00e9crit\" \/>\n<meta property=\"og:url\" content=\"https:\/\/vieassociative.be\/actualites\/la-difference-entre-le-travail-emotionnel-et-la-charge-mentale-et-comment-discuter-des-deux-avec-votre-partenaire\/\" \/>\n<meta property=\"og:site_name\" content=\"Vie Associative\" \/>\n<meta property=\"article:published_time\" content=\"2024-11-13T12:19:21+00:00\" \/>\n<meta property=\"og:image\" content=\"https:\/\/vieassociative.be\/actualites\/wp-content\/uploads\/2024\/09\/header_backgroundk-01-e1726694325946.png\" \/>\n\t<meta property=\"og:image:width\" content=\"279\" \/>\n\t<meta property=\"og:image:height\" content=\"92\" \/>\n\t<meta property=\"og:image:type\" content=\"image\/png\" \/>\n<meta name=\"author\" content=\"Julien\" \/>\n<meta name=\"twitter:card\" content=\"summary_large_image\" \/>\n<meta name=\"twitter:label1\" content=\"\u00c9crit par\" \/>\n\t<meta name=\"twitter:data1\" content=\"Julien\" \/>\n\t<meta name=\"twitter:label2\" content=\"Dur\u00e9e de lecture est.\" \/>\n\t<meta name=\"twitter:data2\" content=\"5 minutes\" \/>\n<script type=\"application\/ld+json\" class=\"yoast-schema-graph\">{\"@context\":\"https:\/\/schema.org\",\"@graph\":[{\"@type\":\"Article\",\"@id\":\"https:\/\/vieassociative.be\/actualites\/la-difference-entre-le-travail-emotionnel-et-la-charge-mentale-et-comment-discuter-des-deux-avec-votre-partenaire\/#article\",\"isPartOf\":{\"@id\":\"https:\/\/vieassociative.be\/actualites\/la-difference-entre-le-travail-emotionnel-et-la-charge-mentale-et-comment-discuter-des-deux-avec-votre-partenaire\/\"},\"author\":{\"name\":\"Julien\",\"@id\":\"https:\/\/vieassociative.be\/actualites\/#\/schema\/person\/b87ac4f82f9d4e7b7cec7395b679edc4\"},\"headline\":\"La diff\u00e9rence entre le travail \u00e9motionnel et la charge mentale, et comment discuter des deux avec votre partenaire\",\"datePublished\":\"2024-11-13T12:19:21+00:00\",\"dateModified\":\"2024-11-13T12:19:21+00:00\",\"mainEntityOfPage\":{\"@id\":\"https:\/\/vieassociative.be\/actualites\/la-difference-entre-le-travail-emotionnel-et-la-charge-mentale-et-comment-discuter-des-deux-avec-votre-partenaire\/\"},\"wordCount\":1047,\"publisher\":{\"@id\":\"https:\/\/vieassociative.be\/actualites\/#organization\"},\"image\":{\"@id\":\"https:\/\/vieassociative.be\/actualites\/la-difference-entre-le-travail-emotionnel-et-la-charge-mentale-et-comment-discuter-des-deux-avec-votre-partenaire\/#primaryimage\"},\"thumbnailUrl\":\"https:\/\/vieassociative.be\/actualites\/wp-content\/uploads\/2024\/11\/La-difference-entre-le-travail-emotionnel-et-la-charge-mentale.jpg\",\"keywords\":[\"avec\",\"charge\",\"Comment\",\"Des\",\"deux\",\"diff\u00e9rence\",\"discuter\",\"\u00e9motionnel\",\"entre\",\"mentale\",\"partenaire\",\"travail\",\"votre\"],\"articleSection\":[\"Relations\"],\"inLanguage\":\"fr-BE\"},{\"@type\":\"WebPage\",\"@id\":\"https:\/\/vieassociative.be\/actualites\/la-difference-entre-le-travail-emotionnel-et-la-charge-mentale-et-comment-discuter-des-deux-avec-votre-partenaire\/\",\"url\":\"https:\/\/vieassociative.be\/actualites\/la-difference-entre-le-travail-emotionnel-et-la-charge-mentale-et-comment-discuter-des-deux-avec-votre-partenaire\/\",\"name\":\"La diff\u00e9rence entre le travail \u00e9motionnel et la charge mentale, et comment discuter des deux avec votre partenaire | Vie Associative\",\"isPartOf\":{\"@id\":\"https:\/\/vieassociative.be\/actualites\/#website\"},\"primaryImageOfPage\":{\"@id\":\"https:\/\/vieassociative.be\/actualites\/la-difference-entre-le-travail-emotionnel-et-la-charge-mentale-et-comment-discuter-des-deux-avec-votre-partenaire\/#primaryimage\"},\"image\":{\"@id\":\"https:\/\/vieassociative.be\/actualites\/la-difference-entre-le-travail-emotionnel-et-la-charge-mentale-et-comment-discuter-des-deux-avec-votre-partenaire\/#primaryimage\"},\"thumbnailUrl\":\"https:\/\/vieassociative.be\/actualites\/wp-content\/uploads\/2024\/11\/La-difference-entre-le-travail-emotionnel-et-la-charge-mentale.jpg\",\"datePublished\":\"2024-11-13T12:19:21+00:00\",\"dateModified\":\"2024-11-13T12:19:21+00:00\",\"breadcrumb\":{\"@id\":\"https:\/\/vieassociative.be\/actualites\/la-difference-entre-le-travail-emotionnel-et-la-charge-mentale-et-comment-discuter-des-deux-avec-votre-partenaire\/#breadcrumb\"},\"inLanguage\":\"fr-BE\",\"potentialAction\":[{\"@type\":\"ReadAction\",\"target\":[\"https:\/\/vieassociative.be\/actualites\/la-difference-entre-le-travail-emotionnel-et-la-charge-mentale-et-comment-discuter-des-deux-avec-votre-partenaire\/\"]}]},{\"@type\":\"ImageObject\",\"inLanguage\":\"fr-BE\",\"@id\":\"https:\/\/vieassociative.be\/actualites\/la-difference-entre-le-travail-emotionnel-et-la-charge-mentale-et-comment-discuter-des-deux-avec-votre-partenaire\/#primaryimage\",\"url\":\"https:\/\/vieassociative.be\/actualites\/wp-content\/uploads\/2024\/11\/La-difference-entre-le-travail-emotionnel-et-la-charge-mentale.jpg\",\"contentUrl\":\"https:\/\/vieassociative.be\/actualites\/wp-content\/uploads\/2024\/11\/La-difference-entre-le-travail-emotionnel-et-la-charge-mentale.jpg\",\"width\":1200,\"height\":675,\"caption\":\"La diff\u00e9rence entre le travail \u00e9motionnel et la charge mentale, et comment discuter des deux avec votre partenaire\"},{\"@type\":\"BreadcrumbList\",\"@id\":\"https:\/\/vieassociative.be\/actualites\/la-difference-entre-le-travail-emotionnel-et-la-charge-mentale-et-comment-discuter-des-deux-avec-votre-partenaire\/#breadcrumb\",\"itemListElement\":[{\"@type\":\"ListItem\",\"position\":1,\"name\":\"Accueil\",\"item\":\"https:\/\/vieassociative.be\/actualites\/\"},{\"@type\":\"ListItem\",\"position\":2,\"name\":\"La diff\u00e9rence entre le travail \u00e9motionnel et la charge mentale, et comment discuter des deux avec votre partenaire\"}]},{\"@type\":\"WebSite\",\"@id\":\"https:\/\/vieassociative.be\/actualites\/#website\",\"url\":\"https:\/\/vieassociative.be\/actualites\/\",\"name\":\"Vie Associative\",\"description\":\"\",\"publisher\":{\"@id\":\"https:\/\/vieassociative.be\/actualites\/#organization\"},\"potentialAction\":[{\"@type\":\"SearchAction\",\"target\":{\"@type\":\"EntryPoint\",\"urlTemplate\":\"https:\/\/vieassociative.be\/actualites\/?s={search_term_string}\"},\"query-input\":{\"@type\":\"PropertyValueSpecification\",\"valueRequired\":true,\"valueName\":\"search_term_string\"}}],\"inLanguage\":\"fr-BE\"},{\"@type\":\"Organization\",\"@id\":\"https:\/\/vieassociative.be\/actualites\/#organization\",\"name\":\"Vie Associative\",\"url\":\"https:\/\/vieassociative.be\/actualites\/\",\"logo\":{\"@type\":\"ImageObject\",\"inLanguage\":\"fr-BE\",\"@id\":\"https:\/\/vieassociative.be\/actualites\/#\/schema\/logo\/image\/\",\"url\":\"https:\/\/vieassociative.be\/actualites\/wp-content\/uploads\/2024\/09\/cropped-vieassociative_favicon.ico.png\",\"contentUrl\":\"https:\/\/vieassociative.be\/actualites\/wp-content\/uploads\/2024\/09\/cropped-vieassociative_favicon.ico.png\",\"width\":512,\"height\":512,\"caption\":\"Vie Associative\"},\"image\":{\"@id\":\"https:\/\/vieassociative.be\/actualites\/#\/schema\/logo\/image\/\"}},{\"@type\":\"Person\",\"@id\":\"https:\/\/vieassociative.be\/actualites\/#\/schema\/person\/b87ac4f82f9d4e7b7cec7395b679edc4\",\"name\":\"Julien\",\"image\":{\"@type\":\"ImageObject\",\"inLanguage\":\"fr-BE\",\"@id\":\"https:\/\/vieassociative.be\/actualites\/#\/schema\/person\/image\/\",\"url\":\"https:\/\/vieassociative.be\/actualites\/wp-content\/uploads\/2024\/09\/vie-associative-1-150x150.jpg\",\"contentUrl\":\"https:\/\/vieassociative.be\/actualites\/wp-content\/uploads\/2024\/09\/vie-associative-1-150x150.jpg\",\"caption\":\"Julien\"},\"description\":\"Je suis Julien, r\u00e9dacteur pour Vie Associative. Passionn\u00e9 par le monde associatif depuis plus de 10 ans, j'ai \u00e0 c\u0153ur de partager des histoires inspirantes et de mettre en lumi\u00e8re les initiatives locales. Mon objectif est de sensibiliser et d'encourager l'engagement communautaire \u00e0 travers mes articles.\",\"sameAs\":[\"https:\/\/vieassociative.be\/\"]}]}<\/script>\n<!-- \/ Yoast SEO plugin. -->","yoast_head_json":{"title":"La diff\u00e9rence entre le travail \u00e9motionnel et la charge mentale, et comment discuter des deux avec votre partenaire | Vie Associative","robots":{"index":"index","follow":"follow","max-snippet":"max-snippet:-1","max-image-preview":"max-image-preview:large","max-video-preview":"max-video-preview:-1"},"canonical":"https:\/\/vieassociative.be\/actualites\/la-difference-entre-le-travail-emotionnel-et-la-charge-mentale-et-comment-discuter-des-deux-avec-votre-partenaire\/","og_locale":"fr_FR","og_type":"article","og_title":"La diff\u00e9rence entre le travail \u00e9motionnel et la charge mentale, et comment discuter des deux avec votre partenaire | Vie Associative","og_description":"Tout comme les t\u00e2ches m\u00e9nag\u00e8res, ces charges doivent \u00eatre partag\u00e9es. C&rsquo;est presque la F\u00eate du Travail, une f\u00eate que le D\u00e9partement am\u00e9ricain du Travail d\u00e9crit","og_url":"https:\/\/vieassociative.be\/actualites\/la-difference-entre-le-travail-emotionnel-et-la-charge-mentale-et-comment-discuter-des-deux-avec-votre-partenaire\/","og_site_name":"Vie Associative","article_published_time":"2024-11-13T12:19:21+00:00","og_image":[{"width":279,"height":92,"url":"https:\/\/vieassociative.be\/actualites\/wp-content\/uploads\/2024\/09\/header_backgroundk-01-e1726694325946.png","type":"image\/png"}],"author":"Julien","twitter_card":"summary_large_image","twitter_misc":{"\u00c9crit par":"Julien","Dur\u00e9e de lecture est.":"5 minutes"},"schema":{"@context":"https:\/\/schema.org","@graph":[{"@type":"Article","@id":"https:\/\/vieassociative.be\/actualites\/la-difference-entre-le-travail-emotionnel-et-la-charge-mentale-et-comment-discuter-des-deux-avec-votre-partenaire\/#article","isPartOf":{"@id":"https:\/\/vieassociative.be\/actualites\/la-difference-entre-le-travail-emotionnel-et-la-charge-mentale-et-comment-discuter-des-deux-avec-votre-partenaire\/"},"author":{"name":"Julien","@id":"https:\/\/vieassociative.be\/actualites\/#\/schema\/person\/b87ac4f82f9d4e7b7cec7395b679edc4"},"headline":"La diff\u00e9rence entre le travail \u00e9motionnel et la charge mentale, et comment discuter des deux avec votre partenaire","datePublished":"2024-11-13T12:19:21+00:00","dateModified":"2024-11-13T12:19:21+00:00","mainEntityOfPage":{"@id":"https:\/\/vieassociative.be\/actualites\/la-difference-entre-le-travail-emotionnel-et-la-charge-mentale-et-comment-discuter-des-deux-avec-votre-partenaire\/"},"wordCount":1047,"publisher":{"@id":"https:\/\/vieassociative.be\/actualites\/#organization"},"image":{"@id":"https:\/\/vieassociative.be\/actualites\/la-difference-entre-le-travail-emotionnel-et-la-charge-mentale-et-comment-discuter-des-deux-avec-votre-partenaire\/#primaryimage"},"thumbnailUrl":"https:\/\/vieassociative.be\/actualites\/wp-content\/uploads\/2024\/11\/La-difference-entre-le-travail-emotionnel-et-la-charge-mentale.jpg","keywords":["avec","charge","Comment","Des","deux","diff\u00e9rence","discuter","\u00e9motionnel","entre","mentale","partenaire","travail","votre"],"articleSection":["Relations"],"inLanguage":"fr-BE"},{"@type":"WebPage","@id":"https:\/\/vieassociative.be\/actualites\/la-difference-entre-le-travail-emotionnel-et-la-charge-mentale-et-comment-discuter-des-deux-avec-votre-partenaire\/","url":"https:\/\/vieassociative.be\/actualites\/la-difference-entre-le-travail-emotionnel-et-la-charge-mentale-et-comment-discuter-des-deux-avec-votre-partenaire\/","name":"La diff\u00e9rence entre le travail \u00e9motionnel et la charge mentale, et comment discuter des deux avec votre partenaire | Vie Associative","isPartOf":{"@id":"https:\/\/vieassociative.be\/actualites\/#website"},"primaryImageOfPage":{"@id":"https:\/\/vieassociative.be\/actualites\/la-difference-entre-le-travail-emotionnel-et-la-charge-mentale-et-comment-discuter-des-deux-avec-votre-partenaire\/#primaryimage"},"image":{"@id":"https:\/\/vieassociative.be\/actualites\/la-difference-entre-le-travail-emotionnel-et-la-charge-mentale-et-comment-discuter-des-deux-avec-votre-partenaire\/#primaryimage"},"thumbnailUrl":"https:\/\/vieassociative.be\/actualites\/wp-content\/uploads\/2024\/11\/La-difference-entre-le-travail-emotionnel-et-la-charge-mentale.jpg","datePublished":"2024-11-13T12:19:21+00:00","dateModified":"2024-11-13T12:19:21+00:00","breadcrumb":{"@id":"https:\/\/vieassociative.be\/actualites\/la-difference-entre-le-travail-emotionnel-et-la-charge-mentale-et-comment-discuter-des-deux-avec-votre-partenaire\/#breadcrumb"},"inLanguage":"fr-BE","potentialAction":[{"@type":"ReadAction","target":["https:\/\/vieassociative.be\/actualites\/la-difference-entre-le-travail-emotionnel-et-la-charge-mentale-et-comment-discuter-des-deux-avec-votre-partenaire\/"]}]},{"@type":"ImageObject","inLanguage":"fr-BE","@id":"https:\/\/vieassociative.be\/actualites\/la-difference-entre-le-travail-emotionnel-et-la-charge-mentale-et-comment-discuter-des-deux-avec-votre-partenaire\/#primaryimage","url":"https:\/\/vieassociative.be\/actualites\/wp-content\/uploads\/2024\/11\/La-difference-entre-le-travail-emotionnel-et-la-charge-mentale.jpg","contentUrl":"https:\/\/vieassociative.be\/actualites\/wp-content\/uploads\/2024\/11\/La-difference-entre-le-travail-emotionnel-et-la-charge-mentale.jpg","width":1200,"height":675,"caption":"La diff\u00e9rence entre le travail \u00e9motionnel et la charge mentale, et comment discuter des deux avec votre partenaire"},{"@type":"BreadcrumbList","@id":"https:\/\/vieassociative.be\/actualites\/la-difference-entre-le-travail-emotionnel-et-la-charge-mentale-et-comment-discuter-des-deux-avec-votre-partenaire\/#breadcrumb","itemListElement":[{"@type":"ListItem","position":1,"name":"Accueil","item":"https:\/\/vieassociative.be\/actualites\/"},{"@type":"ListItem","position":2,"name":"La diff\u00e9rence entre le travail \u00e9motionnel et la charge mentale, et comment discuter des deux avec votre partenaire"}]},{"@type":"WebSite","@id":"https:\/\/vieassociative.be\/actualites\/#website","url":"https:\/\/vieassociative.be\/actualites\/","name":"Vie Associative","description":"","publisher":{"@id":"https:\/\/vieassociative.be\/actualites\/#organization"},"potentialAction":[{"@type":"SearchAction","target":{"@type":"EntryPoint","urlTemplate":"https:\/\/vieassociative.be\/actualites\/?s={search_term_string}"},"query-input":{"@type":"PropertyValueSpecification","valueRequired":true,"valueName":"search_term_string"}}],"inLanguage":"fr-BE"},{"@type":"Organization","@id":"https:\/\/vieassociative.be\/actualites\/#organization","name":"Vie Associative","url":"https:\/\/vieassociative.be\/actualites\/","logo":{"@type":"ImageObject","inLanguage":"fr-BE","@id":"https:\/\/vieassociative.be\/actualites\/#\/schema\/logo\/image\/","url":"https:\/\/vieassociative.be\/actualites\/wp-content\/uploads\/2024\/09\/cropped-vieassociative_favicon.ico.png","contentUrl":"https:\/\/vieassociative.be\/actualites\/wp-content\/uploads\/2024\/09\/cropped-vieassociative_favicon.ico.png","width":512,"height":512,"caption":"Vie Associative"},"image":{"@id":"https:\/\/vieassociative.be\/actualites\/#\/schema\/logo\/image\/"}},{"@type":"Person","@id":"https:\/\/vieassociative.be\/actualites\/#\/schema\/person\/b87ac4f82f9d4e7b7cec7395b679edc4","name":"Julien","image":{"@type":"ImageObject","inLanguage":"fr-BE","@id":"https:\/\/vieassociative.be\/actualites\/#\/schema\/person\/image\/","url":"https:\/\/vieassociative.be\/actualites\/wp-content\/uploads\/2024\/09\/vie-associative-1-150x150.jpg","contentUrl":"https:\/\/vieassociative.be\/actualites\/wp-content\/uploads\/2024\/09\/vie-associative-1-150x150.jpg","caption":"Julien"},"description":"Je suis Julien, r\u00e9dacteur pour Vie Associative. Passionn\u00e9 par le monde associatif depuis plus de 10 ans, j'ai \u00e0 c\u0153ur de partager des histoires inspirantes et de mettre en lumi\u00e8re les initiatives locales. Mon objectif est de sensibiliser et d'encourager l'engagement communautaire \u00e0 travers mes articles.","sameAs":["https:\/\/vieassociative.be\/"]}]}},"_links":{"self":[{"href":"https:\/\/vieassociative.be\/actualites\/wp-json\/wp\/v2\/posts\/2370"}],"collection":[{"href":"https:\/\/vieassociative.be\/actualites\/wp-json\/wp\/v2\/posts"}],"about":[{"href":"https:\/\/vieassociative.be\/actualites\/wp-json\/wp\/v2\/types\/post"}],"author":[{"embeddable":true,"href":"https:\/\/vieassociative.be\/actualites\/wp-json\/wp\/v2\/users\/1"}],"replies":[{"embeddable":true,"href":"https:\/\/vieassociative.be\/actualites\/wp-json\/wp\/v2\/comments?post=2370"}],"version-history":[{"count":0,"href":"https:\/\/vieassociative.be\/actualites\/wp-json\/wp\/v2\/posts\/2370\/revisions"}],"wp:featuredmedia":[{"embeddable":true,"href":"https:\/\/vieassociative.be\/actualites\/wp-json\/wp\/v2\/media\/2371"}],"wp:attachment":[{"href":"https:\/\/vieassociative.be\/actualites\/wp-json\/wp\/v2\/media?parent=2370"}],"wp:term":[{"taxonomy":"category","embeddable":true,"href":"https:\/\/vieassociative.be\/actualites\/wp-json\/wp\/v2\/categories?post=2370"},{"taxonomy":"post_tag","embeddable":true,"href":"https:\/\/vieassociative.be\/actualites\/wp-json\/wp\/v2\/tags?post=2370"}],"curies":[{"name":"wp","href":"https:\/\/api.w.org\/{rel}","templated":true}]}}