{"id":2364,"date":"2024-11-13T09:17:17","date_gmt":"2024-11-13T08:17:17","guid":{"rendered":"https:\/\/vieassociative.be\/actualites\/rodolphe-collienne-parle-de-lhistoire-et-de-limportance-du-barrage-deupen-weser\/"},"modified":"2024-11-13T09:17:17","modified_gmt":"2024-11-13T08:17:17","slug":"rodolphe-collienne-parle-de-lhistoire-et-de-limportance-du-barrage-deupen-weser","status":"publish","type":"post","link":"https:\/\/vieassociative.be\/actualites\/rodolphe-collienne-parle-de-lhistoire-et-de-limportance-du-barrage-deupen-weser\/","title":{"rendered":"Rodolphe Collienne parle de l&rsquo;histoire et de l&rsquo;importance du barrage d&rsquo;Eupen Weser"},"content":{"rendered":"<p><strong>Avec les clochers de l&rsquo;\u00e9glise paroissiale Saint-Nicolas, le barrage de la Weser est l&#8217;embl\u00e8me de la ville d&rsquo;Eupen. N\u00e9anmoins, l\u2019histoire du barrage est encore m\u00e9connue de beaucoup.<\/strong><\/p>\n<p><span id=\"more-401395\"><\/span>Dans le cadre d&rsquo;une s\u00e9rie d&rsquo;\u00e9v\u00e9nements c\u00e9l\u00e9brant le 75e anniversaire de l&rsquo;association \u00ab Les Beaux Spectacles Fran\u00e7ais \u00bb, Rodolphe Collienne donnera une conf\u00e9rence sur l&rsquo;histoire et l&rsquo;importance du barrage d&rsquo;Eupen.<\/p>\n<p>Le barrage de la Weser est le r\u00e9servoir d&rsquo;eau (potable) le plus important de Belgique. C&rsquo;est \u00e9galement une destination d&rsquo;excursion populaire. La construction du barrage a commenc\u00e9 en 1936, mais en raison de retards politiques et li\u00e9s \u00e0 la guerre, le barrage n&rsquo;a pu \u00eatre achev\u00e9 et inaugur\u00e9 qu&rsquo;en 1950 (voir photo ci-jointe).<\/p>\n<div id=\"attachment_338151\" class=\"wp-caption alignleft\" style=\"max-width: 300px\"><img fetchpriority=\"high\" decoding=\"async\" class=\"wp-image-338151 size-medium\" src=\"https:\/\/vieassociative.be\/actualites\/wp-content\/uploads\/2024\/11\/Rodolphe-Collienne-parle-de-lhistoire-et-de-limportance-du-barrage.jpeg\" alt=\"\" width=\"300\" height=\"170\"><\/p>\n<p class=\"wp-caption-text\">Inauguration du barrage Eupen Weser en f\u00e9vrier 1950. Photo : Die Lupe<\/p>\n<\/div>\n<p>Le barrage a \u00e9t\u00e9 construit principalement pour assurer l&rsquo;approvisionnement en eau potable de la r\u00e9gion, la r\u00e9gulation de la Weser et des quantit\u00e9s suffisantes d&rsquo;eau industrielle pour l&rsquo;industrie.<\/p>\n<p>Rodolphe Collienne est n\u00e9 en 1941 et d\u00e9couvre le barrage d&rsquo;Eupen avec ses parents au d\u00e9but des ann\u00e9es 1950. Apr\u00e8s avoir obtenu son master en chimie, il est employ\u00e9 comme chimiste et chef de laboratoire \u00e0 la station d&rsquo;\u00e9puration du barrage de Weser, qui relevait alors du Service des Barrages (minist\u00e8re des Travaux Publics). Il termine sa carri\u00e8re comme chef de service \u00e0 l&rsquo;Entreprise r\u00e9gionale de Production et de grand Transport d&rsquo;Eau de la R\u00e9gion Wallonne.<\/p>\n<p>VENDREDI 29 NOVEMBRE 2024, \u00e0 20h : Hors Cycle (Explo + Abonnement)<\/p>\n<p>CENTRE CULTUREL J\u00dcNGLINGSHAUS, Neustra\u00dfe 86, EUPEN.<\/p>\n<p>Prix \u200b\u200bdes places : 9,00 \u20ac &#8211; Tarif r\u00e9duit : 6,50 \u20ac &#8211; R\u00e9servations \u00e0 partir du 25 novembre 2024 chez KultKom, Neustra\u00dfe 86 \u00e0 Eupen &#8211; T\u00e9l.<\/p>\n","protected":false},"excerpt":{"rendered":"<p>Avec les clochers de l&rsquo;\u00e9glise paroissiale Saint-Nicolas, le barrage de la Weser est l&#8217;embl\u00e8me de la ville d&rsquo;Eupen. N\u00e9anmoins, l\u2019histoire du barrage est encore m\u00e9connue<\/p>\n","protected":false},"author":1,"featured_media":2365,"comment_status":"","ping_status":"","sticky":false,"template":"","format":"standard","meta":{"footnotes":""},"categories":[298],"tags":[3129,3126,2403,2716,3128,3127,3125,3130],"class_list":["post-2364","post","type-post","status-publish","format-standard","has-post-thumbnail","hentry","category-belgique","tag-barrage","tag-collienne","tag-deupen","tag-lhistoire","tag-limportance","tag-parle","tag-rodolphe","tag-weser","generate-columns","tablet-grid-50","mobile-grid-100","grid-parent","grid-33"],"yoast_head":"<!-- This site is optimized with the Yoast SEO plugin v24.0 - https:\/\/yoast.com\/wordpress\/plugins\/seo\/ -->\n<title>Rodolphe Collienne parle de l&#039;histoire et de l&#039;importance du barrage d&#039;Eupen Weser | Vie Associative<\/title>\n<meta name=\"robots\" content=\"index, follow, max-snippet:-1, max-image-preview:large, max-video-preview:-1\" \/>\n<link rel=\"canonical\" href=\"https:\/\/vieassociative.be\/actualites\/rodolphe-collienne-parle-de-lhistoire-et-de-limportance-du-barrage-deupen-weser\/\" \/>\n<meta property=\"og:locale\" content=\"fr_FR\" \/>\n<meta property=\"og:type\" content=\"article\" \/>\n<meta property=\"og:title\" content=\"Rodolphe Collienne parle de l&#039;histoire et de l&#039;importance du barrage d&#039;Eupen Weser | Vie Associative\" \/>\n<meta property=\"og:description\" content=\"Avec les clochers de l&rsquo;\u00e9glise paroissiale Saint-Nicolas, le barrage de la Weser est l&#8217;embl\u00e8me de la ville d&rsquo;Eupen. N\u00e9anmoins, l\u2019histoire du barrage est encore m\u00e9connue\" \/>\n<meta property=\"og:url\" content=\"https:\/\/vieassociative.be\/actualites\/rodolphe-collienne-parle-de-lhistoire-et-de-limportance-du-barrage-deupen-weser\/\" \/>\n<meta property=\"og:site_name\" content=\"Vie Associative\" \/>\n<meta property=\"article:published_time\" content=\"2024-11-13T08:17:17+00:00\" \/>\n<meta property=\"og:image\" content=\"https:\/\/vieassociative.be\/actualites\/wp-content\/uploads\/2024\/11\/Rodolphe-Collienne-parle-de-lhistoire-et-de-limportance-du-barrage.jpeg\" \/>\n<meta name=\"author\" content=\"Julien\" \/>\n<meta name=\"twitter:card\" content=\"summary_large_image\" \/>\n<meta name=\"twitter:label1\" content=\"\u00c9crit par\" \/>\n\t<meta name=\"twitter:data1\" content=\"Julien\" \/>\n\t<meta name=\"twitter:label2\" content=\"Dur\u00e9e de lecture est.\" \/>\n\t<meta name=\"twitter:data2\" content=\"1 minute\" \/>\n<script type=\"application\/ld+json\" class=\"yoast-schema-graph\">{\"@context\":\"https:\/\/schema.org\",\"@graph\":[{\"@type\":\"Article\",\"@id\":\"https:\/\/vieassociative.be\/actualites\/rodolphe-collienne-parle-de-lhistoire-et-de-limportance-du-barrage-deupen-weser\/#article\",\"isPartOf\":{\"@id\":\"https:\/\/vieassociative.be\/actualites\/rodolphe-collienne-parle-de-lhistoire-et-de-limportance-du-barrage-deupen-weser\/\"},\"author\":{\"name\":\"Julien\",\"@id\":\"https:\/\/vieassociative.be\/actualites\/#\/schema\/person\/b87ac4f82f9d4e7b7cec7395b679edc4\"},\"headline\":\"Rodolphe Collienne parle de l&rsquo;histoire et de l&rsquo;importance du barrage d&rsquo;Eupen Weser\",\"datePublished\":\"2024-11-13T08:17:17+00:00\",\"dateModified\":\"2024-11-13T08:17:17+00:00\",\"mainEntityOfPage\":{\"@id\":\"https:\/\/vieassociative.be\/actualites\/rodolphe-collienne-parle-de-lhistoire-et-de-limportance-du-barrage-deupen-weser\/\"},\"wordCount\":310,\"publisher\":{\"@id\":\"https:\/\/vieassociative.be\/actualites\/#organization\"},\"image\":{\"@id\":\"https:\/\/vieassociative.be\/actualites\/rodolphe-collienne-parle-de-lhistoire-et-de-limportance-du-barrage-deupen-weser\/#primaryimage\"},\"thumbnailUrl\":\"https:\/\/vieassociative.be\/actualites\/wp-content\/uploads\/2024\/11\/Rodolphe-Collienne-parle-de-lhistoire-et-de-limportance-du-barrage.jpg\",\"keywords\":[\"barrage\",\"Collienne\",\"dEupen\",\"lhistoire\",\"limportance\",\"parle\",\"Rodolphe\",\"Weser\"],\"articleSection\":[\"Belgique\"],\"inLanguage\":\"fr-BE\"},{\"@type\":\"WebPage\",\"@id\":\"https:\/\/vieassociative.be\/actualites\/rodolphe-collienne-parle-de-lhistoire-et-de-limportance-du-barrage-deupen-weser\/\",\"url\":\"https:\/\/vieassociative.be\/actualites\/rodolphe-collienne-parle-de-lhistoire-et-de-limportance-du-barrage-deupen-weser\/\",\"name\":\"Rodolphe Collienne parle de l'histoire et de l'importance du barrage d'Eupen Weser | Vie Associative\",\"isPartOf\":{\"@id\":\"https:\/\/vieassociative.be\/actualites\/#website\"},\"primaryImageOfPage\":{\"@id\":\"https:\/\/vieassociative.be\/actualites\/rodolphe-collienne-parle-de-lhistoire-et-de-limportance-du-barrage-deupen-weser\/#primaryimage\"},\"image\":{\"@id\":\"https:\/\/vieassociative.be\/actualites\/rodolphe-collienne-parle-de-lhistoire-et-de-limportance-du-barrage-deupen-weser\/#primaryimage\"},\"thumbnailUrl\":\"https:\/\/vieassociative.be\/actualites\/wp-content\/uploads\/2024\/11\/Rodolphe-Collienne-parle-de-lhistoire-et-de-limportance-du-barrage.jpg\",\"datePublished\":\"2024-11-13T08:17:17+00:00\",\"dateModified\":\"2024-11-13T08:17:17+00:00\",\"breadcrumb\":{\"@id\":\"https:\/\/vieassociative.be\/actualites\/rodolphe-collienne-parle-de-lhistoire-et-de-limportance-du-barrage-deupen-weser\/#breadcrumb\"},\"inLanguage\":\"fr-BE\",\"potentialAction\":[{\"@type\":\"ReadAction\",\"target\":[\"https:\/\/vieassociative.be\/actualites\/rodolphe-collienne-parle-de-lhistoire-et-de-limportance-du-barrage-deupen-weser\/\"]}]},{\"@type\":\"ImageObject\",\"inLanguage\":\"fr-BE\",\"@id\":\"https:\/\/vieassociative.be\/actualites\/rodolphe-collienne-parle-de-lhistoire-et-de-limportance-du-barrage-deupen-weser\/#primaryimage\",\"url\":\"https:\/\/vieassociative.be\/actualites\/wp-content\/uploads\/2024\/11\/Rodolphe-Collienne-parle-de-lhistoire-et-de-limportance-du-barrage.jpg\",\"contentUrl\":\"https:\/\/vieassociative.be\/actualites\/wp-content\/uploads\/2024\/11\/Rodolphe-Collienne-parle-de-lhistoire-et-de-limportance-du-barrage.jpg\",\"width\":1200,\"height\":807,\"caption\":\"Rodolphe Collienne parle de l'histoire et de l'importance du barrage d'Eupen Weser\"},{\"@type\":\"BreadcrumbList\",\"@id\":\"https:\/\/vieassociative.be\/actualites\/rodolphe-collienne-parle-de-lhistoire-et-de-limportance-du-barrage-deupen-weser\/#breadcrumb\",\"itemListElement\":[{\"@type\":\"ListItem\",\"position\":1,\"name\":\"Accueil\",\"item\":\"https:\/\/vieassociative.be\/actualites\/\"},{\"@type\":\"ListItem\",\"position\":2,\"name\":\"Rodolphe Collienne parle de l&rsquo;histoire et de l&rsquo;importance du barrage d&rsquo;Eupen Weser\"}]},{\"@type\":\"WebSite\",\"@id\":\"https:\/\/vieassociative.be\/actualites\/#website\",\"url\":\"https:\/\/vieassociative.be\/actualites\/\",\"name\":\"Vie Associative\",\"description\":\"\",\"publisher\":{\"@id\":\"https:\/\/vieassociative.be\/actualites\/#organization\"},\"potentialAction\":[{\"@type\":\"SearchAction\",\"target\":{\"@type\":\"EntryPoint\",\"urlTemplate\":\"https:\/\/vieassociative.be\/actualites\/?s={search_term_string}\"},\"query-input\":{\"@type\":\"PropertyValueSpecification\",\"valueRequired\":true,\"valueName\":\"search_term_string\"}}],\"inLanguage\":\"fr-BE\"},{\"@type\":\"Organization\",\"@id\":\"https:\/\/vieassociative.be\/actualites\/#organization\",\"name\":\"Vie Associative\",\"url\":\"https:\/\/vieassociative.be\/actualites\/\",\"logo\":{\"@type\":\"ImageObject\",\"inLanguage\":\"fr-BE\",\"@id\":\"https:\/\/vieassociative.be\/actualites\/#\/schema\/logo\/image\/\",\"url\":\"https:\/\/vieassociative.be\/actualites\/wp-content\/uploads\/2024\/09\/cropped-vieassociative_favicon.ico.png\",\"contentUrl\":\"https:\/\/vieassociative.be\/actualites\/wp-content\/uploads\/2024\/09\/cropped-vieassociative_favicon.ico.png\",\"width\":512,\"height\":512,\"caption\":\"Vie Associative\"},\"image\":{\"@id\":\"https:\/\/vieassociative.be\/actualites\/#\/schema\/logo\/image\/\"}},{\"@type\":\"Person\",\"@id\":\"https:\/\/vieassociative.be\/actualites\/#\/schema\/person\/b87ac4f82f9d4e7b7cec7395b679edc4\",\"name\":\"Julien\",\"image\":{\"@type\":\"ImageObject\",\"inLanguage\":\"fr-BE\",\"@id\":\"https:\/\/vieassociative.be\/actualites\/#\/schema\/person\/image\/\",\"url\":\"https:\/\/vieassociative.be\/actualites\/wp-content\/uploads\/2024\/09\/vie-associative-1-150x150.jpg\",\"contentUrl\":\"https:\/\/vieassociative.be\/actualites\/wp-content\/uploads\/2024\/09\/vie-associative-1-150x150.jpg\",\"caption\":\"Julien\"},\"description\":\"Je suis Julien, r\u00e9dacteur pour Vie Associative. Passionn\u00e9 par le monde associatif depuis plus de 10 ans, j'ai \u00e0 c\u0153ur de partager des histoires inspirantes et de mettre en lumi\u00e8re les initiatives locales. Mon objectif est de sensibiliser et d'encourager l'engagement communautaire \u00e0 travers mes articles.\",\"sameAs\":[\"https:\/\/vieassociative.be\/\"]}]}<\/script>\n<!-- \/ Yoast SEO plugin. -->","yoast_head_json":{"title":"Rodolphe Collienne parle de l'histoire et de l'importance du barrage d'Eupen Weser | Vie Associative","robots":{"index":"index","follow":"follow","max-snippet":"max-snippet:-1","max-image-preview":"max-image-preview:large","max-video-preview":"max-video-preview:-1"},"canonical":"https:\/\/vieassociative.be\/actualites\/rodolphe-collienne-parle-de-lhistoire-et-de-limportance-du-barrage-deupen-weser\/","og_locale":"fr_FR","og_type":"article","og_title":"Rodolphe Collienne parle de l'histoire et de l'importance du barrage d'Eupen Weser | Vie Associative","og_description":"Avec les clochers de l&rsquo;\u00e9glise paroissiale Saint-Nicolas, le barrage de la Weser est l&#8217;embl\u00e8me de la ville d&rsquo;Eupen. N\u00e9anmoins, l\u2019histoire du barrage est encore m\u00e9connue","og_url":"https:\/\/vieassociative.be\/actualites\/rodolphe-collienne-parle-de-lhistoire-et-de-limportance-du-barrage-deupen-weser\/","og_site_name":"Vie Associative","article_published_time":"2024-11-13T08:17:17+00:00","og_image":[{"url":"https:\/\/vieassociative.be\/actualites\/wp-content\/uploads\/2024\/11\/Rodolphe-Collienne-parle-de-lhistoire-et-de-limportance-du-barrage.jpeg","type":"","width":"","height":""}],"author":"Julien","twitter_card":"summary_large_image","twitter_misc":{"\u00c9crit par":"Julien","Dur\u00e9e de lecture est.":"1 minute"},"schema":{"@context":"https:\/\/schema.org","@graph":[{"@type":"Article","@id":"https:\/\/vieassociative.be\/actualites\/rodolphe-collienne-parle-de-lhistoire-et-de-limportance-du-barrage-deupen-weser\/#article","isPartOf":{"@id":"https:\/\/vieassociative.be\/actualites\/rodolphe-collienne-parle-de-lhistoire-et-de-limportance-du-barrage-deupen-weser\/"},"author":{"name":"Julien","@id":"https:\/\/vieassociative.be\/actualites\/#\/schema\/person\/b87ac4f82f9d4e7b7cec7395b679edc4"},"headline":"Rodolphe Collienne parle de l&rsquo;histoire et de l&rsquo;importance du barrage d&rsquo;Eupen Weser","datePublished":"2024-11-13T08:17:17+00:00","dateModified":"2024-11-13T08:17:17+00:00","mainEntityOfPage":{"@id":"https:\/\/vieassociative.be\/actualites\/rodolphe-collienne-parle-de-lhistoire-et-de-limportance-du-barrage-deupen-weser\/"},"wordCount":310,"publisher":{"@id":"https:\/\/vieassociative.be\/actualites\/#organization"},"image":{"@id":"https:\/\/vieassociative.be\/actualites\/rodolphe-collienne-parle-de-lhistoire-et-de-limportance-du-barrage-deupen-weser\/#primaryimage"},"thumbnailUrl":"https:\/\/vieassociative.be\/actualites\/wp-content\/uploads\/2024\/11\/Rodolphe-Collienne-parle-de-lhistoire-et-de-limportance-du-barrage.jpg","keywords":["barrage","Collienne","dEupen","lhistoire","limportance","parle","Rodolphe","Weser"],"articleSection":["Belgique"],"inLanguage":"fr-BE"},{"@type":"WebPage","@id":"https:\/\/vieassociative.be\/actualites\/rodolphe-collienne-parle-de-lhistoire-et-de-limportance-du-barrage-deupen-weser\/","url":"https:\/\/vieassociative.be\/actualites\/rodolphe-collienne-parle-de-lhistoire-et-de-limportance-du-barrage-deupen-weser\/","name":"Rodolphe Collienne parle de l'histoire et de l'importance du barrage d'Eupen Weser | Vie Associative","isPartOf":{"@id":"https:\/\/vieassociative.be\/actualites\/#website"},"primaryImageOfPage":{"@id":"https:\/\/vieassociative.be\/actualites\/rodolphe-collienne-parle-de-lhistoire-et-de-limportance-du-barrage-deupen-weser\/#primaryimage"},"image":{"@id":"https:\/\/vieassociative.be\/actualites\/rodolphe-collienne-parle-de-lhistoire-et-de-limportance-du-barrage-deupen-weser\/#primaryimage"},"thumbnailUrl":"https:\/\/vieassociative.be\/actualites\/wp-content\/uploads\/2024\/11\/Rodolphe-Collienne-parle-de-lhistoire-et-de-limportance-du-barrage.jpg","datePublished":"2024-11-13T08:17:17+00:00","dateModified":"2024-11-13T08:17:17+00:00","breadcrumb":{"@id":"https:\/\/vieassociative.be\/actualites\/rodolphe-collienne-parle-de-lhistoire-et-de-limportance-du-barrage-deupen-weser\/#breadcrumb"},"inLanguage":"fr-BE","potentialAction":[{"@type":"ReadAction","target":["https:\/\/vieassociative.be\/actualites\/rodolphe-collienne-parle-de-lhistoire-et-de-limportance-du-barrage-deupen-weser\/"]}]},{"@type":"ImageObject","inLanguage":"fr-BE","@id":"https:\/\/vieassociative.be\/actualites\/rodolphe-collienne-parle-de-lhistoire-et-de-limportance-du-barrage-deupen-weser\/#primaryimage","url":"https:\/\/vieassociative.be\/actualites\/wp-content\/uploads\/2024\/11\/Rodolphe-Collienne-parle-de-lhistoire-et-de-limportance-du-barrage.jpg","contentUrl":"https:\/\/vieassociative.be\/actualites\/wp-content\/uploads\/2024\/11\/Rodolphe-Collienne-parle-de-lhistoire-et-de-limportance-du-barrage.jpg","width":1200,"height":807,"caption":"Rodolphe Collienne parle de l'histoire et de l'importance du barrage d'Eupen Weser"},{"@type":"BreadcrumbList","@id":"https:\/\/vieassociative.be\/actualites\/rodolphe-collienne-parle-de-lhistoire-et-de-limportance-du-barrage-deupen-weser\/#breadcrumb","itemListElement":[{"@type":"ListItem","position":1,"name":"Accueil","item":"https:\/\/vieassociative.be\/actualites\/"},{"@type":"ListItem","position":2,"name":"Rodolphe Collienne parle de l&rsquo;histoire et de l&rsquo;importance du barrage d&rsquo;Eupen Weser"}]},{"@type":"WebSite","@id":"https:\/\/vieassociative.be\/actualites\/#website","url":"https:\/\/vieassociative.be\/actualites\/","name":"Vie Associative","description":"","publisher":{"@id":"https:\/\/vieassociative.be\/actualites\/#organization"},"potentialAction":[{"@type":"SearchAction","target":{"@type":"EntryPoint","urlTemplate":"https:\/\/vieassociative.be\/actualites\/?s={search_term_string}"},"query-input":{"@type":"PropertyValueSpecification","valueRequired":true,"valueName":"search_term_string"}}],"inLanguage":"fr-BE"},{"@type":"Organization","@id":"https:\/\/vieassociative.be\/actualites\/#organization","name":"Vie Associative","url":"https:\/\/vieassociative.be\/actualites\/","logo":{"@type":"ImageObject","inLanguage":"fr-BE","@id":"https:\/\/vieassociative.be\/actualites\/#\/schema\/logo\/image\/","url":"https:\/\/vieassociative.be\/actualites\/wp-content\/uploads\/2024\/09\/cropped-vieassociative_favicon.ico.png","contentUrl":"https:\/\/vieassociative.be\/actualites\/wp-content\/uploads\/2024\/09\/cropped-vieassociative_favicon.ico.png","width":512,"height":512,"caption":"Vie Associative"},"image":{"@id":"https:\/\/vieassociative.be\/actualites\/#\/schema\/logo\/image\/"}},{"@type":"Person","@id":"https:\/\/vieassociative.be\/actualites\/#\/schema\/person\/b87ac4f82f9d4e7b7cec7395b679edc4","name":"Julien","image":{"@type":"ImageObject","inLanguage":"fr-BE","@id":"https:\/\/vieassociative.be\/actualites\/#\/schema\/person\/image\/","url":"https:\/\/vieassociative.be\/actualites\/wp-content\/uploads\/2024\/09\/vie-associative-1-150x150.jpg","contentUrl":"https:\/\/vieassociative.be\/actualites\/wp-content\/uploads\/2024\/09\/vie-associative-1-150x150.jpg","caption":"Julien"},"description":"Je suis Julien, r\u00e9dacteur pour Vie Associative. Passionn\u00e9 par le monde associatif depuis plus de 10 ans, j'ai \u00e0 c\u0153ur de partager des histoires inspirantes et de mettre en lumi\u00e8re les initiatives locales. Mon objectif est de sensibiliser et d'encourager l'engagement communautaire \u00e0 travers mes articles.","sameAs":["https:\/\/vieassociative.be\/"]}]}},"_links":{"self":[{"href":"https:\/\/vieassociative.be\/actualites\/wp-json\/wp\/v2\/posts\/2364"}],"collection":[{"href":"https:\/\/vieassociative.be\/actualites\/wp-json\/wp\/v2\/posts"}],"about":[{"href":"https:\/\/vieassociative.be\/actualites\/wp-json\/wp\/v2\/types\/post"}],"author":[{"embeddable":true,"href":"https:\/\/vieassociative.be\/actualites\/wp-json\/wp\/v2\/users\/1"}],"replies":[{"embeddable":true,"href":"https:\/\/vieassociative.be\/actualites\/wp-json\/wp\/v2\/comments?post=2364"}],"version-history":[{"count":0,"href":"https:\/\/vieassociative.be\/actualites\/wp-json\/wp\/v2\/posts\/2364\/revisions"}],"wp:featuredmedia":[{"embeddable":true,"href":"https:\/\/vieassociative.be\/actualites\/wp-json\/wp\/v2\/media\/2365"}],"wp:attachment":[{"href":"https:\/\/vieassociative.be\/actualites\/wp-json\/wp\/v2\/media?parent=2364"}],"wp:term":[{"taxonomy":"category","embeddable":true,"href":"https:\/\/vieassociative.be\/actualites\/wp-json\/wp\/v2\/categories?post=2364"},{"taxonomy":"post_tag","embeddable":true,"href":"https:\/\/vieassociative.be\/actualites\/wp-json\/wp\/v2\/tags?post=2364"}],"curies":[{"name":"wp","href":"https:\/\/api.w.org\/{rel}","templated":true}]}}