{"id":2362,"date":"2024-11-13T08:16:57","date_gmt":"2024-11-13T07:16:57","guid":{"rendered":"https:\/\/vieassociative.be\/actualites\/tous-les-modeles-de-macbook-air-sont-en-vente-des-maintenant\/"},"modified":"2024-11-13T08:16:57","modified_gmt":"2024-11-13T07:16:57","slug":"tous-les-modeles-de-macbook-air-sont-en-vente-des-maintenant","status":"publish","type":"post","link":"https:\/\/vieassociative.be\/actualites\/tous-les-modeles-de-macbook-air-sont-en-vente-des-maintenant\/","title":{"rendered":"Tous les mod\u00e8les de MacBook Air sont en vente d\u00e8s maintenant"},"content":{"rendered":"<div class=\"mt-4 leading-6 md:mb-8\">Le MacBook Air M3 est tomb\u00e9 \u00e0 un prix record de 799 $, le M2 de 16 Go de RAM co\u00fbte d\u00e9sormais 749 $ et le M1 649 $.<\/div>\n<p><\/p>\n<p>\u00ab\u00a0Ne payez jamais le prix fort pour un MacBook Air\u00a0\u00bb semble \u00eatre la le\u00e7on \u00e0 retenir des r\u00e9cents lancements d&rsquo;Apple. Apple a d\u00e9voil\u00e9 sa gamme mise \u00e0 jour d&rsquo;ordinateurs portables MacBook Air \u00e9quip\u00e9s de M3 d\u00e9but mars, et tous les M3 ont b\u00e9n\u00e9fici\u00e9 de leurs premi\u00e8res r\u00e9ductions trois semaines plus tard. Les MacBook Air M3, M2 et M1 b\u00e9n\u00e9ficient tous de r\u00e9ductions et sont \u00e0 certains de leurs prix les plus bas selon les outils de suivi des prix. Si vous avez un budget limit\u00e9, vous pouvez toujours opter pour les anciens ordinateurs portables M2 et M1, qui sont toujours d&rsquo;excellents ordinateurs portables en 2024.<\/p>\n<h2 id=\"the-best-deal-on-the-m3-macbook-air\">La meilleure offre sur le MacBook Air M3<\/h2>\n<p>Le nouveau MacBook Air M3 a corrig\u00e9 l&rsquo;une des plus grandes plaintes concernant le disque dur du M2, le rendant finalement 33 % plus rapide en vitesse d&rsquo;\u00e9criture et 82 % plus rapide en vitesse de lecture. Les mod\u00e8les de base M3 de 15 et 13 pouces commencent avec 8 Go de RAM et 256 Go de stockage, mais la version avec 16 Go de RAM n&rsquo;est pas beaucoup plus ch\u00e8re \u00e0 partir de <strong>899\u00a0$<\/strong> (\u00e0 l&rsquo;origine 1 099 $) et vous offrira un bien meilleur rapport qualit\u00e9-prix. C\u2019est la meilleure offre et le meilleur rapport qualit\u00e9-prix sur un nouveau MacBook Air M3. Chacun d\u2019entre eux vous offrira le clavier r\u00e9tro\u00e9clair\u00e9 habituel, la cam\u00e9ra Web HD 1080p et Touch ID, ainsi que la prise en charge de deux moniteurs, qui \u00e9tait auparavant une fonctionnalit\u00e9 r\u00e9serv\u00e9e au MacBook Pro. Vous pouvez en savoir plus \u00e0 ce sujet dans la critique \u00ab excellente \u00bb de PCMag.<\/p>\n<h2 id=\"the-best-deal-on-the-m2-macbook-air\">La meilleure offre sur le MacBook Air M2<\/h2>\n<p>L&rsquo;ordinateur portable MacBook Air M2 de 2022 est \u00e9galement en vente ; actuellement <strong>749,99\u00a0$<\/strong> (\u00e0 l&rsquo;origine 999 $) apr\u00e8s avoir utilis\u00e9 le coupon sur la page de 49,01 $ pour le mod\u00e8le 13,6 pouces avec 16 Go de RAM et 256 Go de SSD, le prix le plus bas jamais atteint par cet ordinateur portable. C&rsquo;est le meilleur M2 que vous puissiez acheter en termes de rapport qualit\u00e9-prix (correspondant \u00e9tonnamment au prix de la version \u00e0 8 Go de RAM), et comme l&rsquo;explique l&rsquo;\u00e9diteur technique Jake Peterson, ce pourrait \u00eatre le dernier ordinateur portable que vous ach\u00e8terez jamais. Il poss\u00e8de la m\u00eame RAM et le m\u00eame stockage que le M3, mais il existe quelques diff\u00e9rences cl\u00e9s entre les deux machines que vous devez conna\u00eetre. Si, toutefois, vous disposez de 150 $, la mise \u00e0 niveau vers le M3 de 16 Go est \u00e9galement une bonne affaire.<\/p>\n<h2 id=\"the-best-deal-on-the-m1-macbook-air\">La meilleure offre sur le MacBook Air M1<\/h2>\n<p>Le prix du MacBook Air M1 2020 a \u00e9galement baiss\u00e9 et constitue peut-\u00eatre actuellement le meilleur rapport qualit\u00e9-prix pour un ordinateur portable d&rsquo;entr\u00e9e de gamme. Walmart propose l&rsquo;ordinateur portable M1 MacBook Air 13,3 pouces pour <strong>649\u00a0$<\/strong> (il co\u00fbtait 999,99 $ avant le lancement du M3), ce qui est le prix le plus bas que j&rsquo;ai vu apr\u00e8s avoir v\u00e9rifi\u00e9 les outils de comparaison de prix. <\/p>\n<p>Ce M1 de 2020 dispose de 8 Go de RAM et de 256 Go de stockage avec environ 18 heures d&rsquo;autonomie. Si vous vous demandez si le M1 est pertinent en 2024, Jake Peterson, r\u00e9dacteur technologique principal de Vie Associative, note que le M1 est toujours un <em>fantastique<\/em> ordinateur m\u00eame trois ans apr\u00e8s sa sortie. Oui, ses sp\u00e9cifications sont p\u00e2les par rapport \u00e0 la nouvelle puce M3 et \u00e0 toutes ses nouvelles fonctionnalit\u00e9s, mais le M1 reste suffisant pour la plupart des gens. <\/p>\n","protected":false},"excerpt":{"rendered":"<p>Le MacBook Air M3 est tomb\u00e9 \u00e0 un prix record de 799 $, le M2 de 16 Go de RAM co\u00fbte d\u00e9sormais 749 $ et<\/p>\n","protected":false},"author":1,"featured_media":2363,"comment_status":"","ping_status":"","sticky":false,"template":"","format":"standard","meta":{"footnotes":""},"categories":[13],"tags":[1327,29,14,686,233,2232,18,546,223],"class_list":["post-2362","post","type-post","status-publish","format-standard","has-post-thumbnail","hentry","category-technologie","tag-air","tag-des","tag-les","tag-macbook","tag-maintenant","tag-modeles","tag-sont","tag-tous","tag-vente","generate-columns","tablet-grid-50","mobile-grid-100","grid-parent","grid-33"],"yoast_head":"<!-- This site is optimized with the Yoast SEO plugin v24.0 - https:\/\/yoast.com\/wordpress\/plugins\/seo\/ -->\n<title>Tous les mod\u00e8les de MacBook Air sont en vente d\u00e8s maintenant | Vie Associative<\/title>\n<meta name=\"robots\" content=\"index, follow, max-snippet:-1, max-image-preview:large, max-video-preview:-1\" \/>\n<link rel=\"canonical\" href=\"https:\/\/vieassociative.be\/actualites\/tous-les-modeles-de-macbook-air-sont-en-vente-des-maintenant\/\" \/>\n<meta property=\"og:locale\" content=\"fr_FR\" \/>\n<meta property=\"og:type\" content=\"article\" \/>\n<meta property=\"og:title\" content=\"Tous les mod\u00e8les de MacBook Air sont en vente d\u00e8s maintenant | Vie Associative\" \/>\n<meta property=\"og:description\" content=\"Le MacBook Air M3 est tomb\u00e9 \u00e0 un prix record de 799 $, le M2 de 16 Go de RAM co\u00fbte d\u00e9sormais 749 $ et\" \/>\n<meta property=\"og:url\" content=\"https:\/\/vieassociative.be\/actualites\/tous-les-modeles-de-macbook-air-sont-en-vente-des-maintenant\/\" \/>\n<meta property=\"og:site_name\" content=\"Vie Associative\" \/>\n<meta property=\"article:published_time\" content=\"2024-11-13T07:16:57+00:00\" \/>\n<meta property=\"og:image\" content=\"https:\/\/vieassociative.be\/actualites\/wp-content\/uploads\/2024\/09\/header_backgroundk-01-e1726694325946.png\" \/>\n\t<meta property=\"og:image:width\" content=\"279\" \/>\n\t<meta property=\"og:image:height\" content=\"92\" \/>\n\t<meta property=\"og:image:type\" content=\"image\/png\" \/>\n<meta name=\"author\" content=\"Julien\" \/>\n<meta name=\"twitter:card\" content=\"summary_large_image\" \/>\n<meta name=\"twitter:label1\" content=\"\u00c9crit par\" \/>\n\t<meta name=\"twitter:data1\" content=\"Julien\" \/>\n\t<meta name=\"twitter:label2\" content=\"Dur\u00e9e de lecture est.\" \/>\n\t<meta name=\"twitter:data2\" content=\"3 minutes\" \/>\n<script type=\"application\/ld+json\" class=\"yoast-schema-graph\">{\"@context\":\"https:\/\/schema.org\",\"@graph\":[{\"@type\":\"Article\",\"@id\":\"https:\/\/vieassociative.be\/actualites\/tous-les-modeles-de-macbook-air-sont-en-vente-des-maintenant\/#article\",\"isPartOf\":{\"@id\":\"https:\/\/vieassociative.be\/actualites\/tous-les-modeles-de-macbook-air-sont-en-vente-des-maintenant\/\"},\"author\":{\"name\":\"Julien\",\"@id\":\"https:\/\/vieassociative.be\/actualites\/#\/schema\/person\/b87ac4f82f9d4e7b7cec7395b679edc4\"},\"headline\":\"Tous les mod\u00e8les de MacBook Air sont en vente d\u00e8s maintenant\",\"datePublished\":\"2024-11-13T07:16:57+00:00\",\"dateModified\":\"2024-11-13T07:16:57+00:00\",\"mainEntityOfPage\":{\"@id\":\"https:\/\/vieassociative.be\/actualites\/tous-les-modeles-de-macbook-air-sont-en-vente-des-maintenant\/\"},\"wordCount\":623,\"publisher\":{\"@id\":\"https:\/\/vieassociative.be\/actualites\/#organization\"},\"image\":{\"@id\":\"https:\/\/vieassociative.be\/actualites\/tous-les-modeles-de-macbook-air-sont-en-vente-des-maintenant\/#primaryimage\"},\"thumbnailUrl\":\"https:\/\/vieassociative.be\/actualites\/wp-content\/uploads\/2024\/11\/Tous-les-modeles-de-MacBook-Air-sont-en-vente-des.png\",\"keywords\":[\"air\",\"Des\",\"Les\",\"MacBook\",\"maintenant\",\"mod\u00e8les\",\"sont\",\"tous\",\"vente\"],\"articleSection\":[\"Technologie\"],\"inLanguage\":\"fr-BE\"},{\"@type\":\"WebPage\",\"@id\":\"https:\/\/vieassociative.be\/actualites\/tous-les-modeles-de-macbook-air-sont-en-vente-des-maintenant\/\",\"url\":\"https:\/\/vieassociative.be\/actualites\/tous-les-modeles-de-macbook-air-sont-en-vente-des-maintenant\/\",\"name\":\"Tous les mod\u00e8les de MacBook Air sont en vente d\u00e8s maintenant | Vie Associative\",\"isPartOf\":{\"@id\":\"https:\/\/vieassociative.be\/actualites\/#website\"},\"primaryImageOfPage\":{\"@id\":\"https:\/\/vieassociative.be\/actualites\/tous-les-modeles-de-macbook-air-sont-en-vente-des-maintenant\/#primaryimage\"},\"image\":{\"@id\":\"https:\/\/vieassociative.be\/actualites\/tous-les-modeles-de-macbook-air-sont-en-vente-des-maintenant\/#primaryimage\"},\"thumbnailUrl\":\"https:\/\/vieassociative.be\/actualites\/wp-content\/uploads\/2024\/11\/Tous-les-modeles-de-MacBook-Air-sont-en-vente-des.png\",\"datePublished\":\"2024-11-13T07:16:57+00:00\",\"dateModified\":\"2024-11-13T07:16:57+00:00\",\"breadcrumb\":{\"@id\":\"https:\/\/vieassociative.be\/actualites\/tous-les-modeles-de-macbook-air-sont-en-vente-des-maintenant\/#breadcrumb\"},\"inLanguage\":\"fr-BE\",\"potentialAction\":[{\"@type\":\"ReadAction\",\"target\":[\"https:\/\/vieassociative.be\/actualites\/tous-les-modeles-de-macbook-air-sont-en-vente-des-maintenant\/\"]}]},{\"@type\":\"ImageObject\",\"inLanguage\":\"fr-BE\",\"@id\":\"https:\/\/vieassociative.be\/actualites\/tous-les-modeles-de-macbook-air-sont-en-vente-des-maintenant\/#primaryimage\",\"url\":\"https:\/\/vieassociative.be\/actualites\/wp-content\/uploads\/2024\/11\/Tous-les-modeles-de-MacBook-Air-sont-en-vente-des.png\",\"contentUrl\":\"https:\/\/vieassociative.be\/actualites\/wp-content\/uploads\/2024\/11\/Tous-les-modeles-de-MacBook-Air-sont-en-vente-des.png\",\"width\":1200,\"height\":675,\"caption\":\"Tous les mod\u00e8les de MacBook Air sont en vente d\u00e8s maintenant\"},{\"@type\":\"BreadcrumbList\",\"@id\":\"https:\/\/vieassociative.be\/actualites\/tous-les-modeles-de-macbook-air-sont-en-vente-des-maintenant\/#breadcrumb\",\"itemListElement\":[{\"@type\":\"ListItem\",\"position\":1,\"name\":\"Accueil\",\"item\":\"https:\/\/vieassociative.be\/actualites\/\"},{\"@type\":\"ListItem\",\"position\":2,\"name\":\"Tous les mod\u00e8les de MacBook Air sont en vente d\u00e8s maintenant\"}]},{\"@type\":\"WebSite\",\"@id\":\"https:\/\/vieassociative.be\/actualites\/#website\",\"url\":\"https:\/\/vieassociative.be\/actualites\/\",\"name\":\"Vie Associative\",\"description\":\"\",\"publisher\":{\"@id\":\"https:\/\/vieassociative.be\/actualites\/#organization\"},\"potentialAction\":[{\"@type\":\"SearchAction\",\"target\":{\"@type\":\"EntryPoint\",\"urlTemplate\":\"https:\/\/vieassociative.be\/actualites\/?s={search_term_string}\"},\"query-input\":{\"@type\":\"PropertyValueSpecification\",\"valueRequired\":true,\"valueName\":\"search_term_string\"}}],\"inLanguage\":\"fr-BE\"},{\"@type\":\"Organization\",\"@id\":\"https:\/\/vieassociative.be\/actualites\/#organization\",\"name\":\"Vie Associative\",\"url\":\"https:\/\/vieassociative.be\/actualites\/\",\"logo\":{\"@type\":\"ImageObject\",\"inLanguage\":\"fr-BE\",\"@id\":\"https:\/\/vieassociative.be\/actualites\/#\/schema\/logo\/image\/\",\"url\":\"https:\/\/vieassociative.be\/actualites\/wp-content\/uploads\/2024\/09\/cropped-vieassociative_favicon.ico.png\",\"contentUrl\":\"https:\/\/vieassociative.be\/actualites\/wp-content\/uploads\/2024\/09\/cropped-vieassociative_favicon.ico.png\",\"width\":512,\"height\":512,\"caption\":\"Vie Associative\"},\"image\":{\"@id\":\"https:\/\/vieassociative.be\/actualites\/#\/schema\/logo\/image\/\"}},{\"@type\":\"Person\",\"@id\":\"https:\/\/vieassociative.be\/actualites\/#\/schema\/person\/b87ac4f82f9d4e7b7cec7395b679edc4\",\"name\":\"Julien\",\"image\":{\"@type\":\"ImageObject\",\"inLanguage\":\"fr-BE\",\"@id\":\"https:\/\/vieassociative.be\/actualites\/#\/schema\/person\/image\/\",\"url\":\"https:\/\/vieassociative.be\/actualites\/wp-content\/uploads\/2024\/09\/vie-associative-1-150x150.jpg\",\"contentUrl\":\"https:\/\/vieassociative.be\/actualites\/wp-content\/uploads\/2024\/09\/vie-associative-1-150x150.jpg\",\"caption\":\"Julien\"},\"description\":\"Je suis Julien, r\u00e9dacteur pour Vie Associative. Passionn\u00e9 par le monde associatif depuis plus de 10 ans, j'ai \u00e0 c\u0153ur de partager des histoires inspirantes et de mettre en lumi\u00e8re les initiatives locales. Mon objectif est de sensibiliser et d'encourager l'engagement communautaire \u00e0 travers mes articles.\",\"sameAs\":[\"https:\/\/vieassociative.be\/\"]}]}<\/script>\n<!-- \/ Yoast SEO plugin. -->","yoast_head_json":{"title":"Tous les mod\u00e8les de MacBook Air sont en vente d\u00e8s maintenant | Vie Associative","robots":{"index":"index","follow":"follow","max-snippet":"max-snippet:-1","max-image-preview":"max-image-preview:large","max-video-preview":"max-video-preview:-1"},"canonical":"https:\/\/vieassociative.be\/actualites\/tous-les-modeles-de-macbook-air-sont-en-vente-des-maintenant\/","og_locale":"fr_FR","og_type":"article","og_title":"Tous les mod\u00e8les de MacBook Air sont en vente d\u00e8s maintenant | Vie Associative","og_description":"Le MacBook Air M3 est tomb\u00e9 \u00e0 un prix record de 799 $, le M2 de 16 Go de RAM co\u00fbte d\u00e9sormais 749 $ et","og_url":"https:\/\/vieassociative.be\/actualites\/tous-les-modeles-de-macbook-air-sont-en-vente-des-maintenant\/","og_site_name":"Vie Associative","article_published_time":"2024-11-13T07:16:57+00:00","og_image":[{"width":279,"height":92,"url":"https:\/\/vieassociative.be\/actualites\/wp-content\/uploads\/2024\/09\/header_backgroundk-01-e1726694325946.png","type":"image\/png"}],"author":"Julien","twitter_card":"summary_large_image","twitter_misc":{"\u00c9crit par":"Julien","Dur\u00e9e de lecture est.":"3 minutes"},"schema":{"@context":"https:\/\/schema.org","@graph":[{"@type":"Article","@id":"https:\/\/vieassociative.be\/actualites\/tous-les-modeles-de-macbook-air-sont-en-vente-des-maintenant\/#article","isPartOf":{"@id":"https:\/\/vieassociative.be\/actualites\/tous-les-modeles-de-macbook-air-sont-en-vente-des-maintenant\/"},"author":{"name":"Julien","@id":"https:\/\/vieassociative.be\/actualites\/#\/schema\/person\/b87ac4f82f9d4e7b7cec7395b679edc4"},"headline":"Tous les mod\u00e8les de MacBook Air sont en vente d\u00e8s maintenant","datePublished":"2024-11-13T07:16:57+00:00","dateModified":"2024-11-13T07:16:57+00:00","mainEntityOfPage":{"@id":"https:\/\/vieassociative.be\/actualites\/tous-les-modeles-de-macbook-air-sont-en-vente-des-maintenant\/"},"wordCount":623,"publisher":{"@id":"https:\/\/vieassociative.be\/actualites\/#organization"},"image":{"@id":"https:\/\/vieassociative.be\/actualites\/tous-les-modeles-de-macbook-air-sont-en-vente-des-maintenant\/#primaryimage"},"thumbnailUrl":"https:\/\/vieassociative.be\/actualites\/wp-content\/uploads\/2024\/11\/Tous-les-modeles-de-MacBook-Air-sont-en-vente-des.png","keywords":["air","Des","Les","MacBook","maintenant","mod\u00e8les","sont","tous","vente"],"articleSection":["Technologie"],"inLanguage":"fr-BE"},{"@type":"WebPage","@id":"https:\/\/vieassociative.be\/actualites\/tous-les-modeles-de-macbook-air-sont-en-vente-des-maintenant\/","url":"https:\/\/vieassociative.be\/actualites\/tous-les-modeles-de-macbook-air-sont-en-vente-des-maintenant\/","name":"Tous les mod\u00e8les de MacBook Air sont en vente d\u00e8s maintenant | Vie Associative","isPartOf":{"@id":"https:\/\/vieassociative.be\/actualites\/#website"},"primaryImageOfPage":{"@id":"https:\/\/vieassociative.be\/actualites\/tous-les-modeles-de-macbook-air-sont-en-vente-des-maintenant\/#primaryimage"},"image":{"@id":"https:\/\/vieassociative.be\/actualites\/tous-les-modeles-de-macbook-air-sont-en-vente-des-maintenant\/#primaryimage"},"thumbnailUrl":"https:\/\/vieassociative.be\/actualites\/wp-content\/uploads\/2024\/11\/Tous-les-modeles-de-MacBook-Air-sont-en-vente-des.png","datePublished":"2024-11-13T07:16:57+00:00","dateModified":"2024-11-13T07:16:57+00:00","breadcrumb":{"@id":"https:\/\/vieassociative.be\/actualites\/tous-les-modeles-de-macbook-air-sont-en-vente-des-maintenant\/#breadcrumb"},"inLanguage":"fr-BE","potentialAction":[{"@type":"ReadAction","target":["https:\/\/vieassociative.be\/actualites\/tous-les-modeles-de-macbook-air-sont-en-vente-des-maintenant\/"]}]},{"@type":"ImageObject","inLanguage":"fr-BE","@id":"https:\/\/vieassociative.be\/actualites\/tous-les-modeles-de-macbook-air-sont-en-vente-des-maintenant\/#primaryimage","url":"https:\/\/vieassociative.be\/actualites\/wp-content\/uploads\/2024\/11\/Tous-les-modeles-de-MacBook-Air-sont-en-vente-des.png","contentUrl":"https:\/\/vieassociative.be\/actualites\/wp-content\/uploads\/2024\/11\/Tous-les-modeles-de-MacBook-Air-sont-en-vente-des.png","width":1200,"height":675,"caption":"Tous les mod\u00e8les de MacBook Air sont en vente d\u00e8s maintenant"},{"@type":"BreadcrumbList","@id":"https:\/\/vieassociative.be\/actualites\/tous-les-modeles-de-macbook-air-sont-en-vente-des-maintenant\/#breadcrumb","itemListElement":[{"@type":"ListItem","position":1,"name":"Accueil","item":"https:\/\/vieassociative.be\/actualites\/"},{"@type":"ListItem","position":2,"name":"Tous les mod\u00e8les de MacBook Air sont en vente d\u00e8s maintenant"}]},{"@type":"WebSite","@id":"https:\/\/vieassociative.be\/actualites\/#website","url":"https:\/\/vieassociative.be\/actualites\/","name":"Vie Associative","description":"","publisher":{"@id":"https:\/\/vieassociative.be\/actualites\/#organization"},"potentialAction":[{"@type":"SearchAction","target":{"@type":"EntryPoint","urlTemplate":"https:\/\/vieassociative.be\/actualites\/?s={search_term_string}"},"query-input":{"@type":"PropertyValueSpecification","valueRequired":true,"valueName":"search_term_string"}}],"inLanguage":"fr-BE"},{"@type":"Organization","@id":"https:\/\/vieassociative.be\/actualites\/#organization","name":"Vie Associative","url":"https:\/\/vieassociative.be\/actualites\/","logo":{"@type":"ImageObject","inLanguage":"fr-BE","@id":"https:\/\/vieassociative.be\/actualites\/#\/schema\/logo\/image\/","url":"https:\/\/vieassociative.be\/actualites\/wp-content\/uploads\/2024\/09\/cropped-vieassociative_favicon.ico.png","contentUrl":"https:\/\/vieassociative.be\/actualites\/wp-content\/uploads\/2024\/09\/cropped-vieassociative_favicon.ico.png","width":512,"height":512,"caption":"Vie Associative"},"image":{"@id":"https:\/\/vieassociative.be\/actualites\/#\/schema\/logo\/image\/"}},{"@type":"Person","@id":"https:\/\/vieassociative.be\/actualites\/#\/schema\/person\/b87ac4f82f9d4e7b7cec7395b679edc4","name":"Julien","image":{"@type":"ImageObject","inLanguage":"fr-BE","@id":"https:\/\/vieassociative.be\/actualites\/#\/schema\/person\/image\/","url":"https:\/\/vieassociative.be\/actualites\/wp-content\/uploads\/2024\/09\/vie-associative-1-150x150.jpg","contentUrl":"https:\/\/vieassociative.be\/actualites\/wp-content\/uploads\/2024\/09\/vie-associative-1-150x150.jpg","caption":"Julien"},"description":"Je suis Julien, r\u00e9dacteur pour Vie Associative. Passionn\u00e9 par le monde associatif depuis plus de 10 ans, j'ai \u00e0 c\u0153ur de partager des histoires inspirantes et de mettre en lumi\u00e8re les initiatives locales. Mon objectif est de sensibiliser et d'encourager l'engagement communautaire \u00e0 travers mes articles.","sameAs":["https:\/\/vieassociative.be\/"]}]}},"_links":{"self":[{"href":"https:\/\/vieassociative.be\/actualites\/wp-json\/wp\/v2\/posts\/2362"}],"collection":[{"href":"https:\/\/vieassociative.be\/actualites\/wp-json\/wp\/v2\/posts"}],"about":[{"href":"https:\/\/vieassociative.be\/actualites\/wp-json\/wp\/v2\/types\/post"}],"author":[{"embeddable":true,"href":"https:\/\/vieassociative.be\/actualites\/wp-json\/wp\/v2\/users\/1"}],"replies":[{"embeddable":true,"href":"https:\/\/vieassociative.be\/actualites\/wp-json\/wp\/v2\/comments?post=2362"}],"version-history":[{"count":0,"href":"https:\/\/vieassociative.be\/actualites\/wp-json\/wp\/v2\/posts\/2362\/revisions"}],"wp:featuredmedia":[{"embeddable":true,"href":"https:\/\/vieassociative.be\/actualites\/wp-json\/wp\/v2\/media\/2363"}],"wp:attachment":[{"href":"https:\/\/vieassociative.be\/actualites\/wp-json\/wp\/v2\/media?parent=2362"}],"wp:term":[{"taxonomy":"category","embeddable":true,"href":"https:\/\/vieassociative.be\/actualites\/wp-json\/wp\/v2\/categories?post=2362"},{"taxonomy":"post_tag","embeddable":true,"href":"https:\/\/vieassociative.be\/actualites\/wp-json\/wp\/v2\/tags?post=2362"}],"curies":[{"name":"wp","href":"https:\/\/api.w.org\/{rel}","templated":true}]}}