{"id":2360,"date":"2024-11-13T07:16:58","date_gmt":"2024-11-13T06:16:58","guid":{"rendered":"https:\/\/vieassociative.be\/actualites\/ne-mettez-pas-les-gens-sur-la-sellette-et-ce-que-cela-dit-de-vous-lorsque-vous-le-faites\/"},"modified":"2024-11-13T07:16:58","modified_gmt":"2024-11-13T06:16:58","slug":"ne-mettez-pas-les-gens-sur-la-sellette-et-ce-que-cela-dit-de-vous-lorsque-vous-le-faites","status":"publish","type":"post","link":"https:\/\/vieassociative.be\/actualites\/ne-mettez-pas-les-gens-sur-la-sellette-et-ce-que-cela-dit-de-vous-lorsque-vous-le-faites\/","title":{"rendered":"Ne mettez pas les gens sur la sellette (et ce que cela dit de vous lorsque vous le faites)"},"content":{"rendered":"<div class=\"mt-4 leading-6 md:mb-8\">Toutes vos relations sont fond\u00e9es sur la confiance, et une partie de celle-ci repose sur l\u2019intelligence \u00e9motionnelle.<\/div>\n<p><\/p>\n<p>La plupart d\u2019entre nous ont \u00e9t\u00e9 mis dans des situations diff\u00e9rentes, que ce soit au travail ou au sein d\u2019un groupe d\u2019amis. Et avoir des regards tourn\u00e9s vers vous dans l&rsquo;espoir que vous fournirez une r\u00e9ponse que vous n&rsquo;\u00eates tout simplement pas pr\u00eat \u00e0 donner \u2013 que ce soit parce que vous ne savez pas ou que vous n&rsquo;\u00eates tout simplement pas encore pr\u00eat \u00e0 la partager \u2013 est un cauchemar. -situation induisante.<\/p>\n<p>Nous avons tous \u00e9t\u00e9 coupables d\u2019avoir nous-m\u00eames mis les autres dans l\u2019embarras, g\u00e9n\u00e9ralement par accident. Peut-\u00eatre avons-nous pos\u00e9 une question sensible \u00e0 un ami dans un groupe, avons-nous essay\u00e9 de pousser un coll\u00e8gue discret \u00e0 partager ses r\u00e9ponses lors d&rsquo;une r\u00e9union, ou bien nous n&rsquo;aimions tout simplement pas quelqu&rsquo;un et voulions le faire se tortiller un peu. <\/p>\n<p>Cependant, mettre quelqu\u2019un dans l\u2019embarras, intentionnellement ou non, a pour effet d\u2019\u00e9roder la confiance dans une relation. Selon Susan Krauss Whitbourne, professeur \u00e9m\u00e9rite de sciences psychologiques et c\u00e9r\u00e9brales \u00e0 l&rsquo;Universit\u00e9 du Massachusetts \u00e0 Amherst, la cl\u00e9 pour maintenir la confiance dans une relation est de d\u00e9velopper votre intelligence \u00e9motionnelle, dont un \u00e9l\u00e9ment cl\u00e9 est d&rsquo;\u00eatre capable d&rsquo;identifier et de pr\u00e9dire comment les autres sentir. Comme Krauss l&rsquo;a \u00e9crit dans un r\u00e9cent article de Psychology Today : \u00ab\u00a0Un signe que vous n&rsquo;\u00eates pas aussi sensible que vous pourriez l&rsquo;\u00eatre lorsque vous faites pression sur les gens est que les autres essaient de rester \u00e0 l&rsquo;\u00e9cart de vous autant qu&rsquo;ils le peuvent.\u00a0\u00bb <\/p>\n<h2 id=\"emotional-intelligence-is-the-ability-to-sense-the-emotions-of-others\"><strong>L&rsquo;intelligence \u00e9motionnelle est la capacit\u00e9 de ressentir les \u00e9motions des autres<\/strong> <\/h2>\n<p>L&rsquo;intelligence \u00e9motionnelle est la capacit\u00e9 de ressentir et d&rsquo;\u00e9valuer les \u00e9motions des autres, ainsi que de contr\u00f4ler les v\u00f4tres. Une personne \u00e9motionnellement intelligente est quelqu&rsquo;un qui peut ressentir les \u00e9motions des autres, utilisant ces connaissances pour am\u00e9liorer la situation, tout en gardant un contr\u00f4le constant sur ses propres \u00e9motions. <\/p>\n<p>Lorsqu&rsquo;il s&rsquo;agit de maintenir la confiance dans une relation, cela n\u00e9cessite un certain niveau d&rsquo;intelligence \u00e9motionnelle, dans lequel vous pouvez sentir si l&rsquo;autre personne ne se sent pas en s\u00e9curit\u00e9 \u00e0 propos de quelque chose, ainsi que savoir comment la mettre \u00e0 l&rsquo;aise. Nous savons tous ce qui fait <em>nous <\/em>nous nous sentons mal \u00e0 l&rsquo;aise ou en ins\u00e9curit\u00e9, mais nous ne savons pas toujours ce qui fait que <em>autres<\/em> je ressens la m\u00eame chose, car tout le monde est un peu diff\u00e9rent. <\/p>\n<p>Pour \u00e9viter de mettre accidentellement quelqu&rsquo;un dans l&#8217;embarras, il est utile d&rsquo;\u00eatre attentif \u00e0 ses \u00e9motions, au cas o\u00f9 nous toucherions accidentellement l&rsquo;une de ses ins\u00e9curit\u00e9s.<\/p>\n<h2 id=\"emotional-intelligence-can-be-strengthened\"><strong>L&rsquo;intelligence \u00e9motionnelle peut \u00eatre renforc\u00e9e<\/strong> <\/h2>\n<p>Il existe un certain d\u00e9bat quant \u00e0 savoir si l\u2019intelligence \u00e9motionnelle est une caract\u00e9ristique inn\u00e9e ou acquise. Les gens naissent-ils avec la capacit\u00e9 de d\u00e9velopper un niveau \u00e9lev\u00e9 d\u2019intelligence \u00e9motionnelle, ou est-ce quelque chose qu\u2019on leur a appris ? <\/p>\n<p>Bien que la r\u00e9ponse soit probablement un peu des deux, renforcer votre intelligence \u00e9motionnelle est certainement quelque chose que nous pouvons tous faire. Beaucoup d\u2019entre nous sont devenus plus intelligents \u00e9motionnellement \u00e0 mesure que nous vieillissons, tandis que le processus d\u2019\u00e9coute et d\u2019empathie avec les autres, ainsi que de r\u00e9flexion, peut souvent nous aider \u00e0 comprendre une situation qui autrement nous aurait d\u00e9rout\u00e9. <\/p>\n<p>Le processus de renforcement de notre intelligence \u00e9motionnelle par l\u2019\u00e9coute, l\u2019empathie et la r\u00e9flexion sont des tactiques que beaucoup d\u2019entre nous ont d\u00e9velopp\u00e9es au fil du temps, que ce soit avec l\u2019aide d\u2019un professionnel ou par nos propres essais et erreurs. <\/p>\n<h2 id=\"research-suggests-these-tactics-may-be-effective\"><strong>La recherche sugg\u00e8re que ces tactiques peuvent \u00eatre efficaces<\/strong> <\/h2>\n<p>Comme le note Krauss dans son article, des recherches suppl\u00e9mentaires ont \u00e9t\u00e9 publi\u00e9es r\u00e9cemment, sugg\u00e9rant des tactiques suppl\u00e9mentaires qui pourraient \u00e9galement \u00eatre utiles. Comme vous pouvez probablement l\u2019imaginer, \u00e9tudier l\u2019intelligence \u00e9motionnelle est une t\u00e2che d\u00e9licate, car il s\u2019agit d\u2019un trait \u00e9ph\u00e9m\u00e8re, assez difficile \u00e0 quantifier et \u00e0 v\u00e9rifier. Cependant, dans une \u00e9tude r\u00e9cente, les chercheurs ont \u00e9valu\u00e9 la force et les m\u00e9thodes d\u2019un certain nombre d\u2019\u00e9tudes afin d\u2019identifier celles qui disposent du plus grand nombre de preuves pour \u00e9tayer leur efficacit\u00e9. Voici deux des m\u00e9thodes que nous pouvons mettre en \u0153uvre nous-m\u00eames pour renforcer notre intelligence \u00e9motionnelle.<\/p>\n<h2 id=\"evaluate-emotions-based-on-watching-a-video-without-audio\"><strong>\u00c9valuez les \u00e9motions en regardant une vid\u00e9o sans audio<\/strong> <\/h2>\n<p>Comme le note Krauss, il s\u2019agit d\u2019un exercice qui peut g\u00e9n\u00e9rer des informations utiles pour notre propre b\u00e9n\u00e9fice personnel. Comme elle le recommande pour cet exercice particulier, <\/p>\n<p>\u00ab\u00a0(Enregistrez) ou diffusez en streaming un film ou une \u00e9mission de t\u00e9l\u00e9vision dans lequel il y a des gros plans des acteurs (c&rsquo;est-\u00e0-dire pas un film d&rsquo;action). Jouez la vid\u00e9o seule sans l&rsquo;audio et voyez si vous pouvez comprendre les \u00e9motions des acteurs. Regardez \u00e0 nouveau la sc\u00e8ne avec l&rsquo;audio activ\u00e9 et comparez vos suppositions avec les \u00e9motions que les acteurs disent ressentir. <\/p>\n<p>Lorsque vous regardez cette vid\u00e9o, il est utile de noter vos perceptions, afin de pouvoir comparer vos impressions initiales avec ce que l&rsquo;audio r\u00e9v\u00e8le plus tard. <\/p>\n<h2 id=\"evaluate-emotions-based-on-looking-at-photos\"><strong>\u00c9valuer les \u00e9motions en regardant des photos<\/strong> <\/h2>\n<p>Cet exercice particulier est un peu plus simple, tout en \u00e9tant un peu plus personnel \u00e0 votre situation. Krauss recommande de regarder les photos des personnes que vous suivez sur les r\u00e9seaux sociaux, sans regarder les l\u00e9gendes. En regardant la photo, essayez de deviner quelle \u00e9motion ils ressentent gr\u00e2ce \u00e0 leur expression faciale, que vous comparerez ensuite \u00e0 ce qu&rsquo;ils ont \u00e9crit sur l&rsquo;exp\u00e9rience. Parfois, il y aura une diff\u00e9rence. <\/p>\n<p>Comme le souligne Krauss, \u00ab quelqu&rsquo;un qui a l&rsquo;air effray\u00e9 alors qu&rsquo;elle monte dans un parc d&rsquo;attractions pourrait en fait poster qu&rsquo;elle passait un bon moment et qu&rsquo;elle en a appr\u00e9ci\u00e9 chaque minute. \u00bb Si vous remarquez une diff\u00e9rence similaire, cela peut signifier que votre premi\u00e8re impression de l&rsquo;expression de leur visage \u00e9tait fausse. <em>ou <\/em>cela pourrait signaler une situation dans laquelle quelqu&rsquo;un se sentait trop mal \u00e0 l&rsquo;aise pour parler ouvertement. <\/p>\n<p>Par exemple, si vous avez fait pression sur un ami pour qu&rsquo;il fasse des montagnes russes avec vous sans vous rendre compte qu&rsquo;il est trop g\u00ean\u00e9 pour admettre qu&rsquo;il a le vertige, c&rsquo;est une situation dans laquelle un peu d&rsquo;intelligence \u00e9motionnelle peut grandement contribuer au maintien d&rsquo;une amiti\u00e9. <\/p>\n<p><\/p>\n","protected":false},"excerpt":{"rendered":"<p>Toutes vos relations sont fond\u00e9es sur la confiance, et une partie de celle-ci repose sur l\u2019intelligence \u00e9motionnelle. La plupart d\u2019entre nous ont \u00e9t\u00e9 mis dans<\/p>\n","protected":false},"author":1,"featured_media":2361,"comment_status":"","ping_status":"","sticky":false,"template":"","format":"standard","meta":{"footnotes":""},"categories":[42],"tags":[1610,3124,600,1046,14,559,1424,126,3123,33,4],"class_list":["post-2360","post","type-post","status-publish","format-standard","has-post-thumbnail","hentry","category-relations","tag-cela","tag-dit","tag-faites","tag-gens","tag-les","tag-lorsque","tag-mettez","tag-pas","tag-sellette","tag-sur","tag-vous","generate-columns","tablet-grid-50","mobile-grid-100","grid-parent","grid-33"],"yoast_head":"<!-- This site is optimized with the Yoast SEO plugin v24.0 - https:\/\/yoast.com\/wordpress\/plugins\/seo\/ -->\n<title>Ne mettez pas les gens sur la sellette (et ce que cela dit de vous lorsque vous le faites) | Vie Associative<\/title>\n<meta name=\"robots\" content=\"index, follow, max-snippet:-1, max-image-preview:large, max-video-preview:-1\" \/>\n<link rel=\"canonical\" href=\"https:\/\/vieassociative.be\/actualites\/ne-mettez-pas-les-gens-sur-la-sellette-et-ce-que-cela-dit-de-vous-lorsque-vous-le-faites\/\" \/>\n<meta property=\"og:locale\" content=\"fr_FR\" \/>\n<meta property=\"og:type\" content=\"article\" \/>\n<meta property=\"og:title\" content=\"Ne mettez pas les gens sur la sellette (et ce que cela dit de vous lorsque vous le faites) | Vie Associative\" \/>\n<meta property=\"og:description\" content=\"Toutes vos relations sont fond\u00e9es sur la confiance, et une partie de celle-ci repose sur l\u2019intelligence \u00e9motionnelle. La plupart d\u2019entre nous ont \u00e9t\u00e9 mis dans\" \/>\n<meta property=\"og:url\" content=\"https:\/\/vieassociative.be\/actualites\/ne-mettez-pas-les-gens-sur-la-sellette-et-ce-que-cela-dit-de-vous-lorsque-vous-le-faites\/\" \/>\n<meta property=\"og:site_name\" content=\"Vie Associative\" \/>\n<meta property=\"article:published_time\" content=\"2024-11-13T06:16:58+00:00\" \/>\n<meta property=\"og:image\" content=\"https:\/\/vieassociative.be\/actualites\/wp-content\/uploads\/2024\/09\/header_backgroundk-01-e1726694325946.png\" \/>\n\t<meta property=\"og:image:width\" content=\"279\" \/>\n\t<meta property=\"og:image:height\" content=\"92\" \/>\n\t<meta property=\"og:image:type\" content=\"image\/png\" \/>\n<meta name=\"author\" content=\"Julien\" \/>\n<meta name=\"twitter:card\" content=\"summary_large_image\" \/>\n<meta name=\"twitter:label1\" content=\"\u00c9crit par\" \/>\n\t<meta name=\"twitter:data1\" content=\"Julien\" \/>\n\t<meta name=\"twitter:label2\" content=\"Dur\u00e9e de lecture est.\" \/>\n\t<meta name=\"twitter:data2\" content=\"5 minutes\" \/>\n<script type=\"application\/ld+json\" class=\"yoast-schema-graph\">{\"@context\":\"https:\/\/schema.org\",\"@graph\":[{\"@type\":\"Article\",\"@id\":\"https:\/\/vieassociative.be\/actualites\/ne-mettez-pas-les-gens-sur-la-sellette-et-ce-que-cela-dit-de-vous-lorsque-vous-le-faites\/#article\",\"isPartOf\":{\"@id\":\"https:\/\/vieassociative.be\/actualites\/ne-mettez-pas-les-gens-sur-la-sellette-et-ce-que-cela-dit-de-vous-lorsque-vous-le-faites\/\"},\"author\":{\"name\":\"Julien\",\"@id\":\"https:\/\/vieassociative.be\/actualites\/#\/schema\/person\/b87ac4f82f9d4e7b7cec7395b679edc4\"},\"headline\":\"Ne mettez pas les gens sur la sellette (et ce que cela dit de vous lorsque vous le faites)\",\"datePublished\":\"2024-11-13T06:16:58+00:00\",\"dateModified\":\"2024-11-13T06:16:58+00:00\",\"mainEntityOfPage\":{\"@id\":\"https:\/\/vieassociative.be\/actualites\/ne-mettez-pas-les-gens-sur-la-sellette-et-ce-que-cela-dit-de-vous-lorsque-vous-le-faites\/\"},\"wordCount\":1153,\"publisher\":{\"@id\":\"https:\/\/vieassociative.be\/actualites\/#organization\"},\"image\":{\"@id\":\"https:\/\/vieassociative.be\/actualites\/ne-mettez-pas-les-gens-sur-la-sellette-et-ce-que-cela-dit-de-vous-lorsque-vous-le-faites\/#primaryimage\"},\"thumbnailUrl\":\"https:\/\/vieassociative.be\/actualites\/wp-content\/uploads\/2024\/11\/Ne-mettez-pas-les-gens-sur-la-sellette-et-ce.jpg\",\"keywords\":[\"cela\",\"dit\",\"faites\",\"gens\",\"Les\",\"lorsque\",\"Mettez\",\"pas\",\"sellette\",\"sur\",\"Vous\"],\"articleSection\":[\"Relations\"],\"inLanguage\":\"fr-BE\"},{\"@type\":\"WebPage\",\"@id\":\"https:\/\/vieassociative.be\/actualites\/ne-mettez-pas-les-gens-sur-la-sellette-et-ce-que-cela-dit-de-vous-lorsque-vous-le-faites\/\",\"url\":\"https:\/\/vieassociative.be\/actualites\/ne-mettez-pas-les-gens-sur-la-sellette-et-ce-que-cela-dit-de-vous-lorsque-vous-le-faites\/\",\"name\":\"Ne mettez pas les gens sur la sellette (et ce que cela dit de vous lorsque vous le faites) | Vie Associative\",\"isPartOf\":{\"@id\":\"https:\/\/vieassociative.be\/actualites\/#website\"},\"primaryImageOfPage\":{\"@id\":\"https:\/\/vieassociative.be\/actualites\/ne-mettez-pas-les-gens-sur-la-sellette-et-ce-que-cela-dit-de-vous-lorsque-vous-le-faites\/#primaryimage\"},\"image\":{\"@id\":\"https:\/\/vieassociative.be\/actualites\/ne-mettez-pas-les-gens-sur-la-sellette-et-ce-que-cela-dit-de-vous-lorsque-vous-le-faites\/#primaryimage\"},\"thumbnailUrl\":\"https:\/\/vieassociative.be\/actualites\/wp-content\/uploads\/2024\/11\/Ne-mettez-pas-les-gens-sur-la-sellette-et-ce.jpg\",\"datePublished\":\"2024-11-13T06:16:58+00:00\",\"dateModified\":\"2024-11-13T06:16:58+00:00\",\"breadcrumb\":{\"@id\":\"https:\/\/vieassociative.be\/actualites\/ne-mettez-pas-les-gens-sur-la-sellette-et-ce-que-cela-dit-de-vous-lorsque-vous-le-faites\/#breadcrumb\"},\"inLanguage\":\"fr-BE\",\"potentialAction\":[{\"@type\":\"ReadAction\",\"target\":[\"https:\/\/vieassociative.be\/actualites\/ne-mettez-pas-les-gens-sur-la-sellette-et-ce-que-cela-dit-de-vous-lorsque-vous-le-faites\/\"]}]},{\"@type\":\"ImageObject\",\"inLanguage\":\"fr-BE\",\"@id\":\"https:\/\/vieassociative.be\/actualites\/ne-mettez-pas-les-gens-sur-la-sellette-et-ce-que-cela-dit-de-vous-lorsque-vous-le-faites\/#primaryimage\",\"url\":\"https:\/\/vieassociative.be\/actualites\/wp-content\/uploads\/2024\/11\/Ne-mettez-pas-les-gens-sur-la-sellette-et-ce.jpg\",\"contentUrl\":\"https:\/\/vieassociative.be\/actualites\/wp-content\/uploads\/2024\/11\/Ne-mettez-pas-les-gens-sur-la-sellette-et-ce.jpg\",\"width\":1200,\"height\":675,\"caption\":\"Ne mettez pas les gens sur la sellette (et ce que cela dit de vous lorsque vous le faites)\"},{\"@type\":\"BreadcrumbList\",\"@id\":\"https:\/\/vieassociative.be\/actualites\/ne-mettez-pas-les-gens-sur-la-sellette-et-ce-que-cela-dit-de-vous-lorsque-vous-le-faites\/#breadcrumb\",\"itemListElement\":[{\"@type\":\"ListItem\",\"position\":1,\"name\":\"Accueil\",\"item\":\"https:\/\/vieassociative.be\/actualites\/\"},{\"@type\":\"ListItem\",\"position\":2,\"name\":\"Ne mettez pas les gens sur la sellette (et ce que cela dit de vous lorsque vous le faites)\"}]},{\"@type\":\"WebSite\",\"@id\":\"https:\/\/vieassociative.be\/actualites\/#website\",\"url\":\"https:\/\/vieassociative.be\/actualites\/\",\"name\":\"Vie Associative\",\"description\":\"\",\"publisher\":{\"@id\":\"https:\/\/vieassociative.be\/actualites\/#organization\"},\"potentialAction\":[{\"@type\":\"SearchAction\",\"target\":{\"@type\":\"EntryPoint\",\"urlTemplate\":\"https:\/\/vieassociative.be\/actualites\/?s={search_term_string}\"},\"query-input\":{\"@type\":\"PropertyValueSpecification\",\"valueRequired\":true,\"valueName\":\"search_term_string\"}}],\"inLanguage\":\"fr-BE\"},{\"@type\":\"Organization\",\"@id\":\"https:\/\/vieassociative.be\/actualites\/#organization\",\"name\":\"Vie Associative\",\"url\":\"https:\/\/vieassociative.be\/actualites\/\",\"logo\":{\"@type\":\"ImageObject\",\"inLanguage\":\"fr-BE\",\"@id\":\"https:\/\/vieassociative.be\/actualites\/#\/schema\/logo\/image\/\",\"url\":\"https:\/\/vieassociative.be\/actualites\/wp-content\/uploads\/2024\/09\/cropped-vieassociative_favicon.ico.png\",\"contentUrl\":\"https:\/\/vieassociative.be\/actualites\/wp-content\/uploads\/2024\/09\/cropped-vieassociative_favicon.ico.png\",\"width\":512,\"height\":512,\"caption\":\"Vie Associative\"},\"image\":{\"@id\":\"https:\/\/vieassociative.be\/actualites\/#\/schema\/logo\/image\/\"}},{\"@type\":\"Person\",\"@id\":\"https:\/\/vieassociative.be\/actualites\/#\/schema\/person\/b87ac4f82f9d4e7b7cec7395b679edc4\",\"name\":\"Julien\",\"image\":{\"@type\":\"ImageObject\",\"inLanguage\":\"fr-BE\",\"@id\":\"https:\/\/vieassociative.be\/actualites\/#\/schema\/person\/image\/\",\"url\":\"https:\/\/vieassociative.be\/actualites\/wp-content\/uploads\/2024\/09\/vie-associative-1-150x150.jpg\",\"contentUrl\":\"https:\/\/vieassociative.be\/actualites\/wp-content\/uploads\/2024\/09\/vie-associative-1-150x150.jpg\",\"caption\":\"Julien\"},\"description\":\"Je suis Julien, r\u00e9dacteur pour Vie Associative. Passionn\u00e9 par le monde associatif depuis plus de 10 ans, j'ai \u00e0 c\u0153ur de partager des histoires inspirantes et de mettre en lumi\u00e8re les initiatives locales. Mon objectif est de sensibiliser et d'encourager l'engagement communautaire \u00e0 travers mes articles.\",\"sameAs\":[\"https:\/\/vieassociative.be\/\"]}]}<\/script>\n<!-- \/ Yoast SEO plugin. -->","yoast_head_json":{"title":"Ne mettez pas les gens sur la sellette (et ce que cela dit de vous lorsque vous le faites) | Vie Associative","robots":{"index":"index","follow":"follow","max-snippet":"max-snippet:-1","max-image-preview":"max-image-preview:large","max-video-preview":"max-video-preview:-1"},"canonical":"https:\/\/vieassociative.be\/actualites\/ne-mettez-pas-les-gens-sur-la-sellette-et-ce-que-cela-dit-de-vous-lorsque-vous-le-faites\/","og_locale":"fr_FR","og_type":"article","og_title":"Ne mettez pas les gens sur la sellette (et ce que cela dit de vous lorsque vous le faites) | Vie Associative","og_description":"Toutes vos relations sont fond\u00e9es sur la confiance, et une partie de celle-ci repose sur l\u2019intelligence \u00e9motionnelle. La plupart d\u2019entre nous ont \u00e9t\u00e9 mis dans","og_url":"https:\/\/vieassociative.be\/actualites\/ne-mettez-pas-les-gens-sur-la-sellette-et-ce-que-cela-dit-de-vous-lorsque-vous-le-faites\/","og_site_name":"Vie Associative","article_published_time":"2024-11-13T06:16:58+00:00","og_image":[{"width":279,"height":92,"url":"https:\/\/vieassociative.be\/actualites\/wp-content\/uploads\/2024\/09\/header_backgroundk-01-e1726694325946.png","type":"image\/png"}],"author":"Julien","twitter_card":"summary_large_image","twitter_misc":{"\u00c9crit par":"Julien","Dur\u00e9e de lecture est.":"5 minutes"},"schema":{"@context":"https:\/\/schema.org","@graph":[{"@type":"Article","@id":"https:\/\/vieassociative.be\/actualites\/ne-mettez-pas-les-gens-sur-la-sellette-et-ce-que-cela-dit-de-vous-lorsque-vous-le-faites\/#article","isPartOf":{"@id":"https:\/\/vieassociative.be\/actualites\/ne-mettez-pas-les-gens-sur-la-sellette-et-ce-que-cela-dit-de-vous-lorsque-vous-le-faites\/"},"author":{"name":"Julien","@id":"https:\/\/vieassociative.be\/actualites\/#\/schema\/person\/b87ac4f82f9d4e7b7cec7395b679edc4"},"headline":"Ne mettez pas les gens sur la sellette (et ce que cela dit de vous lorsque vous le faites)","datePublished":"2024-11-13T06:16:58+00:00","dateModified":"2024-11-13T06:16:58+00:00","mainEntityOfPage":{"@id":"https:\/\/vieassociative.be\/actualites\/ne-mettez-pas-les-gens-sur-la-sellette-et-ce-que-cela-dit-de-vous-lorsque-vous-le-faites\/"},"wordCount":1153,"publisher":{"@id":"https:\/\/vieassociative.be\/actualites\/#organization"},"image":{"@id":"https:\/\/vieassociative.be\/actualites\/ne-mettez-pas-les-gens-sur-la-sellette-et-ce-que-cela-dit-de-vous-lorsque-vous-le-faites\/#primaryimage"},"thumbnailUrl":"https:\/\/vieassociative.be\/actualites\/wp-content\/uploads\/2024\/11\/Ne-mettez-pas-les-gens-sur-la-sellette-et-ce.jpg","keywords":["cela","dit","faites","gens","Les","lorsque","Mettez","pas","sellette","sur","Vous"],"articleSection":["Relations"],"inLanguage":"fr-BE"},{"@type":"WebPage","@id":"https:\/\/vieassociative.be\/actualites\/ne-mettez-pas-les-gens-sur-la-sellette-et-ce-que-cela-dit-de-vous-lorsque-vous-le-faites\/","url":"https:\/\/vieassociative.be\/actualites\/ne-mettez-pas-les-gens-sur-la-sellette-et-ce-que-cela-dit-de-vous-lorsque-vous-le-faites\/","name":"Ne mettez pas les gens sur la sellette (et ce que cela dit de vous lorsque vous le faites) | Vie Associative","isPartOf":{"@id":"https:\/\/vieassociative.be\/actualites\/#website"},"primaryImageOfPage":{"@id":"https:\/\/vieassociative.be\/actualites\/ne-mettez-pas-les-gens-sur-la-sellette-et-ce-que-cela-dit-de-vous-lorsque-vous-le-faites\/#primaryimage"},"image":{"@id":"https:\/\/vieassociative.be\/actualites\/ne-mettez-pas-les-gens-sur-la-sellette-et-ce-que-cela-dit-de-vous-lorsque-vous-le-faites\/#primaryimage"},"thumbnailUrl":"https:\/\/vieassociative.be\/actualites\/wp-content\/uploads\/2024\/11\/Ne-mettez-pas-les-gens-sur-la-sellette-et-ce.jpg","datePublished":"2024-11-13T06:16:58+00:00","dateModified":"2024-11-13T06:16:58+00:00","breadcrumb":{"@id":"https:\/\/vieassociative.be\/actualites\/ne-mettez-pas-les-gens-sur-la-sellette-et-ce-que-cela-dit-de-vous-lorsque-vous-le-faites\/#breadcrumb"},"inLanguage":"fr-BE","potentialAction":[{"@type":"ReadAction","target":["https:\/\/vieassociative.be\/actualites\/ne-mettez-pas-les-gens-sur-la-sellette-et-ce-que-cela-dit-de-vous-lorsque-vous-le-faites\/"]}]},{"@type":"ImageObject","inLanguage":"fr-BE","@id":"https:\/\/vieassociative.be\/actualites\/ne-mettez-pas-les-gens-sur-la-sellette-et-ce-que-cela-dit-de-vous-lorsque-vous-le-faites\/#primaryimage","url":"https:\/\/vieassociative.be\/actualites\/wp-content\/uploads\/2024\/11\/Ne-mettez-pas-les-gens-sur-la-sellette-et-ce.jpg","contentUrl":"https:\/\/vieassociative.be\/actualites\/wp-content\/uploads\/2024\/11\/Ne-mettez-pas-les-gens-sur-la-sellette-et-ce.jpg","width":1200,"height":675,"caption":"Ne mettez pas les gens sur la sellette (et ce que cela dit de vous lorsque vous le faites)"},{"@type":"BreadcrumbList","@id":"https:\/\/vieassociative.be\/actualites\/ne-mettez-pas-les-gens-sur-la-sellette-et-ce-que-cela-dit-de-vous-lorsque-vous-le-faites\/#breadcrumb","itemListElement":[{"@type":"ListItem","position":1,"name":"Accueil","item":"https:\/\/vieassociative.be\/actualites\/"},{"@type":"ListItem","position":2,"name":"Ne mettez pas les gens sur la sellette (et ce que cela dit de vous lorsque vous le faites)"}]},{"@type":"WebSite","@id":"https:\/\/vieassociative.be\/actualites\/#website","url":"https:\/\/vieassociative.be\/actualites\/","name":"Vie Associative","description":"","publisher":{"@id":"https:\/\/vieassociative.be\/actualites\/#organization"},"potentialAction":[{"@type":"SearchAction","target":{"@type":"EntryPoint","urlTemplate":"https:\/\/vieassociative.be\/actualites\/?s={search_term_string}"},"query-input":{"@type":"PropertyValueSpecification","valueRequired":true,"valueName":"search_term_string"}}],"inLanguage":"fr-BE"},{"@type":"Organization","@id":"https:\/\/vieassociative.be\/actualites\/#organization","name":"Vie Associative","url":"https:\/\/vieassociative.be\/actualites\/","logo":{"@type":"ImageObject","inLanguage":"fr-BE","@id":"https:\/\/vieassociative.be\/actualites\/#\/schema\/logo\/image\/","url":"https:\/\/vieassociative.be\/actualites\/wp-content\/uploads\/2024\/09\/cropped-vieassociative_favicon.ico.png","contentUrl":"https:\/\/vieassociative.be\/actualites\/wp-content\/uploads\/2024\/09\/cropped-vieassociative_favicon.ico.png","width":512,"height":512,"caption":"Vie Associative"},"image":{"@id":"https:\/\/vieassociative.be\/actualites\/#\/schema\/logo\/image\/"}},{"@type":"Person","@id":"https:\/\/vieassociative.be\/actualites\/#\/schema\/person\/b87ac4f82f9d4e7b7cec7395b679edc4","name":"Julien","image":{"@type":"ImageObject","inLanguage":"fr-BE","@id":"https:\/\/vieassociative.be\/actualites\/#\/schema\/person\/image\/","url":"https:\/\/vieassociative.be\/actualites\/wp-content\/uploads\/2024\/09\/vie-associative-1-150x150.jpg","contentUrl":"https:\/\/vieassociative.be\/actualites\/wp-content\/uploads\/2024\/09\/vie-associative-1-150x150.jpg","caption":"Julien"},"description":"Je suis Julien, r\u00e9dacteur pour Vie Associative. Passionn\u00e9 par le monde associatif depuis plus de 10 ans, j'ai \u00e0 c\u0153ur de partager des histoires inspirantes et de mettre en lumi\u00e8re les initiatives locales. Mon objectif est de sensibiliser et d'encourager l'engagement communautaire \u00e0 travers mes articles.","sameAs":["https:\/\/vieassociative.be\/"]}]}},"_links":{"self":[{"href":"https:\/\/vieassociative.be\/actualites\/wp-json\/wp\/v2\/posts\/2360"}],"collection":[{"href":"https:\/\/vieassociative.be\/actualites\/wp-json\/wp\/v2\/posts"}],"about":[{"href":"https:\/\/vieassociative.be\/actualites\/wp-json\/wp\/v2\/types\/post"}],"author":[{"embeddable":true,"href":"https:\/\/vieassociative.be\/actualites\/wp-json\/wp\/v2\/users\/1"}],"replies":[{"embeddable":true,"href":"https:\/\/vieassociative.be\/actualites\/wp-json\/wp\/v2\/comments?post=2360"}],"version-history":[{"count":0,"href":"https:\/\/vieassociative.be\/actualites\/wp-json\/wp\/v2\/posts\/2360\/revisions"}],"wp:featuredmedia":[{"embeddable":true,"href":"https:\/\/vieassociative.be\/actualites\/wp-json\/wp\/v2\/media\/2361"}],"wp:attachment":[{"href":"https:\/\/vieassociative.be\/actualites\/wp-json\/wp\/v2\/media?parent=2360"}],"wp:term":[{"taxonomy":"category","embeddable":true,"href":"https:\/\/vieassociative.be\/actualites\/wp-json\/wp\/v2\/categories?post=2360"},{"taxonomy":"post_tag","embeddable":true,"href":"https:\/\/vieassociative.be\/actualites\/wp-json\/wp\/v2\/tags?post=2360"}],"curies":[{"name":"wp","href":"https:\/\/api.w.org\/{rel}","templated":true}]}}