{"id":2358,"date":"2024-11-13T06:19:23","date_gmt":"2024-11-13T05:19:23","guid":{"rendered":"https:\/\/vieassociative.be\/actualites\/jetez-loreiller-faconnant-la-tete-de-votre-bebe-declare-la-fda\/"},"modified":"2024-11-13T06:19:23","modified_gmt":"2024-11-13T05:19:23","slug":"jetez-loreiller-faconnant-la-tete-de-votre-bebe-declare-la-fda","status":"publish","type":"post","link":"https:\/\/vieassociative.be\/actualites\/jetez-loreiller-faconnant-la-tete-de-votre-bebe-declare-la-fda\/","title":{"rendered":"Jetez l&rsquo;oreiller fa\u00e7onnant la t\u00eate de votre b\u00e9b\u00e9, d\u00e9clare la FDA"},"content":{"rendered":"<div class=\"mt-4 leading-6 md:mb-8\">Les b\u00e9b\u00e9s ne devraient pas avoir d&rsquo;oreillers, m\u00eame ceux vendus pour fa\u00e7onner ou soutenir la t\u00eate.<\/div>\n<p><\/p>\n<p>Un sommeil s\u00e9curitaire pour les b\u00e9b\u00e9s implique de les mettre sur le dos dans un berceau sans oreillers, pare-chocs ou couvertures. C&rsquo;est toujours le cas m\u00eame si un oreiller est commercialis\u00e9 pour les b\u00e9b\u00e9s et m\u00eame s&rsquo;il indique qu&rsquo;il pr\u00e9vient le SMSN ou aide la t\u00eate de votre b\u00e9b\u00e9 \u00e0 prendre une forme plus naturelle. Ou, pour citer la FDA : \u00ab Si vous poss\u00e9dez un oreiller fa\u00e7onnant la t\u00eate d\u2019un b\u00e9b\u00e9, jetez-le ; ne le donnez pas et ne le donnez pas \u00e0 quelqu\u2019un d\u2019autre.<\/p>\n<p>Les p\u00e9diatres disent depuis des d\u00e9cennies que les oreillers n&rsquo;ont pas leur place dans les berceaux des b\u00e9b\u00e9s, mais les fabricants d&rsquo;articles pour b\u00e9b\u00e9s continuent de fabriquer et de vendre des articles \u00e0 mettre dans les berceaux. Les oreillers \u00ab fa\u00e7onnant la t\u00eate \u00bb ou \u00ab appui-t\u00eate \u00bb ont g\u00e9n\u00e9ralement un trou ou une \u00e9chancrure pour maintenir la t\u00eate du b\u00e9b\u00e9 tourn\u00e9e vers l&rsquo;avant. Mais les b\u00e9b\u00e9s n\u2019en ont pas besoin et ils peuvent \u00eatre dangereux. <\/p>\n<h2 id=\"why-are-baby-pillows-dangerous\">Pourquoi les oreillers pour b\u00e9b\u00e9 sont-ils dangereux ?<\/h2>\n<p>La mort subite et inexpliqu\u00e9e du nourrisson (SUID) est une cat\u00e9gorie de d\u00e9c\u00e8s qui peuvent survenir lorsque les b\u00e9b\u00e9s dorment. Cela inclut le SMSN, mais aussi des choses comme la suffocation, l&rsquo;\u00e9tranglement et le pi\u00e9geage. Et nous savons que le risque est moindre lorsque les b\u00e9b\u00e9s dorment dans un berceau avec seulement un drap-housse. <\/p>\n<p>La recommandation est donc de garder toutes ces autres choses \u00e0 l\u2019\u00e9cart. Pas d&rsquo;oreillers, m\u00eame ceux qui \u00ab fa\u00e7onnent la t\u00eate \u00bb. Pas de peluches. Pas de pare-chocs. Pas de couettes. (Habillez-les simplement avec des pyjamas chauds si vous craignez qu&rsquo;ils n&rsquo;attrapent froid.) Heureusement, la FDA ne mentionne aucun d\u00e9c\u00e8s r\u00e9cent de nourrissons dans son avertissement, mais les oreillers fa\u00e7onnant la t\u00eate sont toujours consid\u00e9r\u00e9s comme dangereux pour la m\u00eame raison que les autres oreillers. consid\u00e9r\u00e9 comme dangereux.<\/p>\n<p>Il y a un autre inconv\u00e9nient aux oreillers de t\u00eate : si vous les utilisez parce que vous vous inqui\u00e9tez de la forme de la t\u00eate de votre b\u00e9b\u00e9, vous devriez probablement en parler au m\u00e9decin de votre enfant. Une t\u00eate l\u00e9g\u00e8rement aplatie prend souvent une forme plus normale \u00e0 mesure que l&rsquo;enfant grandit, mais il existe \u00e9galement des probl\u00e8mes m\u00e9dicaux qui n\u00e9cessitent une attention professionnelle, comme la synostose, dans laquelle les os du cr\u00e2ne fusionnent trop t\u00f4t. Le temps que vous passez \u00e0 attendre qu&rsquo;un oreiller exerce sa magie est le temps pendant lequel votre p\u00e9diatre pourrait aider l&rsquo;enfant avec des traitements approuv\u00e9s.<\/p>\n<h2 id=\"are-there-head-shaping-pillows-that-actually-work\">Existe-t-il des oreillers modelants qui fonctionnent r\u00e9ellement ?<\/h2>\n<p>Non. Il n\u2019existe sur le march\u00e9 aucun oreiller approuv\u00e9 par la FDA pour pr\u00e9venir ou traiter le syndrome de la t\u00eate plate ou toute autre condition m\u00e9dicale. L&rsquo;agence ne consid\u00e8re pas <em>n&rsquo;importe lequel<\/em> les oreillers doivent \u00eatre s\u00fbrs et efficaces \u00e0 cette fin, pas m\u00eame ceux qui sont commercialis\u00e9s avec un langage pseudo-m\u00e9dical comme \u00ab con\u00e7u par un p\u00e9diatre \u00bb. <\/p>\n<p>Il existe des casquettes, des casques et des bandeaux qui <em>sont<\/em> approuv\u00e9s pour modifier la forme de la t\u00eate d&rsquo;un enfant ou destin\u00e9s \u00e0 \u00eatre port\u00e9s apr\u00e8s une intervention chirurgicale pour une synostose. Mais le p\u00e9diatre de votre enfant serait la meilleure personne pour vous conseiller \u00e0 ce sujet. <\/p>\n<p>En fin de compte, si votre enfant a un probl\u00e8me qui m\u00e9rite des soins m\u00e9dicaux, un oreiller ne le r\u00e9soudra pas ; et si votre enfant a un probl\u00e8me <em>n&rsquo;est-ce pas<\/em> m\u00e9rite des soins m\u00e9dicaux, un oreiller <em>toujours<\/em> ne le r\u00e9parera pas. Mais l\u2019oreiller pourrait pr\u00e9senter un risque pour leur s\u00e9curit\u00e9. Il est donc pr\u00e9f\u00e9rable de suivre les conseils de la FDA et de le jeter.<\/p>\n<p><\/p>\n","protected":false},"excerpt":{"rendered":"<p>Les b\u00e9b\u00e9s ne devraient pas avoir d&rsquo;oreillers, m\u00eame ceux vendus pour fa\u00e7onner ou soutenir la t\u00eate. Un sommeil s\u00e9curitaire pour les b\u00e9b\u00e9s implique de les<\/p>\n","protected":false},"author":1,"featured_media":2359,"comment_status":"","ping_status":"","sticky":false,"template":"","format":"standard","meta":{"footnotes":""},"categories":[37],"tags":[180,2248,3122,2249,2225,3121,2699,8],"class_list":["post-2358","post","type-post","status-publish","format-standard","has-post-thumbnail","hentry","category-famille","tag-bebe","tag-declare","tag-faconnant","tag-fda","tag-jetez","tag-loreiller","tag-tete","tag-votre","generate-columns","tablet-grid-50","mobile-grid-100","grid-parent","grid-33"],"yoast_head":"<!-- This site is optimized with the Yoast SEO plugin v24.0 - https:\/\/yoast.com\/wordpress\/plugins\/seo\/ -->\n<title>Jetez l&#039;oreiller fa\u00e7onnant la t\u00eate de votre b\u00e9b\u00e9, d\u00e9clare la FDA | Vie Associative<\/title>\n<meta name=\"robots\" content=\"index, follow, max-snippet:-1, max-image-preview:large, max-video-preview:-1\" \/>\n<link rel=\"canonical\" href=\"https:\/\/vieassociative.be\/actualites\/jetez-loreiller-faconnant-la-tete-de-votre-bebe-declare-la-fda\/\" \/>\n<meta property=\"og:locale\" content=\"fr_FR\" \/>\n<meta property=\"og:type\" content=\"article\" \/>\n<meta property=\"og:title\" content=\"Jetez l&#039;oreiller fa\u00e7onnant la t\u00eate de votre b\u00e9b\u00e9, d\u00e9clare la FDA | Vie Associative\" \/>\n<meta property=\"og:description\" content=\"Les b\u00e9b\u00e9s ne devraient pas avoir d&rsquo;oreillers, m\u00eame ceux vendus pour fa\u00e7onner ou soutenir la t\u00eate. Un sommeil s\u00e9curitaire pour les b\u00e9b\u00e9s implique de les\" \/>\n<meta property=\"og:url\" content=\"https:\/\/vieassociative.be\/actualites\/jetez-loreiller-faconnant-la-tete-de-votre-bebe-declare-la-fda\/\" \/>\n<meta property=\"og:site_name\" content=\"Vie Associative\" \/>\n<meta property=\"article:published_time\" content=\"2024-11-13T05:19:23+00:00\" \/>\n<meta property=\"og:image\" content=\"https:\/\/vieassociative.be\/actualites\/wp-content\/uploads\/2024\/09\/header_backgroundk-01-e1726694325946.png\" \/>\n\t<meta property=\"og:image:width\" content=\"279\" \/>\n\t<meta property=\"og:image:height\" content=\"92\" \/>\n\t<meta property=\"og:image:type\" content=\"image\/png\" \/>\n<meta name=\"author\" content=\"Julien\" \/>\n<meta name=\"twitter:card\" content=\"summary_large_image\" \/>\n<meta name=\"twitter:label1\" content=\"\u00c9crit par\" \/>\n\t<meta name=\"twitter:data1\" content=\"Julien\" \/>\n\t<meta name=\"twitter:label2\" content=\"Dur\u00e9e de lecture est.\" \/>\n\t<meta name=\"twitter:data2\" content=\"3 minutes\" \/>\n<script type=\"application\/ld+json\" class=\"yoast-schema-graph\">{\"@context\":\"https:\/\/schema.org\",\"@graph\":[{\"@type\":\"Article\",\"@id\":\"https:\/\/vieassociative.be\/actualites\/jetez-loreiller-faconnant-la-tete-de-votre-bebe-declare-la-fda\/#article\",\"isPartOf\":{\"@id\":\"https:\/\/vieassociative.be\/actualites\/jetez-loreiller-faconnant-la-tete-de-votre-bebe-declare-la-fda\/\"},\"author\":{\"name\":\"Julien\",\"@id\":\"https:\/\/vieassociative.be\/actualites\/#\/schema\/person\/b87ac4f82f9d4e7b7cec7395b679edc4\"},\"headline\":\"Jetez l&rsquo;oreiller fa\u00e7onnant la t\u00eate de votre b\u00e9b\u00e9, d\u00e9clare la FDA\",\"datePublished\":\"2024-11-13T05:19:23+00:00\",\"dateModified\":\"2024-11-13T05:19:23+00:00\",\"mainEntityOfPage\":{\"@id\":\"https:\/\/vieassociative.be\/actualites\/jetez-loreiller-faconnant-la-tete-de-votre-bebe-declare-la-fda\/\"},\"wordCount\":724,\"publisher\":{\"@id\":\"https:\/\/vieassociative.be\/actualites\/#organization\"},\"image\":{\"@id\":\"https:\/\/vieassociative.be\/actualites\/jetez-loreiller-faconnant-la-tete-de-votre-bebe-declare-la-fda\/#primaryimage\"},\"thumbnailUrl\":\"https:\/\/vieassociative.be\/actualites\/wp-content\/uploads\/2024\/11\/Jetez-loreiller-faconnant-la-tete-de-votre-bebe-declare-la.jpg\",\"keywords\":[\"b\u00e9b\u00e9\",\"d\u00e9clare\",\"fa\u00e7onnant\",\"FDA\",\"jetez\",\"loreiller\",\"t\u00eate\",\"votre\"],\"articleSection\":[\"Famille\"],\"inLanguage\":\"fr-BE\"},{\"@type\":\"WebPage\",\"@id\":\"https:\/\/vieassociative.be\/actualites\/jetez-loreiller-faconnant-la-tete-de-votre-bebe-declare-la-fda\/\",\"url\":\"https:\/\/vieassociative.be\/actualites\/jetez-loreiller-faconnant-la-tete-de-votre-bebe-declare-la-fda\/\",\"name\":\"Jetez l'oreiller fa\u00e7onnant la t\u00eate de votre b\u00e9b\u00e9, d\u00e9clare la FDA | Vie Associative\",\"isPartOf\":{\"@id\":\"https:\/\/vieassociative.be\/actualites\/#website\"},\"primaryImageOfPage\":{\"@id\":\"https:\/\/vieassociative.be\/actualites\/jetez-loreiller-faconnant-la-tete-de-votre-bebe-declare-la-fda\/#primaryimage\"},\"image\":{\"@id\":\"https:\/\/vieassociative.be\/actualites\/jetez-loreiller-faconnant-la-tete-de-votre-bebe-declare-la-fda\/#primaryimage\"},\"thumbnailUrl\":\"https:\/\/vieassociative.be\/actualites\/wp-content\/uploads\/2024\/11\/Jetez-loreiller-faconnant-la-tete-de-votre-bebe-declare-la.jpg\",\"datePublished\":\"2024-11-13T05:19:23+00:00\",\"dateModified\":\"2024-11-13T05:19:23+00:00\",\"breadcrumb\":{\"@id\":\"https:\/\/vieassociative.be\/actualites\/jetez-loreiller-faconnant-la-tete-de-votre-bebe-declare-la-fda\/#breadcrumb\"},\"inLanguage\":\"fr-BE\",\"potentialAction\":[{\"@type\":\"ReadAction\",\"target\":[\"https:\/\/vieassociative.be\/actualites\/jetez-loreiller-faconnant-la-tete-de-votre-bebe-declare-la-fda\/\"]}]},{\"@type\":\"ImageObject\",\"inLanguage\":\"fr-BE\",\"@id\":\"https:\/\/vieassociative.be\/actualites\/jetez-loreiller-faconnant-la-tete-de-votre-bebe-declare-la-fda\/#primaryimage\",\"url\":\"https:\/\/vieassociative.be\/actualites\/wp-content\/uploads\/2024\/11\/Jetez-loreiller-faconnant-la-tete-de-votre-bebe-declare-la.jpg\",\"contentUrl\":\"https:\/\/vieassociative.be\/actualites\/wp-content\/uploads\/2024\/11\/Jetez-loreiller-faconnant-la-tete-de-votre-bebe-declare-la.jpg\",\"width\":1200,\"height\":675,\"caption\":\"Jetez l'oreiller fa\u00e7onnant la t\u00eate de votre b\u00e9b\u00e9, d\u00e9clare la FDA\"},{\"@type\":\"BreadcrumbList\",\"@id\":\"https:\/\/vieassociative.be\/actualites\/jetez-loreiller-faconnant-la-tete-de-votre-bebe-declare-la-fda\/#breadcrumb\",\"itemListElement\":[{\"@type\":\"ListItem\",\"position\":1,\"name\":\"Accueil\",\"item\":\"https:\/\/vieassociative.be\/actualites\/\"},{\"@type\":\"ListItem\",\"position\":2,\"name\":\"Jetez l&rsquo;oreiller fa\u00e7onnant la t\u00eate de votre b\u00e9b\u00e9, d\u00e9clare la FDA\"}]},{\"@type\":\"WebSite\",\"@id\":\"https:\/\/vieassociative.be\/actualites\/#website\",\"url\":\"https:\/\/vieassociative.be\/actualites\/\",\"name\":\"Vie Associative\",\"description\":\"\",\"publisher\":{\"@id\":\"https:\/\/vieassociative.be\/actualites\/#organization\"},\"potentialAction\":[{\"@type\":\"SearchAction\",\"target\":{\"@type\":\"EntryPoint\",\"urlTemplate\":\"https:\/\/vieassociative.be\/actualites\/?s={search_term_string}\"},\"query-input\":{\"@type\":\"PropertyValueSpecification\",\"valueRequired\":true,\"valueName\":\"search_term_string\"}}],\"inLanguage\":\"fr-BE\"},{\"@type\":\"Organization\",\"@id\":\"https:\/\/vieassociative.be\/actualites\/#organization\",\"name\":\"Vie Associative\",\"url\":\"https:\/\/vieassociative.be\/actualites\/\",\"logo\":{\"@type\":\"ImageObject\",\"inLanguage\":\"fr-BE\",\"@id\":\"https:\/\/vieassociative.be\/actualites\/#\/schema\/logo\/image\/\",\"url\":\"https:\/\/vieassociative.be\/actualites\/wp-content\/uploads\/2024\/09\/cropped-vieassociative_favicon.ico.png\",\"contentUrl\":\"https:\/\/vieassociative.be\/actualites\/wp-content\/uploads\/2024\/09\/cropped-vieassociative_favicon.ico.png\",\"width\":512,\"height\":512,\"caption\":\"Vie Associative\"},\"image\":{\"@id\":\"https:\/\/vieassociative.be\/actualites\/#\/schema\/logo\/image\/\"}},{\"@type\":\"Person\",\"@id\":\"https:\/\/vieassociative.be\/actualites\/#\/schema\/person\/b87ac4f82f9d4e7b7cec7395b679edc4\",\"name\":\"Julien\",\"image\":{\"@type\":\"ImageObject\",\"inLanguage\":\"fr-BE\",\"@id\":\"https:\/\/vieassociative.be\/actualites\/#\/schema\/person\/image\/\",\"url\":\"https:\/\/vieassociative.be\/actualites\/wp-content\/uploads\/2024\/09\/vie-associative-1-150x150.jpg\",\"contentUrl\":\"https:\/\/vieassociative.be\/actualites\/wp-content\/uploads\/2024\/09\/vie-associative-1-150x150.jpg\",\"caption\":\"Julien\"},\"description\":\"Je suis Julien, r\u00e9dacteur pour Vie Associative. Passionn\u00e9 par le monde associatif depuis plus de 10 ans, j'ai \u00e0 c\u0153ur de partager des histoires inspirantes et de mettre en lumi\u00e8re les initiatives locales. Mon objectif est de sensibiliser et d'encourager l'engagement communautaire \u00e0 travers mes articles.\",\"sameAs\":[\"https:\/\/vieassociative.be\/\"]}]}<\/script>\n<!-- \/ Yoast SEO plugin. -->","yoast_head_json":{"title":"Jetez l'oreiller fa\u00e7onnant la t\u00eate de votre b\u00e9b\u00e9, d\u00e9clare la FDA | Vie Associative","robots":{"index":"index","follow":"follow","max-snippet":"max-snippet:-1","max-image-preview":"max-image-preview:large","max-video-preview":"max-video-preview:-1"},"canonical":"https:\/\/vieassociative.be\/actualites\/jetez-loreiller-faconnant-la-tete-de-votre-bebe-declare-la-fda\/","og_locale":"fr_FR","og_type":"article","og_title":"Jetez l'oreiller fa\u00e7onnant la t\u00eate de votre b\u00e9b\u00e9, d\u00e9clare la FDA | Vie Associative","og_description":"Les b\u00e9b\u00e9s ne devraient pas avoir d&rsquo;oreillers, m\u00eame ceux vendus pour fa\u00e7onner ou soutenir la t\u00eate. Un sommeil s\u00e9curitaire pour les b\u00e9b\u00e9s implique de les","og_url":"https:\/\/vieassociative.be\/actualites\/jetez-loreiller-faconnant-la-tete-de-votre-bebe-declare-la-fda\/","og_site_name":"Vie Associative","article_published_time":"2024-11-13T05:19:23+00:00","og_image":[{"width":279,"height":92,"url":"https:\/\/vieassociative.be\/actualites\/wp-content\/uploads\/2024\/09\/header_backgroundk-01-e1726694325946.png","type":"image\/png"}],"author":"Julien","twitter_card":"summary_large_image","twitter_misc":{"\u00c9crit par":"Julien","Dur\u00e9e de lecture est.":"3 minutes"},"schema":{"@context":"https:\/\/schema.org","@graph":[{"@type":"Article","@id":"https:\/\/vieassociative.be\/actualites\/jetez-loreiller-faconnant-la-tete-de-votre-bebe-declare-la-fda\/#article","isPartOf":{"@id":"https:\/\/vieassociative.be\/actualites\/jetez-loreiller-faconnant-la-tete-de-votre-bebe-declare-la-fda\/"},"author":{"name":"Julien","@id":"https:\/\/vieassociative.be\/actualites\/#\/schema\/person\/b87ac4f82f9d4e7b7cec7395b679edc4"},"headline":"Jetez l&rsquo;oreiller fa\u00e7onnant la t\u00eate de votre b\u00e9b\u00e9, d\u00e9clare la FDA","datePublished":"2024-11-13T05:19:23+00:00","dateModified":"2024-11-13T05:19:23+00:00","mainEntityOfPage":{"@id":"https:\/\/vieassociative.be\/actualites\/jetez-loreiller-faconnant-la-tete-de-votre-bebe-declare-la-fda\/"},"wordCount":724,"publisher":{"@id":"https:\/\/vieassociative.be\/actualites\/#organization"},"image":{"@id":"https:\/\/vieassociative.be\/actualites\/jetez-loreiller-faconnant-la-tete-de-votre-bebe-declare-la-fda\/#primaryimage"},"thumbnailUrl":"https:\/\/vieassociative.be\/actualites\/wp-content\/uploads\/2024\/11\/Jetez-loreiller-faconnant-la-tete-de-votre-bebe-declare-la.jpg","keywords":["b\u00e9b\u00e9","d\u00e9clare","fa\u00e7onnant","FDA","jetez","loreiller","t\u00eate","votre"],"articleSection":["Famille"],"inLanguage":"fr-BE"},{"@type":"WebPage","@id":"https:\/\/vieassociative.be\/actualites\/jetez-loreiller-faconnant-la-tete-de-votre-bebe-declare-la-fda\/","url":"https:\/\/vieassociative.be\/actualites\/jetez-loreiller-faconnant-la-tete-de-votre-bebe-declare-la-fda\/","name":"Jetez l'oreiller fa\u00e7onnant la t\u00eate de votre b\u00e9b\u00e9, d\u00e9clare la FDA | Vie Associative","isPartOf":{"@id":"https:\/\/vieassociative.be\/actualites\/#website"},"primaryImageOfPage":{"@id":"https:\/\/vieassociative.be\/actualites\/jetez-loreiller-faconnant-la-tete-de-votre-bebe-declare-la-fda\/#primaryimage"},"image":{"@id":"https:\/\/vieassociative.be\/actualites\/jetez-loreiller-faconnant-la-tete-de-votre-bebe-declare-la-fda\/#primaryimage"},"thumbnailUrl":"https:\/\/vieassociative.be\/actualites\/wp-content\/uploads\/2024\/11\/Jetez-loreiller-faconnant-la-tete-de-votre-bebe-declare-la.jpg","datePublished":"2024-11-13T05:19:23+00:00","dateModified":"2024-11-13T05:19:23+00:00","breadcrumb":{"@id":"https:\/\/vieassociative.be\/actualites\/jetez-loreiller-faconnant-la-tete-de-votre-bebe-declare-la-fda\/#breadcrumb"},"inLanguage":"fr-BE","potentialAction":[{"@type":"ReadAction","target":["https:\/\/vieassociative.be\/actualites\/jetez-loreiller-faconnant-la-tete-de-votre-bebe-declare-la-fda\/"]}]},{"@type":"ImageObject","inLanguage":"fr-BE","@id":"https:\/\/vieassociative.be\/actualites\/jetez-loreiller-faconnant-la-tete-de-votre-bebe-declare-la-fda\/#primaryimage","url":"https:\/\/vieassociative.be\/actualites\/wp-content\/uploads\/2024\/11\/Jetez-loreiller-faconnant-la-tete-de-votre-bebe-declare-la.jpg","contentUrl":"https:\/\/vieassociative.be\/actualites\/wp-content\/uploads\/2024\/11\/Jetez-loreiller-faconnant-la-tete-de-votre-bebe-declare-la.jpg","width":1200,"height":675,"caption":"Jetez l'oreiller fa\u00e7onnant la t\u00eate de votre b\u00e9b\u00e9, d\u00e9clare la FDA"},{"@type":"BreadcrumbList","@id":"https:\/\/vieassociative.be\/actualites\/jetez-loreiller-faconnant-la-tete-de-votre-bebe-declare-la-fda\/#breadcrumb","itemListElement":[{"@type":"ListItem","position":1,"name":"Accueil","item":"https:\/\/vieassociative.be\/actualites\/"},{"@type":"ListItem","position":2,"name":"Jetez l&rsquo;oreiller fa\u00e7onnant la t\u00eate de votre b\u00e9b\u00e9, d\u00e9clare la FDA"}]},{"@type":"WebSite","@id":"https:\/\/vieassociative.be\/actualites\/#website","url":"https:\/\/vieassociative.be\/actualites\/","name":"Vie Associative","description":"","publisher":{"@id":"https:\/\/vieassociative.be\/actualites\/#organization"},"potentialAction":[{"@type":"SearchAction","target":{"@type":"EntryPoint","urlTemplate":"https:\/\/vieassociative.be\/actualites\/?s={search_term_string}"},"query-input":{"@type":"PropertyValueSpecification","valueRequired":true,"valueName":"search_term_string"}}],"inLanguage":"fr-BE"},{"@type":"Organization","@id":"https:\/\/vieassociative.be\/actualites\/#organization","name":"Vie Associative","url":"https:\/\/vieassociative.be\/actualites\/","logo":{"@type":"ImageObject","inLanguage":"fr-BE","@id":"https:\/\/vieassociative.be\/actualites\/#\/schema\/logo\/image\/","url":"https:\/\/vieassociative.be\/actualites\/wp-content\/uploads\/2024\/09\/cropped-vieassociative_favicon.ico.png","contentUrl":"https:\/\/vieassociative.be\/actualites\/wp-content\/uploads\/2024\/09\/cropped-vieassociative_favicon.ico.png","width":512,"height":512,"caption":"Vie Associative"},"image":{"@id":"https:\/\/vieassociative.be\/actualites\/#\/schema\/logo\/image\/"}},{"@type":"Person","@id":"https:\/\/vieassociative.be\/actualites\/#\/schema\/person\/b87ac4f82f9d4e7b7cec7395b679edc4","name":"Julien","image":{"@type":"ImageObject","inLanguage":"fr-BE","@id":"https:\/\/vieassociative.be\/actualites\/#\/schema\/person\/image\/","url":"https:\/\/vieassociative.be\/actualites\/wp-content\/uploads\/2024\/09\/vie-associative-1-150x150.jpg","contentUrl":"https:\/\/vieassociative.be\/actualites\/wp-content\/uploads\/2024\/09\/vie-associative-1-150x150.jpg","caption":"Julien"},"description":"Je suis Julien, r\u00e9dacteur pour Vie Associative. Passionn\u00e9 par le monde associatif depuis plus de 10 ans, j'ai \u00e0 c\u0153ur de partager des histoires inspirantes et de mettre en lumi\u00e8re les initiatives locales. Mon objectif est de sensibiliser et d'encourager l'engagement communautaire \u00e0 travers mes articles.","sameAs":["https:\/\/vieassociative.be\/"]}]}},"_links":{"self":[{"href":"https:\/\/vieassociative.be\/actualites\/wp-json\/wp\/v2\/posts\/2358"}],"collection":[{"href":"https:\/\/vieassociative.be\/actualites\/wp-json\/wp\/v2\/posts"}],"about":[{"href":"https:\/\/vieassociative.be\/actualites\/wp-json\/wp\/v2\/types\/post"}],"author":[{"embeddable":true,"href":"https:\/\/vieassociative.be\/actualites\/wp-json\/wp\/v2\/users\/1"}],"replies":[{"embeddable":true,"href":"https:\/\/vieassociative.be\/actualites\/wp-json\/wp\/v2\/comments?post=2358"}],"version-history":[{"count":0,"href":"https:\/\/vieassociative.be\/actualites\/wp-json\/wp\/v2\/posts\/2358\/revisions"}],"wp:featuredmedia":[{"embeddable":true,"href":"https:\/\/vieassociative.be\/actualites\/wp-json\/wp\/v2\/media\/2359"}],"wp:attachment":[{"href":"https:\/\/vieassociative.be\/actualites\/wp-json\/wp\/v2\/media?parent=2358"}],"wp:term":[{"taxonomy":"category","embeddable":true,"href":"https:\/\/vieassociative.be\/actualites\/wp-json\/wp\/v2\/categories?post=2358"},{"taxonomy":"post_tag","embeddable":true,"href":"https:\/\/vieassociative.be\/actualites\/wp-json\/wp\/v2\/tags?post=2358"}],"curies":[{"name":"wp","href":"https:\/\/api.w.org\/{rel}","templated":true}]}}