{"id":2355,"date":"2024-11-13T03:20:53","date_gmt":"2024-11-13T02:20:53","guid":{"rendered":"https:\/\/vieassociative.be\/actualites\/la-recherche-dinvestisseurs-pour-lusine-audi-a-bruxelles-sest-terminee-sans-succes\/"},"modified":"2024-11-13T03:20:53","modified_gmt":"2024-11-13T02:20:53","slug":"la-recherche-dinvestisseurs-pour-lusine-audi-a-bruxelles-sest-terminee-sans-succes","status":"publish","type":"post","link":"https:\/\/vieassociative.be\/actualites\/la-recherche-dinvestisseurs-pour-lusine-audi-a-bruxelles-sest-terminee-sans-succes\/","title":{"rendered":"La recherche d&rsquo;investisseurs pour l&rsquo;usine Audi \u00e0 Bruxelles s&rsquo;est termin\u00e9e sans succ\u00e8s"},"content":{"rendered":"<p><strong>La fin de l\u2019usine de voitures \u00e9lectriques du groupe Volkswagen en Belgique se rapproche de plus en plus. Les n\u00e9gociations sur un plan social pour les 3 000 salari\u00e9s sont en cours.<\/strong><\/p>\n<p><span id=\"more-401668\"><\/span>Le dernier espoir d&rsquo;un investisseur de continuer \u00e0 exploiter l&rsquo;usine Audi \u00e0 Bruxelles a \u00e9t\u00e9 an\u00e9anti. \u00ab\u00a0L&rsquo;investisseur potentiel du secteur des v\u00e9hicules utilitaires a retir\u00e9 sa manifestation d&rsquo;int\u00e9r\u00eat\u00a0\u00bb, a annonc\u00e9 mardi la filiale de Volkswagen. \u00ab Il n\u2019y a aucun investisseur potentiel pour ce site, la recherche active d\u2019investisseurs est donc termin\u00e9e. \u00bb<\/p>\n<div id=\"attachment_396166\" class=\"wp-caption alignleft\" style=\"max-width: 300px\"><img fetchpriority=\"high\" decoding=\"async\" class=\"wp-image-396166 size-medium\" src=\"https:\/\/vieassociative.be\/actualites\/wp-content\/uploads\/2024\/11\/La-recherche-dinvestisseurs-pour-lusine-Audi-a-Bruxelles-sest-terminee.jpg\" alt=\"\" width=\"300\" height=\"200\"><\/p>\n<p class=\"wp-caption-text\">20\/08\/2024, Belgique, Bruxelles : les travailleurs se rassemblent sur le parking \u00e0 l&rsquo;entr\u00e9e de l&rsquo;usine Audi de Bruxelles lors d&rsquo;une r\u00e9union de travail convoqu\u00e9e par le front syndical commun. Photo : Eric Lalmand\/Belga\/dpa<\/p>\n<\/div>\n<p>Audi a d\u00e9j\u00e0 annonc\u00e9 que la production automobile \u00e0 Bruxelles cesserait fin f\u00e9vrier. Un plan social pour les 3 000 salari\u00e9s est en cours de n\u00e9gociation avec le comit\u00e9 d&rsquo;entreprise et les syndicats. Il ne devrait y avoir aucun licenciement avant la fin de cette ann\u00e9e.<\/p>\n<p>Comme sa soci\u00e9t\u00e9 m\u00e8re Volkswagen, Audi est en crise et discute avec le comit\u00e9 g\u00e9n\u00e9ral d&rsquo;entreprise d&rsquo;Ingolstadt de la mani\u00e8re d&rsquo;\u00e9viter les licenciements en Allemagne. Audi souhaite fermer l&rsquo;usine de Bruxelles et en discute depuis quatre mois avec les comit\u00e9s d&rsquo;entreprise et les syndicats.<\/p>\n<p>L&rsquo;usine, qui emploie 3 000 personnes, produit un seul mod\u00e8le, le SUV \u00e9lectrique Q8 e-tron. Ses chiffres de vente diminuent. L\u2019usine a des co\u00fbts logistiques tr\u00e8s \u00e9lev\u00e9s car il n\u2019y a que quelques fournisseurs \u00e0 proximit\u00e9. La situation entre une zone r\u00e9sidentielle, les voies ferr\u00e9es et l&rsquo;autoroute rend l&rsquo;expansion difficile. La recherche d\u2019utilisations alternatives n\u2019a pas abouti \u00e0 une solution viable pour pr\u00e9server l\u2019usine et les emplois. (dpa)<\/p>\n","protected":false},"excerpt":{"rendered":"<p>La fin de l\u2019usine de voitures \u00e9lectriques du groupe Volkswagen en Belgique se rapproche de plus en plus. Les n\u00e9gociations sur un plan social pour<\/p>\n","protected":false},"author":1,"featured_media":1801,"comment_status":"","ping_status":"","sticky":false,"template":"","format":"standard","meta":{"footnotes":""},"categories":[298],"tags":[2461,455,3117,3118,81,718,130,3119,96,3120],"class_list":["post-2355","post","type-post","status-publish","format-standard","has-post-thumbnail","hentry","category-belgique","tag-audi","tag-bruxelles","tag-dinvestisseurs","tag-lusine","tag-pour","tag-recherche","tag-sans","tag-sest","tag-succes","tag-terminee","generate-columns","tablet-grid-50","mobile-grid-100","grid-parent","grid-33"],"yoast_head":"<!-- This site is optimized with the Yoast SEO plugin v24.0 - https:\/\/yoast.com\/wordpress\/plugins\/seo\/ -->\n<title>La recherche d&#039;investisseurs pour l&#039;usine Audi \u00e0 Bruxelles s&#039;est termin\u00e9e sans succ\u00e8s | Vie Associative<\/title>\n<meta name=\"robots\" content=\"index, follow, max-snippet:-1, max-image-preview:large, max-video-preview:-1\" \/>\n<link rel=\"canonical\" href=\"https:\/\/vieassociative.be\/actualites\/la-recherche-dinvestisseurs-pour-lusine-audi-a-bruxelles-sest-terminee-sans-succes\/\" \/>\n<meta property=\"og:locale\" content=\"fr_FR\" \/>\n<meta property=\"og:type\" content=\"article\" \/>\n<meta property=\"og:title\" content=\"La recherche d&#039;investisseurs pour l&#039;usine Audi \u00e0 Bruxelles s&#039;est termin\u00e9e sans succ\u00e8s | Vie Associative\" \/>\n<meta property=\"og:description\" content=\"La fin de l\u2019usine de voitures \u00e9lectriques du groupe Volkswagen en Belgique se rapproche de plus en plus. Les n\u00e9gociations sur un plan social pour\" \/>\n<meta property=\"og:url\" content=\"https:\/\/vieassociative.be\/actualites\/la-recherche-dinvestisseurs-pour-lusine-audi-a-bruxelles-sest-terminee-sans-succes\/\" \/>\n<meta property=\"og:site_name\" content=\"Vie Associative\" \/>\n<meta property=\"article:published_time\" content=\"2024-11-13T02:20:53+00:00\" \/>\n<meta property=\"og:image\" content=\"https:\/\/vieassociative.be\/actualites\/wp-content\/uploads\/2024\/11\/La-recherche-dinvestisseurs-pour-lusine-Audi-a-Bruxelles-sest-terminee.jpg\" \/>\n<meta name=\"author\" content=\"Julien\" \/>\n<meta name=\"twitter:card\" content=\"summary_large_image\" \/>\n<meta name=\"twitter:label1\" content=\"\u00c9crit par\" \/>\n\t<meta name=\"twitter:data1\" content=\"Julien\" \/>\n\t<meta name=\"twitter:label2\" content=\"Dur\u00e9e de lecture est.\" \/>\n\t<meta name=\"twitter:data2\" content=\"1 minute\" \/>\n<script type=\"application\/ld+json\" class=\"yoast-schema-graph\">{\"@context\":\"https:\/\/schema.org\",\"@graph\":[{\"@type\":\"Article\",\"@id\":\"https:\/\/vieassociative.be\/actualites\/la-recherche-dinvestisseurs-pour-lusine-audi-a-bruxelles-sest-terminee-sans-succes\/#article\",\"isPartOf\":{\"@id\":\"https:\/\/vieassociative.be\/actualites\/la-recherche-dinvestisseurs-pour-lusine-audi-a-bruxelles-sest-terminee-sans-succes\/\"},\"author\":{\"name\":\"Julien\",\"@id\":\"https:\/\/vieassociative.be\/actualites\/#\/schema\/person\/b87ac4f82f9d4e7b7cec7395b679edc4\"},\"headline\":\"La recherche d&rsquo;investisseurs pour l&rsquo;usine Audi \u00e0 Bruxelles s&rsquo;est termin\u00e9e sans succ\u00e8s\",\"datePublished\":\"2024-11-13T02:20:53+00:00\",\"dateModified\":\"2024-11-13T02:20:53+00:00\",\"mainEntityOfPage\":{\"@id\":\"https:\/\/vieassociative.be\/actualites\/la-recherche-dinvestisseurs-pour-lusine-audi-a-bruxelles-sest-terminee-sans-succes\/\"},\"wordCount\":329,\"publisher\":{\"@id\":\"https:\/\/vieassociative.be\/actualites\/#organization\"},\"image\":{\"@id\":\"https:\/\/vieassociative.be\/actualites\/la-recherche-dinvestisseurs-pour-lusine-audi-a-bruxelles-sest-terminee-sans-succes\/#primaryimage\"},\"thumbnailUrl\":\"https:\/\/vieassociative.be\/actualites\/wp-content\/uploads\/2024\/10\/1730233086_Audi-arretera-sa-production-a-Bruxelles-en-fevrier-2025.jpg\",\"keywords\":[\"Audi\",\"Bruxelles\",\"dinvestisseurs\",\"lusine\",\"pour\",\"recherche\",\"sans\",\"sest\",\"succ\u00e8s\",\"termin\u00e9e\"],\"articleSection\":[\"Belgique\"],\"inLanguage\":\"fr-BE\"},{\"@type\":\"WebPage\",\"@id\":\"https:\/\/vieassociative.be\/actualites\/la-recherche-dinvestisseurs-pour-lusine-audi-a-bruxelles-sest-terminee-sans-succes\/\",\"url\":\"https:\/\/vieassociative.be\/actualites\/la-recherche-dinvestisseurs-pour-lusine-audi-a-bruxelles-sest-terminee-sans-succes\/\",\"name\":\"La recherche d'investisseurs pour l'usine Audi \u00e0 Bruxelles s'est termin\u00e9e sans succ\u00e8s | Vie Associative\",\"isPartOf\":{\"@id\":\"https:\/\/vieassociative.be\/actualites\/#website\"},\"primaryImageOfPage\":{\"@id\":\"https:\/\/vieassociative.be\/actualites\/la-recherche-dinvestisseurs-pour-lusine-audi-a-bruxelles-sest-terminee-sans-succes\/#primaryimage\"},\"image\":{\"@id\":\"https:\/\/vieassociative.be\/actualites\/la-recherche-dinvestisseurs-pour-lusine-audi-a-bruxelles-sest-terminee-sans-succes\/#primaryimage\"},\"thumbnailUrl\":\"https:\/\/vieassociative.be\/actualites\/wp-content\/uploads\/2024\/10\/1730233086_Audi-arretera-sa-production-a-Bruxelles-en-fevrier-2025.jpg\",\"datePublished\":\"2024-11-13T02:20:53+00:00\",\"dateModified\":\"2024-11-13T02:20:53+00:00\",\"breadcrumb\":{\"@id\":\"https:\/\/vieassociative.be\/actualites\/la-recherche-dinvestisseurs-pour-lusine-audi-a-bruxelles-sest-terminee-sans-succes\/#breadcrumb\"},\"inLanguage\":\"fr-BE\",\"potentialAction\":[{\"@type\":\"ReadAction\",\"target\":[\"https:\/\/vieassociative.be\/actualites\/la-recherche-dinvestisseurs-pour-lusine-audi-a-bruxelles-sest-terminee-sans-succes\/\"]}]},{\"@type\":\"ImageObject\",\"inLanguage\":\"fr-BE\",\"@id\":\"https:\/\/vieassociative.be\/actualites\/la-recherche-dinvestisseurs-pour-lusine-audi-a-bruxelles-sest-terminee-sans-succes\/#primaryimage\",\"url\":\"https:\/\/vieassociative.be\/actualites\/wp-content\/uploads\/2024\/10\/1730233086_Audi-arretera-sa-production-a-Bruxelles-en-fevrier-2025.jpg\",\"contentUrl\":\"https:\/\/vieassociative.be\/actualites\/wp-content\/uploads\/2024\/10\/1730233086_Audi-arretera-sa-production-a-Bruxelles-en-fevrier-2025.jpg\",\"width\":1200,\"height\":800,\"caption\":\"Audi arr\u00eatera sa production \u00e0 Bruxelles en f\u00e9vrier 2025\"},{\"@type\":\"BreadcrumbList\",\"@id\":\"https:\/\/vieassociative.be\/actualites\/la-recherche-dinvestisseurs-pour-lusine-audi-a-bruxelles-sest-terminee-sans-succes\/#breadcrumb\",\"itemListElement\":[{\"@type\":\"ListItem\",\"position\":1,\"name\":\"Accueil\",\"item\":\"https:\/\/vieassociative.be\/actualites\/\"},{\"@type\":\"ListItem\",\"position\":2,\"name\":\"La recherche d&rsquo;investisseurs pour l&rsquo;usine Audi \u00e0 Bruxelles s&rsquo;est termin\u00e9e sans succ\u00e8s\"}]},{\"@type\":\"WebSite\",\"@id\":\"https:\/\/vieassociative.be\/actualites\/#website\",\"url\":\"https:\/\/vieassociative.be\/actualites\/\",\"name\":\"Vie Associative\",\"description\":\"\",\"publisher\":{\"@id\":\"https:\/\/vieassociative.be\/actualites\/#organization\"},\"potentialAction\":[{\"@type\":\"SearchAction\",\"target\":{\"@type\":\"EntryPoint\",\"urlTemplate\":\"https:\/\/vieassociative.be\/actualites\/?s={search_term_string}\"},\"query-input\":{\"@type\":\"PropertyValueSpecification\",\"valueRequired\":true,\"valueName\":\"search_term_string\"}}],\"inLanguage\":\"fr-BE\"},{\"@type\":\"Organization\",\"@id\":\"https:\/\/vieassociative.be\/actualites\/#organization\",\"name\":\"Vie Associative\",\"url\":\"https:\/\/vieassociative.be\/actualites\/\",\"logo\":{\"@type\":\"ImageObject\",\"inLanguage\":\"fr-BE\",\"@id\":\"https:\/\/vieassociative.be\/actualites\/#\/schema\/logo\/image\/\",\"url\":\"https:\/\/vieassociative.be\/actualites\/wp-content\/uploads\/2024\/09\/cropped-vieassociative_favicon.ico.png\",\"contentUrl\":\"https:\/\/vieassociative.be\/actualites\/wp-content\/uploads\/2024\/09\/cropped-vieassociative_favicon.ico.png\",\"width\":512,\"height\":512,\"caption\":\"Vie Associative\"},\"image\":{\"@id\":\"https:\/\/vieassociative.be\/actualites\/#\/schema\/logo\/image\/\"}},{\"@type\":\"Person\",\"@id\":\"https:\/\/vieassociative.be\/actualites\/#\/schema\/person\/b87ac4f82f9d4e7b7cec7395b679edc4\",\"name\":\"Julien\",\"image\":{\"@type\":\"ImageObject\",\"inLanguage\":\"fr-BE\",\"@id\":\"https:\/\/vieassociative.be\/actualites\/#\/schema\/person\/image\/\",\"url\":\"https:\/\/vieassociative.be\/actualites\/wp-content\/uploads\/2024\/09\/vie-associative-1-150x150.jpg\",\"contentUrl\":\"https:\/\/vieassociative.be\/actualites\/wp-content\/uploads\/2024\/09\/vie-associative-1-150x150.jpg\",\"caption\":\"Julien\"},\"description\":\"Je suis Julien, r\u00e9dacteur pour Vie Associative. Passionn\u00e9 par le monde associatif depuis plus de 10 ans, j'ai \u00e0 c\u0153ur de partager des histoires inspirantes et de mettre en lumi\u00e8re les initiatives locales. Mon objectif est de sensibiliser et d'encourager l'engagement communautaire \u00e0 travers mes articles.\",\"sameAs\":[\"https:\/\/vieassociative.be\/\"]}]}<\/script>\n<!-- \/ Yoast SEO plugin. -->","yoast_head_json":{"title":"La recherche d'investisseurs pour l'usine Audi \u00e0 Bruxelles s'est termin\u00e9e sans succ\u00e8s | Vie Associative","robots":{"index":"index","follow":"follow","max-snippet":"max-snippet:-1","max-image-preview":"max-image-preview:large","max-video-preview":"max-video-preview:-1"},"canonical":"https:\/\/vieassociative.be\/actualites\/la-recherche-dinvestisseurs-pour-lusine-audi-a-bruxelles-sest-terminee-sans-succes\/","og_locale":"fr_FR","og_type":"article","og_title":"La recherche d'investisseurs pour l'usine Audi \u00e0 Bruxelles s'est termin\u00e9e sans succ\u00e8s | Vie Associative","og_description":"La fin de l\u2019usine de voitures \u00e9lectriques du groupe Volkswagen en Belgique se rapproche de plus en plus. Les n\u00e9gociations sur un plan social pour","og_url":"https:\/\/vieassociative.be\/actualites\/la-recherche-dinvestisseurs-pour-lusine-audi-a-bruxelles-sest-terminee-sans-succes\/","og_site_name":"Vie Associative","article_published_time":"2024-11-13T02:20:53+00:00","og_image":[{"url":"https:\/\/vieassociative.be\/actualites\/wp-content\/uploads\/2024\/11\/La-recherche-dinvestisseurs-pour-lusine-Audi-a-Bruxelles-sest-terminee.jpg","type":"","width":"","height":""}],"author":"Julien","twitter_card":"summary_large_image","twitter_misc":{"\u00c9crit par":"Julien","Dur\u00e9e de lecture est.":"1 minute"},"schema":{"@context":"https:\/\/schema.org","@graph":[{"@type":"Article","@id":"https:\/\/vieassociative.be\/actualites\/la-recherche-dinvestisseurs-pour-lusine-audi-a-bruxelles-sest-terminee-sans-succes\/#article","isPartOf":{"@id":"https:\/\/vieassociative.be\/actualites\/la-recherche-dinvestisseurs-pour-lusine-audi-a-bruxelles-sest-terminee-sans-succes\/"},"author":{"name":"Julien","@id":"https:\/\/vieassociative.be\/actualites\/#\/schema\/person\/b87ac4f82f9d4e7b7cec7395b679edc4"},"headline":"La recherche d&rsquo;investisseurs pour l&rsquo;usine Audi \u00e0 Bruxelles s&rsquo;est termin\u00e9e sans succ\u00e8s","datePublished":"2024-11-13T02:20:53+00:00","dateModified":"2024-11-13T02:20:53+00:00","mainEntityOfPage":{"@id":"https:\/\/vieassociative.be\/actualites\/la-recherche-dinvestisseurs-pour-lusine-audi-a-bruxelles-sest-terminee-sans-succes\/"},"wordCount":329,"publisher":{"@id":"https:\/\/vieassociative.be\/actualites\/#organization"},"image":{"@id":"https:\/\/vieassociative.be\/actualites\/la-recherche-dinvestisseurs-pour-lusine-audi-a-bruxelles-sest-terminee-sans-succes\/#primaryimage"},"thumbnailUrl":"https:\/\/vieassociative.be\/actualites\/wp-content\/uploads\/2024\/10\/1730233086_Audi-arretera-sa-production-a-Bruxelles-en-fevrier-2025.jpg","keywords":["Audi","Bruxelles","dinvestisseurs","lusine","pour","recherche","sans","sest","succ\u00e8s","termin\u00e9e"],"articleSection":["Belgique"],"inLanguage":"fr-BE"},{"@type":"WebPage","@id":"https:\/\/vieassociative.be\/actualites\/la-recherche-dinvestisseurs-pour-lusine-audi-a-bruxelles-sest-terminee-sans-succes\/","url":"https:\/\/vieassociative.be\/actualites\/la-recherche-dinvestisseurs-pour-lusine-audi-a-bruxelles-sest-terminee-sans-succes\/","name":"La recherche d'investisseurs pour l'usine Audi \u00e0 Bruxelles s'est termin\u00e9e sans succ\u00e8s | Vie Associative","isPartOf":{"@id":"https:\/\/vieassociative.be\/actualites\/#website"},"primaryImageOfPage":{"@id":"https:\/\/vieassociative.be\/actualites\/la-recherche-dinvestisseurs-pour-lusine-audi-a-bruxelles-sest-terminee-sans-succes\/#primaryimage"},"image":{"@id":"https:\/\/vieassociative.be\/actualites\/la-recherche-dinvestisseurs-pour-lusine-audi-a-bruxelles-sest-terminee-sans-succes\/#primaryimage"},"thumbnailUrl":"https:\/\/vieassociative.be\/actualites\/wp-content\/uploads\/2024\/10\/1730233086_Audi-arretera-sa-production-a-Bruxelles-en-fevrier-2025.jpg","datePublished":"2024-11-13T02:20:53+00:00","dateModified":"2024-11-13T02:20:53+00:00","breadcrumb":{"@id":"https:\/\/vieassociative.be\/actualites\/la-recherche-dinvestisseurs-pour-lusine-audi-a-bruxelles-sest-terminee-sans-succes\/#breadcrumb"},"inLanguage":"fr-BE","potentialAction":[{"@type":"ReadAction","target":["https:\/\/vieassociative.be\/actualites\/la-recherche-dinvestisseurs-pour-lusine-audi-a-bruxelles-sest-terminee-sans-succes\/"]}]},{"@type":"ImageObject","inLanguage":"fr-BE","@id":"https:\/\/vieassociative.be\/actualites\/la-recherche-dinvestisseurs-pour-lusine-audi-a-bruxelles-sest-terminee-sans-succes\/#primaryimage","url":"https:\/\/vieassociative.be\/actualites\/wp-content\/uploads\/2024\/10\/1730233086_Audi-arretera-sa-production-a-Bruxelles-en-fevrier-2025.jpg","contentUrl":"https:\/\/vieassociative.be\/actualites\/wp-content\/uploads\/2024\/10\/1730233086_Audi-arretera-sa-production-a-Bruxelles-en-fevrier-2025.jpg","width":1200,"height":800,"caption":"Audi arr\u00eatera sa production \u00e0 Bruxelles en f\u00e9vrier 2025"},{"@type":"BreadcrumbList","@id":"https:\/\/vieassociative.be\/actualites\/la-recherche-dinvestisseurs-pour-lusine-audi-a-bruxelles-sest-terminee-sans-succes\/#breadcrumb","itemListElement":[{"@type":"ListItem","position":1,"name":"Accueil","item":"https:\/\/vieassociative.be\/actualites\/"},{"@type":"ListItem","position":2,"name":"La recherche d&rsquo;investisseurs pour l&rsquo;usine Audi \u00e0 Bruxelles s&rsquo;est termin\u00e9e sans succ\u00e8s"}]},{"@type":"WebSite","@id":"https:\/\/vieassociative.be\/actualites\/#website","url":"https:\/\/vieassociative.be\/actualites\/","name":"Vie Associative","description":"","publisher":{"@id":"https:\/\/vieassociative.be\/actualites\/#organization"},"potentialAction":[{"@type":"SearchAction","target":{"@type":"EntryPoint","urlTemplate":"https:\/\/vieassociative.be\/actualites\/?s={search_term_string}"},"query-input":{"@type":"PropertyValueSpecification","valueRequired":true,"valueName":"search_term_string"}}],"inLanguage":"fr-BE"},{"@type":"Organization","@id":"https:\/\/vieassociative.be\/actualites\/#organization","name":"Vie Associative","url":"https:\/\/vieassociative.be\/actualites\/","logo":{"@type":"ImageObject","inLanguage":"fr-BE","@id":"https:\/\/vieassociative.be\/actualites\/#\/schema\/logo\/image\/","url":"https:\/\/vieassociative.be\/actualites\/wp-content\/uploads\/2024\/09\/cropped-vieassociative_favicon.ico.png","contentUrl":"https:\/\/vieassociative.be\/actualites\/wp-content\/uploads\/2024\/09\/cropped-vieassociative_favicon.ico.png","width":512,"height":512,"caption":"Vie Associative"},"image":{"@id":"https:\/\/vieassociative.be\/actualites\/#\/schema\/logo\/image\/"}},{"@type":"Person","@id":"https:\/\/vieassociative.be\/actualites\/#\/schema\/person\/b87ac4f82f9d4e7b7cec7395b679edc4","name":"Julien","image":{"@type":"ImageObject","inLanguage":"fr-BE","@id":"https:\/\/vieassociative.be\/actualites\/#\/schema\/person\/image\/","url":"https:\/\/vieassociative.be\/actualites\/wp-content\/uploads\/2024\/09\/vie-associative-1-150x150.jpg","contentUrl":"https:\/\/vieassociative.be\/actualites\/wp-content\/uploads\/2024\/09\/vie-associative-1-150x150.jpg","caption":"Julien"},"description":"Je suis Julien, r\u00e9dacteur pour Vie Associative. Passionn\u00e9 par le monde associatif depuis plus de 10 ans, j'ai \u00e0 c\u0153ur de partager des histoires inspirantes et de mettre en lumi\u00e8re les initiatives locales. Mon objectif est de sensibiliser et d'encourager l'engagement communautaire \u00e0 travers mes articles.","sameAs":["https:\/\/vieassociative.be\/"]}]}},"_links":{"self":[{"href":"https:\/\/vieassociative.be\/actualites\/wp-json\/wp\/v2\/posts\/2355"}],"collection":[{"href":"https:\/\/vieassociative.be\/actualites\/wp-json\/wp\/v2\/posts"}],"about":[{"href":"https:\/\/vieassociative.be\/actualites\/wp-json\/wp\/v2\/types\/post"}],"author":[{"embeddable":true,"href":"https:\/\/vieassociative.be\/actualites\/wp-json\/wp\/v2\/users\/1"}],"replies":[{"embeddable":true,"href":"https:\/\/vieassociative.be\/actualites\/wp-json\/wp\/v2\/comments?post=2355"}],"version-history":[{"count":0,"href":"https:\/\/vieassociative.be\/actualites\/wp-json\/wp\/v2\/posts\/2355\/revisions"}],"wp:featuredmedia":[{"embeddable":true,"href":"https:\/\/vieassociative.be\/actualites\/wp-json\/wp\/v2\/media\/1801"}],"wp:attachment":[{"href":"https:\/\/vieassociative.be\/actualites\/wp-json\/wp\/v2\/media?parent=2355"}],"wp:term":[{"taxonomy":"category","embeddable":true,"href":"https:\/\/vieassociative.be\/actualites\/wp-json\/wp\/v2\/categories?post=2355"},{"taxonomy":"post_tag","embeddable":true,"href":"https:\/\/vieassociative.be\/actualites\/wp-json\/wp\/v2\/tags?post=2355"}],"curies":[{"name":"wp","href":"https:\/\/api.w.org\/{rel}","templated":true}]}}