{"id":2349,"date":"2024-11-13T00:17:05","date_gmt":"2024-11-12T23:17:05","guid":{"rendered":"https:\/\/vieassociative.be\/actualites\/comment-gerer-les-crises-apres-lecole-avec-un-enfant-neurodivergent\/"},"modified":"2024-11-13T00:17:05","modified_gmt":"2024-11-12T23:17:05","slug":"comment-gerer-les-crises-apres-lecole-avec-un-enfant-neurodivergent","status":"publish","type":"post","link":"https:\/\/vieassociative.be\/actualites\/comment-gerer-les-crises-apres-lecole-avec-un-enfant-neurodivergent\/","title":{"rendered":"Comment g\u00e9rer les crises apr\u00e8s l&rsquo;\u00e9cole avec un enfant neurodivergent"},"content":{"rendered":"<div class=\"mt-4 leading-6 md:mb-8\">Des troubles comme le TDAH, l\u2019autisme, la dyslexie ou la dyscalculie peuvent contribuer \u00e0 d\u00e9clencher des crises apr\u00e8s l\u2019\u00e9cole.<\/div>\n<p><\/p>\n<p>Au moment o\u00f9 votre enfant rentre de l\u2019\u00e9cole, il y a de fortes chances qu\u2019il soit pr\u00eat \u00e0 affronter une crise apr\u00e8s l\u2019\u00e9cole. \u00c9galement connus sous le nom d&rsquo;effondrement des dispositifs de retenue apr\u00e8s l&rsquo;\u00e9cole, ces effondrements se produisent souvent parce qu&rsquo;un enfant a d\u00e9ploy\u00e9 des efforts extraordinaires pour se comporter pendant la journ\u00e9e d&rsquo;\u00e9cole, pour ensuite perdre le contr\u00f4le au moment o\u00f9 il atteint un endroit o\u00f9 il se sent en s\u00e9curit\u00e9. Ces crises sont particuli\u00e8rement probables chez les enfants neurodivergents souffrant de troubles qui affectent leurs capacit\u00e9s sociales et\/ou cognitives, notamment le TDAH, l&rsquo;autisme, la dyslexie ou la dyscalculie. <\/p>\n<p>\u00ab\u00a0Les enfants d\u00e9pensent des quantit\u00e9s extraordinaires d&rsquo;\u00e9nergie dans leur vie quotidienne dans un monde neurotypique avec un cerveau neurodivergent\u00a0\u00bb, a d\u00e9clar\u00e9 Andrew Kahn, psychologue de l&rsquo;association \u00e0 but non lucratif Understood. Cela pourrait inclure de passer la journ\u00e9e dans un environnement sensoriel \u00e9crasant\u00a0; devoir d\u00e9ployer une \u00e9nergie suppl\u00e9mentaire en restant assis, en se concentrant sur l&rsquo;enseignant ou en d\u00e9chiffrant les signaux sociaux\u00a0; ou avoir des difficult\u00e9s suppl\u00e9mentaires en lecture et\/ou en math\u00e9matiques. \u00ab Naviguer dans ces diff\u00e9rences de c\u00e2blage, c&rsquo;est un peu comme conduire votre v\u00e9lo avec le mauvais rapport toute la journ\u00e9e. C&rsquo;est \u00e9puisant \u00bb, a d\u00e9clar\u00e9 Kahn. <\/p>\n<h2 id=\"offer-compassion\"><strong>Offrez de la compassion<\/strong> <\/h2>\n<p>Si votre enfant s&rsquo;effondre r\u00e9guli\u00e8rement une fois qu&rsquo;il rentre de l&rsquo;\u00e9cole, il est important de faire preuve de compassion pour ce qu&rsquo;il traverse et de trouver un moyen de l&rsquo;aider \u00e0 autor\u00e9guler ses \u00e9motions. Comme le note Kahn, les crises sont diff\u00e9rentes des crises de col\u00e8re dans le sens o\u00f9 les crises sont motiv\u00e9es par les \u00e9motions, au point que toute logique dispara\u00eet. \u00ab\u00a0Une crise n&rsquo;est pas un moment n\u00e9gociable\u00a0\u00bb, a d\u00e9clar\u00e9 Kahn. \u00ab\u00a0Ils ne r\u00e9agissent pas au renforcement et aux cons\u00e9quences.\u00a0\u00bb <\/p>\n<p>Pour aider leurs enfants, les parents doivent \u00e9tablir un espace s\u00fbr et des rituels de calme, tout en faisant preuve d&rsquo;une certaine compassion pour ce qu&rsquo;ils peuvent vivre. \u00ab\u00a0Si nous pouvons comprendre qu&rsquo;ils traversent vraiment une p\u00e9riode difficile, alors nous pouvons faire preuve de compassion\u00a0\u00bb, a d\u00e9clar\u00e9 Elaine Taylor-Klaus, auteur du livre. <em>Le guide essentiel pour \u00e9lever des enfants complexes atteints de TDAH, d&rsquo;anxi\u00e9t\u00e9 et plus encore.<\/em>  <\/p>\n<h2 id=\"find-a-way-to-keep-your-own-cool\"><strong>Trouvez un moyen de garder votre sang-froid<\/strong> <\/h2>\n<p>Cela implique de trouver des moyens de faire face \u00e0 ces explosions sans perdre votre sang-froid. \u00ab\u00a0Ce qui arrive aux parents, c&rsquo;est que leurs \u00e9motions s&rsquo;intensifient \u00e0 mesure que celles de leurs enfants s&rsquo;intensifient, de sorte qu&rsquo;ils deviennent tous moins logiques sur le moment, et cela devient alors un cauchemar\u00a0\u00bb, a d\u00e9clar\u00e9 Kahn. C&rsquo;est pourquoi il est important d&rsquo;anticiper cela <em>volont\u00e9 <\/em>soyez des crises p\u00e9riodiques et identifiez des strat\u00e9gies pour garder votre sang-froid. \u00ab\u00a0Vous devez garder votre r\u00e9servoir de carburant rempli pour pouvoir y faire face\u00a0\u00bb, a d\u00e9clar\u00e9 Taylor-Klaus.  <\/p>\n<p>Si votre enfant n&rsquo;a pas encore atteint la crise, mais qu&rsquo;il est frustr\u00e9 par sa journ\u00e9e, Taylor-Klaus recommande de lui donner un peu d&rsquo;espace suppl\u00e9mentaire pour se d\u00e9fouler, sans porter de jugement sur ses difficult\u00e9s. \u00ab Vous devez leur donner de l&rsquo;espace \u00bb, a-t-elle d\u00e9clar\u00e9. \u00ab\u00a0Il s&rsquo;agit de les rencontrer l\u00e0 o\u00f9 ils se trouvent et de reconna\u00eetre que leurs exp\u00e9riences sont r\u00e9elles.\u00a0\u00bb  <\/p>\n<h2 id=\"work-on-transitions\"><strong>Travailler les transitions<\/strong> <\/h2>\n<p>Pour de nombreux enfants en difficult\u00e9 \u00e0 l\u2019\u00e9cole, la transition de l\u2019\u00e9cole \u00e0 la maison peut \u00eatre particuli\u00e8rement difficile. \u00ab\u00a0Les parents doivent \u00eatre conscients que la transition d&rsquo;un environnement \u00e0 un autre est parfois tr\u00e8s difficile pour les enfants, en particulier les enfants neurodivergents, et que la meilleure fa\u00e7on de rendre ces transitions plus efficaces est d&rsquo;en parler, surtout lorsque tout le monde est calme, et de r\u00e9soudre les probl\u00e8mes. -r\u00e9soudre \u00e0 l&rsquo;avance \u00bb, a d\u00e9clar\u00e9 Kahn.  <\/p>\n<p>Si votre enfant a tendance \u00e0 avoir des difficult\u00e9s \u00e0 l&rsquo;\u00e9cole, il est utile de planifier les crises ou les jours o\u00f9 il est boulevers\u00e9 parce que rien ne s&rsquo;est bien pass\u00e9 et o\u00f9 il a du mal \u00e0 comprendre ce que son professeur attend de lui. \u00ab Planifiez les explosions, planifiez les moments inconfortables en cr\u00e9ant des strat\u00e9gies pour votre enfant, pour l&rsquo;aider \u00e0 se sentir plus en contr\u00f4le et \u00e0 rester calme \u00bb, a d\u00e9clar\u00e9 Kahn.  <\/p>\n<h2 id=\"establish-a-homework-routine-but-adjust-as-needed\"><strong>\u00c9tablissez une routine de devoirs mais ajustez-la au besoin<\/strong> <\/h2>\n<p>Si les devoirs posent probl\u00e8me en raison d&rsquo;un trouble d&rsquo;apprentissage, Kahn recommande d&rsquo;\u00e9tablir une routine pour votre enfant, dans laquelle il travaille \u00e0 l&rsquo;apprentissage des concepts pendant une dur\u00e9e d\u00e9termin\u00e9e chaque jour, mais \u00e9galement d&rsquo;ajuster le mat\u00e9riel si n\u00e9cessaire afin qu&rsquo;il reste \u00e0 un niveau raisonnable. niveau g\u00e9rable pour eux. \u00ab\u00a0Les parents ne devraient pas \u00eatre dans une position o\u00f9 ils essaient de r\u00e9apprendre \u00e0 leur enfant, car cela ne ferait que les d\u00e9clencher et rendre les choses explosives\u00a0\u00bb, a d\u00e9clar\u00e9 Kahn.  <\/p>\n<p>Au lieu de cela, il peut \u00eatre utile de consacrer ce temps \u00e0 renforcer les concepts ant\u00e9rieurs qu\u2019ils ont appris ou \u00e0 travailler sur des exercices alternatifs d\u2019un niveau g\u00e9rable. \u00ab\u00a0Cela ne fait jamais de mal aux enfants de ma\u00eetriser certaines de ces comp\u00e9tences de base\u00a0\u00bb, a d\u00e9clar\u00e9 Kahn. <\/p>\n<p>Cela \u00e9tablit une routine et une attente selon laquelle ils travailleront sur les math\u00e9matiques ou la lecture pendant une dur\u00e9e d\u00e9termin\u00e9e apr\u00e8s l&rsquo;\u00e9cole, tout en les maintenant \u00e0 un niveau g\u00e9rable. \u00ab\u00a0Si l&rsquo;enfant sait que les attentes sont toujours les m\u00eames, mais que les t\u00e2ches pourront \u00eatre d\u00e9cal\u00e9es, il est alors beaucoup moins susceptible de s&rsquo;envoler ou de s&rsquo;effondrer\u00a0\u00bb, a d\u00e9clar\u00e9 Kahn. <\/p>\n<p><\/p>\n","protected":false},"excerpt":{"rendered":"<p>Des troubles comme le TDAH, l\u2019autisme, la dyslexie ou la dyscalculie peuvent contribuer \u00e0 d\u00e9clencher des crises apr\u00e8s l\u2019\u00e9cole. Au moment o\u00f9 votre enfant rentre<\/p>\n","protected":false},"author":1,"featured_media":2350,"comment_status":"","ping_status":"","sticky":false,"template":"","format":"standard","meta":{"footnotes":""},"categories":[37],"tags":[472,61,44,3114,295,109,2437,14,3115],"class_list":["post-2349","post","type-post","status-publish","format-standard","has-post-thumbnail","hentry","category-famille","tag-apres","tag-avec","tag-comment","tag-crises","tag-enfant","tag-gerer","tag-lecole","tag-les","tag-neurodivergent","generate-columns","tablet-grid-50","mobile-grid-100","grid-parent","grid-33"],"yoast_head":"<!-- This site is optimized with the Yoast SEO plugin v24.0 - https:\/\/yoast.com\/wordpress\/plugins\/seo\/ -->\n<title>Comment g\u00e9rer les crises apr\u00e8s l&#039;\u00e9cole avec un enfant neurodivergent | Vie Associative<\/title>\n<meta name=\"robots\" content=\"index, follow, max-snippet:-1, max-image-preview:large, max-video-preview:-1\" \/>\n<link rel=\"canonical\" href=\"https:\/\/vieassociative.be\/actualites\/comment-gerer-les-crises-apres-lecole-avec-un-enfant-neurodivergent\/\" \/>\n<meta property=\"og:locale\" content=\"fr_FR\" \/>\n<meta property=\"og:type\" content=\"article\" \/>\n<meta property=\"og:title\" content=\"Comment g\u00e9rer les crises apr\u00e8s l&#039;\u00e9cole avec un enfant neurodivergent | Vie Associative\" \/>\n<meta property=\"og:description\" content=\"Des troubles comme le TDAH, l\u2019autisme, la dyslexie ou la dyscalculie peuvent contribuer \u00e0 d\u00e9clencher des crises apr\u00e8s l\u2019\u00e9cole. Au moment o\u00f9 votre enfant rentre\" \/>\n<meta property=\"og:url\" content=\"https:\/\/vieassociative.be\/actualites\/comment-gerer-les-crises-apres-lecole-avec-un-enfant-neurodivergent\/\" \/>\n<meta property=\"og:site_name\" content=\"Vie Associative\" \/>\n<meta property=\"article:published_time\" content=\"2024-11-12T23:17:05+00:00\" \/>\n<meta property=\"og:image\" content=\"https:\/\/vieassociative.be\/actualites\/wp-content\/uploads\/2024\/09\/header_backgroundk-01-e1726694325946.png\" \/>\n\t<meta property=\"og:image:width\" content=\"279\" \/>\n\t<meta property=\"og:image:height\" content=\"92\" \/>\n\t<meta property=\"og:image:type\" content=\"image\/png\" \/>\n<meta name=\"author\" content=\"Julien\" \/>\n<meta name=\"twitter:card\" content=\"summary_large_image\" \/>\n<meta name=\"twitter:label1\" content=\"\u00c9crit par\" \/>\n\t<meta name=\"twitter:data1\" content=\"Julien\" \/>\n\t<meta name=\"twitter:label2\" content=\"Dur\u00e9e de lecture est.\" \/>\n\t<meta name=\"twitter:data2\" content=\"5 minutes\" \/>\n<script type=\"application\/ld+json\" class=\"yoast-schema-graph\">{\"@context\":\"https:\/\/schema.org\",\"@graph\":[{\"@type\":\"Article\",\"@id\":\"https:\/\/vieassociative.be\/actualites\/comment-gerer-les-crises-apres-lecole-avec-un-enfant-neurodivergent\/#article\",\"isPartOf\":{\"@id\":\"https:\/\/vieassociative.be\/actualites\/comment-gerer-les-crises-apres-lecole-avec-un-enfant-neurodivergent\/\"},\"author\":{\"name\":\"Julien\",\"@id\":\"https:\/\/vieassociative.be\/actualites\/#\/schema\/person\/b87ac4f82f9d4e7b7cec7395b679edc4\"},\"headline\":\"Comment g\u00e9rer les crises apr\u00e8s l&rsquo;\u00e9cole avec un enfant neurodivergent\",\"datePublished\":\"2024-11-12T23:17:05+00:00\",\"dateModified\":\"2024-11-12T23:17:05+00:00\",\"mainEntityOfPage\":{\"@id\":\"https:\/\/vieassociative.be\/actualites\/comment-gerer-les-crises-apres-lecole-avec-un-enfant-neurodivergent\/\"},\"wordCount\":1026,\"publisher\":{\"@id\":\"https:\/\/vieassociative.be\/actualites\/#organization\"},\"image\":{\"@id\":\"https:\/\/vieassociative.be\/actualites\/comment-gerer-les-crises-apres-lecole-avec-un-enfant-neurodivergent\/#primaryimage\"},\"thumbnailUrl\":\"https:\/\/vieassociative.be\/actualites\/wp-content\/uploads\/2024\/11\/Comment-gerer-les-crises-apres-lecole-avec-un-enfant-neurodivergent.jpg\",\"keywords\":[\"Apr\u00e8s\",\"avec\",\"Comment\",\"crises\",\"enfant\",\"g\u00e9rer\",\"l\u00e9cole\",\"Les\",\"neurodivergent\"],\"articleSection\":[\"Famille\"],\"inLanguage\":\"fr-BE\"},{\"@type\":\"WebPage\",\"@id\":\"https:\/\/vieassociative.be\/actualites\/comment-gerer-les-crises-apres-lecole-avec-un-enfant-neurodivergent\/\",\"url\":\"https:\/\/vieassociative.be\/actualites\/comment-gerer-les-crises-apres-lecole-avec-un-enfant-neurodivergent\/\",\"name\":\"Comment g\u00e9rer les crises apr\u00e8s l'\u00e9cole avec un enfant neurodivergent | Vie Associative\",\"isPartOf\":{\"@id\":\"https:\/\/vieassociative.be\/actualites\/#website\"},\"primaryImageOfPage\":{\"@id\":\"https:\/\/vieassociative.be\/actualites\/comment-gerer-les-crises-apres-lecole-avec-un-enfant-neurodivergent\/#primaryimage\"},\"image\":{\"@id\":\"https:\/\/vieassociative.be\/actualites\/comment-gerer-les-crises-apres-lecole-avec-un-enfant-neurodivergent\/#primaryimage\"},\"thumbnailUrl\":\"https:\/\/vieassociative.be\/actualites\/wp-content\/uploads\/2024\/11\/Comment-gerer-les-crises-apres-lecole-avec-un-enfant-neurodivergent.jpg\",\"datePublished\":\"2024-11-12T23:17:05+00:00\",\"dateModified\":\"2024-11-12T23:17:05+00:00\",\"breadcrumb\":{\"@id\":\"https:\/\/vieassociative.be\/actualites\/comment-gerer-les-crises-apres-lecole-avec-un-enfant-neurodivergent\/#breadcrumb\"},\"inLanguage\":\"fr-BE\",\"potentialAction\":[{\"@type\":\"ReadAction\",\"target\":[\"https:\/\/vieassociative.be\/actualites\/comment-gerer-les-crises-apres-lecole-avec-un-enfant-neurodivergent\/\"]}]},{\"@type\":\"ImageObject\",\"inLanguage\":\"fr-BE\",\"@id\":\"https:\/\/vieassociative.be\/actualites\/comment-gerer-les-crises-apres-lecole-avec-un-enfant-neurodivergent\/#primaryimage\",\"url\":\"https:\/\/vieassociative.be\/actualites\/wp-content\/uploads\/2024\/11\/Comment-gerer-les-crises-apres-lecole-avec-un-enfant-neurodivergent.jpg\",\"contentUrl\":\"https:\/\/vieassociative.be\/actualites\/wp-content\/uploads\/2024\/11\/Comment-gerer-les-crises-apres-lecole-avec-un-enfant-neurodivergent.jpg\",\"width\":1200,\"height\":675,\"caption\":\"Comment g\u00e9rer les crises apr\u00e8s l'\u00e9cole avec un enfant neurodivergent\"},{\"@type\":\"BreadcrumbList\",\"@id\":\"https:\/\/vieassociative.be\/actualites\/comment-gerer-les-crises-apres-lecole-avec-un-enfant-neurodivergent\/#breadcrumb\",\"itemListElement\":[{\"@type\":\"ListItem\",\"position\":1,\"name\":\"Accueil\",\"item\":\"https:\/\/vieassociative.be\/actualites\/\"},{\"@type\":\"ListItem\",\"position\":2,\"name\":\"Comment g\u00e9rer les crises apr\u00e8s l&rsquo;\u00e9cole avec un enfant neurodivergent\"}]},{\"@type\":\"WebSite\",\"@id\":\"https:\/\/vieassociative.be\/actualites\/#website\",\"url\":\"https:\/\/vieassociative.be\/actualites\/\",\"name\":\"Vie Associative\",\"description\":\"\",\"publisher\":{\"@id\":\"https:\/\/vieassociative.be\/actualites\/#organization\"},\"potentialAction\":[{\"@type\":\"SearchAction\",\"target\":{\"@type\":\"EntryPoint\",\"urlTemplate\":\"https:\/\/vieassociative.be\/actualites\/?s={search_term_string}\"},\"query-input\":{\"@type\":\"PropertyValueSpecification\",\"valueRequired\":true,\"valueName\":\"search_term_string\"}}],\"inLanguage\":\"fr-BE\"},{\"@type\":\"Organization\",\"@id\":\"https:\/\/vieassociative.be\/actualites\/#organization\",\"name\":\"Vie Associative\",\"url\":\"https:\/\/vieassociative.be\/actualites\/\",\"logo\":{\"@type\":\"ImageObject\",\"inLanguage\":\"fr-BE\",\"@id\":\"https:\/\/vieassociative.be\/actualites\/#\/schema\/logo\/image\/\",\"url\":\"https:\/\/vieassociative.be\/actualites\/wp-content\/uploads\/2024\/09\/cropped-vieassociative_favicon.ico.png\",\"contentUrl\":\"https:\/\/vieassociative.be\/actualites\/wp-content\/uploads\/2024\/09\/cropped-vieassociative_favicon.ico.png\",\"width\":512,\"height\":512,\"caption\":\"Vie Associative\"},\"image\":{\"@id\":\"https:\/\/vieassociative.be\/actualites\/#\/schema\/logo\/image\/\"}},{\"@type\":\"Person\",\"@id\":\"https:\/\/vieassociative.be\/actualites\/#\/schema\/person\/b87ac4f82f9d4e7b7cec7395b679edc4\",\"name\":\"Julien\",\"image\":{\"@type\":\"ImageObject\",\"inLanguage\":\"fr-BE\",\"@id\":\"https:\/\/vieassociative.be\/actualites\/#\/schema\/person\/image\/\",\"url\":\"https:\/\/vieassociative.be\/actualites\/wp-content\/uploads\/2024\/09\/vie-associative-1-150x150.jpg\",\"contentUrl\":\"https:\/\/vieassociative.be\/actualites\/wp-content\/uploads\/2024\/09\/vie-associative-1-150x150.jpg\",\"caption\":\"Julien\"},\"description\":\"Je suis Julien, r\u00e9dacteur pour Vie Associative. Passionn\u00e9 par le monde associatif depuis plus de 10 ans, j'ai \u00e0 c\u0153ur de partager des histoires inspirantes et de mettre en lumi\u00e8re les initiatives locales. Mon objectif est de sensibiliser et d'encourager l'engagement communautaire \u00e0 travers mes articles.\",\"sameAs\":[\"https:\/\/vieassociative.be\/\"]}]}<\/script>\n<!-- \/ Yoast SEO plugin. -->","yoast_head_json":{"title":"Comment g\u00e9rer les crises apr\u00e8s l'\u00e9cole avec un enfant neurodivergent | Vie Associative","robots":{"index":"index","follow":"follow","max-snippet":"max-snippet:-1","max-image-preview":"max-image-preview:large","max-video-preview":"max-video-preview:-1"},"canonical":"https:\/\/vieassociative.be\/actualites\/comment-gerer-les-crises-apres-lecole-avec-un-enfant-neurodivergent\/","og_locale":"fr_FR","og_type":"article","og_title":"Comment g\u00e9rer les crises apr\u00e8s l'\u00e9cole avec un enfant neurodivergent | Vie Associative","og_description":"Des troubles comme le TDAH, l\u2019autisme, la dyslexie ou la dyscalculie peuvent contribuer \u00e0 d\u00e9clencher des crises apr\u00e8s l\u2019\u00e9cole. Au moment o\u00f9 votre enfant rentre","og_url":"https:\/\/vieassociative.be\/actualites\/comment-gerer-les-crises-apres-lecole-avec-un-enfant-neurodivergent\/","og_site_name":"Vie Associative","article_published_time":"2024-11-12T23:17:05+00:00","og_image":[{"width":279,"height":92,"url":"https:\/\/vieassociative.be\/actualites\/wp-content\/uploads\/2024\/09\/header_backgroundk-01-e1726694325946.png","type":"image\/png"}],"author":"Julien","twitter_card":"summary_large_image","twitter_misc":{"\u00c9crit par":"Julien","Dur\u00e9e de lecture est.":"5 minutes"},"schema":{"@context":"https:\/\/schema.org","@graph":[{"@type":"Article","@id":"https:\/\/vieassociative.be\/actualites\/comment-gerer-les-crises-apres-lecole-avec-un-enfant-neurodivergent\/#article","isPartOf":{"@id":"https:\/\/vieassociative.be\/actualites\/comment-gerer-les-crises-apres-lecole-avec-un-enfant-neurodivergent\/"},"author":{"name":"Julien","@id":"https:\/\/vieassociative.be\/actualites\/#\/schema\/person\/b87ac4f82f9d4e7b7cec7395b679edc4"},"headline":"Comment g\u00e9rer les crises apr\u00e8s l&rsquo;\u00e9cole avec un enfant neurodivergent","datePublished":"2024-11-12T23:17:05+00:00","dateModified":"2024-11-12T23:17:05+00:00","mainEntityOfPage":{"@id":"https:\/\/vieassociative.be\/actualites\/comment-gerer-les-crises-apres-lecole-avec-un-enfant-neurodivergent\/"},"wordCount":1026,"publisher":{"@id":"https:\/\/vieassociative.be\/actualites\/#organization"},"image":{"@id":"https:\/\/vieassociative.be\/actualites\/comment-gerer-les-crises-apres-lecole-avec-un-enfant-neurodivergent\/#primaryimage"},"thumbnailUrl":"https:\/\/vieassociative.be\/actualites\/wp-content\/uploads\/2024\/11\/Comment-gerer-les-crises-apres-lecole-avec-un-enfant-neurodivergent.jpg","keywords":["Apr\u00e8s","avec","Comment","crises","enfant","g\u00e9rer","l\u00e9cole","Les","neurodivergent"],"articleSection":["Famille"],"inLanguage":"fr-BE"},{"@type":"WebPage","@id":"https:\/\/vieassociative.be\/actualites\/comment-gerer-les-crises-apres-lecole-avec-un-enfant-neurodivergent\/","url":"https:\/\/vieassociative.be\/actualites\/comment-gerer-les-crises-apres-lecole-avec-un-enfant-neurodivergent\/","name":"Comment g\u00e9rer les crises apr\u00e8s l'\u00e9cole avec un enfant neurodivergent | Vie Associative","isPartOf":{"@id":"https:\/\/vieassociative.be\/actualites\/#website"},"primaryImageOfPage":{"@id":"https:\/\/vieassociative.be\/actualites\/comment-gerer-les-crises-apres-lecole-avec-un-enfant-neurodivergent\/#primaryimage"},"image":{"@id":"https:\/\/vieassociative.be\/actualites\/comment-gerer-les-crises-apres-lecole-avec-un-enfant-neurodivergent\/#primaryimage"},"thumbnailUrl":"https:\/\/vieassociative.be\/actualites\/wp-content\/uploads\/2024\/11\/Comment-gerer-les-crises-apres-lecole-avec-un-enfant-neurodivergent.jpg","datePublished":"2024-11-12T23:17:05+00:00","dateModified":"2024-11-12T23:17:05+00:00","breadcrumb":{"@id":"https:\/\/vieassociative.be\/actualites\/comment-gerer-les-crises-apres-lecole-avec-un-enfant-neurodivergent\/#breadcrumb"},"inLanguage":"fr-BE","potentialAction":[{"@type":"ReadAction","target":["https:\/\/vieassociative.be\/actualites\/comment-gerer-les-crises-apres-lecole-avec-un-enfant-neurodivergent\/"]}]},{"@type":"ImageObject","inLanguage":"fr-BE","@id":"https:\/\/vieassociative.be\/actualites\/comment-gerer-les-crises-apres-lecole-avec-un-enfant-neurodivergent\/#primaryimage","url":"https:\/\/vieassociative.be\/actualites\/wp-content\/uploads\/2024\/11\/Comment-gerer-les-crises-apres-lecole-avec-un-enfant-neurodivergent.jpg","contentUrl":"https:\/\/vieassociative.be\/actualites\/wp-content\/uploads\/2024\/11\/Comment-gerer-les-crises-apres-lecole-avec-un-enfant-neurodivergent.jpg","width":1200,"height":675,"caption":"Comment g\u00e9rer les crises apr\u00e8s l'\u00e9cole avec un enfant neurodivergent"},{"@type":"BreadcrumbList","@id":"https:\/\/vieassociative.be\/actualites\/comment-gerer-les-crises-apres-lecole-avec-un-enfant-neurodivergent\/#breadcrumb","itemListElement":[{"@type":"ListItem","position":1,"name":"Accueil","item":"https:\/\/vieassociative.be\/actualites\/"},{"@type":"ListItem","position":2,"name":"Comment g\u00e9rer les crises apr\u00e8s l&rsquo;\u00e9cole avec un enfant neurodivergent"}]},{"@type":"WebSite","@id":"https:\/\/vieassociative.be\/actualites\/#website","url":"https:\/\/vieassociative.be\/actualites\/","name":"Vie Associative","description":"","publisher":{"@id":"https:\/\/vieassociative.be\/actualites\/#organization"},"potentialAction":[{"@type":"SearchAction","target":{"@type":"EntryPoint","urlTemplate":"https:\/\/vieassociative.be\/actualites\/?s={search_term_string}"},"query-input":{"@type":"PropertyValueSpecification","valueRequired":true,"valueName":"search_term_string"}}],"inLanguage":"fr-BE"},{"@type":"Organization","@id":"https:\/\/vieassociative.be\/actualites\/#organization","name":"Vie Associative","url":"https:\/\/vieassociative.be\/actualites\/","logo":{"@type":"ImageObject","inLanguage":"fr-BE","@id":"https:\/\/vieassociative.be\/actualites\/#\/schema\/logo\/image\/","url":"https:\/\/vieassociative.be\/actualites\/wp-content\/uploads\/2024\/09\/cropped-vieassociative_favicon.ico.png","contentUrl":"https:\/\/vieassociative.be\/actualites\/wp-content\/uploads\/2024\/09\/cropped-vieassociative_favicon.ico.png","width":512,"height":512,"caption":"Vie Associative"},"image":{"@id":"https:\/\/vieassociative.be\/actualites\/#\/schema\/logo\/image\/"}},{"@type":"Person","@id":"https:\/\/vieassociative.be\/actualites\/#\/schema\/person\/b87ac4f82f9d4e7b7cec7395b679edc4","name":"Julien","image":{"@type":"ImageObject","inLanguage":"fr-BE","@id":"https:\/\/vieassociative.be\/actualites\/#\/schema\/person\/image\/","url":"https:\/\/vieassociative.be\/actualites\/wp-content\/uploads\/2024\/09\/vie-associative-1-150x150.jpg","contentUrl":"https:\/\/vieassociative.be\/actualites\/wp-content\/uploads\/2024\/09\/vie-associative-1-150x150.jpg","caption":"Julien"},"description":"Je suis Julien, r\u00e9dacteur pour Vie Associative. Passionn\u00e9 par le monde associatif depuis plus de 10 ans, j'ai \u00e0 c\u0153ur de partager des histoires inspirantes et de mettre en lumi\u00e8re les initiatives locales. Mon objectif est de sensibiliser et d'encourager l'engagement communautaire \u00e0 travers mes articles.","sameAs":["https:\/\/vieassociative.be\/"]}]}},"_links":{"self":[{"href":"https:\/\/vieassociative.be\/actualites\/wp-json\/wp\/v2\/posts\/2349"}],"collection":[{"href":"https:\/\/vieassociative.be\/actualites\/wp-json\/wp\/v2\/posts"}],"about":[{"href":"https:\/\/vieassociative.be\/actualites\/wp-json\/wp\/v2\/types\/post"}],"author":[{"embeddable":true,"href":"https:\/\/vieassociative.be\/actualites\/wp-json\/wp\/v2\/users\/1"}],"replies":[{"embeddable":true,"href":"https:\/\/vieassociative.be\/actualites\/wp-json\/wp\/v2\/comments?post=2349"}],"version-history":[{"count":0,"href":"https:\/\/vieassociative.be\/actualites\/wp-json\/wp\/v2\/posts\/2349\/revisions"}],"wp:featuredmedia":[{"embeddable":true,"href":"https:\/\/vieassociative.be\/actualites\/wp-json\/wp\/v2\/media\/2350"}],"wp:attachment":[{"href":"https:\/\/vieassociative.be\/actualites\/wp-json\/wp\/v2\/media?parent=2349"}],"wp:term":[{"taxonomy":"category","embeddable":true,"href":"https:\/\/vieassociative.be\/actualites\/wp-json\/wp\/v2\/categories?post=2349"},{"taxonomy":"post_tag","embeddable":true,"href":"https:\/\/vieassociative.be\/actualites\/wp-json\/wp\/v2\/tags?post=2349"}],"curies":[{"name":"wp","href":"https:\/\/api.w.org\/{rel}","templated":true}]}}