{"id":2345,"date":"2024-11-12T21:19:02","date_gmt":"2024-11-12T20:19:02","guid":{"rendered":"https:\/\/vieassociative.be\/actualites\/allemagne-elections-federales-du-23-fevrier-2025\/"},"modified":"2024-11-12T21:19:02","modified_gmt":"2024-11-12T20:19:02","slug":"allemagne-elections-federales-du-23-fevrier-2025","status":"publish","type":"post","link":"https:\/\/vieassociative.be\/actualites\/allemagne-elections-federales-du-23-fevrier-2025\/","title":{"rendered":"Allemagne : \u00e9lections f\u00e9d\u00e9rales du 23 f\u00e9vrier 2025"},"content":{"rendered":"<p><strong>L\u2019\u00e9poque des va-et-vient est r\u00e9volue, pr\u00e8s d\u2019une semaine apr\u00e8s l\u2019effondrement de la coalition des \u00ab feux tricolores \u00bb, l\u2019Allemagne a une date pour les nouvelles \u00e9lections au Bundestag.<\/strong><\/p>\n<p><span id=\"more-401655\"><\/span>Apr\u00e8s l&rsquo;effondrement de la coalition des \u00ab feux tricolores \u00bb en Allemagne, un nouveau Bundestag doit \u00eatre \u00e9lu le 23 f\u00e9vrier. Apr\u00e8s des jours de lutte, le SPD et la CDU\/CSU se sont mis d\u2019accord sur cette date. Il s&rsquo;aligne \u00e9galement sur les Verts en tant que partenaire junior du SPD dans le gouvernement minoritaire rouge-vert.<\/p>\n<p>Premi\u00e8rement, le chancelier Olaf Scholz (SPD) demandera un vote de confiance au Bundestag le 16 d\u00e9cembre. Si, comme pr\u00e9vu, il n&rsquo;obtient pas de majorit\u00e9, la date des \u00e9lections sera formellement propos\u00e9e par le cabinet au pr\u00e9sident f\u00e9d\u00e9ral Frank-Walter Steinmeier, qui d\u00e9cidera alors. Mais ce n&rsquo;est qu&rsquo;une formalit\u00e9.<\/p>\n<div id=\"attachment_401658\" class=\"wp-caption alignleft\" style=\"max-width: 300px\"><img fetchpriority=\"high\" decoding=\"async\" class=\"wp-image-401658 size-medium\" src=\"https:\/\/vieassociative.be\/actualites\/wp-content\/uploads\/2024\/11\/Allemagne-elections-federales-du-23-fevrier-2025.jpg\" alt=\"\" width=\"300\" height=\"229\"><\/p>\n<p class=\"wp-caption-text\">11 septembre 2024, Berlin : Friedrich Merz, pr\u00e9sident f\u00e9d\u00e9ral de la CDU et chef du groupe parlementaire CDU\/CSU au Bundestag, s&rsquo;exprime devant le chancelier OLAF Scholz (SPD) lors du d\u00e9bat g\u00e9n\u00e9ral sur le budget f\u00e9d\u00e9ral 2025 photo : Michael Kappeler\/dpa.<\/p>\n<\/div>\n<p><b>\u2013 Scholz voulait \u00e0 l\u2019origine fin mars, l\u2019Union mi-janvier : <\/b>La coalition des \u00ab feux tricolores \u00bb compos\u00e9e du SPD, du FDP et des Verts s\u2019est effondr\u00e9e mercredi dernier. Scholz voulait \u00e0 l&rsquo;origine demander un vote de confiance le 15 janvier afin de provoquer de nouvelles \u00e9lections fin mars. Sous la pression du public, il s\u2019est montr\u00e9 pr\u00eat \u00e0 faire des compromis. S&rsquo;il y a un accord entre les chefs des groupes parlementaires du SPD et de la CDU\/CSU &#8211; Rolf M\u00fctzenich et Friedrich Merz &#8211; il en tiendra compte et sera pr\u00eat \u00e0 un vote de confiance avant No\u00ebl, a-t-il d\u00e9clar\u00e9 dimanche.<\/p>\n<p>Les chr\u00e9tiens-d\u00e9mocrates souhaitaient initialement fixer la date des \u00e9lections au 19 janvier. Lundi et mardi, Merz et M\u00fctzenich ont discut\u00e9 d&rsquo;un compromis. Le r\u00e9sultat est d\u00e9sormais le 23 f\u00e9vrier. Pour y parvenir, Scholz demandera un vote de confiance au Bundestag le 16 d\u00e9cembre. S&rsquo;il n&rsquo;y obtient pas de majorit\u00e9, le pr\u00e9sident f\u00e9d\u00e9ral dispose de 21 jours pour dissoudre le Bundestag. Il y a alors un d\u00e9lai de 60 jours pour que la nouvelle \u00e9lection ait lieu. Cette date limite est le 23 f\u00e9vrier.<\/p>\n<p><b>\u2013 Le directeur du scrutin f\u00e9d\u00e9ral consid\u00e8re que la date du 23 f\u00e9vrier est r\u00e9alisable : <\/b>Des pr\u00e9paratifs complets doivent maintenant \u00eatre effectu\u00e9s d\u2019ici le 23 f\u00e9vrier. Des commissions \u00e9lectorales doivent \u00eatre nomm\u00e9es au niveau des districts et des \u00c9tats, des agents \u00e9lectoraux doivent \u00eatre recrut\u00e9s et form\u00e9s et des salles de vote doivent \u00eatre trouv\u00e9es et \u00e9quip\u00e9es. Les notifications \u00e9lectorales sont envoy\u00e9es \u00e0 plus de 60 millions d\u2019\u00e9lecteurs. \u00c0 cela s\u2019ajoutent l\u2019envoi des documents de vote par correspondance et la mise en place de circonscriptions de vote par correspondance \u2013 il y en avait 25 000 en 2021.<\/p>\n<div id=\"attachment_371995\" class=\"wp-caption alignleft\" style=\"max-width: 300px\"><img decoding=\"async\" class=\"wp-image-371995 size-medium\" src=\"https:\/\/vieassociative.be\/actualites\/wp-content\/uploads\/2024\/11\/1730967423_901_Crise-des-feux-tricolores-en-Allemagne-le-chancelier-Scholz.jpg\" alt=\"\" width=\"300\" height=\"201\"><\/p>\n<p class=\"wp-caption-text\">13 d\u00e9cembre 2023, Berlin : Robert Habeck (de gauche \u00e0 droite, Alliance 90\/Les Verts), ministre f\u00e9d\u00e9ral de l&rsquo;\u00c9conomie et de la protection du climat, le chancelier f\u00e9d\u00e9ral Olaf Scholz (SPD) et Christian Lindner (FDP), ministre f\u00e9d\u00e9ral des Finances. Photo : Michael Kappeler\/dpa<\/p>\n<\/div>\n<p>La directrice du scrutin f\u00e9d\u00e9ral, Ruth Brand, consid\u00e8re toujours que la date n&rsquo;est pas critique. \u00ab\u00a0Je pense que les dates possibles de f\u00e9vrier mentionn\u00e9es dans les m\u00e9dias peuvent \u00eatre r\u00e9alis\u00e9es de mani\u00e8re juridiquement s\u00fbre\u00a0\u00bb, a d\u00e9clar\u00e9 Brand lors d&rsquo;une r\u00e9union sp\u00e9ciale de la commission d&rsquo;audit \u00e9lectorale du Bundestag avant l&rsquo;annonce de la d\u00e9cision.<\/p>\n<p><b>\u2013 Pas d\u2019\u00e9lections nationales avant de nouvelles \u00e9lections : <\/b>Il n&rsquo;y aura d\u00e9sormais plus d&rsquo;\u00e9lections r\u00e9gionales jusqu&rsquo;aux \u00e9lections f\u00e9d\u00e9rales. Les \u00e9lections l\u00e9gislatives \u00e0 Hambourg auront lieu une semaine plus tard, le 2 mars. C&rsquo;est aussi la raison pour laquelle le SPD a sympathis\u00e9 avec une nomination en mars. Elle estime qu&rsquo;elle sera \u00e0 nouveau la force la plus forte \u00e0 Hambourg avec son premier maire, Peter Tschentscher, et aurait souhait\u00e9 poursuivre sur cette lanc\u00e9e jusqu&rsquo;aux \u00e9lections f\u00e9d\u00e9rales.<\/p>\n<p>L&rsquo;Union voulait emp\u00eacher cela. Les sociaux-d\u00e9mocrates se situent actuellement entre 15 et 18 points de pourcentage derri\u00e8re la CDU et la CSU dans les sondages.<\/p>\n<p><b>\u2013 Nouvelles \u00e9lections en 109 jours \u2013 plus vite qu\u2019en 2005 : <\/b>Les nouvelles \u00e9lections se d\u00e9rouleront d\u00e9sormais encore plus rapidement que lors de l&rsquo;exemple historique le plus r\u00e9cent de 2005, lorsque le chancelier de l&rsquo;\u00e9poque Gerhard Schr\u00f6der (SPD) avait demand\u00e9 un vote de confiance. \u00c0 l\u2019\u00e9poque, il s\u2019\u00e9coulait 119 jours entre la d\u00e9cision d\u2019une nouvelle \u00e9lection et la date, aujourd\u2019hui c\u2019est 109 jours. (dpa)<\/p>\n","protected":false},"excerpt":{"rendered":"<p>L\u2019\u00e9poque des va-et-vient est r\u00e9volue, pr\u00e8s d\u2019une semaine apr\u00e8s l\u2019effondrement de la coalition des \u00ab feux tricolores \u00bb, l\u2019Allemagne a une date pour les nouvelles<\/p>\n","protected":false},"author":1,"featured_media":2346,"comment_status":"","ping_status":"","sticky":false,"template":"","format":"standard","meta":{"footnotes":""},"categories":[298],"tags":[2864,2569,3111,2464],"class_list":["post-2345","post","type-post","status-publish","format-standard","has-post-thumbnail","hentry","category-belgique","tag-allemagne","tag-elections","tag-federales","tag-fevrier","generate-columns","tablet-grid-50","mobile-grid-100","grid-parent","grid-33"],"yoast_head":"<!-- This site is optimized with the Yoast SEO plugin v24.0 - https:\/\/yoast.com\/wordpress\/plugins\/seo\/ -->\n<title>Allemagne : \u00e9lections f\u00e9d\u00e9rales du 23 f\u00e9vrier 2025 | Vie Associative<\/title>\n<meta name=\"robots\" content=\"index, follow, max-snippet:-1, max-image-preview:large, max-video-preview:-1\" \/>\n<link rel=\"canonical\" href=\"https:\/\/vieassociative.be\/actualites\/allemagne-elections-federales-du-23-fevrier-2025\/\" \/>\n<meta property=\"og:locale\" content=\"fr_FR\" \/>\n<meta property=\"og:type\" content=\"article\" \/>\n<meta property=\"og:title\" content=\"Allemagne : \u00e9lections f\u00e9d\u00e9rales du 23 f\u00e9vrier 2025 | Vie Associative\" \/>\n<meta property=\"og:description\" content=\"L\u2019\u00e9poque des va-et-vient est r\u00e9volue, pr\u00e8s d\u2019une semaine apr\u00e8s l\u2019effondrement de la coalition des \u00ab feux tricolores \u00bb, l\u2019Allemagne a une date pour les nouvelles\" \/>\n<meta property=\"og:url\" content=\"https:\/\/vieassociative.be\/actualites\/allemagne-elections-federales-du-23-fevrier-2025\/\" \/>\n<meta property=\"og:site_name\" content=\"Vie Associative\" \/>\n<meta property=\"article:published_time\" content=\"2024-11-12T20:19:02+00:00\" \/>\n<meta property=\"og:image\" content=\"https:\/\/vieassociative.be\/actualites\/wp-content\/uploads\/2024\/11\/Allemagne-elections-federales-du-23-fevrier-2025.jpg\" \/>\n<meta name=\"author\" content=\"Julien\" \/>\n<meta name=\"twitter:card\" content=\"summary_large_image\" \/>\n<meta name=\"twitter:label1\" content=\"\u00c9crit par\" \/>\n\t<meta name=\"twitter:data1\" content=\"Julien\" \/>\n\t<meta name=\"twitter:label2\" content=\"Dur\u00e9e de lecture est.\" \/>\n\t<meta name=\"twitter:data2\" content=\"4 minutes\" \/>\n<script type=\"application\/ld+json\" class=\"yoast-schema-graph\">{\"@context\":\"https:\/\/schema.org\",\"@graph\":[{\"@type\":\"Article\",\"@id\":\"https:\/\/vieassociative.be\/actualites\/allemagne-elections-federales-du-23-fevrier-2025\/#article\",\"isPartOf\":{\"@id\":\"https:\/\/vieassociative.be\/actualites\/allemagne-elections-federales-du-23-fevrier-2025\/\"},\"author\":{\"name\":\"Julien\",\"@id\":\"https:\/\/vieassociative.be\/actualites\/#\/schema\/person\/b87ac4f82f9d4e7b7cec7395b679edc4\"},\"headline\":\"Allemagne : \u00e9lections f\u00e9d\u00e9rales du 23 f\u00e9vrier 2025\",\"datePublished\":\"2024-11-12T20:19:02+00:00\",\"dateModified\":\"2024-11-12T20:19:02+00:00\",\"mainEntityOfPage\":{\"@id\":\"https:\/\/vieassociative.be\/actualites\/allemagne-elections-federales-du-23-fevrier-2025\/\"},\"wordCount\":809,\"publisher\":{\"@id\":\"https:\/\/vieassociative.be\/actualites\/#organization\"},\"image\":{\"@id\":\"https:\/\/vieassociative.be\/actualites\/allemagne-elections-federales-du-23-fevrier-2025\/#primaryimage\"},\"thumbnailUrl\":\"https:\/\/vieassociative.be\/actualites\/wp-content\/uploads\/2024\/11\/1731442742_Allemagne-elections-federales-du-23-fevrier-2025.jpg\",\"keywords\":[\"Allemagne\",\"\u00e9lections\",\"f\u00e9d\u00e9rales\",\"f\u00e9vrier\"],\"articleSection\":[\"Belgique\"],\"inLanguage\":\"fr-BE\"},{\"@type\":\"WebPage\",\"@id\":\"https:\/\/vieassociative.be\/actualites\/allemagne-elections-federales-du-23-fevrier-2025\/\",\"url\":\"https:\/\/vieassociative.be\/actualites\/allemagne-elections-federales-du-23-fevrier-2025\/\",\"name\":\"Allemagne : \u00e9lections f\u00e9d\u00e9rales du 23 f\u00e9vrier 2025 | Vie Associative\",\"isPartOf\":{\"@id\":\"https:\/\/vieassociative.be\/actualites\/#website\"},\"primaryImageOfPage\":{\"@id\":\"https:\/\/vieassociative.be\/actualites\/allemagne-elections-federales-du-23-fevrier-2025\/#primaryimage\"},\"image\":{\"@id\":\"https:\/\/vieassociative.be\/actualites\/allemagne-elections-federales-du-23-fevrier-2025\/#primaryimage\"},\"thumbnailUrl\":\"https:\/\/vieassociative.be\/actualites\/wp-content\/uploads\/2024\/11\/1731442742_Allemagne-elections-federales-du-23-fevrier-2025.jpg\",\"datePublished\":\"2024-11-12T20:19:02+00:00\",\"dateModified\":\"2024-11-12T20:19:02+00:00\",\"breadcrumb\":{\"@id\":\"https:\/\/vieassociative.be\/actualites\/allemagne-elections-federales-du-23-fevrier-2025\/#breadcrumb\"},\"inLanguage\":\"fr-BE\",\"potentialAction\":[{\"@type\":\"ReadAction\",\"target\":[\"https:\/\/vieassociative.be\/actualites\/allemagne-elections-federales-du-23-fevrier-2025\/\"]}]},{\"@type\":\"ImageObject\",\"inLanguage\":\"fr-BE\",\"@id\":\"https:\/\/vieassociative.be\/actualites\/allemagne-elections-federales-du-23-fevrier-2025\/#primaryimage\",\"url\":\"https:\/\/vieassociative.be\/actualites\/wp-content\/uploads\/2024\/11\/1731442742_Allemagne-elections-federales-du-23-fevrier-2025.jpg\",\"contentUrl\":\"https:\/\/vieassociative.be\/actualites\/wp-content\/uploads\/2024\/11\/1731442742_Allemagne-elections-federales-du-23-fevrier-2025.jpg\",\"width\":1200,\"height\":800,\"caption\":\"Allemagne : \u00e9lections f\u00e9d\u00e9rales du 23 f\u00e9vrier 2025\"},{\"@type\":\"BreadcrumbList\",\"@id\":\"https:\/\/vieassociative.be\/actualites\/allemagne-elections-federales-du-23-fevrier-2025\/#breadcrumb\",\"itemListElement\":[{\"@type\":\"ListItem\",\"position\":1,\"name\":\"Accueil\",\"item\":\"https:\/\/vieassociative.be\/actualites\/\"},{\"@type\":\"ListItem\",\"position\":2,\"name\":\"Allemagne : \u00e9lections f\u00e9d\u00e9rales du 23 f\u00e9vrier 2025\"}]},{\"@type\":\"WebSite\",\"@id\":\"https:\/\/vieassociative.be\/actualites\/#website\",\"url\":\"https:\/\/vieassociative.be\/actualites\/\",\"name\":\"Vie Associative\",\"description\":\"\",\"publisher\":{\"@id\":\"https:\/\/vieassociative.be\/actualites\/#organization\"},\"potentialAction\":[{\"@type\":\"SearchAction\",\"target\":{\"@type\":\"EntryPoint\",\"urlTemplate\":\"https:\/\/vieassociative.be\/actualites\/?s={search_term_string}\"},\"query-input\":{\"@type\":\"PropertyValueSpecification\",\"valueRequired\":true,\"valueName\":\"search_term_string\"}}],\"inLanguage\":\"fr-BE\"},{\"@type\":\"Organization\",\"@id\":\"https:\/\/vieassociative.be\/actualites\/#organization\",\"name\":\"Vie Associative\",\"url\":\"https:\/\/vieassociative.be\/actualites\/\",\"logo\":{\"@type\":\"ImageObject\",\"inLanguage\":\"fr-BE\",\"@id\":\"https:\/\/vieassociative.be\/actualites\/#\/schema\/logo\/image\/\",\"url\":\"https:\/\/vieassociative.be\/actualites\/wp-content\/uploads\/2024\/09\/cropped-vieassociative_favicon.ico.png\",\"contentUrl\":\"https:\/\/vieassociative.be\/actualites\/wp-content\/uploads\/2024\/09\/cropped-vieassociative_favicon.ico.png\",\"width\":512,\"height\":512,\"caption\":\"Vie Associative\"},\"image\":{\"@id\":\"https:\/\/vieassociative.be\/actualites\/#\/schema\/logo\/image\/\"}},{\"@type\":\"Person\",\"@id\":\"https:\/\/vieassociative.be\/actualites\/#\/schema\/person\/b87ac4f82f9d4e7b7cec7395b679edc4\",\"name\":\"Julien\",\"image\":{\"@type\":\"ImageObject\",\"inLanguage\":\"fr-BE\",\"@id\":\"https:\/\/vieassociative.be\/actualites\/#\/schema\/person\/image\/\",\"url\":\"https:\/\/vieassociative.be\/actualites\/wp-content\/uploads\/2024\/09\/vie-associative-1-150x150.jpg\",\"contentUrl\":\"https:\/\/vieassociative.be\/actualites\/wp-content\/uploads\/2024\/09\/vie-associative-1-150x150.jpg\",\"caption\":\"Julien\"},\"description\":\"Je suis Julien, r\u00e9dacteur pour Vie Associative. Passionn\u00e9 par le monde associatif depuis plus de 10 ans, j'ai \u00e0 c\u0153ur de partager des histoires inspirantes et de mettre en lumi\u00e8re les initiatives locales. Mon objectif est de sensibiliser et d'encourager l'engagement communautaire \u00e0 travers mes articles.\",\"sameAs\":[\"https:\/\/vieassociative.be\/\"]}]}<\/script>\n<!-- \/ Yoast SEO plugin. -->","yoast_head_json":{"title":"Allemagne : \u00e9lections f\u00e9d\u00e9rales du 23 f\u00e9vrier 2025 | Vie Associative","robots":{"index":"index","follow":"follow","max-snippet":"max-snippet:-1","max-image-preview":"max-image-preview:large","max-video-preview":"max-video-preview:-1"},"canonical":"https:\/\/vieassociative.be\/actualites\/allemagne-elections-federales-du-23-fevrier-2025\/","og_locale":"fr_FR","og_type":"article","og_title":"Allemagne : \u00e9lections f\u00e9d\u00e9rales du 23 f\u00e9vrier 2025 | Vie Associative","og_description":"L\u2019\u00e9poque des va-et-vient est r\u00e9volue, pr\u00e8s d\u2019une semaine apr\u00e8s l\u2019effondrement de la coalition des \u00ab feux tricolores \u00bb, l\u2019Allemagne a une date pour les nouvelles","og_url":"https:\/\/vieassociative.be\/actualites\/allemagne-elections-federales-du-23-fevrier-2025\/","og_site_name":"Vie Associative","article_published_time":"2024-11-12T20:19:02+00:00","og_image":[{"url":"https:\/\/vieassociative.be\/actualites\/wp-content\/uploads\/2024\/11\/Allemagne-elections-federales-du-23-fevrier-2025.jpg","type":"","width":"","height":""}],"author":"Julien","twitter_card":"summary_large_image","twitter_misc":{"\u00c9crit par":"Julien","Dur\u00e9e de lecture est.":"4 minutes"},"schema":{"@context":"https:\/\/schema.org","@graph":[{"@type":"Article","@id":"https:\/\/vieassociative.be\/actualites\/allemagne-elections-federales-du-23-fevrier-2025\/#article","isPartOf":{"@id":"https:\/\/vieassociative.be\/actualites\/allemagne-elections-federales-du-23-fevrier-2025\/"},"author":{"name":"Julien","@id":"https:\/\/vieassociative.be\/actualites\/#\/schema\/person\/b87ac4f82f9d4e7b7cec7395b679edc4"},"headline":"Allemagne : \u00e9lections f\u00e9d\u00e9rales du 23 f\u00e9vrier 2025","datePublished":"2024-11-12T20:19:02+00:00","dateModified":"2024-11-12T20:19:02+00:00","mainEntityOfPage":{"@id":"https:\/\/vieassociative.be\/actualites\/allemagne-elections-federales-du-23-fevrier-2025\/"},"wordCount":809,"publisher":{"@id":"https:\/\/vieassociative.be\/actualites\/#organization"},"image":{"@id":"https:\/\/vieassociative.be\/actualites\/allemagne-elections-federales-du-23-fevrier-2025\/#primaryimage"},"thumbnailUrl":"https:\/\/vieassociative.be\/actualites\/wp-content\/uploads\/2024\/11\/1731442742_Allemagne-elections-federales-du-23-fevrier-2025.jpg","keywords":["Allemagne","\u00e9lections","f\u00e9d\u00e9rales","f\u00e9vrier"],"articleSection":["Belgique"],"inLanguage":"fr-BE"},{"@type":"WebPage","@id":"https:\/\/vieassociative.be\/actualites\/allemagne-elections-federales-du-23-fevrier-2025\/","url":"https:\/\/vieassociative.be\/actualites\/allemagne-elections-federales-du-23-fevrier-2025\/","name":"Allemagne : \u00e9lections f\u00e9d\u00e9rales du 23 f\u00e9vrier 2025 | Vie Associative","isPartOf":{"@id":"https:\/\/vieassociative.be\/actualites\/#website"},"primaryImageOfPage":{"@id":"https:\/\/vieassociative.be\/actualites\/allemagne-elections-federales-du-23-fevrier-2025\/#primaryimage"},"image":{"@id":"https:\/\/vieassociative.be\/actualites\/allemagne-elections-federales-du-23-fevrier-2025\/#primaryimage"},"thumbnailUrl":"https:\/\/vieassociative.be\/actualites\/wp-content\/uploads\/2024\/11\/1731442742_Allemagne-elections-federales-du-23-fevrier-2025.jpg","datePublished":"2024-11-12T20:19:02+00:00","dateModified":"2024-11-12T20:19:02+00:00","breadcrumb":{"@id":"https:\/\/vieassociative.be\/actualites\/allemagne-elections-federales-du-23-fevrier-2025\/#breadcrumb"},"inLanguage":"fr-BE","potentialAction":[{"@type":"ReadAction","target":["https:\/\/vieassociative.be\/actualites\/allemagne-elections-federales-du-23-fevrier-2025\/"]}]},{"@type":"ImageObject","inLanguage":"fr-BE","@id":"https:\/\/vieassociative.be\/actualites\/allemagne-elections-federales-du-23-fevrier-2025\/#primaryimage","url":"https:\/\/vieassociative.be\/actualites\/wp-content\/uploads\/2024\/11\/1731442742_Allemagne-elections-federales-du-23-fevrier-2025.jpg","contentUrl":"https:\/\/vieassociative.be\/actualites\/wp-content\/uploads\/2024\/11\/1731442742_Allemagne-elections-federales-du-23-fevrier-2025.jpg","width":1200,"height":800,"caption":"Allemagne : \u00e9lections f\u00e9d\u00e9rales du 23 f\u00e9vrier 2025"},{"@type":"BreadcrumbList","@id":"https:\/\/vieassociative.be\/actualites\/allemagne-elections-federales-du-23-fevrier-2025\/#breadcrumb","itemListElement":[{"@type":"ListItem","position":1,"name":"Accueil","item":"https:\/\/vieassociative.be\/actualites\/"},{"@type":"ListItem","position":2,"name":"Allemagne : \u00e9lections f\u00e9d\u00e9rales du 23 f\u00e9vrier 2025"}]},{"@type":"WebSite","@id":"https:\/\/vieassociative.be\/actualites\/#website","url":"https:\/\/vieassociative.be\/actualites\/","name":"Vie Associative","description":"","publisher":{"@id":"https:\/\/vieassociative.be\/actualites\/#organization"},"potentialAction":[{"@type":"SearchAction","target":{"@type":"EntryPoint","urlTemplate":"https:\/\/vieassociative.be\/actualites\/?s={search_term_string}"},"query-input":{"@type":"PropertyValueSpecification","valueRequired":true,"valueName":"search_term_string"}}],"inLanguage":"fr-BE"},{"@type":"Organization","@id":"https:\/\/vieassociative.be\/actualites\/#organization","name":"Vie Associative","url":"https:\/\/vieassociative.be\/actualites\/","logo":{"@type":"ImageObject","inLanguage":"fr-BE","@id":"https:\/\/vieassociative.be\/actualites\/#\/schema\/logo\/image\/","url":"https:\/\/vieassociative.be\/actualites\/wp-content\/uploads\/2024\/09\/cropped-vieassociative_favicon.ico.png","contentUrl":"https:\/\/vieassociative.be\/actualites\/wp-content\/uploads\/2024\/09\/cropped-vieassociative_favicon.ico.png","width":512,"height":512,"caption":"Vie Associative"},"image":{"@id":"https:\/\/vieassociative.be\/actualites\/#\/schema\/logo\/image\/"}},{"@type":"Person","@id":"https:\/\/vieassociative.be\/actualites\/#\/schema\/person\/b87ac4f82f9d4e7b7cec7395b679edc4","name":"Julien","image":{"@type":"ImageObject","inLanguage":"fr-BE","@id":"https:\/\/vieassociative.be\/actualites\/#\/schema\/person\/image\/","url":"https:\/\/vieassociative.be\/actualites\/wp-content\/uploads\/2024\/09\/vie-associative-1-150x150.jpg","contentUrl":"https:\/\/vieassociative.be\/actualites\/wp-content\/uploads\/2024\/09\/vie-associative-1-150x150.jpg","caption":"Julien"},"description":"Je suis Julien, r\u00e9dacteur pour Vie Associative. Passionn\u00e9 par le monde associatif depuis plus de 10 ans, j'ai \u00e0 c\u0153ur de partager des histoires inspirantes et de mettre en lumi\u00e8re les initiatives locales. Mon objectif est de sensibiliser et d'encourager l'engagement communautaire \u00e0 travers mes articles.","sameAs":["https:\/\/vieassociative.be\/"]}]}},"_links":{"self":[{"href":"https:\/\/vieassociative.be\/actualites\/wp-json\/wp\/v2\/posts\/2345"}],"collection":[{"href":"https:\/\/vieassociative.be\/actualites\/wp-json\/wp\/v2\/posts"}],"about":[{"href":"https:\/\/vieassociative.be\/actualites\/wp-json\/wp\/v2\/types\/post"}],"author":[{"embeddable":true,"href":"https:\/\/vieassociative.be\/actualites\/wp-json\/wp\/v2\/users\/1"}],"replies":[{"embeddable":true,"href":"https:\/\/vieassociative.be\/actualites\/wp-json\/wp\/v2\/comments?post=2345"}],"version-history":[{"count":0,"href":"https:\/\/vieassociative.be\/actualites\/wp-json\/wp\/v2\/posts\/2345\/revisions"}],"wp:featuredmedia":[{"embeddable":true,"href":"https:\/\/vieassociative.be\/actualites\/wp-json\/wp\/v2\/media\/2346"}],"wp:attachment":[{"href":"https:\/\/vieassociative.be\/actualites\/wp-json\/wp\/v2\/media?parent=2345"}],"wp:term":[{"taxonomy":"category","embeddable":true,"href":"https:\/\/vieassociative.be\/actualites\/wp-json\/wp\/v2\/categories?post=2345"},{"taxonomy":"post_tag","embeddable":true,"href":"https:\/\/vieassociative.be\/actualites\/wp-json\/wp\/v2\/tags?post=2345"}],"curies":[{"name":"wp","href":"https:\/\/api.w.org\/{rel}","templated":true}]}}