{"id":2343,"date":"2024-11-12T20:17:19","date_gmt":"2024-11-12T19:17:19","guid":{"rendered":"https:\/\/vieassociative.be\/actualites\/utilisez-le-principe-dry-pour-consolider-les-taches-repetitives\/"},"modified":"2024-11-12T20:17:19","modified_gmt":"2024-11-12T19:17:19","slug":"utilisez-le-principe-dry-pour-consolider-les-taches-repetitives","status":"publish","type":"post","link":"https:\/\/vieassociative.be\/actualites\/utilisez-le-principe-dry-pour-consolider-les-taches-repetitives\/","title":{"rendered":"Utilisez le principe DRY pour consolider les t\u00e2ches r\u00e9p\u00e9titives"},"content":{"rendered":"<div class=\"mt-4 leading-6 md:mb-8\">Arr\u00eatez de vous r\u00e9p\u00e9ter lorsque vous travaillez.<\/div>\n<p><\/p>\n<p>Vous devez utiliser le principe DRY pour \u00eatre plus productif. Cela ne veut pas dire que votre travail est trop humide ; c&rsquo;est trop r\u00e9p\u00e9titif. DRY signifie \u00ab ne vous r\u00e9p\u00e9tez pas \u00bb et c&rsquo;est en fait l&rsquo;une des meilleures techniques de gestion du temps et de productivit\u00e9, une fois que vous l&rsquo;avez ma\u00eetris\u00e9e. <\/p>\n<h2 id=\"what-is-the-dry-productivity-method-all-about\">Qu\u2019est-ce que la m\u00e9thode de productivit\u00e9 DRY ?<strong> <\/strong><\/h2>\n<p>Ce principe vient du monde du d\u00e9veloppement logiciel, o\u00f9 les d\u00e9veloppeurs l&rsquo;utilisent pour r\u00e9duire la redondance dans leurs mod\u00e8les et codes. Je ne suis pas un expert en codage et je ne pr\u00e9tendrai pas l&rsquo;\u00eatre, mais il est logique que vous ne vouliez pas de r\u00e9p\u00e9titions inutiles. Du fonctionnement interne de votre technologie \u00e0 votre emploi du temps quotidien, tout doit \u00eatre rationalis\u00e9 et efficace. <\/p>\n<p>DRY a \u00e9t\u00e9 popularis\u00e9 pour la premi\u00e8re fois en <em>Le programmeur pragmatique<\/em>un livre qui d\u00e9clare : \u00ab Chaque \u00e9l\u00e9ment de connaissance doit avoir une repr\u00e9sentation unique, sans ambigu\u00eft\u00e9 et faisant autorit\u00e9 au sein d&rsquo;un syst\u00e8me. \u00bb Ne vous concentrez pas sur la partie \u00ab\u00a0connaissance\u00a0\u00bb\u00a0: ins\u00e9rez le mot \u00ab\u00a0t\u00e2che\u00a0\u00bb ou \u00ab\u00a0projet\u00a0\u00bb au lieu de \u00ab\u00a0connaissance\u00a0\u00bb. Chacun doit \u00ab\u00a0avoir une repr\u00e9sentation unique, sans ambigu\u00eft\u00e9 et faisant autorit\u00e9 au sein d&rsquo;un syst\u00e8me\u00a0\u00bb. Pensez-y comme ceci\u00a0: vous \u00eates <em>occup\u00e9<\/em> tous les jours, mais es-tu <em>productif<\/em> tous les jours? Si la r\u00e9ponse est non, c&rsquo;est peut-\u00eatre parce que vous \u00eates trop r\u00e9p\u00e9titif dans votre travail. <\/p>\n<h2 id=\"how-can-you-dry-your-work-and-stop-repeating-yourself\">Comment S\u00c9CHER votre travail et arr\u00eater de vous r\u00e9p\u00e9ter\u00a0?<\/h2>\n<p>Tout d&rsquo;abord, vous passerez quelques jours \u00e0 effectuer vos t\u00e2ches normales, mais notez tout ce que vous faites. Soyez pr\u00e9cis. Par exemple, n&rsquo;\u00e9crivez pas que vous avez \u00ab r\u00e9pondu aux e-mails de 10h \u00e0 10h30 \u00bb. Notez le nombre d&rsquo;e-mails auxquels vous avez r\u00e9pondu et notez ceux qui \u00e9taient fondamentalement la m\u00eame chose reformul\u00e9e encore et encore. Notez les appels t\u00e9l\u00e9phoniques, les r\u00e9unions et les t\u00e2ches que vous entreprenez pour mener \u00e0 bien un projet, qu&rsquo;il s&rsquo;agisse de travail ou de nettoyage de votre maison. Pour faciliter cela, utilisez un logiciel de suivi du temps, facile \u00e0 naviguer et qui vous aidera \u00e0 transformer toutes ces donn\u00e9es en quelque chose de significatif.<\/p>\n<p>\u00c0 partir de l\u00e0, triez tout en cat\u00e9gories\u00a0: les t\u00e2ches in\u00e9vitables que vous devez effectuer comme vous le faites d\u00e9j\u00e0\u00a0; des t\u00e2ches chronophages qui encombrent votre journ\u00e9e ; et un travail qui se r\u00e9p\u00e8te. Tout ce qui entre dans cette troisi\u00e8me cat\u00e9gorie devrait ensuite \u00eatre automatis\u00e9 ou rationalis\u00e9 avant d&rsquo;examiner ceux qui prennent beaucoup de temps, qui peuvent \u00e9galement b\u00e9n\u00e9ficier d&rsquo;une certaine automatisation. <\/p>\n<p>\u00c0 quoi ressemblera cette rationalisation d\u00e9pend de ce \u00e0 quoi vous perdez votre temps. Si vous tapez toujours le m\u00eame message dans vos e-mails, essayez d&rsquo;utiliser des mod\u00e8les. Si vous avez des r\u00e9unions en t\u00eate-\u00e0-t\u00eate avec des coll\u00e8gues qui vous incitent \u00e0 vous r\u00e9p\u00e9ter, proposez de les combiner en une seule r\u00e9union. Si vous nettoyez toujours la m\u00eame partie de votre maison, recherchez des m\u00e9thodes de nettoyage sp\u00e9cifiques qui pourraient vous aider \u00e0 effectuer l&rsquo;ensemble du travail plus efficacement.<\/p>\n<h2 id=\"why-dry-productivity-works\">Pourquoi la productivit\u00e9 DRY fonctionne<\/h2>\n<p>Si vous pensez que cela ressemble \u00e0 d&rsquo;autres m\u00e9thodes de productivit\u00e9, comme Getting Things Done (GTD), c&rsquo;est parce que c&rsquo;est le cas, mais DRY fait quelque chose que d&rsquo;autres ne font pas. Avec d&rsquo;autres approches, vous \u00e9crivez et examinez vos t\u00e2ches quotidiennes dans le but de mieux les organiser ; avec DRY, vous recherchez sp\u00e9cifiquement ce que vous pouvez \u00e9liminer ou automatiser. De nombreuses autres techniques partent du principe que vous devez simplement effectuer un travail chronophage et obstruant votre attention, mais DRY sugg\u00e8re que non seulement vous n&rsquo;\u00eates pas oblig\u00e9 de le faire, mais que vous le faites r\u00e9ellement. <em>je ne devrais pas<\/em>. En \u00e9liminant les t\u00e2ches r\u00e9p\u00e9titives ou inutiles, vous disposez de plus de temps pour faire ce qui compte vraiment et vous obtiendrez un travail de meilleure qualit\u00e9, m\u00eame si vous pourrez en obtenir une quantit\u00e9 moindre en \u00e9change. Une fois que vous avez travaill\u00e9 sur l&rsquo;approche DRY pendant un certain temps, vous <em>devrait<\/em> commencez \u00e0 en incorporer un autre, comme GTD, pour rendre les t\u00e2ches restantes encore plus productives. <\/p>\n<p>Il vous faudra au moins une semaine de journalisation de vos activit\u00e9s quotidiennes \u2013 et probablement plus \u2013 pour reconna\u00eetre vos t\u00e2ches r\u00e9p\u00e9titives et chronophages, mais les voir toutes r\u00e9pertori\u00e9es rendra cela beaucoup plus facile et vous mettra sur la voie de la S\u00c9CHERIE.<\/p>\n","protected":false},"excerpt":{"rendered":"<p>Arr\u00eatez de vous r\u00e9p\u00e9ter lorsque vous travaillez. Vous devez utiliser le principe DRY pour \u00eatre plus productif. Cela ne veut pas dire que votre travail<\/p>\n","protected":false},"author":1,"featured_media":2344,"comment_status":"","ping_status":"","sticky":false,"template":"","format":"standard","meta":{"footnotes":""},"categories":[43],"tags":[3109,3108,14,81,3107,3110,2830,105],"class_list":["post-2343","post","type-post","status-publish","format-standard","has-post-thumbnail","hentry","category-travail","tag-consolider","tag-dry","tag-les","tag-pour","tag-principe","tag-repetitives","tag-taches","tag-utilisez","generate-columns","tablet-grid-50","mobile-grid-100","grid-parent","grid-33"],"yoast_head":"<!-- This site is optimized with the Yoast SEO plugin v24.0 - https:\/\/yoast.com\/wordpress\/plugins\/seo\/ -->\n<title>Utilisez le principe DRY pour consolider les t\u00e2ches r\u00e9p\u00e9titives | Vie Associative<\/title>\n<meta name=\"robots\" content=\"index, follow, max-snippet:-1, max-image-preview:large, max-video-preview:-1\" \/>\n<link rel=\"canonical\" href=\"https:\/\/vieassociative.be\/actualites\/utilisez-le-principe-dry-pour-consolider-les-taches-repetitives\/\" \/>\n<meta property=\"og:locale\" content=\"fr_FR\" \/>\n<meta property=\"og:type\" content=\"article\" \/>\n<meta property=\"og:title\" content=\"Utilisez le principe DRY pour consolider les t\u00e2ches r\u00e9p\u00e9titives | Vie Associative\" \/>\n<meta property=\"og:description\" content=\"Arr\u00eatez de vous r\u00e9p\u00e9ter lorsque vous travaillez. Vous devez utiliser le principe DRY pour \u00eatre plus productif. Cela ne veut pas dire que votre travail\" \/>\n<meta property=\"og:url\" content=\"https:\/\/vieassociative.be\/actualites\/utilisez-le-principe-dry-pour-consolider-les-taches-repetitives\/\" \/>\n<meta property=\"og:site_name\" content=\"Vie Associative\" \/>\n<meta property=\"article:published_time\" content=\"2024-11-12T19:17:19+00:00\" \/>\n<meta property=\"og:image\" content=\"https:\/\/vieassociative.be\/actualites\/wp-content\/uploads\/2024\/09\/header_backgroundk-01-e1726694325946.png\" \/>\n\t<meta property=\"og:image:width\" content=\"279\" \/>\n\t<meta property=\"og:image:height\" content=\"92\" \/>\n\t<meta property=\"og:image:type\" content=\"image\/png\" \/>\n<meta name=\"author\" content=\"Julien\" \/>\n<meta name=\"twitter:card\" content=\"summary_large_image\" \/>\n<meta name=\"twitter:label1\" content=\"\u00c9crit par\" \/>\n\t<meta name=\"twitter:data1\" content=\"Julien\" \/>\n\t<meta name=\"twitter:label2\" content=\"Dur\u00e9e de lecture est.\" \/>\n\t<meta name=\"twitter:data2\" content=\"4 minutes\" \/>\n<script type=\"application\/ld+json\" class=\"yoast-schema-graph\">{\"@context\":\"https:\/\/schema.org\",\"@graph\":[{\"@type\":\"Article\",\"@id\":\"https:\/\/vieassociative.be\/actualites\/utilisez-le-principe-dry-pour-consolider-les-taches-repetitives\/#article\",\"isPartOf\":{\"@id\":\"https:\/\/vieassociative.be\/actualites\/utilisez-le-principe-dry-pour-consolider-les-taches-repetitives\/\"},\"author\":{\"name\":\"Julien\",\"@id\":\"https:\/\/vieassociative.be\/actualites\/#\/schema\/person\/b87ac4f82f9d4e7b7cec7395b679edc4\"},\"headline\":\"Utilisez le principe DRY pour consolider les t\u00e2ches r\u00e9p\u00e9titives\",\"datePublished\":\"2024-11-12T19:17:19+00:00\",\"dateModified\":\"2024-11-12T19:17:19+00:00\",\"mainEntityOfPage\":{\"@id\":\"https:\/\/vieassociative.be\/actualites\/utilisez-le-principe-dry-pour-consolider-les-taches-repetitives\/\"},\"wordCount\":822,\"publisher\":{\"@id\":\"https:\/\/vieassociative.be\/actualites\/#organization\"},\"image\":{\"@id\":\"https:\/\/vieassociative.be\/actualites\/utilisez-le-principe-dry-pour-consolider-les-taches-repetitives\/#primaryimage\"},\"thumbnailUrl\":\"https:\/\/vieassociative.be\/actualites\/wp-content\/uploads\/2024\/11\/Utilisez-le-principe-DRY-pour-consolider-les-taches-repetitives.png\",\"keywords\":[\"consolider\",\"DRY\",\"Les\",\"pour\",\"principe\",\"r\u00e9p\u00e9titives\",\"t\u00e2ches\",\"Utilisez\"],\"articleSection\":[\"Travail\"],\"inLanguage\":\"fr-BE\"},{\"@type\":\"WebPage\",\"@id\":\"https:\/\/vieassociative.be\/actualites\/utilisez-le-principe-dry-pour-consolider-les-taches-repetitives\/\",\"url\":\"https:\/\/vieassociative.be\/actualites\/utilisez-le-principe-dry-pour-consolider-les-taches-repetitives\/\",\"name\":\"Utilisez le principe DRY pour consolider les t\u00e2ches r\u00e9p\u00e9titives | Vie Associative\",\"isPartOf\":{\"@id\":\"https:\/\/vieassociative.be\/actualites\/#website\"},\"primaryImageOfPage\":{\"@id\":\"https:\/\/vieassociative.be\/actualites\/utilisez-le-principe-dry-pour-consolider-les-taches-repetitives\/#primaryimage\"},\"image\":{\"@id\":\"https:\/\/vieassociative.be\/actualites\/utilisez-le-principe-dry-pour-consolider-les-taches-repetitives\/#primaryimage\"},\"thumbnailUrl\":\"https:\/\/vieassociative.be\/actualites\/wp-content\/uploads\/2024\/11\/Utilisez-le-principe-DRY-pour-consolider-les-taches-repetitives.png\",\"datePublished\":\"2024-11-12T19:17:19+00:00\",\"dateModified\":\"2024-11-12T19:17:19+00:00\",\"breadcrumb\":{\"@id\":\"https:\/\/vieassociative.be\/actualites\/utilisez-le-principe-dry-pour-consolider-les-taches-repetitives\/#breadcrumb\"},\"inLanguage\":\"fr-BE\",\"potentialAction\":[{\"@type\":\"ReadAction\",\"target\":[\"https:\/\/vieassociative.be\/actualites\/utilisez-le-principe-dry-pour-consolider-les-taches-repetitives\/\"]}]},{\"@type\":\"ImageObject\",\"inLanguage\":\"fr-BE\",\"@id\":\"https:\/\/vieassociative.be\/actualites\/utilisez-le-principe-dry-pour-consolider-les-taches-repetitives\/#primaryimage\",\"url\":\"https:\/\/vieassociative.be\/actualites\/wp-content\/uploads\/2024\/11\/Utilisez-le-principe-DRY-pour-consolider-les-taches-repetitives.png\",\"contentUrl\":\"https:\/\/vieassociative.be\/actualites\/wp-content\/uploads\/2024\/11\/Utilisez-le-principe-DRY-pour-consolider-les-taches-repetitives.png\",\"width\":1200,\"height\":674,\"caption\":\"Utilisez le principe DRY pour consolider les t\u00e2ches r\u00e9p\u00e9titives\"},{\"@type\":\"BreadcrumbList\",\"@id\":\"https:\/\/vieassociative.be\/actualites\/utilisez-le-principe-dry-pour-consolider-les-taches-repetitives\/#breadcrumb\",\"itemListElement\":[{\"@type\":\"ListItem\",\"position\":1,\"name\":\"Accueil\",\"item\":\"https:\/\/vieassociative.be\/actualites\/\"},{\"@type\":\"ListItem\",\"position\":2,\"name\":\"Utilisez le principe DRY pour consolider les t\u00e2ches r\u00e9p\u00e9titives\"}]},{\"@type\":\"WebSite\",\"@id\":\"https:\/\/vieassociative.be\/actualites\/#website\",\"url\":\"https:\/\/vieassociative.be\/actualites\/\",\"name\":\"Vie Associative\",\"description\":\"\",\"publisher\":{\"@id\":\"https:\/\/vieassociative.be\/actualites\/#organization\"},\"potentialAction\":[{\"@type\":\"SearchAction\",\"target\":{\"@type\":\"EntryPoint\",\"urlTemplate\":\"https:\/\/vieassociative.be\/actualites\/?s={search_term_string}\"},\"query-input\":{\"@type\":\"PropertyValueSpecification\",\"valueRequired\":true,\"valueName\":\"search_term_string\"}}],\"inLanguage\":\"fr-BE\"},{\"@type\":\"Organization\",\"@id\":\"https:\/\/vieassociative.be\/actualites\/#organization\",\"name\":\"Vie Associative\",\"url\":\"https:\/\/vieassociative.be\/actualites\/\",\"logo\":{\"@type\":\"ImageObject\",\"inLanguage\":\"fr-BE\",\"@id\":\"https:\/\/vieassociative.be\/actualites\/#\/schema\/logo\/image\/\",\"url\":\"https:\/\/vieassociative.be\/actualites\/wp-content\/uploads\/2024\/09\/cropped-vieassociative_favicon.ico.png\",\"contentUrl\":\"https:\/\/vieassociative.be\/actualites\/wp-content\/uploads\/2024\/09\/cropped-vieassociative_favicon.ico.png\",\"width\":512,\"height\":512,\"caption\":\"Vie Associative\"},\"image\":{\"@id\":\"https:\/\/vieassociative.be\/actualites\/#\/schema\/logo\/image\/\"}},{\"@type\":\"Person\",\"@id\":\"https:\/\/vieassociative.be\/actualites\/#\/schema\/person\/b87ac4f82f9d4e7b7cec7395b679edc4\",\"name\":\"Julien\",\"image\":{\"@type\":\"ImageObject\",\"inLanguage\":\"fr-BE\",\"@id\":\"https:\/\/vieassociative.be\/actualites\/#\/schema\/person\/image\/\",\"url\":\"https:\/\/vieassociative.be\/actualites\/wp-content\/uploads\/2024\/09\/vie-associative-1-150x150.jpg\",\"contentUrl\":\"https:\/\/vieassociative.be\/actualites\/wp-content\/uploads\/2024\/09\/vie-associative-1-150x150.jpg\",\"caption\":\"Julien\"},\"description\":\"Je suis Julien, r\u00e9dacteur pour Vie Associative. Passionn\u00e9 par le monde associatif depuis plus de 10 ans, j'ai \u00e0 c\u0153ur de partager des histoires inspirantes et de mettre en lumi\u00e8re les initiatives locales. Mon objectif est de sensibiliser et d'encourager l'engagement communautaire \u00e0 travers mes articles.\",\"sameAs\":[\"https:\/\/vieassociative.be\/\"]}]}<\/script>\n<!-- \/ Yoast SEO plugin. -->","yoast_head_json":{"title":"Utilisez le principe DRY pour consolider les t\u00e2ches r\u00e9p\u00e9titives | Vie Associative","robots":{"index":"index","follow":"follow","max-snippet":"max-snippet:-1","max-image-preview":"max-image-preview:large","max-video-preview":"max-video-preview:-1"},"canonical":"https:\/\/vieassociative.be\/actualites\/utilisez-le-principe-dry-pour-consolider-les-taches-repetitives\/","og_locale":"fr_FR","og_type":"article","og_title":"Utilisez le principe DRY pour consolider les t\u00e2ches r\u00e9p\u00e9titives | Vie Associative","og_description":"Arr\u00eatez de vous r\u00e9p\u00e9ter lorsque vous travaillez. Vous devez utiliser le principe DRY pour \u00eatre plus productif. Cela ne veut pas dire que votre travail","og_url":"https:\/\/vieassociative.be\/actualites\/utilisez-le-principe-dry-pour-consolider-les-taches-repetitives\/","og_site_name":"Vie Associative","article_published_time":"2024-11-12T19:17:19+00:00","og_image":[{"width":279,"height":92,"url":"https:\/\/vieassociative.be\/actualites\/wp-content\/uploads\/2024\/09\/header_backgroundk-01-e1726694325946.png","type":"image\/png"}],"author":"Julien","twitter_card":"summary_large_image","twitter_misc":{"\u00c9crit par":"Julien","Dur\u00e9e de lecture est.":"4 minutes"},"schema":{"@context":"https:\/\/schema.org","@graph":[{"@type":"Article","@id":"https:\/\/vieassociative.be\/actualites\/utilisez-le-principe-dry-pour-consolider-les-taches-repetitives\/#article","isPartOf":{"@id":"https:\/\/vieassociative.be\/actualites\/utilisez-le-principe-dry-pour-consolider-les-taches-repetitives\/"},"author":{"name":"Julien","@id":"https:\/\/vieassociative.be\/actualites\/#\/schema\/person\/b87ac4f82f9d4e7b7cec7395b679edc4"},"headline":"Utilisez le principe DRY pour consolider les t\u00e2ches r\u00e9p\u00e9titives","datePublished":"2024-11-12T19:17:19+00:00","dateModified":"2024-11-12T19:17:19+00:00","mainEntityOfPage":{"@id":"https:\/\/vieassociative.be\/actualites\/utilisez-le-principe-dry-pour-consolider-les-taches-repetitives\/"},"wordCount":822,"publisher":{"@id":"https:\/\/vieassociative.be\/actualites\/#organization"},"image":{"@id":"https:\/\/vieassociative.be\/actualites\/utilisez-le-principe-dry-pour-consolider-les-taches-repetitives\/#primaryimage"},"thumbnailUrl":"https:\/\/vieassociative.be\/actualites\/wp-content\/uploads\/2024\/11\/Utilisez-le-principe-DRY-pour-consolider-les-taches-repetitives.png","keywords":["consolider","DRY","Les","pour","principe","r\u00e9p\u00e9titives","t\u00e2ches","Utilisez"],"articleSection":["Travail"],"inLanguage":"fr-BE"},{"@type":"WebPage","@id":"https:\/\/vieassociative.be\/actualites\/utilisez-le-principe-dry-pour-consolider-les-taches-repetitives\/","url":"https:\/\/vieassociative.be\/actualites\/utilisez-le-principe-dry-pour-consolider-les-taches-repetitives\/","name":"Utilisez le principe DRY pour consolider les t\u00e2ches r\u00e9p\u00e9titives | Vie Associative","isPartOf":{"@id":"https:\/\/vieassociative.be\/actualites\/#website"},"primaryImageOfPage":{"@id":"https:\/\/vieassociative.be\/actualites\/utilisez-le-principe-dry-pour-consolider-les-taches-repetitives\/#primaryimage"},"image":{"@id":"https:\/\/vieassociative.be\/actualites\/utilisez-le-principe-dry-pour-consolider-les-taches-repetitives\/#primaryimage"},"thumbnailUrl":"https:\/\/vieassociative.be\/actualites\/wp-content\/uploads\/2024\/11\/Utilisez-le-principe-DRY-pour-consolider-les-taches-repetitives.png","datePublished":"2024-11-12T19:17:19+00:00","dateModified":"2024-11-12T19:17:19+00:00","breadcrumb":{"@id":"https:\/\/vieassociative.be\/actualites\/utilisez-le-principe-dry-pour-consolider-les-taches-repetitives\/#breadcrumb"},"inLanguage":"fr-BE","potentialAction":[{"@type":"ReadAction","target":["https:\/\/vieassociative.be\/actualites\/utilisez-le-principe-dry-pour-consolider-les-taches-repetitives\/"]}]},{"@type":"ImageObject","inLanguage":"fr-BE","@id":"https:\/\/vieassociative.be\/actualites\/utilisez-le-principe-dry-pour-consolider-les-taches-repetitives\/#primaryimage","url":"https:\/\/vieassociative.be\/actualites\/wp-content\/uploads\/2024\/11\/Utilisez-le-principe-DRY-pour-consolider-les-taches-repetitives.png","contentUrl":"https:\/\/vieassociative.be\/actualites\/wp-content\/uploads\/2024\/11\/Utilisez-le-principe-DRY-pour-consolider-les-taches-repetitives.png","width":1200,"height":674,"caption":"Utilisez le principe DRY pour consolider les t\u00e2ches r\u00e9p\u00e9titives"},{"@type":"BreadcrumbList","@id":"https:\/\/vieassociative.be\/actualites\/utilisez-le-principe-dry-pour-consolider-les-taches-repetitives\/#breadcrumb","itemListElement":[{"@type":"ListItem","position":1,"name":"Accueil","item":"https:\/\/vieassociative.be\/actualites\/"},{"@type":"ListItem","position":2,"name":"Utilisez le principe DRY pour consolider les t\u00e2ches r\u00e9p\u00e9titives"}]},{"@type":"WebSite","@id":"https:\/\/vieassociative.be\/actualites\/#website","url":"https:\/\/vieassociative.be\/actualites\/","name":"Vie Associative","description":"","publisher":{"@id":"https:\/\/vieassociative.be\/actualites\/#organization"},"potentialAction":[{"@type":"SearchAction","target":{"@type":"EntryPoint","urlTemplate":"https:\/\/vieassociative.be\/actualites\/?s={search_term_string}"},"query-input":{"@type":"PropertyValueSpecification","valueRequired":true,"valueName":"search_term_string"}}],"inLanguage":"fr-BE"},{"@type":"Organization","@id":"https:\/\/vieassociative.be\/actualites\/#organization","name":"Vie Associative","url":"https:\/\/vieassociative.be\/actualites\/","logo":{"@type":"ImageObject","inLanguage":"fr-BE","@id":"https:\/\/vieassociative.be\/actualites\/#\/schema\/logo\/image\/","url":"https:\/\/vieassociative.be\/actualites\/wp-content\/uploads\/2024\/09\/cropped-vieassociative_favicon.ico.png","contentUrl":"https:\/\/vieassociative.be\/actualites\/wp-content\/uploads\/2024\/09\/cropped-vieassociative_favicon.ico.png","width":512,"height":512,"caption":"Vie Associative"},"image":{"@id":"https:\/\/vieassociative.be\/actualites\/#\/schema\/logo\/image\/"}},{"@type":"Person","@id":"https:\/\/vieassociative.be\/actualites\/#\/schema\/person\/b87ac4f82f9d4e7b7cec7395b679edc4","name":"Julien","image":{"@type":"ImageObject","inLanguage":"fr-BE","@id":"https:\/\/vieassociative.be\/actualites\/#\/schema\/person\/image\/","url":"https:\/\/vieassociative.be\/actualites\/wp-content\/uploads\/2024\/09\/vie-associative-1-150x150.jpg","contentUrl":"https:\/\/vieassociative.be\/actualites\/wp-content\/uploads\/2024\/09\/vie-associative-1-150x150.jpg","caption":"Julien"},"description":"Je suis Julien, r\u00e9dacteur pour Vie Associative. Passionn\u00e9 par le monde associatif depuis plus de 10 ans, j'ai \u00e0 c\u0153ur de partager des histoires inspirantes et de mettre en lumi\u00e8re les initiatives locales. Mon objectif est de sensibiliser et d'encourager l'engagement communautaire \u00e0 travers mes articles.","sameAs":["https:\/\/vieassociative.be\/"]}]}},"_links":{"self":[{"href":"https:\/\/vieassociative.be\/actualites\/wp-json\/wp\/v2\/posts\/2343"}],"collection":[{"href":"https:\/\/vieassociative.be\/actualites\/wp-json\/wp\/v2\/posts"}],"about":[{"href":"https:\/\/vieassociative.be\/actualites\/wp-json\/wp\/v2\/types\/post"}],"author":[{"embeddable":true,"href":"https:\/\/vieassociative.be\/actualites\/wp-json\/wp\/v2\/users\/1"}],"replies":[{"embeddable":true,"href":"https:\/\/vieassociative.be\/actualites\/wp-json\/wp\/v2\/comments?post=2343"}],"version-history":[{"count":0,"href":"https:\/\/vieassociative.be\/actualites\/wp-json\/wp\/v2\/posts\/2343\/revisions"}],"wp:featuredmedia":[{"embeddable":true,"href":"https:\/\/vieassociative.be\/actualites\/wp-json\/wp\/v2\/media\/2344"}],"wp:attachment":[{"href":"https:\/\/vieassociative.be\/actualites\/wp-json\/wp\/v2\/media?parent=2343"}],"wp:term":[{"taxonomy":"category","embeddable":true,"href":"https:\/\/vieassociative.be\/actualites\/wp-json\/wp\/v2\/categories?post=2343"},{"taxonomy":"post_tag","embeddable":true,"href":"https:\/\/vieassociative.be\/actualites\/wp-json\/wp\/v2\/tags?post=2343"}],"curies":[{"name":"wp","href":"https:\/\/api.w.org\/{rel}","templated":true}]}}