{"id":2341,"date":"2024-11-12T18:17:22","date_gmt":"2024-11-12T17:17:22","guid":{"rendered":"https:\/\/vieassociative.be\/actualites\/vous-pouvez-reparer-la-mendicite-de-votre-chien-avant-larrivee-de-thanksgiving\/"},"modified":"2024-11-12T18:17:22","modified_gmt":"2024-11-12T17:17:22","slug":"vous-pouvez-reparer-la-mendicite-de-votre-chien-avant-larrivee-de-thanksgiving","status":"publish","type":"post","link":"https:\/\/vieassociative.be\/actualites\/vous-pouvez-reparer-la-mendicite-de-votre-chien-avant-larrivee-de-thanksgiving\/","title":{"rendered":"Vous pouvez r\u00e9parer la mendicit\u00e9 de votre chien avant l&rsquo;arriv\u00e9e de Thanksgiving"},"content":{"rendered":"<div class=\"mt-4 leading-6 md:mb-8\">Il est encore temps d\u2019essayer au moins de freiner leur habitude.<\/div>\n<p><\/p>\n<p>La plupart des personnes ayant des chiens comprennent que nourrir leur chiot avec de la nourriture provenant de leur assiette, que ce soit depuis leur place sur le canap\u00e9 ou \u00e0 table, n&rsquo;est pas une bonne id\u00e9e. Ils savent \u00e9galement que plus ils le font, plus ils permettent \u00e0 leur chien de mendier. <\/p>\n<p>Le savoir est une chose. R\u00e9sister aux yeux suppliants de votre toutou est tout autre chose. Mais si vous organisez Thanksgiving cette ann\u00e9e, vous ne voulez probablement pas que votre chien tente de manipuler vos invit\u00e9s en leur donnant des morceaux de viande ou des morceaux de cro\u00fbte \u00e0 tarte. <\/p>\n<p>Bien que chaque chien soit diff\u00e9rent et r\u00e9agisse au dressage \u00e0 sa mani\u00e8re, vous pouvez prendre certaines mesures d\u00e8s maintenant pour r\u00e9duire leur habitude de mendier (ou au moins essayer) avant Thanksgiving. Voici ce qu&rsquo;il faut savoir.<\/p>\n<h2 id=\"how-to-train-your-dog-to-stop-begging\">Comment dresser votre chien \u00e0 arr\u00eater de mendier<\/h2>\n<p>Selon l&rsquo;American Kennel Club (AKC), dresser un chiot est une chose, mais briser une habitude de mendicit\u00e9 de longue date n\u00e9cessitera un entra\u00eenement r\u00e9p\u00e9t\u00e9. Voici quelques-uns de leurs conseils :<\/p>\n<ul>\n<li>\n<p>Entra\u00eenez-vous \u00e0 ignorer votre chien lors des petits repas comme le petit-d\u00e9jeuner et le d\u00e9jeuner.<\/p>\n<\/li>\n<li>\n<p>Ne reconnaissez pas votre chien et ne r\u00e9agissez pas (positivement ou n\u00e9gativement) lorsque vous \u00eates assis \u00e0 table.<\/p>\n<\/li>\n<li>\n<p>Si votre chien parvient \u00e0 terminer un repas sans mendier, r\u00e9compensez son comportement positif une fois le repas termin\u00e9.<\/p>\n<\/li>\n<li>\n<p>Donnez \u00e0 votre chien quelque chose qu&rsquo;il aime et qui retiendra son attention pendant le repas, comme un jouet interactif ou un b\u00e2ton d&rsquo;intimidation (c&rsquo;est-\u00e0-dire un p\u00e9nis de taureau).<\/p>\n<\/li>\n<li>\n<p>Si votre chien comprend les ordres de base comme \u00ab\u00a0assis\u00a0\u00bb, \u00ab reste \u00bb et \u00ab laisse-le\u00a0\u00bb, utilisez-les pendant les repas pour \u00e9loigner votre chien de la table et hors de la distance de mendicit\u00e9.<\/p>\n<\/li>\n<\/ul>\n<p>Les experts de l&rsquo;AKC pr\u00e9viennent que le comportement de mendicit\u00e9 de votre chien peut s&rsquo;aggraver avant de s&rsquo;am\u00e9liorer, notant : \u00ab Lorsqu&rsquo;un stratag\u00e8me fonctionne pour les chiens et s&rsquo;arr\u00eate soudainement, ils essaient plus fort avant de finalement abandonner. \u00bb La cl\u00e9 pour r\u00e9ussir \u00e0 dresser votre chien, selon l&rsquo;AKC, est de le suivre, m\u00eame pendant une p\u00e9riode potentiellement difficile, car il apprendra (\u00e9ventuellement). <\/p>\n","protected":false},"excerpt":{"rendered":"<p>Il est encore temps d\u2019essayer au moins de freiner leur habitude. La plupart des personnes ayant des chiens comprennent que nourrir leur chiot avec de<\/p>\n","protected":false},"author":1,"featured_media":2342,"comment_status":"","ping_status":"","sticky":false,"template":"","format":"standard","meta":{"footnotes":""},"categories":[37],"tags":[142,91,3106,3105,5,541,939,8,4],"class_list":["post-2341","post","type-post","status-publish","format-standard","has-post-thumbnail","hentry","category-famille","tag-avant","tag-chien","tag-larrivee","tag-mendicite","tag-pouvez","tag-reparer","tag-thanksgiving","tag-votre","tag-vous","generate-columns","tablet-grid-50","mobile-grid-100","grid-parent","grid-33"],"yoast_head":"<!-- This site is optimized with the Yoast SEO plugin v24.0 - https:\/\/yoast.com\/wordpress\/plugins\/seo\/ -->\n<title>Vous pouvez r\u00e9parer la mendicit\u00e9 de votre chien avant l&#039;arriv\u00e9e de Thanksgiving | Vie Associative<\/title>\n<meta name=\"robots\" content=\"index, follow, max-snippet:-1, max-image-preview:large, max-video-preview:-1\" \/>\n<link rel=\"canonical\" href=\"https:\/\/vieassociative.be\/actualites\/vous-pouvez-reparer-la-mendicite-de-votre-chien-avant-larrivee-de-thanksgiving\/\" \/>\n<meta property=\"og:locale\" content=\"fr_FR\" \/>\n<meta property=\"og:type\" content=\"article\" \/>\n<meta property=\"og:title\" content=\"Vous pouvez r\u00e9parer la mendicit\u00e9 de votre chien avant l&#039;arriv\u00e9e de Thanksgiving | Vie Associative\" \/>\n<meta property=\"og:description\" content=\"Il est encore temps d\u2019essayer au moins de freiner leur habitude. La plupart des personnes ayant des chiens comprennent que nourrir leur chiot avec de\" \/>\n<meta property=\"og:url\" content=\"https:\/\/vieassociative.be\/actualites\/vous-pouvez-reparer-la-mendicite-de-votre-chien-avant-larrivee-de-thanksgiving\/\" \/>\n<meta property=\"og:site_name\" content=\"Vie Associative\" \/>\n<meta property=\"article:published_time\" content=\"2024-11-12T17:17:22+00:00\" \/>\n<meta property=\"og:image\" content=\"https:\/\/vieassociative.be\/actualites\/wp-content\/uploads\/2024\/09\/header_backgroundk-01-e1726694325946.png\" \/>\n\t<meta property=\"og:image:width\" content=\"279\" \/>\n\t<meta property=\"og:image:height\" content=\"92\" \/>\n\t<meta property=\"og:image:type\" content=\"image\/png\" \/>\n<meta name=\"author\" content=\"Julien\" \/>\n<meta name=\"twitter:card\" content=\"summary_large_image\" \/>\n<meta name=\"twitter:label1\" content=\"\u00c9crit par\" \/>\n\t<meta name=\"twitter:data1\" content=\"Julien\" \/>\n\t<meta name=\"twitter:label2\" content=\"Dur\u00e9e de lecture est.\" \/>\n\t<meta name=\"twitter:data2\" content=\"2 minutes\" \/>\n<script type=\"application\/ld+json\" class=\"yoast-schema-graph\">{\"@context\":\"https:\/\/schema.org\",\"@graph\":[{\"@type\":\"Article\",\"@id\":\"https:\/\/vieassociative.be\/actualites\/vous-pouvez-reparer-la-mendicite-de-votre-chien-avant-larrivee-de-thanksgiving\/#article\",\"isPartOf\":{\"@id\":\"https:\/\/vieassociative.be\/actualites\/vous-pouvez-reparer-la-mendicite-de-votre-chien-avant-larrivee-de-thanksgiving\/\"},\"author\":{\"name\":\"Julien\",\"@id\":\"https:\/\/vieassociative.be\/actualites\/#\/schema\/person\/b87ac4f82f9d4e7b7cec7395b679edc4\"},\"headline\":\"Vous pouvez r\u00e9parer la mendicit\u00e9 de votre chien avant l&rsquo;arriv\u00e9e de Thanksgiving\",\"datePublished\":\"2024-11-12T17:17:22+00:00\",\"dateModified\":\"2024-11-12T17:17:22+00:00\",\"mainEntityOfPage\":{\"@id\":\"https:\/\/vieassociative.be\/actualites\/vous-pouvez-reparer-la-mendicite-de-votre-chien-avant-larrivee-de-thanksgiving\/\"},\"wordCount\":409,\"publisher\":{\"@id\":\"https:\/\/vieassociative.be\/actualites\/#organization\"},\"image\":{\"@id\":\"https:\/\/vieassociative.be\/actualites\/vous-pouvez-reparer-la-mendicite-de-votre-chien-avant-larrivee-de-thanksgiving\/#primaryimage\"},\"thumbnailUrl\":\"https:\/\/vieassociative.be\/actualites\/wp-content\/uploads\/2024\/11\/Vous-pouvez-reparer-la-mendicite-de-votre-chien-avant-larrivee.jpg\",\"keywords\":[\"avant\",\"chien\",\"larriv\u00e9e\",\"mendicit\u00e9\",\"pouvez\",\"r\u00e9parer\",\"Thanksgiving\",\"votre\",\"Vous\"],\"articleSection\":[\"Famille\"],\"inLanguage\":\"fr-BE\"},{\"@type\":\"WebPage\",\"@id\":\"https:\/\/vieassociative.be\/actualites\/vous-pouvez-reparer-la-mendicite-de-votre-chien-avant-larrivee-de-thanksgiving\/\",\"url\":\"https:\/\/vieassociative.be\/actualites\/vous-pouvez-reparer-la-mendicite-de-votre-chien-avant-larrivee-de-thanksgiving\/\",\"name\":\"Vous pouvez r\u00e9parer la mendicit\u00e9 de votre chien avant l'arriv\u00e9e de Thanksgiving | Vie Associative\",\"isPartOf\":{\"@id\":\"https:\/\/vieassociative.be\/actualites\/#website\"},\"primaryImageOfPage\":{\"@id\":\"https:\/\/vieassociative.be\/actualites\/vous-pouvez-reparer-la-mendicite-de-votre-chien-avant-larrivee-de-thanksgiving\/#primaryimage\"},\"image\":{\"@id\":\"https:\/\/vieassociative.be\/actualites\/vous-pouvez-reparer-la-mendicite-de-votre-chien-avant-larrivee-de-thanksgiving\/#primaryimage\"},\"thumbnailUrl\":\"https:\/\/vieassociative.be\/actualites\/wp-content\/uploads\/2024\/11\/Vous-pouvez-reparer-la-mendicite-de-votre-chien-avant-larrivee.jpg\",\"datePublished\":\"2024-11-12T17:17:22+00:00\",\"dateModified\":\"2024-11-12T17:17:22+00:00\",\"breadcrumb\":{\"@id\":\"https:\/\/vieassociative.be\/actualites\/vous-pouvez-reparer-la-mendicite-de-votre-chien-avant-larrivee-de-thanksgiving\/#breadcrumb\"},\"inLanguage\":\"fr-BE\",\"potentialAction\":[{\"@type\":\"ReadAction\",\"target\":[\"https:\/\/vieassociative.be\/actualites\/vous-pouvez-reparer-la-mendicite-de-votre-chien-avant-larrivee-de-thanksgiving\/\"]}]},{\"@type\":\"ImageObject\",\"inLanguage\":\"fr-BE\",\"@id\":\"https:\/\/vieassociative.be\/actualites\/vous-pouvez-reparer-la-mendicite-de-votre-chien-avant-larrivee-de-thanksgiving\/#primaryimage\",\"url\":\"https:\/\/vieassociative.be\/actualites\/wp-content\/uploads\/2024\/11\/Vous-pouvez-reparer-la-mendicite-de-votre-chien-avant-larrivee.jpg\",\"contentUrl\":\"https:\/\/vieassociative.be\/actualites\/wp-content\/uploads\/2024\/11\/Vous-pouvez-reparer-la-mendicite-de-votre-chien-avant-larrivee.jpg\",\"width\":1200,\"height\":675,\"caption\":\"Vous pouvez r\u00e9parer la mendicit\u00e9 de votre chien avant l'arriv\u00e9e de Thanksgiving\"},{\"@type\":\"BreadcrumbList\",\"@id\":\"https:\/\/vieassociative.be\/actualites\/vous-pouvez-reparer-la-mendicite-de-votre-chien-avant-larrivee-de-thanksgiving\/#breadcrumb\",\"itemListElement\":[{\"@type\":\"ListItem\",\"position\":1,\"name\":\"Accueil\",\"item\":\"https:\/\/vieassociative.be\/actualites\/\"},{\"@type\":\"ListItem\",\"position\":2,\"name\":\"Vous pouvez r\u00e9parer la mendicit\u00e9 de votre chien avant l&rsquo;arriv\u00e9e de Thanksgiving\"}]},{\"@type\":\"WebSite\",\"@id\":\"https:\/\/vieassociative.be\/actualites\/#website\",\"url\":\"https:\/\/vieassociative.be\/actualites\/\",\"name\":\"Vie Associative\",\"description\":\"\",\"publisher\":{\"@id\":\"https:\/\/vieassociative.be\/actualites\/#organization\"},\"potentialAction\":[{\"@type\":\"SearchAction\",\"target\":{\"@type\":\"EntryPoint\",\"urlTemplate\":\"https:\/\/vieassociative.be\/actualites\/?s={search_term_string}\"},\"query-input\":{\"@type\":\"PropertyValueSpecification\",\"valueRequired\":true,\"valueName\":\"search_term_string\"}}],\"inLanguage\":\"fr-BE\"},{\"@type\":\"Organization\",\"@id\":\"https:\/\/vieassociative.be\/actualites\/#organization\",\"name\":\"Vie Associative\",\"url\":\"https:\/\/vieassociative.be\/actualites\/\",\"logo\":{\"@type\":\"ImageObject\",\"inLanguage\":\"fr-BE\",\"@id\":\"https:\/\/vieassociative.be\/actualites\/#\/schema\/logo\/image\/\",\"url\":\"https:\/\/vieassociative.be\/actualites\/wp-content\/uploads\/2024\/09\/cropped-vieassociative_favicon.ico.png\",\"contentUrl\":\"https:\/\/vieassociative.be\/actualites\/wp-content\/uploads\/2024\/09\/cropped-vieassociative_favicon.ico.png\",\"width\":512,\"height\":512,\"caption\":\"Vie Associative\"},\"image\":{\"@id\":\"https:\/\/vieassociative.be\/actualites\/#\/schema\/logo\/image\/\"}},{\"@type\":\"Person\",\"@id\":\"https:\/\/vieassociative.be\/actualites\/#\/schema\/person\/b87ac4f82f9d4e7b7cec7395b679edc4\",\"name\":\"Julien\",\"image\":{\"@type\":\"ImageObject\",\"inLanguage\":\"fr-BE\",\"@id\":\"https:\/\/vieassociative.be\/actualites\/#\/schema\/person\/image\/\",\"url\":\"https:\/\/vieassociative.be\/actualites\/wp-content\/uploads\/2024\/09\/vie-associative-1-150x150.jpg\",\"contentUrl\":\"https:\/\/vieassociative.be\/actualites\/wp-content\/uploads\/2024\/09\/vie-associative-1-150x150.jpg\",\"caption\":\"Julien\"},\"description\":\"Je suis Julien, r\u00e9dacteur pour Vie Associative. Passionn\u00e9 par le monde associatif depuis plus de 10 ans, j'ai \u00e0 c\u0153ur de partager des histoires inspirantes et de mettre en lumi\u00e8re les initiatives locales. Mon objectif est de sensibiliser et d'encourager l'engagement communautaire \u00e0 travers mes articles.\",\"sameAs\":[\"https:\/\/vieassociative.be\/\"]}]}<\/script>\n<!-- \/ Yoast SEO plugin. -->","yoast_head_json":{"title":"Vous pouvez r\u00e9parer la mendicit\u00e9 de votre chien avant l'arriv\u00e9e de Thanksgiving | Vie Associative","robots":{"index":"index","follow":"follow","max-snippet":"max-snippet:-1","max-image-preview":"max-image-preview:large","max-video-preview":"max-video-preview:-1"},"canonical":"https:\/\/vieassociative.be\/actualites\/vous-pouvez-reparer-la-mendicite-de-votre-chien-avant-larrivee-de-thanksgiving\/","og_locale":"fr_FR","og_type":"article","og_title":"Vous pouvez r\u00e9parer la mendicit\u00e9 de votre chien avant l'arriv\u00e9e de Thanksgiving | Vie Associative","og_description":"Il est encore temps d\u2019essayer au moins de freiner leur habitude. La plupart des personnes ayant des chiens comprennent que nourrir leur chiot avec de","og_url":"https:\/\/vieassociative.be\/actualites\/vous-pouvez-reparer-la-mendicite-de-votre-chien-avant-larrivee-de-thanksgiving\/","og_site_name":"Vie Associative","article_published_time":"2024-11-12T17:17:22+00:00","og_image":[{"width":279,"height":92,"url":"https:\/\/vieassociative.be\/actualites\/wp-content\/uploads\/2024\/09\/header_backgroundk-01-e1726694325946.png","type":"image\/png"}],"author":"Julien","twitter_card":"summary_large_image","twitter_misc":{"\u00c9crit par":"Julien","Dur\u00e9e de lecture est.":"2 minutes"},"schema":{"@context":"https:\/\/schema.org","@graph":[{"@type":"Article","@id":"https:\/\/vieassociative.be\/actualites\/vous-pouvez-reparer-la-mendicite-de-votre-chien-avant-larrivee-de-thanksgiving\/#article","isPartOf":{"@id":"https:\/\/vieassociative.be\/actualites\/vous-pouvez-reparer-la-mendicite-de-votre-chien-avant-larrivee-de-thanksgiving\/"},"author":{"name":"Julien","@id":"https:\/\/vieassociative.be\/actualites\/#\/schema\/person\/b87ac4f82f9d4e7b7cec7395b679edc4"},"headline":"Vous pouvez r\u00e9parer la mendicit\u00e9 de votre chien avant l&rsquo;arriv\u00e9e de Thanksgiving","datePublished":"2024-11-12T17:17:22+00:00","dateModified":"2024-11-12T17:17:22+00:00","mainEntityOfPage":{"@id":"https:\/\/vieassociative.be\/actualites\/vous-pouvez-reparer-la-mendicite-de-votre-chien-avant-larrivee-de-thanksgiving\/"},"wordCount":409,"publisher":{"@id":"https:\/\/vieassociative.be\/actualites\/#organization"},"image":{"@id":"https:\/\/vieassociative.be\/actualites\/vous-pouvez-reparer-la-mendicite-de-votre-chien-avant-larrivee-de-thanksgiving\/#primaryimage"},"thumbnailUrl":"https:\/\/vieassociative.be\/actualites\/wp-content\/uploads\/2024\/11\/Vous-pouvez-reparer-la-mendicite-de-votre-chien-avant-larrivee.jpg","keywords":["avant","chien","larriv\u00e9e","mendicit\u00e9","pouvez","r\u00e9parer","Thanksgiving","votre","Vous"],"articleSection":["Famille"],"inLanguage":"fr-BE"},{"@type":"WebPage","@id":"https:\/\/vieassociative.be\/actualites\/vous-pouvez-reparer-la-mendicite-de-votre-chien-avant-larrivee-de-thanksgiving\/","url":"https:\/\/vieassociative.be\/actualites\/vous-pouvez-reparer-la-mendicite-de-votre-chien-avant-larrivee-de-thanksgiving\/","name":"Vous pouvez r\u00e9parer la mendicit\u00e9 de votre chien avant l'arriv\u00e9e de Thanksgiving | Vie Associative","isPartOf":{"@id":"https:\/\/vieassociative.be\/actualites\/#website"},"primaryImageOfPage":{"@id":"https:\/\/vieassociative.be\/actualites\/vous-pouvez-reparer-la-mendicite-de-votre-chien-avant-larrivee-de-thanksgiving\/#primaryimage"},"image":{"@id":"https:\/\/vieassociative.be\/actualites\/vous-pouvez-reparer-la-mendicite-de-votre-chien-avant-larrivee-de-thanksgiving\/#primaryimage"},"thumbnailUrl":"https:\/\/vieassociative.be\/actualites\/wp-content\/uploads\/2024\/11\/Vous-pouvez-reparer-la-mendicite-de-votre-chien-avant-larrivee.jpg","datePublished":"2024-11-12T17:17:22+00:00","dateModified":"2024-11-12T17:17:22+00:00","breadcrumb":{"@id":"https:\/\/vieassociative.be\/actualites\/vous-pouvez-reparer-la-mendicite-de-votre-chien-avant-larrivee-de-thanksgiving\/#breadcrumb"},"inLanguage":"fr-BE","potentialAction":[{"@type":"ReadAction","target":["https:\/\/vieassociative.be\/actualites\/vous-pouvez-reparer-la-mendicite-de-votre-chien-avant-larrivee-de-thanksgiving\/"]}]},{"@type":"ImageObject","inLanguage":"fr-BE","@id":"https:\/\/vieassociative.be\/actualites\/vous-pouvez-reparer-la-mendicite-de-votre-chien-avant-larrivee-de-thanksgiving\/#primaryimage","url":"https:\/\/vieassociative.be\/actualites\/wp-content\/uploads\/2024\/11\/Vous-pouvez-reparer-la-mendicite-de-votre-chien-avant-larrivee.jpg","contentUrl":"https:\/\/vieassociative.be\/actualites\/wp-content\/uploads\/2024\/11\/Vous-pouvez-reparer-la-mendicite-de-votre-chien-avant-larrivee.jpg","width":1200,"height":675,"caption":"Vous pouvez r\u00e9parer la mendicit\u00e9 de votre chien avant l'arriv\u00e9e de Thanksgiving"},{"@type":"BreadcrumbList","@id":"https:\/\/vieassociative.be\/actualites\/vous-pouvez-reparer-la-mendicite-de-votre-chien-avant-larrivee-de-thanksgiving\/#breadcrumb","itemListElement":[{"@type":"ListItem","position":1,"name":"Accueil","item":"https:\/\/vieassociative.be\/actualites\/"},{"@type":"ListItem","position":2,"name":"Vous pouvez r\u00e9parer la mendicit\u00e9 de votre chien avant l&rsquo;arriv\u00e9e de Thanksgiving"}]},{"@type":"WebSite","@id":"https:\/\/vieassociative.be\/actualites\/#website","url":"https:\/\/vieassociative.be\/actualites\/","name":"Vie Associative","description":"","publisher":{"@id":"https:\/\/vieassociative.be\/actualites\/#organization"},"potentialAction":[{"@type":"SearchAction","target":{"@type":"EntryPoint","urlTemplate":"https:\/\/vieassociative.be\/actualites\/?s={search_term_string}"},"query-input":{"@type":"PropertyValueSpecification","valueRequired":true,"valueName":"search_term_string"}}],"inLanguage":"fr-BE"},{"@type":"Organization","@id":"https:\/\/vieassociative.be\/actualites\/#organization","name":"Vie Associative","url":"https:\/\/vieassociative.be\/actualites\/","logo":{"@type":"ImageObject","inLanguage":"fr-BE","@id":"https:\/\/vieassociative.be\/actualites\/#\/schema\/logo\/image\/","url":"https:\/\/vieassociative.be\/actualites\/wp-content\/uploads\/2024\/09\/cropped-vieassociative_favicon.ico.png","contentUrl":"https:\/\/vieassociative.be\/actualites\/wp-content\/uploads\/2024\/09\/cropped-vieassociative_favicon.ico.png","width":512,"height":512,"caption":"Vie Associative"},"image":{"@id":"https:\/\/vieassociative.be\/actualites\/#\/schema\/logo\/image\/"}},{"@type":"Person","@id":"https:\/\/vieassociative.be\/actualites\/#\/schema\/person\/b87ac4f82f9d4e7b7cec7395b679edc4","name":"Julien","image":{"@type":"ImageObject","inLanguage":"fr-BE","@id":"https:\/\/vieassociative.be\/actualites\/#\/schema\/person\/image\/","url":"https:\/\/vieassociative.be\/actualites\/wp-content\/uploads\/2024\/09\/vie-associative-1-150x150.jpg","contentUrl":"https:\/\/vieassociative.be\/actualites\/wp-content\/uploads\/2024\/09\/vie-associative-1-150x150.jpg","caption":"Julien"},"description":"Je suis Julien, r\u00e9dacteur pour Vie Associative. Passionn\u00e9 par le monde associatif depuis plus de 10 ans, j'ai \u00e0 c\u0153ur de partager des histoires inspirantes et de mettre en lumi\u00e8re les initiatives locales. Mon objectif est de sensibiliser et d'encourager l'engagement communautaire \u00e0 travers mes articles.","sameAs":["https:\/\/vieassociative.be\/"]}]}},"_links":{"self":[{"href":"https:\/\/vieassociative.be\/actualites\/wp-json\/wp\/v2\/posts\/2341"}],"collection":[{"href":"https:\/\/vieassociative.be\/actualites\/wp-json\/wp\/v2\/posts"}],"about":[{"href":"https:\/\/vieassociative.be\/actualites\/wp-json\/wp\/v2\/types\/post"}],"author":[{"embeddable":true,"href":"https:\/\/vieassociative.be\/actualites\/wp-json\/wp\/v2\/users\/1"}],"replies":[{"embeddable":true,"href":"https:\/\/vieassociative.be\/actualites\/wp-json\/wp\/v2\/comments?post=2341"}],"version-history":[{"count":0,"href":"https:\/\/vieassociative.be\/actualites\/wp-json\/wp\/v2\/posts\/2341\/revisions"}],"wp:featuredmedia":[{"embeddable":true,"href":"https:\/\/vieassociative.be\/actualites\/wp-json\/wp\/v2\/media\/2342"}],"wp:attachment":[{"href":"https:\/\/vieassociative.be\/actualites\/wp-json\/wp\/v2\/media?parent=2341"}],"wp:term":[{"taxonomy":"category","embeddable":true,"href":"https:\/\/vieassociative.be\/actualites\/wp-json\/wp\/v2\/categories?post=2341"},{"taxonomy":"post_tag","embeddable":true,"href":"https:\/\/vieassociative.be\/actualites\/wp-json\/wp\/v2\/tags?post=2341"}],"curies":[{"name":"wp","href":"https:\/\/api.w.org\/{rel}","templated":true}]}}