{"id":2337,"date":"2024-11-12T15:19:52","date_gmt":"2024-11-12T14:19:52","guid":{"rendered":"https:\/\/vieassociative.be\/actualites\/le-roi-donne-a-bart-de-wever-deux-semaines-supplementaires-pour-trouver-une-issue-a-limpasse\/"},"modified":"2024-11-12T15:19:52","modified_gmt":"2024-11-12T14:19:52","slug":"le-roi-donne-a-bart-de-wever-deux-semaines-supplementaires-pour-trouver-une-issue-a-limpasse","status":"publish","type":"post","link":"https:\/\/vieassociative.be\/actualites\/le-roi-donne-a-bart-de-wever-deux-semaines-supplementaires-pour-trouver-une-issue-a-limpasse\/","title":{"rendered":"Le roi donne \u00e0 Bart De Wever deux semaines suppl\u00e9mentaires pour trouver une issue \u00e0 l&rsquo;impasse"},"content":{"rendered":"<p><strong>Le constructeur du gouvernement Bart De Wever a fait rapport mardi au roi Philippe et a eu deux semaines suppl\u00e9mentaires \u00ab\u00a0pour sortir de l&rsquo;impasse\u00a0\u00bb dans les n\u00e9gociations, selon un communiqu\u00e9 du palais apr\u00e8s une audience avec le pr\u00e9sident de la N-VA.<\/strong><\/p>\n<p><span id=\"more-401642\"><\/span>\u00ab Le Roi a not\u00e9 qu&rsquo;il n&rsquo;y a pas encore eu d&rsquo;avanc\u00e9e d\u00e9cisive pour la formation d&rsquo;un nouveau gouvernement, mais que les discussions sont toujours en cours. Le Roi a donc d\u00e9cid\u00e9 de confirmer M. De Wever dans ses fonctions et de lui donner deux semaines pour trouver une issue \u00e0 l&rsquo;impasse. M. De Wever fera \u00e0 nouveau rapport au roi le 25 novembre \u00bb, indique le communiqu\u00e9.<\/p>\n<div id=\"attachment_350044\" class=\"wp-caption alignleft\" style=\"max-width: 300px\"><img fetchpriority=\"high\" decoding=\"async\" class=\"wp-image-350044 size-medium\" src=\"https:\/\/vieassociative.be\/actualites\/wp-content\/uploads\/2024\/11\/Konig-accorde-a-De-Wever-un-nouveau-delai-\u2013-sans.jpeg\" alt=\"\" width=\"300\" height=\"200\"  ><\/p>\n<p class=\"wp-caption-text\">Conner Rousseau, leader du parti de gauche flamand Vooruit. Photo de : Belga<\/p>\n<\/div>\n<p>De Wever avait propos\u00e9 sa d\u00e9mission au roi la semaine derni\u00e8re, mais Philippe a laiss\u00e9 sa d\u00e9cision en suspens et a donn\u00e9 une semaine suppl\u00e9mentaire au pr\u00e9sident de la N-VA. Les n\u00e9gociations sont dans l&rsquo;impasse depuis le retrait des socialistes flamands (Vooruit), dont le pr\u00e9sident Conner Rousseau a jug\u00e9 la derni\u00e8re \u00ab\u00a0super note\u00a0\u00bb du gouvernement trop \u00ab\u00a0\u00e0 droite\u00a0\u00bb.<\/p>\n<p>Mardi, les \u00e9changes ne semblaient toujours pas m\u00fbrs pour une reprise des n\u00e9gociations, ni avec le Vooruit ni avec les lib\u00e9raux flamands de l&rsquo;Open VLD, qui pourraient \u00eatre consid\u00e9r\u00e9s comme partenaires de coalition en cas de d\u00e9part des socialistes flamands.<\/p>\n<p>Une coalition avec la N-VA, le MR, l&rsquo;Open VLD, le CD&#038;V et les Engag\u00e9s serait politiquement plus homog\u00e8ne dans une coalition de centre-droit, mais celle-ci ne disposerait que d&rsquo;une faible majorit\u00e9 d&rsquo;un si\u00e8ge \u00e0 la chambre. Les D\u00e9mocrates-Chr\u00e9tiens flamands (CD&#038;V), Sammy Mahdi, contre la participation des Lib\u00e9raux flamands au gouvernement. (cr\u00e9er)<\/p>\n","protected":false},"excerpt":{"rendered":"<p>Le constructeur du gouvernement Bart De Wever a fait rapport mardi au roi Philippe et a eu deux semaines suppl\u00e9mentaires \u00ab\u00a0pour sortir de l&rsquo;impasse\u00a0\u00bb dans<\/p>\n","protected":false},"author":1,"featured_media":2338,"comment_status":"","ping_status":"","sticky":false,"template":"","format":"standard","meta":{"footnotes":""},"categories":[298],"tags":[3097,114,728,3100,3101,81,3096,3098,3099,996,110,2755],"class_list":["post-2337","post","type-post","status-publish","format-standard","has-post-thumbnail","hentry","category-belgique","tag-bart","tag-deux","tag-donne","tag-issue","tag-limpasse","tag-pour","tag-roi","tag-semaines","tag-supplementaires","tag-trouver","tag-une","tag-wever","generate-columns","tablet-grid-50","mobile-grid-100","grid-parent","grid-33"],"yoast_head":"<!-- This site is optimized with the Yoast SEO plugin v24.0 - https:\/\/yoast.com\/wordpress\/plugins\/seo\/ -->\n<title>Le roi donne \u00e0 Bart De Wever deux semaines suppl\u00e9mentaires pour trouver une issue \u00e0 l&#039;impasse | Vie Associative<\/title>\n<meta name=\"robots\" content=\"index, follow, max-snippet:-1, max-image-preview:large, max-video-preview:-1\" \/>\n<link rel=\"canonical\" href=\"https:\/\/vieassociative.be\/actualites\/le-roi-donne-a-bart-de-wever-deux-semaines-supplementaires-pour-trouver-une-issue-a-limpasse\/\" \/>\n<meta property=\"og:locale\" content=\"fr_FR\" \/>\n<meta property=\"og:type\" content=\"article\" \/>\n<meta property=\"og:title\" content=\"Le roi donne \u00e0 Bart De Wever deux semaines suppl\u00e9mentaires pour trouver une issue \u00e0 l&#039;impasse | Vie Associative\" \/>\n<meta property=\"og:description\" content=\"Le constructeur du gouvernement Bart De Wever a fait rapport mardi au roi Philippe et a eu deux semaines suppl\u00e9mentaires \u00ab\u00a0pour sortir de l&rsquo;impasse\u00a0\u00bb dans\" \/>\n<meta property=\"og:url\" content=\"https:\/\/vieassociative.be\/actualites\/le-roi-donne-a-bart-de-wever-deux-semaines-supplementaires-pour-trouver-une-issue-a-limpasse\/\" \/>\n<meta property=\"og:site_name\" content=\"Vie Associative\" \/>\n<meta property=\"article:published_time\" content=\"2024-11-12T14:19:52+00:00\" \/>\n<meta property=\"og:image\" content=\"https:\/\/vieassociative.be\/actualites\/wp-content\/uploads\/2024\/09\/header_backgroundk-01-e1726694325946.png\" \/>\n\t<meta property=\"og:image:width\" content=\"279\" \/>\n\t<meta property=\"og:image:height\" content=\"92\" \/>\n\t<meta property=\"og:image:type\" content=\"image\/png\" \/>\n<meta name=\"author\" content=\"Julien\" \/>\n<meta name=\"twitter:card\" content=\"summary_large_image\" \/>\n<meta name=\"twitter:label1\" content=\"\u00c9crit par\" \/>\n\t<meta name=\"twitter:data1\" content=\"Julien\" \/>\n\t<meta name=\"twitter:label2\" content=\"Dur\u00e9e de lecture est.\" \/>\n\t<meta name=\"twitter:data2\" content=\"1 minute\" \/>\n<script type=\"application\/ld+json\" class=\"yoast-schema-graph\">{\"@context\":\"https:\/\/schema.org\",\"@graph\":[{\"@type\":\"Article\",\"@id\":\"https:\/\/vieassociative.be\/actualites\/le-roi-donne-a-bart-de-wever-deux-semaines-supplementaires-pour-trouver-une-issue-a-limpasse\/#article\",\"isPartOf\":{\"@id\":\"https:\/\/vieassociative.be\/actualites\/le-roi-donne-a-bart-de-wever-deux-semaines-supplementaires-pour-trouver-une-issue-a-limpasse\/\"},\"author\":{\"name\":\"Julien\",\"@id\":\"https:\/\/vieassociative.be\/actualites\/#\/schema\/person\/b87ac4f82f9d4e7b7cec7395b679edc4\"},\"headline\":\"Le roi donne \u00e0 Bart De Wever deux semaines suppl\u00e9mentaires pour trouver une issue \u00e0 l&rsquo;impasse\",\"datePublished\":\"2024-11-12T14:19:52+00:00\",\"dateModified\":\"2024-11-12T14:19:52+00:00\",\"mainEntityOfPage\":{\"@id\":\"https:\/\/vieassociative.be\/actualites\/le-roi-donne-a-bart-de-wever-deux-semaines-supplementaires-pour-trouver-une-issue-a-limpasse\/\"},\"wordCount\":320,\"publisher\":{\"@id\":\"https:\/\/vieassociative.be\/actualites\/#organization\"},\"image\":{\"@id\":\"https:\/\/vieassociative.be\/actualites\/le-roi-donne-a-bart-de-wever-deux-semaines-supplementaires-pour-trouver-une-issue-a-limpasse\/#primaryimage\"},\"thumbnailUrl\":\"https:\/\/vieassociative.be\/actualites\/wp-content\/uploads\/2024\/11\/Le-roi-donne-a-Bart-De-Wever-deux-semaines-supplementaires.jpeg\",\"keywords\":[\"Bart\",\"deux\",\"donne\",\"issue\",\"limpasse\",\"pour\",\"roi\",\"semaines\",\"suppl\u00e9mentaires\",\"trouver\",\"une\",\"Wever\"],\"articleSection\":[\"Belgique\"],\"inLanguage\":\"fr-BE\"},{\"@type\":\"WebPage\",\"@id\":\"https:\/\/vieassociative.be\/actualites\/le-roi-donne-a-bart-de-wever-deux-semaines-supplementaires-pour-trouver-une-issue-a-limpasse\/\",\"url\":\"https:\/\/vieassociative.be\/actualites\/le-roi-donne-a-bart-de-wever-deux-semaines-supplementaires-pour-trouver-une-issue-a-limpasse\/\",\"name\":\"Le roi donne \u00e0 Bart De Wever deux semaines suppl\u00e9mentaires pour trouver une issue \u00e0 l'impasse | Vie Associative\",\"isPartOf\":{\"@id\":\"https:\/\/vieassociative.be\/actualites\/#website\"},\"primaryImageOfPage\":{\"@id\":\"https:\/\/vieassociative.be\/actualites\/le-roi-donne-a-bart-de-wever-deux-semaines-supplementaires-pour-trouver-une-issue-a-limpasse\/#primaryimage\"},\"image\":{\"@id\":\"https:\/\/vieassociative.be\/actualites\/le-roi-donne-a-bart-de-wever-deux-semaines-supplementaires-pour-trouver-une-issue-a-limpasse\/#primaryimage\"},\"thumbnailUrl\":\"https:\/\/vieassociative.be\/actualites\/wp-content\/uploads\/2024\/11\/Le-roi-donne-a-Bart-De-Wever-deux-semaines-supplementaires.jpeg\",\"datePublished\":\"2024-11-12T14:19:52+00:00\",\"dateModified\":\"2024-11-12T14:19:52+00:00\",\"breadcrumb\":{\"@id\":\"https:\/\/vieassociative.be\/actualites\/le-roi-donne-a-bart-de-wever-deux-semaines-supplementaires-pour-trouver-une-issue-a-limpasse\/#breadcrumb\"},\"inLanguage\":\"fr-BE\",\"potentialAction\":[{\"@type\":\"ReadAction\",\"target\":[\"https:\/\/vieassociative.be\/actualites\/le-roi-donne-a-bart-de-wever-deux-semaines-supplementaires-pour-trouver-une-issue-a-limpasse\/\"]}]},{\"@type\":\"ImageObject\",\"inLanguage\":\"fr-BE\",\"@id\":\"https:\/\/vieassociative.be\/actualites\/le-roi-donne-a-bart-de-wever-deux-semaines-supplementaires-pour-trouver-une-issue-a-limpasse\/#primaryimage\",\"url\":\"https:\/\/vieassociative.be\/actualites\/wp-content\/uploads\/2024\/11\/Le-roi-donne-a-Bart-De-Wever-deux-semaines-supplementaires.jpeg\",\"contentUrl\":\"https:\/\/vieassociative.be\/actualites\/wp-content\/uploads\/2024\/11\/Le-roi-donne-a-Bart-De-Wever-deux-semaines-supplementaires.jpeg\",\"width\":1200,\"height\":799,\"caption\":\"Le roi donne \u00e0 Bart De Wever deux semaines suppl\u00e9mentaires pour trouver une issue \u00e0 l'impasse\"},{\"@type\":\"BreadcrumbList\",\"@id\":\"https:\/\/vieassociative.be\/actualites\/le-roi-donne-a-bart-de-wever-deux-semaines-supplementaires-pour-trouver-une-issue-a-limpasse\/#breadcrumb\",\"itemListElement\":[{\"@type\":\"ListItem\",\"position\":1,\"name\":\"Accueil\",\"item\":\"https:\/\/vieassociative.be\/actualites\/\"},{\"@type\":\"ListItem\",\"position\":2,\"name\":\"Le roi donne \u00e0 Bart De Wever deux semaines suppl\u00e9mentaires pour trouver une issue \u00e0 l&rsquo;impasse\"}]},{\"@type\":\"WebSite\",\"@id\":\"https:\/\/vieassociative.be\/actualites\/#website\",\"url\":\"https:\/\/vieassociative.be\/actualites\/\",\"name\":\"Vie Associative\",\"description\":\"\",\"publisher\":{\"@id\":\"https:\/\/vieassociative.be\/actualites\/#organization\"},\"potentialAction\":[{\"@type\":\"SearchAction\",\"target\":{\"@type\":\"EntryPoint\",\"urlTemplate\":\"https:\/\/vieassociative.be\/actualites\/?s={search_term_string}\"},\"query-input\":{\"@type\":\"PropertyValueSpecification\",\"valueRequired\":true,\"valueName\":\"search_term_string\"}}],\"inLanguage\":\"fr-BE\"},{\"@type\":\"Organization\",\"@id\":\"https:\/\/vieassociative.be\/actualites\/#organization\",\"name\":\"Vie Associative\",\"url\":\"https:\/\/vieassociative.be\/actualites\/\",\"logo\":{\"@type\":\"ImageObject\",\"inLanguage\":\"fr-BE\",\"@id\":\"https:\/\/vieassociative.be\/actualites\/#\/schema\/logo\/image\/\",\"url\":\"https:\/\/vieassociative.be\/actualites\/wp-content\/uploads\/2024\/09\/cropped-vieassociative_favicon.ico.png\",\"contentUrl\":\"https:\/\/vieassociative.be\/actualites\/wp-content\/uploads\/2024\/09\/cropped-vieassociative_favicon.ico.png\",\"width\":512,\"height\":512,\"caption\":\"Vie Associative\"},\"image\":{\"@id\":\"https:\/\/vieassociative.be\/actualites\/#\/schema\/logo\/image\/\"}},{\"@type\":\"Person\",\"@id\":\"https:\/\/vieassociative.be\/actualites\/#\/schema\/person\/b87ac4f82f9d4e7b7cec7395b679edc4\",\"name\":\"Julien\",\"image\":{\"@type\":\"ImageObject\",\"inLanguage\":\"fr-BE\",\"@id\":\"https:\/\/vieassociative.be\/actualites\/#\/schema\/person\/image\/\",\"url\":\"https:\/\/vieassociative.be\/actualites\/wp-content\/uploads\/2024\/09\/vie-associative-1-150x150.jpg\",\"contentUrl\":\"https:\/\/vieassociative.be\/actualites\/wp-content\/uploads\/2024\/09\/vie-associative-1-150x150.jpg\",\"caption\":\"Julien\"},\"description\":\"Je suis Julien, r\u00e9dacteur pour Vie Associative. Passionn\u00e9 par le monde associatif depuis plus de 10 ans, j'ai \u00e0 c\u0153ur de partager des histoires inspirantes et de mettre en lumi\u00e8re les initiatives locales. Mon objectif est de sensibiliser et d'encourager l'engagement communautaire \u00e0 travers mes articles.\",\"sameAs\":[\"https:\/\/vieassociative.be\/\"]}]}<\/script>\n<!-- \/ Yoast SEO plugin. -->","yoast_head_json":{"title":"Le roi donne \u00e0 Bart De Wever deux semaines suppl\u00e9mentaires pour trouver une issue \u00e0 l'impasse | Vie Associative","robots":{"index":"index","follow":"follow","max-snippet":"max-snippet:-1","max-image-preview":"max-image-preview:large","max-video-preview":"max-video-preview:-1"},"canonical":"https:\/\/vieassociative.be\/actualites\/le-roi-donne-a-bart-de-wever-deux-semaines-supplementaires-pour-trouver-une-issue-a-limpasse\/","og_locale":"fr_FR","og_type":"article","og_title":"Le roi donne \u00e0 Bart De Wever deux semaines suppl\u00e9mentaires pour trouver une issue \u00e0 l'impasse | Vie Associative","og_description":"Le constructeur du gouvernement Bart De Wever a fait rapport mardi au roi Philippe et a eu deux semaines suppl\u00e9mentaires \u00ab\u00a0pour sortir de l&rsquo;impasse\u00a0\u00bb dans","og_url":"https:\/\/vieassociative.be\/actualites\/le-roi-donne-a-bart-de-wever-deux-semaines-supplementaires-pour-trouver-une-issue-a-limpasse\/","og_site_name":"Vie Associative","article_published_time":"2024-11-12T14:19:52+00:00","og_image":[{"width":279,"height":92,"url":"https:\/\/vieassociative.be\/actualites\/wp-content\/uploads\/2024\/09\/header_backgroundk-01-e1726694325946.png","type":"image\/png"}],"author":"Julien","twitter_card":"summary_large_image","twitter_misc":{"\u00c9crit par":"Julien","Dur\u00e9e de lecture est.":"1 minute"},"schema":{"@context":"https:\/\/schema.org","@graph":[{"@type":"Article","@id":"https:\/\/vieassociative.be\/actualites\/le-roi-donne-a-bart-de-wever-deux-semaines-supplementaires-pour-trouver-une-issue-a-limpasse\/#article","isPartOf":{"@id":"https:\/\/vieassociative.be\/actualites\/le-roi-donne-a-bart-de-wever-deux-semaines-supplementaires-pour-trouver-une-issue-a-limpasse\/"},"author":{"name":"Julien","@id":"https:\/\/vieassociative.be\/actualites\/#\/schema\/person\/b87ac4f82f9d4e7b7cec7395b679edc4"},"headline":"Le roi donne \u00e0 Bart De Wever deux semaines suppl\u00e9mentaires pour trouver une issue \u00e0 l&rsquo;impasse","datePublished":"2024-11-12T14:19:52+00:00","dateModified":"2024-11-12T14:19:52+00:00","mainEntityOfPage":{"@id":"https:\/\/vieassociative.be\/actualites\/le-roi-donne-a-bart-de-wever-deux-semaines-supplementaires-pour-trouver-une-issue-a-limpasse\/"},"wordCount":320,"publisher":{"@id":"https:\/\/vieassociative.be\/actualites\/#organization"},"image":{"@id":"https:\/\/vieassociative.be\/actualites\/le-roi-donne-a-bart-de-wever-deux-semaines-supplementaires-pour-trouver-une-issue-a-limpasse\/#primaryimage"},"thumbnailUrl":"https:\/\/vieassociative.be\/actualites\/wp-content\/uploads\/2024\/11\/Le-roi-donne-a-Bart-De-Wever-deux-semaines-supplementaires.jpeg","keywords":["Bart","deux","donne","issue","limpasse","pour","roi","semaines","suppl\u00e9mentaires","trouver","une","Wever"],"articleSection":["Belgique"],"inLanguage":"fr-BE"},{"@type":"WebPage","@id":"https:\/\/vieassociative.be\/actualites\/le-roi-donne-a-bart-de-wever-deux-semaines-supplementaires-pour-trouver-une-issue-a-limpasse\/","url":"https:\/\/vieassociative.be\/actualites\/le-roi-donne-a-bart-de-wever-deux-semaines-supplementaires-pour-trouver-une-issue-a-limpasse\/","name":"Le roi donne \u00e0 Bart De Wever deux semaines suppl\u00e9mentaires pour trouver une issue \u00e0 l'impasse | Vie Associative","isPartOf":{"@id":"https:\/\/vieassociative.be\/actualites\/#website"},"primaryImageOfPage":{"@id":"https:\/\/vieassociative.be\/actualites\/le-roi-donne-a-bart-de-wever-deux-semaines-supplementaires-pour-trouver-une-issue-a-limpasse\/#primaryimage"},"image":{"@id":"https:\/\/vieassociative.be\/actualites\/le-roi-donne-a-bart-de-wever-deux-semaines-supplementaires-pour-trouver-une-issue-a-limpasse\/#primaryimage"},"thumbnailUrl":"https:\/\/vieassociative.be\/actualites\/wp-content\/uploads\/2024\/11\/Le-roi-donne-a-Bart-De-Wever-deux-semaines-supplementaires.jpeg","datePublished":"2024-11-12T14:19:52+00:00","dateModified":"2024-11-12T14:19:52+00:00","breadcrumb":{"@id":"https:\/\/vieassociative.be\/actualites\/le-roi-donne-a-bart-de-wever-deux-semaines-supplementaires-pour-trouver-une-issue-a-limpasse\/#breadcrumb"},"inLanguage":"fr-BE","potentialAction":[{"@type":"ReadAction","target":["https:\/\/vieassociative.be\/actualites\/le-roi-donne-a-bart-de-wever-deux-semaines-supplementaires-pour-trouver-une-issue-a-limpasse\/"]}]},{"@type":"ImageObject","inLanguage":"fr-BE","@id":"https:\/\/vieassociative.be\/actualites\/le-roi-donne-a-bart-de-wever-deux-semaines-supplementaires-pour-trouver-une-issue-a-limpasse\/#primaryimage","url":"https:\/\/vieassociative.be\/actualites\/wp-content\/uploads\/2024\/11\/Le-roi-donne-a-Bart-De-Wever-deux-semaines-supplementaires.jpeg","contentUrl":"https:\/\/vieassociative.be\/actualites\/wp-content\/uploads\/2024\/11\/Le-roi-donne-a-Bart-De-Wever-deux-semaines-supplementaires.jpeg","width":1200,"height":799,"caption":"Le roi donne \u00e0 Bart De Wever deux semaines suppl\u00e9mentaires pour trouver une issue \u00e0 l'impasse"},{"@type":"BreadcrumbList","@id":"https:\/\/vieassociative.be\/actualites\/le-roi-donne-a-bart-de-wever-deux-semaines-supplementaires-pour-trouver-une-issue-a-limpasse\/#breadcrumb","itemListElement":[{"@type":"ListItem","position":1,"name":"Accueil","item":"https:\/\/vieassociative.be\/actualites\/"},{"@type":"ListItem","position":2,"name":"Le roi donne \u00e0 Bart De Wever deux semaines suppl\u00e9mentaires pour trouver une issue \u00e0 l&rsquo;impasse"}]},{"@type":"WebSite","@id":"https:\/\/vieassociative.be\/actualites\/#website","url":"https:\/\/vieassociative.be\/actualites\/","name":"Vie Associative","description":"","publisher":{"@id":"https:\/\/vieassociative.be\/actualites\/#organization"},"potentialAction":[{"@type":"SearchAction","target":{"@type":"EntryPoint","urlTemplate":"https:\/\/vieassociative.be\/actualites\/?s={search_term_string}"},"query-input":{"@type":"PropertyValueSpecification","valueRequired":true,"valueName":"search_term_string"}}],"inLanguage":"fr-BE"},{"@type":"Organization","@id":"https:\/\/vieassociative.be\/actualites\/#organization","name":"Vie Associative","url":"https:\/\/vieassociative.be\/actualites\/","logo":{"@type":"ImageObject","inLanguage":"fr-BE","@id":"https:\/\/vieassociative.be\/actualites\/#\/schema\/logo\/image\/","url":"https:\/\/vieassociative.be\/actualites\/wp-content\/uploads\/2024\/09\/cropped-vieassociative_favicon.ico.png","contentUrl":"https:\/\/vieassociative.be\/actualites\/wp-content\/uploads\/2024\/09\/cropped-vieassociative_favicon.ico.png","width":512,"height":512,"caption":"Vie Associative"},"image":{"@id":"https:\/\/vieassociative.be\/actualites\/#\/schema\/logo\/image\/"}},{"@type":"Person","@id":"https:\/\/vieassociative.be\/actualites\/#\/schema\/person\/b87ac4f82f9d4e7b7cec7395b679edc4","name":"Julien","image":{"@type":"ImageObject","inLanguage":"fr-BE","@id":"https:\/\/vieassociative.be\/actualites\/#\/schema\/person\/image\/","url":"https:\/\/vieassociative.be\/actualites\/wp-content\/uploads\/2024\/09\/vie-associative-1-150x150.jpg","contentUrl":"https:\/\/vieassociative.be\/actualites\/wp-content\/uploads\/2024\/09\/vie-associative-1-150x150.jpg","caption":"Julien"},"description":"Je suis Julien, r\u00e9dacteur pour Vie Associative. Passionn\u00e9 par le monde associatif depuis plus de 10 ans, j'ai \u00e0 c\u0153ur de partager des histoires inspirantes et de mettre en lumi\u00e8re les initiatives locales. Mon objectif est de sensibiliser et d'encourager l'engagement communautaire \u00e0 travers mes articles.","sameAs":["https:\/\/vieassociative.be\/"]}]}},"_links":{"self":[{"href":"https:\/\/vieassociative.be\/actualites\/wp-json\/wp\/v2\/posts\/2337"}],"collection":[{"href":"https:\/\/vieassociative.be\/actualites\/wp-json\/wp\/v2\/posts"}],"about":[{"href":"https:\/\/vieassociative.be\/actualites\/wp-json\/wp\/v2\/types\/post"}],"author":[{"embeddable":true,"href":"https:\/\/vieassociative.be\/actualites\/wp-json\/wp\/v2\/users\/1"}],"replies":[{"embeddable":true,"href":"https:\/\/vieassociative.be\/actualites\/wp-json\/wp\/v2\/comments?post=2337"}],"version-history":[{"count":0,"href":"https:\/\/vieassociative.be\/actualites\/wp-json\/wp\/v2\/posts\/2337\/revisions"}],"wp:featuredmedia":[{"embeddable":true,"href":"https:\/\/vieassociative.be\/actualites\/wp-json\/wp\/v2\/media\/2338"}],"wp:attachment":[{"href":"https:\/\/vieassociative.be\/actualites\/wp-json\/wp\/v2\/media?parent=2337"}],"wp:term":[{"taxonomy":"category","embeddable":true,"href":"https:\/\/vieassociative.be\/actualites\/wp-json\/wp\/v2\/categories?post=2337"},{"taxonomy":"post_tag","embeddable":true,"href":"https:\/\/vieassociative.be\/actualites\/wp-json\/wp\/v2\/tags?post=2337"}],"curies":[{"name":"wp","href":"https:\/\/api.w.org\/{rel}","templated":true}]}}