{"id":2333,"date":"2024-11-12T13:17:59","date_gmt":"2024-11-12T12:17:59","guid":{"rendered":"https:\/\/vieassociative.be\/actualites\/jen-ai-un-autre-cet-apres-midi-et-dautres-choses-a-ne-pas-dire-lors-dun-premier-rendez-vous\/"},"modified":"2024-11-12T13:17:59","modified_gmt":"2024-11-12T12:17:59","slug":"jen-ai-un-autre-cet-apres-midi-et-dautres-choses-a-ne-pas-dire-lors-dun-premier-rendez-vous","status":"publish","type":"post","link":"https:\/\/vieassociative.be\/actualites\/jen-ai-un-autre-cet-apres-midi-et-dautres-choses-a-ne-pas-dire-lors-dun-premier-rendez-vous\/","title":{"rendered":"\u00abJ&rsquo;en ai un autre cet apr\u00e8s-midi\u00bb et d&rsquo;autres choses \u00e0 ne pas dire lors d&rsquo;un premier rendez-vous"},"content":{"rendered":"<div class=\"mt-4 leading-6 md:mb-8\">Parlez de vous et de votre grandeur, mais faites-le avec pr\u00e9caution.<\/div>\n<p><\/p>\n<p>Nous avons beaucoup parl\u00e9 de l&rsquo;\u00e9t\u00e9 salope post-vax et m\u00eame de la fa\u00e7on de se remettre \u00e0 sortir ensemble apr\u00e8s tant de mois d&rsquo;isolement l&rsquo;ann\u00e9e derni\u00e8re, mais pour beaucoup de gens, les premiers rendez-vous ont <em>toujours <\/em>Cela a \u00e9t\u00e9 difficile, que ce soit \u00e0 la sortie d\u2019une pand\u00e9mie ou non.<\/p>\n<p>C&rsquo;est une situation compliqu\u00e9e\u00a0: vous souhaitez donner \u00e0 votre partenaire suffisamment d&rsquo;informations sur vous pour qu&rsquo;il puisse \u00e9valuer si un deuxi\u00e8me rendez-vous ou une relation potentielle est r\u00e9alisable, mais vous ne voulez pas le submerger ou para\u00eetre trop fort. Voici ce qu\u2019il ne faut pas \u00e9voquer (ou faire) lors d\u2019un premier rendez-vous.<\/p>\n<h2 id=\"first-dont-be-rude\"><strong>Tout d&rsquo;abord, ne soyez pas impoli<\/strong><\/h2>\n<p>Tout d\u2019abord : un faux pas ne d\u00e9pend pas n\u00e9cessairement de ce que vous dites, mais de la mani\u00e8re dont vous le dites. Ne soyez pas impoli envers un partenaire ou un partenaire potentiel. Ne soyez pas impoli envers vos amis, camarades de classe, coll\u00e8gues de travail, membres de votre famille ou personnes que vous rencontrez dans la vie quotidienne. Ne vous lancez pas dans un premier rendez-vous sur la d\u00e9fensive ou sur le d\u00e9dain. N&rsquo;essayez pas d&rsquo;agir de mani\u00e8re plus intelligente ou plus cool que l&rsquo;autre personne. \u00c0 quoi \u00e7a sert ? \u00cates-vous \u00e0 la recherche d&rsquo;un partenaire amoureux ou d&rsquo;un compagnon de lit, ou recherchez-vous un coup de pouce pour votre ego aux d\u00e9pens de quelqu&rsquo;un d&rsquo;autre ?<\/p>\n<p>Katie, une vingtaine d&rsquo;ann\u00e9es \u00e0 New York qui a refus\u00e9 de donner son nom de famille, se souvient d&rsquo;\u00eatre sortie avec un homme qu&rsquo;elle a rencontr\u00e9 sur une application de rencontres dont le travail le mettait \u00e0 proximit\u00e9 de c\u00e9l\u00e9brit\u00e9s et d&rsquo;\u00e9quipes sportives.<\/p>\n<p>\u00ab\u00a0Nous nous sommes assis et il ne faisait aucune conversation, alors je lui ai demand\u00e9 comment il aimait travailler (l\u00e0-bas) et il a dit que c&rsquo;\u00e9tait amusant. J&rsquo;ai alors demand\u00e9 s&rsquo;il avait d\u00e9j\u00e0 rencontr\u00e9 James Dolan, le propri\u00e9taire des Knicks, et le gars s&rsquo;est affol\u00e9, me disant que je n&rsquo;\u00e9tais pas une f\u00e9ministe parce que j&rsquo;aimais le sport et d\u00e9testais James Dolan et que si nous allions nous en sortir, je le ferais. il faut arr\u00eater. \u00bb<\/p>\n<p>Ce rendez-vous, a-t-elle dit, insultait ses valeurs et son intellect. Ensuite, se souvient-elle, il a command\u00e9 de la nourriture, mais a dit au serveur de ne pas en apporter \u00e0 Katie car \u00ab elle \u00e9tait frite \u00bb et elle \u00ab n&rsquo;en avait pas besoin \u00bb. Elle est partie, et si vous agissez comme \u00e7a, votre rendez-vous le fera probablement aussi. Encore une fois, ne soyez pas impoli.<\/p>\n<h2 id=\"dont-talk-about-other-hookups-matches-potential-partners-or-exes\"><strong>Ne parlez pas d&rsquo;autres relations, matchs, partenaires potentiels ou ex<\/strong><\/h2>\n<p>Il s\u2019agit de la r\u00e9f\u00e9rence en mati\u00e8re de chat interdit lors du premier rendez-vous. N&rsquo;\u00e9voquez pas un ex et ne parlez pas de votre vie amoureuse. Bien s\u00fbr, soyez ouvert sur vos attentes en mati\u00e8re de monogamie si l&rsquo;autre personne semble vouloir avoir une conversation s\u00e9rieuse sur une relation, et ne le fait pas. <em>mensonge <\/em>et dites que vous ne couchez avec personne d&rsquo;autre, mais sinon, ne sugg\u00e9rez pas que vous souffrez toujours d&rsquo;un chagrin ou d&rsquo;un joueur total. Concentrez-vous sur la personne en face de vous et faites un r\u00e9el effort pour apprendre \u00e0 la conna\u00eetre au lieu de la consid\u00e9rer comme une option jetable dans une mer de matchs.<\/p>\n<p>Une femme de Boston d&rsquo;une vingtaine d&rsquo;ann\u00e9es a d\u00e9clar\u00e9 \u00e0 Vie Associative : \u00ab Je suis all\u00e9e \u00e0 un rendez-vous pendant la journ\u00e9e et vers la fin, il m&rsquo;a dit qu&rsquo;il en avait un autre dans l&rsquo;apr\u00e8s-midi. \u00bb<\/p>\n<p>Pire encore, a-t-elle dit, apr\u00e8s son d\u00e9part, il lui a envoy\u00e9 un texto : \u00ab Reviens. Tes vibrations me manquent.<\/p>\n<p>Parfois, bien s\u00fbr, les traumatismes pass\u00e9s sont trop fondamentaux pour votre vie et votre personnalit\u00e9 pour \u00eatre ignor\u00e9s. Faites preuve de jugement pour savoir quand en parler, mais sachez qu&rsquo;un premier rendez-vous n&rsquo;est pas toujours la meilleure option \u00e0 moins que la compr\u00e9hension de qui vous \u00eates par la personne ne soit d\u00e9j\u00e0 li\u00e9e \u00e0 sa connaissance de ce que vous avez v\u00e9cu. Voici quelques conseils pour partager les traumatismes pass\u00e9s avec votre partenaire.<\/p>\n<h2 id=\"dont-be-phony-or-shallow\"><strong>Ne sois pas faux ou superficiel<\/strong><\/h2>\n<p>Grace Goldberg, une jeune femme de 20 ans vivant \u00e0 New York, a d\u00e9clar\u00e9 : \u00ab Je ne veux pas parler de bavardages ennuyeux. Je veux de vraies conversations sur la vie.<\/p>\n<p>N\u2019oubliez pas que c\u2019est l\u2019occasion de mettre en valeur les meilleures choses de vous-m\u00eame. Si tout se passe bien, vous aurez tout le temps de r\u00e9v\u00e9ler les pires choses (et elles aussi), mais pour l&rsquo;instant, vous devez \u00eatre sinc\u00e8re, authentique et int\u00e9ressant, au mieux de vos capacit\u00e9s.<\/p>\n<p>Ne dites pas simplement que vous travaillez dans la vente. Dites \u00e0 la personne un fait int\u00e9ressant sur l\u2019industrie. Ne dites pas simplement que vous avez grandi dans un pays survol\u00e9. Donnez-leur un fait peu connu sur votre ville natale. Ce n&rsquo;est pas seulement que vous aimez les drames artificiels sur les r\u00e9seaux, mais que vous avez secr\u00e8tement bais\u00e9 tout le monde. <em>La liste noire <\/em>pendant la quarantaine.<\/p>\n<h2 id=\"but-dont-just-talk-about-yourself\"><strong>&#8230; mais ne parle pas seulement de toi<\/strong><\/h2>\n<p>Cela dit, c&rsquo;est bien de parler \u00e0 quelqu&rsquo;un de vos int\u00e9r\u00eats et des \u00e9v\u00e9nements r\u00e9els de votre vie, mais ne soyez pas \u00e9gocentrique. Il s\u2019agit d\u2019un rendez-vous pour deux personnes, la conversation doit donc inclure les deux personnes. Vous devez en apprendre davantage \u00e0 leur sujet et d\u00e9cider si vous les aimez \u00e9galement.<\/p>\n<p>\u00ab\u00a0Je ne veux pas parler de toutes ses r\u00e9alisations\u00a0\u00bb, a ajout\u00e9 Goldberg. \u00ab\u00a0S&rsquo;il parle encore et encore de lui-m\u00eame et ne me pose pas de questions sur moi aussi, \u00e7a ne marchera pas.\u00a0\u00bb <\/p>\n<p><\/p>\n","protected":false},"excerpt":{"rendered":"<p>Parlez de vous et de votre grandeur, mais faites-le avec pr\u00e9caution. Nous avons beaucoup parl\u00e9 de l&rsquo;\u00e9t\u00e9 salope post-vax et m\u00eame de la fa\u00e7on de<\/p>\n","protected":false},"author":1,"featured_media":2334,"comment_status":"","ping_status":"","sticky":false,"template":"","format":"standard","meta":{"footnotes":""},"categories":[42],"tags":[3091,3090,216,93,1850,1074,354,3089,353,126,443,315],"class_list":["post-2333","post","type-post","status-publish","format-standard","has-post-thumbnail","hentry","category-relations","tag-apresmidi","tag-autre","tag-cet","tag-choses","tag-dautres","tag-dire","tag-dun","tag-jen","tag-lors","tag-pas","tag-premier","tag-rendezvous","generate-columns","tablet-grid-50","mobile-grid-100","grid-parent","grid-33"],"yoast_head":"<!-- This site is optimized with the Yoast SEO plugin v24.0 - https:\/\/yoast.com\/wordpress\/plugins\/seo\/ -->\n<title>\u00abJ&#039;en ai un autre cet apr\u00e8s-midi\u00bb et d&#039;autres choses \u00e0 ne pas dire lors d&#039;un premier rendez-vous | Vie Associative<\/title>\n<meta name=\"robots\" content=\"index, follow, max-snippet:-1, max-image-preview:large, max-video-preview:-1\" \/>\n<link rel=\"canonical\" href=\"https:\/\/vieassociative.be\/actualites\/jen-ai-un-autre-cet-apres-midi-et-dautres-choses-a-ne-pas-dire-lors-dun-premier-rendez-vous\/\" \/>\n<meta property=\"og:locale\" content=\"fr_FR\" \/>\n<meta property=\"og:type\" content=\"article\" \/>\n<meta property=\"og:title\" content=\"\u00abJ&#039;en ai un autre cet apr\u00e8s-midi\u00bb et d&#039;autres choses \u00e0 ne pas dire lors d&#039;un premier rendez-vous | Vie Associative\" \/>\n<meta property=\"og:description\" content=\"Parlez de vous et de votre grandeur, mais faites-le avec pr\u00e9caution. Nous avons beaucoup parl\u00e9 de l&rsquo;\u00e9t\u00e9 salope post-vax et m\u00eame de la fa\u00e7on de\" \/>\n<meta property=\"og:url\" content=\"https:\/\/vieassociative.be\/actualites\/jen-ai-un-autre-cet-apres-midi-et-dautres-choses-a-ne-pas-dire-lors-dun-premier-rendez-vous\/\" \/>\n<meta property=\"og:site_name\" content=\"Vie Associative\" \/>\n<meta property=\"article:published_time\" content=\"2024-11-12T12:17:59+00:00\" \/>\n<meta property=\"og:image\" content=\"https:\/\/vieassociative.be\/actualites\/wp-content\/uploads\/2024\/09\/header_backgroundk-01-e1726694325946.png\" \/>\n\t<meta property=\"og:image:width\" content=\"279\" \/>\n\t<meta property=\"og:image:height\" content=\"92\" \/>\n\t<meta property=\"og:image:type\" content=\"image\/png\" \/>\n<meta name=\"author\" content=\"Julien\" \/>\n<meta name=\"twitter:card\" content=\"summary_large_image\" \/>\n<meta name=\"twitter:label1\" content=\"\u00c9crit par\" \/>\n\t<meta name=\"twitter:data1\" content=\"Julien\" \/>\n\t<meta name=\"twitter:label2\" content=\"Dur\u00e9e de lecture est.\" \/>\n\t<meta name=\"twitter:data2\" content=\"5 minutes\" \/>\n<script type=\"application\/ld+json\" class=\"yoast-schema-graph\">{\"@context\":\"https:\/\/schema.org\",\"@graph\":[{\"@type\":\"Article\",\"@id\":\"https:\/\/vieassociative.be\/actualites\/jen-ai-un-autre-cet-apres-midi-et-dautres-choses-a-ne-pas-dire-lors-dun-premier-rendez-vous\/#article\",\"isPartOf\":{\"@id\":\"https:\/\/vieassociative.be\/actualites\/jen-ai-un-autre-cet-apres-midi-et-dautres-choses-a-ne-pas-dire-lors-dun-premier-rendez-vous\/\"},\"author\":{\"name\":\"Julien\",\"@id\":\"https:\/\/vieassociative.be\/actualites\/#\/schema\/person\/b87ac4f82f9d4e7b7cec7395b679edc4\"},\"headline\":\"\u00abJ&rsquo;en ai un autre cet apr\u00e8s-midi\u00bb et d&rsquo;autres choses \u00e0 ne pas dire lors d&rsquo;un premier rendez-vous\",\"datePublished\":\"2024-11-12T12:17:59+00:00\",\"dateModified\":\"2024-11-12T12:17:59+00:00\",\"mainEntityOfPage\":{\"@id\":\"https:\/\/vieassociative.be\/actualites\/jen-ai-un-autre-cet-apres-midi-et-dautres-choses-a-ne-pas-dire-lors-dun-premier-rendez-vous\/\"},\"wordCount\":1037,\"publisher\":{\"@id\":\"https:\/\/vieassociative.be\/actualites\/#organization\"},\"image\":{\"@id\":\"https:\/\/vieassociative.be\/actualites\/jen-ai-un-autre-cet-apres-midi-et-dautres-choses-a-ne-pas-dire-lors-dun-premier-rendez-vous\/#primaryimage\"},\"thumbnailUrl\":\"https:\/\/vieassociative.be\/actualites\/wp-content\/uploads\/2024\/11\/Jen-ai-un-autre-cet-apres-midi-et-dautres-choses-a.jpg\",\"keywords\":[\"apr\u00e8smidi\",\"autre\",\"cet\",\"choses\",\"dautres\",\"dire\",\"dun\",\"Jen\",\"lors\",\"pas\",\"premier\",\"rendezvous\"],\"articleSection\":[\"Relations\"],\"inLanguage\":\"fr-BE\"},{\"@type\":\"WebPage\",\"@id\":\"https:\/\/vieassociative.be\/actualites\/jen-ai-un-autre-cet-apres-midi-et-dautres-choses-a-ne-pas-dire-lors-dun-premier-rendez-vous\/\",\"url\":\"https:\/\/vieassociative.be\/actualites\/jen-ai-un-autre-cet-apres-midi-et-dautres-choses-a-ne-pas-dire-lors-dun-premier-rendez-vous\/\",\"name\":\"\u00abJ'en ai un autre cet apr\u00e8s-midi\u00bb et d'autres choses \u00e0 ne pas dire lors d'un premier rendez-vous | Vie Associative\",\"isPartOf\":{\"@id\":\"https:\/\/vieassociative.be\/actualites\/#website\"},\"primaryImageOfPage\":{\"@id\":\"https:\/\/vieassociative.be\/actualites\/jen-ai-un-autre-cet-apres-midi-et-dautres-choses-a-ne-pas-dire-lors-dun-premier-rendez-vous\/#primaryimage\"},\"image\":{\"@id\":\"https:\/\/vieassociative.be\/actualites\/jen-ai-un-autre-cet-apres-midi-et-dautres-choses-a-ne-pas-dire-lors-dun-premier-rendez-vous\/#primaryimage\"},\"thumbnailUrl\":\"https:\/\/vieassociative.be\/actualites\/wp-content\/uploads\/2024\/11\/Jen-ai-un-autre-cet-apres-midi-et-dautres-choses-a.jpg\",\"datePublished\":\"2024-11-12T12:17:59+00:00\",\"dateModified\":\"2024-11-12T12:17:59+00:00\",\"breadcrumb\":{\"@id\":\"https:\/\/vieassociative.be\/actualites\/jen-ai-un-autre-cet-apres-midi-et-dautres-choses-a-ne-pas-dire-lors-dun-premier-rendez-vous\/#breadcrumb\"},\"inLanguage\":\"fr-BE\",\"potentialAction\":[{\"@type\":\"ReadAction\",\"target\":[\"https:\/\/vieassociative.be\/actualites\/jen-ai-un-autre-cet-apres-midi-et-dautres-choses-a-ne-pas-dire-lors-dun-premier-rendez-vous\/\"]}]},{\"@type\":\"ImageObject\",\"inLanguage\":\"fr-BE\",\"@id\":\"https:\/\/vieassociative.be\/actualites\/jen-ai-un-autre-cet-apres-midi-et-dautres-choses-a-ne-pas-dire-lors-dun-premier-rendez-vous\/#primaryimage\",\"url\":\"https:\/\/vieassociative.be\/actualites\/wp-content\/uploads\/2024\/11\/Jen-ai-un-autre-cet-apres-midi-et-dautres-choses-a.jpg\",\"contentUrl\":\"https:\/\/vieassociative.be\/actualites\/wp-content\/uploads\/2024\/11\/Jen-ai-un-autre-cet-apres-midi-et-dautres-choses-a.jpg\",\"width\":1200,\"height\":675,\"caption\":\"\u00abJ'en ai un autre cet apr\u00e8s-midi\u00bb et d'autres choses \u00e0 ne pas dire lors d'un premier rendez-vous\"},{\"@type\":\"BreadcrumbList\",\"@id\":\"https:\/\/vieassociative.be\/actualites\/jen-ai-un-autre-cet-apres-midi-et-dautres-choses-a-ne-pas-dire-lors-dun-premier-rendez-vous\/#breadcrumb\",\"itemListElement\":[{\"@type\":\"ListItem\",\"position\":1,\"name\":\"Accueil\",\"item\":\"https:\/\/vieassociative.be\/actualites\/\"},{\"@type\":\"ListItem\",\"position\":2,\"name\":\"\u00abJ&rsquo;en ai un autre cet apr\u00e8s-midi\u00bb et d&rsquo;autres choses \u00e0 ne pas dire lors d&rsquo;un premier rendez-vous\"}]},{\"@type\":\"WebSite\",\"@id\":\"https:\/\/vieassociative.be\/actualites\/#website\",\"url\":\"https:\/\/vieassociative.be\/actualites\/\",\"name\":\"Vie Associative\",\"description\":\"\",\"publisher\":{\"@id\":\"https:\/\/vieassociative.be\/actualites\/#organization\"},\"potentialAction\":[{\"@type\":\"SearchAction\",\"target\":{\"@type\":\"EntryPoint\",\"urlTemplate\":\"https:\/\/vieassociative.be\/actualites\/?s={search_term_string}\"},\"query-input\":{\"@type\":\"PropertyValueSpecification\",\"valueRequired\":true,\"valueName\":\"search_term_string\"}}],\"inLanguage\":\"fr-BE\"},{\"@type\":\"Organization\",\"@id\":\"https:\/\/vieassociative.be\/actualites\/#organization\",\"name\":\"Vie Associative\",\"url\":\"https:\/\/vieassociative.be\/actualites\/\",\"logo\":{\"@type\":\"ImageObject\",\"inLanguage\":\"fr-BE\",\"@id\":\"https:\/\/vieassociative.be\/actualites\/#\/schema\/logo\/image\/\",\"url\":\"https:\/\/vieassociative.be\/actualites\/wp-content\/uploads\/2024\/09\/cropped-vieassociative_favicon.ico.png\",\"contentUrl\":\"https:\/\/vieassociative.be\/actualites\/wp-content\/uploads\/2024\/09\/cropped-vieassociative_favicon.ico.png\",\"width\":512,\"height\":512,\"caption\":\"Vie Associative\"},\"image\":{\"@id\":\"https:\/\/vieassociative.be\/actualites\/#\/schema\/logo\/image\/\"}},{\"@type\":\"Person\",\"@id\":\"https:\/\/vieassociative.be\/actualites\/#\/schema\/person\/b87ac4f82f9d4e7b7cec7395b679edc4\",\"name\":\"Julien\",\"image\":{\"@type\":\"ImageObject\",\"inLanguage\":\"fr-BE\",\"@id\":\"https:\/\/vieassociative.be\/actualites\/#\/schema\/person\/image\/\",\"url\":\"https:\/\/vieassociative.be\/actualites\/wp-content\/uploads\/2024\/09\/vie-associative-1-150x150.jpg\",\"contentUrl\":\"https:\/\/vieassociative.be\/actualites\/wp-content\/uploads\/2024\/09\/vie-associative-1-150x150.jpg\",\"caption\":\"Julien\"},\"description\":\"Je suis Julien, r\u00e9dacteur pour Vie Associative. Passionn\u00e9 par le monde associatif depuis plus de 10 ans, j'ai \u00e0 c\u0153ur de partager des histoires inspirantes et de mettre en lumi\u00e8re les initiatives locales. Mon objectif est de sensibiliser et d'encourager l'engagement communautaire \u00e0 travers mes articles.\",\"sameAs\":[\"https:\/\/vieassociative.be\/\"]}]}<\/script>\n<!-- \/ Yoast SEO plugin. -->","yoast_head_json":{"title":"\u00abJ'en ai un autre cet apr\u00e8s-midi\u00bb et d'autres choses \u00e0 ne pas dire lors d'un premier rendez-vous | Vie Associative","robots":{"index":"index","follow":"follow","max-snippet":"max-snippet:-1","max-image-preview":"max-image-preview:large","max-video-preview":"max-video-preview:-1"},"canonical":"https:\/\/vieassociative.be\/actualites\/jen-ai-un-autre-cet-apres-midi-et-dautres-choses-a-ne-pas-dire-lors-dun-premier-rendez-vous\/","og_locale":"fr_FR","og_type":"article","og_title":"\u00abJ'en ai un autre cet apr\u00e8s-midi\u00bb et d'autres choses \u00e0 ne pas dire lors d'un premier rendez-vous | Vie Associative","og_description":"Parlez de vous et de votre grandeur, mais faites-le avec pr\u00e9caution. Nous avons beaucoup parl\u00e9 de l&rsquo;\u00e9t\u00e9 salope post-vax et m\u00eame de la fa\u00e7on de","og_url":"https:\/\/vieassociative.be\/actualites\/jen-ai-un-autre-cet-apres-midi-et-dautres-choses-a-ne-pas-dire-lors-dun-premier-rendez-vous\/","og_site_name":"Vie Associative","article_published_time":"2024-11-12T12:17:59+00:00","og_image":[{"width":279,"height":92,"url":"https:\/\/vieassociative.be\/actualites\/wp-content\/uploads\/2024\/09\/header_backgroundk-01-e1726694325946.png","type":"image\/png"}],"author":"Julien","twitter_card":"summary_large_image","twitter_misc":{"\u00c9crit par":"Julien","Dur\u00e9e de lecture est.":"5 minutes"},"schema":{"@context":"https:\/\/schema.org","@graph":[{"@type":"Article","@id":"https:\/\/vieassociative.be\/actualites\/jen-ai-un-autre-cet-apres-midi-et-dautres-choses-a-ne-pas-dire-lors-dun-premier-rendez-vous\/#article","isPartOf":{"@id":"https:\/\/vieassociative.be\/actualites\/jen-ai-un-autre-cet-apres-midi-et-dautres-choses-a-ne-pas-dire-lors-dun-premier-rendez-vous\/"},"author":{"name":"Julien","@id":"https:\/\/vieassociative.be\/actualites\/#\/schema\/person\/b87ac4f82f9d4e7b7cec7395b679edc4"},"headline":"\u00abJ&rsquo;en ai un autre cet apr\u00e8s-midi\u00bb et d&rsquo;autres choses \u00e0 ne pas dire lors d&rsquo;un premier rendez-vous","datePublished":"2024-11-12T12:17:59+00:00","dateModified":"2024-11-12T12:17:59+00:00","mainEntityOfPage":{"@id":"https:\/\/vieassociative.be\/actualites\/jen-ai-un-autre-cet-apres-midi-et-dautres-choses-a-ne-pas-dire-lors-dun-premier-rendez-vous\/"},"wordCount":1037,"publisher":{"@id":"https:\/\/vieassociative.be\/actualites\/#organization"},"image":{"@id":"https:\/\/vieassociative.be\/actualites\/jen-ai-un-autre-cet-apres-midi-et-dautres-choses-a-ne-pas-dire-lors-dun-premier-rendez-vous\/#primaryimage"},"thumbnailUrl":"https:\/\/vieassociative.be\/actualites\/wp-content\/uploads\/2024\/11\/Jen-ai-un-autre-cet-apres-midi-et-dautres-choses-a.jpg","keywords":["apr\u00e8smidi","autre","cet","choses","dautres","dire","dun","Jen","lors","pas","premier","rendezvous"],"articleSection":["Relations"],"inLanguage":"fr-BE"},{"@type":"WebPage","@id":"https:\/\/vieassociative.be\/actualites\/jen-ai-un-autre-cet-apres-midi-et-dautres-choses-a-ne-pas-dire-lors-dun-premier-rendez-vous\/","url":"https:\/\/vieassociative.be\/actualites\/jen-ai-un-autre-cet-apres-midi-et-dautres-choses-a-ne-pas-dire-lors-dun-premier-rendez-vous\/","name":"\u00abJ'en ai un autre cet apr\u00e8s-midi\u00bb et d'autres choses \u00e0 ne pas dire lors d'un premier rendez-vous | Vie Associative","isPartOf":{"@id":"https:\/\/vieassociative.be\/actualites\/#website"},"primaryImageOfPage":{"@id":"https:\/\/vieassociative.be\/actualites\/jen-ai-un-autre-cet-apres-midi-et-dautres-choses-a-ne-pas-dire-lors-dun-premier-rendez-vous\/#primaryimage"},"image":{"@id":"https:\/\/vieassociative.be\/actualites\/jen-ai-un-autre-cet-apres-midi-et-dautres-choses-a-ne-pas-dire-lors-dun-premier-rendez-vous\/#primaryimage"},"thumbnailUrl":"https:\/\/vieassociative.be\/actualites\/wp-content\/uploads\/2024\/11\/Jen-ai-un-autre-cet-apres-midi-et-dautres-choses-a.jpg","datePublished":"2024-11-12T12:17:59+00:00","dateModified":"2024-11-12T12:17:59+00:00","breadcrumb":{"@id":"https:\/\/vieassociative.be\/actualites\/jen-ai-un-autre-cet-apres-midi-et-dautres-choses-a-ne-pas-dire-lors-dun-premier-rendez-vous\/#breadcrumb"},"inLanguage":"fr-BE","potentialAction":[{"@type":"ReadAction","target":["https:\/\/vieassociative.be\/actualites\/jen-ai-un-autre-cet-apres-midi-et-dautres-choses-a-ne-pas-dire-lors-dun-premier-rendez-vous\/"]}]},{"@type":"ImageObject","inLanguage":"fr-BE","@id":"https:\/\/vieassociative.be\/actualites\/jen-ai-un-autre-cet-apres-midi-et-dautres-choses-a-ne-pas-dire-lors-dun-premier-rendez-vous\/#primaryimage","url":"https:\/\/vieassociative.be\/actualites\/wp-content\/uploads\/2024\/11\/Jen-ai-un-autre-cet-apres-midi-et-dautres-choses-a.jpg","contentUrl":"https:\/\/vieassociative.be\/actualites\/wp-content\/uploads\/2024\/11\/Jen-ai-un-autre-cet-apres-midi-et-dautres-choses-a.jpg","width":1200,"height":675,"caption":"\u00abJ'en ai un autre cet apr\u00e8s-midi\u00bb et d'autres choses \u00e0 ne pas dire lors d'un premier rendez-vous"},{"@type":"BreadcrumbList","@id":"https:\/\/vieassociative.be\/actualites\/jen-ai-un-autre-cet-apres-midi-et-dautres-choses-a-ne-pas-dire-lors-dun-premier-rendez-vous\/#breadcrumb","itemListElement":[{"@type":"ListItem","position":1,"name":"Accueil","item":"https:\/\/vieassociative.be\/actualites\/"},{"@type":"ListItem","position":2,"name":"\u00abJ&rsquo;en ai un autre cet apr\u00e8s-midi\u00bb et d&rsquo;autres choses \u00e0 ne pas dire lors d&rsquo;un premier rendez-vous"}]},{"@type":"WebSite","@id":"https:\/\/vieassociative.be\/actualites\/#website","url":"https:\/\/vieassociative.be\/actualites\/","name":"Vie Associative","description":"","publisher":{"@id":"https:\/\/vieassociative.be\/actualites\/#organization"},"potentialAction":[{"@type":"SearchAction","target":{"@type":"EntryPoint","urlTemplate":"https:\/\/vieassociative.be\/actualites\/?s={search_term_string}"},"query-input":{"@type":"PropertyValueSpecification","valueRequired":true,"valueName":"search_term_string"}}],"inLanguage":"fr-BE"},{"@type":"Organization","@id":"https:\/\/vieassociative.be\/actualites\/#organization","name":"Vie Associative","url":"https:\/\/vieassociative.be\/actualites\/","logo":{"@type":"ImageObject","inLanguage":"fr-BE","@id":"https:\/\/vieassociative.be\/actualites\/#\/schema\/logo\/image\/","url":"https:\/\/vieassociative.be\/actualites\/wp-content\/uploads\/2024\/09\/cropped-vieassociative_favicon.ico.png","contentUrl":"https:\/\/vieassociative.be\/actualites\/wp-content\/uploads\/2024\/09\/cropped-vieassociative_favicon.ico.png","width":512,"height":512,"caption":"Vie Associative"},"image":{"@id":"https:\/\/vieassociative.be\/actualites\/#\/schema\/logo\/image\/"}},{"@type":"Person","@id":"https:\/\/vieassociative.be\/actualites\/#\/schema\/person\/b87ac4f82f9d4e7b7cec7395b679edc4","name":"Julien","image":{"@type":"ImageObject","inLanguage":"fr-BE","@id":"https:\/\/vieassociative.be\/actualites\/#\/schema\/person\/image\/","url":"https:\/\/vieassociative.be\/actualites\/wp-content\/uploads\/2024\/09\/vie-associative-1-150x150.jpg","contentUrl":"https:\/\/vieassociative.be\/actualites\/wp-content\/uploads\/2024\/09\/vie-associative-1-150x150.jpg","caption":"Julien"},"description":"Je suis Julien, r\u00e9dacteur pour Vie Associative. Passionn\u00e9 par le monde associatif depuis plus de 10 ans, j'ai \u00e0 c\u0153ur de partager des histoires inspirantes et de mettre en lumi\u00e8re les initiatives locales. Mon objectif est de sensibiliser et d'encourager l'engagement communautaire \u00e0 travers mes articles.","sameAs":["https:\/\/vieassociative.be\/"]}]}},"_links":{"self":[{"href":"https:\/\/vieassociative.be\/actualites\/wp-json\/wp\/v2\/posts\/2333"}],"collection":[{"href":"https:\/\/vieassociative.be\/actualites\/wp-json\/wp\/v2\/posts"}],"about":[{"href":"https:\/\/vieassociative.be\/actualites\/wp-json\/wp\/v2\/types\/post"}],"author":[{"embeddable":true,"href":"https:\/\/vieassociative.be\/actualites\/wp-json\/wp\/v2\/users\/1"}],"replies":[{"embeddable":true,"href":"https:\/\/vieassociative.be\/actualites\/wp-json\/wp\/v2\/comments?post=2333"}],"version-history":[{"count":0,"href":"https:\/\/vieassociative.be\/actualites\/wp-json\/wp\/v2\/posts\/2333\/revisions"}],"wp:featuredmedia":[{"embeddable":true,"href":"https:\/\/vieassociative.be\/actualites\/wp-json\/wp\/v2\/media\/2334"}],"wp:attachment":[{"href":"https:\/\/vieassociative.be\/actualites\/wp-json\/wp\/v2\/media?parent=2333"}],"wp:term":[{"taxonomy":"category","embeddable":true,"href":"https:\/\/vieassociative.be\/actualites\/wp-json\/wp\/v2\/categories?post=2333"},{"taxonomy":"post_tag","embeddable":true,"href":"https:\/\/vieassociative.be\/actualites\/wp-json\/wp\/v2\/tags?post=2333"}],"curies":[{"name":"wp","href":"https:\/\/api.w.org\/{rel}","templated":true}]}}