{"id":2327,"date":"2024-11-12T08:17:34","date_gmt":"2024-11-12T07:17:34","guid":{"rendered":"https:\/\/vieassociative.be\/actualites\/la-vente-du-black-friday-de-walmart-est-deja-en-ligne-et-ce-sont-mes-offres-preferees\/"},"modified":"2024-11-12T08:17:34","modified_gmt":"2024-11-12T07:17:34","slug":"la-vente-du-black-friday-de-walmart-est-deja-en-ligne-et-ce-sont-mes-offres-preferees","status":"publish","type":"post","link":"https:\/\/vieassociative.be\/actualites\/la-vente-du-black-friday-de-walmart-est-deja-en-ligne-et-ce-sont-mes-offres-preferees\/","title":{"rendered":"La vente du Black Friday de Walmart est d\u00e9j\u00e0 en ligne et ce sont mes offres pr\u00e9f\u00e9r\u00e9es"},"content":{"rendered":"<div class=\"mt-4 leading-6 md:mb-8\">Les t\u00e9l\u00e9viseurs, les \u00e9couteurs, les consoles de jeux et bien plus encore b\u00e9n\u00e9ficient d&rsquo;une r\u00e9duction allant jusqu&rsquo;\u00e0 58 %.<\/div>\n<p><\/p>\n<p>Techniquement, le Black Friday n&rsquo;aura lieu que le vendredi 29 novembre, mais personne ne l&rsquo;a dit \u00e0 tous les d\u00e9taillants : les premi\u00e8res offres ont d\u00e9j\u00e0 \u00e9t\u00e9 mises en ligne chez Target et Amazon. Aujourd&rsquo;hui, la vente pr\u00e9-Black Friday de Walmart les rejoint.<\/p>\n<p>La vente pr\u00e9-Black Friday de Walmart se d\u00e9roule jusqu&rsquo;au 17 novembre en ligne et jusqu&rsquo;au 15 novembre \u00e0 6 heures du matin, heure locale, dans les magasins. Est-ce que \u00e7a vaut la peine de s\u2019enthousiasmer ? Eh bien, si vous \u00eates int\u00e9ress\u00e9 par les produits technologiques, j&rsquo;ai rassembl\u00e9 certains des meilleurs que j&rsquo;ai pu trouver, vous n&rsquo;avez donc pas \u00e0 vous poser de questions. <\/p>\n<p>Si le dialogue sur votre t\u00e9l\u00e9viseur ressemble \u00e0 du charabia, obtenir une barre de son est le meilleur moyen de r\u00e9soudre ce probl\u00e8me. Le Samsung HW-Q6CC est un combo barre de son et caisson de basses avec connexion HDMI eARC pour vous offrir l&rsquo;audio de haute qualit\u00e9 que nous souhaitons tous. C&rsquo;est <strong>199\u00a0$ <\/strong>(\u00e0 l\u2019origine 379 $), une bonne affaire relative.<\/p>\n<p>Les amateurs d&rsquo;Apple savent que leurs produits co\u00fbtent tr\u00e8s cher, donc opter pour les anciennes versions est un moyen s\u00fbr d&rsquo;\u00e9conomiser de l&rsquo;argent. Les AirPod Apple de 3e g\u00e9n\u00e9ration sont actuellement <strong>94\u00a0$<\/strong> (\u00e0 l&rsquo;origine 169 $), ce qui est une bonne affaire \u00e9tant donn\u00e9 qu&rsquo;ils ne sont m\u00eame pas disponibles neufs sur Amazon pour le moment. <\/p>\n<p>La Xbox Series X 1 To Digital Edition avec une manette suppl\u00e9mentaire est <strong>489,99\u00a0$<\/strong> (\u00e0 l&rsquo;origine 599,99 $), mais si vous n&rsquo;avez pas besoin d&rsquo;un deuxi\u00e8me contr\u00f4leur, vous pouvez obtenir la console uniquement pour <strong>448\u00a0$ <\/strong>d&rsquo;Amazon.<\/p>\n<p>La s\u00e9rie 10<strong> <\/strong>est la meilleure Apple Watch pour la plupart des gens, et si vous utilisez le plus grand bracelet de 46 mm, vous pouvez l&rsquo;obtenir pour <strong>349\u00a0$ <\/strong>(\u00e0 l&rsquo;origine 399 $). Si vous avez besoin de plus d&rsquo;options, Amazon les propose \u00e0 partir de 379 $.<\/p>\n<p>Les Beats Solo3 ont \u00e9t\u00e9 d\u00e9tr\u00f4n\u00e9s par le nouveau Solo 4, mais cela signifie que vous pouvez obtenir l&rsquo;ancien mod\u00e8le pour <strong>69\u00a0$<\/strong> (\u00e0 l&rsquo;origine 199 $), le prix le plus bas jamais atteint.<\/p>\n<p>Si vous achetez un t\u00e9l\u00e9viseur, Walmart propose d&rsquo;excellentes options. La s\u00e9rie LG OLED B3 commence \u00e0 <strong>798\u00a0$<\/strong> (\u00e0 l&rsquo;origine 1 199 $) pour le 55 pouces, un prix avantageux si vous recherchez une option premium. Le nouveau Samsung 55&Prime; Classe Q60DB QLED 4K est un excellent choix de milieu de gamme \u00e0 <strong>498\u00a0$<\/strong> (\u00e0 l\u2019origine 648 $) \u2013 un prix avantageux pour un QLED de 55 pouces. Pour ceux qui recherchent la meilleure option budg\u00e9taire, je n&rsquo;irais pas moins cher que la s\u00e9rie Hisense CLass R6 de 50 pouces, actuellement <strong>138\u00a0$<\/strong> (\u00e0 l&rsquo;origine 238 $).<\/p>\n","protected":false},"excerpt":{"rendered":"<p>Les t\u00e9l\u00e9viseurs, les \u00e9couteurs, les consoles de jeux et bien plus encore b\u00e9n\u00e9ficient d&rsquo;une r\u00e9duction allant jusqu&rsquo;\u00e0 58 %. Techniquement, le Black Friday n&rsquo;aura lieu<\/p>\n","protected":false},"author":1,"featured_media":2328,"comment_status":"","ping_status":"","sticky":false,"template":"","format":"standard","meta":{"footnotes":""},"categories":[13],"tags":[73,1936,76,1255,11,87,345,116,18,223,1715],"class_list":["post-2327","post","type-post","status-publish","format-standard","has-post-thumbnail","hentry","category-technologie","tag-black","tag-deja","tag-est","tag-friday","tag-ligne","tag-mes","tag-offres","tag-preferees","tag-sont","tag-vente","tag-walmart","generate-columns","tablet-grid-50","mobile-grid-100","grid-parent","grid-33"],"yoast_head":"<!-- This site is optimized with the Yoast SEO plugin v24.0 - https:\/\/yoast.com\/wordpress\/plugins\/seo\/ -->\n<title>La vente du Black Friday de Walmart est d\u00e9j\u00e0 en ligne et ce sont mes offres pr\u00e9f\u00e9r\u00e9es | Vie Associative<\/title>\n<meta name=\"robots\" content=\"index, follow, max-snippet:-1, max-image-preview:large, max-video-preview:-1\" \/>\n<link rel=\"canonical\" href=\"https:\/\/vieassociative.be\/actualites\/la-vente-du-black-friday-de-walmart-est-deja-en-ligne-et-ce-sont-mes-offres-preferees\/\" \/>\n<meta property=\"og:locale\" content=\"fr_FR\" \/>\n<meta property=\"og:type\" content=\"article\" \/>\n<meta property=\"og:title\" content=\"La vente du Black Friday de Walmart est d\u00e9j\u00e0 en ligne et ce sont mes offres pr\u00e9f\u00e9r\u00e9es | Vie Associative\" \/>\n<meta property=\"og:description\" content=\"Les t\u00e9l\u00e9viseurs, les \u00e9couteurs, les consoles de jeux et bien plus encore b\u00e9n\u00e9ficient d&rsquo;une r\u00e9duction allant jusqu&rsquo;\u00e0 58 %. Techniquement, le Black Friday n&rsquo;aura lieu\" \/>\n<meta property=\"og:url\" content=\"https:\/\/vieassociative.be\/actualites\/la-vente-du-black-friday-de-walmart-est-deja-en-ligne-et-ce-sont-mes-offres-preferees\/\" \/>\n<meta property=\"og:site_name\" content=\"Vie Associative\" \/>\n<meta property=\"article:published_time\" content=\"2024-11-12T07:17:34+00:00\" \/>\n<meta property=\"og:image\" content=\"https:\/\/vieassociative.be\/actualites\/wp-content\/uploads\/2024\/09\/header_backgroundk-01-e1726694325946.png\" \/>\n\t<meta property=\"og:image:width\" content=\"279\" \/>\n\t<meta property=\"og:image:height\" content=\"92\" \/>\n\t<meta property=\"og:image:type\" content=\"image\/png\" \/>\n<meta name=\"author\" content=\"Julien\" \/>\n<meta name=\"twitter:card\" content=\"summary_large_image\" \/>\n<meta name=\"twitter:label1\" content=\"\u00c9crit par\" \/>\n\t<meta name=\"twitter:data1\" content=\"Julien\" \/>\n\t<meta name=\"twitter:label2\" content=\"Dur\u00e9e de lecture est.\" \/>\n\t<meta name=\"twitter:data2\" content=\"2 minutes\" \/>\n<script type=\"application\/ld+json\" class=\"yoast-schema-graph\">{\"@context\":\"https:\/\/schema.org\",\"@graph\":[{\"@type\":\"Article\",\"@id\":\"https:\/\/vieassociative.be\/actualites\/la-vente-du-black-friday-de-walmart-est-deja-en-ligne-et-ce-sont-mes-offres-preferees\/#article\",\"isPartOf\":{\"@id\":\"https:\/\/vieassociative.be\/actualites\/la-vente-du-black-friday-de-walmart-est-deja-en-ligne-et-ce-sont-mes-offres-preferees\/\"},\"author\":{\"name\":\"Julien\",\"@id\":\"https:\/\/vieassociative.be\/actualites\/#\/schema\/person\/b87ac4f82f9d4e7b7cec7395b679edc4\"},\"headline\":\"La vente du Black Friday de Walmart est d\u00e9j\u00e0 en ligne et ce sont mes offres pr\u00e9f\u00e9r\u00e9es\",\"datePublished\":\"2024-11-12T07:17:34+00:00\",\"dateModified\":\"2024-11-12T07:17:34+00:00\",\"mainEntityOfPage\":{\"@id\":\"https:\/\/vieassociative.be\/actualites\/la-vente-du-black-friday-de-walmart-est-deja-en-ligne-et-ce-sont-mes-offres-preferees\/\"},\"wordCount\":485,\"publisher\":{\"@id\":\"https:\/\/vieassociative.be\/actualites\/#organization\"},\"image\":{\"@id\":\"https:\/\/vieassociative.be\/actualites\/la-vente-du-black-friday-de-walmart-est-deja-en-ligne-et-ce-sont-mes-offres-preferees\/#primaryimage\"},\"thumbnailUrl\":\"https:\/\/vieassociative.be\/actualites\/wp-content\/uploads\/2024\/11\/La-vente-du-Black-Friday-de-Walmart-est-deja-en.png\",\"keywords\":[\"Black\",\"d\u00e9j\u00e0\",\"est\",\"Friday\",\"ligne\",\"Mes\",\"offres\",\"pr\u00e9f\u00e9r\u00e9es\",\"sont\",\"vente\",\"Walmart\"],\"articleSection\":[\"Technologie\"],\"inLanguage\":\"fr-BE\"},{\"@type\":\"WebPage\",\"@id\":\"https:\/\/vieassociative.be\/actualites\/la-vente-du-black-friday-de-walmart-est-deja-en-ligne-et-ce-sont-mes-offres-preferees\/\",\"url\":\"https:\/\/vieassociative.be\/actualites\/la-vente-du-black-friday-de-walmart-est-deja-en-ligne-et-ce-sont-mes-offres-preferees\/\",\"name\":\"La vente du Black Friday de Walmart est d\u00e9j\u00e0 en ligne et ce sont mes offres pr\u00e9f\u00e9r\u00e9es | Vie Associative\",\"isPartOf\":{\"@id\":\"https:\/\/vieassociative.be\/actualites\/#website\"},\"primaryImageOfPage\":{\"@id\":\"https:\/\/vieassociative.be\/actualites\/la-vente-du-black-friday-de-walmart-est-deja-en-ligne-et-ce-sont-mes-offres-preferees\/#primaryimage\"},\"image\":{\"@id\":\"https:\/\/vieassociative.be\/actualites\/la-vente-du-black-friday-de-walmart-est-deja-en-ligne-et-ce-sont-mes-offres-preferees\/#primaryimage\"},\"thumbnailUrl\":\"https:\/\/vieassociative.be\/actualites\/wp-content\/uploads\/2024\/11\/La-vente-du-Black-Friday-de-Walmart-est-deja-en.png\",\"datePublished\":\"2024-11-12T07:17:34+00:00\",\"dateModified\":\"2024-11-12T07:17:34+00:00\",\"breadcrumb\":{\"@id\":\"https:\/\/vieassociative.be\/actualites\/la-vente-du-black-friday-de-walmart-est-deja-en-ligne-et-ce-sont-mes-offres-preferees\/#breadcrumb\"},\"inLanguage\":\"fr-BE\",\"potentialAction\":[{\"@type\":\"ReadAction\",\"target\":[\"https:\/\/vieassociative.be\/actualites\/la-vente-du-black-friday-de-walmart-est-deja-en-ligne-et-ce-sont-mes-offres-preferees\/\"]}]},{\"@type\":\"ImageObject\",\"inLanguage\":\"fr-BE\",\"@id\":\"https:\/\/vieassociative.be\/actualites\/la-vente-du-black-friday-de-walmart-est-deja-en-ligne-et-ce-sont-mes-offres-preferees\/#primaryimage\",\"url\":\"https:\/\/vieassociative.be\/actualites\/wp-content\/uploads\/2024\/11\/La-vente-du-Black-Friday-de-Walmart-est-deja-en.png\",\"contentUrl\":\"https:\/\/vieassociative.be\/actualites\/wp-content\/uploads\/2024\/11\/La-vente-du-Black-Friday-de-Walmart-est-deja-en.png\",\"width\":1200,\"height\":675,\"caption\":\"La vente du Black Friday de Walmart est d\u00e9j\u00e0 en ligne et ce sont mes offres pr\u00e9f\u00e9r\u00e9es\"},{\"@type\":\"BreadcrumbList\",\"@id\":\"https:\/\/vieassociative.be\/actualites\/la-vente-du-black-friday-de-walmart-est-deja-en-ligne-et-ce-sont-mes-offres-preferees\/#breadcrumb\",\"itemListElement\":[{\"@type\":\"ListItem\",\"position\":1,\"name\":\"Accueil\",\"item\":\"https:\/\/vieassociative.be\/actualites\/\"},{\"@type\":\"ListItem\",\"position\":2,\"name\":\"La vente du Black Friday de Walmart est d\u00e9j\u00e0 en ligne et ce sont mes offres pr\u00e9f\u00e9r\u00e9es\"}]},{\"@type\":\"WebSite\",\"@id\":\"https:\/\/vieassociative.be\/actualites\/#website\",\"url\":\"https:\/\/vieassociative.be\/actualites\/\",\"name\":\"Vie Associative\",\"description\":\"\",\"publisher\":{\"@id\":\"https:\/\/vieassociative.be\/actualites\/#organization\"},\"potentialAction\":[{\"@type\":\"SearchAction\",\"target\":{\"@type\":\"EntryPoint\",\"urlTemplate\":\"https:\/\/vieassociative.be\/actualites\/?s={search_term_string}\"},\"query-input\":{\"@type\":\"PropertyValueSpecification\",\"valueRequired\":true,\"valueName\":\"search_term_string\"}}],\"inLanguage\":\"fr-BE\"},{\"@type\":\"Organization\",\"@id\":\"https:\/\/vieassociative.be\/actualites\/#organization\",\"name\":\"Vie Associative\",\"url\":\"https:\/\/vieassociative.be\/actualites\/\",\"logo\":{\"@type\":\"ImageObject\",\"inLanguage\":\"fr-BE\",\"@id\":\"https:\/\/vieassociative.be\/actualites\/#\/schema\/logo\/image\/\",\"url\":\"https:\/\/vieassociative.be\/actualites\/wp-content\/uploads\/2024\/09\/cropped-vieassociative_favicon.ico.png\",\"contentUrl\":\"https:\/\/vieassociative.be\/actualites\/wp-content\/uploads\/2024\/09\/cropped-vieassociative_favicon.ico.png\",\"width\":512,\"height\":512,\"caption\":\"Vie Associative\"},\"image\":{\"@id\":\"https:\/\/vieassociative.be\/actualites\/#\/schema\/logo\/image\/\"}},{\"@type\":\"Person\",\"@id\":\"https:\/\/vieassociative.be\/actualites\/#\/schema\/person\/b87ac4f82f9d4e7b7cec7395b679edc4\",\"name\":\"Julien\",\"image\":{\"@type\":\"ImageObject\",\"inLanguage\":\"fr-BE\",\"@id\":\"https:\/\/vieassociative.be\/actualites\/#\/schema\/person\/image\/\",\"url\":\"https:\/\/vieassociative.be\/actualites\/wp-content\/uploads\/2024\/09\/vie-associative-1-150x150.jpg\",\"contentUrl\":\"https:\/\/vieassociative.be\/actualites\/wp-content\/uploads\/2024\/09\/vie-associative-1-150x150.jpg\",\"caption\":\"Julien\"},\"description\":\"Je suis Julien, r\u00e9dacteur pour Vie Associative. Passionn\u00e9 par le monde associatif depuis plus de 10 ans, j'ai \u00e0 c\u0153ur de partager des histoires inspirantes et de mettre en lumi\u00e8re les initiatives locales. Mon objectif est de sensibiliser et d'encourager l'engagement communautaire \u00e0 travers mes articles.\",\"sameAs\":[\"https:\/\/vieassociative.be\/\"]}]}<\/script>\n<!-- \/ Yoast SEO plugin. -->","yoast_head_json":{"title":"La vente du Black Friday de Walmart est d\u00e9j\u00e0 en ligne et ce sont mes offres pr\u00e9f\u00e9r\u00e9es | Vie Associative","robots":{"index":"index","follow":"follow","max-snippet":"max-snippet:-1","max-image-preview":"max-image-preview:large","max-video-preview":"max-video-preview:-1"},"canonical":"https:\/\/vieassociative.be\/actualites\/la-vente-du-black-friday-de-walmart-est-deja-en-ligne-et-ce-sont-mes-offres-preferees\/","og_locale":"fr_FR","og_type":"article","og_title":"La vente du Black Friday de Walmart est d\u00e9j\u00e0 en ligne et ce sont mes offres pr\u00e9f\u00e9r\u00e9es | Vie Associative","og_description":"Les t\u00e9l\u00e9viseurs, les \u00e9couteurs, les consoles de jeux et bien plus encore b\u00e9n\u00e9ficient d&rsquo;une r\u00e9duction allant jusqu&rsquo;\u00e0 58 %. Techniquement, le Black Friday n&rsquo;aura lieu","og_url":"https:\/\/vieassociative.be\/actualites\/la-vente-du-black-friday-de-walmart-est-deja-en-ligne-et-ce-sont-mes-offres-preferees\/","og_site_name":"Vie Associative","article_published_time":"2024-11-12T07:17:34+00:00","og_image":[{"width":279,"height":92,"url":"https:\/\/vieassociative.be\/actualites\/wp-content\/uploads\/2024\/09\/header_backgroundk-01-e1726694325946.png","type":"image\/png"}],"author":"Julien","twitter_card":"summary_large_image","twitter_misc":{"\u00c9crit par":"Julien","Dur\u00e9e de lecture est.":"2 minutes"},"schema":{"@context":"https:\/\/schema.org","@graph":[{"@type":"Article","@id":"https:\/\/vieassociative.be\/actualites\/la-vente-du-black-friday-de-walmart-est-deja-en-ligne-et-ce-sont-mes-offres-preferees\/#article","isPartOf":{"@id":"https:\/\/vieassociative.be\/actualites\/la-vente-du-black-friday-de-walmart-est-deja-en-ligne-et-ce-sont-mes-offres-preferees\/"},"author":{"name":"Julien","@id":"https:\/\/vieassociative.be\/actualites\/#\/schema\/person\/b87ac4f82f9d4e7b7cec7395b679edc4"},"headline":"La vente du Black Friday de Walmart est d\u00e9j\u00e0 en ligne et ce sont mes offres pr\u00e9f\u00e9r\u00e9es","datePublished":"2024-11-12T07:17:34+00:00","dateModified":"2024-11-12T07:17:34+00:00","mainEntityOfPage":{"@id":"https:\/\/vieassociative.be\/actualites\/la-vente-du-black-friday-de-walmart-est-deja-en-ligne-et-ce-sont-mes-offres-preferees\/"},"wordCount":485,"publisher":{"@id":"https:\/\/vieassociative.be\/actualites\/#organization"},"image":{"@id":"https:\/\/vieassociative.be\/actualites\/la-vente-du-black-friday-de-walmart-est-deja-en-ligne-et-ce-sont-mes-offres-preferees\/#primaryimage"},"thumbnailUrl":"https:\/\/vieassociative.be\/actualites\/wp-content\/uploads\/2024\/11\/La-vente-du-Black-Friday-de-Walmart-est-deja-en.png","keywords":["Black","d\u00e9j\u00e0","est","Friday","ligne","Mes","offres","pr\u00e9f\u00e9r\u00e9es","sont","vente","Walmart"],"articleSection":["Technologie"],"inLanguage":"fr-BE"},{"@type":"WebPage","@id":"https:\/\/vieassociative.be\/actualites\/la-vente-du-black-friday-de-walmart-est-deja-en-ligne-et-ce-sont-mes-offres-preferees\/","url":"https:\/\/vieassociative.be\/actualites\/la-vente-du-black-friday-de-walmart-est-deja-en-ligne-et-ce-sont-mes-offres-preferees\/","name":"La vente du Black Friday de Walmart est d\u00e9j\u00e0 en ligne et ce sont mes offres pr\u00e9f\u00e9r\u00e9es | Vie Associative","isPartOf":{"@id":"https:\/\/vieassociative.be\/actualites\/#website"},"primaryImageOfPage":{"@id":"https:\/\/vieassociative.be\/actualites\/la-vente-du-black-friday-de-walmart-est-deja-en-ligne-et-ce-sont-mes-offres-preferees\/#primaryimage"},"image":{"@id":"https:\/\/vieassociative.be\/actualites\/la-vente-du-black-friday-de-walmart-est-deja-en-ligne-et-ce-sont-mes-offres-preferees\/#primaryimage"},"thumbnailUrl":"https:\/\/vieassociative.be\/actualites\/wp-content\/uploads\/2024\/11\/La-vente-du-Black-Friday-de-Walmart-est-deja-en.png","datePublished":"2024-11-12T07:17:34+00:00","dateModified":"2024-11-12T07:17:34+00:00","breadcrumb":{"@id":"https:\/\/vieassociative.be\/actualites\/la-vente-du-black-friday-de-walmart-est-deja-en-ligne-et-ce-sont-mes-offres-preferees\/#breadcrumb"},"inLanguage":"fr-BE","potentialAction":[{"@type":"ReadAction","target":["https:\/\/vieassociative.be\/actualites\/la-vente-du-black-friday-de-walmart-est-deja-en-ligne-et-ce-sont-mes-offres-preferees\/"]}]},{"@type":"ImageObject","inLanguage":"fr-BE","@id":"https:\/\/vieassociative.be\/actualites\/la-vente-du-black-friday-de-walmart-est-deja-en-ligne-et-ce-sont-mes-offres-preferees\/#primaryimage","url":"https:\/\/vieassociative.be\/actualites\/wp-content\/uploads\/2024\/11\/La-vente-du-Black-Friday-de-Walmart-est-deja-en.png","contentUrl":"https:\/\/vieassociative.be\/actualites\/wp-content\/uploads\/2024\/11\/La-vente-du-Black-Friday-de-Walmart-est-deja-en.png","width":1200,"height":675,"caption":"La vente du Black Friday de Walmart est d\u00e9j\u00e0 en ligne et ce sont mes offres pr\u00e9f\u00e9r\u00e9es"},{"@type":"BreadcrumbList","@id":"https:\/\/vieassociative.be\/actualites\/la-vente-du-black-friday-de-walmart-est-deja-en-ligne-et-ce-sont-mes-offres-preferees\/#breadcrumb","itemListElement":[{"@type":"ListItem","position":1,"name":"Accueil","item":"https:\/\/vieassociative.be\/actualites\/"},{"@type":"ListItem","position":2,"name":"La vente du Black Friday de Walmart est d\u00e9j\u00e0 en ligne et ce sont mes offres pr\u00e9f\u00e9r\u00e9es"}]},{"@type":"WebSite","@id":"https:\/\/vieassociative.be\/actualites\/#website","url":"https:\/\/vieassociative.be\/actualites\/","name":"Vie Associative","description":"","publisher":{"@id":"https:\/\/vieassociative.be\/actualites\/#organization"},"potentialAction":[{"@type":"SearchAction","target":{"@type":"EntryPoint","urlTemplate":"https:\/\/vieassociative.be\/actualites\/?s={search_term_string}"},"query-input":{"@type":"PropertyValueSpecification","valueRequired":true,"valueName":"search_term_string"}}],"inLanguage":"fr-BE"},{"@type":"Organization","@id":"https:\/\/vieassociative.be\/actualites\/#organization","name":"Vie Associative","url":"https:\/\/vieassociative.be\/actualites\/","logo":{"@type":"ImageObject","inLanguage":"fr-BE","@id":"https:\/\/vieassociative.be\/actualites\/#\/schema\/logo\/image\/","url":"https:\/\/vieassociative.be\/actualites\/wp-content\/uploads\/2024\/09\/cropped-vieassociative_favicon.ico.png","contentUrl":"https:\/\/vieassociative.be\/actualites\/wp-content\/uploads\/2024\/09\/cropped-vieassociative_favicon.ico.png","width":512,"height":512,"caption":"Vie Associative"},"image":{"@id":"https:\/\/vieassociative.be\/actualites\/#\/schema\/logo\/image\/"}},{"@type":"Person","@id":"https:\/\/vieassociative.be\/actualites\/#\/schema\/person\/b87ac4f82f9d4e7b7cec7395b679edc4","name":"Julien","image":{"@type":"ImageObject","inLanguage":"fr-BE","@id":"https:\/\/vieassociative.be\/actualites\/#\/schema\/person\/image\/","url":"https:\/\/vieassociative.be\/actualites\/wp-content\/uploads\/2024\/09\/vie-associative-1-150x150.jpg","contentUrl":"https:\/\/vieassociative.be\/actualites\/wp-content\/uploads\/2024\/09\/vie-associative-1-150x150.jpg","caption":"Julien"},"description":"Je suis Julien, r\u00e9dacteur pour Vie Associative. Passionn\u00e9 par le monde associatif depuis plus de 10 ans, j'ai \u00e0 c\u0153ur de partager des histoires inspirantes et de mettre en lumi\u00e8re les initiatives locales. Mon objectif est de sensibiliser et d'encourager l'engagement communautaire \u00e0 travers mes articles.","sameAs":["https:\/\/vieassociative.be\/"]}]}},"_links":{"self":[{"href":"https:\/\/vieassociative.be\/actualites\/wp-json\/wp\/v2\/posts\/2327"}],"collection":[{"href":"https:\/\/vieassociative.be\/actualites\/wp-json\/wp\/v2\/posts"}],"about":[{"href":"https:\/\/vieassociative.be\/actualites\/wp-json\/wp\/v2\/types\/post"}],"author":[{"embeddable":true,"href":"https:\/\/vieassociative.be\/actualites\/wp-json\/wp\/v2\/users\/1"}],"replies":[{"embeddable":true,"href":"https:\/\/vieassociative.be\/actualites\/wp-json\/wp\/v2\/comments?post=2327"}],"version-history":[{"count":0,"href":"https:\/\/vieassociative.be\/actualites\/wp-json\/wp\/v2\/posts\/2327\/revisions"}],"wp:featuredmedia":[{"embeddable":true,"href":"https:\/\/vieassociative.be\/actualites\/wp-json\/wp\/v2\/media\/2328"}],"wp:attachment":[{"href":"https:\/\/vieassociative.be\/actualites\/wp-json\/wp\/v2\/media?parent=2327"}],"wp:term":[{"taxonomy":"category","embeddable":true,"href":"https:\/\/vieassociative.be\/actualites\/wp-json\/wp\/v2\/categories?post=2327"},{"taxonomy":"post_tag","embeddable":true,"href":"https:\/\/vieassociative.be\/actualites\/wp-json\/wp\/v2\/tags?post=2327"}],"curies":[{"name":"wp","href":"https:\/\/api.w.org\/{rel}","templated":true}]}}