{"id":2319,"date":"2024-11-12T03:17:14","date_gmt":"2024-11-12T02:17:14","guid":{"rendered":"https:\/\/vieassociative.be\/actualites\/migrations-guerre-en-ukraine-et-folie-transgenre-ce-que-trump-veut-mettre-en-oeuvre-immediatement-en-tant-que-president-americain\/"},"modified":"2024-11-12T03:17:14","modified_gmt":"2024-11-12T02:17:14","slug":"migrations-guerre-en-ukraine-et-folie-transgenre-ce-que-trump-veut-mettre-en-oeuvre-immediatement-en-tant-que-president-americain","status":"publish","type":"post","link":"https:\/\/vieassociative.be\/actualites\/migrations-guerre-en-ukraine-et-folie-transgenre-ce-que-trump-veut-mettre-en-oeuvre-immediatement-en-tant-que-president-americain\/","title":{"rendered":"Migrations, guerre en Ukraine et \u00ab folie transgenre \u00bb : ce que Trump veut mettre en \u0153uvre imm\u00e9diatement en tant que pr\u00e9sident am\u00e9ricain"},"content":{"rendered":"<p><strong>Donald Trump a de grands projets. D\u00e8s son premier jour de mandat, l&rsquo;ancien et futur pr\u00e9sident des \u00c9tats-Unis souhaite s&rsquo;attaquer \u00e0 toutes sortes de probl\u00e8mes qu&rsquo;il consid\u00e8re comme urgents. Quelles sont ses promesses pour le \u00ab Day One \u00bb ? Un aper\u00e7u.<\/strong><\/p>\n<p><span id=\"more-401398\"><\/span>Donald Trump a fait de grandes promesses lors de sa campagne \u00e9lectorale. Lors de rassemblements et d\u2019\u00e9missions-d\u00e9bats, le r\u00e9publicain a parl\u00e9 de ce qu\u2019il voulait faire imm\u00e9diatement d\u00e8s son premier jour de mandat en tant que pr\u00e9sident. L\u2019homme de 78 ans a flirt\u00e9 \u00e0 plusieurs reprises avec le d\u00e9sir d\u2019\u00eatre dictateur \u00ab seulement d\u00e8s le premier jour \u00bb.<\/p>\n<p>Bien entendu, le pr\u00e9sident am\u00e9ricain ne peut pas faire ce qu\u2019il veut. Le Parlement a son mot \u00e0 dire sur de nombreuses questions et les tribunaux peuvent bloquer ou annuler des mesures. Mais tout porte \u00e0 croire que Trump veut faire un usage intensif de ses pouvoirs ex\u00e9cutifs et tester leurs limites.<\/p>\n<div id=\"attachment_401143\" class=\"wp-caption alignleft\" style=\"max-width: 300px\"><img fetchpriority=\"high\" decoding=\"async\" class=\"wp-image-401143 size-medium\" src=\"https:\/\/vieassociative.be\/actualites\/wp-content\/uploads\/2024\/11\/Migrations-guerre-en-Ukraine-et-folie-transgenre.jpg\" alt=\"\" width=\"300\" height=\"200\"><\/p>\n<p class=\"wp-caption-text\">06.11.2024, \u00c9tats-Unis, West Palm Beach : le candidat r\u00e9publicain \u00e0 la pr\u00e9sidence et ancien pr\u00e9sident Donald Trump s&rsquo;exprime lors d&rsquo;un parti \u00e9lectoral \u00e0 West Palm Beach, en Floride, le mercredi 6 novembre 2024. Photo : Alex Brandon\/AP<\/p>\n<\/div>\n<p>Aucune fonction dans le monde occidental ne peut rivaliser avec le pouvoir du pr\u00e9sident am\u00e9ricain. Il peut \u00e9galement intervenir, au moins temporairement, dans des domaines politiques qui sont autrement r\u00e9serv\u00e9s \u00e0 la fonction l\u00e9gislative du Parlement par le biais de d\u00e9crets, appel\u00e9s \u00ab d\u00e9crets \u00bb.<\/p>\n<p>Les plans concrets pour les projets prioritaires de Trump commencent tout juste \u00e0 \u00e9merger. Reste \u00e0 savoir ce qu&rsquo;il sera r\u00e9ellement en mesure de mettre en \u0153uvre apr\u00e8s son investiture le 20 janvier 2025 et comment il s&rsquo;y prendra. Ce qui est clair, c\u2019est que bon nombre de ses promesses visaient avant tout \u00e0 obtenir des votes. Un regard sur les annonces de Trump pour le \u00ab\u00a0premier jour\u00a0\u00bb\u00a0:<\/p>\n<p><b>1. Campagne de d\u00e9portation historique : <\/b>Trump a clairement indiqu\u00e9 \u00e0 presque chacun de ses meetings \u00e9lectoraux qu\u2019en tant que pr\u00e9sident, il souhaitait expulser les migrants en situation irr\u00e9guli\u00e8re imm\u00e9diatement et \u00e0 grande \u00e9chelle. \u00ab\u00a0D\u00e8s le premier jour, je lancerai le plus grand programme d&rsquo;expulsion de l&rsquo;histoire am\u00e9ricaine\u00a0\u00bb, a-t-il d\u00e9clar\u00e9 lors d&rsquo;une apparition m\u00e9morable au Madison Square Garden de New York, quelques jours avant les \u00e9lections. Les \u00c9tats-Unis sont un \u00ab pays occup\u00e9 \u00bb, a-t-il d\u00e9plor\u00e9.<\/p>\n<p>Il assimilait les immigr\u00e9s \u00e0 des criminels qu\u2019il mettrait en prison. Lorsque Trump a \u00e9t\u00e9 interrog\u00e9 sur le co\u00fbt de son plan peu apr\u00e8s sa victoire \u00e9lectorale, il a clairement indiqu\u00e9 qu&rsquo;il ne se souciait pas vraiment de ce que cela co\u00fbterait.<\/p>\n<div id=\"attachment_401409\" class=\"wp-caption alignleft\" style=\"max-width: 300px\"><img decoding=\"async\" class=\"wp-image-401409 size-medium\" src=\"https:\/\/vieassociative.be\/actualites\/wp-content\/uploads\/2024\/11\/1731377834_493_Migrations-guerre-en-Ukraine-et-folie-transgenre.jpg\" alt=\"\" width=\"300\" height=\"200\"><\/p>\n<p class=\"wp-caption-text\">25 avril 2020, \u00c9tats-Unis, Odessa : une plate-forme de forage p\u00e9trolier se trouve au bout d&rsquo;une rang\u00e9e de pompes peu apr\u00e8s le coucher du soleil. Photo : Eli Hartman\/AP\/dpa<\/p>\n<\/div>\n<p><b>2. Expansion de la production p\u00e9troli\u00e8re :<\/b> \u00ab\u00a0Percez, b\u00e9b\u00e9, percez!\u00a0\u00bb Pendant la campagne \u00e9lectorale, Trump a relanc\u00e9 un vieux cri de ralliement que les R\u00e9publicains avaient utilis\u00e9 il y a des ann\u00e9es pour promouvoir l\u2019augmentation du forage de p\u00e9trole et de gaz comme sources d\u2019\u00e9nergie. D\u00e8s son premier jour de mandat, il veillera \u00e0 ce que la production p\u00e9troli\u00e8re aux \u00c9tats-Unis continue de cro\u00eetre.<\/p>\n<p>Il a \u00e9galement annonc\u00e9 des mesures plus concr\u00e8tes pour abroger les r\u00e9glementations environnementales des administrations de Joe Biden et Kamala Harris. Lors d\u2019un rassemblement sur la c\u00f4te du New Jersey en mai, Trump a d\u00e9clar\u00e9 qu\u2019il souhaitait bloquer les projets d\u2019\u00e9nergie \u00e9olienne offshore par un d\u00e9cret d\u00e8s son premier jour de mandat, citant la protection des oiseaux et des baleines.<\/p>\n<p><b>3. Mettre fin \u00e0 la guerre en Ukraine avant de prendre ses fonctions : <\/b>Trump a affirm\u00e9 \u00e0 plusieurs reprises qu\u2019il pourrait mettre fin \u00e0 la guerre d\u2019agression russe en Ukraine dans les 24 heures. Lors d&rsquo;un rassemblement \u00e9lectoral en G\u00e9orgie fin juin, il est all\u00e9 plus loin et a d\u00e9clar\u00e9 qu&rsquo;il pouvait r\u00e9soudre le conflit avant m\u00eame de prendre ses fonctions. Il n&rsquo;a pas dit comment il voulait faire \u00e7a.<\/p>\n<p>Selon certaines informations, il existe d\u00e9sormais des id\u00e9es plus concr\u00e8tes dans l&rsquo;environnement de Trump : le Wall Street Journal a rapport\u00e9 que l&rsquo;une d&rsquo;elles serait que l&rsquo;Ukraine devrait renoncer \u00e0 adh\u00e9rer \u00e0 l&rsquo;OTAN pendant 20 ans et que les \u00c9tats-Unis continueraient \u00e0 fournir des armes en \u00e9change. Le plan pr\u00e9voit \u00e9galement une zone d\u00e9militaris\u00e9e le long du front. Les plans exacts que Trump poursuivra finalement ne sont absolument pas clairs.<\/p>\n<div id=\"attachment_401410\" class=\"wp-caption alignleft\" style=\"max-width: 300px\"><img decoding=\"async\" class=\"wp-image-401410 size-medium\" src=\"https:\/\/vieassociative.be\/actualites\/wp-content\/uploads\/2024\/11\/1731377834_882_Migrations-guerre-en-Ukraine-et-folie-transgenre.jpg\" alt=\"\" width=\"300\" height=\"200\"><\/p>\n<p class=\"wp-caption-text\">27 septembre 2024, \u00c9tats-Unis, New York : Donald Trump (r) serre la main du pr\u00e9sident ukrainien Volodymyr Zelenskyj (l) lors d&rsquo;une r\u00e9union \u00e0 la Trump Tower. Photo : Julia Demaree Nikhinson\/AP\/dpa<\/p>\n<\/div>\n<p><b>4. Lever l\u2019interdiction de la discrimination envers les personnes trans : <\/b>Les rassemblements de Trump ont \u00e9t\u00e9 particuli\u00e8rement applaudis chaque fois qu&rsquo;il a promis de \u00ab garder les hommes \u00e0 l&rsquo;\u00e9cart des sports f\u00e9minins \u00bb et de mettre fin \u00e0 la \u00ab folie transgenre \u00bb de l&rsquo;administration Biden. Sur sc\u00e8ne, il se moquait des personnes transgenres.<\/p>\n<p>Trump a d\u00e9clar\u00e9 d\u00e8s son premier jour de mandat qu&rsquo;il abrogerait l&rsquo;interdiction de la discrimination fond\u00e9e sur l&rsquo;orientation sexuelle et l&rsquo;identit\u00e9 de genre dans les \u00e9coles que l&rsquo;administration avait mise en place plus t\u00f4t cette ann\u00e9e pour prot\u00e9ger les \u00e9tudiants transgenres. \u00ab Nous allons y mettre fin d\u00e8s le premier jour \u00bb, a d\u00e9clar\u00e9 Trump lors d\u2019une \u00e9mission de radio conservatrice \u00e0 Philadelphie en octobre.<\/p>\n<p><b>5. Pardon aux adeptes violents\u00a0: <\/b>Trump a \u00e9galement promis pendant la campagne \u00e9lectorale de gracier les partisans qui ont particip\u00e9 \u00e0 la violente prise du Capitole am\u00e9ricain le 6 janvier 2021 et qui ont \u00e9t\u00e9 condamn\u00e9s en cons\u00e9quence.<\/p>\n<p>\u00ab D\u00e8s que nous gagnerons, nous examinerons rapidement les cas de tous les prisonniers politiques qui ont \u00e9t\u00e9 injustement victimes du r\u00e9gime Harris. Et je signerai leurs gr\u00e2ces d\u00e8s le premier jour \u00bb, a d\u00e9clar\u00e9 Trump lors d\u2019un rassemblement en septembre. Il a \u00e9galement annonc\u00e9 qu&rsquo;il prendrait des mesures contre les procureurs qui avaient fait avancer les poursuites p\u00e9nales \u00e0 son encontre. (dpa)<\/p>\n<p><em><strong>Sur le sujet, voir aussi l&rsquo;article suivant sur l&rsquo;OD :<\/strong><\/em><\/p>\n<div class=\"responsive-embed widescreen\">\n<blockquote class=\"wp-embedded-content\" data-secret=\"sEVgc6BmK3\">\n<p>Les \u00e9lections am\u00e9ricaines, une gifle retentissante pour les d\u00e9mologues : la \u00ab majorit\u00e9 silencieuse \u00bb d\u00e9cide (interjection)<\/p>\n<\/blockquote>\n<p><iframe loading=\"lazy\" class=\"wp-embedded-content\" sandbox=\"allow-scripts\" security=\"restricted\" style=\"position: absolute; visibility: hidden;\" title=\"\u201eUS-Wahl eine schallende Ohrfeige f\u00fcr Demoskopen: \u201eSchweigende Mehrheit\u201c entscheidet (Zwischenruf)\u201c \u2014 Ostbelgien Direkt\" src=\"https:\/\/ostbelgiendirekt.be\/about:blank\" data-secret=\"sEVgc6BmK3\" width=\"500\" height=\"282\" frameborder=\"0\" marginwidth=\"0\" marginheight=\"0\" scrolling=\"no\" data-rocket-lazyload=\"fitvidscompatible\" data-lazy-src=\"https:\/\/ostbelgiendirekt.be\/ohrfeige-fuer-demoskopen-zwischenruf-401240\/embed#?secret=RE0lGud1Ar#?secret=sEVgc6BmK3\"><\/iframe><noscript><iframe class=\"wp-embedded-content\" sandbox=\"allow-scripts\" security=\"restricted\" style=\"position: absolute; visibility: hidden;\" title=\"\u201eUS-Wahl eine schallende Ohrfeige f\u00fcr Demoskopen: \u201eSchweigende Mehrheit\u201c entscheidet (Zwischenruf)\u201c \u2014 Ostbelgien Direkt\" src=\"https:\/\/ostbelgiendirekt.be\/ohrfeige-fuer-demoskopen-zwischenruf-401240\/embed#?secret=RE0lGud1Ar#?secret=sEVgc6BmK3\" data-secret=\"sEVgc6BmK3\" width=\"500\" height=\"282\" frameborder=\"0\" marginwidth=\"0\" marginheight=\"0\" scrolling=\"no\"><\/iframe><\/noscript><\/p>\n<\/div>\n","protected":false},"excerpt":{"rendered":"<p>Donald Trump a de grands projets. D\u00e8s son premier jour de mandat, l&rsquo;ancien et futur pr\u00e9sident des \u00c9tats-Unis souhaite s&rsquo;attaquer \u00e0 toutes sortes de probl\u00e8mes<\/p>\n","protected":false},"author":1,"featured_media":2320,"comment_status":"","ping_status":"","sticky":false,"template":"","format":"standard","meta":{"footnotes":""},"categories":[298],"tags":[10,3072,2637,1631,1182,3070,3074,3075,1745,3073,2425,3071,2635],"class_list":["post-2319","post","type-post","status-publish","format-standard","has-post-thumbnail","hentry","category-belgique","tag-americain","tag-folie","tag-guerre","tag-immediatement","tag-mettre","tag-migrations","tag-oeuvre","tag-president","tag-tant","tag-transgenre","tag-trump","tag-ukraine","tag-veut","generate-columns","tablet-grid-50","mobile-grid-100","grid-parent","grid-33"],"yoast_head":"<!-- This site is optimized with the Yoast SEO plugin v24.0 - https:\/\/yoast.com\/wordpress\/plugins\/seo\/ -->\n<title>Migrations, guerre en Ukraine et \u00ab folie transgenre \u00bb : ce que Trump veut mettre en \u0153uvre imm\u00e9diatement en tant que pr\u00e9sident am\u00e9ricain | Vie Associative<\/title>\n<meta name=\"robots\" content=\"index, follow, max-snippet:-1, max-image-preview:large, max-video-preview:-1\" \/>\n<link rel=\"canonical\" href=\"https:\/\/vieassociative.be\/actualites\/migrations-guerre-en-ukraine-et-folie-transgenre-ce-que-trump-veut-mettre-en-oeuvre-immediatement-en-tant-que-president-americain\/\" \/>\n<meta property=\"og:locale\" content=\"fr_FR\" \/>\n<meta property=\"og:type\" content=\"article\" \/>\n<meta property=\"og:title\" content=\"Migrations, guerre en Ukraine et \u00ab folie transgenre \u00bb : ce que Trump veut mettre en \u0153uvre imm\u00e9diatement en tant que pr\u00e9sident am\u00e9ricain | Vie Associative\" \/>\n<meta property=\"og:description\" content=\"Donald Trump a de grands projets. D\u00e8s son premier jour de mandat, l&rsquo;ancien et futur pr\u00e9sident des \u00c9tats-Unis souhaite s&rsquo;attaquer \u00e0 toutes sortes de probl\u00e8mes\" \/>\n<meta property=\"og:url\" content=\"https:\/\/vieassociative.be\/actualites\/migrations-guerre-en-ukraine-et-folie-transgenre-ce-que-trump-veut-mettre-en-oeuvre-immediatement-en-tant-que-president-americain\/\" \/>\n<meta property=\"og:site_name\" content=\"Vie Associative\" \/>\n<meta property=\"article:published_time\" content=\"2024-11-12T02:17:14+00:00\" \/>\n<meta property=\"og:image\" content=\"https:\/\/vieassociative.be\/actualites\/wp-content\/uploads\/2024\/11\/Migrations-guerre-en-Ukraine-et-folie-transgenre.jpg\" \/>\n<meta name=\"author\" content=\"Julien\" \/>\n<meta name=\"twitter:card\" content=\"summary_large_image\" \/>\n<meta name=\"twitter:label1\" content=\"\u00c9crit par\" \/>\n\t<meta name=\"twitter:data1\" content=\"Julien\" \/>\n\t<meta name=\"twitter:label2\" content=\"Dur\u00e9e de lecture est.\" \/>\n\t<meta name=\"twitter:data2\" content=\"5 minutes\" \/>\n<script type=\"application\/ld+json\" class=\"yoast-schema-graph\">{\"@context\":\"https:\/\/schema.org\",\"@graph\":[{\"@type\":\"Article\",\"@id\":\"https:\/\/vieassociative.be\/actualites\/migrations-guerre-en-ukraine-et-folie-transgenre-ce-que-trump-veut-mettre-en-oeuvre-immediatement-en-tant-que-president-americain\/#article\",\"isPartOf\":{\"@id\":\"https:\/\/vieassociative.be\/actualites\/migrations-guerre-en-ukraine-et-folie-transgenre-ce-que-trump-veut-mettre-en-oeuvre-immediatement-en-tant-que-president-americain\/\"},\"author\":{\"name\":\"Julien\",\"@id\":\"https:\/\/vieassociative.be\/actualites\/#\/schema\/person\/b87ac4f82f9d4e7b7cec7395b679edc4\"},\"headline\":\"Migrations, guerre en Ukraine et \u00ab folie transgenre \u00bb : ce que Trump veut mettre en \u0153uvre imm\u00e9diatement en tant que pr\u00e9sident am\u00e9ricain\",\"datePublished\":\"2024-11-12T02:17:14+00:00\",\"dateModified\":\"2024-11-12T02:17:14+00:00\",\"mainEntityOfPage\":{\"@id\":\"https:\/\/vieassociative.be\/actualites\/migrations-guerre-en-ukraine-et-folie-transgenre-ce-que-trump-veut-mettre-en-oeuvre-immediatement-en-tant-que-president-americain\/\"},\"wordCount\":1092,\"publisher\":{\"@id\":\"https:\/\/vieassociative.be\/actualites\/#organization\"},\"image\":{\"@id\":\"https:\/\/vieassociative.be\/actualites\/migrations-guerre-en-ukraine-et-folie-transgenre-ce-que-trump-veut-mettre-en-oeuvre-immediatement-en-tant-que-president-americain\/#primaryimage\"},\"thumbnailUrl\":\"https:\/\/vieassociative.be\/actualites\/wp-content\/uploads\/2024\/11\/1731377835_Migrations-guerre-en-Ukraine-et-folie-transgenre.jpg\",\"keywords\":[\"am\u00e9ricain\",\"folie\",\"guerre\",\"imm\u00e9diatement\",\"mettre\",\"Migrations\",\"\u0153uvre\",\"pr\u00e9sident\",\"tant\",\"transgenre\",\"Trump\",\"Ukraine\",\"veut\"],\"articleSection\":[\"Belgique\"],\"inLanguage\":\"fr-BE\"},{\"@type\":\"WebPage\",\"@id\":\"https:\/\/vieassociative.be\/actualites\/migrations-guerre-en-ukraine-et-folie-transgenre-ce-que-trump-veut-mettre-en-oeuvre-immediatement-en-tant-que-president-americain\/\",\"url\":\"https:\/\/vieassociative.be\/actualites\/migrations-guerre-en-ukraine-et-folie-transgenre-ce-que-trump-veut-mettre-en-oeuvre-immediatement-en-tant-que-president-americain\/\",\"name\":\"Migrations, guerre en Ukraine et \u00ab folie transgenre \u00bb : ce que Trump veut mettre en \u0153uvre imm\u00e9diatement en tant que pr\u00e9sident am\u00e9ricain | Vie Associative\",\"isPartOf\":{\"@id\":\"https:\/\/vieassociative.be\/actualites\/#website\"},\"primaryImageOfPage\":{\"@id\":\"https:\/\/vieassociative.be\/actualites\/migrations-guerre-en-ukraine-et-folie-transgenre-ce-que-trump-veut-mettre-en-oeuvre-immediatement-en-tant-que-president-americain\/#primaryimage\"},\"image\":{\"@id\":\"https:\/\/vieassociative.be\/actualites\/migrations-guerre-en-ukraine-et-folie-transgenre-ce-que-trump-veut-mettre-en-oeuvre-immediatement-en-tant-que-president-americain\/#primaryimage\"},\"thumbnailUrl\":\"https:\/\/vieassociative.be\/actualites\/wp-content\/uploads\/2024\/11\/1731377835_Migrations-guerre-en-Ukraine-et-folie-transgenre.jpg\",\"datePublished\":\"2024-11-12T02:17:14+00:00\",\"dateModified\":\"2024-11-12T02:17:14+00:00\",\"breadcrumb\":{\"@id\":\"https:\/\/vieassociative.be\/actualites\/migrations-guerre-en-ukraine-et-folie-transgenre-ce-que-trump-veut-mettre-en-oeuvre-immediatement-en-tant-que-president-americain\/#breadcrumb\"},\"inLanguage\":\"fr-BE\",\"potentialAction\":[{\"@type\":\"ReadAction\",\"target\":[\"https:\/\/vieassociative.be\/actualites\/migrations-guerre-en-ukraine-et-folie-transgenre-ce-que-trump-veut-mettre-en-oeuvre-immediatement-en-tant-que-president-americain\/\"]}]},{\"@type\":\"ImageObject\",\"inLanguage\":\"fr-BE\",\"@id\":\"https:\/\/vieassociative.be\/actualites\/migrations-guerre-en-ukraine-et-folie-transgenre-ce-que-trump-veut-mettre-en-oeuvre-immediatement-en-tant-que-president-americain\/#primaryimage\",\"url\":\"https:\/\/vieassociative.be\/actualites\/wp-content\/uploads\/2024\/11\/1731377835_Migrations-guerre-en-Ukraine-et-folie-transgenre.jpg\",\"contentUrl\":\"https:\/\/vieassociative.be\/actualites\/wp-content\/uploads\/2024\/11\/1731377835_Migrations-guerre-en-Ukraine-et-folie-transgenre.jpg\",\"width\":1200,\"height\":801,\"caption\":\"Migrations, guerre en Ukraine et \u00ab folie transgenre \u00bb : ce que Trump veut mettre en \u0153uvre imm\u00e9diatement en tant que pr\u00e9sident am\u00e9ricain\"},{\"@type\":\"BreadcrumbList\",\"@id\":\"https:\/\/vieassociative.be\/actualites\/migrations-guerre-en-ukraine-et-folie-transgenre-ce-que-trump-veut-mettre-en-oeuvre-immediatement-en-tant-que-president-americain\/#breadcrumb\",\"itemListElement\":[{\"@type\":\"ListItem\",\"position\":1,\"name\":\"Accueil\",\"item\":\"https:\/\/vieassociative.be\/actualites\/\"},{\"@type\":\"ListItem\",\"position\":2,\"name\":\"Migrations, guerre en Ukraine et \u00ab folie transgenre \u00bb : ce que Trump veut mettre en \u0153uvre imm\u00e9diatement en tant que pr\u00e9sident am\u00e9ricain\"}]},{\"@type\":\"WebSite\",\"@id\":\"https:\/\/vieassociative.be\/actualites\/#website\",\"url\":\"https:\/\/vieassociative.be\/actualites\/\",\"name\":\"Vie Associative\",\"description\":\"\",\"publisher\":{\"@id\":\"https:\/\/vieassociative.be\/actualites\/#organization\"},\"potentialAction\":[{\"@type\":\"SearchAction\",\"target\":{\"@type\":\"EntryPoint\",\"urlTemplate\":\"https:\/\/vieassociative.be\/actualites\/?s={search_term_string}\"},\"query-input\":{\"@type\":\"PropertyValueSpecification\",\"valueRequired\":true,\"valueName\":\"search_term_string\"}}],\"inLanguage\":\"fr-BE\"},{\"@type\":\"Organization\",\"@id\":\"https:\/\/vieassociative.be\/actualites\/#organization\",\"name\":\"Vie Associative\",\"url\":\"https:\/\/vieassociative.be\/actualites\/\",\"logo\":{\"@type\":\"ImageObject\",\"inLanguage\":\"fr-BE\",\"@id\":\"https:\/\/vieassociative.be\/actualites\/#\/schema\/logo\/image\/\",\"url\":\"https:\/\/vieassociative.be\/actualites\/wp-content\/uploads\/2024\/09\/cropped-vieassociative_favicon.ico.png\",\"contentUrl\":\"https:\/\/vieassociative.be\/actualites\/wp-content\/uploads\/2024\/09\/cropped-vieassociative_favicon.ico.png\",\"width\":512,\"height\":512,\"caption\":\"Vie Associative\"},\"image\":{\"@id\":\"https:\/\/vieassociative.be\/actualites\/#\/schema\/logo\/image\/\"}},{\"@type\":\"Person\",\"@id\":\"https:\/\/vieassociative.be\/actualites\/#\/schema\/person\/b87ac4f82f9d4e7b7cec7395b679edc4\",\"name\":\"Julien\",\"image\":{\"@type\":\"ImageObject\",\"inLanguage\":\"fr-BE\",\"@id\":\"https:\/\/vieassociative.be\/actualites\/#\/schema\/person\/image\/\",\"url\":\"https:\/\/vieassociative.be\/actualites\/wp-content\/uploads\/2024\/09\/vie-associative-1-150x150.jpg\",\"contentUrl\":\"https:\/\/vieassociative.be\/actualites\/wp-content\/uploads\/2024\/09\/vie-associative-1-150x150.jpg\",\"caption\":\"Julien\"},\"description\":\"Je suis Julien, r\u00e9dacteur pour Vie Associative. Passionn\u00e9 par le monde associatif depuis plus de 10 ans, j'ai \u00e0 c\u0153ur de partager des histoires inspirantes et de mettre en lumi\u00e8re les initiatives locales. Mon objectif est de sensibiliser et d'encourager l'engagement communautaire \u00e0 travers mes articles.\",\"sameAs\":[\"https:\/\/vieassociative.be\/\"]}]}<\/script>\n<!-- \/ Yoast SEO plugin. -->","yoast_head_json":{"title":"Migrations, guerre en Ukraine et \u00ab folie transgenre \u00bb : ce que Trump veut mettre en \u0153uvre imm\u00e9diatement en tant que pr\u00e9sident am\u00e9ricain | Vie Associative","robots":{"index":"index","follow":"follow","max-snippet":"max-snippet:-1","max-image-preview":"max-image-preview:large","max-video-preview":"max-video-preview:-1"},"canonical":"https:\/\/vieassociative.be\/actualites\/migrations-guerre-en-ukraine-et-folie-transgenre-ce-que-trump-veut-mettre-en-oeuvre-immediatement-en-tant-que-president-americain\/","og_locale":"fr_FR","og_type":"article","og_title":"Migrations, guerre en Ukraine et \u00ab folie transgenre \u00bb : ce que Trump veut mettre en \u0153uvre imm\u00e9diatement en tant que pr\u00e9sident am\u00e9ricain | Vie Associative","og_description":"Donald Trump a de grands projets. D\u00e8s son premier jour de mandat, l&rsquo;ancien et futur pr\u00e9sident des \u00c9tats-Unis souhaite s&rsquo;attaquer \u00e0 toutes sortes de probl\u00e8mes","og_url":"https:\/\/vieassociative.be\/actualites\/migrations-guerre-en-ukraine-et-folie-transgenre-ce-que-trump-veut-mettre-en-oeuvre-immediatement-en-tant-que-president-americain\/","og_site_name":"Vie Associative","article_published_time":"2024-11-12T02:17:14+00:00","og_image":[{"url":"https:\/\/vieassociative.be\/actualites\/wp-content\/uploads\/2024\/11\/Migrations-guerre-en-Ukraine-et-folie-transgenre.jpg","type":"","width":"","height":""}],"author":"Julien","twitter_card":"summary_large_image","twitter_misc":{"\u00c9crit par":"Julien","Dur\u00e9e de lecture est.":"5 minutes"},"schema":{"@context":"https:\/\/schema.org","@graph":[{"@type":"Article","@id":"https:\/\/vieassociative.be\/actualites\/migrations-guerre-en-ukraine-et-folie-transgenre-ce-que-trump-veut-mettre-en-oeuvre-immediatement-en-tant-que-president-americain\/#article","isPartOf":{"@id":"https:\/\/vieassociative.be\/actualites\/migrations-guerre-en-ukraine-et-folie-transgenre-ce-que-trump-veut-mettre-en-oeuvre-immediatement-en-tant-que-president-americain\/"},"author":{"name":"Julien","@id":"https:\/\/vieassociative.be\/actualites\/#\/schema\/person\/b87ac4f82f9d4e7b7cec7395b679edc4"},"headline":"Migrations, guerre en Ukraine et \u00ab folie transgenre \u00bb : ce que Trump veut mettre en \u0153uvre imm\u00e9diatement en tant que pr\u00e9sident am\u00e9ricain","datePublished":"2024-11-12T02:17:14+00:00","dateModified":"2024-11-12T02:17:14+00:00","mainEntityOfPage":{"@id":"https:\/\/vieassociative.be\/actualites\/migrations-guerre-en-ukraine-et-folie-transgenre-ce-que-trump-veut-mettre-en-oeuvre-immediatement-en-tant-que-president-americain\/"},"wordCount":1092,"publisher":{"@id":"https:\/\/vieassociative.be\/actualites\/#organization"},"image":{"@id":"https:\/\/vieassociative.be\/actualites\/migrations-guerre-en-ukraine-et-folie-transgenre-ce-que-trump-veut-mettre-en-oeuvre-immediatement-en-tant-que-president-americain\/#primaryimage"},"thumbnailUrl":"https:\/\/vieassociative.be\/actualites\/wp-content\/uploads\/2024\/11\/1731377835_Migrations-guerre-en-Ukraine-et-folie-transgenre.jpg","keywords":["am\u00e9ricain","folie","guerre","imm\u00e9diatement","mettre","Migrations","\u0153uvre","pr\u00e9sident","tant","transgenre","Trump","Ukraine","veut"],"articleSection":["Belgique"],"inLanguage":"fr-BE"},{"@type":"WebPage","@id":"https:\/\/vieassociative.be\/actualites\/migrations-guerre-en-ukraine-et-folie-transgenre-ce-que-trump-veut-mettre-en-oeuvre-immediatement-en-tant-que-president-americain\/","url":"https:\/\/vieassociative.be\/actualites\/migrations-guerre-en-ukraine-et-folie-transgenre-ce-que-trump-veut-mettre-en-oeuvre-immediatement-en-tant-que-president-americain\/","name":"Migrations, guerre en Ukraine et \u00ab folie transgenre \u00bb : ce que Trump veut mettre en \u0153uvre imm\u00e9diatement en tant que pr\u00e9sident am\u00e9ricain | Vie Associative","isPartOf":{"@id":"https:\/\/vieassociative.be\/actualites\/#website"},"primaryImageOfPage":{"@id":"https:\/\/vieassociative.be\/actualites\/migrations-guerre-en-ukraine-et-folie-transgenre-ce-que-trump-veut-mettre-en-oeuvre-immediatement-en-tant-que-president-americain\/#primaryimage"},"image":{"@id":"https:\/\/vieassociative.be\/actualites\/migrations-guerre-en-ukraine-et-folie-transgenre-ce-que-trump-veut-mettre-en-oeuvre-immediatement-en-tant-que-president-americain\/#primaryimage"},"thumbnailUrl":"https:\/\/vieassociative.be\/actualites\/wp-content\/uploads\/2024\/11\/1731377835_Migrations-guerre-en-Ukraine-et-folie-transgenre.jpg","datePublished":"2024-11-12T02:17:14+00:00","dateModified":"2024-11-12T02:17:14+00:00","breadcrumb":{"@id":"https:\/\/vieassociative.be\/actualites\/migrations-guerre-en-ukraine-et-folie-transgenre-ce-que-trump-veut-mettre-en-oeuvre-immediatement-en-tant-que-president-americain\/#breadcrumb"},"inLanguage":"fr-BE","potentialAction":[{"@type":"ReadAction","target":["https:\/\/vieassociative.be\/actualites\/migrations-guerre-en-ukraine-et-folie-transgenre-ce-que-trump-veut-mettre-en-oeuvre-immediatement-en-tant-que-president-americain\/"]}]},{"@type":"ImageObject","inLanguage":"fr-BE","@id":"https:\/\/vieassociative.be\/actualites\/migrations-guerre-en-ukraine-et-folie-transgenre-ce-que-trump-veut-mettre-en-oeuvre-immediatement-en-tant-que-president-americain\/#primaryimage","url":"https:\/\/vieassociative.be\/actualites\/wp-content\/uploads\/2024\/11\/1731377835_Migrations-guerre-en-Ukraine-et-folie-transgenre.jpg","contentUrl":"https:\/\/vieassociative.be\/actualites\/wp-content\/uploads\/2024\/11\/1731377835_Migrations-guerre-en-Ukraine-et-folie-transgenre.jpg","width":1200,"height":801,"caption":"Migrations, guerre en Ukraine et \u00ab folie transgenre \u00bb : ce que Trump veut mettre en \u0153uvre imm\u00e9diatement en tant que pr\u00e9sident am\u00e9ricain"},{"@type":"BreadcrumbList","@id":"https:\/\/vieassociative.be\/actualites\/migrations-guerre-en-ukraine-et-folie-transgenre-ce-que-trump-veut-mettre-en-oeuvre-immediatement-en-tant-que-president-americain\/#breadcrumb","itemListElement":[{"@type":"ListItem","position":1,"name":"Accueil","item":"https:\/\/vieassociative.be\/actualites\/"},{"@type":"ListItem","position":2,"name":"Migrations, guerre en Ukraine et \u00ab folie transgenre \u00bb : ce que Trump veut mettre en \u0153uvre imm\u00e9diatement en tant que pr\u00e9sident am\u00e9ricain"}]},{"@type":"WebSite","@id":"https:\/\/vieassociative.be\/actualites\/#website","url":"https:\/\/vieassociative.be\/actualites\/","name":"Vie Associative","description":"","publisher":{"@id":"https:\/\/vieassociative.be\/actualites\/#organization"},"potentialAction":[{"@type":"SearchAction","target":{"@type":"EntryPoint","urlTemplate":"https:\/\/vieassociative.be\/actualites\/?s={search_term_string}"},"query-input":{"@type":"PropertyValueSpecification","valueRequired":true,"valueName":"search_term_string"}}],"inLanguage":"fr-BE"},{"@type":"Organization","@id":"https:\/\/vieassociative.be\/actualites\/#organization","name":"Vie Associative","url":"https:\/\/vieassociative.be\/actualites\/","logo":{"@type":"ImageObject","inLanguage":"fr-BE","@id":"https:\/\/vieassociative.be\/actualites\/#\/schema\/logo\/image\/","url":"https:\/\/vieassociative.be\/actualites\/wp-content\/uploads\/2024\/09\/cropped-vieassociative_favicon.ico.png","contentUrl":"https:\/\/vieassociative.be\/actualites\/wp-content\/uploads\/2024\/09\/cropped-vieassociative_favicon.ico.png","width":512,"height":512,"caption":"Vie Associative"},"image":{"@id":"https:\/\/vieassociative.be\/actualites\/#\/schema\/logo\/image\/"}},{"@type":"Person","@id":"https:\/\/vieassociative.be\/actualites\/#\/schema\/person\/b87ac4f82f9d4e7b7cec7395b679edc4","name":"Julien","image":{"@type":"ImageObject","inLanguage":"fr-BE","@id":"https:\/\/vieassociative.be\/actualites\/#\/schema\/person\/image\/","url":"https:\/\/vieassociative.be\/actualites\/wp-content\/uploads\/2024\/09\/vie-associative-1-150x150.jpg","contentUrl":"https:\/\/vieassociative.be\/actualites\/wp-content\/uploads\/2024\/09\/vie-associative-1-150x150.jpg","caption":"Julien"},"description":"Je suis Julien, r\u00e9dacteur pour Vie Associative. Passionn\u00e9 par le monde associatif depuis plus de 10 ans, j'ai \u00e0 c\u0153ur de partager des histoires inspirantes et de mettre en lumi\u00e8re les initiatives locales. Mon objectif est de sensibiliser et d'encourager l'engagement communautaire \u00e0 travers mes articles.","sameAs":["https:\/\/vieassociative.be\/"]}]}},"_links":{"self":[{"href":"https:\/\/vieassociative.be\/actualites\/wp-json\/wp\/v2\/posts\/2319"}],"collection":[{"href":"https:\/\/vieassociative.be\/actualites\/wp-json\/wp\/v2\/posts"}],"about":[{"href":"https:\/\/vieassociative.be\/actualites\/wp-json\/wp\/v2\/types\/post"}],"author":[{"embeddable":true,"href":"https:\/\/vieassociative.be\/actualites\/wp-json\/wp\/v2\/users\/1"}],"replies":[{"embeddable":true,"href":"https:\/\/vieassociative.be\/actualites\/wp-json\/wp\/v2\/comments?post=2319"}],"version-history":[{"count":0,"href":"https:\/\/vieassociative.be\/actualites\/wp-json\/wp\/v2\/posts\/2319\/revisions"}],"wp:featuredmedia":[{"embeddable":true,"href":"https:\/\/vieassociative.be\/actualites\/wp-json\/wp\/v2\/media\/2320"}],"wp:attachment":[{"href":"https:\/\/vieassociative.be\/actualites\/wp-json\/wp\/v2\/media?parent=2319"}],"wp:term":[{"taxonomy":"category","embeddable":true,"href":"https:\/\/vieassociative.be\/actualites\/wp-json\/wp\/v2\/categories?post=2319"},{"taxonomy":"post_tag","embeddable":true,"href":"https:\/\/vieassociative.be\/actualites\/wp-json\/wp\/v2\/tags?post=2319"}],"curies":[{"name":"wp","href":"https:\/\/api.w.org\/{rel}","templated":true}]}}