{"id":2313,"date":"2024-11-12T00:17:34","date_gmt":"2024-11-11T23:17:34","guid":{"rendered":"https:\/\/vieassociative.be\/actualites\/que-faire-lorsque-votre-enfant-commence-a-pretendre-que-le-pere-noel-nexiste-pas\/"},"modified":"2024-11-12T00:17:34","modified_gmt":"2024-11-11T23:17:34","slug":"que-faire-lorsque-votre-enfant-commence-a-pretendre-que-le-pere-noel-nexiste-pas","status":"publish","type":"post","link":"https:\/\/vieassociative.be\/actualites\/que-faire-lorsque-votre-enfant-commence-a-pretendre-que-le-pere-noel-nexiste-pas\/","title":{"rendered":"Que faire lorsque votre enfant commence \u00e0 pr\u00e9tendre que le P\u00e8re No\u00ebl n&rsquo;existe pas"},"content":{"rendered":"<div class=\"mt-4 leading-6 md:mb-8\">\u00c0 un moment donn\u00e9, ils le d\u00e9couvrent tous, mais voici ce qu&rsquo;il faut faire si c&rsquo;est votre enfant qui le r\u00e9v\u00e8le aux autres.<\/div>\n<p><\/p>\n<p>L&rsquo;ann\u00e9e derni\u00e8re, ce n&rsquo;\u00e9tait m\u00eame pas Thanksgiving et mon fils de 7 ans l&rsquo;avait d\u00e9j\u00e0 laiss\u00e9 couler. Nous rentrions de l&rsquo;\u00e9cole en voiture avec son fr\u00e8re de 5 ans, notre voisin de 6 ans, quand, tout \u00e0 coup, elle l&rsquo;a dit : \u00ab Le P\u00e8re No\u00ebl n&rsquo;existe pas. \u00bb<\/p>\n<p>Bien qu&rsquo;il existe de bons conseils sur ce qu&rsquo;il faut faire lorsque votre enfant ne croit plus, je n&rsquo;\u00e9tais pas pr\u00e9par\u00e9 aux cons\u00e9quences sociales potentielles du fait que ma fille \u00e9craserait les espoirs et les r\u00eaves de <em>autre<\/em> enfants. J&rsquo;ai donc demand\u00e9 \u00e0 Shoshana Fagen, psychologue au Franciscan Children&rsquo;s, et \u00e0 la psychiatre et coach parentale Jess Beachkofsky, des conseils sur ce que les parents peuvent faire si : <em>leur<\/em> L&rsquo;enfant est celui qui dit aux autres qu&rsquo;il n&rsquo;y a pas de P\u00e8re No\u00ebl.<\/p>\n<h2 id=\"recruit-their-help-or-let-go-of-the-story-altogether\">Recrutez leur aide ou abandonnez compl\u00e8tement l\u2019histoire<\/h2>\n<p>Premi\u00e8rement, dirent-ils tous les deux, isolez celui qui a parl\u00e9. \u00abC&rsquo;est une bonne id\u00e9e de faire asseoir votre enfant plus \u00e2g\u00e9 en priv\u00e9 pour discuter avec lui de vos attentes\u00bb, explique Fagan. Ensuite, faites appel \u00e0 leur ego. \u00abParlez \u00e0 l&rsquo;enfant de son intelligence\u00bb, explique Beachofsky. \u00ab Parfois, si vous voulez vraiment garder le secret de l\u2019histoire, vous pouvez vous entendre avec les opposants et les amener \u00e0 adh\u00e9rer \u00e0 la ruse. Cela peut \u00eatre amusant pour un enfant de conna\u00eetre la v\u00e9rit\u00e9 et d\u2019\u00eatre de m\u00e8che avec les adultes pour garder l\u2019histoire vivante \u00bb, dit-elle. <\/p>\n<p>Beachkofsky sugg\u00e8re \u00e9galement la transparence : \u00ab Expliquez pourquoi l&rsquo;histoire est importante pour toute la famille, pourquoi vous avez continu\u00e9 \u00e0 la raconter et qu&rsquo;il est important pour vous qu&rsquo;elle continue aussi longtemps que possible (c&rsquo;est-\u00e0-dire \u00ab indice, indice, s&rsquo;il vous pla\u00eet, ne le faites pas \u00bb). ne le dis pas \u00e0 ton petit fr\u00e8re !&rsquo;)\u201d<\/p>\n<p>Gardez \u00e0 l\u2019esprit que votre enfant peut ressentir un sentiment de trahison si vous lui dites que ses th\u00e9ories sont correctes. \u00ab\u00a0Les enfants peuvent avoir des sentiments \u00e9tonnamment compliqu\u00e9s \u00e0 l&rsquo;id\u00e9e que quelque chose de super magique soit une \u00e9norme histoire imaginaire \u00e0 laquelle presque tout le monde participe\u00a0\u00bb, explique Beachkofsky. Elle sugg\u00e8re donc de leur donner un espace pour exprimer leurs sentiments et leur faire savoir que vous entendez leurs griefs.<\/p>\n<p>\u00ab Si vous souhaitez perp\u00e9tuer la tradition du P\u00e8re No\u00ebl dans votre famille apr\u00e8s qu\u2019un enfant ait perdu la foi, vous pouvez continuer. Sachez simplement que vous savez tous les deux qu\u2019il ne s\u2019agit plus que de tradition \u00bb, d\u00e9clare Fagan.<\/p>\n<p>Si les enfants \u00e0 qui on a dit la v\u00e9rit\u00e9 de mani\u00e8re inattendue sont boulevers\u00e9s, vous devrez faire des choix. \u00ab\u00a0La solution la plus simple est de mettre tout le monde sur la m\u00eame longueur d&rsquo;onde \u00e0 propos de l&rsquo;histoire\u00a0\u00bb, explique Beachkofsky, ce qui signifie que vous devrez peut-\u00eatre laisser la magie op\u00e9rer avant d&rsquo;avoir anticip\u00e9 ce qui se passe pour vos plus jeunes enfants. Cela peut \u00eatre triste mais, comme l&rsquo;ajoute Fagan, \u00ab il est toujours acceptable d&rsquo;abandonner toute tradition familiale que vous avez d\u00e9j\u00e0 commenc\u00e9e. Aucune tradition n\u2019est un engagement \u00e0 vie.<\/p>\n<h2 id=\"how-to-handle-kids-who-arent-yours\">Comment g\u00e9rer les enfants qui ne sont pas les v\u00f4tres<\/h2>\n<p>Essayez d&rsquo;\u00e9viter de parler du P\u00e8re No\u00ebl <em>du tout<\/em> avec des enfants qui ne sont pas les v\u00f4tres, notamment parce qu &lsquo;\u00abils peuvent en fait avoir des diff\u00e9rences dans leur histoire du P\u00e8re No\u00ebl qui ont \u00e9t\u00e9 transmises de g\u00e9n\u00e9ration en g\u00e9n\u00e9ration\u00bb, explique Fagan. \u00ab\u00a0Vous ne voudriez pas g\u00e2cher accidentellement une partie de leur histoire du P\u00e8re No\u00ebl sans le savoir.\u00a0\u00bb<\/p>\n<p>Si cela se produit, cependant, \u00ab dites des choses aussi vagues et sans engagement que possible \u00bb, conseille Beachkofsky. \u00abEssayez d&rsquo;\u00eatre r\u00e9fl\u00e9chi dans vos choix de mots. Je d\u00e9conseillerais \u00ab\u00a0Nous ne croyons pas au P\u00e8re No\u00ebl ici\u00a0\u00bb, qui donne \u00e0 penser qu&rsquo;il n&rsquo;est pas r\u00e9el, plut\u00f4t que \u00ab\u00a0Il ne visite pas notre maison\u00a0\u00bb, qui est vrai mais ne donne pas l&rsquo;id\u00e9e qu&rsquo;il est invent\u00e9. .\u00bb<\/p>\n<p>Pour une question directe, dit Beachkofsky, si un enfant vous pose des questions directes sur l&rsquo;existence de M. Claus, dites : \u00ab Nous ne parlons pas de politique, de religion ou du P\u00e8re No\u00ebl sans une d\u00e9claration sign\u00e9e de vos parents. \u00bb Le jargon juridique peut fonctionner sur eux, mais s&rsquo;ils vous regardent d&rsquo;un air trop vide, vous pouvez \u00e9galement dire : \u00ab C&rsquo;est une excellente question ! Je parie que ta m\u00e8re adorerait \u00eatre celle qui t&rsquo;en parlera davantage \u00bb, dit-elle.<\/p>\n<p>Si les enfants \u00e0 qui votre enfant a racont\u00e9 l&rsquo;histoire ne sont pas les v\u00f4tres, vous devez informer les parents de ce qui s&rsquo;est pass\u00e9 : vous ne voulez pas qu&rsquo;une conversation similaire se d\u00e9roule lors de leur prochain rendez-vous de jeu ou d\u00eener de famille. \u00ab\u00a0Pour certains, c&rsquo;est une perte \u00e9norme et on a vraiment l&rsquo;impression que leurs petits sont sur le point de d\u00e9m\u00e9nager\u00a0\u00bb, explique Beachkofsky. <\/p>\n<p>Si les autres parents se mettent en col\u00e8re contre vous, ne vous en faites pas trop. \u00ab\u00a0Des excuses peuvent aider un parent contrari\u00e9, mais tous les enfants finissent par d\u00e9couvrir la v\u00e9rit\u00e9 derri\u00e8re le P\u00e8re No\u00ebl de diverses mani\u00e8res qui \u00e9chappent \u00e0 votre contr\u00f4le\u00a0\u00bb, explique Beachkofsky.<\/p>\n<p>Grandir, c&rsquo;est avant tout avoir de petits moments de clart\u00e9. Aider vos enfants \u00e0 franchir ces \u00e9tapes avec douceur et amour fait partie du travail, m\u00eame si c&rsquo;est doux-amer d&rsquo;atteindre ces \u00e9tapes. <\/p>\n","protected":false},"excerpt":{"rendered":"<p>\u00c0 un moment donn\u00e9, ils le d\u00e9couvrent tous, mais voici ce qu&rsquo;il faut faire si c&rsquo;est votre enfant qui le r\u00e9v\u00e8le aux autres. L&rsquo;ann\u00e9e derni\u00e8re,<\/p>\n","protected":false},"author":1,"featured_media":2314,"comment_status":"","ping_status":"","sticky":false,"template":"","format":"standard","meta":{"footnotes":""},"categories":[37],"tags":[1051,295,127,559,949,1557,126,3065,3064,8],"class_list":["post-2313","post","type-post","status-publish","format-standard","has-post-thumbnail","hentry","category-famille","tag-commence","tag-enfant","tag-faire","tag-lorsque","tag-nexiste","tag-noel","tag-pas","tag-pere","tag-pretendre","tag-votre","generate-columns","tablet-grid-50","mobile-grid-100","grid-parent","grid-33"],"yoast_head":"<!-- This site is optimized with the Yoast SEO plugin v24.0 - https:\/\/yoast.com\/wordpress\/plugins\/seo\/ -->\n<title>Que faire lorsque votre enfant commence \u00e0 pr\u00e9tendre que le P\u00e8re No\u00ebl n&#039;existe pas | Vie Associative<\/title>\n<meta name=\"robots\" content=\"index, follow, max-snippet:-1, max-image-preview:large, max-video-preview:-1\" \/>\n<link rel=\"canonical\" href=\"https:\/\/vieassociative.be\/actualites\/que-faire-lorsque-votre-enfant-commence-a-pretendre-que-le-pere-noel-nexiste-pas\/\" \/>\n<meta property=\"og:locale\" content=\"fr_FR\" \/>\n<meta property=\"og:type\" content=\"article\" \/>\n<meta property=\"og:title\" content=\"Que faire lorsque votre enfant commence \u00e0 pr\u00e9tendre que le P\u00e8re No\u00ebl n&#039;existe pas | Vie Associative\" \/>\n<meta property=\"og:description\" content=\"\u00c0 un moment donn\u00e9, ils le d\u00e9couvrent tous, mais voici ce qu&rsquo;il faut faire si c&rsquo;est votre enfant qui le r\u00e9v\u00e8le aux autres. L&rsquo;ann\u00e9e derni\u00e8re,\" \/>\n<meta property=\"og:url\" content=\"https:\/\/vieassociative.be\/actualites\/que-faire-lorsque-votre-enfant-commence-a-pretendre-que-le-pere-noel-nexiste-pas\/\" \/>\n<meta property=\"og:site_name\" content=\"Vie Associative\" \/>\n<meta property=\"article:published_time\" content=\"2024-11-11T23:17:34+00:00\" \/>\n<meta property=\"og:image\" content=\"https:\/\/vieassociative.be\/actualites\/wp-content\/uploads\/2024\/09\/header_backgroundk-01-e1726694325946.png\" \/>\n\t<meta property=\"og:image:width\" content=\"279\" \/>\n\t<meta property=\"og:image:height\" content=\"92\" \/>\n\t<meta property=\"og:image:type\" content=\"image\/png\" \/>\n<meta name=\"author\" content=\"Julien\" \/>\n<meta name=\"twitter:card\" content=\"summary_large_image\" \/>\n<meta name=\"twitter:label1\" content=\"\u00c9crit par\" \/>\n\t<meta name=\"twitter:data1\" content=\"Julien\" \/>\n\t<meta name=\"twitter:label2\" content=\"Dur\u00e9e de lecture est.\" \/>\n\t<meta name=\"twitter:data2\" content=\"5 minutes\" \/>\n<script type=\"application\/ld+json\" class=\"yoast-schema-graph\">{\"@context\":\"https:\/\/schema.org\",\"@graph\":[{\"@type\":\"Article\",\"@id\":\"https:\/\/vieassociative.be\/actualites\/que-faire-lorsque-votre-enfant-commence-a-pretendre-que-le-pere-noel-nexiste-pas\/#article\",\"isPartOf\":{\"@id\":\"https:\/\/vieassociative.be\/actualites\/que-faire-lorsque-votre-enfant-commence-a-pretendre-que-le-pere-noel-nexiste-pas\/\"},\"author\":{\"name\":\"Julien\",\"@id\":\"https:\/\/vieassociative.be\/actualites\/#\/schema\/person\/b87ac4f82f9d4e7b7cec7395b679edc4\"},\"headline\":\"Que faire lorsque votre enfant commence \u00e0 pr\u00e9tendre que le P\u00e8re No\u00ebl n&rsquo;existe pas\",\"datePublished\":\"2024-11-11T23:17:34+00:00\",\"dateModified\":\"2024-11-11T23:17:34+00:00\",\"mainEntityOfPage\":{\"@id\":\"https:\/\/vieassociative.be\/actualites\/que-faire-lorsque-votre-enfant-commence-a-pretendre-que-le-pere-noel-nexiste-pas\/\"},\"wordCount\":997,\"publisher\":{\"@id\":\"https:\/\/vieassociative.be\/actualites\/#organization\"},\"image\":{\"@id\":\"https:\/\/vieassociative.be\/actualites\/que-faire-lorsque-votre-enfant-commence-a-pretendre-que-le-pere-noel-nexiste-pas\/#primaryimage\"},\"thumbnailUrl\":\"https:\/\/vieassociative.be\/actualites\/wp-content\/uploads\/2024\/11\/Que-faire-lorsque-votre-enfant-commence-a-pretendre-que-le.jpg\",\"keywords\":[\"commenc\u00e9\",\"enfant\",\"faire\",\"lorsque\",\"nexiste\",\"No\u00ebl\",\"pas\",\"P\u00e8re\",\"pr\u00e9tendre\",\"votre\"],\"articleSection\":[\"Famille\"],\"inLanguage\":\"fr-BE\"},{\"@type\":\"WebPage\",\"@id\":\"https:\/\/vieassociative.be\/actualites\/que-faire-lorsque-votre-enfant-commence-a-pretendre-que-le-pere-noel-nexiste-pas\/\",\"url\":\"https:\/\/vieassociative.be\/actualites\/que-faire-lorsque-votre-enfant-commence-a-pretendre-que-le-pere-noel-nexiste-pas\/\",\"name\":\"Que faire lorsque votre enfant commence \u00e0 pr\u00e9tendre que le P\u00e8re No\u00ebl n'existe pas | Vie Associative\",\"isPartOf\":{\"@id\":\"https:\/\/vieassociative.be\/actualites\/#website\"},\"primaryImageOfPage\":{\"@id\":\"https:\/\/vieassociative.be\/actualites\/que-faire-lorsque-votre-enfant-commence-a-pretendre-que-le-pere-noel-nexiste-pas\/#primaryimage\"},\"image\":{\"@id\":\"https:\/\/vieassociative.be\/actualites\/que-faire-lorsque-votre-enfant-commence-a-pretendre-que-le-pere-noel-nexiste-pas\/#primaryimage\"},\"thumbnailUrl\":\"https:\/\/vieassociative.be\/actualites\/wp-content\/uploads\/2024\/11\/Que-faire-lorsque-votre-enfant-commence-a-pretendre-que-le.jpg\",\"datePublished\":\"2024-11-11T23:17:34+00:00\",\"dateModified\":\"2024-11-11T23:17:34+00:00\",\"breadcrumb\":{\"@id\":\"https:\/\/vieassociative.be\/actualites\/que-faire-lorsque-votre-enfant-commence-a-pretendre-que-le-pere-noel-nexiste-pas\/#breadcrumb\"},\"inLanguage\":\"fr-BE\",\"potentialAction\":[{\"@type\":\"ReadAction\",\"target\":[\"https:\/\/vieassociative.be\/actualites\/que-faire-lorsque-votre-enfant-commence-a-pretendre-que-le-pere-noel-nexiste-pas\/\"]}]},{\"@type\":\"ImageObject\",\"inLanguage\":\"fr-BE\",\"@id\":\"https:\/\/vieassociative.be\/actualites\/que-faire-lorsque-votre-enfant-commence-a-pretendre-que-le-pere-noel-nexiste-pas\/#primaryimage\",\"url\":\"https:\/\/vieassociative.be\/actualites\/wp-content\/uploads\/2024\/11\/Que-faire-lorsque-votre-enfant-commence-a-pretendre-que-le.jpg\",\"contentUrl\":\"https:\/\/vieassociative.be\/actualites\/wp-content\/uploads\/2024\/11\/Que-faire-lorsque-votre-enfant-commence-a-pretendre-que-le.jpg\",\"width\":1200,\"height\":675,\"caption\":\"Que faire lorsque votre enfant commence \u00e0 pr\u00e9tendre que le P\u00e8re No\u00ebl n'existe pas\"},{\"@type\":\"BreadcrumbList\",\"@id\":\"https:\/\/vieassociative.be\/actualites\/que-faire-lorsque-votre-enfant-commence-a-pretendre-que-le-pere-noel-nexiste-pas\/#breadcrumb\",\"itemListElement\":[{\"@type\":\"ListItem\",\"position\":1,\"name\":\"Accueil\",\"item\":\"https:\/\/vieassociative.be\/actualites\/\"},{\"@type\":\"ListItem\",\"position\":2,\"name\":\"Que faire lorsque votre enfant commence \u00e0 pr\u00e9tendre que le P\u00e8re No\u00ebl n&rsquo;existe pas\"}]},{\"@type\":\"WebSite\",\"@id\":\"https:\/\/vieassociative.be\/actualites\/#website\",\"url\":\"https:\/\/vieassociative.be\/actualites\/\",\"name\":\"Vie Associative\",\"description\":\"\",\"publisher\":{\"@id\":\"https:\/\/vieassociative.be\/actualites\/#organization\"},\"potentialAction\":[{\"@type\":\"SearchAction\",\"target\":{\"@type\":\"EntryPoint\",\"urlTemplate\":\"https:\/\/vieassociative.be\/actualites\/?s={search_term_string}\"},\"query-input\":{\"@type\":\"PropertyValueSpecification\",\"valueRequired\":true,\"valueName\":\"search_term_string\"}}],\"inLanguage\":\"fr-BE\"},{\"@type\":\"Organization\",\"@id\":\"https:\/\/vieassociative.be\/actualites\/#organization\",\"name\":\"Vie Associative\",\"url\":\"https:\/\/vieassociative.be\/actualites\/\",\"logo\":{\"@type\":\"ImageObject\",\"inLanguage\":\"fr-BE\",\"@id\":\"https:\/\/vieassociative.be\/actualites\/#\/schema\/logo\/image\/\",\"url\":\"https:\/\/vieassociative.be\/actualites\/wp-content\/uploads\/2024\/09\/cropped-vieassociative_favicon.ico.png\",\"contentUrl\":\"https:\/\/vieassociative.be\/actualites\/wp-content\/uploads\/2024\/09\/cropped-vieassociative_favicon.ico.png\",\"width\":512,\"height\":512,\"caption\":\"Vie Associative\"},\"image\":{\"@id\":\"https:\/\/vieassociative.be\/actualites\/#\/schema\/logo\/image\/\"}},{\"@type\":\"Person\",\"@id\":\"https:\/\/vieassociative.be\/actualites\/#\/schema\/person\/b87ac4f82f9d4e7b7cec7395b679edc4\",\"name\":\"Julien\",\"image\":{\"@type\":\"ImageObject\",\"inLanguage\":\"fr-BE\",\"@id\":\"https:\/\/vieassociative.be\/actualites\/#\/schema\/person\/image\/\",\"url\":\"https:\/\/vieassociative.be\/actualites\/wp-content\/uploads\/2024\/09\/vie-associative-1-150x150.jpg\",\"contentUrl\":\"https:\/\/vieassociative.be\/actualites\/wp-content\/uploads\/2024\/09\/vie-associative-1-150x150.jpg\",\"caption\":\"Julien\"},\"description\":\"Je suis Julien, r\u00e9dacteur pour Vie Associative. Passionn\u00e9 par le monde associatif depuis plus de 10 ans, j'ai \u00e0 c\u0153ur de partager des histoires inspirantes et de mettre en lumi\u00e8re les initiatives locales. Mon objectif est de sensibiliser et d'encourager l'engagement communautaire \u00e0 travers mes articles.\",\"sameAs\":[\"https:\/\/vieassociative.be\/\"]}]}<\/script>\n<!-- \/ Yoast SEO plugin. -->","yoast_head_json":{"title":"Que faire lorsque votre enfant commence \u00e0 pr\u00e9tendre que le P\u00e8re No\u00ebl n'existe pas | Vie Associative","robots":{"index":"index","follow":"follow","max-snippet":"max-snippet:-1","max-image-preview":"max-image-preview:large","max-video-preview":"max-video-preview:-1"},"canonical":"https:\/\/vieassociative.be\/actualites\/que-faire-lorsque-votre-enfant-commence-a-pretendre-que-le-pere-noel-nexiste-pas\/","og_locale":"fr_FR","og_type":"article","og_title":"Que faire lorsque votre enfant commence \u00e0 pr\u00e9tendre que le P\u00e8re No\u00ebl n'existe pas | Vie Associative","og_description":"\u00c0 un moment donn\u00e9, ils le d\u00e9couvrent tous, mais voici ce qu&rsquo;il faut faire si c&rsquo;est votre enfant qui le r\u00e9v\u00e8le aux autres. L&rsquo;ann\u00e9e derni\u00e8re,","og_url":"https:\/\/vieassociative.be\/actualites\/que-faire-lorsque-votre-enfant-commence-a-pretendre-que-le-pere-noel-nexiste-pas\/","og_site_name":"Vie Associative","article_published_time":"2024-11-11T23:17:34+00:00","og_image":[{"width":279,"height":92,"url":"https:\/\/vieassociative.be\/actualites\/wp-content\/uploads\/2024\/09\/header_backgroundk-01-e1726694325946.png","type":"image\/png"}],"author":"Julien","twitter_card":"summary_large_image","twitter_misc":{"\u00c9crit par":"Julien","Dur\u00e9e de lecture est.":"5 minutes"},"schema":{"@context":"https:\/\/schema.org","@graph":[{"@type":"Article","@id":"https:\/\/vieassociative.be\/actualites\/que-faire-lorsque-votre-enfant-commence-a-pretendre-que-le-pere-noel-nexiste-pas\/#article","isPartOf":{"@id":"https:\/\/vieassociative.be\/actualites\/que-faire-lorsque-votre-enfant-commence-a-pretendre-que-le-pere-noel-nexiste-pas\/"},"author":{"name":"Julien","@id":"https:\/\/vieassociative.be\/actualites\/#\/schema\/person\/b87ac4f82f9d4e7b7cec7395b679edc4"},"headline":"Que faire lorsque votre enfant commence \u00e0 pr\u00e9tendre que le P\u00e8re No\u00ebl n&rsquo;existe pas","datePublished":"2024-11-11T23:17:34+00:00","dateModified":"2024-11-11T23:17:34+00:00","mainEntityOfPage":{"@id":"https:\/\/vieassociative.be\/actualites\/que-faire-lorsque-votre-enfant-commence-a-pretendre-que-le-pere-noel-nexiste-pas\/"},"wordCount":997,"publisher":{"@id":"https:\/\/vieassociative.be\/actualites\/#organization"},"image":{"@id":"https:\/\/vieassociative.be\/actualites\/que-faire-lorsque-votre-enfant-commence-a-pretendre-que-le-pere-noel-nexiste-pas\/#primaryimage"},"thumbnailUrl":"https:\/\/vieassociative.be\/actualites\/wp-content\/uploads\/2024\/11\/Que-faire-lorsque-votre-enfant-commence-a-pretendre-que-le.jpg","keywords":["commenc\u00e9","enfant","faire","lorsque","nexiste","No\u00ebl","pas","P\u00e8re","pr\u00e9tendre","votre"],"articleSection":["Famille"],"inLanguage":"fr-BE"},{"@type":"WebPage","@id":"https:\/\/vieassociative.be\/actualites\/que-faire-lorsque-votre-enfant-commence-a-pretendre-que-le-pere-noel-nexiste-pas\/","url":"https:\/\/vieassociative.be\/actualites\/que-faire-lorsque-votre-enfant-commence-a-pretendre-que-le-pere-noel-nexiste-pas\/","name":"Que faire lorsque votre enfant commence \u00e0 pr\u00e9tendre que le P\u00e8re No\u00ebl n'existe pas | Vie Associative","isPartOf":{"@id":"https:\/\/vieassociative.be\/actualites\/#website"},"primaryImageOfPage":{"@id":"https:\/\/vieassociative.be\/actualites\/que-faire-lorsque-votre-enfant-commence-a-pretendre-que-le-pere-noel-nexiste-pas\/#primaryimage"},"image":{"@id":"https:\/\/vieassociative.be\/actualites\/que-faire-lorsque-votre-enfant-commence-a-pretendre-que-le-pere-noel-nexiste-pas\/#primaryimage"},"thumbnailUrl":"https:\/\/vieassociative.be\/actualites\/wp-content\/uploads\/2024\/11\/Que-faire-lorsque-votre-enfant-commence-a-pretendre-que-le.jpg","datePublished":"2024-11-11T23:17:34+00:00","dateModified":"2024-11-11T23:17:34+00:00","breadcrumb":{"@id":"https:\/\/vieassociative.be\/actualites\/que-faire-lorsque-votre-enfant-commence-a-pretendre-que-le-pere-noel-nexiste-pas\/#breadcrumb"},"inLanguage":"fr-BE","potentialAction":[{"@type":"ReadAction","target":["https:\/\/vieassociative.be\/actualites\/que-faire-lorsque-votre-enfant-commence-a-pretendre-que-le-pere-noel-nexiste-pas\/"]}]},{"@type":"ImageObject","inLanguage":"fr-BE","@id":"https:\/\/vieassociative.be\/actualites\/que-faire-lorsque-votre-enfant-commence-a-pretendre-que-le-pere-noel-nexiste-pas\/#primaryimage","url":"https:\/\/vieassociative.be\/actualites\/wp-content\/uploads\/2024\/11\/Que-faire-lorsque-votre-enfant-commence-a-pretendre-que-le.jpg","contentUrl":"https:\/\/vieassociative.be\/actualites\/wp-content\/uploads\/2024\/11\/Que-faire-lorsque-votre-enfant-commence-a-pretendre-que-le.jpg","width":1200,"height":675,"caption":"Que faire lorsque votre enfant commence \u00e0 pr\u00e9tendre que le P\u00e8re No\u00ebl n'existe pas"},{"@type":"BreadcrumbList","@id":"https:\/\/vieassociative.be\/actualites\/que-faire-lorsque-votre-enfant-commence-a-pretendre-que-le-pere-noel-nexiste-pas\/#breadcrumb","itemListElement":[{"@type":"ListItem","position":1,"name":"Accueil","item":"https:\/\/vieassociative.be\/actualites\/"},{"@type":"ListItem","position":2,"name":"Que faire lorsque votre enfant commence \u00e0 pr\u00e9tendre que le P\u00e8re No\u00ebl n&rsquo;existe pas"}]},{"@type":"WebSite","@id":"https:\/\/vieassociative.be\/actualites\/#website","url":"https:\/\/vieassociative.be\/actualites\/","name":"Vie Associative","description":"","publisher":{"@id":"https:\/\/vieassociative.be\/actualites\/#organization"},"potentialAction":[{"@type":"SearchAction","target":{"@type":"EntryPoint","urlTemplate":"https:\/\/vieassociative.be\/actualites\/?s={search_term_string}"},"query-input":{"@type":"PropertyValueSpecification","valueRequired":true,"valueName":"search_term_string"}}],"inLanguage":"fr-BE"},{"@type":"Organization","@id":"https:\/\/vieassociative.be\/actualites\/#organization","name":"Vie Associative","url":"https:\/\/vieassociative.be\/actualites\/","logo":{"@type":"ImageObject","inLanguage":"fr-BE","@id":"https:\/\/vieassociative.be\/actualites\/#\/schema\/logo\/image\/","url":"https:\/\/vieassociative.be\/actualites\/wp-content\/uploads\/2024\/09\/cropped-vieassociative_favicon.ico.png","contentUrl":"https:\/\/vieassociative.be\/actualites\/wp-content\/uploads\/2024\/09\/cropped-vieassociative_favicon.ico.png","width":512,"height":512,"caption":"Vie Associative"},"image":{"@id":"https:\/\/vieassociative.be\/actualites\/#\/schema\/logo\/image\/"}},{"@type":"Person","@id":"https:\/\/vieassociative.be\/actualites\/#\/schema\/person\/b87ac4f82f9d4e7b7cec7395b679edc4","name":"Julien","image":{"@type":"ImageObject","inLanguage":"fr-BE","@id":"https:\/\/vieassociative.be\/actualites\/#\/schema\/person\/image\/","url":"https:\/\/vieassociative.be\/actualites\/wp-content\/uploads\/2024\/09\/vie-associative-1-150x150.jpg","contentUrl":"https:\/\/vieassociative.be\/actualites\/wp-content\/uploads\/2024\/09\/vie-associative-1-150x150.jpg","caption":"Julien"},"description":"Je suis Julien, r\u00e9dacteur pour Vie Associative. Passionn\u00e9 par le monde associatif depuis plus de 10 ans, j'ai \u00e0 c\u0153ur de partager des histoires inspirantes et de mettre en lumi\u00e8re les initiatives locales. Mon objectif est de sensibiliser et d'encourager l'engagement communautaire \u00e0 travers mes articles.","sameAs":["https:\/\/vieassociative.be\/"]}]}},"_links":{"self":[{"href":"https:\/\/vieassociative.be\/actualites\/wp-json\/wp\/v2\/posts\/2313"}],"collection":[{"href":"https:\/\/vieassociative.be\/actualites\/wp-json\/wp\/v2\/posts"}],"about":[{"href":"https:\/\/vieassociative.be\/actualites\/wp-json\/wp\/v2\/types\/post"}],"author":[{"embeddable":true,"href":"https:\/\/vieassociative.be\/actualites\/wp-json\/wp\/v2\/users\/1"}],"replies":[{"embeddable":true,"href":"https:\/\/vieassociative.be\/actualites\/wp-json\/wp\/v2\/comments?post=2313"}],"version-history":[{"count":0,"href":"https:\/\/vieassociative.be\/actualites\/wp-json\/wp\/v2\/posts\/2313\/revisions"}],"wp:featuredmedia":[{"embeddable":true,"href":"https:\/\/vieassociative.be\/actualites\/wp-json\/wp\/v2\/media\/2314"}],"wp:attachment":[{"href":"https:\/\/vieassociative.be\/actualites\/wp-json\/wp\/v2\/media?parent=2313"}],"wp:term":[{"taxonomy":"category","embeddable":true,"href":"https:\/\/vieassociative.be\/actualites\/wp-json\/wp\/v2\/categories?post=2313"},{"taxonomy":"post_tag","embeddable":true,"href":"https:\/\/vieassociative.be\/actualites\/wp-json\/wp\/v2\/tags?post=2313"}],"curies":[{"name":"wp","href":"https:\/\/api.w.org\/{rel}","templated":true}]}}