{"id":2309,"date":"2024-11-11T21:17:11","date_gmt":"2024-11-11T20:17:11","guid":{"rendered":"https:\/\/vieassociative.be\/actualites\/pascal-arimont-csp-ppe-laccord-du-mercosur-nest-tout-simplement-pas-acceptable-pour-nos-agriculteurs\/"},"modified":"2024-11-11T21:17:11","modified_gmt":"2024-11-11T20:17:11","slug":"pascal-arimont-csp-ppe-laccord-du-mercosur-nest-tout-simplement-pas-acceptable-pour-nos-agriculteurs","status":"publish","type":"post","link":"https:\/\/vieassociative.be\/actualites\/pascal-arimont-csp-ppe-laccord-du-mercosur-nest-tout-simplement-pas-acceptable-pour-nos-agriculteurs\/","title":{"rendered":"Pascal Arimont (CSP-PPE) : \u00ab L&rsquo;accord du Mercosur n&rsquo;est tout simplement pas acceptable pour nos agriculteurs \u00bb"},"content":{"rendered":"<p><strong>L&rsquo;eurod\u00e9put\u00e9 de l&rsquo;Est de la Belgique Pascal Arimont (CSP-PPE) r\u00e9it\u00e8re son rejet de l&rsquo;accord dit du Mercosur entre l&rsquo;UE et les Etats du Br\u00e9sil, de l&rsquo;Argentine, du Paraguay et de l&rsquo;Uruguay.<\/strong><\/p>\n<p><span id=\"more-401510\"><\/span>\u00ab Cet accord, dans sa forme actuelle, n&rsquo;est tout simplement pas acceptable pour nos agriculteurs. L\u2019Europe doit veiller \u00e0 sa propre s\u00e9curit\u00e9 d\u2019approvisionnement et ne doit pas permettre que l\u2019agriculture d\u00e9g\u00e9n\u00e8re en une simple monnaie d\u2019\u00e9change. L&rsquo;agriculture est un secteur d&rsquo;une importance strat\u00e9gique extr\u00eamement importante pour l&rsquo;Europe et doit \u00eatre trait\u00e9e comme telle \u00bb, explique Arimont.<\/p>\n<p>La Commission europ\u00e9enne devrait conclure cet accord lors du prochain sommet du G20 les 18 et 19 novembre \u00e0 Rio de Janeiro.<\/p>\n<div id=\"attachment_352355\" class=\"wp-caption alignleft\" style=\"max-width: 300px\"><img fetchpriority=\"high\" decoding=\"async\" class=\"wp-image-352355 size-medium\" src=\"https:\/\/vieassociative.be\/actualites\/wp-content\/uploads\/2024\/11\/Pascal-Arimont-CSP-PPE-Laccord-du-Mercosur-nest-tout.jpeg\" alt=\"\" width=\"300\" height=\"193\"  ><\/p>\n<p class=\"wp-caption-text\">25 mai 2023, Belgique, Bruxelles : des policiers se tiennent devant le Conseil des ministres de l&rsquo;UE. Des militants \u00e9cologistes ont d\u00e9ploy\u00e9 des banderoles indiquant \u00ab\u00a0Stop au Mercosur europ\u00e9en\u00a0\u00bb. Photo : Marek Majewsky\/dpa-Zentralbild\/dpa<\/p>\n<\/div>\n<p>\u00ab Les agriculteurs europ\u00e9ens sont d\u00e9j\u00e0 soumis \u00e0 une \u00e9norme pression concurrentielle. L&rsquo;objectif doit \u00eatre de prot\u00e9ger les petites fermes familiales qui fournissent d&rsquo;excellents produits dans notre r\u00e9gion. Ces agriculteurs contribuent d\u00e9j\u00e0 \u00e0 mettre en \u0153uvre des normes environnementales ambitieuses. L&#8217;empreinte carbone d&rsquo;un steak belge est inf\u00e9rieure de moiti\u00e9 \u00e0 celle d&rsquo;un steak br\u00e9silien. Des trait\u00e9s tels que l\u2019accord du Mercosur ne doivent pas r\u00e9duire ces efforts \u00e0 l\u2019absurdit\u00e9. \u00ab\u00a0Nous ne devons pas permettre une concurrence d\u00e9loyale du dumping de produits \u2013 notamment de viande \u2013 en provenance d&rsquo;Am\u00e9rique du Sud qui ne r\u00e9pondent pas aux normes europ\u00e9ennes\u00a0\u00bb, explique l&rsquo;eurod\u00e9put\u00e9.<\/p>\n<p>Arimont avait d\u00e9j\u00e0 initi\u00e9 une r\u00e9solution de rejet au parlement de la DG dans le pass\u00e9 et avait exprim\u00e9 son rejet \u00e0 plusieurs reprises lors des votes au Parlement europ\u00e9en. Cette semaine, il s&rsquo;est prononc\u00e9 contre l&rsquo;entente au sein du conseil d&rsquo;administration de son parti fr\u00e8re francophone Les Engag\u00e9s (LE), dont il est membre. Les Engag\u00e9s, qui participent au gouvernement de la R\u00e9gion wallonne, ont \u00e9galement r\u00e9it\u00e9r\u00e9 leur non apr\u00e8s le conseil d&rsquo;administration.<\/p>\n<div id=\"attachment_401519\" class=\"wp-caption alignleft\" style=\"max-width: 300px\"><img decoding=\"async\" class=\"wp-image-401519 size-medium\" src=\"https:\/\/vieassociative.be\/actualites\/wp-content\/uploads\/2024\/11\/Pascal-Arimont-CSP-PPE-Laccord-du-Mercosur-nest-tout.jpg\" alt=\"\" width=\"300\" height=\"200\"  ><\/p>\n<p class=\"wp-caption-text\">L&rsquo;eurod\u00e9put\u00e9 est-belge Pascal Arimont (CSP-PPE) au Parlement europ\u00e9en \u00e0 Bruxelles. Photo : Parlement europ\u00e9en<\/p>\n<\/div>\n<p>\u00ab Je soutiens le commerce et la coop\u00e9ration internationaux, mais nous avons besoin de m\u00e9canismes de protection sp\u00e9ciaux dans le secteur agricole. Les accords internationaux doivent prot\u00e9ger notre mod\u00e8le agricole europ\u00e9en au lieu de lui nuire \u00bb, a d\u00e9clar\u00e9 Arimont. La balance commerciale de l&rsquo;UE avec le Mercosur en termes de produits agricoles est d\u00e9j\u00e0 n\u00e9gative de 15 milliards. \u00ab Le Mercosur repr\u00e9sente plus de 70 pour cent des importations europ\u00e9ennes de b\u0153uf et 50 pour cent des importations de volaille. M\u00eame un fonds de compensation pour l&rsquo;agriculture europ\u00e9enne, que la Commission a r\u00e9cemment mis en place, ne pourra pas r\u00e9soudre ce d\u00e9s\u00e9quilibre. C\u2019est une autre raison pour laquelle cela reste pour moi un non cat\u00e9gorique \u00bb, d\u00e9clare Arimont.<\/p>\n<p>L\u2019accord du Mercosur \u00e9tant un \u00ab accord mixte \u00bb, il existe encore de nombreux obstacles \u00e0 sa ratification. Outre le Parlement europ\u00e9en, les \u00c9tats membres doivent \u00e9galement approuver l&rsquo;accord. (cr\u00e9er)<\/p>\n<h3>March\u00e9 commun sud-am\u00e9ricain (MERCOSUR)<\/h3>\n<p>Le March\u00e9 commun sud-am\u00e9ricain (Mercado Com\u00fan del Sur, MERCOSUR) est une association r\u00e9gionale regroupant cinq \u00c9tats sud-am\u00e9ricains : l&rsquo;Argentine, le Br\u00e9sil, le Paraguay, l&rsquo;Uruguay et le Venezuela. (L&rsquo;adh\u00e9sion du Venezuela est suspendue depuis 2017.) La Bolivie, le Chili, l&rsquo;\u00c9quateur, la Guyane, la Colombie, le P\u00e9rou et le Suriname sont des membres associ\u00e9s\u00a0; la Bolivie est en n\u00e9gociations d&rsquo;adh\u00e9sion (en f\u00e9vrier 2024).<\/p>\n<p>Le MERCOSUR a \u00e9t\u00e9 fond\u00e9 en 1991 et vise \u00e0 promouvoir l&rsquo;int\u00e9gration r\u00e9gionale \u00e0 travers la coop\u00e9ration politique, sociale et \u00e9conomique. Les priorit\u00e9s politiques consistent \u00e0 renforcer la libre circulation des services, des moyens de production et des marchandises, \u00e0 concevoir une politique commerciale ext\u00e9rieure et \u00e9conomique commune et \u00e0 harmoniser la l\u00e9gislation dans les domaines respectifs. La coop\u00e9ration au sein du MERCOSUR sera progressivement \u00e9largie pour inclure les aspects culturels, sociaux et scientifiques.<\/p>\n<p>L&rsquo;Union europ\u00e9enne (UE) et le MERCOSUR ont conclu un accord de libre-\u00e9change en juin 2019. Cela fait partie d\u2019un accord d\u2019association plus large qui est encore en cours de n\u00e9gociation. (Source :BMZ)<\/p>\n","protected":false},"excerpt":{"rendered":"<p>L&rsquo;eurod\u00e9put\u00e9 de l&rsquo;Est de la Belgique Pascal Arimont (CSP-PPE) r\u00e9it\u00e8re son rejet de l&rsquo;accord dit du Mercosur entre l&rsquo;UE et les Etats du Br\u00e9sil, de<\/p>\n","protected":false},"author":1,"featured_media":2310,"comment_status":"","ping_status":"","sticky":false,"template":"","format":"standard","meta":{"footnotes":""},"categories":[298],"tags":[1007,3061,2890,3057,3058,3059,1082,3060,126,2889,81,2287,236],"class_list":["post-2309","post","type-post","status-publish","format-standard","has-post-thumbnail","hentry","category-belgique","tag-acceptable","tag-agriculteurs","tag-arimont","tag-cspppe","tag-laccord","tag-mercosur","tag-nest","tag-nos","tag-pas","tag-pascal","tag-pour","tag-simplement","tag-tout","generate-columns","tablet-grid-50","mobile-grid-100","grid-parent","grid-33"],"yoast_head":"<!-- This site is optimized with the Yoast SEO plugin v24.0 - https:\/\/yoast.com\/wordpress\/plugins\/seo\/ -->\n<title>Pascal Arimont (CSP-PPE) : \u00ab L&#039;accord du Mercosur n&#039;est tout simplement pas acceptable pour nos agriculteurs \u00bb | Vie Associative<\/title>\n<meta name=\"robots\" content=\"index, follow, max-snippet:-1, max-image-preview:large, max-video-preview:-1\" \/>\n<link rel=\"canonical\" href=\"https:\/\/vieassociative.be\/actualites\/pascal-arimont-csp-ppe-laccord-du-mercosur-nest-tout-simplement-pas-acceptable-pour-nos-agriculteurs\/\" \/>\n<meta property=\"og:locale\" content=\"fr_FR\" \/>\n<meta property=\"og:type\" content=\"article\" \/>\n<meta property=\"og:title\" content=\"Pascal Arimont (CSP-PPE) : \u00ab L&#039;accord du Mercosur n&#039;est tout simplement pas acceptable pour nos agriculteurs \u00bb | Vie Associative\" \/>\n<meta property=\"og:description\" content=\"L&rsquo;eurod\u00e9put\u00e9 de l&rsquo;Est de la Belgique Pascal Arimont (CSP-PPE) r\u00e9it\u00e8re son rejet de l&rsquo;accord dit du Mercosur entre l&rsquo;UE et les Etats du Br\u00e9sil, de\" \/>\n<meta property=\"og:url\" content=\"https:\/\/vieassociative.be\/actualites\/pascal-arimont-csp-ppe-laccord-du-mercosur-nest-tout-simplement-pas-acceptable-pour-nos-agriculteurs\/\" \/>\n<meta property=\"og:site_name\" content=\"Vie Associative\" \/>\n<meta property=\"article:published_time\" content=\"2024-11-11T20:17:11+00:00\" \/>\n<meta property=\"og:image\" content=\"https:\/\/vieassociative.be\/actualites\/wp-content\/uploads\/2024\/11\/Pascal-Arimont-CSP-PPE-Laccord-du-Mercosur-nest-tout.jpeg\" \/>\n<meta name=\"author\" content=\"Julien\" \/>\n<meta name=\"twitter:card\" content=\"summary_large_image\" \/>\n<meta name=\"twitter:label1\" content=\"\u00c9crit par\" \/>\n\t<meta name=\"twitter:data1\" content=\"Julien\" \/>\n\t<meta name=\"twitter:label2\" content=\"Dur\u00e9e de lecture est.\" \/>\n\t<meta name=\"twitter:data2\" content=\"4 minutes\" \/>\n<script type=\"application\/ld+json\" class=\"yoast-schema-graph\">{\"@context\":\"https:\/\/schema.org\",\"@graph\":[{\"@type\":\"Article\",\"@id\":\"https:\/\/vieassociative.be\/actualites\/pascal-arimont-csp-ppe-laccord-du-mercosur-nest-tout-simplement-pas-acceptable-pour-nos-agriculteurs\/#article\",\"isPartOf\":{\"@id\":\"https:\/\/vieassociative.be\/actualites\/pascal-arimont-csp-ppe-laccord-du-mercosur-nest-tout-simplement-pas-acceptable-pour-nos-agriculteurs\/\"},\"author\":{\"name\":\"Julien\",\"@id\":\"https:\/\/vieassociative.be\/actualites\/#\/schema\/person\/b87ac4f82f9d4e7b7cec7395b679edc4\"},\"headline\":\"Pascal Arimont (CSP-PPE) : \u00ab L&rsquo;accord du Mercosur n&rsquo;est tout simplement pas acceptable pour nos agriculteurs \u00bb\",\"datePublished\":\"2024-11-11T20:17:11+00:00\",\"dateModified\":\"2024-11-11T20:17:11+00:00\",\"mainEntityOfPage\":{\"@id\":\"https:\/\/vieassociative.be\/actualites\/pascal-arimont-csp-ppe-laccord-du-mercosur-nest-tout-simplement-pas-acceptable-pour-nos-agriculteurs\/\"},\"wordCount\":755,\"publisher\":{\"@id\":\"https:\/\/vieassociative.be\/actualites\/#organization\"},\"image\":{\"@id\":\"https:\/\/vieassociative.be\/actualites\/pascal-arimont-csp-ppe-laccord-du-mercosur-nest-tout-simplement-pas-acceptable-pour-nos-agriculteurs\/#primaryimage\"},\"thumbnailUrl\":\"https:\/\/vieassociative.be\/actualites\/wp-content\/uploads\/2024\/11\/1731356231_Pascal-Arimont-CSP-PPE-Laccord-du-Mercosur-nest-tout.jpg\",\"keywords\":[\"acceptable\",\"agriculteurs\",\"Arimont\",\"CSPPPE\",\"Laccord\",\"Mercosur\",\"nest\",\"nos\",\"pas\",\"Pascal\",\"pour\",\"simplement\",\"tout\"],\"articleSection\":[\"Belgique\"],\"inLanguage\":\"fr-BE\"},{\"@type\":\"WebPage\",\"@id\":\"https:\/\/vieassociative.be\/actualites\/pascal-arimont-csp-ppe-laccord-du-mercosur-nest-tout-simplement-pas-acceptable-pour-nos-agriculteurs\/\",\"url\":\"https:\/\/vieassociative.be\/actualites\/pascal-arimont-csp-ppe-laccord-du-mercosur-nest-tout-simplement-pas-acceptable-pour-nos-agriculteurs\/\",\"name\":\"Pascal Arimont (CSP-PPE) : \u00ab L'accord du Mercosur n'est tout simplement pas acceptable pour nos agriculteurs \u00bb | Vie Associative\",\"isPartOf\":{\"@id\":\"https:\/\/vieassociative.be\/actualites\/#website\"},\"primaryImageOfPage\":{\"@id\":\"https:\/\/vieassociative.be\/actualites\/pascal-arimont-csp-ppe-laccord-du-mercosur-nest-tout-simplement-pas-acceptable-pour-nos-agriculteurs\/#primaryimage\"},\"image\":{\"@id\":\"https:\/\/vieassociative.be\/actualites\/pascal-arimont-csp-ppe-laccord-du-mercosur-nest-tout-simplement-pas-acceptable-pour-nos-agriculteurs\/#primaryimage\"},\"thumbnailUrl\":\"https:\/\/vieassociative.be\/actualites\/wp-content\/uploads\/2024\/11\/1731356231_Pascal-Arimont-CSP-PPE-Laccord-du-Mercosur-nest-tout.jpg\",\"datePublished\":\"2024-11-11T20:17:11+00:00\",\"dateModified\":\"2024-11-11T20:17:11+00:00\",\"breadcrumb\":{\"@id\":\"https:\/\/vieassociative.be\/actualites\/pascal-arimont-csp-ppe-laccord-du-mercosur-nest-tout-simplement-pas-acceptable-pour-nos-agriculteurs\/#breadcrumb\"},\"inLanguage\":\"fr-BE\",\"potentialAction\":[{\"@type\":\"ReadAction\",\"target\":[\"https:\/\/vieassociative.be\/actualites\/pascal-arimont-csp-ppe-laccord-du-mercosur-nest-tout-simplement-pas-acceptable-pour-nos-agriculteurs\/\"]}]},{\"@type\":\"ImageObject\",\"inLanguage\":\"fr-BE\",\"@id\":\"https:\/\/vieassociative.be\/actualites\/pascal-arimont-csp-ppe-laccord-du-mercosur-nest-tout-simplement-pas-acceptable-pour-nos-agriculteurs\/#primaryimage\",\"url\":\"https:\/\/vieassociative.be\/actualites\/wp-content\/uploads\/2024\/11\/1731356231_Pascal-Arimont-CSP-PPE-Laccord-du-Mercosur-nest-tout.jpg\",\"contentUrl\":\"https:\/\/vieassociative.be\/actualites\/wp-content\/uploads\/2024\/11\/1731356231_Pascal-Arimont-CSP-PPE-Laccord-du-Mercosur-nest-tout.jpg\",\"width\":1200,\"height\":800,\"caption\":\"Pascal Arimont (CSP-PPE) : \u00ab L'accord du Mercosur n'est tout simplement pas acceptable pour nos agriculteurs \u00bb\"},{\"@type\":\"BreadcrumbList\",\"@id\":\"https:\/\/vieassociative.be\/actualites\/pascal-arimont-csp-ppe-laccord-du-mercosur-nest-tout-simplement-pas-acceptable-pour-nos-agriculteurs\/#breadcrumb\",\"itemListElement\":[{\"@type\":\"ListItem\",\"position\":1,\"name\":\"Accueil\",\"item\":\"https:\/\/vieassociative.be\/actualites\/\"},{\"@type\":\"ListItem\",\"position\":2,\"name\":\"Pascal Arimont (CSP-PPE) : \u00ab L&rsquo;accord du Mercosur n&rsquo;est tout simplement pas acceptable pour nos agriculteurs \u00bb\"}]},{\"@type\":\"WebSite\",\"@id\":\"https:\/\/vieassociative.be\/actualites\/#website\",\"url\":\"https:\/\/vieassociative.be\/actualites\/\",\"name\":\"Vie Associative\",\"description\":\"\",\"publisher\":{\"@id\":\"https:\/\/vieassociative.be\/actualites\/#organization\"},\"potentialAction\":[{\"@type\":\"SearchAction\",\"target\":{\"@type\":\"EntryPoint\",\"urlTemplate\":\"https:\/\/vieassociative.be\/actualites\/?s={search_term_string}\"},\"query-input\":{\"@type\":\"PropertyValueSpecification\",\"valueRequired\":true,\"valueName\":\"search_term_string\"}}],\"inLanguage\":\"fr-BE\"},{\"@type\":\"Organization\",\"@id\":\"https:\/\/vieassociative.be\/actualites\/#organization\",\"name\":\"Vie Associative\",\"url\":\"https:\/\/vieassociative.be\/actualites\/\",\"logo\":{\"@type\":\"ImageObject\",\"inLanguage\":\"fr-BE\",\"@id\":\"https:\/\/vieassociative.be\/actualites\/#\/schema\/logo\/image\/\",\"url\":\"https:\/\/vieassociative.be\/actualites\/wp-content\/uploads\/2024\/09\/cropped-vieassociative_favicon.ico.png\",\"contentUrl\":\"https:\/\/vieassociative.be\/actualites\/wp-content\/uploads\/2024\/09\/cropped-vieassociative_favicon.ico.png\",\"width\":512,\"height\":512,\"caption\":\"Vie Associative\"},\"image\":{\"@id\":\"https:\/\/vieassociative.be\/actualites\/#\/schema\/logo\/image\/\"}},{\"@type\":\"Person\",\"@id\":\"https:\/\/vieassociative.be\/actualites\/#\/schema\/person\/b87ac4f82f9d4e7b7cec7395b679edc4\",\"name\":\"Julien\",\"image\":{\"@type\":\"ImageObject\",\"inLanguage\":\"fr-BE\",\"@id\":\"https:\/\/vieassociative.be\/actualites\/#\/schema\/person\/image\/\",\"url\":\"https:\/\/vieassociative.be\/actualites\/wp-content\/uploads\/2024\/09\/vie-associative-1-150x150.jpg\",\"contentUrl\":\"https:\/\/vieassociative.be\/actualites\/wp-content\/uploads\/2024\/09\/vie-associative-1-150x150.jpg\",\"caption\":\"Julien\"},\"description\":\"Je suis Julien, r\u00e9dacteur pour Vie Associative. Passionn\u00e9 par le monde associatif depuis plus de 10 ans, j'ai \u00e0 c\u0153ur de partager des histoires inspirantes et de mettre en lumi\u00e8re les initiatives locales. Mon objectif est de sensibiliser et d'encourager l'engagement communautaire \u00e0 travers mes articles.\",\"sameAs\":[\"https:\/\/vieassociative.be\/\"]}]}<\/script>\n<!-- \/ Yoast SEO plugin. -->","yoast_head_json":{"title":"Pascal Arimont (CSP-PPE) : \u00ab L'accord du Mercosur n'est tout simplement pas acceptable pour nos agriculteurs \u00bb | Vie Associative","robots":{"index":"index","follow":"follow","max-snippet":"max-snippet:-1","max-image-preview":"max-image-preview:large","max-video-preview":"max-video-preview:-1"},"canonical":"https:\/\/vieassociative.be\/actualites\/pascal-arimont-csp-ppe-laccord-du-mercosur-nest-tout-simplement-pas-acceptable-pour-nos-agriculteurs\/","og_locale":"fr_FR","og_type":"article","og_title":"Pascal Arimont (CSP-PPE) : \u00ab L'accord du Mercosur n'est tout simplement pas acceptable pour nos agriculteurs \u00bb | Vie Associative","og_description":"L&rsquo;eurod\u00e9put\u00e9 de l&rsquo;Est de la Belgique Pascal Arimont (CSP-PPE) r\u00e9it\u00e8re son rejet de l&rsquo;accord dit du Mercosur entre l&rsquo;UE et les Etats du Br\u00e9sil, de","og_url":"https:\/\/vieassociative.be\/actualites\/pascal-arimont-csp-ppe-laccord-du-mercosur-nest-tout-simplement-pas-acceptable-pour-nos-agriculteurs\/","og_site_name":"Vie Associative","article_published_time":"2024-11-11T20:17:11+00:00","og_image":[{"url":"https:\/\/vieassociative.be\/actualites\/wp-content\/uploads\/2024\/11\/Pascal-Arimont-CSP-PPE-Laccord-du-Mercosur-nest-tout.jpeg","type":"","width":"","height":""}],"author":"Julien","twitter_card":"summary_large_image","twitter_misc":{"\u00c9crit par":"Julien","Dur\u00e9e de lecture est.":"4 minutes"},"schema":{"@context":"https:\/\/schema.org","@graph":[{"@type":"Article","@id":"https:\/\/vieassociative.be\/actualites\/pascal-arimont-csp-ppe-laccord-du-mercosur-nest-tout-simplement-pas-acceptable-pour-nos-agriculteurs\/#article","isPartOf":{"@id":"https:\/\/vieassociative.be\/actualites\/pascal-arimont-csp-ppe-laccord-du-mercosur-nest-tout-simplement-pas-acceptable-pour-nos-agriculteurs\/"},"author":{"name":"Julien","@id":"https:\/\/vieassociative.be\/actualites\/#\/schema\/person\/b87ac4f82f9d4e7b7cec7395b679edc4"},"headline":"Pascal Arimont (CSP-PPE) : \u00ab L&rsquo;accord du Mercosur n&rsquo;est tout simplement pas acceptable pour nos agriculteurs \u00bb","datePublished":"2024-11-11T20:17:11+00:00","dateModified":"2024-11-11T20:17:11+00:00","mainEntityOfPage":{"@id":"https:\/\/vieassociative.be\/actualites\/pascal-arimont-csp-ppe-laccord-du-mercosur-nest-tout-simplement-pas-acceptable-pour-nos-agriculteurs\/"},"wordCount":755,"publisher":{"@id":"https:\/\/vieassociative.be\/actualites\/#organization"},"image":{"@id":"https:\/\/vieassociative.be\/actualites\/pascal-arimont-csp-ppe-laccord-du-mercosur-nest-tout-simplement-pas-acceptable-pour-nos-agriculteurs\/#primaryimage"},"thumbnailUrl":"https:\/\/vieassociative.be\/actualites\/wp-content\/uploads\/2024\/11\/1731356231_Pascal-Arimont-CSP-PPE-Laccord-du-Mercosur-nest-tout.jpg","keywords":["acceptable","agriculteurs","Arimont","CSPPPE","Laccord","Mercosur","nest","nos","pas","Pascal","pour","simplement","tout"],"articleSection":["Belgique"],"inLanguage":"fr-BE"},{"@type":"WebPage","@id":"https:\/\/vieassociative.be\/actualites\/pascal-arimont-csp-ppe-laccord-du-mercosur-nest-tout-simplement-pas-acceptable-pour-nos-agriculteurs\/","url":"https:\/\/vieassociative.be\/actualites\/pascal-arimont-csp-ppe-laccord-du-mercosur-nest-tout-simplement-pas-acceptable-pour-nos-agriculteurs\/","name":"Pascal Arimont (CSP-PPE) : \u00ab L'accord du Mercosur n'est tout simplement pas acceptable pour nos agriculteurs \u00bb | Vie Associative","isPartOf":{"@id":"https:\/\/vieassociative.be\/actualites\/#website"},"primaryImageOfPage":{"@id":"https:\/\/vieassociative.be\/actualites\/pascal-arimont-csp-ppe-laccord-du-mercosur-nest-tout-simplement-pas-acceptable-pour-nos-agriculteurs\/#primaryimage"},"image":{"@id":"https:\/\/vieassociative.be\/actualites\/pascal-arimont-csp-ppe-laccord-du-mercosur-nest-tout-simplement-pas-acceptable-pour-nos-agriculteurs\/#primaryimage"},"thumbnailUrl":"https:\/\/vieassociative.be\/actualites\/wp-content\/uploads\/2024\/11\/1731356231_Pascal-Arimont-CSP-PPE-Laccord-du-Mercosur-nest-tout.jpg","datePublished":"2024-11-11T20:17:11+00:00","dateModified":"2024-11-11T20:17:11+00:00","breadcrumb":{"@id":"https:\/\/vieassociative.be\/actualites\/pascal-arimont-csp-ppe-laccord-du-mercosur-nest-tout-simplement-pas-acceptable-pour-nos-agriculteurs\/#breadcrumb"},"inLanguage":"fr-BE","potentialAction":[{"@type":"ReadAction","target":["https:\/\/vieassociative.be\/actualites\/pascal-arimont-csp-ppe-laccord-du-mercosur-nest-tout-simplement-pas-acceptable-pour-nos-agriculteurs\/"]}]},{"@type":"ImageObject","inLanguage":"fr-BE","@id":"https:\/\/vieassociative.be\/actualites\/pascal-arimont-csp-ppe-laccord-du-mercosur-nest-tout-simplement-pas-acceptable-pour-nos-agriculteurs\/#primaryimage","url":"https:\/\/vieassociative.be\/actualites\/wp-content\/uploads\/2024\/11\/1731356231_Pascal-Arimont-CSP-PPE-Laccord-du-Mercosur-nest-tout.jpg","contentUrl":"https:\/\/vieassociative.be\/actualites\/wp-content\/uploads\/2024\/11\/1731356231_Pascal-Arimont-CSP-PPE-Laccord-du-Mercosur-nest-tout.jpg","width":1200,"height":800,"caption":"Pascal Arimont (CSP-PPE) : \u00ab L'accord du Mercosur n'est tout simplement pas acceptable pour nos agriculteurs \u00bb"},{"@type":"BreadcrumbList","@id":"https:\/\/vieassociative.be\/actualites\/pascal-arimont-csp-ppe-laccord-du-mercosur-nest-tout-simplement-pas-acceptable-pour-nos-agriculteurs\/#breadcrumb","itemListElement":[{"@type":"ListItem","position":1,"name":"Accueil","item":"https:\/\/vieassociative.be\/actualites\/"},{"@type":"ListItem","position":2,"name":"Pascal Arimont (CSP-PPE) : \u00ab L&rsquo;accord du Mercosur n&rsquo;est tout simplement pas acceptable pour nos agriculteurs \u00bb"}]},{"@type":"WebSite","@id":"https:\/\/vieassociative.be\/actualites\/#website","url":"https:\/\/vieassociative.be\/actualites\/","name":"Vie Associative","description":"","publisher":{"@id":"https:\/\/vieassociative.be\/actualites\/#organization"},"potentialAction":[{"@type":"SearchAction","target":{"@type":"EntryPoint","urlTemplate":"https:\/\/vieassociative.be\/actualites\/?s={search_term_string}"},"query-input":{"@type":"PropertyValueSpecification","valueRequired":true,"valueName":"search_term_string"}}],"inLanguage":"fr-BE"},{"@type":"Organization","@id":"https:\/\/vieassociative.be\/actualites\/#organization","name":"Vie Associative","url":"https:\/\/vieassociative.be\/actualites\/","logo":{"@type":"ImageObject","inLanguage":"fr-BE","@id":"https:\/\/vieassociative.be\/actualites\/#\/schema\/logo\/image\/","url":"https:\/\/vieassociative.be\/actualites\/wp-content\/uploads\/2024\/09\/cropped-vieassociative_favicon.ico.png","contentUrl":"https:\/\/vieassociative.be\/actualites\/wp-content\/uploads\/2024\/09\/cropped-vieassociative_favicon.ico.png","width":512,"height":512,"caption":"Vie Associative"},"image":{"@id":"https:\/\/vieassociative.be\/actualites\/#\/schema\/logo\/image\/"}},{"@type":"Person","@id":"https:\/\/vieassociative.be\/actualites\/#\/schema\/person\/b87ac4f82f9d4e7b7cec7395b679edc4","name":"Julien","image":{"@type":"ImageObject","inLanguage":"fr-BE","@id":"https:\/\/vieassociative.be\/actualites\/#\/schema\/person\/image\/","url":"https:\/\/vieassociative.be\/actualites\/wp-content\/uploads\/2024\/09\/vie-associative-1-150x150.jpg","contentUrl":"https:\/\/vieassociative.be\/actualites\/wp-content\/uploads\/2024\/09\/vie-associative-1-150x150.jpg","caption":"Julien"},"description":"Je suis Julien, r\u00e9dacteur pour Vie Associative. Passionn\u00e9 par le monde associatif depuis plus de 10 ans, j'ai \u00e0 c\u0153ur de partager des histoires inspirantes et de mettre en lumi\u00e8re les initiatives locales. Mon objectif est de sensibiliser et d'encourager l'engagement communautaire \u00e0 travers mes articles.","sameAs":["https:\/\/vieassociative.be\/"]}]}},"_links":{"self":[{"href":"https:\/\/vieassociative.be\/actualites\/wp-json\/wp\/v2\/posts\/2309"}],"collection":[{"href":"https:\/\/vieassociative.be\/actualites\/wp-json\/wp\/v2\/posts"}],"about":[{"href":"https:\/\/vieassociative.be\/actualites\/wp-json\/wp\/v2\/types\/post"}],"author":[{"embeddable":true,"href":"https:\/\/vieassociative.be\/actualites\/wp-json\/wp\/v2\/users\/1"}],"replies":[{"embeddable":true,"href":"https:\/\/vieassociative.be\/actualites\/wp-json\/wp\/v2\/comments?post=2309"}],"version-history":[{"count":0,"href":"https:\/\/vieassociative.be\/actualites\/wp-json\/wp\/v2\/posts\/2309\/revisions"}],"wp:featuredmedia":[{"embeddable":true,"href":"https:\/\/vieassociative.be\/actualites\/wp-json\/wp\/v2\/media\/2310"}],"wp:attachment":[{"href":"https:\/\/vieassociative.be\/actualites\/wp-json\/wp\/v2\/media?parent=2309"}],"wp:term":[{"taxonomy":"category","embeddable":true,"href":"https:\/\/vieassociative.be\/actualites\/wp-json\/wp\/v2\/categories?post=2309"},{"taxonomy":"post_tag","embeddable":true,"href":"https:\/\/vieassociative.be\/actualites\/wp-json\/wp\/v2\/tags?post=2309"}],"curies":[{"name":"wp","href":"https:\/\/api.w.org\/{rel}","templated":true}]}}