{"id":2303,"date":"2024-11-11T18:16:59","date_gmt":"2024-11-11T17:16:59","guid":{"rendered":"https:\/\/vieassociative.be\/actualites\/les-enfants-peuvent-aussi-avoir-le-blues-de-lhiver\/"},"modified":"2024-11-11T18:16:59","modified_gmt":"2024-11-11T17:16:59","slug":"les-enfants-peuvent-aussi-avoir-le-blues-de-lhiver","status":"publish","type":"post","link":"https:\/\/vieassociative.be\/actualites\/les-enfants-peuvent-aussi-avoir-le-blues-de-lhiver\/","title":{"rendered":"Les enfants peuvent aussi avoir le \u00ab blues de l\u2019hiver \u00bb"},"content":{"rendered":"<div class=\"mt-4 leading-6 md:mb-8\">Les enfants ne sont pas \u00e0 l\u2019abri des effets des mois les plus sombres et les plus froids.<\/div>\n<p><\/p>\n<p>Les jours raccourcissent et avec les jours plus sombres, certaines personnes sentent \u00e9galement que leur humeur s&rsquo;assombrit. Alors que certaines personnes s&rsquo;\u00e9panouissent dans l&rsquo;esprit de la saison douillette et pratiquent leur hygge, d&rsquo;autres se sentent tristes, renferm\u00e9es ou m\u00eame d\u00e9prim\u00e9es pendant les mois d&rsquo;hiver. M\u00eame les enfants ne sont pas \u00e0 l&rsquo;abri du \u00ab blues de l&rsquo;hiver \u00bb.<\/p>\n<p>Nous avons discut\u00e9 avec le Dr Hansa Bhargava, m\u00e9decin-chef de Medscape Education, pour savoir quoi faire si votre enfant semble plus d\u00e9prim\u00e9 que d&rsquo;habitude cet hiver. <\/p>\n<h2 id=\"the-difference-between-winter-blues-sad-and-depression\">La diff\u00e9rence entre le blues hivernal, le TAS et la d\u00e9pression<\/h2>\n<p>Le TAS, ou trouble affectif saisonnier, est une condition qui cr\u00e9e un sentiment de d\u00e9pression associ\u00e9 \u00e0 une saison, g\u00e9n\u00e9ralement mais pas toujours l&rsquo;hiver. Les enfants peuvent souffrir de TAS, mais un diagnostic survient g\u00e9n\u00e9ralement apr\u00e8s que les sympt\u00f4mes apparaissent de fa\u00e7on saisonni\u00e8re depuis au moins deux ans. La d\u00e9pression, ou trouble d\u00e9pressif majeur, est un autre diagnostic et constitue un sentiment persistant de tristesse ou de d\u00e9sespoir. Les adultes et les enfants peuvent tous souffrir de d\u00e9pression, mais parfois nous nous sentons un peu tristes sans qu&rsquo;il s&rsquo;agisse d&rsquo;une d\u00e9pression \u00e0 part enti\u00e8re. <\/p>\n<p>Si vous pensez que votre enfant se sent un peu d\u00e9prim\u00e9 \u00e0 mesure que le temps se refroidit, il se peut qu\u2019il souffre du \u00ab blues de l\u2019hiver \u00bb, une phase temporaire et traitable. <\/p>\n<h2 id=\"signs-of-the-blues\">Les signes du \u00ab blues \u00bb<\/h2>\n<p>Chez les enfants, Bhargava dit que vous serez plus susceptible de remarquer des sympt\u00f4mes physiques que chez les adultes. \u00abLes enfants peuvent pr\u00e9senter plus souvent des sympt\u00f4mes corporels tels que des maux de t\u00eate ou des douleurs \u00e0 l&rsquo;estomac que les adultes\u00bb, dit-elle. De plus, les enfants \u00ab peuvent ne pas \u00eatre int\u00e9ress\u00e9s \u00e0 faire les choses qu\u2019ils aiment \u00bb. La perte d&rsquo;int\u00e9r\u00eat pour les activit\u00e9s que vous aimez est un signe de d\u00e9pression, donc une br\u00e8ve perte d&rsquo;int\u00e9r\u00eat serait logique m\u00eame s&rsquo;il s&rsquo;agit d&rsquo;un cas de blues temporaire. <\/p>\n<p>Il peut \u00e9galement sembler qu&rsquo;ils se comportent mal ou qu&rsquo;ils sont impolis. \u00abIls peuvent passer \u00e0 l\u2019acte ou avoir un fusible court. Les enfants plus \u00e2g\u00e9s et les adolescents peuvent se retirer et passer plus de temps dans leur chambre ou sur leur t\u00e9l\u00e9phone, ou leurs notes peuvent \u00eatre affect\u00e9es \u00bb, dit-elle. Vous pourriez attribuer cela aux hormones ou au manque de respect, mais il se pourrait qu\u2019ils se sentent tristes. <\/p>\n<p>Faites \u00e9galement attention aux changements de routine. \u00ab\u00a0L&rsquo;app\u00e9tit peut \u00eatre affect\u00e9, tout comme le sommeil\u00a0\u00bb, explique Bhargave. \u00ab\u00a0Si votre enfant semble diff\u00e9rent de ses valeurs de base, le blues hivernal pourrait en \u00eatre la cause.\u00a0\u00bb Vous connaissez votre enfant mieux que quiconque et pouvez savoir si quelque chose ne va pas.<\/p>\n<h2 id=\"how-to-discuss-the-winter-blues-with-your-kids\">Comment discuter du blues hivernal avec vos enfants<\/h2>\n<p>La premi\u00e8re chose \u00e0 faire si votre enfant agit ou se sent diff\u00e9rent est d\u2019enqu\u00eater. \u00ab Il est tr\u00e8s important d&rsquo;essayer de parler \u00e0 vos enfants \u00bb, explique Bhargave. Elle sugg\u00e8re de choisir un moment o\u00f9 votre enfant semble \u00e0 l&rsquo;aise et plus susceptible de parler de ce qu&rsquo;il ressent, par exemple pendant que vous conduisez la voiture ou pendant le d\u00eener.<\/p>\n<p>Abordez-les avec curiosit\u00e9, pas avec des solutions d\u00e8s le d\u00e9part. Dans le livre <em>Comment parler pour que les enfants \u00e9coutent et \u00e9couter pour que les enfants parlent, <\/em>le conseil des auteurs Adele Faber et Elaine Mazlish est que vous devez les aborder avec davantage de \u00ab pr\u00e9avis \u00bb. Dites sur un ton neutre : \u00ab Vous semblez passer plus de temps dans votre chambre. Qu&rsquo;est-ce qui se passe ? Laissez-les parler. \u00c9coutez avec uniquement des mots affirmatifs pour montrer que vous entendez (\u00ab mmm hmm\u2026 OK. \u00bb) Ensuite, essayez de donner un nom \u00e0 leurs sentiments. Ceci est particuli\u00e8rement important pour les jeunes enfants ayant un vocabulaire restreint. Dites : \u00ab On dirait que vous vous sentez plus triste que d&rsquo;habitude. \u00bb Encore une fois, aucune analyse ici. \u00c0 partir de l\u00e0, vous pouvez faire plusieurs choses pour g\u00e9rer le blues hivernal, mais, souvent, m\u00eame votre enfant sachant que vous \u00eates l\u00e0 pour lui l\u2019aidera consid\u00e9rablement.<\/p>\n<h2 id=\"keep-consistent-routines\">Gardez des routines coh\u00e9rentes<\/h2>\n<p>Assurez-vous que vos routines sont coh\u00e9rentes m\u00eame lorsque les saisons ne le sont pas : le sommeil en est un \u00e9l\u00e9ment important. M\u00eame si les heures de clart\u00e9 sont diff\u00e9rentes, Bhargava conseille de garder les m\u00eames heures de coucher tout au long de l&rsquo;ann\u00e9e. <\/p>\n<p>Le r\u00e9gime alimentaire des gens change \u00e9galement souvent pendant les mois d\u2019hiver. Bien que certaines variations saisonni\u00e8res soient normales et que manger de fa\u00e7on saisonni\u00e8re soit consid\u00e9r\u00e9 comme sain, Bhargava recommande de surveiller une diminution des aliments susceptibles de contenir de la vitamine D, comme le saumon, le yaourt ou les oranges, et de continuer \u00e0 les incorporer dans les repas de votre famille. (Dites-moi \u00e9galement comment vous avez fait manger du saumon \u00e0 votre enfant.) Votre p\u00e9diatre peut vous expliquer comment incorporer plus de vitamine D par le biais d&rsquo;un r\u00e9gime alimentaire ou de suppl\u00e9ments. Assurez-vous de v\u00e9rifier avec lui avant de commencer un nouveau suppl\u00e9ment vitaminique, car la posologie variera consid\u00e9rablement. en fonction de l&rsquo;\u00e2ge et de la taille de votre enfant.<\/p>\n<p>Puisque vous ne faites plus d&rsquo;exercice dehors aussi souvent lorsque le temps est maussade, assurez-vous d&rsquo;\u00e9vacuer une partie de cette \u00e9nergie accumul\u00e9e par d&rsquo;autres moyens. Puisque l\u2019exercice peut contribuer \u00e0 am\u00e9liorer l\u2019humeur, bouger votre corps peut vous aider \u00e0 rester en bonne sant\u00e9 physique et mentale. Inscrivez-vous \u00e0 un sport en salle comme le basket-ball ou les arts martiaux ou jouez simplement \u00e0 \u00ab Floor Is Lava \u00bb dans votre salon lors des nuits sombres et pluvieuses. M\u00eame une soir\u00e9e dansante dans le salon peut augmenter votre rythme cardiaque et animer l\u2019ambiance.<\/p>\n<h2 id=\"if-theyre-still-blue-in-spring\">S&rsquo;ils sont encore bleus au printemps<\/h2>\n<p>Parfois, le blues hivernal ne se fond pas avec la neige. Pour la plupart des enfants, le blues hivernal dispara\u00eet au printemps, mais \u00ab si vous \u00eates inquiet ou si cela se prolonge, contactez votre m\u00e9decin \u00bb, explique Bhargava. \u00ab S&rsquo;il y a une tristesse persistante ou si vous pensez que votre enfant ne va pas bien, contactez votre p\u00e9diatre ou votre professionnel de la sant\u00e9 mentale \u00bb pour savoir s&rsquo;il s&rsquo;agit de quelque chose de plus qu&rsquo;un simple cas de blabla hivernal. Il se peut que votre enfant souffre d\u2019une carence en vitamines, ait un autre probl\u00e8me de sant\u00e9 ou ait besoin d\u2019un soutien en mati\u00e8re de sant\u00e9 mentale. <\/p>\n","protected":false},"excerpt":{"rendered":"<p>Les enfants ne sont pas \u00e0 l\u2019abri des effets des mois les plus sombres et les plus froids. Les jours raccourcissent et avec les jours<\/p>\n","protected":false},"author":1,"featured_media":2304,"comment_status":"","ping_status":"","sticky":false,"template":"","format":"standard","meta":{"footnotes":""},"categories":[37],"tags":[1350,224,3051,324,14,3052,293],"class_list":["post-2303","post","type-post","status-publish","format-standard","has-post-thumbnail","hentry","category-famille","tag-aussi","tag-avoir","tag-blues","tag-enfants","tag-les","tag-lhiver","tag-peuvent","generate-columns","tablet-grid-50","mobile-grid-100","grid-parent","grid-33"],"yoast_head":"<!-- This site is optimized with the Yoast SEO plugin v24.0 - https:\/\/yoast.com\/wordpress\/plugins\/seo\/ -->\n<title>Les enfants peuvent aussi avoir le \u00ab blues de l\u2019hiver \u00bb | Vie Associative<\/title>\n<meta name=\"robots\" content=\"index, follow, max-snippet:-1, max-image-preview:large, max-video-preview:-1\" \/>\n<link rel=\"canonical\" href=\"https:\/\/vieassociative.be\/actualites\/les-enfants-peuvent-aussi-avoir-le-blues-de-lhiver\/\" \/>\n<meta property=\"og:locale\" content=\"fr_FR\" \/>\n<meta property=\"og:type\" content=\"article\" \/>\n<meta property=\"og:title\" content=\"Les enfants peuvent aussi avoir le \u00ab blues de l\u2019hiver \u00bb | Vie Associative\" \/>\n<meta property=\"og:description\" content=\"Les enfants ne sont pas \u00e0 l\u2019abri des effets des mois les plus sombres et les plus froids. Les jours raccourcissent et avec les jours\" \/>\n<meta property=\"og:url\" content=\"https:\/\/vieassociative.be\/actualites\/les-enfants-peuvent-aussi-avoir-le-blues-de-lhiver\/\" \/>\n<meta property=\"og:site_name\" content=\"Vie Associative\" \/>\n<meta property=\"article:published_time\" content=\"2024-11-11T17:16:59+00:00\" \/>\n<meta property=\"og:image\" content=\"https:\/\/vieassociative.be\/actualites\/wp-content\/uploads\/2024\/09\/header_backgroundk-01-e1726694325946.png\" \/>\n\t<meta property=\"og:image:width\" content=\"279\" \/>\n\t<meta property=\"og:image:height\" content=\"92\" \/>\n\t<meta property=\"og:image:type\" content=\"image\/png\" \/>\n<meta name=\"author\" content=\"Julien\" \/>\n<meta name=\"twitter:card\" content=\"summary_large_image\" \/>\n<meta name=\"twitter:label1\" content=\"\u00c9crit par\" \/>\n\t<meta name=\"twitter:data1\" content=\"Julien\" \/>\n\t<meta name=\"twitter:label2\" content=\"Dur\u00e9e de lecture est.\" \/>\n\t<meta name=\"twitter:data2\" content=\"6 minutes\" \/>\n<script type=\"application\/ld+json\" class=\"yoast-schema-graph\">{\"@context\":\"https:\/\/schema.org\",\"@graph\":[{\"@type\":\"Article\",\"@id\":\"https:\/\/vieassociative.be\/actualites\/les-enfants-peuvent-aussi-avoir-le-blues-de-lhiver\/#article\",\"isPartOf\":{\"@id\":\"https:\/\/vieassociative.be\/actualites\/les-enfants-peuvent-aussi-avoir-le-blues-de-lhiver\/\"},\"author\":{\"name\":\"Julien\",\"@id\":\"https:\/\/vieassociative.be\/actualites\/#\/schema\/person\/b87ac4f82f9d4e7b7cec7395b679edc4\"},\"headline\":\"Les enfants peuvent aussi avoir le \u00ab blues de l\u2019hiver \u00bb\",\"datePublished\":\"2024-11-11T17:16:59+00:00\",\"dateModified\":\"2024-11-11T17:16:59+00:00\",\"mainEntityOfPage\":{\"@id\":\"https:\/\/vieassociative.be\/actualites\/les-enfants-peuvent-aussi-avoir-le-blues-de-lhiver\/\"},\"wordCount\":1165,\"publisher\":{\"@id\":\"https:\/\/vieassociative.be\/actualites\/#organization\"},\"image\":{\"@id\":\"https:\/\/vieassociative.be\/actualites\/les-enfants-peuvent-aussi-avoir-le-blues-de-lhiver\/#primaryimage\"},\"thumbnailUrl\":\"https:\/\/vieassociative.be\/actualites\/wp-content\/uploads\/2024\/11\/Les-enfants-peuvent-aussi-avoir-le-blues-de-lhiver.jpg\",\"keywords\":[\"aussi\",\"avoir\",\"blues\",\"enfants\",\"Les\",\"lhiver\",\"peuvent\"],\"articleSection\":[\"Famille\"],\"inLanguage\":\"fr-BE\"},{\"@type\":\"WebPage\",\"@id\":\"https:\/\/vieassociative.be\/actualites\/les-enfants-peuvent-aussi-avoir-le-blues-de-lhiver\/\",\"url\":\"https:\/\/vieassociative.be\/actualites\/les-enfants-peuvent-aussi-avoir-le-blues-de-lhiver\/\",\"name\":\"Les enfants peuvent aussi avoir le \u00ab blues de l\u2019hiver \u00bb | Vie Associative\",\"isPartOf\":{\"@id\":\"https:\/\/vieassociative.be\/actualites\/#website\"},\"primaryImageOfPage\":{\"@id\":\"https:\/\/vieassociative.be\/actualites\/les-enfants-peuvent-aussi-avoir-le-blues-de-lhiver\/#primaryimage\"},\"image\":{\"@id\":\"https:\/\/vieassociative.be\/actualites\/les-enfants-peuvent-aussi-avoir-le-blues-de-lhiver\/#primaryimage\"},\"thumbnailUrl\":\"https:\/\/vieassociative.be\/actualites\/wp-content\/uploads\/2024\/11\/Les-enfants-peuvent-aussi-avoir-le-blues-de-lhiver.jpg\",\"datePublished\":\"2024-11-11T17:16:59+00:00\",\"dateModified\":\"2024-11-11T17:16:59+00:00\",\"breadcrumb\":{\"@id\":\"https:\/\/vieassociative.be\/actualites\/les-enfants-peuvent-aussi-avoir-le-blues-de-lhiver\/#breadcrumb\"},\"inLanguage\":\"fr-BE\",\"potentialAction\":[{\"@type\":\"ReadAction\",\"target\":[\"https:\/\/vieassociative.be\/actualites\/les-enfants-peuvent-aussi-avoir-le-blues-de-lhiver\/\"]}]},{\"@type\":\"ImageObject\",\"inLanguage\":\"fr-BE\",\"@id\":\"https:\/\/vieassociative.be\/actualites\/les-enfants-peuvent-aussi-avoir-le-blues-de-lhiver\/#primaryimage\",\"url\":\"https:\/\/vieassociative.be\/actualites\/wp-content\/uploads\/2024\/11\/Les-enfants-peuvent-aussi-avoir-le-blues-de-lhiver.jpg\",\"contentUrl\":\"https:\/\/vieassociative.be\/actualites\/wp-content\/uploads\/2024\/11\/Les-enfants-peuvent-aussi-avoir-le-blues-de-lhiver.jpg\",\"width\":1200,\"height\":675,\"caption\":\"Les enfants peuvent aussi avoir le \u00ab blues de l\u2019hiver \u00bb\"},{\"@type\":\"BreadcrumbList\",\"@id\":\"https:\/\/vieassociative.be\/actualites\/les-enfants-peuvent-aussi-avoir-le-blues-de-lhiver\/#breadcrumb\",\"itemListElement\":[{\"@type\":\"ListItem\",\"position\":1,\"name\":\"Accueil\",\"item\":\"https:\/\/vieassociative.be\/actualites\/\"},{\"@type\":\"ListItem\",\"position\":2,\"name\":\"Les enfants peuvent aussi avoir le \u00ab blues de l\u2019hiver \u00bb\"}]},{\"@type\":\"WebSite\",\"@id\":\"https:\/\/vieassociative.be\/actualites\/#website\",\"url\":\"https:\/\/vieassociative.be\/actualites\/\",\"name\":\"Vie Associative\",\"description\":\"\",\"publisher\":{\"@id\":\"https:\/\/vieassociative.be\/actualites\/#organization\"},\"potentialAction\":[{\"@type\":\"SearchAction\",\"target\":{\"@type\":\"EntryPoint\",\"urlTemplate\":\"https:\/\/vieassociative.be\/actualites\/?s={search_term_string}\"},\"query-input\":{\"@type\":\"PropertyValueSpecification\",\"valueRequired\":true,\"valueName\":\"search_term_string\"}}],\"inLanguage\":\"fr-BE\"},{\"@type\":\"Organization\",\"@id\":\"https:\/\/vieassociative.be\/actualites\/#organization\",\"name\":\"Vie Associative\",\"url\":\"https:\/\/vieassociative.be\/actualites\/\",\"logo\":{\"@type\":\"ImageObject\",\"inLanguage\":\"fr-BE\",\"@id\":\"https:\/\/vieassociative.be\/actualites\/#\/schema\/logo\/image\/\",\"url\":\"https:\/\/vieassociative.be\/actualites\/wp-content\/uploads\/2024\/09\/cropped-vieassociative_favicon.ico.png\",\"contentUrl\":\"https:\/\/vieassociative.be\/actualites\/wp-content\/uploads\/2024\/09\/cropped-vieassociative_favicon.ico.png\",\"width\":512,\"height\":512,\"caption\":\"Vie Associative\"},\"image\":{\"@id\":\"https:\/\/vieassociative.be\/actualites\/#\/schema\/logo\/image\/\"}},{\"@type\":\"Person\",\"@id\":\"https:\/\/vieassociative.be\/actualites\/#\/schema\/person\/b87ac4f82f9d4e7b7cec7395b679edc4\",\"name\":\"Julien\",\"image\":{\"@type\":\"ImageObject\",\"inLanguage\":\"fr-BE\",\"@id\":\"https:\/\/vieassociative.be\/actualites\/#\/schema\/person\/image\/\",\"url\":\"https:\/\/vieassociative.be\/actualites\/wp-content\/uploads\/2024\/09\/vie-associative-1-150x150.jpg\",\"contentUrl\":\"https:\/\/vieassociative.be\/actualites\/wp-content\/uploads\/2024\/09\/vie-associative-1-150x150.jpg\",\"caption\":\"Julien\"},\"description\":\"Je suis Julien, r\u00e9dacteur pour Vie Associative. Passionn\u00e9 par le monde associatif depuis plus de 10 ans, j'ai \u00e0 c\u0153ur de partager des histoires inspirantes et de mettre en lumi\u00e8re les initiatives locales. Mon objectif est de sensibiliser et d'encourager l'engagement communautaire \u00e0 travers mes articles.\",\"sameAs\":[\"https:\/\/vieassociative.be\/\"]}]}<\/script>\n<!-- \/ Yoast SEO plugin. -->","yoast_head_json":{"title":"Les enfants peuvent aussi avoir le \u00ab blues de l\u2019hiver \u00bb | Vie Associative","robots":{"index":"index","follow":"follow","max-snippet":"max-snippet:-1","max-image-preview":"max-image-preview:large","max-video-preview":"max-video-preview:-1"},"canonical":"https:\/\/vieassociative.be\/actualites\/les-enfants-peuvent-aussi-avoir-le-blues-de-lhiver\/","og_locale":"fr_FR","og_type":"article","og_title":"Les enfants peuvent aussi avoir le \u00ab blues de l\u2019hiver \u00bb | Vie Associative","og_description":"Les enfants ne sont pas \u00e0 l\u2019abri des effets des mois les plus sombres et les plus froids. Les jours raccourcissent et avec les jours","og_url":"https:\/\/vieassociative.be\/actualites\/les-enfants-peuvent-aussi-avoir-le-blues-de-lhiver\/","og_site_name":"Vie Associative","article_published_time":"2024-11-11T17:16:59+00:00","og_image":[{"width":279,"height":92,"url":"https:\/\/vieassociative.be\/actualites\/wp-content\/uploads\/2024\/09\/header_backgroundk-01-e1726694325946.png","type":"image\/png"}],"author":"Julien","twitter_card":"summary_large_image","twitter_misc":{"\u00c9crit par":"Julien","Dur\u00e9e de lecture est.":"6 minutes"},"schema":{"@context":"https:\/\/schema.org","@graph":[{"@type":"Article","@id":"https:\/\/vieassociative.be\/actualites\/les-enfants-peuvent-aussi-avoir-le-blues-de-lhiver\/#article","isPartOf":{"@id":"https:\/\/vieassociative.be\/actualites\/les-enfants-peuvent-aussi-avoir-le-blues-de-lhiver\/"},"author":{"name":"Julien","@id":"https:\/\/vieassociative.be\/actualites\/#\/schema\/person\/b87ac4f82f9d4e7b7cec7395b679edc4"},"headline":"Les enfants peuvent aussi avoir le \u00ab blues de l\u2019hiver \u00bb","datePublished":"2024-11-11T17:16:59+00:00","dateModified":"2024-11-11T17:16:59+00:00","mainEntityOfPage":{"@id":"https:\/\/vieassociative.be\/actualites\/les-enfants-peuvent-aussi-avoir-le-blues-de-lhiver\/"},"wordCount":1165,"publisher":{"@id":"https:\/\/vieassociative.be\/actualites\/#organization"},"image":{"@id":"https:\/\/vieassociative.be\/actualites\/les-enfants-peuvent-aussi-avoir-le-blues-de-lhiver\/#primaryimage"},"thumbnailUrl":"https:\/\/vieassociative.be\/actualites\/wp-content\/uploads\/2024\/11\/Les-enfants-peuvent-aussi-avoir-le-blues-de-lhiver.jpg","keywords":["aussi","avoir","blues","enfants","Les","lhiver","peuvent"],"articleSection":["Famille"],"inLanguage":"fr-BE"},{"@type":"WebPage","@id":"https:\/\/vieassociative.be\/actualites\/les-enfants-peuvent-aussi-avoir-le-blues-de-lhiver\/","url":"https:\/\/vieassociative.be\/actualites\/les-enfants-peuvent-aussi-avoir-le-blues-de-lhiver\/","name":"Les enfants peuvent aussi avoir le \u00ab blues de l\u2019hiver \u00bb | Vie Associative","isPartOf":{"@id":"https:\/\/vieassociative.be\/actualites\/#website"},"primaryImageOfPage":{"@id":"https:\/\/vieassociative.be\/actualites\/les-enfants-peuvent-aussi-avoir-le-blues-de-lhiver\/#primaryimage"},"image":{"@id":"https:\/\/vieassociative.be\/actualites\/les-enfants-peuvent-aussi-avoir-le-blues-de-lhiver\/#primaryimage"},"thumbnailUrl":"https:\/\/vieassociative.be\/actualites\/wp-content\/uploads\/2024\/11\/Les-enfants-peuvent-aussi-avoir-le-blues-de-lhiver.jpg","datePublished":"2024-11-11T17:16:59+00:00","dateModified":"2024-11-11T17:16:59+00:00","breadcrumb":{"@id":"https:\/\/vieassociative.be\/actualites\/les-enfants-peuvent-aussi-avoir-le-blues-de-lhiver\/#breadcrumb"},"inLanguage":"fr-BE","potentialAction":[{"@type":"ReadAction","target":["https:\/\/vieassociative.be\/actualites\/les-enfants-peuvent-aussi-avoir-le-blues-de-lhiver\/"]}]},{"@type":"ImageObject","inLanguage":"fr-BE","@id":"https:\/\/vieassociative.be\/actualites\/les-enfants-peuvent-aussi-avoir-le-blues-de-lhiver\/#primaryimage","url":"https:\/\/vieassociative.be\/actualites\/wp-content\/uploads\/2024\/11\/Les-enfants-peuvent-aussi-avoir-le-blues-de-lhiver.jpg","contentUrl":"https:\/\/vieassociative.be\/actualites\/wp-content\/uploads\/2024\/11\/Les-enfants-peuvent-aussi-avoir-le-blues-de-lhiver.jpg","width":1200,"height":675,"caption":"Les enfants peuvent aussi avoir le \u00ab blues de l\u2019hiver \u00bb"},{"@type":"BreadcrumbList","@id":"https:\/\/vieassociative.be\/actualites\/les-enfants-peuvent-aussi-avoir-le-blues-de-lhiver\/#breadcrumb","itemListElement":[{"@type":"ListItem","position":1,"name":"Accueil","item":"https:\/\/vieassociative.be\/actualites\/"},{"@type":"ListItem","position":2,"name":"Les enfants peuvent aussi avoir le \u00ab blues de l\u2019hiver \u00bb"}]},{"@type":"WebSite","@id":"https:\/\/vieassociative.be\/actualites\/#website","url":"https:\/\/vieassociative.be\/actualites\/","name":"Vie Associative","description":"","publisher":{"@id":"https:\/\/vieassociative.be\/actualites\/#organization"},"potentialAction":[{"@type":"SearchAction","target":{"@type":"EntryPoint","urlTemplate":"https:\/\/vieassociative.be\/actualites\/?s={search_term_string}"},"query-input":{"@type":"PropertyValueSpecification","valueRequired":true,"valueName":"search_term_string"}}],"inLanguage":"fr-BE"},{"@type":"Organization","@id":"https:\/\/vieassociative.be\/actualites\/#organization","name":"Vie Associative","url":"https:\/\/vieassociative.be\/actualites\/","logo":{"@type":"ImageObject","inLanguage":"fr-BE","@id":"https:\/\/vieassociative.be\/actualites\/#\/schema\/logo\/image\/","url":"https:\/\/vieassociative.be\/actualites\/wp-content\/uploads\/2024\/09\/cropped-vieassociative_favicon.ico.png","contentUrl":"https:\/\/vieassociative.be\/actualites\/wp-content\/uploads\/2024\/09\/cropped-vieassociative_favicon.ico.png","width":512,"height":512,"caption":"Vie Associative"},"image":{"@id":"https:\/\/vieassociative.be\/actualites\/#\/schema\/logo\/image\/"}},{"@type":"Person","@id":"https:\/\/vieassociative.be\/actualites\/#\/schema\/person\/b87ac4f82f9d4e7b7cec7395b679edc4","name":"Julien","image":{"@type":"ImageObject","inLanguage":"fr-BE","@id":"https:\/\/vieassociative.be\/actualites\/#\/schema\/person\/image\/","url":"https:\/\/vieassociative.be\/actualites\/wp-content\/uploads\/2024\/09\/vie-associative-1-150x150.jpg","contentUrl":"https:\/\/vieassociative.be\/actualites\/wp-content\/uploads\/2024\/09\/vie-associative-1-150x150.jpg","caption":"Julien"},"description":"Je suis Julien, r\u00e9dacteur pour Vie Associative. Passionn\u00e9 par le monde associatif depuis plus de 10 ans, j'ai \u00e0 c\u0153ur de partager des histoires inspirantes et de mettre en lumi\u00e8re les initiatives locales. Mon objectif est de sensibiliser et d'encourager l'engagement communautaire \u00e0 travers mes articles.","sameAs":["https:\/\/vieassociative.be\/"]}]}},"_links":{"self":[{"href":"https:\/\/vieassociative.be\/actualites\/wp-json\/wp\/v2\/posts\/2303"}],"collection":[{"href":"https:\/\/vieassociative.be\/actualites\/wp-json\/wp\/v2\/posts"}],"about":[{"href":"https:\/\/vieassociative.be\/actualites\/wp-json\/wp\/v2\/types\/post"}],"author":[{"embeddable":true,"href":"https:\/\/vieassociative.be\/actualites\/wp-json\/wp\/v2\/users\/1"}],"replies":[{"embeddable":true,"href":"https:\/\/vieassociative.be\/actualites\/wp-json\/wp\/v2\/comments?post=2303"}],"version-history":[{"count":0,"href":"https:\/\/vieassociative.be\/actualites\/wp-json\/wp\/v2\/posts\/2303\/revisions"}],"wp:featuredmedia":[{"embeddable":true,"href":"https:\/\/vieassociative.be\/actualites\/wp-json\/wp\/v2\/media\/2304"}],"wp:attachment":[{"href":"https:\/\/vieassociative.be\/actualites\/wp-json\/wp\/v2\/media?parent=2303"}],"wp:term":[{"taxonomy":"category","embeddable":true,"href":"https:\/\/vieassociative.be\/actualites\/wp-json\/wp\/v2\/categories?post=2303"},{"taxonomy":"post_tag","embeddable":true,"href":"https:\/\/vieassociative.be\/actualites\/wp-json\/wp\/v2\/tags?post=2303"}],"curies":[{"name":"wp","href":"https:\/\/api.w.org\/{rel}","templated":true}]}}