{"id":2299,"date":"2024-11-11T15:20:11","date_gmt":"2024-11-11T14:20:11","guid":{"rendered":"https:\/\/vieassociative.be\/actualites\/11-11-a-11h11-cest-a-nouveau-le-carnaval-en-rhenanie\/"},"modified":"2024-11-11T15:20:11","modified_gmt":"2024-11-11T14:20:11","slug":"11-11-a-11h11-cest-a-nouveau-le-carnaval-en-rhenanie","status":"publish","type":"post","link":"https:\/\/vieassociative.be\/actualites\/11-11-a-11h11-cest-a-nouveau-le-carnaval-en-rhenanie\/","title":{"rendered":"11.11. \u00e0 11h11 : C&rsquo;est \u00e0 nouveau le carnaval en Rh\u00e9nanie"},"content":{"rendered":"<p><strong>Donald Trump est \u00e9lu aux \u00c9tats-Unis, les feux tricolores s&rsquo;\u00e9teignent \u00e0 Berlin &#8211; mais le carnaval rh\u00e9nan commence toujours \u00e0 l&rsquo;heure habituelle, \u00e0 la minute pr\u00e8s.<\/strong><\/p>\n<p><span id=\"more-401525\"><\/span>Pour am\u00e9liorer l&rsquo;ambiance un matin pluvieux en temps de crise : \u00e0 Cologne, D\u00fcsseldorf et dans d&rsquo;autres bastions de la gaiet\u00e9 insens\u00e9e, la nouvelle s\u00e9ance de carnaval a d\u00e9but\u00e9 ce matin \u00e0 11h11. Des milliers de personnes costum\u00e9es n&rsquo;ont pas laiss\u00e9 le mauvais temps les arr\u00eater. Cette fois-ci, les sacs poubelles \u00e9taient particuli\u00e8rement demand\u00e9s dans les kiosques \u2013 comme pardessus contre la pluie.<\/p>\n<div id=\"attachment_401533\" class=\"wp-caption alignleft\" style=\"max-width: 300px\"><img fetchpriority=\"high\" decoding=\"async\" class=\"wp-image-401533 size-medium\" src=\"https:\/\/vieassociative.be\/actualites\/wp-content\/uploads\/2024\/11\/1111-a-11h11-Cest-a-nouveau-le-carnaval-en.jpg\" alt=\"\" width=\"300\" height=\"200\"><\/p>\n<p class=\"wp-caption-text\">11 novembre 2024, Rh\u00e9nanie-du-Nord-Westphalie, Cologne : de jeunes carnavalistes c\u00e9l\u00e8brent la Z\u00fclpicher Stra\u00dfe. Le 11 novembre La s\u00e9ance de carnaval a d\u00e9but\u00e9 \u00e0 11h11 dans les places fortes insens\u00e9es. Photo : Thomas Banneyer\/dpa<\/p>\n<\/div>\n<p>La maire de Cologne, Henriette Reker (ind\u00e9pendante), a d\u00e9clar\u00e9 que le carnaval arrivait au bon moment : \u00ab Je suis convaincue que nous pouvons tous utiliser un peu d&rsquo;\u00e9nergie dans les nombreuses crises que nous traversons. \u00bb<\/p>\n<p>Kirsten (56 ans) de Cologne, habill\u00e9e en hippie, a confirm\u00e9 : \u00ab\u00a0C&rsquo;est bien pour nous tous, une telle journ\u00e9e pleine de joie et d&rsquo;insouciance, Christian (51 ans), touriste du carnaval de Mayen en Rh\u00e9nanie-Palatinat, a assur\u00e9 que le mauvais temps \u00e9tait pr\u00e9sent.\u00a0\u00bb Ce n&rsquo;est pas un probl\u00e8me pour lui : \u00ab\u00a0Nous sommes ici \u00e0 Cologne, donc ce n&rsquo;est pas grave, l&rsquo;ambiance est toujours g\u00e9niale ici \u00e0 Cologne.\u00a0\u00bb<\/p>\n<\/p>\n<div id=\"attachment_401532\" class=\"wp-caption alignleft\" style=\"max-width: 300px\"><img decoding=\"async\" class=\"wp-image-401532 size-medium\" src=\"https:\/\/vieassociative.be\/actualites\/wp-content\/uploads\/2024\/11\/1731334811_245_1111-a-11h11-Cest-a-nouveau-le-carnaval-en.jpg\" alt=\"\" width=\"300\" height=\"200\"  ><\/p>\n<p class=\"wp-caption-text\">Le samedi 2 novembre, ST Prince Myron I. (Bucken) a \u00e9t\u00e9 proclam\u00e9 prince du 72e carnaval de KeNeHeMo dans la salle de bal du Patronage \u00e0 Kelmis. A ses c\u00f4t\u00e9s se trouvent les pages Vinciane (Crutzen) et Rebecca (Londres) ainsi que le dr\u00f4le de bouffon Extra (Pascal Extra). Photo de : KeNeHeMo<\/p>\n<\/div>\n<p><strong>\u2013 Trump et Lindner oubli\u00e9s au carnaval :<\/strong><br \/>\n Pour la cow-girl Loreta (21 ans), le grand avantage du carnaval est qu&rsquo;on peut oublier un instant l&rsquo;\u00e9tat terrible du monde : \u00ab Je ne pense pas \u00e0 Trump en ce moment. Quand je suis au lit \u00e0 la maison et que je vois que Lindner a \u00e9t\u00e9 licenci\u00e9 par Olaf Scholz et que de nouvelles \u00e9lections arrivent bient\u00f4t et que l&rsquo;AfD s&rsquo;en sortira certainement bien, c&rsquo;est ce que je pense en temps normal, mais aujourd&rsquo;hui, on a tendance \u00e0 l&rsquo;ignorer, aujourd&rsquo;hui vous y pensez avec vos amis, \u00e0 la musique, \u00e0 la f\u00eate, \u00e0 l&rsquo;alcool.<\/p>\n<p><b>\u2013 D\u00e9part du Carnaval \u00e0 KeNeHeMo : <\/b>Le carnaval a d\u00e9but\u00e9 \u00e0 Kelmis le samedi 2 novembre 2024, avec la 72\u00e8me proclamation de ST Myron I. (Bucken) avec les deux pages Vinciane (Crutzen) et Rebecca (Londres).<\/p>\n<p>Le spectacle des cuisines a eu lieu ce dimanche 10 novembre 2024. A partir du samedi 16 novembre 2024 (hors p\u00e9riode de No\u00ebl), les traditionnelles s\u00e9ances de casquettes et costumes auront lieu au KeNeHeMo ; et ce jusqu&rsquo;\u00e0 la veille du carnaval de rue en f\u00e9vrier 2025.<\/p>\n<p>A Eupen, la Prince Proclamation Prince Proclamation aura lieu le samedi 4 janvier 2025, \u00e0 19h30 \u00e0 la salle des sports et des f\u00eates de Kettenis. (cr\u00e9er)<\/p>\n","protected":false},"excerpt":{"rendered":"<p>Donald Trump est \u00e9lu aux \u00c9tats-Unis, les feux tricolores s&rsquo;\u00e9teignent \u00e0 Berlin &#8211; mais le carnaval rh\u00e9nan commence toujours \u00e0 l&rsquo;heure habituelle, \u00e0 la minute<\/p>\n","protected":false},"author":1,"featured_media":2300,"comment_status":"","ping_status":"","sticky":false,"template":"","format":"standard","meta":{"footnotes":""},"categories":[298],"tags":[3048,3049,362,553,3050],"class_list":["post-2299","post","type-post","status-publish","format-standard","has-post-thumbnail","hentry","category-belgique","tag-11h11","tag-carnaval","tag-cest","tag-nouveau","tag-rhenanie","generate-columns","tablet-grid-50","mobile-grid-100","grid-parent","grid-33"],"yoast_head":"<!-- This site is optimized with the Yoast SEO plugin v24.0 - https:\/\/yoast.com\/wordpress\/plugins\/seo\/ -->\n<title>11.11. \u00e0 11h11 : C&#039;est \u00e0 nouveau le carnaval en Rh\u00e9nanie | Vie Associative<\/title>\n<meta name=\"robots\" content=\"index, follow, max-snippet:-1, max-image-preview:large, max-video-preview:-1\" \/>\n<link rel=\"canonical\" href=\"https:\/\/vieassociative.be\/actualites\/11-11-a-11h11-cest-a-nouveau-le-carnaval-en-rhenanie\/\" \/>\n<meta property=\"og:locale\" content=\"fr_FR\" \/>\n<meta property=\"og:type\" content=\"article\" \/>\n<meta property=\"og:title\" content=\"11.11. \u00e0 11h11 : C&#039;est \u00e0 nouveau le carnaval en Rh\u00e9nanie | Vie Associative\" \/>\n<meta property=\"og:description\" content=\"Donald Trump est \u00e9lu aux \u00c9tats-Unis, les feux tricolores s&rsquo;\u00e9teignent \u00e0 Berlin &#8211; mais le carnaval rh\u00e9nan commence toujours \u00e0 l&rsquo;heure habituelle, \u00e0 la minute\" \/>\n<meta property=\"og:url\" content=\"https:\/\/vieassociative.be\/actualites\/11-11-a-11h11-cest-a-nouveau-le-carnaval-en-rhenanie\/\" \/>\n<meta property=\"og:site_name\" content=\"Vie Associative\" \/>\n<meta property=\"article:published_time\" content=\"2024-11-11T14:20:11+00:00\" \/>\n<meta property=\"og:image\" content=\"https:\/\/vieassociative.be\/actualites\/wp-content\/uploads\/2024\/11\/1111-a-11h11-Cest-a-nouveau-le-carnaval-en.jpg\" \/>\n<meta name=\"author\" content=\"Julien\" \/>\n<meta name=\"twitter:card\" content=\"summary_large_image\" \/>\n<meta name=\"twitter:label1\" content=\"\u00c9crit par\" \/>\n\t<meta name=\"twitter:data1\" content=\"Julien\" \/>\n\t<meta name=\"twitter:label2\" content=\"Dur\u00e9e de lecture est.\" \/>\n\t<meta name=\"twitter:data2\" content=\"2 minutes\" \/>\n<script type=\"application\/ld+json\" class=\"yoast-schema-graph\">{\"@context\":\"https:\/\/schema.org\",\"@graph\":[{\"@type\":\"Article\",\"@id\":\"https:\/\/vieassociative.be\/actualites\/11-11-a-11h11-cest-a-nouveau-le-carnaval-en-rhenanie\/#article\",\"isPartOf\":{\"@id\":\"https:\/\/vieassociative.be\/actualites\/11-11-a-11h11-cest-a-nouveau-le-carnaval-en-rhenanie\/\"},\"author\":{\"name\":\"Julien\",\"@id\":\"https:\/\/vieassociative.be\/actualites\/#\/schema\/person\/b87ac4f82f9d4e7b7cec7395b679edc4\"},\"headline\":\"11.11. \u00e0 11h11 : C&rsquo;est \u00e0 nouveau le carnaval en Rh\u00e9nanie\",\"datePublished\":\"2024-11-11T14:20:11+00:00\",\"dateModified\":\"2024-11-11T14:20:11+00:00\",\"mainEntityOfPage\":{\"@id\":\"https:\/\/vieassociative.be\/actualites\/11-11-a-11h11-cest-a-nouveau-le-carnaval-en-rhenanie\/\"},\"wordCount\":511,\"publisher\":{\"@id\":\"https:\/\/vieassociative.be\/actualites\/#organization\"},\"image\":{\"@id\":\"https:\/\/vieassociative.be\/actualites\/11-11-a-11h11-cest-a-nouveau-le-carnaval-en-rhenanie\/#primaryimage\"},\"thumbnailUrl\":\"https:\/\/vieassociative.be\/actualites\/wp-content\/uploads\/2024\/11\/1731334811_1111-a-11h11-Cest-a-nouveau-le-carnaval-en.jpg\",\"keywords\":[\"11h11\",\"carnaval\",\"cest\",\"nouveau\",\"Rh\u00e9nanie\"],\"articleSection\":[\"Belgique\"],\"inLanguage\":\"fr-BE\"},{\"@type\":\"WebPage\",\"@id\":\"https:\/\/vieassociative.be\/actualites\/11-11-a-11h11-cest-a-nouveau-le-carnaval-en-rhenanie\/\",\"url\":\"https:\/\/vieassociative.be\/actualites\/11-11-a-11h11-cest-a-nouveau-le-carnaval-en-rhenanie\/\",\"name\":\"11.11. \u00e0 11h11 : C'est \u00e0 nouveau le carnaval en Rh\u00e9nanie | Vie Associative\",\"isPartOf\":{\"@id\":\"https:\/\/vieassociative.be\/actualites\/#website\"},\"primaryImageOfPage\":{\"@id\":\"https:\/\/vieassociative.be\/actualites\/11-11-a-11h11-cest-a-nouveau-le-carnaval-en-rhenanie\/#primaryimage\"},\"image\":{\"@id\":\"https:\/\/vieassociative.be\/actualites\/11-11-a-11h11-cest-a-nouveau-le-carnaval-en-rhenanie\/#primaryimage\"},\"thumbnailUrl\":\"https:\/\/vieassociative.be\/actualites\/wp-content\/uploads\/2024\/11\/1731334811_1111-a-11h11-Cest-a-nouveau-le-carnaval-en.jpg\",\"datePublished\":\"2024-11-11T14:20:11+00:00\",\"dateModified\":\"2024-11-11T14:20:11+00:00\",\"breadcrumb\":{\"@id\":\"https:\/\/vieassociative.be\/actualites\/11-11-a-11h11-cest-a-nouveau-le-carnaval-en-rhenanie\/#breadcrumb\"},\"inLanguage\":\"fr-BE\",\"potentialAction\":[{\"@type\":\"ReadAction\",\"target\":[\"https:\/\/vieassociative.be\/actualites\/11-11-a-11h11-cest-a-nouveau-le-carnaval-en-rhenanie\/\"]}]},{\"@type\":\"ImageObject\",\"inLanguage\":\"fr-BE\",\"@id\":\"https:\/\/vieassociative.be\/actualites\/11-11-a-11h11-cest-a-nouveau-le-carnaval-en-rhenanie\/#primaryimage\",\"url\":\"https:\/\/vieassociative.be\/actualites\/wp-content\/uploads\/2024\/11\/1731334811_1111-a-11h11-Cest-a-nouveau-le-carnaval-en.jpg\",\"contentUrl\":\"https:\/\/vieassociative.be\/actualites\/wp-content\/uploads\/2024\/11\/1731334811_1111-a-11h11-Cest-a-nouveau-le-carnaval-en.jpg\",\"width\":1200,\"height\":800,\"caption\":\"11.11. \u00e0 11h11 : C'est \u00e0 nouveau le carnaval en Rh\u00e9nanie\"},{\"@type\":\"BreadcrumbList\",\"@id\":\"https:\/\/vieassociative.be\/actualites\/11-11-a-11h11-cest-a-nouveau-le-carnaval-en-rhenanie\/#breadcrumb\",\"itemListElement\":[{\"@type\":\"ListItem\",\"position\":1,\"name\":\"Accueil\",\"item\":\"https:\/\/vieassociative.be\/actualites\/\"},{\"@type\":\"ListItem\",\"position\":2,\"name\":\"11.11. \u00e0 11h11 : C&rsquo;est \u00e0 nouveau le carnaval en Rh\u00e9nanie\"}]},{\"@type\":\"WebSite\",\"@id\":\"https:\/\/vieassociative.be\/actualites\/#website\",\"url\":\"https:\/\/vieassociative.be\/actualites\/\",\"name\":\"Vie Associative\",\"description\":\"\",\"publisher\":{\"@id\":\"https:\/\/vieassociative.be\/actualites\/#organization\"},\"potentialAction\":[{\"@type\":\"SearchAction\",\"target\":{\"@type\":\"EntryPoint\",\"urlTemplate\":\"https:\/\/vieassociative.be\/actualites\/?s={search_term_string}\"},\"query-input\":{\"@type\":\"PropertyValueSpecification\",\"valueRequired\":true,\"valueName\":\"search_term_string\"}}],\"inLanguage\":\"fr-BE\"},{\"@type\":\"Organization\",\"@id\":\"https:\/\/vieassociative.be\/actualites\/#organization\",\"name\":\"Vie Associative\",\"url\":\"https:\/\/vieassociative.be\/actualites\/\",\"logo\":{\"@type\":\"ImageObject\",\"inLanguage\":\"fr-BE\",\"@id\":\"https:\/\/vieassociative.be\/actualites\/#\/schema\/logo\/image\/\",\"url\":\"https:\/\/vieassociative.be\/actualites\/wp-content\/uploads\/2024\/09\/cropped-vieassociative_favicon.ico.png\",\"contentUrl\":\"https:\/\/vieassociative.be\/actualites\/wp-content\/uploads\/2024\/09\/cropped-vieassociative_favicon.ico.png\",\"width\":512,\"height\":512,\"caption\":\"Vie Associative\"},\"image\":{\"@id\":\"https:\/\/vieassociative.be\/actualites\/#\/schema\/logo\/image\/\"}},{\"@type\":\"Person\",\"@id\":\"https:\/\/vieassociative.be\/actualites\/#\/schema\/person\/b87ac4f82f9d4e7b7cec7395b679edc4\",\"name\":\"Julien\",\"image\":{\"@type\":\"ImageObject\",\"inLanguage\":\"fr-BE\",\"@id\":\"https:\/\/vieassociative.be\/actualites\/#\/schema\/person\/image\/\",\"url\":\"https:\/\/vieassociative.be\/actualites\/wp-content\/uploads\/2024\/09\/vie-associative-1-150x150.jpg\",\"contentUrl\":\"https:\/\/vieassociative.be\/actualites\/wp-content\/uploads\/2024\/09\/vie-associative-1-150x150.jpg\",\"caption\":\"Julien\"},\"description\":\"Je suis Julien, r\u00e9dacteur pour Vie Associative. Passionn\u00e9 par le monde associatif depuis plus de 10 ans, j'ai \u00e0 c\u0153ur de partager des histoires inspirantes et de mettre en lumi\u00e8re les initiatives locales. Mon objectif est de sensibiliser et d'encourager l'engagement communautaire \u00e0 travers mes articles.\",\"sameAs\":[\"https:\/\/vieassociative.be\/\"]}]}<\/script>\n<!-- \/ Yoast SEO plugin. -->","yoast_head_json":{"title":"11.11. \u00e0 11h11 : C'est \u00e0 nouveau le carnaval en Rh\u00e9nanie | Vie Associative","robots":{"index":"index","follow":"follow","max-snippet":"max-snippet:-1","max-image-preview":"max-image-preview:large","max-video-preview":"max-video-preview:-1"},"canonical":"https:\/\/vieassociative.be\/actualites\/11-11-a-11h11-cest-a-nouveau-le-carnaval-en-rhenanie\/","og_locale":"fr_FR","og_type":"article","og_title":"11.11. \u00e0 11h11 : C'est \u00e0 nouveau le carnaval en Rh\u00e9nanie | Vie Associative","og_description":"Donald Trump est \u00e9lu aux \u00c9tats-Unis, les feux tricolores s&rsquo;\u00e9teignent \u00e0 Berlin &#8211; mais le carnaval rh\u00e9nan commence toujours \u00e0 l&rsquo;heure habituelle, \u00e0 la minute","og_url":"https:\/\/vieassociative.be\/actualites\/11-11-a-11h11-cest-a-nouveau-le-carnaval-en-rhenanie\/","og_site_name":"Vie Associative","article_published_time":"2024-11-11T14:20:11+00:00","og_image":[{"url":"https:\/\/vieassociative.be\/actualites\/wp-content\/uploads\/2024\/11\/1111-a-11h11-Cest-a-nouveau-le-carnaval-en.jpg","type":"","width":"","height":""}],"author":"Julien","twitter_card":"summary_large_image","twitter_misc":{"\u00c9crit par":"Julien","Dur\u00e9e de lecture est.":"2 minutes"},"schema":{"@context":"https:\/\/schema.org","@graph":[{"@type":"Article","@id":"https:\/\/vieassociative.be\/actualites\/11-11-a-11h11-cest-a-nouveau-le-carnaval-en-rhenanie\/#article","isPartOf":{"@id":"https:\/\/vieassociative.be\/actualites\/11-11-a-11h11-cest-a-nouveau-le-carnaval-en-rhenanie\/"},"author":{"name":"Julien","@id":"https:\/\/vieassociative.be\/actualites\/#\/schema\/person\/b87ac4f82f9d4e7b7cec7395b679edc4"},"headline":"11.11. \u00e0 11h11 : C&rsquo;est \u00e0 nouveau le carnaval en Rh\u00e9nanie","datePublished":"2024-11-11T14:20:11+00:00","dateModified":"2024-11-11T14:20:11+00:00","mainEntityOfPage":{"@id":"https:\/\/vieassociative.be\/actualites\/11-11-a-11h11-cest-a-nouveau-le-carnaval-en-rhenanie\/"},"wordCount":511,"publisher":{"@id":"https:\/\/vieassociative.be\/actualites\/#organization"},"image":{"@id":"https:\/\/vieassociative.be\/actualites\/11-11-a-11h11-cest-a-nouveau-le-carnaval-en-rhenanie\/#primaryimage"},"thumbnailUrl":"https:\/\/vieassociative.be\/actualites\/wp-content\/uploads\/2024\/11\/1731334811_1111-a-11h11-Cest-a-nouveau-le-carnaval-en.jpg","keywords":["11h11","carnaval","cest","nouveau","Rh\u00e9nanie"],"articleSection":["Belgique"],"inLanguage":"fr-BE"},{"@type":"WebPage","@id":"https:\/\/vieassociative.be\/actualites\/11-11-a-11h11-cest-a-nouveau-le-carnaval-en-rhenanie\/","url":"https:\/\/vieassociative.be\/actualites\/11-11-a-11h11-cest-a-nouveau-le-carnaval-en-rhenanie\/","name":"11.11. \u00e0 11h11 : C'est \u00e0 nouveau le carnaval en Rh\u00e9nanie | Vie Associative","isPartOf":{"@id":"https:\/\/vieassociative.be\/actualites\/#website"},"primaryImageOfPage":{"@id":"https:\/\/vieassociative.be\/actualites\/11-11-a-11h11-cest-a-nouveau-le-carnaval-en-rhenanie\/#primaryimage"},"image":{"@id":"https:\/\/vieassociative.be\/actualites\/11-11-a-11h11-cest-a-nouveau-le-carnaval-en-rhenanie\/#primaryimage"},"thumbnailUrl":"https:\/\/vieassociative.be\/actualites\/wp-content\/uploads\/2024\/11\/1731334811_1111-a-11h11-Cest-a-nouveau-le-carnaval-en.jpg","datePublished":"2024-11-11T14:20:11+00:00","dateModified":"2024-11-11T14:20:11+00:00","breadcrumb":{"@id":"https:\/\/vieassociative.be\/actualites\/11-11-a-11h11-cest-a-nouveau-le-carnaval-en-rhenanie\/#breadcrumb"},"inLanguage":"fr-BE","potentialAction":[{"@type":"ReadAction","target":["https:\/\/vieassociative.be\/actualites\/11-11-a-11h11-cest-a-nouveau-le-carnaval-en-rhenanie\/"]}]},{"@type":"ImageObject","inLanguage":"fr-BE","@id":"https:\/\/vieassociative.be\/actualites\/11-11-a-11h11-cest-a-nouveau-le-carnaval-en-rhenanie\/#primaryimage","url":"https:\/\/vieassociative.be\/actualites\/wp-content\/uploads\/2024\/11\/1731334811_1111-a-11h11-Cest-a-nouveau-le-carnaval-en.jpg","contentUrl":"https:\/\/vieassociative.be\/actualites\/wp-content\/uploads\/2024\/11\/1731334811_1111-a-11h11-Cest-a-nouveau-le-carnaval-en.jpg","width":1200,"height":800,"caption":"11.11. \u00e0 11h11 : C'est \u00e0 nouveau le carnaval en Rh\u00e9nanie"},{"@type":"BreadcrumbList","@id":"https:\/\/vieassociative.be\/actualites\/11-11-a-11h11-cest-a-nouveau-le-carnaval-en-rhenanie\/#breadcrumb","itemListElement":[{"@type":"ListItem","position":1,"name":"Accueil","item":"https:\/\/vieassociative.be\/actualites\/"},{"@type":"ListItem","position":2,"name":"11.11. \u00e0 11h11 : C&rsquo;est \u00e0 nouveau le carnaval en Rh\u00e9nanie"}]},{"@type":"WebSite","@id":"https:\/\/vieassociative.be\/actualites\/#website","url":"https:\/\/vieassociative.be\/actualites\/","name":"Vie Associative","description":"","publisher":{"@id":"https:\/\/vieassociative.be\/actualites\/#organization"},"potentialAction":[{"@type":"SearchAction","target":{"@type":"EntryPoint","urlTemplate":"https:\/\/vieassociative.be\/actualites\/?s={search_term_string}"},"query-input":{"@type":"PropertyValueSpecification","valueRequired":true,"valueName":"search_term_string"}}],"inLanguage":"fr-BE"},{"@type":"Organization","@id":"https:\/\/vieassociative.be\/actualites\/#organization","name":"Vie Associative","url":"https:\/\/vieassociative.be\/actualites\/","logo":{"@type":"ImageObject","inLanguage":"fr-BE","@id":"https:\/\/vieassociative.be\/actualites\/#\/schema\/logo\/image\/","url":"https:\/\/vieassociative.be\/actualites\/wp-content\/uploads\/2024\/09\/cropped-vieassociative_favicon.ico.png","contentUrl":"https:\/\/vieassociative.be\/actualites\/wp-content\/uploads\/2024\/09\/cropped-vieassociative_favicon.ico.png","width":512,"height":512,"caption":"Vie Associative"},"image":{"@id":"https:\/\/vieassociative.be\/actualites\/#\/schema\/logo\/image\/"}},{"@type":"Person","@id":"https:\/\/vieassociative.be\/actualites\/#\/schema\/person\/b87ac4f82f9d4e7b7cec7395b679edc4","name":"Julien","image":{"@type":"ImageObject","inLanguage":"fr-BE","@id":"https:\/\/vieassociative.be\/actualites\/#\/schema\/person\/image\/","url":"https:\/\/vieassociative.be\/actualites\/wp-content\/uploads\/2024\/09\/vie-associative-1-150x150.jpg","contentUrl":"https:\/\/vieassociative.be\/actualites\/wp-content\/uploads\/2024\/09\/vie-associative-1-150x150.jpg","caption":"Julien"},"description":"Je suis Julien, r\u00e9dacteur pour Vie Associative. Passionn\u00e9 par le monde associatif depuis plus de 10 ans, j'ai \u00e0 c\u0153ur de partager des histoires inspirantes et de mettre en lumi\u00e8re les initiatives locales. Mon objectif est de sensibiliser et d'encourager l'engagement communautaire \u00e0 travers mes articles.","sameAs":["https:\/\/vieassociative.be\/"]}]}},"_links":{"self":[{"href":"https:\/\/vieassociative.be\/actualites\/wp-json\/wp\/v2\/posts\/2299"}],"collection":[{"href":"https:\/\/vieassociative.be\/actualites\/wp-json\/wp\/v2\/posts"}],"about":[{"href":"https:\/\/vieassociative.be\/actualites\/wp-json\/wp\/v2\/types\/post"}],"author":[{"embeddable":true,"href":"https:\/\/vieassociative.be\/actualites\/wp-json\/wp\/v2\/users\/1"}],"replies":[{"embeddable":true,"href":"https:\/\/vieassociative.be\/actualites\/wp-json\/wp\/v2\/comments?post=2299"}],"version-history":[{"count":0,"href":"https:\/\/vieassociative.be\/actualites\/wp-json\/wp\/v2\/posts\/2299\/revisions"}],"wp:featuredmedia":[{"embeddable":true,"href":"https:\/\/vieassociative.be\/actualites\/wp-json\/wp\/v2\/media\/2300"}],"wp:attachment":[{"href":"https:\/\/vieassociative.be\/actualites\/wp-json\/wp\/v2\/media?parent=2299"}],"wp:term":[{"taxonomy":"category","embeddable":true,"href":"https:\/\/vieassociative.be\/actualites\/wp-json\/wp\/v2\/categories?post=2299"},{"taxonomy":"post_tag","embeddable":true,"href":"https:\/\/vieassociative.be\/actualites\/wp-json\/wp\/v2\/tags?post=2299"}],"curies":[{"name":"wp","href":"https:\/\/api.w.org\/{rel}","templated":true}]}}