{"id":2293,"date":"2024-11-11T12:18:27","date_gmt":"2024-11-11T11:18:27","guid":{"rendered":"https:\/\/vieassociative.be\/actualites\/peut-etre-que-les-chiens-vous-sont-allergiques-y-avez-vous-deja-pense\/"},"modified":"2024-11-11T12:18:27","modified_gmt":"2024-11-11T11:18:27","slug":"peut-etre-que-les-chiens-vous-sont-allergiques-y-avez-vous-deja-pense","status":"publish","type":"post","link":"https:\/\/vieassociative.be\/actualites\/peut-etre-que-les-chiens-vous-sont-allergiques-y-avez-vous-deja-pense\/","title":{"rendered":"Peut-\u00eatre que les chiens vous sont allergiques, y avez-vous d\u00e9j\u00e0 pens\u00e9 ?"},"content":{"rendered":"<div class=\"mt-4 leading-6 md:mb-8\">Votre chien est malade ou souffre d&rsquo;une allergie humaine ?<\/div>\n<p><\/p>\n<p>Quiconque vit avec des allergies sait \u00e0 quel point elles peuvent \u00eatre profond\u00e9ment d\u00e9sagr\u00e9ables, vous assommant avec une s\u00e9rie de sympt\u00f4mes qui vous affectent de la t\u00eate aux pieds. Les chiens ressentent \u00e9galement notre douleur et peuvent \u00eatre allergiques \u00e0 un certain nombre de choses identiques \u00e0 nous. <\/p>\n<p>Mais si les humains peuvent \u00eatre allergiques aux chiens (ou, plus pr\u00e9cis\u00e9ment, \u00e0 leurs squames), peuvent-ils \u00eatre allergiques \u00e0 nous ? Voici ce qu&rsquo;il faut savoir.<\/p>\n<h2 id=\"can-dogs-be-allergic-to-people\">Les chiens peuvent-ils \u00eatre allergiques aux humains ?<\/h2>\n<p>Comme les humains, les chiens peuvent \u00eatre allergiques \u00e0 certains aliments, irritants cutan\u00e9s et m\u00e9dicaments, ainsi qu&rsquo;\u00e0 des allerg\u00e8nes environnementaux, comme le pollen, les kilom\u00e8tres de poussi\u00e8re, les moisissures et les squames d&rsquo;animaux, selon l&rsquo;American Kennel Club (AKC). Et oui, cela inclut les squames humaines.<\/p>\n<h3>Est-ce nouveau ?<\/h3>\n<p>M\u00eame si vous avez eu des chiens toute votre vie, c&rsquo;est peut-\u00eatre la premi\u00e8re fois que vous entendez parler de la possibilit\u00e9 qu&rsquo;ils puissent \u00eatre allergiques aux humains. Et le Dr Valerie Fadok, v\u00e9t\u00e9rinaire de l&rsquo;AKC sp\u00e9cialis\u00e9e en dermatologie, affirme qu&rsquo;il y a de bonnes raisons \u00e0 cela. <\/p>\n<p>Premi\u00e8rement, dit-elle, tester les chiens pour les allergies aux squames humaines n&rsquo;est que r\u00e9cemment devenu une partie courante des tests dans les cabinets v\u00e9t\u00e9rinaires. La deuxi\u00e8me raison est li\u00e9e aux puces. Sorte de.<\/p>\n<p>Avant le d\u00e9but des ann\u00e9es 1990, lorsque des traitements pr\u00e9ventifs efficaces et modernes contre les puces sont devenus largement disponibles, il \u00e9tait beaucoup moins courant que les chiens dorment au lit avec leurs humains, explique Fadok. <\/p>\n<p>Maintenant qu&rsquo;une excellente protection contre les puces existe, les chiens passent de plus longues p\u00e9riodes de temps blottis \u00e0 c\u00f4t\u00e9 des autres (surtout au lit) et sont expos\u00e9s \u00e0 leurs squames, ce qui, \u00e0 son tour, rend leurs allergies aux squames humaines visibles d&rsquo;une mani\u00e8re qu&rsquo;elles ne l&rsquo;\u00e9taient pas. \u00ab Avant, note Fadok.<\/p>\n<h2 id=\"the-signs-a-dog-is-allergic-to-people\">Les signes qu&rsquo;un chien est allergique aux humains<\/h2>\n<p>Les sympt\u00f4mes d&rsquo;allergie environnementale des chiens sont en grande partie les m\u00eames pour tous les allerg\u00e8nes, donc si le v\u00f4tre pr\u00e9sente l&rsquo;un des sympt\u00f4mes ci-dessous, vous devrez l&#8217;emmener chez le v\u00e9t\u00e9rinaire pour un test visant \u00e0 identifier la cause.<\/p>\n<p>Selon l&rsquo;AKC, les signes indiquant que votre chien peut \u00eatre allergique aux squames humaines (ou \u00e0 tout autre allerg\u00e8ne environnemental) comprennent\u00a0: <\/p>\n<ul>\n<li>\n<p>Se gratter et se l\u00e9cher, en particulier autour de l&rsquo;aine, de l&rsquo;anus, des yeux, des oreilles du museau, des pattes et des aisselles<\/p>\n<\/li>\n<li>\n<p>Zones de peau humides, recouvertes de cro\u00fbtes ou nues<\/p>\n<\/li>\n<li>\n<p>Nez qui coule et\/ou \u00e9ternuements<\/p>\n<\/li>\n<li>\n<p>Yeux larmoyants<\/p>\n<\/li>\n<li>\n<p>Urticaire<\/p>\n<\/li>\n<li>\n<p>Diarrh\u00e9e<\/p>\n<\/li>\n<\/ul>\n<h2 id=\"what-to-do-if-your-dog-is-allergic-to-people\">Que faire si votre chien est allergique aux humains<\/h2>\n<p>Si votre v\u00e9t\u00e9rinaire a d\u00e9termin\u00e9 que votre chien est en fait allergique aux squames humaines, il vous parlera \u00e9galement des meilleures fa\u00e7ons de traiter ses allergies. Selon le type et la gravit\u00e9 de la r\u00e9action allergique de votre chien, le v\u00e9t\u00e9rinaire recommandera des solutions \u00e0 plus long terme, comme des injections contre les allergies, ou des traitements \u00e0 court terme, comme un antihistaminique ou une cr\u00e8me \u00e0 la cortisone pour apaiser sa peau.<\/p>\n<p>Il y a \u00e9galement des choses que vous pouvez faire \u00e0 la maison pour aider \u00e0 r\u00e9duire l&rsquo;exposition de votre chien \u00e0 vos squames (et \u00e0 d&rsquo;autres allerg\u00e8nes), notamment\u00a0:<\/p>\n<ul>\n<li>\n<p>Passer l&rsquo;aspirateur le plus possible chez vous<\/p>\n<\/li>\n<li>\n<p>Passer aux tapis lavables et les laver r\u00e9guli\u00e8rement<\/p>\n<\/li>\n<li>\n<p>Utiliser un purificateur d&rsquo;air avec un filtre HEPA dans votre chambre<\/p>\n<\/li>\n<li>\n<p>Si votre chien dort dans votre lit n&rsquo;est pas n\u00e9gociable, changez et lavez souvent votre literie.<\/p>\n<\/li>\n<\/ul>\n<p>Faites un rapport \u00e0 votre v\u00e9t\u00e9rinaire apr\u00e8s quelques semaines avec une mise \u00e0 jour des sympt\u00f4mes de votre chien. S&rsquo;ils sont rest\u00e9s les m\u00eames ou se sont aggrav\u00e9s, votre v\u00e9t\u00e9rinaire vous aidera \u00e0 d\u00e9terminer les prochaines \u00e9tapes.<\/p>\n","protected":false},"excerpt":{"rendered":"<p>Votre chien est malade ou souffre d&rsquo;une allergie humaine ? Quiconque vit avec des allergies sait \u00e0 quel point elles peuvent \u00eatre profond\u00e9ment d\u00e9sagr\u00e9ables, vous<\/p>\n","protected":false},"author":1,"featured_media":2294,"comment_status":"","ping_status":"","sticky":false,"template":"","format":"standard","meta":{"footnotes":""},"categories":[37],"tags":[3045,1113,2024,1936,14,2654,1262,18,4],"class_list":["post-2293","post","type-post","status-publish","format-standard","has-post-thumbnail","hentry","category-famille","tag-allergiques","tag-avezvous","tag-chiens","tag-deja","tag-les","tag-pense","tag-peutetre","tag-sont","tag-vous","generate-columns","tablet-grid-50","mobile-grid-100","grid-parent","grid-33"],"yoast_head":"<!-- This site is optimized with the Yoast SEO plugin v24.0 - https:\/\/yoast.com\/wordpress\/plugins\/seo\/ -->\n<title>Peut-\u00eatre que les chiens vous sont allergiques, y avez-vous d\u00e9j\u00e0 pens\u00e9 ? | Vie Associative<\/title>\n<meta name=\"robots\" content=\"index, follow, max-snippet:-1, max-image-preview:large, max-video-preview:-1\" \/>\n<link rel=\"canonical\" href=\"https:\/\/vieassociative.be\/actualites\/peut-etre-que-les-chiens-vous-sont-allergiques-y-avez-vous-deja-pense\/\" \/>\n<meta property=\"og:locale\" content=\"fr_FR\" \/>\n<meta property=\"og:type\" content=\"article\" \/>\n<meta property=\"og:title\" content=\"Peut-\u00eatre que les chiens vous sont allergiques, y avez-vous d\u00e9j\u00e0 pens\u00e9 ? | Vie Associative\" \/>\n<meta property=\"og:description\" content=\"Votre chien est malade ou souffre d&rsquo;une allergie humaine ? Quiconque vit avec des allergies sait \u00e0 quel point elles peuvent \u00eatre profond\u00e9ment d\u00e9sagr\u00e9ables, vous\" \/>\n<meta property=\"og:url\" content=\"https:\/\/vieassociative.be\/actualites\/peut-etre-que-les-chiens-vous-sont-allergiques-y-avez-vous-deja-pense\/\" \/>\n<meta property=\"og:site_name\" content=\"Vie Associative\" \/>\n<meta property=\"article:published_time\" content=\"2024-11-11T11:18:27+00:00\" \/>\n<meta property=\"og:image\" content=\"https:\/\/vieassociative.be\/actualites\/wp-content\/uploads\/2024\/09\/header_backgroundk-01-e1726694325946.png\" \/>\n\t<meta property=\"og:image:width\" content=\"279\" \/>\n\t<meta property=\"og:image:height\" content=\"92\" \/>\n\t<meta property=\"og:image:type\" content=\"image\/png\" \/>\n<meta name=\"author\" content=\"Julien\" \/>\n<meta name=\"twitter:card\" content=\"summary_large_image\" \/>\n<meta name=\"twitter:label1\" content=\"\u00c9crit par\" \/>\n\t<meta name=\"twitter:data1\" content=\"Julien\" \/>\n\t<meta name=\"twitter:label2\" content=\"Dur\u00e9e de lecture est.\" \/>\n\t<meta name=\"twitter:data2\" content=\"3 minutes\" \/>\n<script type=\"application\/ld+json\" class=\"yoast-schema-graph\">{\"@context\":\"https:\/\/schema.org\",\"@graph\":[{\"@type\":\"Article\",\"@id\":\"https:\/\/vieassociative.be\/actualites\/peut-etre-que-les-chiens-vous-sont-allergiques-y-avez-vous-deja-pense\/#article\",\"isPartOf\":{\"@id\":\"https:\/\/vieassociative.be\/actualites\/peut-etre-que-les-chiens-vous-sont-allergiques-y-avez-vous-deja-pense\/\"},\"author\":{\"name\":\"Julien\",\"@id\":\"https:\/\/vieassociative.be\/actualites\/#\/schema\/person\/b87ac4f82f9d4e7b7cec7395b679edc4\"},\"headline\":\"Peut-\u00eatre que les chiens vous sont allergiques, y avez-vous d\u00e9j\u00e0 pens\u00e9 ?\",\"datePublished\":\"2024-11-11T11:18:27+00:00\",\"dateModified\":\"2024-11-11T11:18:27+00:00\",\"mainEntityOfPage\":{\"@id\":\"https:\/\/vieassociative.be\/actualites\/peut-etre-que-les-chiens-vous-sont-allergiques-y-avez-vous-deja-pense\/\"},\"wordCount\":689,\"publisher\":{\"@id\":\"https:\/\/vieassociative.be\/actualites\/#organization\"},\"image\":{\"@id\":\"https:\/\/vieassociative.be\/actualites\/peut-etre-que-les-chiens-vous-sont-allergiques-y-avez-vous-deja-pense\/#primaryimage\"},\"thumbnailUrl\":\"https:\/\/vieassociative.be\/actualites\/wp-content\/uploads\/2024\/11\/Peut-etre-que-les-chiens-vous-sont-allergiques-y-avez-vous-deja.jpg\",\"keywords\":[\"allergiques\",\"avezvous\",\"chiens\",\"d\u00e9j\u00e0\",\"Les\",\"pense\",\"Peut\u00eatre\",\"sont\",\"Vous\"],\"articleSection\":[\"Famille\"],\"inLanguage\":\"fr-BE\"},{\"@type\":\"WebPage\",\"@id\":\"https:\/\/vieassociative.be\/actualites\/peut-etre-que-les-chiens-vous-sont-allergiques-y-avez-vous-deja-pense\/\",\"url\":\"https:\/\/vieassociative.be\/actualites\/peut-etre-que-les-chiens-vous-sont-allergiques-y-avez-vous-deja-pense\/\",\"name\":\"Peut-\u00eatre que les chiens vous sont allergiques, y avez-vous d\u00e9j\u00e0 pens\u00e9 ? | Vie Associative\",\"isPartOf\":{\"@id\":\"https:\/\/vieassociative.be\/actualites\/#website\"},\"primaryImageOfPage\":{\"@id\":\"https:\/\/vieassociative.be\/actualites\/peut-etre-que-les-chiens-vous-sont-allergiques-y-avez-vous-deja-pense\/#primaryimage\"},\"image\":{\"@id\":\"https:\/\/vieassociative.be\/actualites\/peut-etre-que-les-chiens-vous-sont-allergiques-y-avez-vous-deja-pense\/#primaryimage\"},\"thumbnailUrl\":\"https:\/\/vieassociative.be\/actualites\/wp-content\/uploads\/2024\/11\/Peut-etre-que-les-chiens-vous-sont-allergiques-y-avez-vous-deja.jpg\",\"datePublished\":\"2024-11-11T11:18:27+00:00\",\"dateModified\":\"2024-11-11T11:18:27+00:00\",\"breadcrumb\":{\"@id\":\"https:\/\/vieassociative.be\/actualites\/peut-etre-que-les-chiens-vous-sont-allergiques-y-avez-vous-deja-pense\/#breadcrumb\"},\"inLanguage\":\"fr-BE\",\"potentialAction\":[{\"@type\":\"ReadAction\",\"target\":[\"https:\/\/vieassociative.be\/actualites\/peut-etre-que-les-chiens-vous-sont-allergiques-y-avez-vous-deja-pense\/\"]}]},{\"@type\":\"ImageObject\",\"inLanguage\":\"fr-BE\",\"@id\":\"https:\/\/vieassociative.be\/actualites\/peut-etre-que-les-chiens-vous-sont-allergiques-y-avez-vous-deja-pense\/#primaryimage\",\"url\":\"https:\/\/vieassociative.be\/actualites\/wp-content\/uploads\/2024\/11\/Peut-etre-que-les-chiens-vous-sont-allergiques-y-avez-vous-deja.jpg\",\"contentUrl\":\"https:\/\/vieassociative.be\/actualites\/wp-content\/uploads\/2024\/11\/Peut-etre-que-les-chiens-vous-sont-allergiques-y-avez-vous-deja.jpg\",\"width\":1200,\"height\":675,\"caption\":\"Peut-\u00eatre que les chiens vous sont allergiques, y avez-vous d\u00e9j\u00e0 pens\u00e9 ?\"},{\"@type\":\"BreadcrumbList\",\"@id\":\"https:\/\/vieassociative.be\/actualites\/peut-etre-que-les-chiens-vous-sont-allergiques-y-avez-vous-deja-pense\/#breadcrumb\",\"itemListElement\":[{\"@type\":\"ListItem\",\"position\":1,\"name\":\"Accueil\",\"item\":\"https:\/\/vieassociative.be\/actualites\/\"},{\"@type\":\"ListItem\",\"position\":2,\"name\":\"Peut-\u00eatre que les chiens vous sont allergiques, y avez-vous d\u00e9j\u00e0 pens\u00e9 ?\"}]},{\"@type\":\"WebSite\",\"@id\":\"https:\/\/vieassociative.be\/actualites\/#website\",\"url\":\"https:\/\/vieassociative.be\/actualites\/\",\"name\":\"Vie Associative\",\"description\":\"\",\"publisher\":{\"@id\":\"https:\/\/vieassociative.be\/actualites\/#organization\"},\"potentialAction\":[{\"@type\":\"SearchAction\",\"target\":{\"@type\":\"EntryPoint\",\"urlTemplate\":\"https:\/\/vieassociative.be\/actualites\/?s={search_term_string}\"},\"query-input\":{\"@type\":\"PropertyValueSpecification\",\"valueRequired\":true,\"valueName\":\"search_term_string\"}}],\"inLanguage\":\"fr-BE\"},{\"@type\":\"Organization\",\"@id\":\"https:\/\/vieassociative.be\/actualites\/#organization\",\"name\":\"Vie Associative\",\"url\":\"https:\/\/vieassociative.be\/actualites\/\",\"logo\":{\"@type\":\"ImageObject\",\"inLanguage\":\"fr-BE\",\"@id\":\"https:\/\/vieassociative.be\/actualites\/#\/schema\/logo\/image\/\",\"url\":\"https:\/\/vieassociative.be\/actualites\/wp-content\/uploads\/2024\/09\/cropped-vieassociative_favicon.ico.png\",\"contentUrl\":\"https:\/\/vieassociative.be\/actualites\/wp-content\/uploads\/2024\/09\/cropped-vieassociative_favicon.ico.png\",\"width\":512,\"height\":512,\"caption\":\"Vie Associative\"},\"image\":{\"@id\":\"https:\/\/vieassociative.be\/actualites\/#\/schema\/logo\/image\/\"}},{\"@type\":\"Person\",\"@id\":\"https:\/\/vieassociative.be\/actualites\/#\/schema\/person\/b87ac4f82f9d4e7b7cec7395b679edc4\",\"name\":\"Julien\",\"image\":{\"@type\":\"ImageObject\",\"inLanguage\":\"fr-BE\",\"@id\":\"https:\/\/vieassociative.be\/actualites\/#\/schema\/person\/image\/\",\"url\":\"https:\/\/vieassociative.be\/actualites\/wp-content\/uploads\/2024\/09\/vie-associative-1-150x150.jpg\",\"contentUrl\":\"https:\/\/vieassociative.be\/actualites\/wp-content\/uploads\/2024\/09\/vie-associative-1-150x150.jpg\",\"caption\":\"Julien\"},\"description\":\"Je suis Julien, r\u00e9dacteur pour Vie Associative. Passionn\u00e9 par le monde associatif depuis plus de 10 ans, j'ai \u00e0 c\u0153ur de partager des histoires inspirantes et de mettre en lumi\u00e8re les initiatives locales. Mon objectif est de sensibiliser et d'encourager l'engagement communautaire \u00e0 travers mes articles.\",\"sameAs\":[\"https:\/\/vieassociative.be\/\"]}]}<\/script>\n<!-- \/ Yoast SEO plugin. -->","yoast_head_json":{"title":"Peut-\u00eatre que les chiens vous sont allergiques, y avez-vous d\u00e9j\u00e0 pens\u00e9 ? | Vie Associative","robots":{"index":"index","follow":"follow","max-snippet":"max-snippet:-1","max-image-preview":"max-image-preview:large","max-video-preview":"max-video-preview:-1"},"canonical":"https:\/\/vieassociative.be\/actualites\/peut-etre-que-les-chiens-vous-sont-allergiques-y-avez-vous-deja-pense\/","og_locale":"fr_FR","og_type":"article","og_title":"Peut-\u00eatre que les chiens vous sont allergiques, y avez-vous d\u00e9j\u00e0 pens\u00e9 ? | Vie Associative","og_description":"Votre chien est malade ou souffre d&rsquo;une allergie humaine ? Quiconque vit avec des allergies sait \u00e0 quel point elles peuvent \u00eatre profond\u00e9ment d\u00e9sagr\u00e9ables, vous","og_url":"https:\/\/vieassociative.be\/actualites\/peut-etre-que-les-chiens-vous-sont-allergiques-y-avez-vous-deja-pense\/","og_site_name":"Vie Associative","article_published_time":"2024-11-11T11:18:27+00:00","og_image":[{"width":279,"height":92,"url":"https:\/\/vieassociative.be\/actualites\/wp-content\/uploads\/2024\/09\/header_backgroundk-01-e1726694325946.png","type":"image\/png"}],"author":"Julien","twitter_card":"summary_large_image","twitter_misc":{"\u00c9crit par":"Julien","Dur\u00e9e de lecture est.":"3 minutes"},"schema":{"@context":"https:\/\/schema.org","@graph":[{"@type":"Article","@id":"https:\/\/vieassociative.be\/actualites\/peut-etre-que-les-chiens-vous-sont-allergiques-y-avez-vous-deja-pense\/#article","isPartOf":{"@id":"https:\/\/vieassociative.be\/actualites\/peut-etre-que-les-chiens-vous-sont-allergiques-y-avez-vous-deja-pense\/"},"author":{"name":"Julien","@id":"https:\/\/vieassociative.be\/actualites\/#\/schema\/person\/b87ac4f82f9d4e7b7cec7395b679edc4"},"headline":"Peut-\u00eatre que les chiens vous sont allergiques, y avez-vous d\u00e9j\u00e0 pens\u00e9 ?","datePublished":"2024-11-11T11:18:27+00:00","dateModified":"2024-11-11T11:18:27+00:00","mainEntityOfPage":{"@id":"https:\/\/vieassociative.be\/actualites\/peut-etre-que-les-chiens-vous-sont-allergiques-y-avez-vous-deja-pense\/"},"wordCount":689,"publisher":{"@id":"https:\/\/vieassociative.be\/actualites\/#organization"},"image":{"@id":"https:\/\/vieassociative.be\/actualites\/peut-etre-que-les-chiens-vous-sont-allergiques-y-avez-vous-deja-pense\/#primaryimage"},"thumbnailUrl":"https:\/\/vieassociative.be\/actualites\/wp-content\/uploads\/2024\/11\/Peut-etre-que-les-chiens-vous-sont-allergiques-y-avez-vous-deja.jpg","keywords":["allergiques","avezvous","chiens","d\u00e9j\u00e0","Les","pense","Peut\u00eatre","sont","Vous"],"articleSection":["Famille"],"inLanguage":"fr-BE"},{"@type":"WebPage","@id":"https:\/\/vieassociative.be\/actualites\/peut-etre-que-les-chiens-vous-sont-allergiques-y-avez-vous-deja-pense\/","url":"https:\/\/vieassociative.be\/actualites\/peut-etre-que-les-chiens-vous-sont-allergiques-y-avez-vous-deja-pense\/","name":"Peut-\u00eatre que les chiens vous sont allergiques, y avez-vous d\u00e9j\u00e0 pens\u00e9 ? | Vie Associative","isPartOf":{"@id":"https:\/\/vieassociative.be\/actualites\/#website"},"primaryImageOfPage":{"@id":"https:\/\/vieassociative.be\/actualites\/peut-etre-que-les-chiens-vous-sont-allergiques-y-avez-vous-deja-pense\/#primaryimage"},"image":{"@id":"https:\/\/vieassociative.be\/actualites\/peut-etre-que-les-chiens-vous-sont-allergiques-y-avez-vous-deja-pense\/#primaryimage"},"thumbnailUrl":"https:\/\/vieassociative.be\/actualites\/wp-content\/uploads\/2024\/11\/Peut-etre-que-les-chiens-vous-sont-allergiques-y-avez-vous-deja.jpg","datePublished":"2024-11-11T11:18:27+00:00","dateModified":"2024-11-11T11:18:27+00:00","breadcrumb":{"@id":"https:\/\/vieassociative.be\/actualites\/peut-etre-que-les-chiens-vous-sont-allergiques-y-avez-vous-deja-pense\/#breadcrumb"},"inLanguage":"fr-BE","potentialAction":[{"@type":"ReadAction","target":["https:\/\/vieassociative.be\/actualites\/peut-etre-que-les-chiens-vous-sont-allergiques-y-avez-vous-deja-pense\/"]}]},{"@type":"ImageObject","inLanguage":"fr-BE","@id":"https:\/\/vieassociative.be\/actualites\/peut-etre-que-les-chiens-vous-sont-allergiques-y-avez-vous-deja-pense\/#primaryimage","url":"https:\/\/vieassociative.be\/actualites\/wp-content\/uploads\/2024\/11\/Peut-etre-que-les-chiens-vous-sont-allergiques-y-avez-vous-deja.jpg","contentUrl":"https:\/\/vieassociative.be\/actualites\/wp-content\/uploads\/2024\/11\/Peut-etre-que-les-chiens-vous-sont-allergiques-y-avez-vous-deja.jpg","width":1200,"height":675,"caption":"Peut-\u00eatre que les chiens vous sont allergiques, y avez-vous d\u00e9j\u00e0 pens\u00e9 ?"},{"@type":"BreadcrumbList","@id":"https:\/\/vieassociative.be\/actualites\/peut-etre-que-les-chiens-vous-sont-allergiques-y-avez-vous-deja-pense\/#breadcrumb","itemListElement":[{"@type":"ListItem","position":1,"name":"Accueil","item":"https:\/\/vieassociative.be\/actualites\/"},{"@type":"ListItem","position":2,"name":"Peut-\u00eatre que les chiens vous sont allergiques, y avez-vous d\u00e9j\u00e0 pens\u00e9 ?"}]},{"@type":"WebSite","@id":"https:\/\/vieassociative.be\/actualites\/#website","url":"https:\/\/vieassociative.be\/actualites\/","name":"Vie Associative","description":"","publisher":{"@id":"https:\/\/vieassociative.be\/actualites\/#organization"},"potentialAction":[{"@type":"SearchAction","target":{"@type":"EntryPoint","urlTemplate":"https:\/\/vieassociative.be\/actualites\/?s={search_term_string}"},"query-input":{"@type":"PropertyValueSpecification","valueRequired":true,"valueName":"search_term_string"}}],"inLanguage":"fr-BE"},{"@type":"Organization","@id":"https:\/\/vieassociative.be\/actualites\/#organization","name":"Vie Associative","url":"https:\/\/vieassociative.be\/actualites\/","logo":{"@type":"ImageObject","inLanguage":"fr-BE","@id":"https:\/\/vieassociative.be\/actualites\/#\/schema\/logo\/image\/","url":"https:\/\/vieassociative.be\/actualites\/wp-content\/uploads\/2024\/09\/cropped-vieassociative_favicon.ico.png","contentUrl":"https:\/\/vieassociative.be\/actualites\/wp-content\/uploads\/2024\/09\/cropped-vieassociative_favicon.ico.png","width":512,"height":512,"caption":"Vie Associative"},"image":{"@id":"https:\/\/vieassociative.be\/actualites\/#\/schema\/logo\/image\/"}},{"@type":"Person","@id":"https:\/\/vieassociative.be\/actualites\/#\/schema\/person\/b87ac4f82f9d4e7b7cec7395b679edc4","name":"Julien","image":{"@type":"ImageObject","inLanguage":"fr-BE","@id":"https:\/\/vieassociative.be\/actualites\/#\/schema\/person\/image\/","url":"https:\/\/vieassociative.be\/actualites\/wp-content\/uploads\/2024\/09\/vie-associative-1-150x150.jpg","contentUrl":"https:\/\/vieassociative.be\/actualites\/wp-content\/uploads\/2024\/09\/vie-associative-1-150x150.jpg","caption":"Julien"},"description":"Je suis Julien, r\u00e9dacteur pour Vie Associative. Passionn\u00e9 par le monde associatif depuis plus de 10 ans, j'ai \u00e0 c\u0153ur de partager des histoires inspirantes et de mettre en lumi\u00e8re les initiatives locales. Mon objectif est de sensibiliser et d'encourager l'engagement communautaire \u00e0 travers mes articles.","sameAs":["https:\/\/vieassociative.be\/"]}]}},"_links":{"self":[{"href":"https:\/\/vieassociative.be\/actualites\/wp-json\/wp\/v2\/posts\/2293"}],"collection":[{"href":"https:\/\/vieassociative.be\/actualites\/wp-json\/wp\/v2\/posts"}],"about":[{"href":"https:\/\/vieassociative.be\/actualites\/wp-json\/wp\/v2\/types\/post"}],"author":[{"embeddable":true,"href":"https:\/\/vieassociative.be\/actualites\/wp-json\/wp\/v2\/users\/1"}],"replies":[{"embeddable":true,"href":"https:\/\/vieassociative.be\/actualites\/wp-json\/wp\/v2\/comments?post=2293"}],"version-history":[{"count":0,"href":"https:\/\/vieassociative.be\/actualites\/wp-json\/wp\/v2\/posts\/2293\/revisions"}],"wp:featuredmedia":[{"embeddable":true,"href":"https:\/\/vieassociative.be\/actualites\/wp-json\/wp\/v2\/media\/2294"}],"wp:attachment":[{"href":"https:\/\/vieassociative.be\/actualites\/wp-json\/wp\/v2\/media?parent=2293"}],"wp:term":[{"taxonomy":"category","embeddable":true,"href":"https:\/\/vieassociative.be\/actualites\/wp-json\/wp\/v2\/categories?post=2293"},{"taxonomy":"post_tag","embeddable":true,"href":"https:\/\/vieassociative.be\/actualites\/wp-json\/wp\/v2\/tags?post=2293"}],"curies":[{"name":"wp","href":"https:\/\/api.w.org\/{rel}","templated":true}]}}