{"id":2289,"date":"2024-11-11T09:19:53","date_gmt":"2024-11-11T08:19:53","guid":{"rendered":"https:\/\/vieassociative.be\/actualites\/las-eupen-rencontrera-aujourdhui-les-ex-joueurs-et-wilmots-jr-dans-le-cadre-de-la-journee-dg-contre-le-patro-eisden\/"},"modified":"2024-11-11T09:19:53","modified_gmt":"2024-11-11T08:19:53","slug":"las-eupen-rencontrera-aujourdhui-les-ex-joueurs-et-wilmots-jr-dans-le-cadre-de-la-journee-dg-contre-le-patro-eisden","status":"publish","type":"post","link":"https:\/\/vieassociative.be\/actualites\/las-eupen-rencontrera-aujourdhui-les-ex-joueurs-et-wilmots-jr-dans-le-cadre-de-la-journee-dg-contre-le-patro-eisden\/","title":{"rendered":"L&rsquo;AS Eupen rencontrera aujourd&rsquo;hui les ex-joueurs et Wilmots jr dans le cadre de la journ\u00e9e DG contre le Patro Eisden."},"content":{"rendered":"<p><strong>L&rsquo;\u00e9quipe de football de deuxi\u00e8me division, l&rsquo;AS Eupen, accueille ce dimanche soir (19h15 \/ en direct sur DAZN) l&rsquo;\u00e9quipe du Patro Eisden au stade Kehrweg. Le dernier match officiel des Noirs et Blancs contre le Limbourg a eu lieu lors de la saison 2015\/2016, \u00e0 l&rsquo;issue de laquelle Eupen a \u00e9t\u00e9 promu en Jupiler Pro League.<\/strong><\/p>\n<p><span id=\"more-401414\"><\/span>L&rsquo;AS s&rsquo;est impos\u00e9 2-1 \u00e0 Eisden et Maasmechelen. Eupen a remport\u00e9 le match aller au Kehrweg 6-0.<\/p>\n<p>C&rsquo;\u00e9tait hier, maintenant le rapport de force est diff\u00e9rent, car avant le duel d&rsquo;aujourd&rsquo;hui, Eisden comptait 17 points en 10 matchs (6\u00e8me place) et Eupen seulement 12 points (11\u00e8me place).<\/p>\n<p>L&rsquo;entra\u00eeneur d&rsquo;Eisden est Stijn Stijnen, 30 fois gardien national belge (anciennement FC Bruges et Beerschot). L&rsquo;ancien attaquant vedette Luc Nilis, aujourd&rsquo;hui \u00e2g\u00e9 de 43 ans, compte parmi ses entra\u00eeneurs.<\/p>\n<div id=\"attachment_72802\" class=\"wp-caption alignleft\" style=\"max-width: 300px\"><img fetchpriority=\"high\" decoding=\"async\" class=\"wp-image-72802 size-medium\" src=\"https:\/\/vieassociative.be\/actualites\/wp-content\/uploads\/2024\/11\/LAS-Eupen-rencontrera-aujourdhui-les-ex-joueurs-et-Wilmots-jr-dans.jpg\" alt=\"\" width=\"300\" height=\"200\"  ><\/p>\n<p class=\"wp-caption-text\">Raoul Kenne en mai 2015 en tant que joueur de l&rsquo;AS Eupen. Photo : Gr\u00e9goire Derouaux<\/p>\n<\/div>\n<p>L&rsquo;effectif actuel du Patro comprend trois anciens joueurs de l&rsquo;AS Eupen : Kevin Kis (\u00e0 Eupen 2011-2013), Raoul Kenne (\u00e0 Eupen 2012-2017) et Stef Peeters (\u00e0 Eupen 2020-2023). Cependant, ce dernier ne fait plus partie de l&rsquo;\u00e9quipe depuis juillet 2024 en raison de divergences d&rsquo;opinion avec l&rsquo;entra\u00eeneur Stijnen.<\/p>\n<p>En outre, un joueur au nom illustre est actif pour Eisden : Reno Wilmots, fils de l&rsquo;ancien international belge et ancien entra\u00eeneur national Marc Wilmots.<\/p>\n<p>Une victoire ce soir serait importante pour AS car le match contre Eisden a lieu le jour du DG, donc plus de spectateurs sont attendus que d&rsquo;habitude, d&rsquo;autant plus que demain, lundi 11 novembre, est un jour f\u00e9ri\u00e9. Apr\u00e8s le match, une f\u00eate aura lieu au KAS Lounge avec DJ Mich\u00eblon propuls\u00e9 par Hyundai Johnen. Avec une entr\u00e9e gratuite, tous les fans sont chaleureusement invit\u00e9s. Et comme nous le savons tous, il est plus facile de c\u00e9l\u00e9brer apr\u00e8s une victoire qu\u2019apr\u00e8s une d\u00e9ception.<\/p>\n<p>Quoi qu&rsquo;il en soit, l&rsquo;\u00e9quipe de l&rsquo;entra\u00eeneur Mersad Selimbegovic doit tout faire pour \u00e9viter que l&rsquo;AS Eupen ne devienne la \u00ab souris grise du milieu de terrain \u00bb, au-del\u00e0 du bien et du mal.<\/p>\n<p>Il y a actuellement plus d&rsquo;enthousiasme \u00e0 Eisden qu&rsquo;\u00e0 AS : d&rsquo;une part, Patro a de meilleures chances qu&rsquo;Eupen d&rsquo;une place dans le top 6, ce qui lui permet de participer \u00e0 la ronde de promotion, et d&rsquo;autre part, l&rsquo;\u00e9quipe attend d\u00e9j\u00e0 avec impatience les huiti\u00e8mes de finale de la coupe nationale, lorsque les Limbourgeois accueilleront le FC Bruges le 3 d\u00e9cembre apr\u00e8s l&rsquo;\u00e9limination du Sporting Charleroi en 1\/16 de finale, (cre)<\/p>\n","protected":false},"excerpt":{"rendered":"<p>L&rsquo;\u00e9quipe de football de deuxi\u00e8me division, l&rsquo;AS Eupen, accueille ce dimanche soir (19h15 \/ en direct sur DAZN) l&rsquo;\u00e9quipe du Patro Eisden au stade Kehrweg.<\/p>\n","protected":false},"author":1,"featured_media":2290,"comment_status":"","ping_status":"","sticky":false,"template":"","format":"standard","meta":{"footnotes":""},"categories":[298],"tags":[2330,1333,796,166,3043,2329,3040,2877,2353,14,3042,3039,3041],"class_list":["post-2289","post","type-post","status-publish","format-standard","has-post-thumbnail","hentry","category-belgique","tag-aujourdhui","tag-cadre","tag-contre","tag-dans","tag-eisden","tag-eupen","tag-exjoueurs","tag-journee","tag-las","tag-les","tag-patro","tag-rencontrera","tag-wilmots","generate-columns","tablet-grid-50","mobile-grid-100","grid-parent","grid-33"],"yoast_head":"<!-- This site is optimized with the Yoast SEO plugin v24.0 - https:\/\/yoast.com\/wordpress\/plugins\/seo\/ -->\n<title>L&#039;AS Eupen rencontrera aujourd&#039;hui les ex-joueurs et Wilmots jr dans le cadre de la journ\u00e9e DG contre le Patro Eisden. | Vie Associative<\/title>\n<meta name=\"robots\" content=\"index, follow, max-snippet:-1, max-image-preview:large, max-video-preview:-1\" \/>\n<link rel=\"canonical\" href=\"https:\/\/vieassociative.be\/actualites\/las-eupen-rencontrera-aujourdhui-les-ex-joueurs-et-wilmots-jr-dans-le-cadre-de-la-journee-dg-contre-le-patro-eisden\/\" \/>\n<meta property=\"og:locale\" content=\"fr_FR\" \/>\n<meta property=\"og:type\" content=\"article\" \/>\n<meta property=\"og:title\" content=\"L&#039;AS Eupen rencontrera aujourd&#039;hui les ex-joueurs et Wilmots jr dans le cadre de la journ\u00e9e DG contre le Patro Eisden. | Vie Associative\" \/>\n<meta property=\"og:description\" content=\"L&rsquo;\u00e9quipe de football de deuxi\u00e8me division, l&rsquo;AS Eupen, accueille ce dimanche soir (19h15 \/ en direct sur DAZN) l&rsquo;\u00e9quipe du Patro Eisden au stade Kehrweg.\" \/>\n<meta property=\"og:url\" content=\"https:\/\/vieassociative.be\/actualites\/las-eupen-rencontrera-aujourdhui-les-ex-joueurs-et-wilmots-jr-dans-le-cadre-de-la-journee-dg-contre-le-patro-eisden\/\" \/>\n<meta property=\"og:site_name\" content=\"Vie Associative\" \/>\n<meta property=\"article:published_time\" content=\"2024-11-11T08:19:53+00:00\" \/>\n<meta property=\"og:image\" content=\"https:\/\/vieassociative.be\/actualites\/wp-content\/uploads\/2024\/11\/LAS-Eupen-rencontrera-aujourdhui-les-ex-joueurs-et-Wilmots-jr-dans.jpg\" \/>\n<meta name=\"author\" content=\"Julien\" \/>\n<meta name=\"twitter:card\" content=\"summary_large_image\" \/>\n<meta name=\"twitter:label1\" content=\"\u00c9crit par\" \/>\n\t<meta name=\"twitter:data1\" content=\"Julien\" \/>\n\t<meta name=\"twitter:label2\" content=\"Dur\u00e9e de lecture est.\" \/>\n\t<meta name=\"twitter:data2\" content=\"2 minutes\" \/>\n<script type=\"application\/ld+json\" class=\"yoast-schema-graph\">{\"@context\":\"https:\/\/schema.org\",\"@graph\":[{\"@type\":\"Article\",\"@id\":\"https:\/\/vieassociative.be\/actualites\/las-eupen-rencontrera-aujourdhui-les-ex-joueurs-et-wilmots-jr-dans-le-cadre-de-la-journee-dg-contre-le-patro-eisden\/#article\",\"isPartOf\":{\"@id\":\"https:\/\/vieassociative.be\/actualites\/las-eupen-rencontrera-aujourdhui-les-ex-joueurs-et-wilmots-jr-dans-le-cadre-de-la-journee-dg-contre-le-patro-eisden\/\"},\"author\":{\"name\":\"Julien\",\"@id\":\"https:\/\/vieassociative.be\/actualites\/#\/schema\/person\/b87ac4f82f9d4e7b7cec7395b679edc4\"},\"headline\":\"L&rsquo;AS Eupen rencontrera aujourd&rsquo;hui les ex-joueurs et Wilmots jr dans le cadre de la journ\u00e9e DG contre le Patro Eisden.\",\"datePublished\":\"2024-11-11T08:19:53+00:00\",\"dateModified\":\"2024-11-11T08:19:53+00:00\",\"mainEntityOfPage\":{\"@id\":\"https:\/\/vieassociative.be\/actualites\/las-eupen-rencontrera-aujourdhui-les-ex-joueurs-et-wilmots-jr-dans-le-cadre-de-la-journee-dg-contre-le-patro-eisden\/\"},\"wordCount\":464,\"publisher\":{\"@id\":\"https:\/\/vieassociative.be\/actualites\/#organization\"},\"image\":{\"@id\":\"https:\/\/vieassociative.be\/actualites\/las-eupen-rencontrera-aujourdhui-les-ex-joueurs-et-wilmots-jr-dans-le-cadre-de-la-journee-dg-contre-le-patro-eisden\/#primaryimage\"},\"thumbnailUrl\":\"https:\/\/vieassociative.be\/actualites\/wp-content\/uploads\/2024\/11\/1731313193_LAS-Eupen-rencontrera-aujourdhui-les-ex-joueurs-et-Wilmots-jr-dans.jpg\",\"keywords\":[\"aujourdhui\",\"cadre\",\"contre\",\"dans\",\"Eisden\",\"Eupen\",\"exjoueurs\",\"journ\u00e9e\",\"lAS\",\"Les\",\"Patro\",\"rencontrera\",\"Wilmots\"],\"articleSection\":[\"Belgique\"],\"inLanguage\":\"fr-BE\"},{\"@type\":\"WebPage\",\"@id\":\"https:\/\/vieassociative.be\/actualites\/las-eupen-rencontrera-aujourdhui-les-ex-joueurs-et-wilmots-jr-dans-le-cadre-de-la-journee-dg-contre-le-patro-eisden\/\",\"url\":\"https:\/\/vieassociative.be\/actualites\/las-eupen-rencontrera-aujourdhui-les-ex-joueurs-et-wilmots-jr-dans-le-cadre-de-la-journee-dg-contre-le-patro-eisden\/\",\"name\":\"L'AS Eupen rencontrera aujourd'hui les ex-joueurs et Wilmots jr dans le cadre de la journ\u00e9e DG contre le Patro Eisden. | Vie Associative\",\"isPartOf\":{\"@id\":\"https:\/\/vieassociative.be\/actualites\/#website\"},\"primaryImageOfPage\":{\"@id\":\"https:\/\/vieassociative.be\/actualites\/las-eupen-rencontrera-aujourdhui-les-ex-joueurs-et-wilmots-jr-dans-le-cadre-de-la-journee-dg-contre-le-patro-eisden\/#primaryimage\"},\"image\":{\"@id\":\"https:\/\/vieassociative.be\/actualites\/las-eupen-rencontrera-aujourdhui-les-ex-joueurs-et-wilmots-jr-dans-le-cadre-de-la-journee-dg-contre-le-patro-eisden\/#primaryimage\"},\"thumbnailUrl\":\"https:\/\/vieassociative.be\/actualites\/wp-content\/uploads\/2024\/11\/1731313193_LAS-Eupen-rencontrera-aujourdhui-les-ex-joueurs-et-Wilmots-jr-dans.jpg\",\"datePublished\":\"2024-11-11T08:19:53+00:00\",\"dateModified\":\"2024-11-11T08:19:53+00:00\",\"breadcrumb\":{\"@id\":\"https:\/\/vieassociative.be\/actualites\/las-eupen-rencontrera-aujourdhui-les-ex-joueurs-et-wilmots-jr-dans-le-cadre-de-la-journee-dg-contre-le-patro-eisden\/#breadcrumb\"},\"inLanguage\":\"fr-BE\",\"potentialAction\":[{\"@type\":\"ReadAction\",\"target\":[\"https:\/\/vieassociative.be\/actualites\/las-eupen-rencontrera-aujourdhui-les-ex-joueurs-et-wilmots-jr-dans-le-cadre-de-la-journee-dg-contre-le-patro-eisden\/\"]}]},{\"@type\":\"ImageObject\",\"inLanguage\":\"fr-BE\",\"@id\":\"https:\/\/vieassociative.be\/actualites\/las-eupen-rencontrera-aujourdhui-les-ex-joueurs-et-wilmots-jr-dans-le-cadre-de-la-journee-dg-contre-le-patro-eisden\/#primaryimage\",\"url\":\"https:\/\/vieassociative.be\/actualites\/wp-content\/uploads\/2024\/11\/1731313193_LAS-Eupen-rencontrera-aujourdhui-les-ex-joueurs-et-Wilmots-jr-dans.jpg\",\"contentUrl\":\"https:\/\/vieassociative.be\/actualites\/wp-content\/uploads\/2024\/11\/1731313193_LAS-Eupen-rencontrera-aujourdhui-les-ex-joueurs-et-Wilmots-jr-dans.jpg\",\"width\":900,\"height\":598,\"caption\":\"L'AS Eupen rencontrera aujourd'hui les ex-joueurs et Wilmots jr dans le cadre de la journ\u00e9e DG contre le Patro Eisden.\"},{\"@type\":\"BreadcrumbList\",\"@id\":\"https:\/\/vieassociative.be\/actualites\/las-eupen-rencontrera-aujourdhui-les-ex-joueurs-et-wilmots-jr-dans-le-cadre-de-la-journee-dg-contre-le-patro-eisden\/#breadcrumb\",\"itemListElement\":[{\"@type\":\"ListItem\",\"position\":1,\"name\":\"Accueil\",\"item\":\"https:\/\/vieassociative.be\/actualites\/\"},{\"@type\":\"ListItem\",\"position\":2,\"name\":\"L&rsquo;AS Eupen rencontrera aujourd&rsquo;hui les ex-joueurs et Wilmots jr dans le cadre de la journ\u00e9e DG contre le Patro Eisden.\"}]},{\"@type\":\"WebSite\",\"@id\":\"https:\/\/vieassociative.be\/actualites\/#website\",\"url\":\"https:\/\/vieassociative.be\/actualites\/\",\"name\":\"Vie Associative\",\"description\":\"\",\"publisher\":{\"@id\":\"https:\/\/vieassociative.be\/actualites\/#organization\"},\"potentialAction\":[{\"@type\":\"SearchAction\",\"target\":{\"@type\":\"EntryPoint\",\"urlTemplate\":\"https:\/\/vieassociative.be\/actualites\/?s={search_term_string}\"},\"query-input\":{\"@type\":\"PropertyValueSpecification\",\"valueRequired\":true,\"valueName\":\"search_term_string\"}}],\"inLanguage\":\"fr-BE\"},{\"@type\":\"Organization\",\"@id\":\"https:\/\/vieassociative.be\/actualites\/#organization\",\"name\":\"Vie Associative\",\"url\":\"https:\/\/vieassociative.be\/actualites\/\",\"logo\":{\"@type\":\"ImageObject\",\"inLanguage\":\"fr-BE\",\"@id\":\"https:\/\/vieassociative.be\/actualites\/#\/schema\/logo\/image\/\",\"url\":\"https:\/\/vieassociative.be\/actualites\/wp-content\/uploads\/2024\/09\/cropped-vieassociative_favicon.ico.png\",\"contentUrl\":\"https:\/\/vieassociative.be\/actualites\/wp-content\/uploads\/2024\/09\/cropped-vieassociative_favicon.ico.png\",\"width\":512,\"height\":512,\"caption\":\"Vie Associative\"},\"image\":{\"@id\":\"https:\/\/vieassociative.be\/actualites\/#\/schema\/logo\/image\/\"}},{\"@type\":\"Person\",\"@id\":\"https:\/\/vieassociative.be\/actualites\/#\/schema\/person\/b87ac4f82f9d4e7b7cec7395b679edc4\",\"name\":\"Julien\",\"image\":{\"@type\":\"ImageObject\",\"inLanguage\":\"fr-BE\",\"@id\":\"https:\/\/vieassociative.be\/actualites\/#\/schema\/person\/image\/\",\"url\":\"https:\/\/vieassociative.be\/actualites\/wp-content\/uploads\/2024\/09\/vie-associative-1-150x150.jpg\",\"contentUrl\":\"https:\/\/vieassociative.be\/actualites\/wp-content\/uploads\/2024\/09\/vie-associative-1-150x150.jpg\",\"caption\":\"Julien\"},\"description\":\"Je suis Julien, r\u00e9dacteur pour Vie Associative. Passionn\u00e9 par le monde associatif depuis plus de 10 ans, j'ai \u00e0 c\u0153ur de partager des histoires inspirantes et de mettre en lumi\u00e8re les initiatives locales. Mon objectif est de sensibiliser et d'encourager l'engagement communautaire \u00e0 travers mes articles.\",\"sameAs\":[\"https:\/\/vieassociative.be\/\"]}]}<\/script>\n<!-- \/ Yoast SEO plugin. -->","yoast_head_json":{"title":"L'AS Eupen rencontrera aujourd'hui les ex-joueurs et Wilmots jr dans le cadre de la journ\u00e9e DG contre le Patro Eisden. | Vie Associative","robots":{"index":"index","follow":"follow","max-snippet":"max-snippet:-1","max-image-preview":"max-image-preview:large","max-video-preview":"max-video-preview:-1"},"canonical":"https:\/\/vieassociative.be\/actualites\/las-eupen-rencontrera-aujourdhui-les-ex-joueurs-et-wilmots-jr-dans-le-cadre-de-la-journee-dg-contre-le-patro-eisden\/","og_locale":"fr_FR","og_type":"article","og_title":"L'AS Eupen rencontrera aujourd'hui les ex-joueurs et Wilmots jr dans le cadre de la journ\u00e9e DG contre le Patro Eisden. | Vie Associative","og_description":"L&rsquo;\u00e9quipe de football de deuxi\u00e8me division, l&rsquo;AS Eupen, accueille ce dimanche soir (19h15 \/ en direct sur DAZN) l&rsquo;\u00e9quipe du Patro Eisden au stade Kehrweg.","og_url":"https:\/\/vieassociative.be\/actualites\/las-eupen-rencontrera-aujourdhui-les-ex-joueurs-et-wilmots-jr-dans-le-cadre-de-la-journee-dg-contre-le-patro-eisden\/","og_site_name":"Vie Associative","article_published_time":"2024-11-11T08:19:53+00:00","og_image":[{"url":"https:\/\/vieassociative.be\/actualites\/wp-content\/uploads\/2024\/11\/LAS-Eupen-rencontrera-aujourdhui-les-ex-joueurs-et-Wilmots-jr-dans.jpg","type":"","width":"","height":""}],"author":"Julien","twitter_card":"summary_large_image","twitter_misc":{"\u00c9crit par":"Julien","Dur\u00e9e de lecture est.":"2 minutes"},"schema":{"@context":"https:\/\/schema.org","@graph":[{"@type":"Article","@id":"https:\/\/vieassociative.be\/actualites\/las-eupen-rencontrera-aujourdhui-les-ex-joueurs-et-wilmots-jr-dans-le-cadre-de-la-journee-dg-contre-le-patro-eisden\/#article","isPartOf":{"@id":"https:\/\/vieassociative.be\/actualites\/las-eupen-rencontrera-aujourdhui-les-ex-joueurs-et-wilmots-jr-dans-le-cadre-de-la-journee-dg-contre-le-patro-eisden\/"},"author":{"name":"Julien","@id":"https:\/\/vieassociative.be\/actualites\/#\/schema\/person\/b87ac4f82f9d4e7b7cec7395b679edc4"},"headline":"L&rsquo;AS Eupen rencontrera aujourd&rsquo;hui les ex-joueurs et Wilmots jr dans le cadre de la journ\u00e9e DG contre le Patro Eisden.","datePublished":"2024-11-11T08:19:53+00:00","dateModified":"2024-11-11T08:19:53+00:00","mainEntityOfPage":{"@id":"https:\/\/vieassociative.be\/actualites\/las-eupen-rencontrera-aujourdhui-les-ex-joueurs-et-wilmots-jr-dans-le-cadre-de-la-journee-dg-contre-le-patro-eisden\/"},"wordCount":464,"publisher":{"@id":"https:\/\/vieassociative.be\/actualites\/#organization"},"image":{"@id":"https:\/\/vieassociative.be\/actualites\/las-eupen-rencontrera-aujourdhui-les-ex-joueurs-et-wilmots-jr-dans-le-cadre-de-la-journee-dg-contre-le-patro-eisden\/#primaryimage"},"thumbnailUrl":"https:\/\/vieassociative.be\/actualites\/wp-content\/uploads\/2024\/11\/1731313193_LAS-Eupen-rencontrera-aujourdhui-les-ex-joueurs-et-Wilmots-jr-dans.jpg","keywords":["aujourdhui","cadre","contre","dans","Eisden","Eupen","exjoueurs","journ\u00e9e","lAS","Les","Patro","rencontrera","Wilmots"],"articleSection":["Belgique"],"inLanguage":"fr-BE"},{"@type":"WebPage","@id":"https:\/\/vieassociative.be\/actualites\/las-eupen-rencontrera-aujourdhui-les-ex-joueurs-et-wilmots-jr-dans-le-cadre-de-la-journee-dg-contre-le-patro-eisden\/","url":"https:\/\/vieassociative.be\/actualites\/las-eupen-rencontrera-aujourdhui-les-ex-joueurs-et-wilmots-jr-dans-le-cadre-de-la-journee-dg-contre-le-patro-eisden\/","name":"L'AS Eupen rencontrera aujourd'hui les ex-joueurs et Wilmots jr dans le cadre de la journ\u00e9e DG contre le Patro Eisden. | Vie Associative","isPartOf":{"@id":"https:\/\/vieassociative.be\/actualites\/#website"},"primaryImageOfPage":{"@id":"https:\/\/vieassociative.be\/actualites\/las-eupen-rencontrera-aujourdhui-les-ex-joueurs-et-wilmots-jr-dans-le-cadre-de-la-journee-dg-contre-le-patro-eisden\/#primaryimage"},"image":{"@id":"https:\/\/vieassociative.be\/actualites\/las-eupen-rencontrera-aujourdhui-les-ex-joueurs-et-wilmots-jr-dans-le-cadre-de-la-journee-dg-contre-le-patro-eisden\/#primaryimage"},"thumbnailUrl":"https:\/\/vieassociative.be\/actualites\/wp-content\/uploads\/2024\/11\/1731313193_LAS-Eupen-rencontrera-aujourdhui-les-ex-joueurs-et-Wilmots-jr-dans.jpg","datePublished":"2024-11-11T08:19:53+00:00","dateModified":"2024-11-11T08:19:53+00:00","breadcrumb":{"@id":"https:\/\/vieassociative.be\/actualites\/las-eupen-rencontrera-aujourdhui-les-ex-joueurs-et-wilmots-jr-dans-le-cadre-de-la-journee-dg-contre-le-patro-eisden\/#breadcrumb"},"inLanguage":"fr-BE","potentialAction":[{"@type":"ReadAction","target":["https:\/\/vieassociative.be\/actualites\/las-eupen-rencontrera-aujourdhui-les-ex-joueurs-et-wilmots-jr-dans-le-cadre-de-la-journee-dg-contre-le-patro-eisden\/"]}]},{"@type":"ImageObject","inLanguage":"fr-BE","@id":"https:\/\/vieassociative.be\/actualites\/las-eupen-rencontrera-aujourdhui-les-ex-joueurs-et-wilmots-jr-dans-le-cadre-de-la-journee-dg-contre-le-patro-eisden\/#primaryimage","url":"https:\/\/vieassociative.be\/actualites\/wp-content\/uploads\/2024\/11\/1731313193_LAS-Eupen-rencontrera-aujourdhui-les-ex-joueurs-et-Wilmots-jr-dans.jpg","contentUrl":"https:\/\/vieassociative.be\/actualites\/wp-content\/uploads\/2024\/11\/1731313193_LAS-Eupen-rencontrera-aujourdhui-les-ex-joueurs-et-Wilmots-jr-dans.jpg","width":900,"height":598,"caption":"L'AS Eupen rencontrera aujourd'hui les ex-joueurs et Wilmots jr dans le cadre de la journ\u00e9e DG contre le Patro Eisden."},{"@type":"BreadcrumbList","@id":"https:\/\/vieassociative.be\/actualites\/las-eupen-rencontrera-aujourdhui-les-ex-joueurs-et-wilmots-jr-dans-le-cadre-de-la-journee-dg-contre-le-patro-eisden\/#breadcrumb","itemListElement":[{"@type":"ListItem","position":1,"name":"Accueil","item":"https:\/\/vieassociative.be\/actualites\/"},{"@type":"ListItem","position":2,"name":"L&rsquo;AS Eupen rencontrera aujourd&rsquo;hui les ex-joueurs et Wilmots jr dans le cadre de la journ\u00e9e DG contre le Patro Eisden."}]},{"@type":"WebSite","@id":"https:\/\/vieassociative.be\/actualites\/#website","url":"https:\/\/vieassociative.be\/actualites\/","name":"Vie Associative","description":"","publisher":{"@id":"https:\/\/vieassociative.be\/actualites\/#organization"},"potentialAction":[{"@type":"SearchAction","target":{"@type":"EntryPoint","urlTemplate":"https:\/\/vieassociative.be\/actualites\/?s={search_term_string}"},"query-input":{"@type":"PropertyValueSpecification","valueRequired":true,"valueName":"search_term_string"}}],"inLanguage":"fr-BE"},{"@type":"Organization","@id":"https:\/\/vieassociative.be\/actualites\/#organization","name":"Vie Associative","url":"https:\/\/vieassociative.be\/actualites\/","logo":{"@type":"ImageObject","inLanguage":"fr-BE","@id":"https:\/\/vieassociative.be\/actualites\/#\/schema\/logo\/image\/","url":"https:\/\/vieassociative.be\/actualites\/wp-content\/uploads\/2024\/09\/cropped-vieassociative_favicon.ico.png","contentUrl":"https:\/\/vieassociative.be\/actualites\/wp-content\/uploads\/2024\/09\/cropped-vieassociative_favicon.ico.png","width":512,"height":512,"caption":"Vie Associative"},"image":{"@id":"https:\/\/vieassociative.be\/actualites\/#\/schema\/logo\/image\/"}},{"@type":"Person","@id":"https:\/\/vieassociative.be\/actualites\/#\/schema\/person\/b87ac4f82f9d4e7b7cec7395b679edc4","name":"Julien","image":{"@type":"ImageObject","inLanguage":"fr-BE","@id":"https:\/\/vieassociative.be\/actualites\/#\/schema\/person\/image\/","url":"https:\/\/vieassociative.be\/actualites\/wp-content\/uploads\/2024\/09\/vie-associative-1-150x150.jpg","contentUrl":"https:\/\/vieassociative.be\/actualites\/wp-content\/uploads\/2024\/09\/vie-associative-1-150x150.jpg","caption":"Julien"},"description":"Je suis Julien, r\u00e9dacteur pour Vie Associative. Passionn\u00e9 par le monde associatif depuis plus de 10 ans, j'ai \u00e0 c\u0153ur de partager des histoires inspirantes et de mettre en lumi\u00e8re les initiatives locales. Mon objectif est de sensibiliser et d'encourager l'engagement communautaire \u00e0 travers mes articles.","sameAs":["https:\/\/vieassociative.be\/"]}]}},"_links":{"self":[{"href":"https:\/\/vieassociative.be\/actualites\/wp-json\/wp\/v2\/posts\/2289"}],"collection":[{"href":"https:\/\/vieassociative.be\/actualites\/wp-json\/wp\/v2\/posts"}],"about":[{"href":"https:\/\/vieassociative.be\/actualites\/wp-json\/wp\/v2\/types\/post"}],"author":[{"embeddable":true,"href":"https:\/\/vieassociative.be\/actualites\/wp-json\/wp\/v2\/users\/1"}],"replies":[{"embeddable":true,"href":"https:\/\/vieassociative.be\/actualites\/wp-json\/wp\/v2\/comments?post=2289"}],"version-history":[{"count":0,"href":"https:\/\/vieassociative.be\/actualites\/wp-json\/wp\/v2\/posts\/2289\/revisions"}],"wp:featuredmedia":[{"embeddable":true,"href":"https:\/\/vieassociative.be\/actualites\/wp-json\/wp\/v2\/media\/2290"}],"wp:attachment":[{"href":"https:\/\/vieassociative.be\/actualites\/wp-json\/wp\/v2\/media?parent=2289"}],"wp:term":[{"taxonomy":"category","embeddable":true,"href":"https:\/\/vieassociative.be\/actualites\/wp-json\/wp\/v2\/categories?post=2289"},{"taxonomy":"post_tag","embeddable":true,"href":"https:\/\/vieassociative.be\/actualites\/wp-json\/wp\/v2\/tags?post=2289"}],"curies":[{"name":"wp","href":"https:\/\/api.w.org\/{rel}","templated":true}]}}