{"id":2283,"date":"2024-11-11T05:18:03","date_gmt":"2024-11-11T04:18:03","guid":{"rendered":"https:\/\/vieassociative.be\/actualites\/comment-regarder-le-premier-debat-presidentiel-sans-cable\/"},"modified":"2024-11-11T05:18:03","modified_gmt":"2024-11-11T04:18:03","slug":"comment-regarder-le-premier-debat-presidentiel-sans-cable","status":"publish","type":"post","link":"https:\/\/vieassociative.be\/actualites\/comment-regarder-le-premier-debat-presidentiel-sans-cable\/","title":{"rendered":"Comment regarder le premier d\u00e9bat pr\u00e9sidentiel sans c\u00e2ble"},"content":{"rendered":"<div class=\"mt-4 leading-6 md:mb-8\">La rencontre Harris-Trump sera diffus\u00e9e en direct sur ABC News, Hulu et Disney+.<\/div>\n<p><\/p>\n<p>Le premier d\u00e9bat pr\u00e9sidentiel entre la vice-pr\u00e9sidente Kamala Harris et l&rsquo;ancien pr\u00e9sident Donald Trump (qui est en fait le <em>deuxi\u00e8me<\/em> d\u00e9bat de la saison \u00e9lectorale de 2024 (le premier opposant Trump et le pr\u00e9sident Joe Biden) est \u00e0 nos portes. Voici o\u00f9 suivre l&rsquo;action en direct le 10 septembre. <\/p>\n<h2 id=\"when-is-the-presidential-debate\">Quand a lieu le d\u00e9bat pr\u00e9sidentiel ? <\/h2>\n<p>Le d\u00e9bat Harris-Trump est pr\u00e9vu le mardi 10 septembre \u00e0 21 h HE. Il se tiendra au National Constitution Center de Philadelphie et devrait durer 90 minutes avec deux pauses publicitaires. Le d\u00e9bat sera mod\u00e9r\u00e9 par David Muir, pr\u00e9sentateur de \u00ab\u00a0World News Tonight\u00a0\u00bb, et Linsey Davis, pr\u00e9sentatrice de \u00ab\u00a0Prime\u00a0\u00bb d&rsquo;ABC News Live. Il n\u2019y aura pas de public pr\u00e9sent pour l\u2019\u00e9v\u00e9nement. <\/p>\n<h2 id=\"where-can-i-watch-the-presidential-debate\">O\u00f9 puis-je regarder le d\u00e9bat pr\u00e9sidentiel ? <\/h2>\n<p>Le d\u00e9bat sera retransmis en direct sur ABC News et devrait \u00eatre diffus\u00e9 sur d&rsquo;autres r\u00e9seaux de diffusion. Si vous n&rsquo;avez pas de c\u00e2ble, vous pouvez le capter sur n&rsquo;importe quel service de streaming de remplacement par c\u00e2ble incluant ces cha\u00eenes sur votre march\u00e9 local (comme YouTube TV ou Hulu + Live TV). ABC diffusera \u00e9galement le d\u00e9bat sur Disney+, Hulu, ABC News Live et sur ABC.com.<\/p>\n<h2 id=\"is-there-another-debate\">Y a-t-il un autre d\u00e9bat ?  <\/h2>\n<p>Le prochain d\u00e9bat pr\u00e9vu aura lieu entre les candidats \u00e0 la vice-pr\u00e9sidence, le gouverneur Tim Walz et le s\u00e9nateur JD Vance. Il aura lieu le 1er octobre \u00e0 New York, organis\u00e9 par CBS News. Jusqu\u2019\u00e0 pr\u00e9sent, les campagnes pr\u00e9sidentielles n\u2019ont convenu que de deux d\u00e9bats (le premier ayant eu lieu entre Trump et le pr\u00e9sident Joe Biden en juin avant que ce dernier ne quitte la course), mais Trump a propos\u00e9 deux r\u00e9unions suppl\u00e9mentaires cet automne. <\/p>\n","protected":false},"excerpt":{"rendered":"<p>La rencontre Harris-Trump sera diffus\u00e9e en direct sur ABC News, Hulu et Disney+. Le premier d\u00e9bat pr\u00e9sidentiel entre la vice-pr\u00e9sidente Kamala Harris et l&rsquo;ancien pr\u00e9sident<\/p>\n","protected":false},"author":1,"featured_media":2284,"comment_status":"","ping_status":"","sticky":false,"template":"","format":"standard","meta":{"footnotes":""},"categories":[36],"tags":[3037,44,3035,443,3036,1924,130],"class_list":["post-2283","post","type-post","status-publish","format-standard","has-post-thumbnail","hentry","category-divertissement","tag-cable","tag-comment","tag-debat","tag-premier","tag-presidentiel","tag-regarder","tag-sans","generate-columns","tablet-grid-50","mobile-grid-100","grid-parent","grid-33"],"yoast_head":"<!-- This site is optimized with the Yoast SEO plugin v24.0 - https:\/\/yoast.com\/wordpress\/plugins\/seo\/ -->\n<title>Comment regarder le premier d\u00e9bat pr\u00e9sidentiel sans c\u00e2ble | Vie Associative<\/title>\n<meta name=\"robots\" content=\"index, follow, max-snippet:-1, max-image-preview:large, max-video-preview:-1\" \/>\n<link rel=\"canonical\" href=\"https:\/\/vieassociative.be\/actualites\/comment-regarder-le-premier-debat-presidentiel-sans-cable\/\" \/>\n<meta property=\"og:locale\" content=\"fr_FR\" \/>\n<meta property=\"og:type\" content=\"article\" \/>\n<meta property=\"og:title\" content=\"Comment regarder le premier d\u00e9bat pr\u00e9sidentiel sans c\u00e2ble | Vie Associative\" \/>\n<meta property=\"og:description\" content=\"La rencontre Harris-Trump sera diffus\u00e9e en direct sur ABC News, Hulu et Disney+. Le premier d\u00e9bat pr\u00e9sidentiel entre la vice-pr\u00e9sidente Kamala Harris et l&rsquo;ancien pr\u00e9sident\" \/>\n<meta property=\"og:url\" content=\"https:\/\/vieassociative.be\/actualites\/comment-regarder-le-premier-debat-presidentiel-sans-cable\/\" \/>\n<meta property=\"og:site_name\" content=\"Vie Associative\" \/>\n<meta property=\"article:published_time\" content=\"2024-11-11T04:18:03+00:00\" \/>\n<meta property=\"og:image\" content=\"https:\/\/vieassociative.be\/actualites\/wp-content\/uploads\/2024\/09\/header_backgroundk-01-e1726694325946.png\" \/>\n\t<meta property=\"og:image:width\" content=\"279\" \/>\n\t<meta property=\"og:image:height\" content=\"92\" \/>\n\t<meta property=\"og:image:type\" content=\"image\/png\" \/>\n<meta name=\"author\" content=\"Julien\" \/>\n<meta name=\"twitter:card\" content=\"summary_large_image\" \/>\n<meta name=\"twitter:label1\" content=\"\u00c9crit par\" \/>\n\t<meta name=\"twitter:data1\" content=\"Julien\" \/>\n\t<meta name=\"twitter:label2\" content=\"Dur\u00e9e de lecture est.\" \/>\n\t<meta name=\"twitter:data2\" content=\"2 minutes\" \/>\n<script type=\"application\/ld+json\" class=\"yoast-schema-graph\">{\"@context\":\"https:\/\/schema.org\",\"@graph\":[{\"@type\":\"Article\",\"@id\":\"https:\/\/vieassociative.be\/actualites\/comment-regarder-le-premier-debat-presidentiel-sans-cable\/#article\",\"isPartOf\":{\"@id\":\"https:\/\/vieassociative.be\/actualites\/comment-regarder-le-premier-debat-presidentiel-sans-cable\/\"},\"author\":{\"name\":\"Julien\",\"@id\":\"https:\/\/vieassociative.be\/actualites\/#\/schema\/person\/b87ac4f82f9d4e7b7cec7395b679edc4\"},\"headline\":\"Comment regarder le premier d\u00e9bat pr\u00e9sidentiel sans c\u00e2ble\",\"datePublished\":\"2024-11-11T04:18:03+00:00\",\"dateModified\":\"2024-11-11T04:18:03+00:00\",\"mainEntityOfPage\":{\"@id\":\"https:\/\/vieassociative.be\/actualites\/comment-regarder-le-premier-debat-presidentiel-sans-cable\/\"},\"wordCount\":331,\"publisher\":{\"@id\":\"https:\/\/vieassociative.be\/actualites\/#organization\"},\"image\":{\"@id\":\"https:\/\/vieassociative.be\/actualites\/comment-regarder-le-premier-debat-presidentiel-sans-cable\/#primaryimage\"},\"thumbnailUrl\":\"https:\/\/vieassociative.be\/actualites\/wp-content\/uploads\/2024\/11\/Comment-regarder-le-premier-debat-presidentiel-sans-cable.png\",\"keywords\":[\"c\u00e2ble\",\"Comment\",\"d\u00e9bat\",\"premier\",\"pr\u00e9sidentiel\",\"regarder\",\"sans\"],\"articleSection\":[\"Divertissement\"],\"inLanguage\":\"fr-BE\"},{\"@type\":\"WebPage\",\"@id\":\"https:\/\/vieassociative.be\/actualites\/comment-regarder-le-premier-debat-presidentiel-sans-cable\/\",\"url\":\"https:\/\/vieassociative.be\/actualites\/comment-regarder-le-premier-debat-presidentiel-sans-cable\/\",\"name\":\"Comment regarder le premier d\u00e9bat pr\u00e9sidentiel sans c\u00e2ble | Vie Associative\",\"isPartOf\":{\"@id\":\"https:\/\/vieassociative.be\/actualites\/#website\"},\"primaryImageOfPage\":{\"@id\":\"https:\/\/vieassociative.be\/actualites\/comment-regarder-le-premier-debat-presidentiel-sans-cable\/#primaryimage\"},\"image\":{\"@id\":\"https:\/\/vieassociative.be\/actualites\/comment-regarder-le-premier-debat-presidentiel-sans-cable\/#primaryimage\"},\"thumbnailUrl\":\"https:\/\/vieassociative.be\/actualites\/wp-content\/uploads\/2024\/11\/Comment-regarder-le-premier-debat-presidentiel-sans-cable.png\",\"datePublished\":\"2024-11-11T04:18:03+00:00\",\"dateModified\":\"2024-11-11T04:18:03+00:00\",\"breadcrumb\":{\"@id\":\"https:\/\/vieassociative.be\/actualites\/comment-regarder-le-premier-debat-presidentiel-sans-cable\/#breadcrumb\"},\"inLanguage\":\"fr-BE\",\"potentialAction\":[{\"@type\":\"ReadAction\",\"target\":[\"https:\/\/vieassociative.be\/actualites\/comment-regarder-le-premier-debat-presidentiel-sans-cable\/\"]}]},{\"@type\":\"ImageObject\",\"inLanguage\":\"fr-BE\",\"@id\":\"https:\/\/vieassociative.be\/actualites\/comment-regarder-le-premier-debat-presidentiel-sans-cable\/#primaryimage\",\"url\":\"https:\/\/vieassociative.be\/actualites\/wp-content\/uploads\/2024\/11\/Comment-regarder-le-premier-debat-presidentiel-sans-cable.png\",\"contentUrl\":\"https:\/\/vieassociative.be\/actualites\/wp-content\/uploads\/2024\/11\/Comment-regarder-le-premier-debat-presidentiel-sans-cable.png\",\"width\":1200,\"height\":675,\"caption\":\"Comment regarder le premier d\u00e9bat pr\u00e9sidentiel sans c\u00e2ble\"},{\"@type\":\"BreadcrumbList\",\"@id\":\"https:\/\/vieassociative.be\/actualites\/comment-regarder-le-premier-debat-presidentiel-sans-cable\/#breadcrumb\",\"itemListElement\":[{\"@type\":\"ListItem\",\"position\":1,\"name\":\"Accueil\",\"item\":\"https:\/\/vieassociative.be\/actualites\/\"},{\"@type\":\"ListItem\",\"position\":2,\"name\":\"Comment regarder le premier d\u00e9bat pr\u00e9sidentiel sans c\u00e2ble\"}]},{\"@type\":\"WebSite\",\"@id\":\"https:\/\/vieassociative.be\/actualites\/#website\",\"url\":\"https:\/\/vieassociative.be\/actualites\/\",\"name\":\"Vie Associative\",\"description\":\"\",\"publisher\":{\"@id\":\"https:\/\/vieassociative.be\/actualites\/#organization\"},\"potentialAction\":[{\"@type\":\"SearchAction\",\"target\":{\"@type\":\"EntryPoint\",\"urlTemplate\":\"https:\/\/vieassociative.be\/actualites\/?s={search_term_string}\"},\"query-input\":{\"@type\":\"PropertyValueSpecification\",\"valueRequired\":true,\"valueName\":\"search_term_string\"}}],\"inLanguage\":\"fr-BE\"},{\"@type\":\"Organization\",\"@id\":\"https:\/\/vieassociative.be\/actualites\/#organization\",\"name\":\"Vie Associative\",\"url\":\"https:\/\/vieassociative.be\/actualites\/\",\"logo\":{\"@type\":\"ImageObject\",\"inLanguage\":\"fr-BE\",\"@id\":\"https:\/\/vieassociative.be\/actualites\/#\/schema\/logo\/image\/\",\"url\":\"https:\/\/vieassociative.be\/actualites\/wp-content\/uploads\/2024\/09\/cropped-vieassociative_favicon.ico.png\",\"contentUrl\":\"https:\/\/vieassociative.be\/actualites\/wp-content\/uploads\/2024\/09\/cropped-vieassociative_favicon.ico.png\",\"width\":512,\"height\":512,\"caption\":\"Vie Associative\"},\"image\":{\"@id\":\"https:\/\/vieassociative.be\/actualites\/#\/schema\/logo\/image\/\"}},{\"@type\":\"Person\",\"@id\":\"https:\/\/vieassociative.be\/actualites\/#\/schema\/person\/b87ac4f82f9d4e7b7cec7395b679edc4\",\"name\":\"Julien\",\"image\":{\"@type\":\"ImageObject\",\"inLanguage\":\"fr-BE\",\"@id\":\"https:\/\/vieassociative.be\/actualites\/#\/schema\/person\/image\/\",\"url\":\"https:\/\/vieassociative.be\/actualites\/wp-content\/uploads\/2024\/09\/vie-associative-1-150x150.jpg\",\"contentUrl\":\"https:\/\/vieassociative.be\/actualites\/wp-content\/uploads\/2024\/09\/vie-associative-1-150x150.jpg\",\"caption\":\"Julien\"},\"description\":\"Je suis Julien, r\u00e9dacteur pour Vie Associative. Passionn\u00e9 par le monde associatif depuis plus de 10 ans, j'ai \u00e0 c\u0153ur de partager des histoires inspirantes et de mettre en lumi\u00e8re les initiatives locales. Mon objectif est de sensibiliser et d'encourager l'engagement communautaire \u00e0 travers mes articles.\",\"sameAs\":[\"https:\/\/vieassociative.be\/\"]}]}<\/script>\n<!-- \/ Yoast SEO plugin. -->","yoast_head_json":{"title":"Comment regarder le premier d\u00e9bat pr\u00e9sidentiel sans c\u00e2ble | Vie Associative","robots":{"index":"index","follow":"follow","max-snippet":"max-snippet:-1","max-image-preview":"max-image-preview:large","max-video-preview":"max-video-preview:-1"},"canonical":"https:\/\/vieassociative.be\/actualites\/comment-regarder-le-premier-debat-presidentiel-sans-cable\/","og_locale":"fr_FR","og_type":"article","og_title":"Comment regarder le premier d\u00e9bat pr\u00e9sidentiel sans c\u00e2ble | Vie Associative","og_description":"La rencontre Harris-Trump sera diffus\u00e9e en direct sur ABC News, Hulu et Disney+. Le premier d\u00e9bat pr\u00e9sidentiel entre la vice-pr\u00e9sidente Kamala Harris et l&rsquo;ancien pr\u00e9sident","og_url":"https:\/\/vieassociative.be\/actualites\/comment-regarder-le-premier-debat-presidentiel-sans-cable\/","og_site_name":"Vie Associative","article_published_time":"2024-11-11T04:18:03+00:00","og_image":[{"width":279,"height":92,"url":"https:\/\/vieassociative.be\/actualites\/wp-content\/uploads\/2024\/09\/header_backgroundk-01-e1726694325946.png","type":"image\/png"}],"author":"Julien","twitter_card":"summary_large_image","twitter_misc":{"\u00c9crit par":"Julien","Dur\u00e9e de lecture est.":"2 minutes"},"schema":{"@context":"https:\/\/schema.org","@graph":[{"@type":"Article","@id":"https:\/\/vieassociative.be\/actualites\/comment-regarder-le-premier-debat-presidentiel-sans-cable\/#article","isPartOf":{"@id":"https:\/\/vieassociative.be\/actualites\/comment-regarder-le-premier-debat-presidentiel-sans-cable\/"},"author":{"name":"Julien","@id":"https:\/\/vieassociative.be\/actualites\/#\/schema\/person\/b87ac4f82f9d4e7b7cec7395b679edc4"},"headline":"Comment regarder le premier d\u00e9bat pr\u00e9sidentiel sans c\u00e2ble","datePublished":"2024-11-11T04:18:03+00:00","dateModified":"2024-11-11T04:18:03+00:00","mainEntityOfPage":{"@id":"https:\/\/vieassociative.be\/actualites\/comment-regarder-le-premier-debat-presidentiel-sans-cable\/"},"wordCount":331,"publisher":{"@id":"https:\/\/vieassociative.be\/actualites\/#organization"},"image":{"@id":"https:\/\/vieassociative.be\/actualites\/comment-regarder-le-premier-debat-presidentiel-sans-cable\/#primaryimage"},"thumbnailUrl":"https:\/\/vieassociative.be\/actualites\/wp-content\/uploads\/2024\/11\/Comment-regarder-le-premier-debat-presidentiel-sans-cable.png","keywords":["c\u00e2ble","Comment","d\u00e9bat","premier","pr\u00e9sidentiel","regarder","sans"],"articleSection":["Divertissement"],"inLanguage":"fr-BE"},{"@type":"WebPage","@id":"https:\/\/vieassociative.be\/actualites\/comment-regarder-le-premier-debat-presidentiel-sans-cable\/","url":"https:\/\/vieassociative.be\/actualites\/comment-regarder-le-premier-debat-presidentiel-sans-cable\/","name":"Comment regarder le premier d\u00e9bat pr\u00e9sidentiel sans c\u00e2ble | Vie Associative","isPartOf":{"@id":"https:\/\/vieassociative.be\/actualites\/#website"},"primaryImageOfPage":{"@id":"https:\/\/vieassociative.be\/actualites\/comment-regarder-le-premier-debat-presidentiel-sans-cable\/#primaryimage"},"image":{"@id":"https:\/\/vieassociative.be\/actualites\/comment-regarder-le-premier-debat-presidentiel-sans-cable\/#primaryimage"},"thumbnailUrl":"https:\/\/vieassociative.be\/actualites\/wp-content\/uploads\/2024\/11\/Comment-regarder-le-premier-debat-presidentiel-sans-cable.png","datePublished":"2024-11-11T04:18:03+00:00","dateModified":"2024-11-11T04:18:03+00:00","breadcrumb":{"@id":"https:\/\/vieassociative.be\/actualites\/comment-regarder-le-premier-debat-presidentiel-sans-cable\/#breadcrumb"},"inLanguage":"fr-BE","potentialAction":[{"@type":"ReadAction","target":["https:\/\/vieassociative.be\/actualites\/comment-regarder-le-premier-debat-presidentiel-sans-cable\/"]}]},{"@type":"ImageObject","inLanguage":"fr-BE","@id":"https:\/\/vieassociative.be\/actualites\/comment-regarder-le-premier-debat-presidentiel-sans-cable\/#primaryimage","url":"https:\/\/vieassociative.be\/actualites\/wp-content\/uploads\/2024\/11\/Comment-regarder-le-premier-debat-presidentiel-sans-cable.png","contentUrl":"https:\/\/vieassociative.be\/actualites\/wp-content\/uploads\/2024\/11\/Comment-regarder-le-premier-debat-presidentiel-sans-cable.png","width":1200,"height":675,"caption":"Comment regarder le premier d\u00e9bat pr\u00e9sidentiel sans c\u00e2ble"},{"@type":"BreadcrumbList","@id":"https:\/\/vieassociative.be\/actualites\/comment-regarder-le-premier-debat-presidentiel-sans-cable\/#breadcrumb","itemListElement":[{"@type":"ListItem","position":1,"name":"Accueil","item":"https:\/\/vieassociative.be\/actualites\/"},{"@type":"ListItem","position":2,"name":"Comment regarder le premier d\u00e9bat pr\u00e9sidentiel sans c\u00e2ble"}]},{"@type":"WebSite","@id":"https:\/\/vieassociative.be\/actualites\/#website","url":"https:\/\/vieassociative.be\/actualites\/","name":"Vie Associative","description":"","publisher":{"@id":"https:\/\/vieassociative.be\/actualites\/#organization"},"potentialAction":[{"@type":"SearchAction","target":{"@type":"EntryPoint","urlTemplate":"https:\/\/vieassociative.be\/actualites\/?s={search_term_string}"},"query-input":{"@type":"PropertyValueSpecification","valueRequired":true,"valueName":"search_term_string"}}],"inLanguage":"fr-BE"},{"@type":"Organization","@id":"https:\/\/vieassociative.be\/actualites\/#organization","name":"Vie Associative","url":"https:\/\/vieassociative.be\/actualites\/","logo":{"@type":"ImageObject","inLanguage":"fr-BE","@id":"https:\/\/vieassociative.be\/actualites\/#\/schema\/logo\/image\/","url":"https:\/\/vieassociative.be\/actualites\/wp-content\/uploads\/2024\/09\/cropped-vieassociative_favicon.ico.png","contentUrl":"https:\/\/vieassociative.be\/actualites\/wp-content\/uploads\/2024\/09\/cropped-vieassociative_favicon.ico.png","width":512,"height":512,"caption":"Vie Associative"},"image":{"@id":"https:\/\/vieassociative.be\/actualites\/#\/schema\/logo\/image\/"}},{"@type":"Person","@id":"https:\/\/vieassociative.be\/actualites\/#\/schema\/person\/b87ac4f82f9d4e7b7cec7395b679edc4","name":"Julien","image":{"@type":"ImageObject","inLanguage":"fr-BE","@id":"https:\/\/vieassociative.be\/actualites\/#\/schema\/person\/image\/","url":"https:\/\/vieassociative.be\/actualites\/wp-content\/uploads\/2024\/09\/vie-associative-1-150x150.jpg","contentUrl":"https:\/\/vieassociative.be\/actualites\/wp-content\/uploads\/2024\/09\/vie-associative-1-150x150.jpg","caption":"Julien"},"description":"Je suis Julien, r\u00e9dacteur pour Vie Associative. Passionn\u00e9 par le monde associatif depuis plus de 10 ans, j'ai \u00e0 c\u0153ur de partager des histoires inspirantes et de mettre en lumi\u00e8re les initiatives locales. Mon objectif est de sensibiliser et d'encourager l'engagement communautaire \u00e0 travers mes articles.","sameAs":["https:\/\/vieassociative.be\/"]}]}},"_links":{"self":[{"href":"https:\/\/vieassociative.be\/actualites\/wp-json\/wp\/v2\/posts\/2283"}],"collection":[{"href":"https:\/\/vieassociative.be\/actualites\/wp-json\/wp\/v2\/posts"}],"about":[{"href":"https:\/\/vieassociative.be\/actualites\/wp-json\/wp\/v2\/types\/post"}],"author":[{"embeddable":true,"href":"https:\/\/vieassociative.be\/actualites\/wp-json\/wp\/v2\/users\/1"}],"replies":[{"embeddable":true,"href":"https:\/\/vieassociative.be\/actualites\/wp-json\/wp\/v2\/comments?post=2283"}],"version-history":[{"count":0,"href":"https:\/\/vieassociative.be\/actualites\/wp-json\/wp\/v2\/posts\/2283\/revisions"}],"wp:featuredmedia":[{"embeddable":true,"href":"https:\/\/vieassociative.be\/actualites\/wp-json\/wp\/v2\/media\/2284"}],"wp:attachment":[{"href":"https:\/\/vieassociative.be\/actualites\/wp-json\/wp\/v2\/media?parent=2283"}],"wp:term":[{"taxonomy":"category","embeddable":true,"href":"https:\/\/vieassociative.be\/actualites\/wp-json\/wp\/v2\/categories?post=2283"},{"taxonomy":"post_tag","embeddable":true,"href":"https:\/\/vieassociative.be\/actualites\/wp-json\/wp\/v2\/tags?post=2283"}],"curies":[{"name":"wp","href":"https:\/\/api.w.org\/{rel}","templated":true}]}}