{"id":2281,"date":"2024-11-11T03:20:11","date_gmt":"2024-11-11T02:20:11","guid":{"rendered":"https:\/\/vieassociative.be\/actualites\/berloz-un-enfant-de-quatre-ans-retrouve-mort-la-gorge-tranchee-parents-en-garde-a-vue\/"},"modified":"2024-11-11T03:20:11","modified_gmt":"2024-11-11T02:20:11","slug":"berloz-un-enfant-de-quatre-ans-retrouve-mort-la-gorge-tranchee-parents-en-garde-a-vue","status":"publish","type":"post","link":"https:\/\/vieassociative.be\/actualites\/berloz-un-enfant-de-quatre-ans-retrouve-mort-la-gorge-tranchee-parents-en-garde-a-vue\/","title":{"rendered":"Berloz : Un enfant de quatre ans retrouv\u00e9 mort, la gorge tranch\u00e9e &#8211; parents en garde \u00e0 vue"},"content":{"rendered":"<p><strong>Dans la nuit de samedi \u00e0 dimanche un drame a eu lieu \u00e0 Berloz en province de Li\u00e8ge. Un gar\u00e7on de quatre ans dormant \u00e0 l&rsquo;\u00e9tage de la maison familiale, rue de Willine, a \u00e9t\u00e9 retrouv\u00e9 sans vie, rapporte Sudinfo.<\/strong><\/p>\n<p><span id=\"more-401456\"><\/span>Selon les premi\u00e8res informations du chef de corps de la zone de police Hesbaye, l&rsquo;enfant aurait \u00e9t\u00e9 \u00e9gorg\u00e9.<\/p>\n<p>Les parents de l&rsquo;enfant, un couple d&rsquo;une quarantaine d&rsquo;ann\u00e9es, se seraient disput\u00e9s. Selon le p\u00e8re de l&rsquo;enfant, celui-ci s&rsquo;est ensuite rendu dans le salon pour dormir. \u00c0 son r\u00e9veil, l\u2019homme constate que la voiture familiale a disparu. Parce qu&rsquo;il craignait de ne pas pouvoir entendre son enfant \u00e0 l&rsquo;\u00e9tage, il est mont\u00e9 \u00e0 l&rsquo;\u00e9tage et a d\u00e9couvert l&rsquo;horreur. \u00ab\u00a0Quand il est entr\u00e9 dans la chambre de l&rsquo;enfant de quatre ans, il a trouv\u00e9 son enfant la gorge tranch\u00e9e\u00a0\u00bb, a indiqu\u00e9 le chef de zone de police.<\/p>\n<p>\u00ab\u00a0Il s&rsquo;agit d&rsquo;une affaire d&rsquo;infanticide\u00a0\u00bb, a confirm\u00e9 Catherine Collignon, premi\u00e8re adjointe au procureur du roi de Li\u00e8ge.<\/p>\n<p>\u00ab\u00a0La m\u00e8re a \u00e9t\u00e9 interpell\u00e9e dans une autre zone de police\u00a0\u00bb, a pr\u00e9cis\u00e9 le maire de Berloz. Le p\u00e8re a \u00e9galement \u00e9t\u00e9 arr\u00eat\u00e9. Une enqu\u00eate a \u00e9t\u00e9 ouverte. Les deux parents \u00e9taient toujours entendus dimanche apr\u00e8s-midi. (cr\u00e9er)<\/p>\n","protected":false},"excerpt":{"rendered":"<p>Dans la nuit de samedi \u00e0 dimanche un drame a eu lieu \u00e0 Berloz en province de Li\u00e8ge. Un gar\u00e7on de quatre ans dormant \u00e0<\/p>\n","protected":false},"author":1,"featured_media":2282,"comment_status":"","ping_status":"","sticky":false,"template":"","format":"standard","meta":{"footnotes":""},"categories":[298],"tags":[584,3030,295,903,3032,1717,1319,1435,3031,3033,3034],"class_list":["post-2281","post","type-post","status-publish","format-standard","has-post-thumbnail","hentry","category-belgique","tag-ans","tag-berloz","tag-enfant","tag-garde","tag-gorge","tag-mort","tag-parents","tag-quatre","tag-retrouve","tag-tranchee","tag-vue","generate-columns","tablet-grid-50","mobile-grid-100","grid-parent","grid-33"],"yoast_head":"<!-- This site is optimized with the Yoast SEO plugin v24.0 - https:\/\/yoast.com\/wordpress\/plugins\/seo\/ -->\n<title>Berloz : Un enfant de quatre ans retrouv\u00e9 mort, la gorge tranch\u00e9e - parents en garde \u00e0 vue | Vie Associative<\/title>\n<meta name=\"robots\" content=\"index, follow, max-snippet:-1, max-image-preview:large, max-video-preview:-1\" \/>\n<link rel=\"canonical\" href=\"https:\/\/vieassociative.be\/actualites\/berloz-un-enfant-de-quatre-ans-retrouve-mort-la-gorge-tranchee-parents-en-garde-a-vue\/\" \/>\n<meta property=\"og:locale\" content=\"fr_FR\" \/>\n<meta property=\"og:type\" content=\"article\" \/>\n<meta property=\"og:title\" content=\"Berloz : Un enfant de quatre ans retrouv\u00e9 mort, la gorge tranch\u00e9e - parents en garde \u00e0 vue | Vie Associative\" \/>\n<meta property=\"og:description\" content=\"Dans la nuit de samedi \u00e0 dimanche un drame a eu lieu \u00e0 Berloz en province de Li\u00e8ge. Un gar\u00e7on de quatre ans dormant \u00e0\" \/>\n<meta property=\"og:url\" content=\"https:\/\/vieassociative.be\/actualites\/berloz-un-enfant-de-quatre-ans-retrouve-mort-la-gorge-tranchee-parents-en-garde-a-vue\/\" \/>\n<meta property=\"og:site_name\" content=\"Vie Associative\" \/>\n<meta property=\"article:published_time\" content=\"2024-11-11T02:20:11+00:00\" \/>\n<meta property=\"og:image\" content=\"https:\/\/vieassociative.be\/actualites\/wp-content\/uploads\/2024\/09\/header_backgroundk-01-e1726694325946.png\" \/>\n\t<meta property=\"og:image:width\" content=\"279\" \/>\n\t<meta property=\"og:image:height\" content=\"92\" \/>\n\t<meta property=\"og:image:type\" content=\"image\/png\" \/>\n<meta name=\"author\" content=\"Julien\" \/>\n<meta name=\"twitter:card\" content=\"summary_large_image\" \/>\n<meta name=\"twitter:label1\" content=\"\u00c9crit par\" \/>\n\t<meta name=\"twitter:data1\" content=\"Julien\" \/>\n\t<meta name=\"twitter:label2\" content=\"Dur\u00e9e de lecture est.\" \/>\n\t<meta name=\"twitter:data2\" content=\"1 minute\" \/>\n<script type=\"application\/ld+json\" class=\"yoast-schema-graph\">{\"@context\":\"https:\/\/schema.org\",\"@graph\":[{\"@type\":\"Article\",\"@id\":\"https:\/\/vieassociative.be\/actualites\/berloz-un-enfant-de-quatre-ans-retrouve-mort-la-gorge-tranchee-parents-en-garde-a-vue\/#article\",\"isPartOf\":{\"@id\":\"https:\/\/vieassociative.be\/actualites\/berloz-un-enfant-de-quatre-ans-retrouve-mort-la-gorge-tranchee-parents-en-garde-a-vue\/\"},\"author\":{\"name\":\"Julien\",\"@id\":\"https:\/\/vieassociative.be\/actualites\/#\/schema\/person\/b87ac4f82f9d4e7b7cec7395b679edc4\"},\"headline\":\"Berloz : Un enfant de quatre ans retrouv\u00e9 mort, la gorge tranch\u00e9e &#8211; parents en garde \u00e0 vue\",\"datePublished\":\"2024-11-11T02:20:11+00:00\",\"dateModified\":\"2024-11-11T02:20:11+00:00\",\"mainEntityOfPage\":{\"@id\":\"https:\/\/vieassociative.be\/actualites\/berloz-un-enfant-de-quatre-ans-retrouve-mort-la-gorge-tranchee-parents-en-garde-a-vue\/\"},\"wordCount\":244,\"publisher\":{\"@id\":\"https:\/\/vieassociative.be\/actualites\/#organization\"},\"image\":{\"@id\":\"https:\/\/vieassociative.be\/actualites\/berloz-un-enfant-de-quatre-ans-retrouve-mort-la-gorge-tranchee-parents-en-garde-a-vue\/#primaryimage\"},\"thumbnailUrl\":\"https:\/\/vieassociative.be\/actualites\/wp-content\/uploads\/2024\/11\/Berloz-Un-enfant-de-quatre-ans-retrouve-mort-la.jpg\",\"keywords\":[\"ans\",\"Berloz\",\"enfant\",\"garde\",\"gorge\",\"mort\",\"parents\",\"Quatre\",\"retrouv\u00e9\",\"tranch\u00e9e\",\"vue\"],\"articleSection\":[\"Belgique\"],\"inLanguage\":\"fr-BE\"},{\"@type\":\"WebPage\",\"@id\":\"https:\/\/vieassociative.be\/actualites\/berloz-un-enfant-de-quatre-ans-retrouve-mort-la-gorge-tranchee-parents-en-garde-a-vue\/\",\"url\":\"https:\/\/vieassociative.be\/actualites\/berloz-un-enfant-de-quatre-ans-retrouve-mort-la-gorge-tranchee-parents-en-garde-a-vue\/\",\"name\":\"Berloz : Un enfant de quatre ans retrouv\u00e9 mort, la gorge tranch\u00e9e - parents en garde \u00e0 vue | Vie Associative\",\"isPartOf\":{\"@id\":\"https:\/\/vieassociative.be\/actualites\/#website\"},\"primaryImageOfPage\":{\"@id\":\"https:\/\/vieassociative.be\/actualites\/berloz-un-enfant-de-quatre-ans-retrouve-mort-la-gorge-tranchee-parents-en-garde-a-vue\/#primaryimage\"},\"image\":{\"@id\":\"https:\/\/vieassociative.be\/actualites\/berloz-un-enfant-de-quatre-ans-retrouve-mort-la-gorge-tranchee-parents-en-garde-a-vue\/#primaryimage\"},\"thumbnailUrl\":\"https:\/\/vieassociative.be\/actualites\/wp-content\/uploads\/2024\/11\/Berloz-Un-enfant-de-quatre-ans-retrouve-mort-la.jpg\",\"datePublished\":\"2024-11-11T02:20:11+00:00\",\"dateModified\":\"2024-11-11T02:20:11+00:00\",\"breadcrumb\":{\"@id\":\"https:\/\/vieassociative.be\/actualites\/berloz-un-enfant-de-quatre-ans-retrouve-mort-la-gorge-tranchee-parents-en-garde-a-vue\/#breadcrumb\"},\"inLanguage\":\"fr-BE\",\"potentialAction\":[{\"@type\":\"ReadAction\",\"target\":[\"https:\/\/vieassociative.be\/actualites\/berloz-un-enfant-de-quatre-ans-retrouve-mort-la-gorge-tranchee-parents-en-garde-a-vue\/\"]}]},{\"@type\":\"ImageObject\",\"inLanguage\":\"fr-BE\",\"@id\":\"https:\/\/vieassociative.be\/actualites\/berloz-un-enfant-de-quatre-ans-retrouve-mort-la-gorge-tranchee-parents-en-garde-a-vue\/#primaryimage\",\"url\":\"https:\/\/vieassociative.be\/actualites\/wp-content\/uploads\/2024\/11\/Berloz-Un-enfant-de-quatre-ans-retrouve-mort-la.jpg\",\"contentUrl\":\"https:\/\/vieassociative.be\/actualites\/wp-content\/uploads\/2024\/11\/Berloz-Un-enfant-de-quatre-ans-retrouve-mort-la.jpg\",\"width\":1200,\"height\":800,\"caption\":\"Berloz : Un enfant de quatre ans retrouv\u00e9 mort, la gorge tranch\u00e9e - parents en garde \u00e0 vue\"},{\"@type\":\"BreadcrumbList\",\"@id\":\"https:\/\/vieassociative.be\/actualites\/berloz-un-enfant-de-quatre-ans-retrouve-mort-la-gorge-tranchee-parents-en-garde-a-vue\/#breadcrumb\",\"itemListElement\":[{\"@type\":\"ListItem\",\"position\":1,\"name\":\"Accueil\",\"item\":\"https:\/\/vieassociative.be\/actualites\/\"},{\"@type\":\"ListItem\",\"position\":2,\"name\":\"Berloz : Un enfant de quatre ans retrouv\u00e9 mort, la gorge tranch\u00e9e &#8211; parents en garde \u00e0 vue\"}]},{\"@type\":\"WebSite\",\"@id\":\"https:\/\/vieassociative.be\/actualites\/#website\",\"url\":\"https:\/\/vieassociative.be\/actualites\/\",\"name\":\"Vie Associative\",\"description\":\"\",\"publisher\":{\"@id\":\"https:\/\/vieassociative.be\/actualites\/#organization\"},\"potentialAction\":[{\"@type\":\"SearchAction\",\"target\":{\"@type\":\"EntryPoint\",\"urlTemplate\":\"https:\/\/vieassociative.be\/actualites\/?s={search_term_string}\"},\"query-input\":{\"@type\":\"PropertyValueSpecification\",\"valueRequired\":true,\"valueName\":\"search_term_string\"}}],\"inLanguage\":\"fr-BE\"},{\"@type\":\"Organization\",\"@id\":\"https:\/\/vieassociative.be\/actualites\/#organization\",\"name\":\"Vie Associative\",\"url\":\"https:\/\/vieassociative.be\/actualites\/\",\"logo\":{\"@type\":\"ImageObject\",\"inLanguage\":\"fr-BE\",\"@id\":\"https:\/\/vieassociative.be\/actualites\/#\/schema\/logo\/image\/\",\"url\":\"https:\/\/vieassociative.be\/actualites\/wp-content\/uploads\/2024\/09\/cropped-vieassociative_favicon.ico.png\",\"contentUrl\":\"https:\/\/vieassociative.be\/actualites\/wp-content\/uploads\/2024\/09\/cropped-vieassociative_favicon.ico.png\",\"width\":512,\"height\":512,\"caption\":\"Vie Associative\"},\"image\":{\"@id\":\"https:\/\/vieassociative.be\/actualites\/#\/schema\/logo\/image\/\"}},{\"@type\":\"Person\",\"@id\":\"https:\/\/vieassociative.be\/actualites\/#\/schema\/person\/b87ac4f82f9d4e7b7cec7395b679edc4\",\"name\":\"Julien\",\"image\":{\"@type\":\"ImageObject\",\"inLanguage\":\"fr-BE\",\"@id\":\"https:\/\/vieassociative.be\/actualites\/#\/schema\/person\/image\/\",\"url\":\"https:\/\/vieassociative.be\/actualites\/wp-content\/uploads\/2024\/09\/vie-associative-1-150x150.jpg\",\"contentUrl\":\"https:\/\/vieassociative.be\/actualites\/wp-content\/uploads\/2024\/09\/vie-associative-1-150x150.jpg\",\"caption\":\"Julien\"},\"description\":\"Je suis Julien, r\u00e9dacteur pour Vie Associative. Passionn\u00e9 par le monde associatif depuis plus de 10 ans, j'ai \u00e0 c\u0153ur de partager des histoires inspirantes et de mettre en lumi\u00e8re les initiatives locales. Mon objectif est de sensibiliser et d'encourager l'engagement communautaire \u00e0 travers mes articles.\",\"sameAs\":[\"https:\/\/vieassociative.be\/\"]}]}<\/script>\n<!-- \/ Yoast SEO plugin. -->","yoast_head_json":{"title":"Berloz : Un enfant de quatre ans retrouv\u00e9 mort, la gorge tranch\u00e9e - parents en garde \u00e0 vue | Vie Associative","robots":{"index":"index","follow":"follow","max-snippet":"max-snippet:-1","max-image-preview":"max-image-preview:large","max-video-preview":"max-video-preview:-1"},"canonical":"https:\/\/vieassociative.be\/actualites\/berloz-un-enfant-de-quatre-ans-retrouve-mort-la-gorge-tranchee-parents-en-garde-a-vue\/","og_locale":"fr_FR","og_type":"article","og_title":"Berloz : Un enfant de quatre ans retrouv\u00e9 mort, la gorge tranch\u00e9e - parents en garde \u00e0 vue | Vie Associative","og_description":"Dans la nuit de samedi \u00e0 dimanche un drame a eu lieu \u00e0 Berloz en province de Li\u00e8ge. Un gar\u00e7on de quatre ans dormant \u00e0","og_url":"https:\/\/vieassociative.be\/actualites\/berloz-un-enfant-de-quatre-ans-retrouve-mort-la-gorge-tranchee-parents-en-garde-a-vue\/","og_site_name":"Vie Associative","article_published_time":"2024-11-11T02:20:11+00:00","og_image":[{"width":279,"height":92,"url":"https:\/\/vieassociative.be\/actualites\/wp-content\/uploads\/2024\/09\/header_backgroundk-01-e1726694325946.png","type":"image\/png"}],"author":"Julien","twitter_card":"summary_large_image","twitter_misc":{"\u00c9crit par":"Julien","Dur\u00e9e de lecture est.":"1 minute"},"schema":{"@context":"https:\/\/schema.org","@graph":[{"@type":"Article","@id":"https:\/\/vieassociative.be\/actualites\/berloz-un-enfant-de-quatre-ans-retrouve-mort-la-gorge-tranchee-parents-en-garde-a-vue\/#article","isPartOf":{"@id":"https:\/\/vieassociative.be\/actualites\/berloz-un-enfant-de-quatre-ans-retrouve-mort-la-gorge-tranchee-parents-en-garde-a-vue\/"},"author":{"name":"Julien","@id":"https:\/\/vieassociative.be\/actualites\/#\/schema\/person\/b87ac4f82f9d4e7b7cec7395b679edc4"},"headline":"Berloz : Un enfant de quatre ans retrouv\u00e9 mort, la gorge tranch\u00e9e &#8211; parents en garde \u00e0 vue","datePublished":"2024-11-11T02:20:11+00:00","dateModified":"2024-11-11T02:20:11+00:00","mainEntityOfPage":{"@id":"https:\/\/vieassociative.be\/actualites\/berloz-un-enfant-de-quatre-ans-retrouve-mort-la-gorge-tranchee-parents-en-garde-a-vue\/"},"wordCount":244,"publisher":{"@id":"https:\/\/vieassociative.be\/actualites\/#organization"},"image":{"@id":"https:\/\/vieassociative.be\/actualites\/berloz-un-enfant-de-quatre-ans-retrouve-mort-la-gorge-tranchee-parents-en-garde-a-vue\/#primaryimage"},"thumbnailUrl":"https:\/\/vieassociative.be\/actualites\/wp-content\/uploads\/2024\/11\/Berloz-Un-enfant-de-quatre-ans-retrouve-mort-la.jpg","keywords":["ans","Berloz","enfant","garde","gorge","mort","parents","Quatre","retrouv\u00e9","tranch\u00e9e","vue"],"articleSection":["Belgique"],"inLanguage":"fr-BE"},{"@type":"WebPage","@id":"https:\/\/vieassociative.be\/actualites\/berloz-un-enfant-de-quatre-ans-retrouve-mort-la-gorge-tranchee-parents-en-garde-a-vue\/","url":"https:\/\/vieassociative.be\/actualites\/berloz-un-enfant-de-quatre-ans-retrouve-mort-la-gorge-tranchee-parents-en-garde-a-vue\/","name":"Berloz : Un enfant de quatre ans retrouv\u00e9 mort, la gorge tranch\u00e9e - parents en garde \u00e0 vue | Vie Associative","isPartOf":{"@id":"https:\/\/vieassociative.be\/actualites\/#website"},"primaryImageOfPage":{"@id":"https:\/\/vieassociative.be\/actualites\/berloz-un-enfant-de-quatre-ans-retrouve-mort-la-gorge-tranchee-parents-en-garde-a-vue\/#primaryimage"},"image":{"@id":"https:\/\/vieassociative.be\/actualites\/berloz-un-enfant-de-quatre-ans-retrouve-mort-la-gorge-tranchee-parents-en-garde-a-vue\/#primaryimage"},"thumbnailUrl":"https:\/\/vieassociative.be\/actualites\/wp-content\/uploads\/2024\/11\/Berloz-Un-enfant-de-quatre-ans-retrouve-mort-la.jpg","datePublished":"2024-11-11T02:20:11+00:00","dateModified":"2024-11-11T02:20:11+00:00","breadcrumb":{"@id":"https:\/\/vieassociative.be\/actualites\/berloz-un-enfant-de-quatre-ans-retrouve-mort-la-gorge-tranchee-parents-en-garde-a-vue\/#breadcrumb"},"inLanguage":"fr-BE","potentialAction":[{"@type":"ReadAction","target":["https:\/\/vieassociative.be\/actualites\/berloz-un-enfant-de-quatre-ans-retrouve-mort-la-gorge-tranchee-parents-en-garde-a-vue\/"]}]},{"@type":"ImageObject","inLanguage":"fr-BE","@id":"https:\/\/vieassociative.be\/actualites\/berloz-un-enfant-de-quatre-ans-retrouve-mort-la-gorge-tranchee-parents-en-garde-a-vue\/#primaryimage","url":"https:\/\/vieassociative.be\/actualites\/wp-content\/uploads\/2024\/11\/Berloz-Un-enfant-de-quatre-ans-retrouve-mort-la.jpg","contentUrl":"https:\/\/vieassociative.be\/actualites\/wp-content\/uploads\/2024\/11\/Berloz-Un-enfant-de-quatre-ans-retrouve-mort-la.jpg","width":1200,"height":800,"caption":"Berloz : Un enfant de quatre ans retrouv\u00e9 mort, la gorge tranch\u00e9e - parents en garde \u00e0 vue"},{"@type":"BreadcrumbList","@id":"https:\/\/vieassociative.be\/actualites\/berloz-un-enfant-de-quatre-ans-retrouve-mort-la-gorge-tranchee-parents-en-garde-a-vue\/#breadcrumb","itemListElement":[{"@type":"ListItem","position":1,"name":"Accueil","item":"https:\/\/vieassociative.be\/actualites\/"},{"@type":"ListItem","position":2,"name":"Berloz : Un enfant de quatre ans retrouv\u00e9 mort, la gorge tranch\u00e9e &#8211; parents en garde \u00e0 vue"}]},{"@type":"WebSite","@id":"https:\/\/vieassociative.be\/actualites\/#website","url":"https:\/\/vieassociative.be\/actualites\/","name":"Vie Associative","description":"","publisher":{"@id":"https:\/\/vieassociative.be\/actualites\/#organization"},"potentialAction":[{"@type":"SearchAction","target":{"@type":"EntryPoint","urlTemplate":"https:\/\/vieassociative.be\/actualites\/?s={search_term_string}"},"query-input":{"@type":"PropertyValueSpecification","valueRequired":true,"valueName":"search_term_string"}}],"inLanguage":"fr-BE"},{"@type":"Organization","@id":"https:\/\/vieassociative.be\/actualites\/#organization","name":"Vie Associative","url":"https:\/\/vieassociative.be\/actualites\/","logo":{"@type":"ImageObject","inLanguage":"fr-BE","@id":"https:\/\/vieassociative.be\/actualites\/#\/schema\/logo\/image\/","url":"https:\/\/vieassociative.be\/actualites\/wp-content\/uploads\/2024\/09\/cropped-vieassociative_favicon.ico.png","contentUrl":"https:\/\/vieassociative.be\/actualites\/wp-content\/uploads\/2024\/09\/cropped-vieassociative_favicon.ico.png","width":512,"height":512,"caption":"Vie Associative"},"image":{"@id":"https:\/\/vieassociative.be\/actualites\/#\/schema\/logo\/image\/"}},{"@type":"Person","@id":"https:\/\/vieassociative.be\/actualites\/#\/schema\/person\/b87ac4f82f9d4e7b7cec7395b679edc4","name":"Julien","image":{"@type":"ImageObject","inLanguage":"fr-BE","@id":"https:\/\/vieassociative.be\/actualites\/#\/schema\/person\/image\/","url":"https:\/\/vieassociative.be\/actualites\/wp-content\/uploads\/2024\/09\/vie-associative-1-150x150.jpg","contentUrl":"https:\/\/vieassociative.be\/actualites\/wp-content\/uploads\/2024\/09\/vie-associative-1-150x150.jpg","caption":"Julien"},"description":"Je suis Julien, r\u00e9dacteur pour Vie Associative. Passionn\u00e9 par le monde associatif depuis plus de 10 ans, j'ai \u00e0 c\u0153ur de partager des histoires inspirantes et de mettre en lumi\u00e8re les initiatives locales. Mon objectif est de sensibiliser et d'encourager l'engagement communautaire \u00e0 travers mes articles.","sameAs":["https:\/\/vieassociative.be\/"]}]}},"_links":{"self":[{"href":"https:\/\/vieassociative.be\/actualites\/wp-json\/wp\/v2\/posts\/2281"}],"collection":[{"href":"https:\/\/vieassociative.be\/actualites\/wp-json\/wp\/v2\/posts"}],"about":[{"href":"https:\/\/vieassociative.be\/actualites\/wp-json\/wp\/v2\/types\/post"}],"author":[{"embeddable":true,"href":"https:\/\/vieassociative.be\/actualites\/wp-json\/wp\/v2\/users\/1"}],"replies":[{"embeddable":true,"href":"https:\/\/vieassociative.be\/actualites\/wp-json\/wp\/v2\/comments?post=2281"}],"version-history":[{"count":0,"href":"https:\/\/vieassociative.be\/actualites\/wp-json\/wp\/v2\/posts\/2281\/revisions"}],"wp:featuredmedia":[{"embeddable":true,"href":"https:\/\/vieassociative.be\/actualites\/wp-json\/wp\/v2\/media\/2282"}],"wp:attachment":[{"href":"https:\/\/vieassociative.be\/actualites\/wp-json\/wp\/v2\/media?parent=2281"}],"wp:term":[{"taxonomy":"category","embeddable":true,"href":"https:\/\/vieassociative.be\/actualites\/wp-json\/wp\/v2\/categories?post=2281"},{"taxonomy":"post_tag","embeddable":true,"href":"https:\/\/vieassociative.be\/actualites\/wp-json\/wp\/v2\/tags?post=2281"}],"curies":[{"name":"wp","href":"https:\/\/api.w.org\/{rel}","templated":true}]}}