{"id":2271,"date":"2024-11-10T21:19:28","date_gmt":"2024-11-10T20:19:28","guid":{"rendered":"https:\/\/vieassociative.be\/actualites\/desespere-las-eupen-perd-04-alors-quil-est-en-inferiorite-numerique\/"},"modified":"2024-11-10T21:19:28","modified_gmt":"2024-11-10T20:19:28","slug":"desespere-las-eupen-perd-04-alors-quil-est-en-inferiorite-numerique","status":"publish","type":"post","link":"https:\/\/vieassociative.be\/actualites\/desespere-las-eupen-perd-04-alors-quil-est-en-inferiorite-numerique\/","title":{"rendered":"D\u00e9sesp\u00e9r\u00e9: l&rsquo;AS Eupen perd 0:4 alors qu&rsquo;il est en inf\u00e9riorit\u00e9 num\u00e9rique"},"content":{"rendered":"<p><strong>L&rsquo;AS Eupen a une nouvelle fois massivement d\u00e9\u00e7u ses supporters dimanche: les Noirs et Blancs ont perdu \u00e0 domicile contre le Patro Eisden 0-4. La sc\u00e8ne cl\u00e9 de ce match a \u00e9t\u00e9 l&rsquo;expulsion de Jan Gorenc.<\/strong><\/p>\n<p><span id=\"more-401473\"><\/span>Le jeu faisait partie du programme festif du DG Day le 15 novembre. N\u00e9anmoins, il n&rsquo;y avait pas beaucoup plus de spectateurs que d&rsquo;habitude au stade Kehrweg. Parmi eux se trouvait l&rsquo;ancien international et entra\u00eeneur national belge Marc Wilmots, venu rendre visite \u00e0 son fils Reno, qui joue d\u00e9sormais au Patro Eisden.<\/p>\n<p>Chez AS, Renaud Emond a d\u00e9but\u00e9 sur le banc car, selon l&rsquo;entra\u00eeneur Mersad Selimbegovic, il \u00e9tait bless\u00e9. J\u00e9r\u00f4me D\u00e9om a remplac\u00e9 le capitaine.<\/p>\n<div id=\"attachment_401490\" class=\"wp-caption alignleft\" style=\"max-width: 300px\"><img fetchpriority=\"high\" decoding=\"async\" class=\"wp-image-401490 size-medium\" src=\"https:\/\/vieassociative.be\/actualites\/wp-content\/uploads\/2024\/11\/Desespere-lAS-Eupen-perd-04-alors-quil-est-en-inferiorite.jpg\" alt=\"\" width=\"300\" height=\"200\"  ><\/p>\n<p class=\"wp-caption-text\">Peu avant la fin de la premi\u00e8re mi-temps, le d\u00e9fenseur de l&rsquo;AS Jan Gorenc a \u00e9t\u00e9 expuls\u00e9 apr\u00e8s un arr\u00eat d&rsquo;urgence. Photo de : Belga<\/p>\n<\/div>\n<p>Onze de d\u00e9part d&rsquo;Eupen : Nurudeen \u2013 Paeshuyse, Gorenc, Kennedy \u2013 Van Genechten, Baiye, Keita, D\u00e9om, Pattynama \u2013 Gedikli, Charles-Cook.<\/p>\n<p>L&rsquo;ancien joueur de l&rsquo;AS Kevin Kis, qui faisait partie des spectateurs, \u00e9tait absent du Patro Eisden en raison d&rsquo;une blessure. L&rsquo;autre ancien joueur de l&rsquo;AS, Raoul Kenne, \u00e9tait sur le banc des rempla\u00e7ants. Un autre ancien joueur de l&rsquo;AS, Stef Peeters, fait officiellement toujours partie de l&rsquo;\u00e9quipe du Patro, mais n&rsquo;a plus fait partie de l&rsquo;\u00e9quipe senior depuis l&rsquo;\u00e9t\u00e9 en raison de divergences d&rsquo;opinion avec l&rsquo;entra\u00eeneur Stijn Stijnen.<\/p>\n<p>Le choc est survenu \u00e0 la 12e minute : apr\u00e8s une remise en jeu pour Eisden, un long centre de Van Eenoo est entr\u00e9 dans la surface de r\u00e9paration, o\u00f9 Pattynama a perdu de vue Simba, qui a d\u00e9bloqu\u00e9 les visiteurs en t\u00eate, 0-1.<\/p>\n<p>A la 19e minute, Nurudeen a d\u00fb audacieusement se jeter dans les pieds d&rsquo;un adversaire pour emp\u00eacher un deuxi\u00e8me but. Eisden \u00e9tait clairement la meilleure \u00e9quipe, le premier but n&rsquo;a fait que perturber encore plus AS. \u00c0 la 29e minute, Charles-Cook d\u00e9coche un tir \u00e0 l&rsquo;entr\u00e9e de la surface de r\u00e9paration, mais ce n&rsquo;est qu&rsquo;un tir. En retour, heureusement pour AS, Nurudeen \u00e9tait dans le coup.<\/p>\n<\/p>\n<div id=\"attachment_292430\" class=\"wp-caption alignleft\" style=\"max-width: 300px\"><img decoding=\"async\" class=\"wp-image-292430 size-medium\" src=\"https:\/\/vieassociative.be\/actualites\/wp-content\/uploads\/2024\/10\/LAS-Eupen-resiste-pendant-une-heure-face-au-champion-en.jpeg\" alt=\"\" width=\"300\" height=\"200\"><\/p>\n<p class=\"wp-caption-text\">Le gardien d&rsquo;Eupen Abdul Manaf Nurudeen a maintenu AS dans le match \u00e0 plusieurs reprises, m\u00eame s&rsquo;il semblait coupable de deux buts encaiss\u00e9s. Photo de : Belga<\/p>\n<\/div>\n<p>AS a eu une belle occasion \u00e0 la 31e minute lorsque Gedikli a centr\u00e9 brusquement \u00e0 l&rsquo;int\u00e9rieur, o\u00f9 Pattynama est arriv\u00e9 un peu trop tard. \u00c0 la 34e minute, Charles-Cook a peut-\u00eatre eu une chance encore plus grande de marquer sur une passe de Baiye, mais l&rsquo;attaquant n&rsquo;a lamentablement pas r\u00e9ussi \u00e0 tirer au but.<\/p>\n<p>Le revers suivant s&rsquo;est produit pendant la phase de pression de l&rsquo;AS, lorsque lors d&rsquo;une contre-attaque rapide d&rsquo;Eisden apr\u00e8s une perte inutile du ballon, l&rsquo;AS Gorenc a \u00e9t\u00e9 le dernier \u00e0 commettre une faute et a re\u00e7u un carton rouge. AS \u00e9tait donc en retard \u00e0 la mi-temps et en inf\u00e9riorit\u00e9 num\u00e9rique pour d\u00e9marrer.<\/p>\n<p>A la 52\u00e8me minute, AS a pu remercier Nurudeen, qui a maintenu Eupen dans le match avec un superbe r\u00e9flexe apr\u00e8s une contre-attaque rapide.<\/p>\n<p>Peu de temps apr\u00e8s, le gardien de l&rsquo;AS a failli encaisser un but car il n&rsquo;a pas pu retenir le ballon lors d&rsquo;un plongeon et le ballon a atterri dans le but. Mais le but a \u00e9t\u00e9 refus\u00e9 \u00e0 juste titre en raison d&rsquo;un handball.<\/p>\n<p>\u00c0 la 68e minute, Eisden a rat\u00e9 une autre occasion de contre-attaquer, mais peu de temps apr\u00e8s, le but est arriv\u00e9 lorsque le tir \u00e0 longue distance de Nurudeen a seulement permis au ballon de ricocher, mais Abid \u00e9tait l\u00e0 et n&rsquo;a eu aucune difficult\u00e9 \u00e0 porter le score \u00e0 0-2. \u00c0 la 73e minute, le score \u00e9tait de 0:3 et une minute plus tard, il \u00e9tait de 0:4. Kiankaulua a marqu\u00e9 les deux buts pour Patro.<\/p>\n<p>\u00c0 la 82e minute, Nurudeen a emp\u00each\u00e9 un cinqui\u00e8me but. Il restait 0:4. <\/p>\n<p>AS doit d\u00e9sormais se contenter de la 12\u00e8me place. Apr\u00e8s la tr\u00eave internationale, Eupen jouera au Club NXT, l&rsquo;\u00e9quipe U23 du FC Bruges. (cr\u00e9er)<\/p>\n","protected":false},"excerpt":{"rendered":"<p>L&rsquo;AS Eupen a une nouvelle fois massivement d\u00e9\u00e7u ses supporters dimanche: les Noirs et Blancs ont perdu \u00e0 domicile contre le Patro Eisden 0-4. La<\/p>\n","protected":false},"author":1,"featured_media":2272,"comment_status":"","ping_status":"","sticky":false,"template":"","format":"standard","meta":{"footnotes":""},"categories":[298],"tags":[422,3020,76,2329,3022,2353,651,3021,1855],"class_list":["post-2271","post","type-post","status-publish","format-standard","has-post-thumbnail","hentry","category-belgique","tag-alors","tag-desespere","tag-est","tag-eupen","tag-inferiorite","tag-las","tag-numerique","tag-perd","tag-quil","generate-columns","tablet-grid-50","mobile-grid-100","grid-parent","grid-33"],"yoast_head":"<!-- This site is optimized with the Yoast SEO plugin v24.0 - https:\/\/yoast.com\/wordpress\/plugins\/seo\/ -->\n<title>D\u00e9sesp\u00e9r\u00e9: l&#039;AS Eupen perd 0:4 alors qu&#039;il est en inf\u00e9riorit\u00e9 num\u00e9rique | Vie Associative<\/title>\n<meta name=\"robots\" content=\"index, follow, max-snippet:-1, max-image-preview:large, max-video-preview:-1\" \/>\n<link rel=\"canonical\" href=\"https:\/\/vieassociative.be\/actualites\/desespere-las-eupen-perd-04-alors-quil-est-en-inferiorite-numerique\/\" \/>\n<meta property=\"og:locale\" content=\"fr_FR\" \/>\n<meta property=\"og:type\" content=\"article\" \/>\n<meta property=\"og:title\" content=\"D\u00e9sesp\u00e9r\u00e9: l&#039;AS Eupen perd 0:4 alors qu&#039;il est en inf\u00e9riorit\u00e9 num\u00e9rique | Vie Associative\" \/>\n<meta property=\"og:description\" content=\"L&rsquo;AS Eupen a une nouvelle fois massivement d\u00e9\u00e7u ses supporters dimanche: les Noirs et Blancs ont perdu \u00e0 domicile contre le Patro Eisden 0-4. La\" \/>\n<meta property=\"og:url\" content=\"https:\/\/vieassociative.be\/actualites\/desespere-las-eupen-perd-04-alors-quil-est-en-inferiorite-numerique\/\" \/>\n<meta property=\"og:site_name\" content=\"Vie Associative\" \/>\n<meta property=\"article:published_time\" content=\"2024-11-10T20:19:28+00:00\" \/>\n<meta property=\"og:image\" content=\"https:\/\/vieassociative.be\/actualites\/wp-content\/uploads\/2024\/11\/Desespere-lAS-Eupen-perd-04-alors-quil-est-en-inferiorite.jpg\" \/>\n<meta name=\"author\" content=\"Julien\" \/>\n<meta name=\"twitter:card\" content=\"summary_large_image\" \/>\n<meta name=\"twitter:label1\" content=\"\u00c9crit par\" \/>\n\t<meta name=\"twitter:data1\" content=\"Julien\" \/>\n\t<meta name=\"twitter:label2\" content=\"Dur\u00e9e de lecture est.\" \/>\n\t<meta name=\"twitter:data2\" content=\"3 minutes\" \/>\n<script type=\"application\/ld+json\" class=\"yoast-schema-graph\">{\"@context\":\"https:\/\/schema.org\",\"@graph\":[{\"@type\":\"Article\",\"@id\":\"https:\/\/vieassociative.be\/actualites\/desespere-las-eupen-perd-04-alors-quil-est-en-inferiorite-numerique\/#article\",\"isPartOf\":{\"@id\":\"https:\/\/vieassociative.be\/actualites\/desespere-las-eupen-perd-04-alors-quil-est-en-inferiorite-numerique\/\"},\"author\":{\"name\":\"Julien\",\"@id\":\"https:\/\/vieassociative.be\/actualites\/#\/schema\/person\/b87ac4f82f9d4e7b7cec7395b679edc4\"},\"headline\":\"D\u00e9sesp\u00e9r\u00e9: l&rsquo;AS Eupen perd 0:4 alors qu&rsquo;il est en inf\u00e9riorit\u00e9 num\u00e9rique\",\"datePublished\":\"2024-11-10T20:19:28+00:00\",\"dateModified\":\"2024-11-10T20:19:28+00:00\",\"mainEntityOfPage\":{\"@id\":\"https:\/\/vieassociative.be\/actualites\/desespere-las-eupen-perd-04-alors-quil-est-en-inferiorite-numerique\/\"},\"wordCount\":728,\"publisher\":{\"@id\":\"https:\/\/vieassociative.be\/actualites\/#organization\"},\"image\":{\"@id\":\"https:\/\/vieassociative.be\/actualites\/desespere-las-eupen-perd-04-alors-quil-est-en-inferiorite-numerique\/#primaryimage\"},\"thumbnailUrl\":\"https:\/\/vieassociative.be\/actualites\/wp-content\/uploads\/2024\/11\/1731269968_Desespere-lAS-Eupen-perd-04-alors-quil-est-en-inferiorite.jpg\",\"keywords\":[\"Alors\",\"D\u00e9sesp\u00e9r\u00e9\",\"est\",\"Eupen\",\"inf\u00e9riorit\u00e9\",\"lAS\",\"num\u00e9rique\",\"perd\",\"quil\"],\"articleSection\":[\"Belgique\"],\"inLanguage\":\"fr-BE\"},{\"@type\":\"WebPage\",\"@id\":\"https:\/\/vieassociative.be\/actualites\/desespere-las-eupen-perd-04-alors-quil-est-en-inferiorite-numerique\/\",\"url\":\"https:\/\/vieassociative.be\/actualites\/desespere-las-eupen-perd-04-alors-quil-est-en-inferiorite-numerique\/\",\"name\":\"D\u00e9sesp\u00e9r\u00e9: l'AS Eupen perd 0:4 alors qu'il est en inf\u00e9riorit\u00e9 num\u00e9rique | Vie Associative\",\"isPartOf\":{\"@id\":\"https:\/\/vieassociative.be\/actualites\/#website\"},\"primaryImageOfPage\":{\"@id\":\"https:\/\/vieassociative.be\/actualites\/desespere-las-eupen-perd-04-alors-quil-est-en-inferiorite-numerique\/#primaryimage\"},\"image\":{\"@id\":\"https:\/\/vieassociative.be\/actualites\/desespere-las-eupen-perd-04-alors-quil-est-en-inferiorite-numerique\/#primaryimage\"},\"thumbnailUrl\":\"https:\/\/vieassociative.be\/actualites\/wp-content\/uploads\/2024\/11\/1731269968_Desespere-lAS-Eupen-perd-04-alors-quil-est-en-inferiorite.jpg\",\"datePublished\":\"2024-11-10T20:19:28+00:00\",\"dateModified\":\"2024-11-10T20:19:28+00:00\",\"breadcrumb\":{\"@id\":\"https:\/\/vieassociative.be\/actualites\/desespere-las-eupen-perd-04-alors-quil-est-en-inferiorite-numerique\/#breadcrumb\"},\"inLanguage\":\"fr-BE\",\"potentialAction\":[{\"@type\":\"ReadAction\",\"target\":[\"https:\/\/vieassociative.be\/actualites\/desespere-las-eupen-perd-04-alors-quil-est-en-inferiorite-numerique\/\"]}]},{\"@type\":\"ImageObject\",\"inLanguage\":\"fr-BE\",\"@id\":\"https:\/\/vieassociative.be\/actualites\/desespere-las-eupen-perd-04-alors-quil-est-en-inferiorite-numerique\/#primaryimage\",\"url\":\"https:\/\/vieassociative.be\/actualites\/wp-content\/uploads\/2024\/11\/1731269968_Desespere-lAS-Eupen-perd-04-alors-quil-est-en-inferiorite.jpg\",\"contentUrl\":\"https:\/\/vieassociative.be\/actualites\/wp-content\/uploads\/2024\/11\/1731269968_Desespere-lAS-Eupen-perd-04-alors-quil-est-en-inferiorite.jpg\",\"width\":1200,\"height\":800,\"caption\":\"D\u00e9sesp\u00e9r\u00e9: l'AS Eupen perd 0:4 alors qu'il est en inf\u00e9riorit\u00e9 num\u00e9rique\"},{\"@type\":\"BreadcrumbList\",\"@id\":\"https:\/\/vieassociative.be\/actualites\/desespere-las-eupen-perd-04-alors-quil-est-en-inferiorite-numerique\/#breadcrumb\",\"itemListElement\":[{\"@type\":\"ListItem\",\"position\":1,\"name\":\"Accueil\",\"item\":\"https:\/\/vieassociative.be\/actualites\/\"},{\"@type\":\"ListItem\",\"position\":2,\"name\":\"D\u00e9sesp\u00e9r\u00e9: l&rsquo;AS Eupen perd 0:4 alors qu&rsquo;il est en inf\u00e9riorit\u00e9 num\u00e9rique\"}]},{\"@type\":\"WebSite\",\"@id\":\"https:\/\/vieassociative.be\/actualites\/#website\",\"url\":\"https:\/\/vieassociative.be\/actualites\/\",\"name\":\"Vie Associative\",\"description\":\"\",\"publisher\":{\"@id\":\"https:\/\/vieassociative.be\/actualites\/#organization\"},\"potentialAction\":[{\"@type\":\"SearchAction\",\"target\":{\"@type\":\"EntryPoint\",\"urlTemplate\":\"https:\/\/vieassociative.be\/actualites\/?s={search_term_string}\"},\"query-input\":{\"@type\":\"PropertyValueSpecification\",\"valueRequired\":true,\"valueName\":\"search_term_string\"}}],\"inLanguage\":\"fr-BE\"},{\"@type\":\"Organization\",\"@id\":\"https:\/\/vieassociative.be\/actualites\/#organization\",\"name\":\"Vie Associative\",\"url\":\"https:\/\/vieassociative.be\/actualites\/\",\"logo\":{\"@type\":\"ImageObject\",\"inLanguage\":\"fr-BE\",\"@id\":\"https:\/\/vieassociative.be\/actualites\/#\/schema\/logo\/image\/\",\"url\":\"https:\/\/vieassociative.be\/actualites\/wp-content\/uploads\/2024\/09\/cropped-vieassociative_favicon.ico.png\",\"contentUrl\":\"https:\/\/vieassociative.be\/actualites\/wp-content\/uploads\/2024\/09\/cropped-vieassociative_favicon.ico.png\",\"width\":512,\"height\":512,\"caption\":\"Vie Associative\"},\"image\":{\"@id\":\"https:\/\/vieassociative.be\/actualites\/#\/schema\/logo\/image\/\"}},{\"@type\":\"Person\",\"@id\":\"https:\/\/vieassociative.be\/actualites\/#\/schema\/person\/b87ac4f82f9d4e7b7cec7395b679edc4\",\"name\":\"Julien\",\"image\":{\"@type\":\"ImageObject\",\"inLanguage\":\"fr-BE\",\"@id\":\"https:\/\/vieassociative.be\/actualites\/#\/schema\/person\/image\/\",\"url\":\"https:\/\/vieassociative.be\/actualites\/wp-content\/uploads\/2024\/09\/vie-associative-1-150x150.jpg\",\"contentUrl\":\"https:\/\/vieassociative.be\/actualites\/wp-content\/uploads\/2024\/09\/vie-associative-1-150x150.jpg\",\"caption\":\"Julien\"},\"description\":\"Je suis Julien, r\u00e9dacteur pour Vie Associative. Passionn\u00e9 par le monde associatif depuis plus de 10 ans, j'ai \u00e0 c\u0153ur de partager des histoires inspirantes et de mettre en lumi\u00e8re les initiatives locales. Mon objectif est de sensibiliser et d'encourager l'engagement communautaire \u00e0 travers mes articles.\",\"sameAs\":[\"https:\/\/vieassociative.be\/\"]}]}<\/script>\n<!-- \/ Yoast SEO plugin. -->","yoast_head_json":{"title":"D\u00e9sesp\u00e9r\u00e9: l'AS Eupen perd 0:4 alors qu'il est en inf\u00e9riorit\u00e9 num\u00e9rique | Vie Associative","robots":{"index":"index","follow":"follow","max-snippet":"max-snippet:-1","max-image-preview":"max-image-preview:large","max-video-preview":"max-video-preview:-1"},"canonical":"https:\/\/vieassociative.be\/actualites\/desespere-las-eupen-perd-04-alors-quil-est-en-inferiorite-numerique\/","og_locale":"fr_FR","og_type":"article","og_title":"D\u00e9sesp\u00e9r\u00e9: l'AS Eupen perd 0:4 alors qu'il est en inf\u00e9riorit\u00e9 num\u00e9rique | Vie Associative","og_description":"L&rsquo;AS Eupen a une nouvelle fois massivement d\u00e9\u00e7u ses supporters dimanche: les Noirs et Blancs ont perdu \u00e0 domicile contre le Patro Eisden 0-4. La","og_url":"https:\/\/vieassociative.be\/actualites\/desespere-las-eupen-perd-04-alors-quil-est-en-inferiorite-numerique\/","og_site_name":"Vie Associative","article_published_time":"2024-11-10T20:19:28+00:00","og_image":[{"url":"https:\/\/vieassociative.be\/actualites\/wp-content\/uploads\/2024\/11\/Desespere-lAS-Eupen-perd-04-alors-quil-est-en-inferiorite.jpg","type":"","width":"","height":""}],"author":"Julien","twitter_card":"summary_large_image","twitter_misc":{"\u00c9crit par":"Julien","Dur\u00e9e de lecture est.":"3 minutes"},"schema":{"@context":"https:\/\/schema.org","@graph":[{"@type":"Article","@id":"https:\/\/vieassociative.be\/actualites\/desespere-las-eupen-perd-04-alors-quil-est-en-inferiorite-numerique\/#article","isPartOf":{"@id":"https:\/\/vieassociative.be\/actualites\/desespere-las-eupen-perd-04-alors-quil-est-en-inferiorite-numerique\/"},"author":{"name":"Julien","@id":"https:\/\/vieassociative.be\/actualites\/#\/schema\/person\/b87ac4f82f9d4e7b7cec7395b679edc4"},"headline":"D\u00e9sesp\u00e9r\u00e9: l&rsquo;AS Eupen perd 0:4 alors qu&rsquo;il est en inf\u00e9riorit\u00e9 num\u00e9rique","datePublished":"2024-11-10T20:19:28+00:00","dateModified":"2024-11-10T20:19:28+00:00","mainEntityOfPage":{"@id":"https:\/\/vieassociative.be\/actualites\/desespere-las-eupen-perd-04-alors-quil-est-en-inferiorite-numerique\/"},"wordCount":728,"publisher":{"@id":"https:\/\/vieassociative.be\/actualites\/#organization"},"image":{"@id":"https:\/\/vieassociative.be\/actualites\/desespere-las-eupen-perd-04-alors-quil-est-en-inferiorite-numerique\/#primaryimage"},"thumbnailUrl":"https:\/\/vieassociative.be\/actualites\/wp-content\/uploads\/2024\/11\/1731269968_Desespere-lAS-Eupen-perd-04-alors-quil-est-en-inferiorite.jpg","keywords":["Alors","D\u00e9sesp\u00e9r\u00e9","est","Eupen","inf\u00e9riorit\u00e9","lAS","num\u00e9rique","perd","quil"],"articleSection":["Belgique"],"inLanguage":"fr-BE"},{"@type":"WebPage","@id":"https:\/\/vieassociative.be\/actualites\/desespere-las-eupen-perd-04-alors-quil-est-en-inferiorite-numerique\/","url":"https:\/\/vieassociative.be\/actualites\/desespere-las-eupen-perd-04-alors-quil-est-en-inferiorite-numerique\/","name":"D\u00e9sesp\u00e9r\u00e9: l'AS Eupen perd 0:4 alors qu'il est en inf\u00e9riorit\u00e9 num\u00e9rique | Vie Associative","isPartOf":{"@id":"https:\/\/vieassociative.be\/actualites\/#website"},"primaryImageOfPage":{"@id":"https:\/\/vieassociative.be\/actualites\/desespere-las-eupen-perd-04-alors-quil-est-en-inferiorite-numerique\/#primaryimage"},"image":{"@id":"https:\/\/vieassociative.be\/actualites\/desespere-las-eupen-perd-04-alors-quil-est-en-inferiorite-numerique\/#primaryimage"},"thumbnailUrl":"https:\/\/vieassociative.be\/actualites\/wp-content\/uploads\/2024\/11\/1731269968_Desespere-lAS-Eupen-perd-04-alors-quil-est-en-inferiorite.jpg","datePublished":"2024-11-10T20:19:28+00:00","dateModified":"2024-11-10T20:19:28+00:00","breadcrumb":{"@id":"https:\/\/vieassociative.be\/actualites\/desespere-las-eupen-perd-04-alors-quil-est-en-inferiorite-numerique\/#breadcrumb"},"inLanguage":"fr-BE","potentialAction":[{"@type":"ReadAction","target":["https:\/\/vieassociative.be\/actualites\/desespere-las-eupen-perd-04-alors-quil-est-en-inferiorite-numerique\/"]}]},{"@type":"ImageObject","inLanguage":"fr-BE","@id":"https:\/\/vieassociative.be\/actualites\/desespere-las-eupen-perd-04-alors-quil-est-en-inferiorite-numerique\/#primaryimage","url":"https:\/\/vieassociative.be\/actualites\/wp-content\/uploads\/2024\/11\/1731269968_Desespere-lAS-Eupen-perd-04-alors-quil-est-en-inferiorite.jpg","contentUrl":"https:\/\/vieassociative.be\/actualites\/wp-content\/uploads\/2024\/11\/1731269968_Desespere-lAS-Eupen-perd-04-alors-quil-est-en-inferiorite.jpg","width":1200,"height":800,"caption":"D\u00e9sesp\u00e9r\u00e9: l'AS Eupen perd 0:4 alors qu'il est en inf\u00e9riorit\u00e9 num\u00e9rique"},{"@type":"BreadcrumbList","@id":"https:\/\/vieassociative.be\/actualites\/desespere-las-eupen-perd-04-alors-quil-est-en-inferiorite-numerique\/#breadcrumb","itemListElement":[{"@type":"ListItem","position":1,"name":"Accueil","item":"https:\/\/vieassociative.be\/actualites\/"},{"@type":"ListItem","position":2,"name":"D\u00e9sesp\u00e9r\u00e9: l&rsquo;AS Eupen perd 0:4 alors qu&rsquo;il est en inf\u00e9riorit\u00e9 num\u00e9rique"}]},{"@type":"WebSite","@id":"https:\/\/vieassociative.be\/actualites\/#website","url":"https:\/\/vieassociative.be\/actualites\/","name":"Vie Associative","description":"","publisher":{"@id":"https:\/\/vieassociative.be\/actualites\/#organization"},"potentialAction":[{"@type":"SearchAction","target":{"@type":"EntryPoint","urlTemplate":"https:\/\/vieassociative.be\/actualites\/?s={search_term_string}"},"query-input":{"@type":"PropertyValueSpecification","valueRequired":true,"valueName":"search_term_string"}}],"inLanguage":"fr-BE"},{"@type":"Organization","@id":"https:\/\/vieassociative.be\/actualites\/#organization","name":"Vie Associative","url":"https:\/\/vieassociative.be\/actualites\/","logo":{"@type":"ImageObject","inLanguage":"fr-BE","@id":"https:\/\/vieassociative.be\/actualites\/#\/schema\/logo\/image\/","url":"https:\/\/vieassociative.be\/actualites\/wp-content\/uploads\/2024\/09\/cropped-vieassociative_favicon.ico.png","contentUrl":"https:\/\/vieassociative.be\/actualites\/wp-content\/uploads\/2024\/09\/cropped-vieassociative_favicon.ico.png","width":512,"height":512,"caption":"Vie Associative"},"image":{"@id":"https:\/\/vieassociative.be\/actualites\/#\/schema\/logo\/image\/"}},{"@type":"Person","@id":"https:\/\/vieassociative.be\/actualites\/#\/schema\/person\/b87ac4f82f9d4e7b7cec7395b679edc4","name":"Julien","image":{"@type":"ImageObject","inLanguage":"fr-BE","@id":"https:\/\/vieassociative.be\/actualites\/#\/schema\/person\/image\/","url":"https:\/\/vieassociative.be\/actualites\/wp-content\/uploads\/2024\/09\/vie-associative-1-150x150.jpg","contentUrl":"https:\/\/vieassociative.be\/actualites\/wp-content\/uploads\/2024\/09\/vie-associative-1-150x150.jpg","caption":"Julien"},"description":"Je suis Julien, r\u00e9dacteur pour Vie Associative. Passionn\u00e9 par le monde associatif depuis plus de 10 ans, j'ai \u00e0 c\u0153ur de partager des histoires inspirantes et de mettre en lumi\u00e8re les initiatives locales. Mon objectif est de sensibiliser et d'encourager l'engagement communautaire \u00e0 travers mes articles.","sameAs":["https:\/\/vieassociative.be\/"]}]}},"_links":{"self":[{"href":"https:\/\/vieassociative.be\/actualites\/wp-json\/wp\/v2\/posts\/2271"}],"collection":[{"href":"https:\/\/vieassociative.be\/actualites\/wp-json\/wp\/v2\/posts"}],"about":[{"href":"https:\/\/vieassociative.be\/actualites\/wp-json\/wp\/v2\/types\/post"}],"author":[{"embeddable":true,"href":"https:\/\/vieassociative.be\/actualites\/wp-json\/wp\/v2\/users\/1"}],"replies":[{"embeddable":true,"href":"https:\/\/vieassociative.be\/actualites\/wp-json\/wp\/v2\/comments?post=2271"}],"version-history":[{"count":0,"href":"https:\/\/vieassociative.be\/actualites\/wp-json\/wp\/v2\/posts\/2271\/revisions"}],"wp:featuredmedia":[{"embeddable":true,"href":"https:\/\/vieassociative.be\/actualites\/wp-json\/wp\/v2\/media\/2272"}],"wp:attachment":[{"href":"https:\/\/vieassociative.be\/actualites\/wp-json\/wp\/v2\/media?parent=2271"}],"wp:term":[{"taxonomy":"category","embeddable":true,"href":"https:\/\/vieassociative.be\/actualites\/wp-json\/wp\/v2\/categories?post=2271"},{"taxonomy":"post_tag","embeddable":true,"href":"https:\/\/vieassociative.be\/actualites\/wp-json\/wp\/v2\/tags?post=2271"}],"curies":[{"name":"wp","href":"https:\/\/api.w.org\/{rel}","templated":true}]}}