{"id":2261,"date":"2024-11-10T15:17:05","date_gmt":"2024-11-10T14:17:05","guid":{"rendered":"https:\/\/vieassociative.be\/actualites\/le-cyclisme-belge-est-a-nouveau-en-deuil-le-talent-vedette-miel-dekien-18-ans-decede-dans-un-accident-de-voiture\/"},"modified":"2024-11-10T15:17:05","modified_gmt":"2024-11-10T14:17:05","slug":"le-cyclisme-belge-est-a-nouveau-en-deuil-le-talent-vedette-miel-dekien-18-ans-decede-dans-un-accident-de-voiture","status":"publish","type":"post","link":"https:\/\/vieassociative.be\/actualites\/le-cyclisme-belge-est-a-nouveau-en-deuil-le-talent-vedette-miel-dekien-18-ans-decede-dans-un-accident-de-voiture\/","title":{"rendered":"Le cyclisme belge est \u00e0 nouveau en deuil : le talent vedette Miel Dekien (18 ans) d\u00e9c\u00e8de dans un accident de voiture"},"content":{"rendered":"<p><strong>Un jeune cycliste de 18 ans perd la vie dans un accident de voiture. La communaut\u00e9 cycliste belge est en deuil.<\/strong><\/p>\n<p><span id=\"more-401442\"><\/span>La mort accidentelle du grand talent Miel Dekien a choqu\u00e9 le cyclisme belge. L&rsquo;association cycliste du pays a d\u00e9clar\u00e9 que le jeune coureur de 18 ans \u00e9tait d\u00e9c\u00e9d\u00e9 dans un accident de voiture. \u00ab\u00a0Tu resteras dans nos c\u0153urs pour toujours, Miel, nous ne t&rsquo;oublierons jamais et sommes reconnaissants pour les nombreux beaux moments que nous avons partag\u00e9s\u00a0\u00bb, a \u00e9crit son \u00e9quipe CQA Cycling sur Instagram.<\/p>\n<p>Selon les m\u00e9dias, un autre jeune de 18 ans est \u00e9galement d\u00e9c\u00e9d\u00e9 dans l&rsquo;accident pr\u00e8s de la ville de Dixmude. Dekien avait r\u00e9cemment attir\u00e9 l&rsquo;attention avec de bons r\u00e9sultats dans les courses de cross-country et devait rejoindre Basso Team Flanders l&rsquo;ann\u00e9e prochaine. (dpa)<\/p>\n","protected":false},"excerpt":{"rendered":"<p>Un jeune cycliste de 18 ans perd la vie dans un accident de voiture. La communaut\u00e9 cycliste belge est en deuil. La mort accidentelle du<\/p>\n","protected":false},"author":1,"featured_media":2262,"comment_status":"","ping_status":"","sticky":false,"template":"","format":"standard","meta":{"footnotes":""},"categories":[298],"tags":[3013,584,410,3010,166,1223,3012,1712,76,1161,553,3011,1392,1229],"class_list":["post-2261","post","type-post","status-publish","format-standard","has-post-thumbnail","hentry","category-belgique","tag-accident","tag-ans","tag-belge","tag-cyclisme","tag-dans","tag-decede","tag-dekien","tag-deuil","tag-est","tag-miel","tag-nouveau","tag-talent","tag-vedette","tag-voiture","generate-columns","tablet-grid-50","mobile-grid-100","grid-parent","grid-33"],"yoast_head":"<!-- This site is optimized with the Yoast SEO plugin v24.0 - https:\/\/yoast.com\/wordpress\/plugins\/seo\/ -->\n<title>Le cyclisme belge est \u00e0 nouveau en deuil : le talent vedette Miel Dekien (18 ans) d\u00e9c\u00e8de dans un accident de voiture | Vie Associative<\/title>\n<meta name=\"robots\" content=\"index, follow, max-snippet:-1, max-image-preview:large, max-video-preview:-1\" \/>\n<link rel=\"canonical\" href=\"https:\/\/vieassociative.be\/actualites\/le-cyclisme-belge-est-a-nouveau-en-deuil-le-talent-vedette-miel-dekien-18-ans-decede-dans-un-accident-de-voiture\/\" \/>\n<meta property=\"og:locale\" content=\"fr_FR\" \/>\n<meta property=\"og:type\" content=\"article\" \/>\n<meta property=\"og:title\" content=\"Le cyclisme belge est \u00e0 nouveau en deuil : le talent vedette Miel Dekien (18 ans) d\u00e9c\u00e8de dans un accident de voiture | Vie Associative\" \/>\n<meta property=\"og:description\" content=\"Un jeune cycliste de 18 ans perd la vie dans un accident de voiture. La communaut\u00e9 cycliste belge est en deuil. La mort accidentelle du\" \/>\n<meta property=\"og:url\" content=\"https:\/\/vieassociative.be\/actualites\/le-cyclisme-belge-est-a-nouveau-en-deuil-le-talent-vedette-miel-dekien-18-ans-decede-dans-un-accident-de-voiture\/\" \/>\n<meta property=\"og:site_name\" content=\"Vie Associative\" \/>\n<meta property=\"article:published_time\" content=\"2024-11-10T14:17:05+00:00\" \/>\n<meta property=\"og:image\" content=\"https:\/\/vieassociative.be\/actualites\/wp-content\/uploads\/2024\/09\/header_backgroundk-01-e1726694325946.png\" \/>\n\t<meta property=\"og:image:width\" content=\"279\" \/>\n\t<meta property=\"og:image:height\" content=\"92\" \/>\n\t<meta property=\"og:image:type\" content=\"image\/png\" \/>\n<meta name=\"author\" content=\"Julien\" \/>\n<meta name=\"twitter:card\" content=\"summary_large_image\" \/>\n<meta name=\"twitter:label1\" content=\"\u00c9crit par\" \/>\n\t<meta name=\"twitter:data1\" content=\"Julien\" \/>\n\t<meta name=\"twitter:label2\" content=\"Dur\u00e9e de lecture est.\" \/>\n\t<meta name=\"twitter:data2\" content=\"1 minute\" \/>\n<script type=\"application\/ld+json\" class=\"yoast-schema-graph\">{\"@context\":\"https:\/\/schema.org\",\"@graph\":[{\"@type\":\"Article\",\"@id\":\"https:\/\/vieassociative.be\/actualites\/le-cyclisme-belge-est-a-nouveau-en-deuil-le-talent-vedette-miel-dekien-18-ans-decede-dans-un-accident-de-voiture\/#article\",\"isPartOf\":{\"@id\":\"https:\/\/vieassociative.be\/actualites\/le-cyclisme-belge-est-a-nouveau-en-deuil-le-talent-vedette-miel-dekien-18-ans-decede-dans-un-accident-de-voiture\/\"},\"author\":{\"name\":\"Julien\",\"@id\":\"https:\/\/vieassociative.be\/actualites\/#\/schema\/person\/b87ac4f82f9d4e7b7cec7395b679edc4\"},\"headline\":\"Le cyclisme belge est \u00e0 nouveau en deuil : le talent vedette Miel Dekien (18 ans) d\u00e9c\u00e8de dans un accident de voiture\",\"datePublished\":\"2024-11-10T14:17:05+00:00\",\"dateModified\":\"2024-11-10T14:17:05+00:00\",\"mainEntityOfPage\":{\"@id\":\"https:\/\/vieassociative.be\/actualites\/le-cyclisme-belge-est-a-nouveau-en-deuil-le-talent-vedette-miel-dekien-18-ans-decede-dans-un-accident-de-voiture\/\"},\"wordCount\":164,\"publisher\":{\"@id\":\"https:\/\/vieassociative.be\/actualites\/#organization\"},\"image\":{\"@id\":\"https:\/\/vieassociative.be\/actualites\/le-cyclisme-belge-est-a-nouveau-en-deuil-le-talent-vedette-miel-dekien-18-ans-decede-dans-un-accident-de-voiture\/#primaryimage\"},\"thumbnailUrl\":\"https:\/\/vieassociative.be\/actualites\/wp-content\/uploads\/2024\/11\/Le-cyclisme-belge-est-a-nouveau-en-deuil-le.jpg\",\"keywords\":[\"accident\",\"ans\",\"belge\",\"cyclisme\",\"dans\",\"d\u00e9c\u00e9d\u00e9\",\"Dekien\",\"deuil\",\"est\",\"miel\",\"nouveau\",\"talent\",\"vedette\",\"voiture\"],\"articleSection\":[\"Belgique\"],\"inLanguage\":\"fr-BE\"},{\"@type\":\"WebPage\",\"@id\":\"https:\/\/vieassociative.be\/actualites\/le-cyclisme-belge-est-a-nouveau-en-deuil-le-talent-vedette-miel-dekien-18-ans-decede-dans-un-accident-de-voiture\/\",\"url\":\"https:\/\/vieassociative.be\/actualites\/le-cyclisme-belge-est-a-nouveau-en-deuil-le-talent-vedette-miel-dekien-18-ans-decede-dans-un-accident-de-voiture\/\",\"name\":\"Le cyclisme belge est \u00e0 nouveau en deuil : le talent vedette Miel Dekien (18 ans) d\u00e9c\u00e8de dans un accident de voiture | Vie Associative\",\"isPartOf\":{\"@id\":\"https:\/\/vieassociative.be\/actualites\/#website\"},\"primaryImageOfPage\":{\"@id\":\"https:\/\/vieassociative.be\/actualites\/le-cyclisme-belge-est-a-nouveau-en-deuil-le-talent-vedette-miel-dekien-18-ans-decede-dans-un-accident-de-voiture\/#primaryimage\"},\"image\":{\"@id\":\"https:\/\/vieassociative.be\/actualites\/le-cyclisme-belge-est-a-nouveau-en-deuil-le-talent-vedette-miel-dekien-18-ans-decede-dans-un-accident-de-voiture\/#primaryimage\"},\"thumbnailUrl\":\"https:\/\/vieassociative.be\/actualites\/wp-content\/uploads\/2024\/11\/Le-cyclisme-belge-est-a-nouveau-en-deuil-le.jpg\",\"datePublished\":\"2024-11-10T14:17:05+00:00\",\"dateModified\":\"2024-11-10T14:17:05+00:00\",\"breadcrumb\":{\"@id\":\"https:\/\/vieassociative.be\/actualites\/le-cyclisme-belge-est-a-nouveau-en-deuil-le-talent-vedette-miel-dekien-18-ans-decede-dans-un-accident-de-voiture\/#breadcrumb\"},\"inLanguage\":\"fr-BE\",\"potentialAction\":[{\"@type\":\"ReadAction\",\"target\":[\"https:\/\/vieassociative.be\/actualites\/le-cyclisme-belge-est-a-nouveau-en-deuil-le-talent-vedette-miel-dekien-18-ans-decede-dans-un-accident-de-voiture\/\"]}]},{\"@type\":\"ImageObject\",\"inLanguage\":\"fr-BE\",\"@id\":\"https:\/\/vieassociative.be\/actualites\/le-cyclisme-belge-est-a-nouveau-en-deuil-le-talent-vedette-miel-dekien-18-ans-decede-dans-un-accident-de-voiture\/#primaryimage\",\"url\":\"https:\/\/vieassociative.be\/actualites\/wp-content\/uploads\/2024\/11\/Le-cyclisme-belge-est-a-nouveau-en-deuil-le.jpg\",\"contentUrl\":\"https:\/\/vieassociative.be\/actualites\/wp-content\/uploads\/2024\/11\/Le-cyclisme-belge-est-a-nouveau-en-deuil-le.jpg\",\"width\":1200,\"height\":800,\"caption\":\"Le cyclisme belge est \u00e0 nouveau en deuil : le talent vedette Miel Dekien (18 ans) d\u00e9c\u00e8de dans un accident de voiture\"},{\"@type\":\"BreadcrumbList\",\"@id\":\"https:\/\/vieassociative.be\/actualites\/le-cyclisme-belge-est-a-nouveau-en-deuil-le-talent-vedette-miel-dekien-18-ans-decede-dans-un-accident-de-voiture\/#breadcrumb\",\"itemListElement\":[{\"@type\":\"ListItem\",\"position\":1,\"name\":\"Accueil\",\"item\":\"https:\/\/vieassociative.be\/actualites\/\"},{\"@type\":\"ListItem\",\"position\":2,\"name\":\"Le cyclisme belge est \u00e0 nouveau en deuil : le talent vedette Miel Dekien (18 ans) d\u00e9c\u00e8de dans un accident de voiture\"}]},{\"@type\":\"WebSite\",\"@id\":\"https:\/\/vieassociative.be\/actualites\/#website\",\"url\":\"https:\/\/vieassociative.be\/actualites\/\",\"name\":\"Vie Associative\",\"description\":\"\",\"publisher\":{\"@id\":\"https:\/\/vieassociative.be\/actualites\/#organization\"},\"potentialAction\":[{\"@type\":\"SearchAction\",\"target\":{\"@type\":\"EntryPoint\",\"urlTemplate\":\"https:\/\/vieassociative.be\/actualites\/?s={search_term_string}\"},\"query-input\":{\"@type\":\"PropertyValueSpecification\",\"valueRequired\":true,\"valueName\":\"search_term_string\"}}],\"inLanguage\":\"fr-BE\"},{\"@type\":\"Organization\",\"@id\":\"https:\/\/vieassociative.be\/actualites\/#organization\",\"name\":\"Vie Associative\",\"url\":\"https:\/\/vieassociative.be\/actualites\/\",\"logo\":{\"@type\":\"ImageObject\",\"inLanguage\":\"fr-BE\",\"@id\":\"https:\/\/vieassociative.be\/actualites\/#\/schema\/logo\/image\/\",\"url\":\"https:\/\/vieassociative.be\/actualites\/wp-content\/uploads\/2024\/09\/cropped-vieassociative_favicon.ico.png\",\"contentUrl\":\"https:\/\/vieassociative.be\/actualites\/wp-content\/uploads\/2024\/09\/cropped-vieassociative_favicon.ico.png\",\"width\":512,\"height\":512,\"caption\":\"Vie Associative\"},\"image\":{\"@id\":\"https:\/\/vieassociative.be\/actualites\/#\/schema\/logo\/image\/\"}},{\"@type\":\"Person\",\"@id\":\"https:\/\/vieassociative.be\/actualites\/#\/schema\/person\/b87ac4f82f9d4e7b7cec7395b679edc4\",\"name\":\"Julien\",\"image\":{\"@type\":\"ImageObject\",\"inLanguage\":\"fr-BE\",\"@id\":\"https:\/\/vieassociative.be\/actualites\/#\/schema\/person\/image\/\",\"url\":\"https:\/\/vieassociative.be\/actualites\/wp-content\/uploads\/2024\/09\/vie-associative-1-150x150.jpg\",\"contentUrl\":\"https:\/\/vieassociative.be\/actualites\/wp-content\/uploads\/2024\/09\/vie-associative-1-150x150.jpg\",\"caption\":\"Julien\"},\"description\":\"Je suis Julien, r\u00e9dacteur pour Vie Associative. Passionn\u00e9 par le monde associatif depuis plus de 10 ans, j'ai \u00e0 c\u0153ur de partager des histoires inspirantes et de mettre en lumi\u00e8re les initiatives locales. Mon objectif est de sensibiliser et d'encourager l'engagement communautaire \u00e0 travers mes articles.\",\"sameAs\":[\"https:\/\/vieassociative.be\/\"]}]}<\/script>\n<!-- \/ Yoast SEO plugin. -->","yoast_head_json":{"title":"Le cyclisme belge est \u00e0 nouveau en deuil : le talent vedette Miel Dekien (18 ans) d\u00e9c\u00e8de dans un accident de voiture | Vie Associative","robots":{"index":"index","follow":"follow","max-snippet":"max-snippet:-1","max-image-preview":"max-image-preview:large","max-video-preview":"max-video-preview:-1"},"canonical":"https:\/\/vieassociative.be\/actualites\/le-cyclisme-belge-est-a-nouveau-en-deuil-le-talent-vedette-miel-dekien-18-ans-decede-dans-un-accident-de-voiture\/","og_locale":"fr_FR","og_type":"article","og_title":"Le cyclisme belge est \u00e0 nouveau en deuil : le talent vedette Miel Dekien (18 ans) d\u00e9c\u00e8de dans un accident de voiture | Vie Associative","og_description":"Un jeune cycliste de 18 ans perd la vie dans un accident de voiture. La communaut\u00e9 cycliste belge est en deuil. La mort accidentelle du","og_url":"https:\/\/vieassociative.be\/actualites\/le-cyclisme-belge-est-a-nouveau-en-deuil-le-talent-vedette-miel-dekien-18-ans-decede-dans-un-accident-de-voiture\/","og_site_name":"Vie Associative","article_published_time":"2024-11-10T14:17:05+00:00","og_image":[{"width":279,"height":92,"url":"https:\/\/vieassociative.be\/actualites\/wp-content\/uploads\/2024\/09\/header_backgroundk-01-e1726694325946.png","type":"image\/png"}],"author":"Julien","twitter_card":"summary_large_image","twitter_misc":{"\u00c9crit par":"Julien","Dur\u00e9e de lecture est.":"1 minute"},"schema":{"@context":"https:\/\/schema.org","@graph":[{"@type":"Article","@id":"https:\/\/vieassociative.be\/actualites\/le-cyclisme-belge-est-a-nouveau-en-deuil-le-talent-vedette-miel-dekien-18-ans-decede-dans-un-accident-de-voiture\/#article","isPartOf":{"@id":"https:\/\/vieassociative.be\/actualites\/le-cyclisme-belge-est-a-nouveau-en-deuil-le-talent-vedette-miel-dekien-18-ans-decede-dans-un-accident-de-voiture\/"},"author":{"name":"Julien","@id":"https:\/\/vieassociative.be\/actualites\/#\/schema\/person\/b87ac4f82f9d4e7b7cec7395b679edc4"},"headline":"Le cyclisme belge est \u00e0 nouveau en deuil : le talent vedette Miel Dekien (18 ans) d\u00e9c\u00e8de dans un accident de voiture","datePublished":"2024-11-10T14:17:05+00:00","dateModified":"2024-11-10T14:17:05+00:00","mainEntityOfPage":{"@id":"https:\/\/vieassociative.be\/actualites\/le-cyclisme-belge-est-a-nouveau-en-deuil-le-talent-vedette-miel-dekien-18-ans-decede-dans-un-accident-de-voiture\/"},"wordCount":164,"publisher":{"@id":"https:\/\/vieassociative.be\/actualites\/#organization"},"image":{"@id":"https:\/\/vieassociative.be\/actualites\/le-cyclisme-belge-est-a-nouveau-en-deuil-le-talent-vedette-miel-dekien-18-ans-decede-dans-un-accident-de-voiture\/#primaryimage"},"thumbnailUrl":"https:\/\/vieassociative.be\/actualites\/wp-content\/uploads\/2024\/11\/Le-cyclisme-belge-est-a-nouveau-en-deuil-le.jpg","keywords":["accident","ans","belge","cyclisme","dans","d\u00e9c\u00e9d\u00e9","Dekien","deuil","est","miel","nouveau","talent","vedette","voiture"],"articleSection":["Belgique"],"inLanguage":"fr-BE"},{"@type":"WebPage","@id":"https:\/\/vieassociative.be\/actualites\/le-cyclisme-belge-est-a-nouveau-en-deuil-le-talent-vedette-miel-dekien-18-ans-decede-dans-un-accident-de-voiture\/","url":"https:\/\/vieassociative.be\/actualites\/le-cyclisme-belge-est-a-nouveau-en-deuil-le-talent-vedette-miel-dekien-18-ans-decede-dans-un-accident-de-voiture\/","name":"Le cyclisme belge est \u00e0 nouveau en deuil : le talent vedette Miel Dekien (18 ans) d\u00e9c\u00e8de dans un accident de voiture | Vie Associative","isPartOf":{"@id":"https:\/\/vieassociative.be\/actualites\/#website"},"primaryImageOfPage":{"@id":"https:\/\/vieassociative.be\/actualites\/le-cyclisme-belge-est-a-nouveau-en-deuil-le-talent-vedette-miel-dekien-18-ans-decede-dans-un-accident-de-voiture\/#primaryimage"},"image":{"@id":"https:\/\/vieassociative.be\/actualites\/le-cyclisme-belge-est-a-nouveau-en-deuil-le-talent-vedette-miel-dekien-18-ans-decede-dans-un-accident-de-voiture\/#primaryimage"},"thumbnailUrl":"https:\/\/vieassociative.be\/actualites\/wp-content\/uploads\/2024\/11\/Le-cyclisme-belge-est-a-nouveau-en-deuil-le.jpg","datePublished":"2024-11-10T14:17:05+00:00","dateModified":"2024-11-10T14:17:05+00:00","breadcrumb":{"@id":"https:\/\/vieassociative.be\/actualites\/le-cyclisme-belge-est-a-nouveau-en-deuil-le-talent-vedette-miel-dekien-18-ans-decede-dans-un-accident-de-voiture\/#breadcrumb"},"inLanguage":"fr-BE","potentialAction":[{"@type":"ReadAction","target":["https:\/\/vieassociative.be\/actualites\/le-cyclisme-belge-est-a-nouveau-en-deuil-le-talent-vedette-miel-dekien-18-ans-decede-dans-un-accident-de-voiture\/"]}]},{"@type":"ImageObject","inLanguage":"fr-BE","@id":"https:\/\/vieassociative.be\/actualites\/le-cyclisme-belge-est-a-nouveau-en-deuil-le-talent-vedette-miel-dekien-18-ans-decede-dans-un-accident-de-voiture\/#primaryimage","url":"https:\/\/vieassociative.be\/actualites\/wp-content\/uploads\/2024\/11\/Le-cyclisme-belge-est-a-nouveau-en-deuil-le.jpg","contentUrl":"https:\/\/vieassociative.be\/actualites\/wp-content\/uploads\/2024\/11\/Le-cyclisme-belge-est-a-nouveau-en-deuil-le.jpg","width":1200,"height":800,"caption":"Le cyclisme belge est \u00e0 nouveau en deuil : le talent vedette Miel Dekien (18 ans) d\u00e9c\u00e8de dans un accident de voiture"},{"@type":"BreadcrumbList","@id":"https:\/\/vieassociative.be\/actualites\/le-cyclisme-belge-est-a-nouveau-en-deuil-le-talent-vedette-miel-dekien-18-ans-decede-dans-un-accident-de-voiture\/#breadcrumb","itemListElement":[{"@type":"ListItem","position":1,"name":"Accueil","item":"https:\/\/vieassociative.be\/actualites\/"},{"@type":"ListItem","position":2,"name":"Le cyclisme belge est \u00e0 nouveau en deuil : le talent vedette Miel Dekien (18 ans) d\u00e9c\u00e8de dans un accident de voiture"}]},{"@type":"WebSite","@id":"https:\/\/vieassociative.be\/actualites\/#website","url":"https:\/\/vieassociative.be\/actualites\/","name":"Vie Associative","description":"","publisher":{"@id":"https:\/\/vieassociative.be\/actualites\/#organization"},"potentialAction":[{"@type":"SearchAction","target":{"@type":"EntryPoint","urlTemplate":"https:\/\/vieassociative.be\/actualites\/?s={search_term_string}"},"query-input":{"@type":"PropertyValueSpecification","valueRequired":true,"valueName":"search_term_string"}}],"inLanguage":"fr-BE"},{"@type":"Organization","@id":"https:\/\/vieassociative.be\/actualites\/#organization","name":"Vie Associative","url":"https:\/\/vieassociative.be\/actualites\/","logo":{"@type":"ImageObject","inLanguage":"fr-BE","@id":"https:\/\/vieassociative.be\/actualites\/#\/schema\/logo\/image\/","url":"https:\/\/vieassociative.be\/actualites\/wp-content\/uploads\/2024\/09\/cropped-vieassociative_favicon.ico.png","contentUrl":"https:\/\/vieassociative.be\/actualites\/wp-content\/uploads\/2024\/09\/cropped-vieassociative_favicon.ico.png","width":512,"height":512,"caption":"Vie Associative"},"image":{"@id":"https:\/\/vieassociative.be\/actualites\/#\/schema\/logo\/image\/"}},{"@type":"Person","@id":"https:\/\/vieassociative.be\/actualites\/#\/schema\/person\/b87ac4f82f9d4e7b7cec7395b679edc4","name":"Julien","image":{"@type":"ImageObject","inLanguage":"fr-BE","@id":"https:\/\/vieassociative.be\/actualites\/#\/schema\/person\/image\/","url":"https:\/\/vieassociative.be\/actualites\/wp-content\/uploads\/2024\/09\/vie-associative-1-150x150.jpg","contentUrl":"https:\/\/vieassociative.be\/actualites\/wp-content\/uploads\/2024\/09\/vie-associative-1-150x150.jpg","caption":"Julien"},"description":"Je suis Julien, r\u00e9dacteur pour Vie Associative. Passionn\u00e9 par le monde associatif depuis plus de 10 ans, j'ai \u00e0 c\u0153ur de partager des histoires inspirantes et de mettre en lumi\u00e8re les initiatives locales. Mon objectif est de sensibiliser et d'encourager l'engagement communautaire \u00e0 travers mes articles.","sameAs":["https:\/\/vieassociative.be\/"]}]}},"_links":{"self":[{"href":"https:\/\/vieassociative.be\/actualites\/wp-json\/wp\/v2\/posts\/2261"}],"collection":[{"href":"https:\/\/vieassociative.be\/actualites\/wp-json\/wp\/v2\/posts"}],"about":[{"href":"https:\/\/vieassociative.be\/actualites\/wp-json\/wp\/v2\/types\/post"}],"author":[{"embeddable":true,"href":"https:\/\/vieassociative.be\/actualites\/wp-json\/wp\/v2\/users\/1"}],"replies":[{"embeddable":true,"href":"https:\/\/vieassociative.be\/actualites\/wp-json\/wp\/v2\/comments?post=2261"}],"version-history":[{"count":0,"href":"https:\/\/vieassociative.be\/actualites\/wp-json\/wp\/v2\/posts\/2261\/revisions"}],"wp:featuredmedia":[{"embeddable":true,"href":"https:\/\/vieassociative.be\/actualites\/wp-json\/wp\/v2\/media\/2262"}],"wp:attachment":[{"href":"https:\/\/vieassociative.be\/actualites\/wp-json\/wp\/v2\/media?parent=2261"}],"wp:term":[{"taxonomy":"category","embeddable":true,"href":"https:\/\/vieassociative.be\/actualites\/wp-json\/wp\/v2\/categories?post=2261"},{"taxonomy":"post_tag","embeddable":true,"href":"https:\/\/vieassociative.be\/actualites\/wp-json\/wp\/v2\/tags?post=2261"}],"curies":[{"name":"wp","href":"https:\/\/api.w.org\/{rel}","templated":true}]}}