{"id":2259,"date":"2024-11-10T14:22:19","date_gmt":"2024-11-10T13:22:19","guid":{"rendered":"https:\/\/vieassociative.be\/actualites\/mon-offre-amazon-preferee-du-jour-le-macbook-air-m2-avec-ram-amelioree\/"},"modified":"2024-11-10T14:22:19","modified_gmt":"2024-11-10T13:22:19","slug":"mon-offre-amazon-preferee-du-jour-le-macbook-air-m2-avec-ram-amelioree","status":"publish","type":"post","link":"https:\/\/vieassociative.be\/actualites\/mon-offre-amazon-preferee-du-jour-le-macbook-air-m2-avec-ram-amelioree\/","title":{"rendered":"Mon offre Amazon pr\u00e9f\u00e9r\u00e9e du jour\u00a0: le MacBook Air M2 (avec RAM am\u00e9lior\u00e9e)"},"content":{"rendered":"<div class=\"mt-4 leading-6 md:mb-8\">Obtenez le double de la RAM pour seulement 50 $ de plus.<\/div>\n<p><\/p>\n<p>Les ordinateurs portables d&rsquo;Apple ont tendance \u00e0 r\u00e9sister \u00e0 l&rsquo;\u00e9preuve du temps, d&rsquo;autant plus qu&rsquo;ils sont pass\u00e9s \u00e0 leurs puces de la gamme M, comme l&rsquo;explique Jake Peterson, r\u00e9dacteur technique principal de Vie Associative, dans son article sur la fa\u00e7on dont les puces Apple M1 et M2 fonctionnent, des ann\u00e9es apr\u00e8s leur cr\u00e9ation. introduit. <\/p>\n<p>Le MacBook Air M2 de 13,6 pouces en particulier est une machine puissante qui r\u00e9pondra aux besoins de la plupart des utilisateurs occasionnels, notamment avec une mise \u00e0 niveau vers 16 Go de RAM (pour citer encore Jake, il pourrait \u00eatre \u00ab le dernier ordinateur portable que vous aurez jamais eu \u00bb). acheter. \u00bb) Et \u00e0 l\u2019heure actuelle, ce mod\u00e8le de 16 Go est \u00e0 son prix le plus bas \u00e0 ce jour, selon les outils de v\u00e9rification des prix\u00a0: <strong>799\u00a0$<\/strong> (\u00e0 l&rsquo;origine 999 $) sur Amazon. <\/p>\n<p>Les quatre couleurs (Space Grey, Midnight, Silver et Starlight) b\u00e9n\u00e9ficient d&rsquo;une r\u00e9duction, ce qui en fait un choix facile pour mon offre Amazon pr\u00e9f\u00e9r\u00e9e d&rsquo;aujourd&rsquo;hui.<\/p>\n<p>Le MacBook Air M2 de 8 Go est tomb\u00e9 \u00e0 999 $ en avril, peu de temps apr\u00e8s la sortie des nouveaux ordinateurs portables M3. C&rsquo;\u00e9tait un excellent rapport qualit\u00e9\/prix \u00e0 ce prix. Ensuite, le Prime Day d&rsquo;octobre a apport\u00e9 une autre remise importante, ramenant la machine \u00e0 749 $, o\u00f9 elle tra\u00eene toujours \u00e0 l&rsquo;approche du Black Friday. Pendant tout ce temps, cependant, la version 16 Go n\u2019a b\u00e9n\u00e9fici\u00e9 d\u2019aucune remise significative. C\u2019est d\u00e9sormais le cas.<\/p>\n<p>Aussi impressionnant que puisse para\u00eetre le prix du M2 de 8 Go, payer seulement 50 $ de plus pour le double de la RAM est une valeur exceptionnelle. (Si vous poss\u00e9dez d\u00e9j\u00e0 un M1, voici la diff\u00e9rence entre le M1 et le M2, pour vous aider \u00e0 d\u00e9cider si la mise \u00e0 niveau en vaut la peine pour vous. Si vous comparez le M2 et le M3, vous pouvez voir notre r\u00e9partition compl\u00e8te ici. )<\/p>\n","protected":false},"excerpt":{"rendered":"<p>Obtenez le double de la RAM pour seulement 50 $ de plus. Les ordinateurs portables d&rsquo;Apple ont tendance \u00e0 r\u00e9sister \u00e0 l&rsquo;\u00e9preuve du temps, d&rsquo;autant<\/p>\n","protected":false},"author":1,"featured_media":2260,"comment_status":"","ping_status":"","sticky":false,"template":"","format":"standard","meta":{"footnotes":""},"categories":[13],"tags":[1327,51,3009,61,53,686,49,50,52,3008],"class_list":["post-2259","post","type-post","status-publish","format-standard","has-post-thumbnail","hentry","category-technologie","tag-air","tag-amazon","tag-amelioree","tag-avec","tag-jour","tag-macbook","tag-mon","tag-offre","tag-preferee","tag-ram","generate-columns","tablet-grid-50","mobile-grid-100","grid-parent","grid-33"],"yoast_head":"<!-- This site is optimized with the Yoast SEO plugin v24.0 - https:\/\/yoast.com\/wordpress\/plugins\/seo\/ -->\n<title>Mon offre Amazon pr\u00e9f\u00e9r\u00e9e du jour\u00a0: le MacBook Air M2 (avec RAM am\u00e9lior\u00e9e) | Vie Associative<\/title>\n<meta name=\"robots\" content=\"index, follow, max-snippet:-1, max-image-preview:large, max-video-preview:-1\" \/>\n<link rel=\"canonical\" href=\"https:\/\/vieassociative.be\/actualites\/mon-offre-amazon-preferee-du-jour-le-macbook-air-m2-avec-ram-amelioree\/\" \/>\n<meta property=\"og:locale\" content=\"fr_FR\" \/>\n<meta property=\"og:type\" content=\"article\" \/>\n<meta property=\"og:title\" content=\"Mon offre Amazon pr\u00e9f\u00e9r\u00e9e du jour\u00a0: le MacBook Air M2 (avec RAM am\u00e9lior\u00e9e) | Vie Associative\" \/>\n<meta property=\"og:description\" content=\"Obtenez le double de la RAM pour seulement 50 $ de plus. Les ordinateurs portables d&rsquo;Apple ont tendance \u00e0 r\u00e9sister \u00e0 l&rsquo;\u00e9preuve du temps, d&rsquo;autant\" \/>\n<meta property=\"og:url\" content=\"https:\/\/vieassociative.be\/actualites\/mon-offre-amazon-preferee-du-jour-le-macbook-air-m2-avec-ram-amelioree\/\" \/>\n<meta property=\"og:site_name\" content=\"Vie Associative\" \/>\n<meta property=\"article:published_time\" content=\"2024-11-10T13:22:19+00:00\" \/>\n<meta property=\"og:image\" content=\"https:\/\/vieassociative.be\/actualites\/wp-content\/uploads\/2024\/09\/header_backgroundk-01-e1726694325946.png\" \/>\n\t<meta property=\"og:image:width\" content=\"279\" \/>\n\t<meta property=\"og:image:height\" content=\"92\" \/>\n\t<meta property=\"og:image:type\" content=\"image\/png\" \/>\n<meta name=\"author\" content=\"Julien\" \/>\n<meta name=\"twitter:card\" content=\"summary_large_image\" \/>\n<meta name=\"twitter:label1\" content=\"\u00c9crit par\" \/>\n\t<meta name=\"twitter:data1\" content=\"Julien\" \/>\n\t<meta name=\"twitter:label2\" content=\"Dur\u00e9e de lecture est.\" \/>\n\t<meta name=\"twitter:data2\" content=\"2 minutes\" \/>\n<script type=\"application\/ld+json\" class=\"yoast-schema-graph\">{\"@context\":\"https:\/\/schema.org\",\"@graph\":[{\"@type\":\"Article\",\"@id\":\"https:\/\/vieassociative.be\/actualites\/mon-offre-amazon-preferee-du-jour-le-macbook-air-m2-avec-ram-amelioree\/#article\",\"isPartOf\":{\"@id\":\"https:\/\/vieassociative.be\/actualites\/mon-offre-amazon-preferee-du-jour-le-macbook-air-m2-avec-ram-amelioree\/\"},\"author\":{\"name\":\"Julien\",\"@id\":\"https:\/\/vieassociative.be\/actualites\/#\/schema\/person\/b87ac4f82f9d4e7b7cec7395b679edc4\"},\"headline\":\"Mon offre Amazon pr\u00e9f\u00e9r\u00e9e du jour\u00a0: le MacBook Air M2 (avec RAM am\u00e9lior\u00e9e)\",\"datePublished\":\"2024-11-10T13:22:19+00:00\",\"dateModified\":\"2024-11-10T13:22:19+00:00\",\"mainEntityOfPage\":{\"@id\":\"https:\/\/vieassociative.be\/actualites\/mon-offre-amazon-preferee-du-jour-le-macbook-air-m2-avec-ram-amelioree\/\"},\"wordCount\":358,\"publisher\":{\"@id\":\"https:\/\/vieassociative.be\/actualites\/#organization\"},\"image\":{\"@id\":\"https:\/\/vieassociative.be\/actualites\/mon-offre-amazon-preferee-du-jour-le-macbook-air-m2-avec-ram-amelioree\/#primaryimage\"},\"thumbnailUrl\":\"https:\/\/vieassociative.be\/actualites\/wp-content\/uploads\/2024\/11\/Mon-offre-Amazon-preferee-du-jour-le-MacBook-Air-M2.png\",\"keywords\":[\"air\",\"Amazon\",\"am\u00e9lior\u00e9e\",\"avec\",\"jour\",\"MacBook\",\"Mon\",\"offre\",\"pr\u00e9f\u00e9r\u00e9e\",\"RAM\"],\"articleSection\":[\"Technologie\"],\"inLanguage\":\"fr-BE\"},{\"@type\":\"WebPage\",\"@id\":\"https:\/\/vieassociative.be\/actualites\/mon-offre-amazon-preferee-du-jour-le-macbook-air-m2-avec-ram-amelioree\/\",\"url\":\"https:\/\/vieassociative.be\/actualites\/mon-offre-amazon-preferee-du-jour-le-macbook-air-m2-avec-ram-amelioree\/\",\"name\":\"Mon offre Amazon pr\u00e9f\u00e9r\u00e9e du jour\u00a0: le MacBook Air M2 (avec RAM am\u00e9lior\u00e9e) | Vie Associative\",\"isPartOf\":{\"@id\":\"https:\/\/vieassociative.be\/actualites\/#website\"},\"primaryImageOfPage\":{\"@id\":\"https:\/\/vieassociative.be\/actualites\/mon-offre-amazon-preferee-du-jour-le-macbook-air-m2-avec-ram-amelioree\/#primaryimage\"},\"image\":{\"@id\":\"https:\/\/vieassociative.be\/actualites\/mon-offre-amazon-preferee-du-jour-le-macbook-air-m2-avec-ram-amelioree\/#primaryimage\"},\"thumbnailUrl\":\"https:\/\/vieassociative.be\/actualites\/wp-content\/uploads\/2024\/11\/Mon-offre-Amazon-preferee-du-jour-le-MacBook-Air-M2.png\",\"datePublished\":\"2024-11-10T13:22:19+00:00\",\"dateModified\":\"2024-11-10T13:22:19+00:00\",\"breadcrumb\":{\"@id\":\"https:\/\/vieassociative.be\/actualites\/mon-offre-amazon-preferee-du-jour-le-macbook-air-m2-avec-ram-amelioree\/#breadcrumb\"},\"inLanguage\":\"fr-BE\",\"potentialAction\":[{\"@type\":\"ReadAction\",\"target\":[\"https:\/\/vieassociative.be\/actualites\/mon-offre-amazon-preferee-du-jour-le-macbook-air-m2-avec-ram-amelioree\/\"]}]},{\"@type\":\"ImageObject\",\"inLanguage\":\"fr-BE\",\"@id\":\"https:\/\/vieassociative.be\/actualites\/mon-offre-amazon-preferee-du-jour-le-macbook-air-m2-avec-ram-amelioree\/#primaryimage\",\"url\":\"https:\/\/vieassociative.be\/actualites\/wp-content\/uploads\/2024\/11\/Mon-offre-Amazon-preferee-du-jour-le-MacBook-Air-M2.png\",\"contentUrl\":\"https:\/\/vieassociative.be\/actualites\/wp-content\/uploads\/2024\/11\/Mon-offre-Amazon-preferee-du-jour-le-MacBook-Air-M2.png\",\"width\":1200,\"height\":675,\"caption\":\"Mon offre Amazon pr\u00e9f\u00e9r\u00e9e du jour\u00a0: le MacBook Air M2 (avec RAM am\u00e9lior\u00e9e)\"},{\"@type\":\"BreadcrumbList\",\"@id\":\"https:\/\/vieassociative.be\/actualites\/mon-offre-amazon-preferee-du-jour-le-macbook-air-m2-avec-ram-amelioree\/#breadcrumb\",\"itemListElement\":[{\"@type\":\"ListItem\",\"position\":1,\"name\":\"Accueil\",\"item\":\"https:\/\/vieassociative.be\/actualites\/\"},{\"@type\":\"ListItem\",\"position\":2,\"name\":\"Mon offre Amazon pr\u00e9f\u00e9r\u00e9e du jour\u00a0: le MacBook Air M2 (avec RAM am\u00e9lior\u00e9e)\"}]},{\"@type\":\"WebSite\",\"@id\":\"https:\/\/vieassociative.be\/actualites\/#website\",\"url\":\"https:\/\/vieassociative.be\/actualites\/\",\"name\":\"Vie Associative\",\"description\":\"\",\"publisher\":{\"@id\":\"https:\/\/vieassociative.be\/actualites\/#organization\"},\"potentialAction\":[{\"@type\":\"SearchAction\",\"target\":{\"@type\":\"EntryPoint\",\"urlTemplate\":\"https:\/\/vieassociative.be\/actualites\/?s={search_term_string}\"},\"query-input\":{\"@type\":\"PropertyValueSpecification\",\"valueRequired\":true,\"valueName\":\"search_term_string\"}}],\"inLanguage\":\"fr-BE\"},{\"@type\":\"Organization\",\"@id\":\"https:\/\/vieassociative.be\/actualites\/#organization\",\"name\":\"Vie Associative\",\"url\":\"https:\/\/vieassociative.be\/actualites\/\",\"logo\":{\"@type\":\"ImageObject\",\"inLanguage\":\"fr-BE\",\"@id\":\"https:\/\/vieassociative.be\/actualites\/#\/schema\/logo\/image\/\",\"url\":\"https:\/\/vieassociative.be\/actualites\/wp-content\/uploads\/2024\/09\/cropped-vieassociative_favicon.ico.png\",\"contentUrl\":\"https:\/\/vieassociative.be\/actualites\/wp-content\/uploads\/2024\/09\/cropped-vieassociative_favicon.ico.png\",\"width\":512,\"height\":512,\"caption\":\"Vie Associative\"},\"image\":{\"@id\":\"https:\/\/vieassociative.be\/actualites\/#\/schema\/logo\/image\/\"}},{\"@type\":\"Person\",\"@id\":\"https:\/\/vieassociative.be\/actualites\/#\/schema\/person\/b87ac4f82f9d4e7b7cec7395b679edc4\",\"name\":\"Julien\",\"image\":{\"@type\":\"ImageObject\",\"inLanguage\":\"fr-BE\",\"@id\":\"https:\/\/vieassociative.be\/actualites\/#\/schema\/person\/image\/\",\"url\":\"https:\/\/vieassociative.be\/actualites\/wp-content\/uploads\/2024\/09\/vie-associative-1-150x150.jpg\",\"contentUrl\":\"https:\/\/vieassociative.be\/actualites\/wp-content\/uploads\/2024\/09\/vie-associative-1-150x150.jpg\",\"caption\":\"Julien\"},\"description\":\"Je suis Julien, r\u00e9dacteur pour Vie Associative. Passionn\u00e9 par le monde associatif depuis plus de 10 ans, j'ai \u00e0 c\u0153ur de partager des histoires inspirantes et de mettre en lumi\u00e8re les initiatives locales. Mon objectif est de sensibiliser et d'encourager l'engagement communautaire \u00e0 travers mes articles.\",\"sameAs\":[\"https:\/\/vieassociative.be\/\"]}]}<\/script>\n<!-- \/ Yoast SEO plugin. -->","yoast_head_json":{"title":"Mon offre Amazon pr\u00e9f\u00e9r\u00e9e du jour\u00a0: le MacBook Air M2 (avec RAM am\u00e9lior\u00e9e) | Vie Associative","robots":{"index":"index","follow":"follow","max-snippet":"max-snippet:-1","max-image-preview":"max-image-preview:large","max-video-preview":"max-video-preview:-1"},"canonical":"https:\/\/vieassociative.be\/actualites\/mon-offre-amazon-preferee-du-jour-le-macbook-air-m2-avec-ram-amelioree\/","og_locale":"fr_FR","og_type":"article","og_title":"Mon offre Amazon pr\u00e9f\u00e9r\u00e9e du jour\u00a0: le MacBook Air M2 (avec RAM am\u00e9lior\u00e9e) | Vie Associative","og_description":"Obtenez le double de la RAM pour seulement 50 $ de plus. Les ordinateurs portables d&rsquo;Apple ont tendance \u00e0 r\u00e9sister \u00e0 l&rsquo;\u00e9preuve du temps, d&rsquo;autant","og_url":"https:\/\/vieassociative.be\/actualites\/mon-offre-amazon-preferee-du-jour-le-macbook-air-m2-avec-ram-amelioree\/","og_site_name":"Vie Associative","article_published_time":"2024-11-10T13:22:19+00:00","og_image":[{"width":279,"height":92,"url":"https:\/\/vieassociative.be\/actualites\/wp-content\/uploads\/2024\/09\/header_backgroundk-01-e1726694325946.png","type":"image\/png"}],"author":"Julien","twitter_card":"summary_large_image","twitter_misc":{"\u00c9crit par":"Julien","Dur\u00e9e de lecture est.":"2 minutes"},"schema":{"@context":"https:\/\/schema.org","@graph":[{"@type":"Article","@id":"https:\/\/vieassociative.be\/actualites\/mon-offre-amazon-preferee-du-jour-le-macbook-air-m2-avec-ram-amelioree\/#article","isPartOf":{"@id":"https:\/\/vieassociative.be\/actualites\/mon-offre-amazon-preferee-du-jour-le-macbook-air-m2-avec-ram-amelioree\/"},"author":{"name":"Julien","@id":"https:\/\/vieassociative.be\/actualites\/#\/schema\/person\/b87ac4f82f9d4e7b7cec7395b679edc4"},"headline":"Mon offre Amazon pr\u00e9f\u00e9r\u00e9e du jour\u00a0: le MacBook Air M2 (avec RAM am\u00e9lior\u00e9e)","datePublished":"2024-11-10T13:22:19+00:00","dateModified":"2024-11-10T13:22:19+00:00","mainEntityOfPage":{"@id":"https:\/\/vieassociative.be\/actualites\/mon-offre-amazon-preferee-du-jour-le-macbook-air-m2-avec-ram-amelioree\/"},"wordCount":358,"publisher":{"@id":"https:\/\/vieassociative.be\/actualites\/#organization"},"image":{"@id":"https:\/\/vieassociative.be\/actualites\/mon-offre-amazon-preferee-du-jour-le-macbook-air-m2-avec-ram-amelioree\/#primaryimage"},"thumbnailUrl":"https:\/\/vieassociative.be\/actualites\/wp-content\/uploads\/2024\/11\/Mon-offre-Amazon-preferee-du-jour-le-MacBook-Air-M2.png","keywords":["air","Amazon","am\u00e9lior\u00e9e","avec","jour","MacBook","Mon","offre","pr\u00e9f\u00e9r\u00e9e","RAM"],"articleSection":["Technologie"],"inLanguage":"fr-BE"},{"@type":"WebPage","@id":"https:\/\/vieassociative.be\/actualites\/mon-offre-amazon-preferee-du-jour-le-macbook-air-m2-avec-ram-amelioree\/","url":"https:\/\/vieassociative.be\/actualites\/mon-offre-amazon-preferee-du-jour-le-macbook-air-m2-avec-ram-amelioree\/","name":"Mon offre Amazon pr\u00e9f\u00e9r\u00e9e du jour\u00a0: le MacBook Air M2 (avec RAM am\u00e9lior\u00e9e) | Vie Associative","isPartOf":{"@id":"https:\/\/vieassociative.be\/actualites\/#website"},"primaryImageOfPage":{"@id":"https:\/\/vieassociative.be\/actualites\/mon-offre-amazon-preferee-du-jour-le-macbook-air-m2-avec-ram-amelioree\/#primaryimage"},"image":{"@id":"https:\/\/vieassociative.be\/actualites\/mon-offre-amazon-preferee-du-jour-le-macbook-air-m2-avec-ram-amelioree\/#primaryimage"},"thumbnailUrl":"https:\/\/vieassociative.be\/actualites\/wp-content\/uploads\/2024\/11\/Mon-offre-Amazon-preferee-du-jour-le-MacBook-Air-M2.png","datePublished":"2024-11-10T13:22:19+00:00","dateModified":"2024-11-10T13:22:19+00:00","breadcrumb":{"@id":"https:\/\/vieassociative.be\/actualites\/mon-offre-amazon-preferee-du-jour-le-macbook-air-m2-avec-ram-amelioree\/#breadcrumb"},"inLanguage":"fr-BE","potentialAction":[{"@type":"ReadAction","target":["https:\/\/vieassociative.be\/actualites\/mon-offre-amazon-preferee-du-jour-le-macbook-air-m2-avec-ram-amelioree\/"]}]},{"@type":"ImageObject","inLanguage":"fr-BE","@id":"https:\/\/vieassociative.be\/actualites\/mon-offre-amazon-preferee-du-jour-le-macbook-air-m2-avec-ram-amelioree\/#primaryimage","url":"https:\/\/vieassociative.be\/actualites\/wp-content\/uploads\/2024\/11\/Mon-offre-Amazon-preferee-du-jour-le-MacBook-Air-M2.png","contentUrl":"https:\/\/vieassociative.be\/actualites\/wp-content\/uploads\/2024\/11\/Mon-offre-Amazon-preferee-du-jour-le-MacBook-Air-M2.png","width":1200,"height":675,"caption":"Mon offre Amazon pr\u00e9f\u00e9r\u00e9e du jour\u00a0: le MacBook Air M2 (avec RAM am\u00e9lior\u00e9e)"},{"@type":"BreadcrumbList","@id":"https:\/\/vieassociative.be\/actualites\/mon-offre-amazon-preferee-du-jour-le-macbook-air-m2-avec-ram-amelioree\/#breadcrumb","itemListElement":[{"@type":"ListItem","position":1,"name":"Accueil","item":"https:\/\/vieassociative.be\/actualites\/"},{"@type":"ListItem","position":2,"name":"Mon offre Amazon pr\u00e9f\u00e9r\u00e9e du jour\u00a0: le MacBook Air M2 (avec RAM am\u00e9lior\u00e9e)"}]},{"@type":"WebSite","@id":"https:\/\/vieassociative.be\/actualites\/#website","url":"https:\/\/vieassociative.be\/actualites\/","name":"Vie Associative","description":"","publisher":{"@id":"https:\/\/vieassociative.be\/actualites\/#organization"},"potentialAction":[{"@type":"SearchAction","target":{"@type":"EntryPoint","urlTemplate":"https:\/\/vieassociative.be\/actualites\/?s={search_term_string}"},"query-input":{"@type":"PropertyValueSpecification","valueRequired":true,"valueName":"search_term_string"}}],"inLanguage":"fr-BE"},{"@type":"Organization","@id":"https:\/\/vieassociative.be\/actualites\/#organization","name":"Vie Associative","url":"https:\/\/vieassociative.be\/actualites\/","logo":{"@type":"ImageObject","inLanguage":"fr-BE","@id":"https:\/\/vieassociative.be\/actualites\/#\/schema\/logo\/image\/","url":"https:\/\/vieassociative.be\/actualites\/wp-content\/uploads\/2024\/09\/cropped-vieassociative_favicon.ico.png","contentUrl":"https:\/\/vieassociative.be\/actualites\/wp-content\/uploads\/2024\/09\/cropped-vieassociative_favicon.ico.png","width":512,"height":512,"caption":"Vie Associative"},"image":{"@id":"https:\/\/vieassociative.be\/actualites\/#\/schema\/logo\/image\/"}},{"@type":"Person","@id":"https:\/\/vieassociative.be\/actualites\/#\/schema\/person\/b87ac4f82f9d4e7b7cec7395b679edc4","name":"Julien","image":{"@type":"ImageObject","inLanguage":"fr-BE","@id":"https:\/\/vieassociative.be\/actualites\/#\/schema\/person\/image\/","url":"https:\/\/vieassociative.be\/actualites\/wp-content\/uploads\/2024\/09\/vie-associative-1-150x150.jpg","contentUrl":"https:\/\/vieassociative.be\/actualites\/wp-content\/uploads\/2024\/09\/vie-associative-1-150x150.jpg","caption":"Julien"},"description":"Je suis Julien, r\u00e9dacteur pour Vie Associative. Passionn\u00e9 par le monde associatif depuis plus de 10 ans, j'ai \u00e0 c\u0153ur de partager des histoires inspirantes et de mettre en lumi\u00e8re les initiatives locales. Mon objectif est de sensibiliser et d'encourager l'engagement communautaire \u00e0 travers mes articles.","sameAs":["https:\/\/vieassociative.be\/"]}]}},"_links":{"self":[{"href":"https:\/\/vieassociative.be\/actualites\/wp-json\/wp\/v2\/posts\/2259"}],"collection":[{"href":"https:\/\/vieassociative.be\/actualites\/wp-json\/wp\/v2\/posts"}],"about":[{"href":"https:\/\/vieassociative.be\/actualites\/wp-json\/wp\/v2\/types\/post"}],"author":[{"embeddable":true,"href":"https:\/\/vieassociative.be\/actualites\/wp-json\/wp\/v2\/users\/1"}],"replies":[{"embeddable":true,"href":"https:\/\/vieassociative.be\/actualites\/wp-json\/wp\/v2\/comments?post=2259"}],"version-history":[{"count":0,"href":"https:\/\/vieassociative.be\/actualites\/wp-json\/wp\/v2\/posts\/2259\/revisions"}],"wp:featuredmedia":[{"embeddable":true,"href":"https:\/\/vieassociative.be\/actualites\/wp-json\/wp\/v2\/media\/2260"}],"wp:attachment":[{"href":"https:\/\/vieassociative.be\/actualites\/wp-json\/wp\/v2\/media?parent=2259"}],"wp:term":[{"taxonomy":"category","embeddable":true,"href":"https:\/\/vieassociative.be\/actualites\/wp-json\/wp\/v2\/categories?post=2259"},{"taxonomy":"post_tag","embeddable":true,"href":"https:\/\/vieassociative.be\/actualites\/wp-json\/wp\/v2\/tags?post=2259"}],"curies":[{"name":"wp","href":"https:\/\/api.w.org\/{rel}","templated":true}]}}