{"id":2257,"date":"2024-11-10T13:18:10","date_gmt":"2024-11-10T12:18:10","guid":{"rendered":"https:\/\/vieassociative.be\/actualites\/que-dire-quand-quelquun-devient-sur-la-defensive\/"},"modified":"2024-11-10T13:18:10","modified_gmt":"2024-11-10T12:18:10","slug":"que-dire-quand-quelquun-devient-sur-la-defensive","status":"publish","type":"post","link":"https:\/\/vieassociative.be\/actualites\/que-dire-quand-quelquun-devient-sur-la-defensive\/","title":{"rendered":"Que dire quand quelqu&rsquo;un devient sur la d\u00e9fensive"},"content":{"rendered":"<div class=\"mt-4 leading-6 md:mb-8\">Une r\u00e9action d\u00e9fensive peut para\u00eetre argumentative, mais il s&rsquo;agit g\u00e9n\u00e9ralement d&rsquo;une r\u00e9ponse \u00e0 une menace per\u00e7ue.<\/div>\n<p><\/p>\n<p>La d\u00e9fensive est une r\u00e9action naturelle lorsque nous nous sentons attaqu\u00e9s. Il est logique que nous voulions nous d\u00e9fendre contre les blessures physiques ou les critiques et reproches verbaux. Dans les conversations, cependant, la d\u00e9fensive peut rapidement faire d\u00e9railler tout espoir de compr\u00e9hension et d\u2019avancer. Les chercheurs en relations John et Julie Gottman le consid\u00e8rent m\u00eame comme l&rsquo;un des quatre probl\u00e8mes de communication qui peuvent endommager ou mettre fin aux relations.<\/p>\n<p>Une r\u00e9action d\u00e9fensive peut para\u00eetre argumentative, mais elle peut \u00e9galement prendre d\u2019autres formes, comme le d\u00e9ni, l\u2019\u00e9vitement, le mensonge ou le gaslighting. Et c&rsquo;est g\u00e9n\u00e9ralement une r\u00e9ponse \u00e0 une menace per\u00e7ue, selon Amanda Levison, conseill\u00e8re professionnelle agr\u00e9\u00e9e \u00e0 Harrisburg, en Pennsylvanie. Se mettre sur la d\u00e9fensive nous prot\u00e8ge, nous et nos sentiments, et c&rsquo;est une fa\u00e7on de d\u00e9tourner la responsabilit\u00e9 de nos actions lorsque nous y sommes confront\u00e9s.<\/p>\n<p>Alors, comment pouvez-vous r\u00e9agir \u00e0 une attitude d\u00e9fensive\u00a0? <\/p>\n<h2 id=\"avoid-getting-defensive-in-return\">\u00c9vitez d&rsquo;\u00eatre sur la d\u00e9fensive en retour<\/h2>\n<p>R\u00e9pondre \u00e0 une attitude d\u00e9fensive par une attitude d\u00e9fensive est susceptible d\u2019intensifier les tensions plut\u00f4t que de les apaiser. Dire \u00ab arr\u00eatez d&rsquo;\u00eatre aussi sur la d\u00e9fensive \u00bb ou \u00ab ne le prenez pas personnellement \u00bb n&rsquo;aidera probablement pas non plus. <\/p>\n<p>\u00ab\u00a0La d\u00e9fensive na\u00eet g\u00e9n\u00e9ralement de la peur du rejet ou du jugement\u00a0\u00bb, explique Anna Poss, conseill\u00e8re professionnelle clinicienne agr\u00e9\u00e9e \u00e0 Chicago. \u00ab\u00a0Se disputer avec une personne sur la d\u00e9fensive, devenir \u00e0 son tour sur la d\u00e9fensive ou porter un jugement confirmera ses craintes.\u00a0\u00bb <\/p>\n<h2 id=\"take-some-space\">Prends de l&rsquo;espace<\/h2>\n<p>Lorsque nous sommes sur la d\u00e9fensive, nous agissons sur la base de nos \u00e9motions et non de notre logique, explique Poss. Il est peu probable que tenter de raisonner quelqu\u2019un face \u00e0 des \u00e9motions fortes soit productif. <\/p>\n<p>Si les \u00e9motions sont fortes, vous voudrez peut-\u00eatre faire une pause jusqu&rsquo;\u00e0 ce que vous vous sentiez en contr\u00f4le (ou jusqu&rsquo;\u00e0 ce que la personne \u00e0 qui vous parlez le fasse). Poss sugg\u00e8re de prendre une profonde inspiration ou de compter jusqu&rsquo;\u00e0 10. Vous devrez peut-\u00eatre vous \u00e9loigner, rassembler vos pens\u00e9es et revenir \u00e0 la conversation plus tard. Si tel est le cas, communiquez \u00e0 l\u2019autre personne que vous avez besoin d\u2019espace. <\/p>\n<h2 id=\"add-structure-to-your-conversation\">Ajoutez de la structure \u00e0 votre conversation<\/h2>\n<p>Une fa\u00e7on de g\u00e9rer la d\u00e9fensive et la d\u00e9r\u00e9gulation qui l\u2019accompagne est de suivre quelques r\u00e8gles de base en mati\u00e8re de communication\u00a0: \u00e9couter, r\u00e9fl\u00e9chir, valider, r\u00e9p\u00e9ter. Par exemple, vous pourriez convenir que chaque personne a la possibilit\u00e9 de parler sans interruption pendant que l\u2019autre \u00e9coute. L&rsquo;auditeur peut refl\u00e9ter ce qu&rsquo;il a entendu et valider les sentiments de l&rsquo;orateur. Puis changez. <\/p>\n<p>D&rsquo;autres moyens d&rsquo;am\u00e9liorer votre communication incluent l&rsquo;utilisation de d\u00e9clarations \u00ab\u00a0je\u00a0\u00bb qui expliquent ce que vous vivez (plut\u00f4t que d&rsquo;accuser l&rsquo;autre personne) et la description uniquement des faits de la situation. <\/p>\n<h2 id=\"ask-questions\">Posez des questions<\/h2>\n<p>Poss recommande d&rsquo;\u00eatre curieux du point de vue de l&rsquo;autre personne, ce qui peut vous aider \u00e0 prendre les choses moins personnellement et \u00e0 \u00e9viter l&rsquo;impression que vous les jugez. Posez des questions avec un r\u00e9el int\u00e9r\u00eat et essayez de comprendre pourquoi ils se sentent sur la d\u00e9fensive. S&rsquo;il s&rsquo;agit d&rsquo;une r\u00e9ponse \u00e0 quelque chose que vous avez dit ou fait ou \u00e0 votre ton, reconnaissez-le et essayez une approche diff\u00e9rente la prochaine fois. <\/p>\n<p>R\u00e9pondre \u00e0 une attitude d\u00e9fensive n\u00e9cessite une certaine conscience de soi et la volont\u00e9 d&rsquo;admettre que vous avez peut-\u00eatre eu tort. Cela n\u00e9cessite \u00e9galement de l&#8217;empathie pour les sentiments de l&rsquo;autre personne. Bien s\u00fbr, il peut \u00e9galement y avoir des situations et des relations dans lesquelles une attitude d\u00e9fensive constante cr\u00e9e une dynamique malsaine, et il est toujours bon d&rsquo;obtenir le soutien d&rsquo;un professionnel si vous en avez besoin. <\/p>\n","protected":false},"excerpt":{"rendered":"<p>Une r\u00e9action d\u00e9fensive peut para\u00eetre argumentative, mais il s&rsquo;agit g\u00e9n\u00e9ralement d&rsquo;une r\u00e9ponse \u00e0 une menace per\u00e7ue. La d\u00e9fensive est une r\u00e9action naturelle lorsque nous nous<\/p>\n","protected":false},"author":1,"featured_media":2258,"comment_status":"","ping_status":"","sticky":false,"template":"","format":"standard","meta":{"footnotes":""},"categories":[42],"tags":[3007,928,1074,123,326,33],"class_list":["post-2257","post","type-post","status-publish","format-standard","has-post-thumbnail","hentry","category-relations","tag-defensive","tag-devient","tag-dire","tag-quand","tag-quelquun","tag-sur","generate-columns","tablet-grid-50","mobile-grid-100","grid-parent","grid-33"],"yoast_head":"<!-- This site is optimized with the Yoast SEO plugin v24.0 - https:\/\/yoast.com\/wordpress\/plugins\/seo\/ -->\n<title>Que dire quand quelqu&#039;un devient sur la d\u00e9fensive | Vie Associative<\/title>\n<meta name=\"robots\" content=\"index, follow, max-snippet:-1, max-image-preview:large, max-video-preview:-1\" \/>\n<link rel=\"canonical\" href=\"https:\/\/vieassociative.be\/actualites\/que-dire-quand-quelquun-devient-sur-la-defensive\/\" \/>\n<meta property=\"og:locale\" content=\"fr_FR\" \/>\n<meta property=\"og:type\" content=\"article\" \/>\n<meta property=\"og:title\" content=\"Que dire quand quelqu&#039;un devient sur la d\u00e9fensive | Vie Associative\" \/>\n<meta property=\"og:description\" content=\"Une r\u00e9action d\u00e9fensive peut para\u00eetre argumentative, mais il s&rsquo;agit g\u00e9n\u00e9ralement d&rsquo;une r\u00e9ponse \u00e0 une menace per\u00e7ue. La d\u00e9fensive est une r\u00e9action naturelle lorsque nous nous\" \/>\n<meta property=\"og:url\" content=\"https:\/\/vieassociative.be\/actualites\/que-dire-quand-quelquun-devient-sur-la-defensive\/\" \/>\n<meta property=\"og:site_name\" content=\"Vie Associative\" \/>\n<meta property=\"article:published_time\" content=\"2024-11-10T12:18:10+00:00\" \/>\n<meta property=\"og:image\" content=\"https:\/\/vieassociative.be\/actualites\/wp-content\/uploads\/2024\/09\/header_backgroundk-01-e1726694325946.png\" \/>\n\t<meta property=\"og:image:width\" content=\"279\" \/>\n\t<meta property=\"og:image:height\" content=\"92\" \/>\n\t<meta property=\"og:image:type\" content=\"image\/png\" \/>\n<meta name=\"author\" content=\"Julien\" \/>\n<meta name=\"twitter:card\" content=\"summary_large_image\" \/>\n<meta name=\"twitter:label1\" content=\"\u00c9crit par\" \/>\n\t<meta name=\"twitter:data1\" content=\"Julien\" \/>\n\t<meta name=\"twitter:label2\" content=\"Dur\u00e9e de lecture est.\" \/>\n\t<meta name=\"twitter:data2\" content=\"3 minutes\" \/>\n<script type=\"application\/ld+json\" class=\"yoast-schema-graph\">{\"@context\":\"https:\/\/schema.org\",\"@graph\":[{\"@type\":\"Article\",\"@id\":\"https:\/\/vieassociative.be\/actualites\/que-dire-quand-quelquun-devient-sur-la-defensive\/#article\",\"isPartOf\":{\"@id\":\"https:\/\/vieassociative.be\/actualites\/que-dire-quand-quelquun-devient-sur-la-defensive\/\"},\"author\":{\"name\":\"Julien\",\"@id\":\"https:\/\/vieassociative.be\/actualites\/#\/schema\/person\/b87ac4f82f9d4e7b7cec7395b679edc4\"},\"headline\":\"Que dire quand quelqu&rsquo;un devient sur la d\u00e9fensive\",\"datePublished\":\"2024-11-10T12:18:10+00:00\",\"dateModified\":\"2024-11-10T12:18:10+00:00\",\"mainEntityOfPage\":{\"@id\":\"https:\/\/vieassociative.be\/actualites\/que-dire-quand-quelquun-devient-sur-la-defensive\/\"},\"wordCount\":718,\"publisher\":{\"@id\":\"https:\/\/vieassociative.be\/actualites\/#organization\"},\"image\":{\"@id\":\"https:\/\/vieassociative.be\/actualites\/que-dire-quand-quelquun-devient-sur-la-defensive\/#primaryimage\"},\"thumbnailUrl\":\"https:\/\/vieassociative.be\/actualites\/wp-content\/uploads\/2024\/11\/Que-dire-quand-quelquun-devient-sur-la-defensive.jpg\",\"keywords\":[\"d\u00e9fensive\",\"devient\",\"dire\",\"Quand\",\"quelquun\",\"sur\"],\"articleSection\":[\"Relations\"],\"inLanguage\":\"fr-BE\"},{\"@type\":\"WebPage\",\"@id\":\"https:\/\/vieassociative.be\/actualites\/que-dire-quand-quelquun-devient-sur-la-defensive\/\",\"url\":\"https:\/\/vieassociative.be\/actualites\/que-dire-quand-quelquun-devient-sur-la-defensive\/\",\"name\":\"Que dire quand quelqu'un devient sur la d\u00e9fensive | Vie Associative\",\"isPartOf\":{\"@id\":\"https:\/\/vieassociative.be\/actualites\/#website\"},\"primaryImageOfPage\":{\"@id\":\"https:\/\/vieassociative.be\/actualites\/que-dire-quand-quelquun-devient-sur-la-defensive\/#primaryimage\"},\"image\":{\"@id\":\"https:\/\/vieassociative.be\/actualites\/que-dire-quand-quelquun-devient-sur-la-defensive\/#primaryimage\"},\"thumbnailUrl\":\"https:\/\/vieassociative.be\/actualites\/wp-content\/uploads\/2024\/11\/Que-dire-quand-quelquun-devient-sur-la-defensive.jpg\",\"datePublished\":\"2024-11-10T12:18:10+00:00\",\"dateModified\":\"2024-11-10T12:18:10+00:00\",\"breadcrumb\":{\"@id\":\"https:\/\/vieassociative.be\/actualites\/que-dire-quand-quelquun-devient-sur-la-defensive\/#breadcrumb\"},\"inLanguage\":\"fr-BE\",\"potentialAction\":[{\"@type\":\"ReadAction\",\"target\":[\"https:\/\/vieassociative.be\/actualites\/que-dire-quand-quelquun-devient-sur-la-defensive\/\"]}]},{\"@type\":\"ImageObject\",\"inLanguage\":\"fr-BE\",\"@id\":\"https:\/\/vieassociative.be\/actualites\/que-dire-quand-quelquun-devient-sur-la-defensive\/#primaryimage\",\"url\":\"https:\/\/vieassociative.be\/actualites\/wp-content\/uploads\/2024\/11\/Que-dire-quand-quelquun-devient-sur-la-defensive.jpg\",\"contentUrl\":\"https:\/\/vieassociative.be\/actualites\/wp-content\/uploads\/2024\/11\/Que-dire-quand-quelquun-devient-sur-la-defensive.jpg\",\"width\":1200,\"height\":675,\"caption\":\"Que dire quand quelqu'un devient sur la d\u00e9fensive\"},{\"@type\":\"BreadcrumbList\",\"@id\":\"https:\/\/vieassociative.be\/actualites\/que-dire-quand-quelquun-devient-sur-la-defensive\/#breadcrumb\",\"itemListElement\":[{\"@type\":\"ListItem\",\"position\":1,\"name\":\"Accueil\",\"item\":\"https:\/\/vieassociative.be\/actualites\/\"},{\"@type\":\"ListItem\",\"position\":2,\"name\":\"Que dire quand quelqu&rsquo;un devient sur la d\u00e9fensive\"}]},{\"@type\":\"WebSite\",\"@id\":\"https:\/\/vieassociative.be\/actualites\/#website\",\"url\":\"https:\/\/vieassociative.be\/actualites\/\",\"name\":\"Vie Associative\",\"description\":\"\",\"publisher\":{\"@id\":\"https:\/\/vieassociative.be\/actualites\/#organization\"},\"potentialAction\":[{\"@type\":\"SearchAction\",\"target\":{\"@type\":\"EntryPoint\",\"urlTemplate\":\"https:\/\/vieassociative.be\/actualites\/?s={search_term_string}\"},\"query-input\":{\"@type\":\"PropertyValueSpecification\",\"valueRequired\":true,\"valueName\":\"search_term_string\"}}],\"inLanguage\":\"fr-BE\"},{\"@type\":\"Organization\",\"@id\":\"https:\/\/vieassociative.be\/actualites\/#organization\",\"name\":\"Vie Associative\",\"url\":\"https:\/\/vieassociative.be\/actualites\/\",\"logo\":{\"@type\":\"ImageObject\",\"inLanguage\":\"fr-BE\",\"@id\":\"https:\/\/vieassociative.be\/actualites\/#\/schema\/logo\/image\/\",\"url\":\"https:\/\/vieassociative.be\/actualites\/wp-content\/uploads\/2024\/09\/cropped-vieassociative_favicon.ico.png\",\"contentUrl\":\"https:\/\/vieassociative.be\/actualites\/wp-content\/uploads\/2024\/09\/cropped-vieassociative_favicon.ico.png\",\"width\":512,\"height\":512,\"caption\":\"Vie Associative\"},\"image\":{\"@id\":\"https:\/\/vieassociative.be\/actualites\/#\/schema\/logo\/image\/\"}},{\"@type\":\"Person\",\"@id\":\"https:\/\/vieassociative.be\/actualites\/#\/schema\/person\/b87ac4f82f9d4e7b7cec7395b679edc4\",\"name\":\"Julien\",\"image\":{\"@type\":\"ImageObject\",\"inLanguage\":\"fr-BE\",\"@id\":\"https:\/\/vieassociative.be\/actualites\/#\/schema\/person\/image\/\",\"url\":\"https:\/\/vieassociative.be\/actualites\/wp-content\/uploads\/2024\/09\/vie-associative-1-150x150.jpg\",\"contentUrl\":\"https:\/\/vieassociative.be\/actualites\/wp-content\/uploads\/2024\/09\/vie-associative-1-150x150.jpg\",\"caption\":\"Julien\"},\"description\":\"Je suis Julien, r\u00e9dacteur pour Vie Associative. Passionn\u00e9 par le monde associatif depuis plus de 10 ans, j'ai \u00e0 c\u0153ur de partager des histoires inspirantes et de mettre en lumi\u00e8re les initiatives locales. Mon objectif est de sensibiliser et d'encourager l'engagement communautaire \u00e0 travers mes articles.\",\"sameAs\":[\"https:\/\/vieassociative.be\/\"]}]}<\/script>\n<!-- \/ Yoast SEO plugin. -->","yoast_head_json":{"title":"Que dire quand quelqu'un devient sur la d\u00e9fensive | Vie Associative","robots":{"index":"index","follow":"follow","max-snippet":"max-snippet:-1","max-image-preview":"max-image-preview:large","max-video-preview":"max-video-preview:-1"},"canonical":"https:\/\/vieassociative.be\/actualites\/que-dire-quand-quelquun-devient-sur-la-defensive\/","og_locale":"fr_FR","og_type":"article","og_title":"Que dire quand quelqu'un devient sur la d\u00e9fensive | Vie Associative","og_description":"Une r\u00e9action d\u00e9fensive peut para\u00eetre argumentative, mais il s&rsquo;agit g\u00e9n\u00e9ralement d&rsquo;une r\u00e9ponse \u00e0 une menace per\u00e7ue. La d\u00e9fensive est une r\u00e9action naturelle lorsque nous nous","og_url":"https:\/\/vieassociative.be\/actualites\/que-dire-quand-quelquun-devient-sur-la-defensive\/","og_site_name":"Vie Associative","article_published_time":"2024-11-10T12:18:10+00:00","og_image":[{"width":279,"height":92,"url":"https:\/\/vieassociative.be\/actualites\/wp-content\/uploads\/2024\/09\/header_backgroundk-01-e1726694325946.png","type":"image\/png"}],"author":"Julien","twitter_card":"summary_large_image","twitter_misc":{"\u00c9crit par":"Julien","Dur\u00e9e de lecture est.":"3 minutes"},"schema":{"@context":"https:\/\/schema.org","@graph":[{"@type":"Article","@id":"https:\/\/vieassociative.be\/actualites\/que-dire-quand-quelquun-devient-sur-la-defensive\/#article","isPartOf":{"@id":"https:\/\/vieassociative.be\/actualites\/que-dire-quand-quelquun-devient-sur-la-defensive\/"},"author":{"name":"Julien","@id":"https:\/\/vieassociative.be\/actualites\/#\/schema\/person\/b87ac4f82f9d4e7b7cec7395b679edc4"},"headline":"Que dire quand quelqu&rsquo;un devient sur la d\u00e9fensive","datePublished":"2024-11-10T12:18:10+00:00","dateModified":"2024-11-10T12:18:10+00:00","mainEntityOfPage":{"@id":"https:\/\/vieassociative.be\/actualites\/que-dire-quand-quelquun-devient-sur-la-defensive\/"},"wordCount":718,"publisher":{"@id":"https:\/\/vieassociative.be\/actualites\/#organization"},"image":{"@id":"https:\/\/vieassociative.be\/actualites\/que-dire-quand-quelquun-devient-sur-la-defensive\/#primaryimage"},"thumbnailUrl":"https:\/\/vieassociative.be\/actualites\/wp-content\/uploads\/2024\/11\/Que-dire-quand-quelquun-devient-sur-la-defensive.jpg","keywords":["d\u00e9fensive","devient","dire","Quand","quelquun","sur"],"articleSection":["Relations"],"inLanguage":"fr-BE"},{"@type":"WebPage","@id":"https:\/\/vieassociative.be\/actualites\/que-dire-quand-quelquun-devient-sur-la-defensive\/","url":"https:\/\/vieassociative.be\/actualites\/que-dire-quand-quelquun-devient-sur-la-defensive\/","name":"Que dire quand quelqu'un devient sur la d\u00e9fensive | Vie Associative","isPartOf":{"@id":"https:\/\/vieassociative.be\/actualites\/#website"},"primaryImageOfPage":{"@id":"https:\/\/vieassociative.be\/actualites\/que-dire-quand-quelquun-devient-sur-la-defensive\/#primaryimage"},"image":{"@id":"https:\/\/vieassociative.be\/actualites\/que-dire-quand-quelquun-devient-sur-la-defensive\/#primaryimage"},"thumbnailUrl":"https:\/\/vieassociative.be\/actualites\/wp-content\/uploads\/2024\/11\/Que-dire-quand-quelquun-devient-sur-la-defensive.jpg","datePublished":"2024-11-10T12:18:10+00:00","dateModified":"2024-11-10T12:18:10+00:00","breadcrumb":{"@id":"https:\/\/vieassociative.be\/actualites\/que-dire-quand-quelquun-devient-sur-la-defensive\/#breadcrumb"},"inLanguage":"fr-BE","potentialAction":[{"@type":"ReadAction","target":["https:\/\/vieassociative.be\/actualites\/que-dire-quand-quelquun-devient-sur-la-defensive\/"]}]},{"@type":"ImageObject","inLanguage":"fr-BE","@id":"https:\/\/vieassociative.be\/actualites\/que-dire-quand-quelquun-devient-sur-la-defensive\/#primaryimage","url":"https:\/\/vieassociative.be\/actualites\/wp-content\/uploads\/2024\/11\/Que-dire-quand-quelquun-devient-sur-la-defensive.jpg","contentUrl":"https:\/\/vieassociative.be\/actualites\/wp-content\/uploads\/2024\/11\/Que-dire-quand-quelquun-devient-sur-la-defensive.jpg","width":1200,"height":675,"caption":"Que dire quand quelqu'un devient sur la d\u00e9fensive"},{"@type":"BreadcrumbList","@id":"https:\/\/vieassociative.be\/actualites\/que-dire-quand-quelquun-devient-sur-la-defensive\/#breadcrumb","itemListElement":[{"@type":"ListItem","position":1,"name":"Accueil","item":"https:\/\/vieassociative.be\/actualites\/"},{"@type":"ListItem","position":2,"name":"Que dire quand quelqu&rsquo;un devient sur la d\u00e9fensive"}]},{"@type":"WebSite","@id":"https:\/\/vieassociative.be\/actualites\/#website","url":"https:\/\/vieassociative.be\/actualites\/","name":"Vie Associative","description":"","publisher":{"@id":"https:\/\/vieassociative.be\/actualites\/#organization"},"potentialAction":[{"@type":"SearchAction","target":{"@type":"EntryPoint","urlTemplate":"https:\/\/vieassociative.be\/actualites\/?s={search_term_string}"},"query-input":{"@type":"PropertyValueSpecification","valueRequired":true,"valueName":"search_term_string"}}],"inLanguage":"fr-BE"},{"@type":"Organization","@id":"https:\/\/vieassociative.be\/actualites\/#organization","name":"Vie Associative","url":"https:\/\/vieassociative.be\/actualites\/","logo":{"@type":"ImageObject","inLanguage":"fr-BE","@id":"https:\/\/vieassociative.be\/actualites\/#\/schema\/logo\/image\/","url":"https:\/\/vieassociative.be\/actualites\/wp-content\/uploads\/2024\/09\/cropped-vieassociative_favicon.ico.png","contentUrl":"https:\/\/vieassociative.be\/actualites\/wp-content\/uploads\/2024\/09\/cropped-vieassociative_favicon.ico.png","width":512,"height":512,"caption":"Vie Associative"},"image":{"@id":"https:\/\/vieassociative.be\/actualites\/#\/schema\/logo\/image\/"}},{"@type":"Person","@id":"https:\/\/vieassociative.be\/actualites\/#\/schema\/person\/b87ac4f82f9d4e7b7cec7395b679edc4","name":"Julien","image":{"@type":"ImageObject","inLanguage":"fr-BE","@id":"https:\/\/vieassociative.be\/actualites\/#\/schema\/person\/image\/","url":"https:\/\/vieassociative.be\/actualites\/wp-content\/uploads\/2024\/09\/vie-associative-1-150x150.jpg","contentUrl":"https:\/\/vieassociative.be\/actualites\/wp-content\/uploads\/2024\/09\/vie-associative-1-150x150.jpg","caption":"Julien"},"description":"Je suis Julien, r\u00e9dacteur pour Vie Associative. Passionn\u00e9 par le monde associatif depuis plus de 10 ans, j'ai \u00e0 c\u0153ur de partager des histoires inspirantes et de mettre en lumi\u00e8re les initiatives locales. Mon objectif est de sensibiliser et d'encourager l'engagement communautaire \u00e0 travers mes articles.","sameAs":["https:\/\/vieassociative.be\/"]}]}},"_links":{"self":[{"href":"https:\/\/vieassociative.be\/actualites\/wp-json\/wp\/v2\/posts\/2257"}],"collection":[{"href":"https:\/\/vieassociative.be\/actualites\/wp-json\/wp\/v2\/posts"}],"about":[{"href":"https:\/\/vieassociative.be\/actualites\/wp-json\/wp\/v2\/types\/post"}],"author":[{"embeddable":true,"href":"https:\/\/vieassociative.be\/actualites\/wp-json\/wp\/v2\/users\/1"}],"replies":[{"embeddable":true,"href":"https:\/\/vieassociative.be\/actualites\/wp-json\/wp\/v2\/comments?post=2257"}],"version-history":[{"count":0,"href":"https:\/\/vieassociative.be\/actualites\/wp-json\/wp\/v2\/posts\/2257\/revisions"}],"wp:featuredmedia":[{"embeddable":true,"href":"https:\/\/vieassociative.be\/actualites\/wp-json\/wp\/v2\/media\/2258"}],"wp:attachment":[{"href":"https:\/\/vieassociative.be\/actualites\/wp-json\/wp\/v2\/media?parent=2257"}],"wp:term":[{"taxonomy":"category","embeddable":true,"href":"https:\/\/vieassociative.be\/actualites\/wp-json\/wp\/v2\/categories?post=2257"},{"taxonomy":"post_tag","embeddable":true,"href":"https:\/\/vieassociative.be\/actualites\/wp-json\/wp\/v2\/tags?post=2257"}],"curies":[{"name":"wp","href":"https:\/\/api.w.org\/{rel}","templated":true}]}}