{"id":2255,"date":"2024-11-10T12:23:11","date_gmt":"2024-11-10T11:23:11","guid":{"rendered":"https:\/\/vieassociative.be\/actualites\/ce-sont-les-signes-que-votre-enfant-peut-etre-deprime\/"},"modified":"2024-11-10T12:23:11","modified_gmt":"2024-11-10T11:23:11","slug":"ce-sont-les-signes-que-votre-enfant-peut-etre-deprime","status":"publish","type":"post","link":"https:\/\/vieassociative.be\/actualites\/ce-sont-les-signes-que-votre-enfant-peut-etre-deprime\/","title":{"rendered":"Ce sont les signes que votre enfant peut \u00eatre d\u00e9prim\u00e9"},"content":{"rendered":"<div class=\"mt-4 leading-6 md:mb-8\">Les signes de d\u00e9pression chez les enfants ne sont pas n\u00e9cessairement les m\u00eames que chez les adultes.<\/div>\n<p><\/p>\n<p>C&rsquo;est la saison de la d\u00e9pression saisonni\u00e8re. Les enfants peuvent \u00e9galement souffrir de troubles affectifs saisonniers, mais ils peuvent aussi souffrir de d\u00e9pression. M\u00eame si de nombreux enfants sont d\u00e9crits comme anxieux, moins nombreux sont ceux qui sont d\u00e9crits comme d\u00e9prim\u00e9s. Avant la pand\u00e9mie, le CDC estimait que 2,7 enfants am\u00e9ricains souffraient de d\u00e9pression, et nous savons que les donn\u00e9es montrent que ces chiffres ont r\u00e9guli\u00e8rement augment\u00e9 depuis. <\/p>\n<p>Voici ce qu\u2019il faut surveiller et que faire si vous pensez que votre enfant souffre de d\u00e9pression. <\/p>\n<h2 id=\"what-are-the-signs-of-depression-in-children\">Quels sont les signes de la d\u00e9pression chez les enfants ?<\/h2>\n<p>La d\u00e9pression chez les enfants peut se pr\u00e9senter de plusieurs mani\u00e8res. Voici quelques \u00e9l\u00e9ments que le Dr Georgina Garcia, psychiatre aux services de sant\u00e9 comportementale du Franciscan Children&rsquo;s, dit que les parents devraient rechercher\u00a0:<\/p>\n<ul>\n<li>\n<p>Perte d&rsquo;int\u00e9r\u00eat pour les activit\u00e9s r\u00e9guli\u00e8res ou ludiques <\/p>\n<\/li>\n<li>\n<p>Une baisse des notes <\/p>\n<\/li>\n<li>\n<p>Changements d&rsquo;humeur, tels qu&rsquo;une irritabilit\u00e9 accrue, des larmes ou des sautes d&rsquo;humeur<\/p>\n<\/li>\n<li>\n<p>Changements de comportement concernant le sommeil, l&rsquo;app\u00e9tit ou l&rsquo;\u00e9nergie<\/p>\n<\/li>\n<li>\n<p>Isolement accru\u00a0; moins d&rsquo;interaction sociale avec les pairs<\/p>\n<\/li>\n<li>\n<p>Plaintes somatiques comme des maux de ventre ou des maux de t\u00eate<\/p>\n<\/li>\n<li>\n<p>Automutilation (se gratter, se couper) <\/p>\n<\/li>\n<li>\n<p>Signaler des pens\u00e9es de vouloir mourir ou se suicider, m\u00eame avec humour<\/p>\n<\/li>\n<\/ul>\n<p>Les signes chez les enfants peuvent \u00eatre diff\u00e9rents de ceux des adultes. \u00ab Les enfants n&rsquo;ont pas toujours le langage n\u00e9cessaire pour d\u00e9crire leurs \u00e9motions. Au lieu de dire qu&rsquo;ils sont d\u00e9prim\u00e9s, ils utilisent souvent le terme \u00ab s&rsquo;ennuyer \u00bb \u00bb, explique Garcia. <\/p>\n<p>Bien que les adultes pr\u00e9sentent souvent des sympt\u00f4mes physiques, les enfants ne pr\u00e9sentent parfois que des sympt\u00f4mes physiques comme un inconfort gastro-intestinal et ne semblent pas aussi \u00ab tristes \u00bb ou maussades qu&rsquo;un adulte souffrant de d\u00e9pression. <\/p>\n<h2 id=\"what-to-do-if-you-think-your-child-has-depression\">Que faire si vous pensez que votre enfant souffre de d\u00e9pression<\/h2>\n<p>Si vous pensez que votre enfant risque de se suicider ou de se faire du mal, demandez imm\u00e9diatement de l&rsquo;aide. Aux \u00c9tats-Unis, vous pouvez composer le \u00ab 988 \u00bb pour joindre la Suicide and Crisis Lifeline et obtenir une assistance 24h\/24 et 7j\/7 par t\u00e9l\u00e9phone ou par chat. Ou visitez leur site Web (anciennement National Suicide Prevention Lifeline). Ou encore : \u00ab S&rsquo;il y a un souci imm\u00e9diat pour la s\u00e9curit\u00e9 de l&rsquo;enfant, le parent doit emmener l&rsquo;enfant \u00e0 la salle d&rsquo;urgence la plus proche pour une \u00e9valuation \u00bb, explique Garcia. <\/p>\n<p>Si vous pensez que votre enfant est d\u00e9prim\u00e9 mais qu&rsquo;il ne court pas de danger imm\u00e9diat, dit Garcia : \u00ab Les parents devraient d&rsquo;abord demander une \u00e9valuation professionnelle et le soutien du p\u00e9diatre de leur enfant. Le p\u00e9diatre saura quelles questions poser et quels signes rechercher, et si n\u00e9cessaire, il pourra recommander un bon psychiatre p\u00e9diatrique ou un bon psychologue pour l&rsquo;enfant. Vous pouvez \u00e9galement essayer de trouver directement un prestataire de soins de sant\u00e9 mentale, m\u00eame si les listes d\u2019attente sont souvent longues. Cela vaut n\u00e9anmoins la peine de le poursuivre pour le bien-\u00eatre mental de votre enfant.<\/p>\n<p>\u00ab\u00a0Bien qu&rsquo;il soit important d&rsquo;amener votre enfant chez un professionnel, les parents doivent savoir que ce sont eux qui connaissent le mieux leur enfant\u00a0\u00bb, explique Garcia. \u00ab\u00a0Si leur humeur, leurs int\u00e9r\u00eats et leurs comportements ont chang\u00e9, les parents jouent un r\u00f4le crucial dans l&rsquo;identification pr\u00e9coce de ces sympt\u00f4mes et peuvent aider leur enfant \u00e0 suivre des soins de sant\u00e9 mentale.\u00a0\u00bb Parfois, un enseignant ou un autre adulte de confiance remarque ces changements, mais le plus souvent, c&rsquo;est un parent qui peut suivre ces sch\u00e9mas chez ses propres enfants et leur apporter l&rsquo;aide dont ils ont besoin le plus rapidement possible. <\/p>\n<h2 id=\"what-to-do-if-you-child-is-diagnosed-with-depression\">Que faire si votre enfant re\u00e7oit un diagnostic de d\u00e9pression<\/h2>\n<p>Afin de suivre un traitement officiel contre la d\u00e9pression, votre enfant devra \u00eatre diagnostiqu\u00e9 par un professionnel de la sant\u00e9, comme son m\u00e9decin ou un psychologue. \u00c0 partir de l\u00e0, dit Garcia, \u00ab la th\u00e9rapie par la parole est g\u00e9n\u00e9ralement la premi\u00e8re ligne d\u2019intervention \u00bb. Cela ressemble souvent \u00e0 un enfant qui rencontre environ une fois par semaine un psychologue ou un travailleur social pour parler de ce qu&rsquo;il ressent et l&rsquo;aider \u00e0 d\u00e9velopper ses capacit\u00e9s d&rsquo;adaptation. Parfois, la th\u00e9rapie est dispens\u00e9e en collaboration avec l&rsquo;\u00e9cole, sur le campus ou dans un \u00e9tablissement priv\u00e9. De nombreux r\u00e9gimes d&rsquo;assurance et Medicaid couvrent la th\u00e9rapie, mais vous devez toujours v\u00e9rifier aupr\u00e8s de votre r\u00e9gime. <\/p>\n<p>Si la d\u00e9pression persiste m\u00eame avec le traitement, \u00ab le clinicien ou le p\u00e9diatre peut recommander des m\u00e9dicaments et\/ou une r\u00e9f\u00e9rence \u00e0 un psychiatre pour enfants et adolescents pour voir si le m\u00e9dicament est appropri\u00e9 pour l&rsquo;enfant \u00bb, explique Garcia. La d\u00e9pression est souvent trait\u00e9e avec des inhibiteurs s\u00e9lectifs du recaptage de la s\u00e9rotonine, ou ISRS, tels que le Prozac ou le Zoloft. Certains enfants r\u00e9agissent tr\u00e8s bien \u00e0 ces m\u00e9dicaments tandis que d\u2019autres ont des probl\u00e8mes d\u2019effets secondaires ou ne peuvent pas les prendre pour d\u2019autres raisons de sant\u00e9. Vous et l\u2019\u00e9quipe m\u00e9dicale de votre enfant devrez discuter du meilleur traitement pour votre enfant. <\/p>\n<h2 id=\"will-a-child-who-is-diagnosed-struggle-with-depression-their-whole-life\">Un enfant diagnostiqu\u00e9 souffrira-t-il de d\u00e9pression toute sa vie ?<\/h2>\n<p>Si vous avez souffert de d\u00e9pression, cela peut avoir dur\u00e9 une courte p\u00e9riode ou c&rsquo;est peut-\u00eatre un probl\u00e8me auquel vous avez fait face toute votre vie. Pour votre enfant, Garcia dit que ce n&rsquo;est pas un diagnostic permanent. <\/p>\n<p>\u00abLa bonne nouvelle est que la d\u00e9pression peut s&rsquo;am\u00e9liorer avec le traitement et que l&rsquo;enfant n&rsquo;a peut-\u00eatre plus besoin de th\u00e9rapie ou de m\u00e9dicaments\u00bb, dit-elle. \u00ab M\u00eame si cela peut parfois se reproduire, des \u00e9tudes montrent que le traitement des \u00e9pisodes d\u00e9pressifs r\u00e9duit le risque de futurs \u00e9pisodes de d\u00e9pression. \u00bb Ainsi, en aidant votre enfant \u00e0 reconna\u00eetre ses sentiments et \u00e0 les traiter maintenant, vous le pr\u00e9parez \u00e0 des mod\u00e8les de sant\u00e9 mentale plus r\u00e9silients et plus efficaces \u00e0 l\u2019avenir.<\/p>\n","protected":false},"excerpt":{"rendered":"<p>Les signes de d\u00e9pression chez les enfants ne sont pas n\u00e9cessairement les m\u00eames que chez les adultes. C&rsquo;est la saison de la d\u00e9pression saisonni\u00e8re. Les<\/p>\n","protected":false},"author":1,"featured_media":2256,"comment_status":"","ping_status":"","sticky":false,"template":"","format":"standard","meta":{"footnotes":""},"categories":[37],"tags":[3006,295,23,14,22,1140,18,8],"class_list":["post-2255","post","type-post","status-publish","format-standard","has-post-thumbnail","hentry","category-famille","tag-deprime","tag-enfant","tag-etre","tag-les","tag-peut","tag-signes","tag-sont","tag-votre","generate-columns","tablet-grid-50","mobile-grid-100","grid-parent","grid-33"],"yoast_head":"<!-- This site is optimized with the Yoast SEO plugin v24.0 - https:\/\/yoast.com\/wordpress\/plugins\/seo\/ -->\n<title>Ce sont les signes que votre enfant peut \u00eatre d\u00e9prim\u00e9 | Vie Associative<\/title>\n<meta name=\"robots\" content=\"index, follow, max-snippet:-1, max-image-preview:large, max-video-preview:-1\" \/>\n<link rel=\"canonical\" href=\"https:\/\/vieassociative.be\/actualites\/ce-sont-les-signes-que-votre-enfant-peut-etre-deprime\/\" \/>\n<meta property=\"og:locale\" content=\"fr_FR\" \/>\n<meta property=\"og:type\" content=\"article\" \/>\n<meta property=\"og:title\" content=\"Ce sont les signes que votre enfant peut \u00eatre d\u00e9prim\u00e9 | Vie Associative\" \/>\n<meta property=\"og:description\" content=\"Les signes de d\u00e9pression chez les enfants ne sont pas n\u00e9cessairement les m\u00eames que chez les adultes. C&rsquo;est la saison de la d\u00e9pression saisonni\u00e8re. Les\" \/>\n<meta property=\"og:url\" content=\"https:\/\/vieassociative.be\/actualites\/ce-sont-les-signes-que-votre-enfant-peut-etre-deprime\/\" \/>\n<meta property=\"og:site_name\" content=\"Vie Associative\" \/>\n<meta property=\"article:published_time\" content=\"2024-11-10T11:23:11+00:00\" \/>\n<meta property=\"og:image\" content=\"https:\/\/vieassociative.be\/actualites\/wp-content\/uploads\/2024\/09\/header_backgroundk-01-e1726694325946.png\" \/>\n\t<meta property=\"og:image:width\" content=\"279\" \/>\n\t<meta property=\"og:image:height\" content=\"92\" \/>\n\t<meta property=\"og:image:type\" content=\"image\/png\" \/>\n<meta name=\"author\" content=\"Julien\" \/>\n<meta name=\"twitter:card\" content=\"summary_large_image\" \/>\n<meta name=\"twitter:label1\" content=\"\u00c9crit par\" \/>\n\t<meta name=\"twitter:data1\" content=\"Julien\" \/>\n\t<meta name=\"twitter:label2\" content=\"Dur\u00e9e de lecture est.\" \/>\n\t<meta name=\"twitter:data2\" content=\"5 minutes\" \/>\n<script type=\"application\/ld+json\" class=\"yoast-schema-graph\">{\"@context\":\"https:\/\/schema.org\",\"@graph\":[{\"@type\":\"Article\",\"@id\":\"https:\/\/vieassociative.be\/actualites\/ce-sont-les-signes-que-votre-enfant-peut-etre-deprime\/#article\",\"isPartOf\":{\"@id\":\"https:\/\/vieassociative.be\/actualites\/ce-sont-les-signes-que-votre-enfant-peut-etre-deprime\/\"},\"author\":{\"name\":\"Julien\",\"@id\":\"https:\/\/vieassociative.be\/actualites\/#\/schema\/person\/b87ac4f82f9d4e7b7cec7395b679edc4\"},\"headline\":\"Ce sont les signes que votre enfant peut \u00eatre d\u00e9prim\u00e9\",\"datePublished\":\"2024-11-10T11:23:11+00:00\",\"dateModified\":\"2024-11-10T11:23:11+00:00\",\"mainEntityOfPage\":{\"@id\":\"https:\/\/vieassociative.be\/actualites\/ce-sont-les-signes-que-votre-enfant-peut-etre-deprime\/\"},\"wordCount\":1091,\"publisher\":{\"@id\":\"https:\/\/vieassociative.be\/actualites\/#organization\"},\"image\":{\"@id\":\"https:\/\/vieassociative.be\/actualites\/ce-sont-les-signes-que-votre-enfant-peut-etre-deprime\/#primaryimage\"},\"thumbnailUrl\":\"https:\/\/vieassociative.be\/actualites\/wp-content\/uploads\/2024\/11\/Ce-sont-les-signes-que-votre-enfant-peut-etre-deprime.jpg\",\"keywords\":[\"d\u00e9prim\u00e9\",\"enfant\",\"\u00eatre\",\"Les\",\"peut\",\"signes\",\"sont\",\"votre\"],\"articleSection\":[\"Famille\"],\"inLanguage\":\"fr-BE\"},{\"@type\":\"WebPage\",\"@id\":\"https:\/\/vieassociative.be\/actualites\/ce-sont-les-signes-que-votre-enfant-peut-etre-deprime\/\",\"url\":\"https:\/\/vieassociative.be\/actualites\/ce-sont-les-signes-que-votre-enfant-peut-etre-deprime\/\",\"name\":\"Ce sont les signes que votre enfant peut \u00eatre d\u00e9prim\u00e9 | Vie Associative\",\"isPartOf\":{\"@id\":\"https:\/\/vieassociative.be\/actualites\/#website\"},\"primaryImageOfPage\":{\"@id\":\"https:\/\/vieassociative.be\/actualites\/ce-sont-les-signes-que-votre-enfant-peut-etre-deprime\/#primaryimage\"},\"image\":{\"@id\":\"https:\/\/vieassociative.be\/actualites\/ce-sont-les-signes-que-votre-enfant-peut-etre-deprime\/#primaryimage\"},\"thumbnailUrl\":\"https:\/\/vieassociative.be\/actualites\/wp-content\/uploads\/2024\/11\/Ce-sont-les-signes-que-votre-enfant-peut-etre-deprime.jpg\",\"datePublished\":\"2024-11-10T11:23:11+00:00\",\"dateModified\":\"2024-11-10T11:23:11+00:00\",\"breadcrumb\":{\"@id\":\"https:\/\/vieassociative.be\/actualites\/ce-sont-les-signes-que-votre-enfant-peut-etre-deprime\/#breadcrumb\"},\"inLanguage\":\"fr-BE\",\"potentialAction\":[{\"@type\":\"ReadAction\",\"target\":[\"https:\/\/vieassociative.be\/actualites\/ce-sont-les-signes-que-votre-enfant-peut-etre-deprime\/\"]}]},{\"@type\":\"ImageObject\",\"inLanguage\":\"fr-BE\",\"@id\":\"https:\/\/vieassociative.be\/actualites\/ce-sont-les-signes-que-votre-enfant-peut-etre-deprime\/#primaryimage\",\"url\":\"https:\/\/vieassociative.be\/actualites\/wp-content\/uploads\/2024\/11\/Ce-sont-les-signes-que-votre-enfant-peut-etre-deprime.jpg\",\"contentUrl\":\"https:\/\/vieassociative.be\/actualites\/wp-content\/uploads\/2024\/11\/Ce-sont-les-signes-que-votre-enfant-peut-etre-deprime.jpg\",\"width\":1200,\"height\":675,\"caption\":\"Ce sont les signes que votre enfant peut \u00eatre d\u00e9prim\u00e9\"},{\"@type\":\"BreadcrumbList\",\"@id\":\"https:\/\/vieassociative.be\/actualites\/ce-sont-les-signes-que-votre-enfant-peut-etre-deprime\/#breadcrumb\",\"itemListElement\":[{\"@type\":\"ListItem\",\"position\":1,\"name\":\"Accueil\",\"item\":\"https:\/\/vieassociative.be\/actualites\/\"},{\"@type\":\"ListItem\",\"position\":2,\"name\":\"Ce sont les signes que votre enfant peut \u00eatre d\u00e9prim\u00e9\"}]},{\"@type\":\"WebSite\",\"@id\":\"https:\/\/vieassociative.be\/actualites\/#website\",\"url\":\"https:\/\/vieassociative.be\/actualites\/\",\"name\":\"Vie Associative\",\"description\":\"\",\"publisher\":{\"@id\":\"https:\/\/vieassociative.be\/actualites\/#organization\"},\"potentialAction\":[{\"@type\":\"SearchAction\",\"target\":{\"@type\":\"EntryPoint\",\"urlTemplate\":\"https:\/\/vieassociative.be\/actualites\/?s={search_term_string}\"},\"query-input\":{\"@type\":\"PropertyValueSpecification\",\"valueRequired\":true,\"valueName\":\"search_term_string\"}}],\"inLanguage\":\"fr-BE\"},{\"@type\":\"Organization\",\"@id\":\"https:\/\/vieassociative.be\/actualites\/#organization\",\"name\":\"Vie Associative\",\"url\":\"https:\/\/vieassociative.be\/actualites\/\",\"logo\":{\"@type\":\"ImageObject\",\"inLanguage\":\"fr-BE\",\"@id\":\"https:\/\/vieassociative.be\/actualites\/#\/schema\/logo\/image\/\",\"url\":\"https:\/\/vieassociative.be\/actualites\/wp-content\/uploads\/2024\/09\/cropped-vieassociative_favicon.ico.png\",\"contentUrl\":\"https:\/\/vieassociative.be\/actualites\/wp-content\/uploads\/2024\/09\/cropped-vieassociative_favicon.ico.png\",\"width\":512,\"height\":512,\"caption\":\"Vie Associative\"},\"image\":{\"@id\":\"https:\/\/vieassociative.be\/actualites\/#\/schema\/logo\/image\/\"}},{\"@type\":\"Person\",\"@id\":\"https:\/\/vieassociative.be\/actualites\/#\/schema\/person\/b87ac4f82f9d4e7b7cec7395b679edc4\",\"name\":\"Julien\",\"image\":{\"@type\":\"ImageObject\",\"inLanguage\":\"fr-BE\",\"@id\":\"https:\/\/vieassociative.be\/actualites\/#\/schema\/person\/image\/\",\"url\":\"https:\/\/vieassociative.be\/actualites\/wp-content\/uploads\/2024\/09\/vie-associative-1-150x150.jpg\",\"contentUrl\":\"https:\/\/vieassociative.be\/actualites\/wp-content\/uploads\/2024\/09\/vie-associative-1-150x150.jpg\",\"caption\":\"Julien\"},\"description\":\"Je suis Julien, r\u00e9dacteur pour Vie Associative. Passionn\u00e9 par le monde associatif depuis plus de 10 ans, j'ai \u00e0 c\u0153ur de partager des histoires inspirantes et de mettre en lumi\u00e8re les initiatives locales. Mon objectif est de sensibiliser et d'encourager l'engagement communautaire \u00e0 travers mes articles.\",\"sameAs\":[\"https:\/\/vieassociative.be\/\"]}]}<\/script>\n<!-- \/ Yoast SEO plugin. -->","yoast_head_json":{"title":"Ce sont les signes que votre enfant peut \u00eatre d\u00e9prim\u00e9 | Vie Associative","robots":{"index":"index","follow":"follow","max-snippet":"max-snippet:-1","max-image-preview":"max-image-preview:large","max-video-preview":"max-video-preview:-1"},"canonical":"https:\/\/vieassociative.be\/actualites\/ce-sont-les-signes-que-votre-enfant-peut-etre-deprime\/","og_locale":"fr_FR","og_type":"article","og_title":"Ce sont les signes que votre enfant peut \u00eatre d\u00e9prim\u00e9 | Vie Associative","og_description":"Les signes de d\u00e9pression chez les enfants ne sont pas n\u00e9cessairement les m\u00eames que chez les adultes. C&rsquo;est la saison de la d\u00e9pression saisonni\u00e8re. Les","og_url":"https:\/\/vieassociative.be\/actualites\/ce-sont-les-signes-que-votre-enfant-peut-etre-deprime\/","og_site_name":"Vie Associative","article_published_time":"2024-11-10T11:23:11+00:00","og_image":[{"width":279,"height":92,"url":"https:\/\/vieassociative.be\/actualites\/wp-content\/uploads\/2024\/09\/header_backgroundk-01-e1726694325946.png","type":"image\/png"}],"author":"Julien","twitter_card":"summary_large_image","twitter_misc":{"\u00c9crit par":"Julien","Dur\u00e9e de lecture est.":"5 minutes"},"schema":{"@context":"https:\/\/schema.org","@graph":[{"@type":"Article","@id":"https:\/\/vieassociative.be\/actualites\/ce-sont-les-signes-que-votre-enfant-peut-etre-deprime\/#article","isPartOf":{"@id":"https:\/\/vieassociative.be\/actualites\/ce-sont-les-signes-que-votre-enfant-peut-etre-deprime\/"},"author":{"name":"Julien","@id":"https:\/\/vieassociative.be\/actualites\/#\/schema\/person\/b87ac4f82f9d4e7b7cec7395b679edc4"},"headline":"Ce sont les signes que votre enfant peut \u00eatre d\u00e9prim\u00e9","datePublished":"2024-11-10T11:23:11+00:00","dateModified":"2024-11-10T11:23:11+00:00","mainEntityOfPage":{"@id":"https:\/\/vieassociative.be\/actualites\/ce-sont-les-signes-que-votre-enfant-peut-etre-deprime\/"},"wordCount":1091,"publisher":{"@id":"https:\/\/vieassociative.be\/actualites\/#organization"},"image":{"@id":"https:\/\/vieassociative.be\/actualites\/ce-sont-les-signes-que-votre-enfant-peut-etre-deprime\/#primaryimage"},"thumbnailUrl":"https:\/\/vieassociative.be\/actualites\/wp-content\/uploads\/2024\/11\/Ce-sont-les-signes-que-votre-enfant-peut-etre-deprime.jpg","keywords":["d\u00e9prim\u00e9","enfant","\u00eatre","Les","peut","signes","sont","votre"],"articleSection":["Famille"],"inLanguage":"fr-BE"},{"@type":"WebPage","@id":"https:\/\/vieassociative.be\/actualites\/ce-sont-les-signes-que-votre-enfant-peut-etre-deprime\/","url":"https:\/\/vieassociative.be\/actualites\/ce-sont-les-signes-que-votre-enfant-peut-etre-deprime\/","name":"Ce sont les signes que votre enfant peut \u00eatre d\u00e9prim\u00e9 | Vie Associative","isPartOf":{"@id":"https:\/\/vieassociative.be\/actualites\/#website"},"primaryImageOfPage":{"@id":"https:\/\/vieassociative.be\/actualites\/ce-sont-les-signes-que-votre-enfant-peut-etre-deprime\/#primaryimage"},"image":{"@id":"https:\/\/vieassociative.be\/actualites\/ce-sont-les-signes-que-votre-enfant-peut-etre-deprime\/#primaryimage"},"thumbnailUrl":"https:\/\/vieassociative.be\/actualites\/wp-content\/uploads\/2024\/11\/Ce-sont-les-signes-que-votre-enfant-peut-etre-deprime.jpg","datePublished":"2024-11-10T11:23:11+00:00","dateModified":"2024-11-10T11:23:11+00:00","breadcrumb":{"@id":"https:\/\/vieassociative.be\/actualites\/ce-sont-les-signes-que-votre-enfant-peut-etre-deprime\/#breadcrumb"},"inLanguage":"fr-BE","potentialAction":[{"@type":"ReadAction","target":["https:\/\/vieassociative.be\/actualites\/ce-sont-les-signes-que-votre-enfant-peut-etre-deprime\/"]}]},{"@type":"ImageObject","inLanguage":"fr-BE","@id":"https:\/\/vieassociative.be\/actualites\/ce-sont-les-signes-que-votre-enfant-peut-etre-deprime\/#primaryimage","url":"https:\/\/vieassociative.be\/actualites\/wp-content\/uploads\/2024\/11\/Ce-sont-les-signes-que-votre-enfant-peut-etre-deprime.jpg","contentUrl":"https:\/\/vieassociative.be\/actualites\/wp-content\/uploads\/2024\/11\/Ce-sont-les-signes-que-votre-enfant-peut-etre-deprime.jpg","width":1200,"height":675,"caption":"Ce sont les signes que votre enfant peut \u00eatre d\u00e9prim\u00e9"},{"@type":"BreadcrumbList","@id":"https:\/\/vieassociative.be\/actualites\/ce-sont-les-signes-que-votre-enfant-peut-etre-deprime\/#breadcrumb","itemListElement":[{"@type":"ListItem","position":1,"name":"Accueil","item":"https:\/\/vieassociative.be\/actualites\/"},{"@type":"ListItem","position":2,"name":"Ce sont les signes que votre enfant peut \u00eatre d\u00e9prim\u00e9"}]},{"@type":"WebSite","@id":"https:\/\/vieassociative.be\/actualites\/#website","url":"https:\/\/vieassociative.be\/actualites\/","name":"Vie Associative","description":"","publisher":{"@id":"https:\/\/vieassociative.be\/actualites\/#organization"},"potentialAction":[{"@type":"SearchAction","target":{"@type":"EntryPoint","urlTemplate":"https:\/\/vieassociative.be\/actualites\/?s={search_term_string}"},"query-input":{"@type":"PropertyValueSpecification","valueRequired":true,"valueName":"search_term_string"}}],"inLanguage":"fr-BE"},{"@type":"Organization","@id":"https:\/\/vieassociative.be\/actualites\/#organization","name":"Vie Associative","url":"https:\/\/vieassociative.be\/actualites\/","logo":{"@type":"ImageObject","inLanguage":"fr-BE","@id":"https:\/\/vieassociative.be\/actualites\/#\/schema\/logo\/image\/","url":"https:\/\/vieassociative.be\/actualites\/wp-content\/uploads\/2024\/09\/cropped-vieassociative_favicon.ico.png","contentUrl":"https:\/\/vieassociative.be\/actualites\/wp-content\/uploads\/2024\/09\/cropped-vieassociative_favicon.ico.png","width":512,"height":512,"caption":"Vie Associative"},"image":{"@id":"https:\/\/vieassociative.be\/actualites\/#\/schema\/logo\/image\/"}},{"@type":"Person","@id":"https:\/\/vieassociative.be\/actualites\/#\/schema\/person\/b87ac4f82f9d4e7b7cec7395b679edc4","name":"Julien","image":{"@type":"ImageObject","inLanguage":"fr-BE","@id":"https:\/\/vieassociative.be\/actualites\/#\/schema\/person\/image\/","url":"https:\/\/vieassociative.be\/actualites\/wp-content\/uploads\/2024\/09\/vie-associative-1-150x150.jpg","contentUrl":"https:\/\/vieassociative.be\/actualites\/wp-content\/uploads\/2024\/09\/vie-associative-1-150x150.jpg","caption":"Julien"},"description":"Je suis Julien, r\u00e9dacteur pour Vie Associative. Passionn\u00e9 par le monde associatif depuis plus de 10 ans, j'ai \u00e0 c\u0153ur de partager des histoires inspirantes et de mettre en lumi\u00e8re les initiatives locales. Mon objectif est de sensibiliser et d'encourager l'engagement communautaire \u00e0 travers mes articles.","sameAs":["https:\/\/vieassociative.be\/"]}]}},"_links":{"self":[{"href":"https:\/\/vieassociative.be\/actualites\/wp-json\/wp\/v2\/posts\/2255"}],"collection":[{"href":"https:\/\/vieassociative.be\/actualites\/wp-json\/wp\/v2\/posts"}],"about":[{"href":"https:\/\/vieassociative.be\/actualites\/wp-json\/wp\/v2\/types\/post"}],"author":[{"embeddable":true,"href":"https:\/\/vieassociative.be\/actualites\/wp-json\/wp\/v2\/users\/1"}],"replies":[{"embeddable":true,"href":"https:\/\/vieassociative.be\/actualites\/wp-json\/wp\/v2\/comments?post=2255"}],"version-history":[{"count":0,"href":"https:\/\/vieassociative.be\/actualites\/wp-json\/wp\/v2\/posts\/2255\/revisions"}],"wp:featuredmedia":[{"embeddable":true,"href":"https:\/\/vieassociative.be\/actualites\/wp-json\/wp\/v2\/media\/2256"}],"wp:attachment":[{"href":"https:\/\/vieassociative.be\/actualites\/wp-json\/wp\/v2\/media?parent=2255"}],"wp:term":[{"taxonomy":"category","embeddable":true,"href":"https:\/\/vieassociative.be\/actualites\/wp-json\/wp\/v2\/categories?post=2255"},{"taxonomy":"post_tag","embeddable":true,"href":"https:\/\/vieassociative.be\/actualites\/wp-json\/wp\/v2\/tags?post=2255"}],"curies":[{"name":"wp","href":"https:\/\/api.w.org\/{rel}","templated":true}]}}