{"id":2251,"date":"2024-11-10T09:16:58","date_gmt":"2024-11-10T08:16:58","guid":{"rendered":"https:\/\/vieassociative.be\/actualites\/diables-rouges-avec-lukaku-contre-litalie-et-israel\/"},"modified":"2024-11-10T09:16:58","modified_gmt":"2024-11-10T08:16:58","slug":"diables-rouges-avec-lukaku-contre-litalie-et-israel","status":"publish","type":"post","link":"https:\/\/vieassociative.be\/actualites\/diables-rouges-avec-lukaku-contre-litalie-et-israel\/","title":{"rendered":"Diables Rouges avec Lukaku contre l&rsquo;Italie et Isra\u00ebl"},"content":{"rendered":"<p><strong>Domenico Tedesco a annonc\u00e9 vendredi sa composition d\u00e9finitive pour les Diables Rouges en 2024, qui accueilleront l&rsquo;Italie en Ligue des Nations le 14 novembre et affronteront Isra\u00ebl en Hongrie le 17 novembre.<\/strong><\/p>\n<p><span id=\"more-401276\"><\/span>Romelu Lukaku, disparu en septembre, quelques jours apr\u00e8s son transfert \u00e0 Naples, et en octobre, retrouve l&rsquo;\u00e9quipe nationale pour la premi\u00e8re fois depuis son \u00e9limination en huiti\u00e8mes de finale du Championnat d&rsquo;Europe. M\u00eame si le meilleur buteur belge a r\u00e9cemment affirm\u00e9 que \u00ab\u00a0le feu ne br\u00fble plus\u00a0\u00bb, Tedesco a apparemment eu une bonne conversation avec l&rsquo;attaquant pour le faire revenir.<\/p>\n<div id=\"attachment_401287\" class=\"wp-caption alignleft\" style=\"max-width: 300px\"><img fetchpriority=\"high\" decoding=\"async\" class=\"wp-image-401287 size-medium\" src=\"https:\/\/vieassociative.be\/actualites\/wp-content\/uploads\/2024\/11\/Diables-Rouges-avec-Lukaku-contre-lItalie-et-Israel.jpg\" alt=\"\" width=\"300\" height=\"200\"><\/p>\n<p class=\"wp-caption-text\">6 novembre 2024, Belgique, Bruges : Le jeune Joaquin Seys du FC Bruges (\u00e0 droite, ici en duel avec Morgan Rogers d&rsquo;Aston Villa) a \u00e9t\u00e9 nomin\u00e9 pour la premi\u00e8re fois dans l&rsquo;\u00e9quipe des Diables Rouges. Photo : Geert Vanden Wijngaert\/AP<\/p>\n<\/div>\n<p>Parmi les autres rapatri\u00e9s figurent Amadou Onana (Aston Villa) et Ameen Al-Dakhil (VfB Stuttgart). Un nouvel ajout est le d\u00e9fenseur Joaquin Seys du FC Bruges, qui peut jouer comme arri\u00e8re gauche ou droit.<\/p>\n<p>Quatre joueurs sont absents pour raisons m\u00e9dicales : Youri Tielemans (Aston Villa), Thomas Meunier (OSC Lille), Yannick Carrasco (Al-Shabab) et Sebastiaan Bornauw (VfL Wolfsburg). Le capitaine Kevin De Bruyne (Manchester City) n&rsquo;est pas non plus l\u00e0 car il a \u00e9t\u00e9 bless\u00e9 pendant une longue p\u00e9riode et ne se voit accorder que progressivement des minutes par son entra\u00eeneur Pep Guardiola.<\/p>\n<p>Certains jeunes joueurs comme Arthur Vermeeren (RB Leipzig), Kilian Sardella (RSC Anderlecht) et Mika Godts (Ajax Amsterdam) ont \u00e9t\u00e9 mis \u00e0 disposition de l&rsquo;\u00e9quipe nationale U21, qui a disput\u00e9 deux matchs cruciaux de qualification pour la participation aux U21 les 15 et 19 novembre. -Championnat d&rsquo;Europe 2025 contre la R\u00e9publique tch\u00e8que. (cr\u00e9er)<\/p>\n<h3>L&rsquo;\u00e9quipe pour les matchs r\u00e9gionaux contre l&rsquo;Italie et Isra\u00ebl<\/h3>\n<p><b>Gardien de but: <\/b>Koen Casteels (Al-Qadsiah\/Arabie Saoudite), Maarten Vandevoordt (RB Leipzig), Matz Sels (Nottingham Forest)<\/p>\n<p><b>D\u00e9fenseur: <\/b>Timothy Castagne (Fulham), Zeno Debast (Sporting Lisbonne), Maxim De Cuyper (FC Bruges), Wout Faes (Leicester), Arthur Theate (Eintracht Francfort), Matte Smets (KRC Genk), Joaquin Seys (Club Brugge), Ameen Al -Dakhil (VfB Stuttgart)<\/p>\n<p><b>Milieu de terrain : <\/b>Amadou Onana (Aston Villa), Orel Mangala (Everton), Arne Engels (Augsbourg), Rom\u00e9o Lavia (Chelsea)<\/p>\n<p><b>Attaquant: <\/b>Johan Bakayoko (PSV Eindhoven), Jeremy Doku (Manchester City), Dodi Lukebakio (Sevilla FC), Lo\u00efs Openda (RB Leipzig), Leandro Trossard (Arsenal), Charles De Ketelaere (Atalanta Bergame), Malick Fofana (Olympique de Lyon), Romelu Lukaku (SSC Naples)<\/p>\n","protected":false},"excerpt":{"rendered":"<p>Domenico Tedesco a annonc\u00e9 vendredi sa composition d\u00e9finitive pour les Diables Rouges en 2024, qui accueilleront l&rsquo;Italie en Ligue des Nations le 14 novembre et<\/p>\n","protected":false},"author":1,"featured_media":2252,"comment_status":"","ping_status":"","sticky":false,"template":"","format":"standard","meta":{"footnotes":""},"categories":[298],"tags":[61,796,2389,3004,3003,3002,2366],"class_list":["post-2251","post","type-post","status-publish","format-standard","has-post-thumbnail","hentry","category-belgique","tag-avec","tag-contre","tag-diables","tag-israel","tag-litalie","tag-lukaku","tag-rouges","generate-columns","tablet-grid-50","mobile-grid-100","grid-parent","grid-33"],"yoast_head":"<!-- This site is optimized with the Yoast SEO plugin v24.0 - https:\/\/yoast.com\/wordpress\/plugins\/seo\/ -->\n<title>Diables Rouges avec Lukaku contre l&#039;Italie et Isra\u00ebl | Vie Associative<\/title>\n<meta name=\"robots\" content=\"index, follow, max-snippet:-1, max-image-preview:large, max-video-preview:-1\" \/>\n<link rel=\"canonical\" href=\"https:\/\/vieassociative.be\/actualites\/diables-rouges-avec-lukaku-contre-litalie-et-israel\/\" \/>\n<meta property=\"og:locale\" content=\"fr_FR\" \/>\n<meta property=\"og:type\" content=\"article\" \/>\n<meta property=\"og:title\" content=\"Diables Rouges avec Lukaku contre l&#039;Italie et Isra\u00ebl | Vie Associative\" \/>\n<meta property=\"og:description\" content=\"Domenico Tedesco a annonc\u00e9 vendredi sa composition d\u00e9finitive pour les Diables Rouges en 2024, qui accueilleront l&rsquo;Italie en Ligue des Nations le 14 novembre et\" \/>\n<meta property=\"og:url\" content=\"https:\/\/vieassociative.be\/actualites\/diables-rouges-avec-lukaku-contre-litalie-et-israel\/\" \/>\n<meta property=\"og:site_name\" content=\"Vie Associative\" \/>\n<meta property=\"article:published_time\" content=\"2024-11-10T08:16:58+00:00\" \/>\n<meta property=\"og:image\" content=\"https:\/\/vieassociative.be\/actualites\/wp-content\/uploads\/2024\/11\/Diables-Rouges-avec-Lukaku-contre-lItalie-et-Israel.jpg\" \/>\n<meta name=\"author\" content=\"Julien\" \/>\n<meta name=\"twitter:card\" content=\"summary_large_image\" \/>\n<meta name=\"twitter:label1\" content=\"\u00c9crit par\" \/>\n\t<meta name=\"twitter:data1\" content=\"Julien\" \/>\n\t<meta name=\"twitter:label2\" content=\"Dur\u00e9e de lecture est.\" \/>\n\t<meta name=\"twitter:data2\" content=\"2 minutes\" \/>\n<script type=\"application\/ld+json\" class=\"yoast-schema-graph\">{\"@context\":\"https:\/\/schema.org\",\"@graph\":[{\"@type\":\"Article\",\"@id\":\"https:\/\/vieassociative.be\/actualites\/diables-rouges-avec-lukaku-contre-litalie-et-israel\/#article\",\"isPartOf\":{\"@id\":\"https:\/\/vieassociative.be\/actualites\/diables-rouges-avec-lukaku-contre-litalie-et-israel\/\"},\"author\":{\"name\":\"Julien\",\"@id\":\"https:\/\/vieassociative.be\/actualites\/#\/schema\/person\/b87ac4f82f9d4e7b7cec7395b679edc4\"},\"headline\":\"Diables Rouges avec Lukaku contre l&rsquo;Italie et Isra\u00ebl\",\"datePublished\":\"2024-11-10T08:16:58+00:00\",\"dateModified\":\"2024-11-10T08:16:58+00:00\",\"mainEntityOfPage\":{\"@id\":\"https:\/\/vieassociative.be\/actualites\/diables-rouges-avec-lukaku-contre-litalie-et-israel\/\"},\"wordCount\":415,\"publisher\":{\"@id\":\"https:\/\/vieassociative.be\/actualites\/#organization\"},\"image\":{\"@id\":\"https:\/\/vieassociative.be\/actualites\/diables-rouges-avec-lukaku-contre-litalie-et-israel\/#primaryimage\"},\"thumbnailUrl\":\"https:\/\/vieassociative.be\/actualites\/wp-content\/uploads\/2024\/11\/1731226618_Diables-Rouges-avec-Lukaku-contre-lItalie-et-Israel.jpg\",\"keywords\":[\"avec\",\"contre\",\"Diables\",\"Isra\u00ebl\",\"lItalie\",\"Lukaku\",\"rouges\"],\"articleSection\":[\"Belgique\"],\"inLanguage\":\"fr-BE\"},{\"@type\":\"WebPage\",\"@id\":\"https:\/\/vieassociative.be\/actualites\/diables-rouges-avec-lukaku-contre-litalie-et-israel\/\",\"url\":\"https:\/\/vieassociative.be\/actualites\/diables-rouges-avec-lukaku-contre-litalie-et-israel\/\",\"name\":\"Diables Rouges avec Lukaku contre l'Italie et Isra\u00ebl | Vie Associative\",\"isPartOf\":{\"@id\":\"https:\/\/vieassociative.be\/actualites\/#website\"},\"primaryImageOfPage\":{\"@id\":\"https:\/\/vieassociative.be\/actualites\/diables-rouges-avec-lukaku-contre-litalie-et-israel\/#primaryimage\"},\"image\":{\"@id\":\"https:\/\/vieassociative.be\/actualites\/diables-rouges-avec-lukaku-contre-litalie-et-israel\/#primaryimage\"},\"thumbnailUrl\":\"https:\/\/vieassociative.be\/actualites\/wp-content\/uploads\/2024\/11\/1731226618_Diables-Rouges-avec-Lukaku-contre-lItalie-et-Israel.jpg\",\"datePublished\":\"2024-11-10T08:16:58+00:00\",\"dateModified\":\"2024-11-10T08:16:58+00:00\",\"breadcrumb\":{\"@id\":\"https:\/\/vieassociative.be\/actualites\/diables-rouges-avec-lukaku-contre-litalie-et-israel\/#breadcrumb\"},\"inLanguage\":\"fr-BE\",\"potentialAction\":[{\"@type\":\"ReadAction\",\"target\":[\"https:\/\/vieassociative.be\/actualites\/diables-rouges-avec-lukaku-contre-litalie-et-israel\/\"]}]},{\"@type\":\"ImageObject\",\"inLanguage\":\"fr-BE\",\"@id\":\"https:\/\/vieassociative.be\/actualites\/diables-rouges-avec-lukaku-contre-litalie-et-israel\/#primaryimage\",\"url\":\"https:\/\/vieassociative.be\/actualites\/wp-content\/uploads\/2024\/11\/1731226618_Diables-Rouges-avec-Lukaku-contre-lItalie-et-Israel.jpg\",\"contentUrl\":\"https:\/\/vieassociative.be\/actualites\/wp-content\/uploads\/2024\/11\/1731226618_Diables-Rouges-avec-Lukaku-contre-lItalie-et-Israel.jpg\",\"width\":1200,\"height\":800,\"caption\":\"Diables Rouges avec Lukaku contre l'Italie et Isra\u00ebl\"},{\"@type\":\"BreadcrumbList\",\"@id\":\"https:\/\/vieassociative.be\/actualites\/diables-rouges-avec-lukaku-contre-litalie-et-israel\/#breadcrumb\",\"itemListElement\":[{\"@type\":\"ListItem\",\"position\":1,\"name\":\"Accueil\",\"item\":\"https:\/\/vieassociative.be\/actualites\/\"},{\"@type\":\"ListItem\",\"position\":2,\"name\":\"Diables Rouges avec Lukaku contre l&rsquo;Italie et Isra\u00ebl\"}]},{\"@type\":\"WebSite\",\"@id\":\"https:\/\/vieassociative.be\/actualites\/#website\",\"url\":\"https:\/\/vieassociative.be\/actualites\/\",\"name\":\"Vie Associative\",\"description\":\"\",\"publisher\":{\"@id\":\"https:\/\/vieassociative.be\/actualites\/#organization\"},\"potentialAction\":[{\"@type\":\"SearchAction\",\"target\":{\"@type\":\"EntryPoint\",\"urlTemplate\":\"https:\/\/vieassociative.be\/actualites\/?s={search_term_string}\"},\"query-input\":{\"@type\":\"PropertyValueSpecification\",\"valueRequired\":true,\"valueName\":\"search_term_string\"}}],\"inLanguage\":\"fr-BE\"},{\"@type\":\"Organization\",\"@id\":\"https:\/\/vieassociative.be\/actualites\/#organization\",\"name\":\"Vie Associative\",\"url\":\"https:\/\/vieassociative.be\/actualites\/\",\"logo\":{\"@type\":\"ImageObject\",\"inLanguage\":\"fr-BE\",\"@id\":\"https:\/\/vieassociative.be\/actualites\/#\/schema\/logo\/image\/\",\"url\":\"https:\/\/vieassociative.be\/actualites\/wp-content\/uploads\/2024\/09\/cropped-vieassociative_favicon.ico.png\",\"contentUrl\":\"https:\/\/vieassociative.be\/actualites\/wp-content\/uploads\/2024\/09\/cropped-vieassociative_favicon.ico.png\",\"width\":512,\"height\":512,\"caption\":\"Vie Associative\"},\"image\":{\"@id\":\"https:\/\/vieassociative.be\/actualites\/#\/schema\/logo\/image\/\"}},{\"@type\":\"Person\",\"@id\":\"https:\/\/vieassociative.be\/actualites\/#\/schema\/person\/b87ac4f82f9d4e7b7cec7395b679edc4\",\"name\":\"Julien\",\"image\":{\"@type\":\"ImageObject\",\"inLanguage\":\"fr-BE\",\"@id\":\"https:\/\/vieassociative.be\/actualites\/#\/schema\/person\/image\/\",\"url\":\"https:\/\/vieassociative.be\/actualites\/wp-content\/uploads\/2024\/09\/vie-associative-1-150x150.jpg\",\"contentUrl\":\"https:\/\/vieassociative.be\/actualites\/wp-content\/uploads\/2024\/09\/vie-associative-1-150x150.jpg\",\"caption\":\"Julien\"},\"description\":\"Je suis Julien, r\u00e9dacteur pour Vie Associative. Passionn\u00e9 par le monde associatif depuis plus de 10 ans, j'ai \u00e0 c\u0153ur de partager des histoires inspirantes et de mettre en lumi\u00e8re les initiatives locales. Mon objectif est de sensibiliser et d'encourager l'engagement communautaire \u00e0 travers mes articles.\",\"sameAs\":[\"https:\/\/vieassociative.be\/\"]}]}<\/script>\n<!-- \/ Yoast SEO plugin. -->","yoast_head_json":{"title":"Diables Rouges avec Lukaku contre l'Italie et Isra\u00ebl | Vie Associative","robots":{"index":"index","follow":"follow","max-snippet":"max-snippet:-1","max-image-preview":"max-image-preview:large","max-video-preview":"max-video-preview:-1"},"canonical":"https:\/\/vieassociative.be\/actualites\/diables-rouges-avec-lukaku-contre-litalie-et-israel\/","og_locale":"fr_FR","og_type":"article","og_title":"Diables Rouges avec Lukaku contre l'Italie et Isra\u00ebl | Vie Associative","og_description":"Domenico Tedesco a annonc\u00e9 vendredi sa composition d\u00e9finitive pour les Diables Rouges en 2024, qui accueilleront l&rsquo;Italie en Ligue des Nations le 14 novembre et","og_url":"https:\/\/vieassociative.be\/actualites\/diables-rouges-avec-lukaku-contre-litalie-et-israel\/","og_site_name":"Vie Associative","article_published_time":"2024-11-10T08:16:58+00:00","og_image":[{"url":"https:\/\/vieassociative.be\/actualites\/wp-content\/uploads\/2024\/11\/Diables-Rouges-avec-Lukaku-contre-lItalie-et-Israel.jpg","type":"","width":"","height":""}],"author":"Julien","twitter_card":"summary_large_image","twitter_misc":{"\u00c9crit par":"Julien","Dur\u00e9e de lecture est.":"2 minutes"},"schema":{"@context":"https:\/\/schema.org","@graph":[{"@type":"Article","@id":"https:\/\/vieassociative.be\/actualites\/diables-rouges-avec-lukaku-contre-litalie-et-israel\/#article","isPartOf":{"@id":"https:\/\/vieassociative.be\/actualites\/diables-rouges-avec-lukaku-contre-litalie-et-israel\/"},"author":{"name":"Julien","@id":"https:\/\/vieassociative.be\/actualites\/#\/schema\/person\/b87ac4f82f9d4e7b7cec7395b679edc4"},"headline":"Diables Rouges avec Lukaku contre l&rsquo;Italie et Isra\u00ebl","datePublished":"2024-11-10T08:16:58+00:00","dateModified":"2024-11-10T08:16:58+00:00","mainEntityOfPage":{"@id":"https:\/\/vieassociative.be\/actualites\/diables-rouges-avec-lukaku-contre-litalie-et-israel\/"},"wordCount":415,"publisher":{"@id":"https:\/\/vieassociative.be\/actualites\/#organization"},"image":{"@id":"https:\/\/vieassociative.be\/actualites\/diables-rouges-avec-lukaku-contre-litalie-et-israel\/#primaryimage"},"thumbnailUrl":"https:\/\/vieassociative.be\/actualites\/wp-content\/uploads\/2024\/11\/1731226618_Diables-Rouges-avec-Lukaku-contre-lItalie-et-Israel.jpg","keywords":["avec","contre","Diables","Isra\u00ebl","lItalie","Lukaku","rouges"],"articleSection":["Belgique"],"inLanguage":"fr-BE"},{"@type":"WebPage","@id":"https:\/\/vieassociative.be\/actualites\/diables-rouges-avec-lukaku-contre-litalie-et-israel\/","url":"https:\/\/vieassociative.be\/actualites\/diables-rouges-avec-lukaku-contre-litalie-et-israel\/","name":"Diables Rouges avec Lukaku contre l'Italie et Isra\u00ebl | Vie Associative","isPartOf":{"@id":"https:\/\/vieassociative.be\/actualites\/#website"},"primaryImageOfPage":{"@id":"https:\/\/vieassociative.be\/actualites\/diables-rouges-avec-lukaku-contre-litalie-et-israel\/#primaryimage"},"image":{"@id":"https:\/\/vieassociative.be\/actualites\/diables-rouges-avec-lukaku-contre-litalie-et-israel\/#primaryimage"},"thumbnailUrl":"https:\/\/vieassociative.be\/actualites\/wp-content\/uploads\/2024\/11\/1731226618_Diables-Rouges-avec-Lukaku-contre-lItalie-et-Israel.jpg","datePublished":"2024-11-10T08:16:58+00:00","dateModified":"2024-11-10T08:16:58+00:00","breadcrumb":{"@id":"https:\/\/vieassociative.be\/actualites\/diables-rouges-avec-lukaku-contre-litalie-et-israel\/#breadcrumb"},"inLanguage":"fr-BE","potentialAction":[{"@type":"ReadAction","target":["https:\/\/vieassociative.be\/actualites\/diables-rouges-avec-lukaku-contre-litalie-et-israel\/"]}]},{"@type":"ImageObject","inLanguage":"fr-BE","@id":"https:\/\/vieassociative.be\/actualites\/diables-rouges-avec-lukaku-contre-litalie-et-israel\/#primaryimage","url":"https:\/\/vieassociative.be\/actualites\/wp-content\/uploads\/2024\/11\/1731226618_Diables-Rouges-avec-Lukaku-contre-lItalie-et-Israel.jpg","contentUrl":"https:\/\/vieassociative.be\/actualites\/wp-content\/uploads\/2024\/11\/1731226618_Diables-Rouges-avec-Lukaku-contre-lItalie-et-Israel.jpg","width":1200,"height":800,"caption":"Diables Rouges avec Lukaku contre l'Italie et Isra\u00ebl"},{"@type":"BreadcrumbList","@id":"https:\/\/vieassociative.be\/actualites\/diables-rouges-avec-lukaku-contre-litalie-et-israel\/#breadcrumb","itemListElement":[{"@type":"ListItem","position":1,"name":"Accueil","item":"https:\/\/vieassociative.be\/actualites\/"},{"@type":"ListItem","position":2,"name":"Diables Rouges avec Lukaku contre l&rsquo;Italie et Isra\u00ebl"}]},{"@type":"WebSite","@id":"https:\/\/vieassociative.be\/actualites\/#website","url":"https:\/\/vieassociative.be\/actualites\/","name":"Vie Associative","description":"","publisher":{"@id":"https:\/\/vieassociative.be\/actualites\/#organization"},"potentialAction":[{"@type":"SearchAction","target":{"@type":"EntryPoint","urlTemplate":"https:\/\/vieassociative.be\/actualites\/?s={search_term_string}"},"query-input":{"@type":"PropertyValueSpecification","valueRequired":true,"valueName":"search_term_string"}}],"inLanguage":"fr-BE"},{"@type":"Organization","@id":"https:\/\/vieassociative.be\/actualites\/#organization","name":"Vie Associative","url":"https:\/\/vieassociative.be\/actualites\/","logo":{"@type":"ImageObject","inLanguage":"fr-BE","@id":"https:\/\/vieassociative.be\/actualites\/#\/schema\/logo\/image\/","url":"https:\/\/vieassociative.be\/actualites\/wp-content\/uploads\/2024\/09\/cropped-vieassociative_favicon.ico.png","contentUrl":"https:\/\/vieassociative.be\/actualites\/wp-content\/uploads\/2024\/09\/cropped-vieassociative_favicon.ico.png","width":512,"height":512,"caption":"Vie Associative"},"image":{"@id":"https:\/\/vieassociative.be\/actualites\/#\/schema\/logo\/image\/"}},{"@type":"Person","@id":"https:\/\/vieassociative.be\/actualites\/#\/schema\/person\/b87ac4f82f9d4e7b7cec7395b679edc4","name":"Julien","image":{"@type":"ImageObject","inLanguage":"fr-BE","@id":"https:\/\/vieassociative.be\/actualites\/#\/schema\/person\/image\/","url":"https:\/\/vieassociative.be\/actualites\/wp-content\/uploads\/2024\/09\/vie-associative-1-150x150.jpg","contentUrl":"https:\/\/vieassociative.be\/actualites\/wp-content\/uploads\/2024\/09\/vie-associative-1-150x150.jpg","caption":"Julien"},"description":"Je suis Julien, r\u00e9dacteur pour Vie Associative. Passionn\u00e9 par le monde associatif depuis plus de 10 ans, j'ai \u00e0 c\u0153ur de partager des histoires inspirantes et de mettre en lumi\u00e8re les initiatives locales. Mon objectif est de sensibiliser et d'encourager l'engagement communautaire \u00e0 travers mes articles.","sameAs":["https:\/\/vieassociative.be\/"]}]}},"_links":{"self":[{"href":"https:\/\/vieassociative.be\/actualites\/wp-json\/wp\/v2\/posts\/2251"}],"collection":[{"href":"https:\/\/vieassociative.be\/actualites\/wp-json\/wp\/v2\/posts"}],"about":[{"href":"https:\/\/vieassociative.be\/actualites\/wp-json\/wp\/v2\/types\/post"}],"author":[{"embeddable":true,"href":"https:\/\/vieassociative.be\/actualites\/wp-json\/wp\/v2\/users\/1"}],"replies":[{"embeddable":true,"href":"https:\/\/vieassociative.be\/actualites\/wp-json\/wp\/v2\/comments?post=2251"}],"version-history":[{"count":0,"href":"https:\/\/vieassociative.be\/actualites\/wp-json\/wp\/v2\/posts\/2251\/revisions"}],"wp:featuredmedia":[{"embeddable":true,"href":"https:\/\/vieassociative.be\/actualites\/wp-json\/wp\/v2\/media\/2252"}],"wp:attachment":[{"href":"https:\/\/vieassociative.be\/actualites\/wp-json\/wp\/v2\/media?parent=2251"}],"wp:term":[{"taxonomy":"category","embeddable":true,"href":"https:\/\/vieassociative.be\/actualites\/wp-json\/wp\/v2\/categories?post=2251"},{"taxonomy":"post_tag","embeddable":true,"href":"https:\/\/vieassociative.be\/actualites\/wp-json\/wp\/v2\/tags?post=2251"}],"curies":[{"name":"wp","href":"https:\/\/api.w.org\/{rel}","templated":true}]}}