{"id":2245,"date":"2024-11-10T06:18:23","date_gmt":"2024-11-10T05:18:23","guid":{"rendered":"https:\/\/vieassociative.be\/actualites\/que-faire-si-votre-enfant-est-un-je-sais-tout\/"},"modified":"2024-11-10T06:18:23","modified_gmt":"2024-11-10T05:18:23","slug":"que-faire-si-votre-enfant-est-un-je-sais-tout","status":"publish","type":"post","link":"https:\/\/vieassociative.be\/actualites\/que-faire-si-votre-enfant-est-un-je-sais-tout\/","title":{"rendered":"Que faire si votre enfant est un \u00ab je-sais-tout \u00bb"},"content":{"rendered":"<div class=\"mt-4 leading-6 md:mb-8\">C&rsquo;est une phase courante chez les enfants \u00e2g\u00e9s de 6 \u00e0 9 ans, mais certains auront besoin d&rsquo;un peu d&rsquo;aide suppl\u00e9mentaire pour la surmonter.<\/div>\n<p><\/p>\n<p>Ma fille \u00e9tait enthousiasm\u00e9e par la nouvelle fille dans la classe de Tae Kwon Do, majoritairement masculine. Apr\u00e8s le cours, j&rsquo;ai murmur\u00e9 : \u00ab Veux-tu aller lui parler ? Ma fille a hoch\u00e9 la t\u00eate et est all\u00e9e vers moi, j&rsquo;ai pens\u00e9 lui dire bonjour. Au lieu de cela, ma fille, qui va au Tae Kwon Do depuis exactement un mois, lui a donn\u00e9 quelques conseils puis s&rsquo;est \u00e9loign\u00e9e, la t\u00eate haute. La jeune fille avait l\u2019air d\u00e9courag\u00e9e. <\/p>\n<p>M\u00eame si j&rsquo;admire ma femme forte pour sa confiance en soi &#8211; et que je veux encourager cette confiance &#8211; je ne veux pas qu&rsquo;elle manque de se faire des amis. J&rsquo;ai donc parl\u00e9 avec la psychiatre et coach parentale Jess Beachkofsky sur la fa\u00e7on d&rsquo;apprendre \u00e0 votre enfant \u00e0 \u00eatre moins un \u00ab je-sais-tout \u00bb tout en l&rsquo;encourageant \u00e0 exprimer ce qu&rsquo;il pense. <\/p>\n<h2 id=\"why-are-little-kids-know-it-alls\">Pourquoi les petits enfants \u00ab savent tout \u00bb ?<\/h2>\n<p>\u00ab\u00a0L&rsquo;enfant qui sait tout est une \u00e9tape normale de d\u00e9veloppement que la plupart des enfants traversent au d\u00e9but de l&rsquo;\u00e9cole primaire, g\u00e9n\u00e9ralement entre 6 et 9 ans\u00a0\u00bb, explique Beachkofsky, certains enfants l&rsquo;atteignant plus visiblement que d&rsquo;autres. Elle mentionne que les enfants neurodivergents peuvent mettre plus de temps \u00e0 franchir cette \u00e9tape que \u00ab\u00a0la moyenne\u00a0\u00bb.<\/p>\n<p>Cela se produit dans le cadre de l&rsquo;effet Dunning-Kruger, dans lequel le manque de connaissances et de comp\u00e9tences d&rsquo;une personne dans un domaine donn\u00e9 l&rsquo;am\u00e8ne \u00e0 surestimer ses propres capacit\u00e9s. On dirait un enfant de 8 ans, non ? \u00ab Les enfants sont ravis de partager ce qu&rsquo;ils savent \u00bb, explique Beachkofsky. \u00ab Ils ont appris et ont commenc\u00e9 \u00e0 s&rsquo;int\u00e9resser \u00e0 l&rsquo;obtention de \u00ab bonnes \u00bb r\u00e9ponses ou \u00e0 la connaissance de \u00ab faits incontestables \u00bb. L\u2019\u00e9cole et les parents r\u00e9compensent ce genre d\u2019apprentissage, et \u00e7a fait du bien d\u2019\u00eatre f\u00e9licit\u00e9. Cependant, si cela est presque ennuyeux, \u00ab il peut \u00eatre tr\u00e8s difficile en tant que parent de rester les bras crois\u00e9s et de regarder son enfant s&rsquo;ostraciser parce qu&rsquo;il a toujours les \u00ab bonnes \u00bb r\u00e9ponses. <\/p>\n<p>Donc, si votre enfant ne traverse pas cette phase sans causer de dommages sociaux, il existe plusieurs fa\u00e7ons de l&rsquo;aider. <\/p>\n<h2 id=\"help-kids-gain-perspective\">Aidez les enfants \u00e0 prendre du recul<\/h2>\n<p>Bien qu&rsquo;il soit tr\u00e8s difficile de convaincre un enfant que son point de vue n&rsquo;est pas le seul, Beachkofsky d\u00e9clare : \u00ab L&rsquo;une des choses les plus importantes qu&rsquo;un parent puisse faire pour aider son enfant (et sa sant\u00e9 mentale) pendant cette p\u00e9riode d\u00e9licate est d&rsquo;essayer de l&rsquo;aider. votre enfant pour construire une certaine perspective. Bien qu&rsquo;il soit normal que les enfants soient \u00e9gocentriques, int\u00e9grer lentement les moments o\u00f9 les enfants peuvent voir les choses du point de vue des autres est une bonne pratique. En fait, l&rsquo;enseignant de troisi\u00e8me ann\u00e9e de mon enfant a fait de la \u00ab perspective \u00bb le \u00ab th\u00e8me \u00bb de toute l&rsquo;ann\u00e9e scolaire. <\/p>\n<p>Dans votre propre maison, Beachkofsky sugg\u00e8re : \u00ab Quelque temps apr\u00e8s qu&rsquo;un incident de type \u00ab je-sais-tout \u00bb se soit produit, demandez \u00e0 votre enfant ce qui se passait. Demandez-leur de d\u00e9crire la situation. Ensuite, proposez quelques r\u00e9flexions sur toute autre personne qui aurait pu avoir une opinion diff\u00e9rente ou qui n&rsquo;a pas pu faire de commentaires parce que votre enfant qui sait tout a pris le relais. Lors de l&rsquo;\u00e9change de Tae Kwon Do de ma fille, je pourrais dire : \u00ab Que pensez-vous qu&rsquo;elle a ressenti \u00e0 l&rsquo;id\u00e9e de recevoir un pourboire de quelqu&rsquo;un qui n&rsquo;est pas le professeur ? ou \u00ab\u00a0Comment vous sentiriez-vous si on vous disait que vous avez fait quelque chose de mal le premier jour ?\u00a0\u00bb <\/p>\n<p>Beachkofsky dit qu&rsquo;au lieu de faire honte \u00e0 votre enfant, assurez-vous que la fa\u00e7on dont vous formulez ces questions \u00ab est faite avec curiosit\u00e9 et amour, sans essayer de montrer \u00e0 votre enfant \u00e0 quel point il agissait de mani\u00e8re mauvaise et \u00e9go\u00efste, car la honte et la culpabilit\u00e9 n&rsquo;aideront pas cette situation. \u00e7a va mieux.<\/p>\n<h2 id=\"model-not-knowing-all-the-answers-to-their-questions\">Le mannequin ne conna\u00eet pas toutes les r\u00e9ponses \u00e0 ses questions<\/h2>\n<p>M\u00eame si nous ressentons parfois la pression d&rsquo;\u00eatre des figures parentales omniscientes, il n&rsquo;y a rien de mal \u00e0 ce que vous ne sachiez pas toujours tout. Montrer l\u2019exemple en ne connaissant pas toutes les r\u00e9ponses est un bon moyen d\u2019apprendre \u00e0 votre enfant qu\u2019il ne sait peut-\u00eatre pas tout non plus.<\/p>\n<p>En fait, \u00ab\u00a0souvent, une question perspicace peut susciter une attention encore plus positive qu\u2019une r\u00e9ponse correcte\u00a0\u00bb, explique Beachkofsky. J&rsquo;en suis venu \u00e0 appr\u00e9cier certaines des questions existentielles \u00e9tranges et merveilleuses de mes enfants et je leur ai dit autant. Parmi les favoris que j&rsquo;ai lou\u00e9s parce que je ne connais pas la r\u00e9ponse au cours de la derni\u00e8re ann\u00e9e, citons\u00a0: \u00ab\u00a0Pourquoi le comptage continue-t-il \u00e9ternellement\u00a0?\u00a0\u00bb \u00ab\u00a0Si vous vous mangiez, doubleriez-vous de taille ou dispara\u00eetriez-vous\u00a0?\u00a0\u00bb et \u00ab\u00a0Comment se fait-il que les humains puissent voir aussi loin qu&rsquo;ils le peuvent?\u00a0\u00bb<\/p>\n<h2 id=\"dont-act-like-a-know-it-all-yourself\">N&rsquo;agissez pas vous-m\u00eame comme un je-sais-tout<\/h2>\n<p>Lorsqu&rsquo;ils essaient d&rsquo;en savoir plus que vous, il est important d&rsquo;utiliser ces moments comme des moments d&rsquo;apprentissage. Quand ma fille me crie dessus parce qu&rsquo;en \u00e9coutant <em>Hamilton, <\/em>elle jure de haut en bas que le nom d&rsquo;un personnage est \u00ab Fafalette \u00bb, je peux faire deux choses. Je peux lui montrer ce que \u00e7a fait d&rsquo;\u00eatre avec quelqu&rsquo;un qui je-sais-tout et lui dire non, c&rsquo;est Lafayette, et pendant que j&rsquo;y suis, je peux \u00e9teindre la musique et lui parler de l&rsquo;histoire du Etats-Unis pour le reste du trajet en voiture. Beachkofsky dit que ce ne sera probablement pas une m\u00e9thode efficace pour freiner ce comportement. \u00ab\u00a0Si <em>tu es<\/em> toujours raison et en donnant les r\u00e9ponses \u00e0 tout le monde, alors on s&rsquo;attend \u00e0 ce que votre enfant veuille faire de m\u00eame \u00bb, dit-elle.<\/p>\n<p>Les corriger lorsqu&rsquo;ils ont tort ou les f\u00e9liciter lorsqu&rsquo;ils ont raison ne contribue pas \u00e0 am\u00e9liorer leurs comp\u00e9tences sociales. Au lieu de cela, \u00ab parfois, fournir des informations sur le contexte en rapport avec la situation peut \u00eatre utile pour prendre du recul \u00bb, dit-elle.<\/p>\n<p>\u00c0 ma fille, je peux dire que je n&rsquo;ai pas aim\u00e9 qu&rsquo;on me crie dessus ou que son ton m&rsquo;a bless\u00e9. Si vous dites que votre voiture peut parcourir un million de kilom\u00e8tres \u00e0 l&rsquo;heure et qu&rsquo;un enfant vous dit : \u00ab les voitures ne peuvent pas aller aussi vite \u00bb, Beachkofsky dit que vous pouvez dire quelque chose comme : \u00ab Quand j&rsquo;ai fait ce commentaire sur la vitesse \u00e0 laquelle ma voiture roule, c&rsquo;\u00e9tait gentil. d&rsquo;une blague. La vitesse exacte de la voiture n&rsquo;avait pas vraiment d&rsquo;importance parce que j&rsquo;\u00e9tais idiot et j&rsquo;essayais de rendre les choses dr\u00f4les. Parfois, les choses peuvent \u00eatre tr\u00e8s dr\u00f4les parce que je me trompe.<\/p>\n<p>En fin de compte, \u00ab\u00a0leur faire prendre conscience des autres, de leurs sentiments ou de leurs objectifs sera utile, mais cela prend aussi du temps\u00a0\u00bb, explique Beachkofsky. La plupart des enfants \u00ab liront la pi\u00e8ce \u00bb \u00e0 mesure qu&rsquo;ils grandissent, mais certains pourraient avoir besoin d&rsquo;un peu d&rsquo;aide pour apprendre qu&rsquo;avoir raison n&rsquo;est pas toujours la chose la plus importante. <\/p>\n","protected":false},"excerpt":{"rendered":"<p>C&rsquo;est une phase courante chez les enfants \u00e2g\u00e9s de 6 \u00e0 9 ans, mais certains auront besoin d&rsquo;un peu d&rsquo;aide suppl\u00e9mentaire pour la surmonter. Ma<\/p>\n","protected":false},"author":1,"featured_media":2246,"comment_status":"","ping_status":"","sticky":false,"template":"","format":"standard","meta":{"footnotes":""},"categories":[37],"tags":[295,76,127,2999,8],"class_list":["post-2245","post","type-post","status-publish","format-standard","has-post-thumbnail","hentry","category-famille","tag-enfant","tag-est","tag-faire","tag-jesaistout","tag-votre","generate-columns","tablet-grid-50","mobile-grid-100","grid-parent","grid-33"],"yoast_head":"<!-- This site is optimized with the Yoast SEO plugin v24.0 - https:\/\/yoast.com\/wordpress\/plugins\/seo\/ -->\n<title>Que faire si votre enfant est un \u00ab je-sais-tout \u00bb | Vie Associative<\/title>\n<meta name=\"robots\" content=\"index, follow, max-snippet:-1, max-image-preview:large, max-video-preview:-1\" \/>\n<link rel=\"canonical\" href=\"https:\/\/vieassociative.be\/actualites\/que-faire-si-votre-enfant-est-un-je-sais-tout\/\" \/>\n<meta property=\"og:locale\" content=\"fr_FR\" \/>\n<meta property=\"og:type\" content=\"article\" \/>\n<meta property=\"og:title\" content=\"Que faire si votre enfant est un \u00ab je-sais-tout \u00bb | Vie Associative\" \/>\n<meta property=\"og:description\" content=\"C&rsquo;est une phase courante chez les enfants \u00e2g\u00e9s de 6 \u00e0 9 ans, mais certains auront besoin d&rsquo;un peu d&rsquo;aide suppl\u00e9mentaire pour la surmonter. Ma\" \/>\n<meta property=\"og:url\" content=\"https:\/\/vieassociative.be\/actualites\/que-faire-si-votre-enfant-est-un-je-sais-tout\/\" \/>\n<meta property=\"og:site_name\" content=\"Vie Associative\" \/>\n<meta property=\"article:published_time\" content=\"2024-11-10T05:18:23+00:00\" \/>\n<meta property=\"og:image\" content=\"https:\/\/vieassociative.be\/actualites\/wp-content\/uploads\/2024\/09\/header_backgroundk-01-e1726694325946.png\" \/>\n\t<meta property=\"og:image:width\" content=\"279\" \/>\n\t<meta property=\"og:image:height\" content=\"92\" \/>\n\t<meta property=\"og:image:type\" content=\"image\/png\" \/>\n<meta name=\"author\" content=\"Julien\" \/>\n<meta name=\"twitter:card\" content=\"summary_large_image\" \/>\n<meta name=\"twitter:label1\" content=\"\u00c9crit par\" \/>\n\t<meta name=\"twitter:data1\" content=\"Julien\" \/>\n\t<meta name=\"twitter:label2\" content=\"Dur\u00e9e de lecture est.\" \/>\n\t<meta name=\"twitter:data2\" content=\"6 minutes\" \/>\n<script type=\"application\/ld+json\" class=\"yoast-schema-graph\">{\"@context\":\"https:\/\/schema.org\",\"@graph\":[{\"@type\":\"Article\",\"@id\":\"https:\/\/vieassociative.be\/actualites\/que-faire-si-votre-enfant-est-un-je-sais-tout\/#article\",\"isPartOf\":{\"@id\":\"https:\/\/vieassociative.be\/actualites\/que-faire-si-votre-enfant-est-un-je-sais-tout\/\"},\"author\":{\"name\":\"Julien\",\"@id\":\"https:\/\/vieassociative.be\/actualites\/#\/schema\/person\/b87ac4f82f9d4e7b7cec7395b679edc4\"},\"headline\":\"Que faire si votre enfant est un \u00ab je-sais-tout \u00bb\",\"datePublished\":\"2024-11-10T05:18:23+00:00\",\"dateModified\":\"2024-11-10T05:18:23+00:00\",\"mainEntityOfPage\":{\"@id\":\"https:\/\/vieassociative.be\/actualites\/que-faire-si-votre-enfant-est-un-je-sais-tout\/\"},\"wordCount\":1266,\"publisher\":{\"@id\":\"https:\/\/vieassociative.be\/actualites\/#organization\"},\"image\":{\"@id\":\"https:\/\/vieassociative.be\/actualites\/que-faire-si-votre-enfant-est-un-je-sais-tout\/#primaryimage\"},\"thumbnailUrl\":\"https:\/\/vieassociative.be\/actualites\/wp-content\/uploads\/2024\/11\/Que-faire-si-votre-enfant-est-un-je-sais-tout.jpg\",\"keywords\":[\"enfant\",\"est\",\"faire\",\"jesaistout\",\"votre\"],\"articleSection\":[\"Famille\"],\"inLanguage\":\"fr-BE\"},{\"@type\":\"WebPage\",\"@id\":\"https:\/\/vieassociative.be\/actualites\/que-faire-si-votre-enfant-est-un-je-sais-tout\/\",\"url\":\"https:\/\/vieassociative.be\/actualites\/que-faire-si-votre-enfant-est-un-je-sais-tout\/\",\"name\":\"Que faire si votre enfant est un \u00ab je-sais-tout \u00bb | Vie Associative\",\"isPartOf\":{\"@id\":\"https:\/\/vieassociative.be\/actualites\/#website\"},\"primaryImageOfPage\":{\"@id\":\"https:\/\/vieassociative.be\/actualites\/que-faire-si-votre-enfant-est-un-je-sais-tout\/#primaryimage\"},\"image\":{\"@id\":\"https:\/\/vieassociative.be\/actualites\/que-faire-si-votre-enfant-est-un-je-sais-tout\/#primaryimage\"},\"thumbnailUrl\":\"https:\/\/vieassociative.be\/actualites\/wp-content\/uploads\/2024\/11\/Que-faire-si-votre-enfant-est-un-je-sais-tout.jpg\",\"datePublished\":\"2024-11-10T05:18:23+00:00\",\"dateModified\":\"2024-11-10T05:18:23+00:00\",\"breadcrumb\":{\"@id\":\"https:\/\/vieassociative.be\/actualites\/que-faire-si-votre-enfant-est-un-je-sais-tout\/#breadcrumb\"},\"inLanguage\":\"fr-BE\",\"potentialAction\":[{\"@type\":\"ReadAction\",\"target\":[\"https:\/\/vieassociative.be\/actualites\/que-faire-si-votre-enfant-est-un-je-sais-tout\/\"]}]},{\"@type\":\"ImageObject\",\"inLanguage\":\"fr-BE\",\"@id\":\"https:\/\/vieassociative.be\/actualites\/que-faire-si-votre-enfant-est-un-je-sais-tout\/#primaryimage\",\"url\":\"https:\/\/vieassociative.be\/actualites\/wp-content\/uploads\/2024\/11\/Que-faire-si-votre-enfant-est-un-je-sais-tout.jpg\",\"contentUrl\":\"https:\/\/vieassociative.be\/actualites\/wp-content\/uploads\/2024\/11\/Que-faire-si-votre-enfant-est-un-je-sais-tout.jpg\",\"width\":1200,\"height\":675,\"caption\":\"Que faire si votre enfant est un \u00ab je-sais-tout \u00bb\"},{\"@type\":\"BreadcrumbList\",\"@id\":\"https:\/\/vieassociative.be\/actualites\/que-faire-si-votre-enfant-est-un-je-sais-tout\/#breadcrumb\",\"itemListElement\":[{\"@type\":\"ListItem\",\"position\":1,\"name\":\"Accueil\",\"item\":\"https:\/\/vieassociative.be\/actualites\/\"},{\"@type\":\"ListItem\",\"position\":2,\"name\":\"Que faire si votre enfant est un \u00ab je-sais-tout \u00bb\"}]},{\"@type\":\"WebSite\",\"@id\":\"https:\/\/vieassociative.be\/actualites\/#website\",\"url\":\"https:\/\/vieassociative.be\/actualites\/\",\"name\":\"Vie Associative\",\"description\":\"\",\"publisher\":{\"@id\":\"https:\/\/vieassociative.be\/actualites\/#organization\"},\"potentialAction\":[{\"@type\":\"SearchAction\",\"target\":{\"@type\":\"EntryPoint\",\"urlTemplate\":\"https:\/\/vieassociative.be\/actualites\/?s={search_term_string}\"},\"query-input\":{\"@type\":\"PropertyValueSpecification\",\"valueRequired\":true,\"valueName\":\"search_term_string\"}}],\"inLanguage\":\"fr-BE\"},{\"@type\":\"Organization\",\"@id\":\"https:\/\/vieassociative.be\/actualites\/#organization\",\"name\":\"Vie Associative\",\"url\":\"https:\/\/vieassociative.be\/actualites\/\",\"logo\":{\"@type\":\"ImageObject\",\"inLanguage\":\"fr-BE\",\"@id\":\"https:\/\/vieassociative.be\/actualites\/#\/schema\/logo\/image\/\",\"url\":\"https:\/\/vieassociative.be\/actualites\/wp-content\/uploads\/2024\/09\/cropped-vieassociative_favicon.ico.png\",\"contentUrl\":\"https:\/\/vieassociative.be\/actualites\/wp-content\/uploads\/2024\/09\/cropped-vieassociative_favicon.ico.png\",\"width\":512,\"height\":512,\"caption\":\"Vie Associative\"},\"image\":{\"@id\":\"https:\/\/vieassociative.be\/actualites\/#\/schema\/logo\/image\/\"}},{\"@type\":\"Person\",\"@id\":\"https:\/\/vieassociative.be\/actualites\/#\/schema\/person\/b87ac4f82f9d4e7b7cec7395b679edc4\",\"name\":\"Julien\",\"image\":{\"@type\":\"ImageObject\",\"inLanguage\":\"fr-BE\",\"@id\":\"https:\/\/vieassociative.be\/actualites\/#\/schema\/person\/image\/\",\"url\":\"https:\/\/vieassociative.be\/actualites\/wp-content\/uploads\/2024\/09\/vie-associative-1-150x150.jpg\",\"contentUrl\":\"https:\/\/vieassociative.be\/actualites\/wp-content\/uploads\/2024\/09\/vie-associative-1-150x150.jpg\",\"caption\":\"Julien\"},\"description\":\"Je suis Julien, r\u00e9dacteur pour Vie Associative. Passionn\u00e9 par le monde associatif depuis plus de 10 ans, j'ai \u00e0 c\u0153ur de partager des histoires inspirantes et de mettre en lumi\u00e8re les initiatives locales. Mon objectif est de sensibiliser et d'encourager l'engagement communautaire \u00e0 travers mes articles.\",\"sameAs\":[\"https:\/\/vieassociative.be\/\"]}]}<\/script>\n<!-- \/ Yoast SEO plugin. -->","yoast_head_json":{"title":"Que faire si votre enfant est un \u00ab je-sais-tout \u00bb | Vie Associative","robots":{"index":"index","follow":"follow","max-snippet":"max-snippet:-1","max-image-preview":"max-image-preview:large","max-video-preview":"max-video-preview:-1"},"canonical":"https:\/\/vieassociative.be\/actualites\/que-faire-si-votre-enfant-est-un-je-sais-tout\/","og_locale":"fr_FR","og_type":"article","og_title":"Que faire si votre enfant est un \u00ab je-sais-tout \u00bb | Vie Associative","og_description":"C&rsquo;est une phase courante chez les enfants \u00e2g\u00e9s de 6 \u00e0 9 ans, mais certains auront besoin d&rsquo;un peu d&rsquo;aide suppl\u00e9mentaire pour la surmonter. Ma","og_url":"https:\/\/vieassociative.be\/actualites\/que-faire-si-votre-enfant-est-un-je-sais-tout\/","og_site_name":"Vie Associative","article_published_time":"2024-11-10T05:18:23+00:00","og_image":[{"width":279,"height":92,"url":"https:\/\/vieassociative.be\/actualites\/wp-content\/uploads\/2024\/09\/header_backgroundk-01-e1726694325946.png","type":"image\/png"}],"author":"Julien","twitter_card":"summary_large_image","twitter_misc":{"\u00c9crit par":"Julien","Dur\u00e9e de lecture est.":"6 minutes"},"schema":{"@context":"https:\/\/schema.org","@graph":[{"@type":"Article","@id":"https:\/\/vieassociative.be\/actualites\/que-faire-si-votre-enfant-est-un-je-sais-tout\/#article","isPartOf":{"@id":"https:\/\/vieassociative.be\/actualites\/que-faire-si-votre-enfant-est-un-je-sais-tout\/"},"author":{"name":"Julien","@id":"https:\/\/vieassociative.be\/actualites\/#\/schema\/person\/b87ac4f82f9d4e7b7cec7395b679edc4"},"headline":"Que faire si votre enfant est un \u00ab je-sais-tout \u00bb","datePublished":"2024-11-10T05:18:23+00:00","dateModified":"2024-11-10T05:18:23+00:00","mainEntityOfPage":{"@id":"https:\/\/vieassociative.be\/actualites\/que-faire-si-votre-enfant-est-un-je-sais-tout\/"},"wordCount":1266,"publisher":{"@id":"https:\/\/vieassociative.be\/actualites\/#organization"},"image":{"@id":"https:\/\/vieassociative.be\/actualites\/que-faire-si-votre-enfant-est-un-je-sais-tout\/#primaryimage"},"thumbnailUrl":"https:\/\/vieassociative.be\/actualites\/wp-content\/uploads\/2024\/11\/Que-faire-si-votre-enfant-est-un-je-sais-tout.jpg","keywords":["enfant","est","faire","jesaistout","votre"],"articleSection":["Famille"],"inLanguage":"fr-BE"},{"@type":"WebPage","@id":"https:\/\/vieassociative.be\/actualites\/que-faire-si-votre-enfant-est-un-je-sais-tout\/","url":"https:\/\/vieassociative.be\/actualites\/que-faire-si-votre-enfant-est-un-je-sais-tout\/","name":"Que faire si votre enfant est un \u00ab je-sais-tout \u00bb | Vie Associative","isPartOf":{"@id":"https:\/\/vieassociative.be\/actualites\/#website"},"primaryImageOfPage":{"@id":"https:\/\/vieassociative.be\/actualites\/que-faire-si-votre-enfant-est-un-je-sais-tout\/#primaryimage"},"image":{"@id":"https:\/\/vieassociative.be\/actualites\/que-faire-si-votre-enfant-est-un-je-sais-tout\/#primaryimage"},"thumbnailUrl":"https:\/\/vieassociative.be\/actualites\/wp-content\/uploads\/2024\/11\/Que-faire-si-votre-enfant-est-un-je-sais-tout.jpg","datePublished":"2024-11-10T05:18:23+00:00","dateModified":"2024-11-10T05:18:23+00:00","breadcrumb":{"@id":"https:\/\/vieassociative.be\/actualites\/que-faire-si-votre-enfant-est-un-je-sais-tout\/#breadcrumb"},"inLanguage":"fr-BE","potentialAction":[{"@type":"ReadAction","target":["https:\/\/vieassociative.be\/actualites\/que-faire-si-votre-enfant-est-un-je-sais-tout\/"]}]},{"@type":"ImageObject","inLanguage":"fr-BE","@id":"https:\/\/vieassociative.be\/actualites\/que-faire-si-votre-enfant-est-un-je-sais-tout\/#primaryimage","url":"https:\/\/vieassociative.be\/actualites\/wp-content\/uploads\/2024\/11\/Que-faire-si-votre-enfant-est-un-je-sais-tout.jpg","contentUrl":"https:\/\/vieassociative.be\/actualites\/wp-content\/uploads\/2024\/11\/Que-faire-si-votre-enfant-est-un-je-sais-tout.jpg","width":1200,"height":675,"caption":"Que faire si votre enfant est un \u00ab je-sais-tout \u00bb"},{"@type":"BreadcrumbList","@id":"https:\/\/vieassociative.be\/actualites\/que-faire-si-votre-enfant-est-un-je-sais-tout\/#breadcrumb","itemListElement":[{"@type":"ListItem","position":1,"name":"Accueil","item":"https:\/\/vieassociative.be\/actualites\/"},{"@type":"ListItem","position":2,"name":"Que faire si votre enfant est un \u00ab je-sais-tout \u00bb"}]},{"@type":"WebSite","@id":"https:\/\/vieassociative.be\/actualites\/#website","url":"https:\/\/vieassociative.be\/actualites\/","name":"Vie Associative","description":"","publisher":{"@id":"https:\/\/vieassociative.be\/actualites\/#organization"},"potentialAction":[{"@type":"SearchAction","target":{"@type":"EntryPoint","urlTemplate":"https:\/\/vieassociative.be\/actualites\/?s={search_term_string}"},"query-input":{"@type":"PropertyValueSpecification","valueRequired":true,"valueName":"search_term_string"}}],"inLanguage":"fr-BE"},{"@type":"Organization","@id":"https:\/\/vieassociative.be\/actualites\/#organization","name":"Vie Associative","url":"https:\/\/vieassociative.be\/actualites\/","logo":{"@type":"ImageObject","inLanguage":"fr-BE","@id":"https:\/\/vieassociative.be\/actualites\/#\/schema\/logo\/image\/","url":"https:\/\/vieassociative.be\/actualites\/wp-content\/uploads\/2024\/09\/cropped-vieassociative_favicon.ico.png","contentUrl":"https:\/\/vieassociative.be\/actualites\/wp-content\/uploads\/2024\/09\/cropped-vieassociative_favicon.ico.png","width":512,"height":512,"caption":"Vie Associative"},"image":{"@id":"https:\/\/vieassociative.be\/actualites\/#\/schema\/logo\/image\/"}},{"@type":"Person","@id":"https:\/\/vieassociative.be\/actualites\/#\/schema\/person\/b87ac4f82f9d4e7b7cec7395b679edc4","name":"Julien","image":{"@type":"ImageObject","inLanguage":"fr-BE","@id":"https:\/\/vieassociative.be\/actualites\/#\/schema\/person\/image\/","url":"https:\/\/vieassociative.be\/actualites\/wp-content\/uploads\/2024\/09\/vie-associative-1-150x150.jpg","contentUrl":"https:\/\/vieassociative.be\/actualites\/wp-content\/uploads\/2024\/09\/vie-associative-1-150x150.jpg","caption":"Julien"},"description":"Je suis Julien, r\u00e9dacteur pour Vie Associative. Passionn\u00e9 par le monde associatif depuis plus de 10 ans, j'ai \u00e0 c\u0153ur de partager des histoires inspirantes et de mettre en lumi\u00e8re les initiatives locales. Mon objectif est de sensibiliser et d'encourager l'engagement communautaire \u00e0 travers mes articles.","sameAs":["https:\/\/vieassociative.be\/"]}]}},"_links":{"self":[{"href":"https:\/\/vieassociative.be\/actualites\/wp-json\/wp\/v2\/posts\/2245"}],"collection":[{"href":"https:\/\/vieassociative.be\/actualites\/wp-json\/wp\/v2\/posts"}],"about":[{"href":"https:\/\/vieassociative.be\/actualites\/wp-json\/wp\/v2\/types\/post"}],"author":[{"embeddable":true,"href":"https:\/\/vieassociative.be\/actualites\/wp-json\/wp\/v2\/users\/1"}],"replies":[{"embeddable":true,"href":"https:\/\/vieassociative.be\/actualites\/wp-json\/wp\/v2\/comments?post=2245"}],"version-history":[{"count":0,"href":"https:\/\/vieassociative.be\/actualites\/wp-json\/wp\/v2\/posts\/2245\/revisions"}],"wp:featuredmedia":[{"embeddable":true,"href":"https:\/\/vieassociative.be\/actualites\/wp-json\/wp\/v2\/media\/2246"}],"wp:attachment":[{"href":"https:\/\/vieassociative.be\/actualites\/wp-json\/wp\/v2\/media?parent=2245"}],"wp:term":[{"taxonomy":"category","embeddable":true,"href":"https:\/\/vieassociative.be\/actualites\/wp-json\/wp\/v2\/categories?post=2245"},{"taxonomy":"post_tag","embeddable":true,"href":"https:\/\/vieassociative.be\/actualites\/wp-json\/wp\/v2\/tags?post=2245"}],"curies":[{"name":"wp","href":"https:\/\/api.w.org\/{rel}","templated":true}]}}