{"id":2241,"date":"2024-11-10T03:17:05","date_gmt":"2024-11-10T02:17:05","guid":{"rendered":"https:\/\/vieassociative.be\/actualites\/la-conference-mondiale-sur-le-climat-souvre-lundi-a-bakou-la-victoire-electorale-de-trump-pourrait-jouer-un-role-important\/"},"modified":"2024-11-10T03:17:05","modified_gmt":"2024-11-10T02:17:05","slug":"la-conference-mondiale-sur-le-climat-souvre-lundi-a-bakou-la-victoire-electorale-de-trump-pourrait-jouer-un-role-important","status":"publish","type":"post","link":"https:\/\/vieassociative.be\/actualites\/la-conference-mondiale-sur-le-climat-souvre-lundi-a-bakou-la-victoire-electorale-de-trump-pourrait-jouer-un-role-important\/","title":{"rendered":"La conf\u00e9rence mondiale sur le climat s&rsquo;ouvre lundi \u00e0 Bakou &#8211; la victoire \u00e9lectorale de Trump pourrait jouer un r\u00f4le important"},"content":{"rendered":"<p><strong>Ukraine, Moyen-Orient, Trump, chaos des feux tricolores : les d\u00e9fis sont immenses. La crise climatique a gliss\u00e9 au second plan de l&rsquo;agenda politique, m\u00eame si elle s&rsquo;aggrave consid\u00e9rablement, comme le montrent les inondations catastrophiques comme celles r\u00e9cemment survenues en Espagne. La conf\u00e9rence mondiale annuelle sur le climat approche d\u00e9sormais, qui d\u00e9bute lundi \u00e0 Bakou, la capitale azerba\u00efdjanaise.<\/strong><\/p>\n<p><span id=\"more-401354\"><\/span>Cette fois-ci, plusieurs chefs d&rsquo;\u00c9tat et de gouvernement ont annul\u00e9 leur pr\u00e9sence. Cela vaut, entre autres, pour le chancelier allemand Olaf Scholz, le pr\u00e9sident am\u00e9ricain Joe Biden, le pr\u00e9sident br\u00e9silien Luiz In\u00e1cio Lula da Silva et la pr\u00e9sidente de la Commission europ\u00e9enne Ursula von der Leyen. Cependant, leurs d\u00e9l\u00e9gations sont repr\u00e9sent\u00e9es dans les n\u00e9gociations proprement dites.<\/p>\n<div id=\"attachment_401362\" class=\"wp-caption alignleft\" style=\"max-width: 300px\"><img fetchpriority=\"high\" decoding=\"async\" class=\"wp-image-401362 size-medium\" src=\"https:\/\/vieassociative.be\/actualites\/wp-content\/uploads\/2024\/11\/La-conference-mondiale-sur-le-climat-souvre-lundi-a-Bakou.jpg\" alt=\"\" width=\"300\" height=\"200\"><\/p>\n<p class=\"wp-caption-text\">9 novembre 2024, Azerba\u00efdjan, Bakou : des gens entrent dans le lieu avant le sommet des Nations Unies sur le climat COP29. Photo : Peter Dejong\/AP\/dpa<\/p>\n<\/div>\n<p>La d\u00e9l\u00e9gation belge est compos\u00e9e d&rsquo;environ 140 personnes, dont le Premier ministre Alexander De Croo et les ministres Zakia Khattabi (climat, environnement) et Tinne Van der Straeten (\u00e9nergie).<\/p>\n<p>La conf\u00e9rence sur le climat tourne entre les r\u00e9gions du monde. Apr\u00e8s l\u2019\u00c9gypte et les \u00c9mirats arabes unis, la r\u00e9union a lieu \u00e0 nouveau dans un pays h\u00f4te autocratique qui consid\u00e8re et souhaite \u00e9galement maintenir la production de p\u00e9trole et de gaz comme le pilier de son d\u00e9veloppement \u00e9conomique futur.<\/p>\n<p>Jusqu\u2019\u00e0 pr\u00e9sent, les \u00c9tats ont fait bien trop peu pour contrer l\u2019aggravation de la crise. Selon les plans actuels des Nations Unies, le monde se dirige vers un r\u00e9chauffement de 2,6 \u00e0 3,1 degr\u00e9s d&rsquo;ici la fin du si\u00e8cle, ce qui rendrait inhabitables des parties importantes de la plan\u00e8te. <\/p>\n<\/p>\n<div id=\"attachment_335670\" class=\"wp-caption alignleft\" style=\"max-width: 300px\"><img decoding=\"async\" class=\"wp-image-335670 size-medium\" src=\"https:\/\/vieassociative.be\/actualites\/wp-content\/uploads\/2024\/11\/La-conference-mondiale-sur-le-climat-souvre-lundi-a-Bakou.jpeg\" alt=\"\" width=\"300\" height=\"225\"><\/p>\n<p class=\"wp-caption-text\">Le 5 mars 2022, Berlin : des partisans et des membres du mouvement de protection de l&rsquo;environnement Extinction Rebellion ont plac\u00e9 le num\u00e9ro surdimensionn\u00e9 1,5\u00b0 sur le pont Marschall. Le chiffre 1,5 repr\u00e9sente l\u2019objectif de limiter \u00e0 1,5 degr\u00e9 Celsius l\u2019augmentation de la temp\u00e9rature mondiale provoqu\u00e9e par l\u2019effet de serre. Photo : Paul Zinken\/dpa<\/p>\n<\/div>\n<p>\u00ab Les cons\u00e9quences d&rsquo;un r\u00e9chauffement aussi extr\u00eame sur les populations, les soci\u00e9t\u00e9s et les \u00e9conomies sont inimaginables \u00bb, d\u00e9clare la directrice du Programme des Nations Unies pour l&rsquo;environnement, Inger Andersen.<\/p>\n<p>Selon le service europ\u00e9en sur le changement climatique Copernicus, l&rsquo;ann\u00e9e en cours sera presque certainement la premi\u00e8re depuis le d\u00e9but des enregistrements o\u00f9 la temp\u00e9rature moyenne \u00e9tait de plus de 1,5 degr\u00e9s plus \u00e9lev\u00e9e que la moyenne pr\u00e9industrielle. Cela signifie que ce sera \u00e9galement l\u2019ann\u00e9e la plus chaude depuis le d\u00e9but des mesures. Lors de la Conf\u00e9rence mondiale sur le climat de 2015 \u00e0 Paris, les pays du monde entier ont convenu de limiter le r\u00e9chauffement climatique \u00e0 moins de 2 degr\u00e9s, et si possible \u00e0 1,5 degr\u00e9s.<\/p>\n<p>Le climatologue Mojib Latif est sceptique quant \u00e0 la conf\u00e9rence mondiale sur le climat \u00e0 Bakou : \u00ab Les COP ne sont \u00e9videmment pas efficaces et il n&rsquo;y aura pas non plus de perc\u00e9e \u00e0 Bakou \u00bb, a-t-il d\u00e9clar\u00e9 \u00e0 l&rsquo;agence de presse allemande. \u00ab\u00a0M\u00eame s&rsquo;ils tentent de vendre la d\u00e9claration finale en tant que telle, comme cela a souvent \u00e9t\u00e9 le cas ces derni\u00e8res ann\u00e9es.\u00a0\u00bb<\/p>\n<p>L\u2019\u00e9lection de Donald Trump comme nouveau pr\u00e9sident des \u00c9tats-Unis pourrait jouer un r\u00f4le majeur. Lors de sa premi\u00e8re pr\u00e9sidence, les \u00c9tats-Unis sous Trump se sont retir\u00e9s de l\u2019accord de Paris sur le climat \u2013 et cela menace aujourd\u2019hui de se reproduire.<\/p>\n<div id=\"attachment_401361\" class=\"wp-caption alignleft\" style=\"max-width: 300px\"><img decoding=\"async\" class=\"wp-image-401361 size-medium\" src=\"https:\/\/vieassociative.be\/actualites\/wp-content\/uploads\/2024\/11\/1731205025_427_La-conference-mondiale-sur-le-climat-souvre-lundi-a-Bakou.jpg\" alt=\"\" width=\"300\" height=\"200\"><\/p>\n<p class=\"wp-caption-text\">9 novembre 2024, Azerba\u00efdjan, Bakou : un participant marche pr\u00e8s d&rsquo;un panneau annon\u00e7ant le sommet des Nations Unies sur le climat COP29. Photo : Peter Dejong\/AP\/dpa<\/p>\n<\/div>\n<p>Trump doute de la r\u00e9alit\u00e9 de la crise climatique et s\u2019efforcera d\u2019augmenter la production de p\u00e9trole et de gaz. Cependant, l\u2019expert climatique Jan Kowalzig d\u2019Oxfam estime que Trump ne fera que ralentir le chemin vers un monde sans combustibles fossiles, au lieu de l\u2019arr\u00eater. Les \u00e9nergies renouvelables sont d\u00e9sormais devenues trop bon march\u00e9 pour cela. Il sera toutefois extr\u00eamement difficile de soutenir les pays les plus pauvres sans les \u00c9tats-Unis.<\/p>\n<p>L&rsquo;ouragan destructeur \u00ab H\u00e9l\u00e8ne \u00bb, les inondations en Espagne, en Autriche et en Bosnie ainsi que les incendies de for\u00eat le montrent clairement : le monde devient de plus en plus dangereux. Il a \u00e9t\u00e9 prouv\u00e9 \u00e0 maintes reprises que le changement climatique agit comme un acc\u00e9l\u00e9rateur &#8211; pour des \u00e9v\u00e9nements individuels, par exemple, \u00e0 plusieurs reprises par l&rsquo;organisation World Weather Attribution.<\/p>\n<p>Johan Rockstr\u00f6m, directeur de l&rsquo;Institut de Potsdam pour la recherche sur l&rsquo;impact climatique, d\u00e9clare : \u00ab D&rsquo;un point de vue scientifique, il y a plus de raisons de s&rsquo;inqui\u00e9ter que jamais auparavant. Nous observons les premiers signes d&rsquo;une acc\u00e9l\u00e9ration du r\u00e9chauffement climatique et nous nous trouvons dans une situation dangereuse. \u00bb . Mais : \u00ab Il est encore possible de renverser la situation (dpa) \u00bb.<\/p>\n","protected":false},"excerpt":{"rendered":"<p>Ukraine, Moyen-Orient, Trump, chaos des feux tricolores : les d\u00e9fis sont immenses. La crise climatique a gliss\u00e9 au second plan de l&rsquo;agenda politique, m\u00eame si<\/p>\n","protected":false},"author":1,"featured_media":2242,"comment_status":"","ping_status":"","sticky":false,"template":"","format":"standard","meta":{"footnotes":""},"categories":[298],"tags":[2993,2991,2989,2842,2994,148,550,2990,1041,1016,2992,33,2425,784],"class_list":["post-2241","post","type-post","status-publish","format-standard","has-post-thumbnail","hentry","category-belgique","tag-bakou","tag-climat","tag-conference","tag-electorale","tag-important","tag-jouer","tag-lundi","tag-mondiale","tag-pourrait","tag-role","tag-souvre","tag-sur","tag-trump","tag-victoire","generate-columns","tablet-grid-50","mobile-grid-100","grid-parent","grid-33"],"yoast_head":"<!-- This site is optimized with the Yoast SEO plugin v24.0 - https:\/\/yoast.com\/wordpress\/plugins\/seo\/ -->\n<title>La conf\u00e9rence mondiale sur le climat s&#039;ouvre lundi \u00e0 Bakou - la victoire \u00e9lectorale de Trump pourrait jouer un r\u00f4le important | Vie Associative<\/title>\n<meta name=\"robots\" content=\"index, follow, max-snippet:-1, max-image-preview:large, max-video-preview:-1\" \/>\n<link rel=\"canonical\" href=\"https:\/\/vieassociative.be\/actualites\/la-conference-mondiale-sur-le-climat-souvre-lundi-a-bakou-la-victoire-electorale-de-trump-pourrait-jouer-un-role-important\/\" \/>\n<meta property=\"og:locale\" content=\"fr_FR\" \/>\n<meta property=\"og:type\" content=\"article\" \/>\n<meta property=\"og:title\" content=\"La conf\u00e9rence mondiale sur le climat s&#039;ouvre lundi \u00e0 Bakou - la victoire \u00e9lectorale de Trump pourrait jouer un r\u00f4le important | Vie Associative\" \/>\n<meta property=\"og:description\" content=\"Ukraine, Moyen-Orient, Trump, chaos des feux tricolores : les d\u00e9fis sont immenses. La crise climatique a gliss\u00e9 au second plan de l&rsquo;agenda politique, m\u00eame si\" \/>\n<meta property=\"og:url\" content=\"https:\/\/vieassociative.be\/actualites\/la-conference-mondiale-sur-le-climat-souvre-lundi-a-bakou-la-victoire-electorale-de-trump-pourrait-jouer-un-role-important\/\" \/>\n<meta property=\"og:site_name\" content=\"Vie Associative\" \/>\n<meta property=\"article:published_time\" content=\"2024-11-10T02:17:05+00:00\" \/>\n<meta property=\"og:image\" content=\"https:\/\/vieassociative.be\/actualites\/wp-content\/uploads\/2024\/11\/La-conference-mondiale-sur-le-climat-souvre-lundi-a-Bakou.jpg\" \/>\n<meta name=\"author\" content=\"Julien\" \/>\n<meta name=\"twitter:card\" content=\"summary_large_image\" \/>\n<meta name=\"twitter:label1\" content=\"\u00c9crit par\" \/>\n\t<meta name=\"twitter:data1\" content=\"Julien\" \/>\n\t<meta name=\"twitter:label2\" content=\"Dur\u00e9e de lecture est.\" \/>\n\t<meta name=\"twitter:data2\" content=\"4 minutes\" \/>\n<script type=\"application\/ld+json\" class=\"yoast-schema-graph\">{\"@context\":\"https:\/\/schema.org\",\"@graph\":[{\"@type\":\"Article\",\"@id\":\"https:\/\/vieassociative.be\/actualites\/la-conference-mondiale-sur-le-climat-souvre-lundi-a-bakou-la-victoire-electorale-de-trump-pourrait-jouer-un-role-important\/#article\",\"isPartOf\":{\"@id\":\"https:\/\/vieassociative.be\/actualites\/la-conference-mondiale-sur-le-climat-souvre-lundi-a-bakou-la-victoire-electorale-de-trump-pourrait-jouer-un-role-important\/\"},\"author\":{\"name\":\"Julien\",\"@id\":\"https:\/\/vieassociative.be\/actualites\/#\/schema\/person\/b87ac4f82f9d4e7b7cec7395b679edc4\"},\"headline\":\"La conf\u00e9rence mondiale sur le climat s&rsquo;ouvre lundi \u00e0 Bakou &#8211; la victoire \u00e9lectorale de Trump pourrait jouer un r\u00f4le important\",\"datePublished\":\"2024-11-10T02:17:05+00:00\",\"dateModified\":\"2024-11-10T02:17:05+00:00\",\"mainEntityOfPage\":{\"@id\":\"https:\/\/vieassociative.be\/actualites\/la-conference-mondiale-sur-le-climat-souvre-lundi-a-bakou-la-victoire-electorale-de-trump-pourrait-jouer-un-role-important\/\"},\"wordCount\":872,\"publisher\":{\"@id\":\"https:\/\/vieassociative.be\/actualites\/#organization\"},\"image\":{\"@id\":\"https:\/\/vieassociative.be\/actualites\/la-conference-mondiale-sur-le-climat-souvre-lundi-a-bakou-la-victoire-electorale-de-trump-pourrait-jouer-un-role-important\/#primaryimage\"},\"thumbnailUrl\":\"https:\/\/vieassociative.be\/actualites\/wp-content\/uploads\/2024\/11\/1731205025_La-conference-mondiale-sur-le-climat-souvre-lundi-a-Bakou.jpeg\",\"keywords\":[\"Bakou\",\"climat\",\"conf\u00e9rence\",\"\u00e9lectorale\",\"important\",\"jouer\",\"lundi\",\"mondiale\",\"pourrait\",\"r\u00f4le\",\"souvre\",\"sur\",\"Trump\",\"victoire\"],\"articleSection\":[\"Belgique\"],\"inLanguage\":\"fr-BE\"},{\"@type\":\"WebPage\",\"@id\":\"https:\/\/vieassociative.be\/actualites\/la-conference-mondiale-sur-le-climat-souvre-lundi-a-bakou-la-victoire-electorale-de-trump-pourrait-jouer-un-role-important\/\",\"url\":\"https:\/\/vieassociative.be\/actualites\/la-conference-mondiale-sur-le-climat-souvre-lundi-a-bakou-la-victoire-electorale-de-trump-pourrait-jouer-un-role-important\/\",\"name\":\"La conf\u00e9rence mondiale sur le climat s'ouvre lundi \u00e0 Bakou - la victoire \u00e9lectorale de Trump pourrait jouer un r\u00f4le important | Vie Associative\",\"isPartOf\":{\"@id\":\"https:\/\/vieassociative.be\/actualites\/#website\"},\"primaryImageOfPage\":{\"@id\":\"https:\/\/vieassociative.be\/actualites\/la-conference-mondiale-sur-le-climat-souvre-lundi-a-bakou-la-victoire-electorale-de-trump-pourrait-jouer-un-role-important\/#primaryimage\"},\"image\":{\"@id\":\"https:\/\/vieassociative.be\/actualites\/la-conference-mondiale-sur-le-climat-souvre-lundi-a-bakou-la-victoire-electorale-de-trump-pourrait-jouer-un-role-important\/#primaryimage\"},\"thumbnailUrl\":\"https:\/\/vieassociative.be\/actualites\/wp-content\/uploads\/2024\/11\/1731205025_La-conference-mondiale-sur-le-climat-souvre-lundi-a-Bakou.jpeg\",\"datePublished\":\"2024-11-10T02:17:05+00:00\",\"dateModified\":\"2024-11-10T02:17:05+00:00\",\"breadcrumb\":{\"@id\":\"https:\/\/vieassociative.be\/actualites\/la-conference-mondiale-sur-le-climat-souvre-lundi-a-bakou-la-victoire-electorale-de-trump-pourrait-jouer-un-role-important\/#breadcrumb\"},\"inLanguage\":\"fr-BE\",\"potentialAction\":[{\"@type\":\"ReadAction\",\"target\":[\"https:\/\/vieassociative.be\/actualites\/la-conference-mondiale-sur-le-climat-souvre-lundi-a-bakou-la-victoire-electorale-de-trump-pourrait-jouer-un-role-important\/\"]}]},{\"@type\":\"ImageObject\",\"inLanguage\":\"fr-BE\",\"@id\":\"https:\/\/vieassociative.be\/actualites\/la-conference-mondiale-sur-le-climat-souvre-lundi-a-bakou-la-victoire-electorale-de-trump-pourrait-jouer-un-role-important\/#primaryimage\",\"url\":\"https:\/\/vieassociative.be\/actualites\/wp-content\/uploads\/2024\/11\/1731205025_La-conference-mondiale-sur-le-climat-souvre-lundi-a-Bakou.jpeg\",\"contentUrl\":\"https:\/\/vieassociative.be\/actualites\/wp-content\/uploads\/2024\/11\/1731205025_La-conference-mondiale-sur-le-climat-souvre-lundi-a-Bakou.jpeg\",\"width\":1200,\"height\":1200,\"caption\":\"La conf\u00e9rence mondiale sur le climat s'ouvre lundi \u00e0 Bakou - la victoire \u00e9lectorale de Trump pourrait jouer un r\u00f4le important\"},{\"@type\":\"BreadcrumbList\",\"@id\":\"https:\/\/vieassociative.be\/actualites\/la-conference-mondiale-sur-le-climat-souvre-lundi-a-bakou-la-victoire-electorale-de-trump-pourrait-jouer-un-role-important\/#breadcrumb\",\"itemListElement\":[{\"@type\":\"ListItem\",\"position\":1,\"name\":\"Accueil\",\"item\":\"https:\/\/vieassociative.be\/actualites\/\"},{\"@type\":\"ListItem\",\"position\":2,\"name\":\"La conf\u00e9rence mondiale sur le climat s&rsquo;ouvre lundi \u00e0 Bakou &#8211; la victoire \u00e9lectorale de Trump pourrait jouer un r\u00f4le important\"}]},{\"@type\":\"WebSite\",\"@id\":\"https:\/\/vieassociative.be\/actualites\/#website\",\"url\":\"https:\/\/vieassociative.be\/actualites\/\",\"name\":\"Vie Associative\",\"description\":\"\",\"publisher\":{\"@id\":\"https:\/\/vieassociative.be\/actualites\/#organization\"},\"potentialAction\":[{\"@type\":\"SearchAction\",\"target\":{\"@type\":\"EntryPoint\",\"urlTemplate\":\"https:\/\/vieassociative.be\/actualites\/?s={search_term_string}\"},\"query-input\":{\"@type\":\"PropertyValueSpecification\",\"valueRequired\":true,\"valueName\":\"search_term_string\"}}],\"inLanguage\":\"fr-BE\"},{\"@type\":\"Organization\",\"@id\":\"https:\/\/vieassociative.be\/actualites\/#organization\",\"name\":\"Vie Associative\",\"url\":\"https:\/\/vieassociative.be\/actualites\/\",\"logo\":{\"@type\":\"ImageObject\",\"inLanguage\":\"fr-BE\",\"@id\":\"https:\/\/vieassociative.be\/actualites\/#\/schema\/logo\/image\/\",\"url\":\"https:\/\/vieassociative.be\/actualites\/wp-content\/uploads\/2024\/09\/cropped-vieassociative_favicon.ico.png\",\"contentUrl\":\"https:\/\/vieassociative.be\/actualites\/wp-content\/uploads\/2024\/09\/cropped-vieassociative_favicon.ico.png\",\"width\":512,\"height\":512,\"caption\":\"Vie Associative\"},\"image\":{\"@id\":\"https:\/\/vieassociative.be\/actualites\/#\/schema\/logo\/image\/\"}},{\"@type\":\"Person\",\"@id\":\"https:\/\/vieassociative.be\/actualites\/#\/schema\/person\/b87ac4f82f9d4e7b7cec7395b679edc4\",\"name\":\"Julien\",\"image\":{\"@type\":\"ImageObject\",\"inLanguage\":\"fr-BE\",\"@id\":\"https:\/\/vieassociative.be\/actualites\/#\/schema\/person\/image\/\",\"url\":\"https:\/\/vieassociative.be\/actualites\/wp-content\/uploads\/2024\/09\/vie-associative-1-150x150.jpg\",\"contentUrl\":\"https:\/\/vieassociative.be\/actualites\/wp-content\/uploads\/2024\/09\/vie-associative-1-150x150.jpg\",\"caption\":\"Julien\"},\"description\":\"Je suis Julien, r\u00e9dacteur pour Vie Associative. Passionn\u00e9 par le monde associatif depuis plus de 10 ans, j'ai \u00e0 c\u0153ur de partager des histoires inspirantes et de mettre en lumi\u00e8re les initiatives locales. Mon objectif est de sensibiliser et d'encourager l'engagement communautaire \u00e0 travers mes articles.\",\"sameAs\":[\"https:\/\/vieassociative.be\/\"]}]}<\/script>\n<!-- \/ Yoast SEO plugin. -->","yoast_head_json":{"title":"La conf\u00e9rence mondiale sur le climat s'ouvre lundi \u00e0 Bakou - la victoire \u00e9lectorale de Trump pourrait jouer un r\u00f4le important | Vie Associative","robots":{"index":"index","follow":"follow","max-snippet":"max-snippet:-1","max-image-preview":"max-image-preview:large","max-video-preview":"max-video-preview:-1"},"canonical":"https:\/\/vieassociative.be\/actualites\/la-conference-mondiale-sur-le-climat-souvre-lundi-a-bakou-la-victoire-electorale-de-trump-pourrait-jouer-un-role-important\/","og_locale":"fr_FR","og_type":"article","og_title":"La conf\u00e9rence mondiale sur le climat s'ouvre lundi \u00e0 Bakou - la victoire \u00e9lectorale de Trump pourrait jouer un r\u00f4le important | Vie Associative","og_description":"Ukraine, Moyen-Orient, Trump, chaos des feux tricolores : les d\u00e9fis sont immenses. La crise climatique a gliss\u00e9 au second plan de l&rsquo;agenda politique, m\u00eame si","og_url":"https:\/\/vieassociative.be\/actualites\/la-conference-mondiale-sur-le-climat-souvre-lundi-a-bakou-la-victoire-electorale-de-trump-pourrait-jouer-un-role-important\/","og_site_name":"Vie Associative","article_published_time":"2024-11-10T02:17:05+00:00","og_image":[{"url":"https:\/\/vieassociative.be\/actualites\/wp-content\/uploads\/2024\/11\/La-conference-mondiale-sur-le-climat-souvre-lundi-a-Bakou.jpg","type":"","width":"","height":""}],"author":"Julien","twitter_card":"summary_large_image","twitter_misc":{"\u00c9crit par":"Julien","Dur\u00e9e de lecture est.":"4 minutes"},"schema":{"@context":"https:\/\/schema.org","@graph":[{"@type":"Article","@id":"https:\/\/vieassociative.be\/actualites\/la-conference-mondiale-sur-le-climat-souvre-lundi-a-bakou-la-victoire-electorale-de-trump-pourrait-jouer-un-role-important\/#article","isPartOf":{"@id":"https:\/\/vieassociative.be\/actualites\/la-conference-mondiale-sur-le-climat-souvre-lundi-a-bakou-la-victoire-electorale-de-trump-pourrait-jouer-un-role-important\/"},"author":{"name":"Julien","@id":"https:\/\/vieassociative.be\/actualites\/#\/schema\/person\/b87ac4f82f9d4e7b7cec7395b679edc4"},"headline":"La conf\u00e9rence mondiale sur le climat s&rsquo;ouvre lundi \u00e0 Bakou &#8211; la victoire \u00e9lectorale de Trump pourrait jouer un r\u00f4le important","datePublished":"2024-11-10T02:17:05+00:00","dateModified":"2024-11-10T02:17:05+00:00","mainEntityOfPage":{"@id":"https:\/\/vieassociative.be\/actualites\/la-conference-mondiale-sur-le-climat-souvre-lundi-a-bakou-la-victoire-electorale-de-trump-pourrait-jouer-un-role-important\/"},"wordCount":872,"publisher":{"@id":"https:\/\/vieassociative.be\/actualites\/#organization"},"image":{"@id":"https:\/\/vieassociative.be\/actualites\/la-conference-mondiale-sur-le-climat-souvre-lundi-a-bakou-la-victoire-electorale-de-trump-pourrait-jouer-un-role-important\/#primaryimage"},"thumbnailUrl":"https:\/\/vieassociative.be\/actualites\/wp-content\/uploads\/2024\/11\/1731205025_La-conference-mondiale-sur-le-climat-souvre-lundi-a-Bakou.jpeg","keywords":["Bakou","climat","conf\u00e9rence","\u00e9lectorale","important","jouer","lundi","mondiale","pourrait","r\u00f4le","souvre","sur","Trump","victoire"],"articleSection":["Belgique"],"inLanguage":"fr-BE"},{"@type":"WebPage","@id":"https:\/\/vieassociative.be\/actualites\/la-conference-mondiale-sur-le-climat-souvre-lundi-a-bakou-la-victoire-electorale-de-trump-pourrait-jouer-un-role-important\/","url":"https:\/\/vieassociative.be\/actualites\/la-conference-mondiale-sur-le-climat-souvre-lundi-a-bakou-la-victoire-electorale-de-trump-pourrait-jouer-un-role-important\/","name":"La conf\u00e9rence mondiale sur le climat s'ouvre lundi \u00e0 Bakou - la victoire \u00e9lectorale de Trump pourrait jouer un r\u00f4le important | Vie Associative","isPartOf":{"@id":"https:\/\/vieassociative.be\/actualites\/#website"},"primaryImageOfPage":{"@id":"https:\/\/vieassociative.be\/actualites\/la-conference-mondiale-sur-le-climat-souvre-lundi-a-bakou-la-victoire-electorale-de-trump-pourrait-jouer-un-role-important\/#primaryimage"},"image":{"@id":"https:\/\/vieassociative.be\/actualites\/la-conference-mondiale-sur-le-climat-souvre-lundi-a-bakou-la-victoire-electorale-de-trump-pourrait-jouer-un-role-important\/#primaryimage"},"thumbnailUrl":"https:\/\/vieassociative.be\/actualites\/wp-content\/uploads\/2024\/11\/1731205025_La-conference-mondiale-sur-le-climat-souvre-lundi-a-Bakou.jpeg","datePublished":"2024-11-10T02:17:05+00:00","dateModified":"2024-11-10T02:17:05+00:00","breadcrumb":{"@id":"https:\/\/vieassociative.be\/actualites\/la-conference-mondiale-sur-le-climat-souvre-lundi-a-bakou-la-victoire-electorale-de-trump-pourrait-jouer-un-role-important\/#breadcrumb"},"inLanguage":"fr-BE","potentialAction":[{"@type":"ReadAction","target":["https:\/\/vieassociative.be\/actualites\/la-conference-mondiale-sur-le-climat-souvre-lundi-a-bakou-la-victoire-electorale-de-trump-pourrait-jouer-un-role-important\/"]}]},{"@type":"ImageObject","inLanguage":"fr-BE","@id":"https:\/\/vieassociative.be\/actualites\/la-conference-mondiale-sur-le-climat-souvre-lundi-a-bakou-la-victoire-electorale-de-trump-pourrait-jouer-un-role-important\/#primaryimage","url":"https:\/\/vieassociative.be\/actualites\/wp-content\/uploads\/2024\/11\/1731205025_La-conference-mondiale-sur-le-climat-souvre-lundi-a-Bakou.jpeg","contentUrl":"https:\/\/vieassociative.be\/actualites\/wp-content\/uploads\/2024\/11\/1731205025_La-conference-mondiale-sur-le-climat-souvre-lundi-a-Bakou.jpeg","width":1200,"height":1200,"caption":"La conf\u00e9rence mondiale sur le climat s'ouvre lundi \u00e0 Bakou - la victoire \u00e9lectorale de Trump pourrait jouer un r\u00f4le important"},{"@type":"BreadcrumbList","@id":"https:\/\/vieassociative.be\/actualites\/la-conference-mondiale-sur-le-climat-souvre-lundi-a-bakou-la-victoire-electorale-de-trump-pourrait-jouer-un-role-important\/#breadcrumb","itemListElement":[{"@type":"ListItem","position":1,"name":"Accueil","item":"https:\/\/vieassociative.be\/actualites\/"},{"@type":"ListItem","position":2,"name":"La conf\u00e9rence mondiale sur le climat s&rsquo;ouvre lundi \u00e0 Bakou &#8211; la victoire \u00e9lectorale de Trump pourrait jouer un r\u00f4le important"}]},{"@type":"WebSite","@id":"https:\/\/vieassociative.be\/actualites\/#website","url":"https:\/\/vieassociative.be\/actualites\/","name":"Vie Associative","description":"","publisher":{"@id":"https:\/\/vieassociative.be\/actualites\/#organization"},"potentialAction":[{"@type":"SearchAction","target":{"@type":"EntryPoint","urlTemplate":"https:\/\/vieassociative.be\/actualites\/?s={search_term_string}"},"query-input":{"@type":"PropertyValueSpecification","valueRequired":true,"valueName":"search_term_string"}}],"inLanguage":"fr-BE"},{"@type":"Organization","@id":"https:\/\/vieassociative.be\/actualites\/#organization","name":"Vie Associative","url":"https:\/\/vieassociative.be\/actualites\/","logo":{"@type":"ImageObject","inLanguage":"fr-BE","@id":"https:\/\/vieassociative.be\/actualites\/#\/schema\/logo\/image\/","url":"https:\/\/vieassociative.be\/actualites\/wp-content\/uploads\/2024\/09\/cropped-vieassociative_favicon.ico.png","contentUrl":"https:\/\/vieassociative.be\/actualites\/wp-content\/uploads\/2024\/09\/cropped-vieassociative_favicon.ico.png","width":512,"height":512,"caption":"Vie Associative"},"image":{"@id":"https:\/\/vieassociative.be\/actualites\/#\/schema\/logo\/image\/"}},{"@type":"Person","@id":"https:\/\/vieassociative.be\/actualites\/#\/schema\/person\/b87ac4f82f9d4e7b7cec7395b679edc4","name":"Julien","image":{"@type":"ImageObject","inLanguage":"fr-BE","@id":"https:\/\/vieassociative.be\/actualites\/#\/schema\/person\/image\/","url":"https:\/\/vieassociative.be\/actualites\/wp-content\/uploads\/2024\/09\/vie-associative-1-150x150.jpg","contentUrl":"https:\/\/vieassociative.be\/actualites\/wp-content\/uploads\/2024\/09\/vie-associative-1-150x150.jpg","caption":"Julien"},"description":"Je suis Julien, r\u00e9dacteur pour Vie Associative. Passionn\u00e9 par le monde associatif depuis plus de 10 ans, j'ai \u00e0 c\u0153ur de partager des histoires inspirantes et de mettre en lumi\u00e8re les initiatives locales. Mon objectif est de sensibiliser et d'encourager l'engagement communautaire \u00e0 travers mes articles.","sameAs":["https:\/\/vieassociative.be\/"]}]}},"_links":{"self":[{"href":"https:\/\/vieassociative.be\/actualites\/wp-json\/wp\/v2\/posts\/2241"}],"collection":[{"href":"https:\/\/vieassociative.be\/actualites\/wp-json\/wp\/v2\/posts"}],"about":[{"href":"https:\/\/vieassociative.be\/actualites\/wp-json\/wp\/v2\/types\/post"}],"author":[{"embeddable":true,"href":"https:\/\/vieassociative.be\/actualites\/wp-json\/wp\/v2\/users\/1"}],"replies":[{"embeddable":true,"href":"https:\/\/vieassociative.be\/actualites\/wp-json\/wp\/v2\/comments?post=2241"}],"version-history":[{"count":0,"href":"https:\/\/vieassociative.be\/actualites\/wp-json\/wp\/v2\/posts\/2241\/revisions"}],"wp:featuredmedia":[{"embeddable":true,"href":"https:\/\/vieassociative.be\/actualites\/wp-json\/wp\/v2\/media\/2242"}],"wp:attachment":[{"href":"https:\/\/vieassociative.be\/actualites\/wp-json\/wp\/v2\/media?parent=2241"}],"wp:term":[{"taxonomy":"category","embeddable":true,"href":"https:\/\/vieassociative.be\/actualites\/wp-json\/wp\/v2\/categories?post=2241"},{"taxonomy":"post_tag","embeddable":true,"href":"https:\/\/vieassociative.be\/actualites\/wp-json\/wp\/v2\/tags?post=2241"}],"curies":[{"name":"wp","href":"https:\/\/api.w.org\/{rel}","templated":true}]}}