{"id":2235,"date":"2024-11-10T00:17:37","date_gmt":"2024-11-09T23:17:37","guid":{"rendered":"https:\/\/vieassociative.be\/actualites\/comment-destiner-votre-seau-a-couches-et-le-garder-intact\/"},"modified":"2024-11-10T00:17:37","modified_gmt":"2024-11-09T23:17:37","slug":"comment-destiner-votre-seau-a-couches-et-le-garder-intact","status":"publish","type":"post","link":"https:\/\/vieassociative.be\/actualites\/comment-destiner-votre-seau-a-couches-et-le-garder-intact\/","title":{"rendered":"Comment destiner votre seau \u00e0 couches (et le garder intact)"},"content":{"rendered":"<div class=\"mt-4 leading-6 md:mb-8\">Non seulement ils sont plus puissants, mais les seaux \u00e0 couches peuvent \u00e9galement moisir.<\/div>\n<p><\/p>\n<p>Si un b\u00e9b\u00e9 est l\u2019une des choses les plus douces, les plus mignonnes et les plus pr\u00e9cieuses que nous puissions imaginer prendre de la place dans nos maisons, son seau \u00e0 couches est exactement le contraire. Si vous en avez un, je n&rsquo;ai pas besoin de vous dire \u00e0 quel point il est horriblement odorant ; tu le sais bien. Il existe cependant plusieurs fa\u00e7ons de ma\u00eetriser leur odeur, voici comment proc\u00e9der.<\/p>\n<h2 id=\"a-cleaning-solution\"><strong>Une solution de nettoyage<\/strong><\/h2>\n<p>Pour commencer, en plus d&rsquo;\u00eatre \u00e0 l&rsquo;origine d&rsquo;une odeur absolument \u00e9pouvantable, il est important de rappeler que l&rsquo;environnement riche en humidit\u00e9 d&rsquo;un seau \u00e0 couches peut \u00e9galement entra\u00eener la formation de moisissures. Lors du nettoyage, vous souhaitez non seulement \u00e9liminer les odeurs, mais aussi les \u00e9l\u00e9ments \u00e0 risque. Les parents de Mom Loves Best ont une solution pour les deux. Vous aurez besoin des \u00e9l\u00e9ments suivants\u00a0:<\/p>\n<ul>\n<li>\n<p>Borax<\/p>\n<\/li>\n<li>\n<p>Eau ti\u00e8de<\/p>\n<\/li>\n<li>\n<p>Vinaigre blanc<\/p>\n<\/li>\n<li>\n<p>Huile d&rsquo;arbre \u00e0 th\u00e9<\/p>\n<\/li>\n<\/ul>\n<p>Ajoutez deux cuill\u00e8res \u00e0 soupe de Borax dans un flacon pulv\u00e9risateur, puis deux tasses d&rsquo;eau ti\u00e8de. Remuez-le pendant environ une minute jusqu&rsquo;\u00e0 ce que le borax se dissolve, puis ajoutez \u00bc de tasse de vinaigre blanc et 20 \u00e0 40 gouttes d&rsquo;huile d&rsquo;arbre \u00e0 th\u00e9. Secouez le tout, puis utilisez-le pour nettoyer l&rsquo;int\u00e9rieur de cet horrible seau.<\/p>\n<h2 id=\"other-deodorizers-to-try\"><strong>Autres d\u00e9sodorisants \u00e0 essayer<\/strong><\/h2>\n<p>Nous aimons les options ici, en particulier pour des probl\u00e8mes urgents comme ceux-ci. Pour <em>nettoyage<\/em>nous sugg\u00e9rons cette premi\u00e8re recette avec du Borax, mais le maintien des odeurs est ici \u00e9galement essentiel. Pour cela, Tulamama recommande de vaporiser un m\u00e9lange \u00e0 parts \u00e9gales de vinaigre blanc et d&rsquo;eau dans le seau chaque fois que vous le videz ou de saupoudrer de levure chimique au fond.<\/p>\n<p>Vous pouvez \u00e9galement essayer de saupoudrer du marc de caf\u00e9 dans le fond : le marc de caf\u00e9 est excellent pour neutraliser les odeurs, c&rsquo;est pourquoi les magasins de bougies en gardent g\u00e9n\u00e9ralement un petit bol \u00e0 port\u00e9e de main pour vous aider \u00e0 \u00e9liminer une odeur de votre nez avant d&rsquo;en inhaler une autre.<\/p>\n<p>NBC&rsquo;s Today recommande \u00e9galement d&rsquo;utiliser simplement une feuille assouplissante au fond du seau et de remplir le seau par-dessus. Cela peut \u00e9galement aider \u00e0 masquer les odeurs, mais encore une fois, vous devez \u00e9galement effectuer un nettoyage majeur lorsque vous le videz.<\/p>\n<p>Enfin, Mom Loves Best dit que lorsque votre b\u00e9b\u00e9 \u00e9limine les solides, vous devriez les jeter dans les toilettes avant de mettre la couche dans le seau. Ce n&rsquo;est pas particuli\u00e8rement pratique, mais cela contribuera grandement \u00e0 r\u00e9duire l&rsquo;odeur. <\/p>\n","protected":false},"excerpt":{"rendered":"<p>Non seulement ils sont plus puissants, mais les seaux \u00e0 couches peuvent \u00e9galement moisir. Si un b\u00e9b\u00e9 est l\u2019une des choses les plus douces, les<\/p>\n","protected":false},"author":1,"featured_media":2236,"comment_status":"","ping_status":"","sticky":false,"template":"","format":"standard","meta":{"footnotes":""},"categories":[37],"tags":[44,2981,2979,263,2982,2980,8],"class_list":["post-2235","post","type-post","status-publish","format-standard","has-post-thumbnail","hentry","category-famille","tag-comment","tag-couches","tag-destiner","tag-garder","tag-intact","tag-seau","tag-votre","generate-columns","tablet-grid-50","mobile-grid-100","grid-parent","grid-33"],"yoast_head":"<!-- This site is optimized with the Yoast SEO plugin v24.0 - https:\/\/yoast.com\/wordpress\/plugins\/seo\/ -->\n<title>Comment destiner votre seau \u00e0 couches (et le garder intact) | Vie Associative<\/title>\n<meta name=\"robots\" content=\"index, follow, max-snippet:-1, max-image-preview:large, max-video-preview:-1\" \/>\n<link rel=\"canonical\" href=\"https:\/\/vieassociative.be\/actualites\/comment-destiner-votre-seau-a-couches-et-le-garder-intact\/\" \/>\n<meta property=\"og:locale\" content=\"fr_FR\" \/>\n<meta property=\"og:type\" content=\"article\" \/>\n<meta property=\"og:title\" content=\"Comment destiner votre seau \u00e0 couches (et le garder intact) | Vie Associative\" \/>\n<meta property=\"og:description\" content=\"Non seulement ils sont plus puissants, mais les seaux \u00e0 couches peuvent \u00e9galement moisir. Si un b\u00e9b\u00e9 est l\u2019une des choses les plus douces, les\" \/>\n<meta property=\"og:url\" content=\"https:\/\/vieassociative.be\/actualites\/comment-destiner-votre-seau-a-couches-et-le-garder-intact\/\" \/>\n<meta property=\"og:site_name\" content=\"Vie Associative\" \/>\n<meta property=\"article:published_time\" content=\"2024-11-09T23:17:37+00:00\" \/>\n<meta property=\"og:image\" content=\"https:\/\/vieassociative.be\/actualites\/wp-content\/uploads\/2024\/09\/header_backgroundk-01-e1726694325946.png\" \/>\n\t<meta property=\"og:image:width\" content=\"279\" \/>\n\t<meta property=\"og:image:height\" content=\"92\" \/>\n\t<meta property=\"og:image:type\" content=\"image\/png\" \/>\n<meta name=\"author\" content=\"Julien\" \/>\n<meta name=\"twitter:card\" content=\"summary_large_image\" \/>\n<meta name=\"twitter:label1\" content=\"\u00c9crit par\" \/>\n\t<meta name=\"twitter:data1\" content=\"Julien\" \/>\n\t<meta name=\"twitter:label2\" content=\"Dur\u00e9e de lecture est.\" \/>\n\t<meta name=\"twitter:data2\" content=\"2 minutes\" \/>\n<script type=\"application\/ld+json\" class=\"yoast-schema-graph\">{\"@context\":\"https:\/\/schema.org\",\"@graph\":[{\"@type\":\"Article\",\"@id\":\"https:\/\/vieassociative.be\/actualites\/comment-destiner-votre-seau-a-couches-et-le-garder-intact\/#article\",\"isPartOf\":{\"@id\":\"https:\/\/vieassociative.be\/actualites\/comment-destiner-votre-seau-a-couches-et-le-garder-intact\/\"},\"author\":{\"name\":\"Julien\",\"@id\":\"https:\/\/vieassociative.be\/actualites\/#\/schema\/person\/b87ac4f82f9d4e7b7cec7395b679edc4\"},\"headline\":\"Comment destiner votre seau \u00e0 couches (et le garder intact)\",\"datePublished\":\"2024-11-09T23:17:37+00:00\",\"dateModified\":\"2024-11-09T23:17:37+00:00\",\"mainEntityOfPage\":{\"@id\":\"https:\/\/vieassociative.be\/actualites\/comment-destiner-votre-seau-a-couches-et-le-garder-intact\/\"},\"wordCount\":457,\"publisher\":{\"@id\":\"https:\/\/vieassociative.be\/actualites\/#organization\"},\"image\":{\"@id\":\"https:\/\/vieassociative.be\/actualites\/comment-destiner-votre-seau-a-couches-et-le-garder-intact\/#primaryimage\"},\"thumbnailUrl\":\"https:\/\/vieassociative.be\/actualites\/wp-content\/uploads\/2024\/11\/Comment-destiner-votre-seau-a-couches-et-le-garder-intact.jpg\",\"keywords\":[\"Comment\",\"couches\",\"destiner\",\"garder\",\"intact\",\"seau\",\"votre\"],\"articleSection\":[\"Famille\"],\"inLanguage\":\"fr-BE\"},{\"@type\":\"WebPage\",\"@id\":\"https:\/\/vieassociative.be\/actualites\/comment-destiner-votre-seau-a-couches-et-le-garder-intact\/\",\"url\":\"https:\/\/vieassociative.be\/actualites\/comment-destiner-votre-seau-a-couches-et-le-garder-intact\/\",\"name\":\"Comment destiner votre seau \u00e0 couches (et le garder intact) | Vie Associative\",\"isPartOf\":{\"@id\":\"https:\/\/vieassociative.be\/actualites\/#website\"},\"primaryImageOfPage\":{\"@id\":\"https:\/\/vieassociative.be\/actualites\/comment-destiner-votre-seau-a-couches-et-le-garder-intact\/#primaryimage\"},\"image\":{\"@id\":\"https:\/\/vieassociative.be\/actualites\/comment-destiner-votre-seau-a-couches-et-le-garder-intact\/#primaryimage\"},\"thumbnailUrl\":\"https:\/\/vieassociative.be\/actualites\/wp-content\/uploads\/2024\/11\/Comment-destiner-votre-seau-a-couches-et-le-garder-intact.jpg\",\"datePublished\":\"2024-11-09T23:17:37+00:00\",\"dateModified\":\"2024-11-09T23:17:37+00:00\",\"breadcrumb\":{\"@id\":\"https:\/\/vieassociative.be\/actualites\/comment-destiner-votre-seau-a-couches-et-le-garder-intact\/#breadcrumb\"},\"inLanguage\":\"fr-BE\",\"potentialAction\":[{\"@type\":\"ReadAction\",\"target\":[\"https:\/\/vieassociative.be\/actualites\/comment-destiner-votre-seau-a-couches-et-le-garder-intact\/\"]}]},{\"@type\":\"ImageObject\",\"inLanguage\":\"fr-BE\",\"@id\":\"https:\/\/vieassociative.be\/actualites\/comment-destiner-votre-seau-a-couches-et-le-garder-intact\/#primaryimage\",\"url\":\"https:\/\/vieassociative.be\/actualites\/wp-content\/uploads\/2024\/11\/Comment-destiner-votre-seau-a-couches-et-le-garder-intact.jpg\",\"contentUrl\":\"https:\/\/vieassociative.be\/actualites\/wp-content\/uploads\/2024\/11\/Comment-destiner-votre-seau-a-couches-et-le-garder-intact.jpg\",\"width\":1200,\"height\":675,\"caption\":\"Comment destiner votre seau \u00e0 couches (et le garder intact)\"},{\"@type\":\"BreadcrumbList\",\"@id\":\"https:\/\/vieassociative.be\/actualites\/comment-destiner-votre-seau-a-couches-et-le-garder-intact\/#breadcrumb\",\"itemListElement\":[{\"@type\":\"ListItem\",\"position\":1,\"name\":\"Accueil\",\"item\":\"https:\/\/vieassociative.be\/actualites\/\"},{\"@type\":\"ListItem\",\"position\":2,\"name\":\"Comment destiner votre seau \u00e0 couches (et le garder intact)\"}]},{\"@type\":\"WebSite\",\"@id\":\"https:\/\/vieassociative.be\/actualites\/#website\",\"url\":\"https:\/\/vieassociative.be\/actualites\/\",\"name\":\"Vie Associative\",\"description\":\"\",\"publisher\":{\"@id\":\"https:\/\/vieassociative.be\/actualites\/#organization\"},\"potentialAction\":[{\"@type\":\"SearchAction\",\"target\":{\"@type\":\"EntryPoint\",\"urlTemplate\":\"https:\/\/vieassociative.be\/actualites\/?s={search_term_string}\"},\"query-input\":{\"@type\":\"PropertyValueSpecification\",\"valueRequired\":true,\"valueName\":\"search_term_string\"}}],\"inLanguage\":\"fr-BE\"},{\"@type\":\"Organization\",\"@id\":\"https:\/\/vieassociative.be\/actualites\/#organization\",\"name\":\"Vie Associative\",\"url\":\"https:\/\/vieassociative.be\/actualites\/\",\"logo\":{\"@type\":\"ImageObject\",\"inLanguage\":\"fr-BE\",\"@id\":\"https:\/\/vieassociative.be\/actualites\/#\/schema\/logo\/image\/\",\"url\":\"https:\/\/vieassociative.be\/actualites\/wp-content\/uploads\/2024\/09\/cropped-vieassociative_favicon.ico.png\",\"contentUrl\":\"https:\/\/vieassociative.be\/actualites\/wp-content\/uploads\/2024\/09\/cropped-vieassociative_favicon.ico.png\",\"width\":512,\"height\":512,\"caption\":\"Vie Associative\"},\"image\":{\"@id\":\"https:\/\/vieassociative.be\/actualites\/#\/schema\/logo\/image\/\"}},{\"@type\":\"Person\",\"@id\":\"https:\/\/vieassociative.be\/actualites\/#\/schema\/person\/b87ac4f82f9d4e7b7cec7395b679edc4\",\"name\":\"Julien\",\"image\":{\"@type\":\"ImageObject\",\"inLanguage\":\"fr-BE\",\"@id\":\"https:\/\/vieassociative.be\/actualites\/#\/schema\/person\/image\/\",\"url\":\"https:\/\/vieassociative.be\/actualites\/wp-content\/uploads\/2024\/09\/vie-associative-1-150x150.jpg\",\"contentUrl\":\"https:\/\/vieassociative.be\/actualites\/wp-content\/uploads\/2024\/09\/vie-associative-1-150x150.jpg\",\"caption\":\"Julien\"},\"description\":\"Je suis Julien, r\u00e9dacteur pour Vie Associative. Passionn\u00e9 par le monde associatif depuis plus de 10 ans, j'ai \u00e0 c\u0153ur de partager des histoires inspirantes et de mettre en lumi\u00e8re les initiatives locales. Mon objectif est de sensibiliser et d'encourager l'engagement communautaire \u00e0 travers mes articles.\",\"sameAs\":[\"https:\/\/vieassociative.be\/\"]}]}<\/script>\n<!-- \/ Yoast SEO plugin. -->","yoast_head_json":{"title":"Comment destiner votre seau \u00e0 couches (et le garder intact) | Vie Associative","robots":{"index":"index","follow":"follow","max-snippet":"max-snippet:-1","max-image-preview":"max-image-preview:large","max-video-preview":"max-video-preview:-1"},"canonical":"https:\/\/vieassociative.be\/actualites\/comment-destiner-votre-seau-a-couches-et-le-garder-intact\/","og_locale":"fr_FR","og_type":"article","og_title":"Comment destiner votre seau \u00e0 couches (et le garder intact) | Vie Associative","og_description":"Non seulement ils sont plus puissants, mais les seaux \u00e0 couches peuvent \u00e9galement moisir. Si un b\u00e9b\u00e9 est l\u2019une des choses les plus douces, les","og_url":"https:\/\/vieassociative.be\/actualites\/comment-destiner-votre-seau-a-couches-et-le-garder-intact\/","og_site_name":"Vie Associative","article_published_time":"2024-11-09T23:17:37+00:00","og_image":[{"width":279,"height":92,"url":"https:\/\/vieassociative.be\/actualites\/wp-content\/uploads\/2024\/09\/header_backgroundk-01-e1726694325946.png","type":"image\/png"}],"author":"Julien","twitter_card":"summary_large_image","twitter_misc":{"\u00c9crit par":"Julien","Dur\u00e9e de lecture est.":"2 minutes"},"schema":{"@context":"https:\/\/schema.org","@graph":[{"@type":"Article","@id":"https:\/\/vieassociative.be\/actualites\/comment-destiner-votre-seau-a-couches-et-le-garder-intact\/#article","isPartOf":{"@id":"https:\/\/vieassociative.be\/actualites\/comment-destiner-votre-seau-a-couches-et-le-garder-intact\/"},"author":{"name":"Julien","@id":"https:\/\/vieassociative.be\/actualites\/#\/schema\/person\/b87ac4f82f9d4e7b7cec7395b679edc4"},"headline":"Comment destiner votre seau \u00e0 couches (et le garder intact)","datePublished":"2024-11-09T23:17:37+00:00","dateModified":"2024-11-09T23:17:37+00:00","mainEntityOfPage":{"@id":"https:\/\/vieassociative.be\/actualites\/comment-destiner-votre-seau-a-couches-et-le-garder-intact\/"},"wordCount":457,"publisher":{"@id":"https:\/\/vieassociative.be\/actualites\/#organization"},"image":{"@id":"https:\/\/vieassociative.be\/actualites\/comment-destiner-votre-seau-a-couches-et-le-garder-intact\/#primaryimage"},"thumbnailUrl":"https:\/\/vieassociative.be\/actualites\/wp-content\/uploads\/2024\/11\/Comment-destiner-votre-seau-a-couches-et-le-garder-intact.jpg","keywords":["Comment","couches","destiner","garder","intact","seau","votre"],"articleSection":["Famille"],"inLanguage":"fr-BE"},{"@type":"WebPage","@id":"https:\/\/vieassociative.be\/actualites\/comment-destiner-votre-seau-a-couches-et-le-garder-intact\/","url":"https:\/\/vieassociative.be\/actualites\/comment-destiner-votre-seau-a-couches-et-le-garder-intact\/","name":"Comment destiner votre seau \u00e0 couches (et le garder intact) | Vie Associative","isPartOf":{"@id":"https:\/\/vieassociative.be\/actualites\/#website"},"primaryImageOfPage":{"@id":"https:\/\/vieassociative.be\/actualites\/comment-destiner-votre-seau-a-couches-et-le-garder-intact\/#primaryimage"},"image":{"@id":"https:\/\/vieassociative.be\/actualites\/comment-destiner-votre-seau-a-couches-et-le-garder-intact\/#primaryimage"},"thumbnailUrl":"https:\/\/vieassociative.be\/actualites\/wp-content\/uploads\/2024\/11\/Comment-destiner-votre-seau-a-couches-et-le-garder-intact.jpg","datePublished":"2024-11-09T23:17:37+00:00","dateModified":"2024-11-09T23:17:37+00:00","breadcrumb":{"@id":"https:\/\/vieassociative.be\/actualites\/comment-destiner-votre-seau-a-couches-et-le-garder-intact\/#breadcrumb"},"inLanguage":"fr-BE","potentialAction":[{"@type":"ReadAction","target":["https:\/\/vieassociative.be\/actualites\/comment-destiner-votre-seau-a-couches-et-le-garder-intact\/"]}]},{"@type":"ImageObject","inLanguage":"fr-BE","@id":"https:\/\/vieassociative.be\/actualites\/comment-destiner-votre-seau-a-couches-et-le-garder-intact\/#primaryimage","url":"https:\/\/vieassociative.be\/actualites\/wp-content\/uploads\/2024\/11\/Comment-destiner-votre-seau-a-couches-et-le-garder-intact.jpg","contentUrl":"https:\/\/vieassociative.be\/actualites\/wp-content\/uploads\/2024\/11\/Comment-destiner-votre-seau-a-couches-et-le-garder-intact.jpg","width":1200,"height":675,"caption":"Comment destiner votre seau \u00e0 couches (et le garder intact)"},{"@type":"BreadcrumbList","@id":"https:\/\/vieassociative.be\/actualites\/comment-destiner-votre-seau-a-couches-et-le-garder-intact\/#breadcrumb","itemListElement":[{"@type":"ListItem","position":1,"name":"Accueil","item":"https:\/\/vieassociative.be\/actualites\/"},{"@type":"ListItem","position":2,"name":"Comment destiner votre seau \u00e0 couches (et le garder intact)"}]},{"@type":"WebSite","@id":"https:\/\/vieassociative.be\/actualites\/#website","url":"https:\/\/vieassociative.be\/actualites\/","name":"Vie Associative","description":"","publisher":{"@id":"https:\/\/vieassociative.be\/actualites\/#organization"},"potentialAction":[{"@type":"SearchAction","target":{"@type":"EntryPoint","urlTemplate":"https:\/\/vieassociative.be\/actualites\/?s={search_term_string}"},"query-input":{"@type":"PropertyValueSpecification","valueRequired":true,"valueName":"search_term_string"}}],"inLanguage":"fr-BE"},{"@type":"Organization","@id":"https:\/\/vieassociative.be\/actualites\/#organization","name":"Vie Associative","url":"https:\/\/vieassociative.be\/actualites\/","logo":{"@type":"ImageObject","inLanguage":"fr-BE","@id":"https:\/\/vieassociative.be\/actualites\/#\/schema\/logo\/image\/","url":"https:\/\/vieassociative.be\/actualites\/wp-content\/uploads\/2024\/09\/cropped-vieassociative_favicon.ico.png","contentUrl":"https:\/\/vieassociative.be\/actualites\/wp-content\/uploads\/2024\/09\/cropped-vieassociative_favicon.ico.png","width":512,"height":512,"caption":"Vie Associative"},"image":{"@id":"https:\/\/vieassociative.be\/actualites\/#\/schema\/logo\/image\/"}},{"@type":"Person","@id":"https:\/\/vieassociative.be\/actualites\/#\/schema\/person\/b87ac4f82f9d4e7b7cec7395b679edc4","name":"Julien","image":{"@type":"ImageObject","inLanguage":"fr-BE","@id":"https:\/\/vieassociative.be\/actualites\/#\/schema\/person\/image\/","url":"https:\/\/vieassociative.be\/actualites\/wp-content\/uploads\/2024\/09\/vie-associative-1-150x150.jpg","contentUrl":"https:\/\/vieassociative.be\/actualites\/wp-content\/uploads\/2024\/09\/vie-associative-1-150x150.jpg","caption":"Julien"},"description":"Je suis Julien, r\u00e9dacteur pour Vie Associative. Passionn\u00e9 par le monde associatif depuis plus de 10 ans, j'ai \u00e0 c\u0153ur de partager des histoires inspirantes et de mettre en lumi\u00e8re les initiatives locales. Mon objectif est de sensibiliser et d'encourager l'engagement communautaire \u00e0 travers mes articles.","sameAs":["https:\/\/vieassociative.be\/"]}]}},"_links":{"self":[{"href":"https:\/\/vieassociative.be\/actualites\/wp-json\/wp\/v2\/posts\/2235"}],"collection":[{"href":"https:\/\/vieassociative.be\/actualites\/wp-json\/wp\/v2\/posts"}],"about":[{"href":"https:\/\/vieassociative.be\/actualites\/wp-json\/wp\/v2\/types\/post"}],"author":[{"embeddable":true,"href":"https:\/\/vieassociative.be\/actualites\/wp-json\/wp\/v2\/users\/1"}],"replies":[{"embeddable":true,"href":"https:\/\/vieassociative.be\/actualites\/wp-json\/wp\/v2\/comments?post=2235"}],"version-history":[{"count":0,"href":"https:\/\/vieassociative.be\/actualites\/wp-json\/wp\/v2\/posts\/2235\/revisions"}],"wp:featuredmedia":[{"embeddable":true,"href":"https:\/\/vieassociative.be\/actualites\/wp-json\/wp\/v2\/media\/2236"}],"wp:attachment":[{"href":"https:\/\/vieassociative.be\/actualites\/wp-json\/wp\/v2\/media?parent=2235"}],"wp:term":[{"taxonomy":"category","embeddable":true,"href":"https:\/\/vieassociative.be\/actualites\/wp-json\/wp\/v2\/categories?post=2235"},{"taxonomy":"post_tag","embeddable":true,"href":"https:\/\/vieassociative.be\/actualites\/wp-json\/wp\/v2\/tags?post=2235"}],"curies":[{"name":"wp","href":"https:\/\/api.w.org\/{rel}","templated":true}]}}