{"id":2229,"date":"2024-11-09T20:23:00","date_gmt":"2024-11-09T19:23:00","guid":{"rendered":"https:\/\/vieassociative.be\/actualites\/ce-sont-les-meilleures-offres-technologiques-de-la-premiere-vente-du-black-friday-de-target\/"},"modified":"2024-11-09T20:23:00","modified_gmt":"2024-11-09T19:23:00","slug":"ce-sont-les-meilleures-offres-technologiques-de-la-premiere-vente-du-black-friday-de-target","status":"publish","type":"post","link":"https:\/\/vieassociative.be\/actualites\/ce-sont-les-meilleures-offres-technologiques-de-la-premiere-vente-du-black-friday-de-target\/","title":{"rendered":"Ce sont les meilleures offres technologiques de la premi\u00e8re vente du Black Friday de Target"},"content":{"rendered":"<div class=\"mt-4 leading-6 md:mb-8\">Obtenez des \u00e9couteurs Beats, des t\u00e9l\u00e9viseurs LG OLED, des iPad et bien plus encore, avec des r\u00e9ductions allant jusqu&rsquo;\u00e0 51 %.<\/div>\n<p><\/p>\n<p>Les premi\u00e8res ventes du Black Friday battent leur plein, avec des soci\u00e9t\u00e9s comme Amazon, Best Buy et maintenant Target en comp\u00e9tition pour attirer votre attention. Techniquement, le Black Friday n&rsquo;aura lieu que le vendredi 29 novembre, mais comme c&rsquo;est souvent le cas, les grands d\u00e9taillants proposent des offres un <em>peu<\/em> plus t\u00f4t. Cette vente Target sp\u00e9cifique se poursuit jusqu&rsquo;\u00e0 la fin de la journ\u00e9e du 9 novembre. J&rsquo;ai rassembl\u00e9 certaines des meilleures offres technologiques qu&rsquo;ils proposent apr\u00e8s les avoir examin\u00e9es avec des outils de suivi des prix pour vous faciliter la vie. Voici ce qui devrait retenir votre attention.<\/p>\n<h2 id=\"beats-headphones-start-at-100\">Les \u00e9couteurs Beats commencent \u00e0 100 $<\/h2>\n<p>Si vous recherchez des \u00e9couteurs \u00e9l\u00e9gants et de qualit\u00e9, il est difficile de battre Beats. Le Beats Studio Pro est actuellement <strong>169,99\u00a0$<\/strong> (\u00e0 l&rsquo;origine 349,99 $). Cela correspond au prix le plus bas que j&rsquo;ai jamais vu. Vous b\u00e9n\u00e9ficiez d&rsquo;un confort, d&rsquo;accessoires haut de gamme et d&rsquo;un son spatial avec suivi de la t\u00eate. Les utilisateurs Apple peuvent utiliser l&rsquo;acc\u00e8s Siri mains libres, mais tout le monde peut utiliser le couplage \u00e0 une touche sur les appareils iOS ou Android (via Google Fast Pair), qui permet des connexions simultan\u00e9es avec jusqu&rsquo;\u00e0 deux appareils, et un mode transparence qui vous permet d&rsquo;entendre. votre environnement. <\/p>\n<p>Si vous recherchez une option moins ch\u00e8re, les Beats Solo 4 sont disponibles \u00e0 <strong>99,99\u00a0$<\/strong> (\u00e0 l&rsquo;origine 199,99 $), \u00e9galement le prix le plus bas que j&rsquo;ai vu. Ils n&rsquo;offrent pas autant de fonctionnalit\u00e9s et sont des \u00e9couteurs supra-auriculaires (par opposition aux \u00e9couteurs supra-auriculaires, qui sont plus gros et entourent vos oreilles), mais \u00e0 leur prix actuel, ils repr\u00e9sentent un excellent rapport qualit\u00e9-prix. <\/p>\n<h2 id=\"an-lg-oled-tv-for-under-1000\">Un t\u00e9l\u00e9viseur LG OLED \u00e0 moins de 1 000 $<\/h2>\n<p>C&rsquo;est le bon moment pour appuyer sur la g\u00e2chette d&rsquo;un t\u00e9l\u00e9viseur OLED si le 55 pouces est la taille de votre salon. Le t\u00e9l\u00e9viseur intelligent OLED LG 55\u00a0pouces de classe 4K est actuellement <strong>999,99\u00a0$<\/strong> (\u00e0 l\u2019origine 1 499,99 $), le prix le plus bas jamais enregistr\u00e9. \u00c0 son prix actuel, c&rsquo;est un meilleur rapport qualit\u00e9-prix que m\u00eame les t\u00e9l\u00e9viseurs OLED les plus \u00e9conomiques de 2024. Il a une r\u00e9solution de 3840 \u00d7 2160 (2160p), WiFi 5, 4 entr\u00e9es HDMI et 2 ports USB, et la qualit\u00e9 d&rsquo;image et les couleurs \u00e9tonnantes habituelles. angles de vision et flou de mouvement que vous pouvez attendre d\u2019un t\u00e9l\u00e9viseur OLED. <\/p>\n<h2 id=\"the-9th-gen-ipad-is-under-200\">La 9\u00e8me g\u00e9n\u00e9ration. L&rsquo;iPad co\u00fbte moins de 200 $<\/h2>\n<p>Le prix de l&rsquo;iPad de 9e g\u00e9n\u00e9ration de 64 Go a r\u00e9guli\u00e8rement baiss\u00e9 au cours des derniers mois, mais il n&rsquo;est pas descendu en dessous de son prix actuel. <strong>199,99\u00a0$<\/strong> (\u00e0 l&rsquo;origine 329 $). Cet iPad a \u00e9t\u00e9 consid\u00e9r\u00e9 comme le meilleur iPad pour la plupart des gens par PCMag et a re\u00e7u son prix Editors&rsquo; Choice dans une critique \u00ab excellente \u00bb. Bien qu&rsquo;il ait trois ans, il ne figure pas encore sur la liste des produits Apple qui ne re\u00e7oivent plus de mises \u00e0 jour logicielles, il est donc toujours en s\u00e9curit\u00e9 avec les mises \u00e0 jour logicielles pendant encore quelques ann\u00e9es. Il p\u00e8se 1,1 livre et son \u00e9cran de 10,2 pouces a une r\u00e9solution nette de 2 160 x 1 620 pixels avec une autonomie de batterie qui vous offre environ cinq \u00e0 six heures d&rsquo;autonomie.<\/p>\n","protected":false},"excerpt":{"rendered":"<p>Obtenez des \u00e9couteurs Beats, des t\u00e9l\u00e9viseurs LG OLED, des iPad et bien plus encore, avec des r\u00e9ductions allant jusqu&rsquo;\u00e0 51 %. Les premi\u00e8res ventes du<\/p>\n","protected":false},"author":1,"featured_media":2230,"comment_status":"","ping_status":"","sticky":false,"template":"","format":"standard","meta":{"footnotes":""},"categories":[13],"tags":[73,1255,14,79,345,610,18,2977,2789,223],"class_list":["post-2229","post","type-post","status-publish","format-standard","has-post-thumbnail","hentry","category-technologie","tag-black","tag-friday","tag-les","tag-meilleures","tag-offres","tag-premiere","tag-sont","tag-target","tag-technologiques","tag-vente","generate-columns","tablet-grid-50","mobile-grid-100","grid-parent","grid-33"],"yoast_head":"<!-- This site is optimized with the Yoast SEO plugin v24.0 - https:\/\/yoast.com\/wordpress\/plugins\/seo\/ -->\n<title>Ce sont les meilleures offres technologiques de la premi\u00e8re vente du Black Friday de Target | Vie Associative<\/title>\n<meta name=\"robots\" content=\"index, follow, max-snippet:-1, max-image-preview:large, max-video-preview:-1\" \/>\n<link rel=\"canonical\" href=\"https:\/\/vieassociative.be\/actualites\/ce-sont-les-meilleures-offres-technologiques-de-la-premiere-vente-du-black-friday-de-target\/\" \/>\n<meta property=\"og:locale\" content=\"fr_FR\" \/>\n<meta property=\"og:type\" content=\"article\" \/>\n<meta property=\"og:title\" content=\"Ce sont les meilleures offres technologiques de la premi\u00e8re vente du Black Friday de Target | Vie Associative\" \/>\n<meta property=\"og:description\" content=\"Obtenez des \u00e9couteurs Beats, des t\u00e9l\u00e9viseurs LG OLED, des iPad et bien plus encore, avec des r\u00e9ductions allant jusqu&rsquo;\u00e0 51 %. Les premi\u00e8res ventes du\" \/>\n<meta property=\"og:url\" content=\"https:\/\/vieassociative.be\/actualites\/ce-sont-les-meilleures-offres-technologiques-de-la-premiere-vente-du-black-friday-de-target\/\" \/>\n<meta property=\"og:site_name\" content=\"Vie Associative\" \/>\n<meta property=\"article:published_time\" content=\"2024-11-09T19:23:00+00:00\" \/>\n<meta property=\"og:image\" content=\"https:\/\/vieassociative.be\/actualites\/wp-content\/uploads\/2024\/09\/header_backgroundk-01-e1726694325946.png\" \/>\n\t<meta property=\"og:image:width\" content=\"279\" \/>\n\t<meta property=\"og:image:height\" content=\"92\" \/>\n\t<meta property=\"og:image:type\" content=\"image\/png\" \/>\n<meta name=\"author\" content=\"Julien\" \/>\n<meta name=\"twitter:card\" content=\"summary_large_image\" \/>\n<meta name=\"twitter:label1\" content=\"\u00c9crit par\" \/>\n\t<meta name=\"twitter:data1\" content=\"Julien\" \/>\n\t<meta name=\"twitter:label2\" content=\"Dur\u00e9e de lecture est.\" \/>\n\t<meta name=\"twitter:data2\" content=\"3 minutes\" \/>\n<script type=\"application\/ld+json\" class=\"yoast-schema-graph\">{\"@context\":\"https:\/\/schema.org\",\"@graph\":[{\"@type\":\"Article\",\"@id\":\"https:\/\/vieassociative.be\/actualites\/ce-sont-les-meilleures-offres-technologiques-de-la-premiere-vente-du-black-friday-de-target\/#article\",\"isPartOf\":{\"@id\":\"https:\/\/vieassociative.be\/actualites\/ce-sont-les-meilleures-offres-technologiques-de-la-premiere-vente-du-black-friday-de-target\/\"},\"author\":{\"name\":\"Julien\",\"@id\":\"https:\/\/vieassociative.be\/actualites\/#\/schema\/person\/b87ac4f82f9d4e7b7cec7395b679edc4\"},\"headline\":\"Ce sont les meilleures offres technologiques de la premi\u00e8re vente du Black Friday de Target\",\"datePublished\":\"2024-11-09T19:23:00+00:00\",\"dateModified\":\"2024-11-09T19:23:00+00:00\",\"mainEntityOfPage\":{\"@id\":\"https:\/\/vieassociative.be\/actualites\/ce-sont-les-meilleures-offres-technologiques-de-la-premiere-vente-du-black-friday-de-target\/\"},\"wordCount\":596,\"publisher\":{\"@id\":\"https:\/\/vieassociative.be\/actualites\/#organization\"},\"image\":{\"@id\":\"https:\/\/vieassociative.be\/actualites\/ce-sont-les-meilleures-offres-technologiques-de-la-premiere-vente-du-black-friday-de-target\/#primaryimage\"},\"thumbnailUrl\":\"https:\/\/vieassociative.be\/actualites\/wp-content\/uploads\/2024\/11\/Ce-sont-les-meilleures-offres-technologiques-de-la-premiere-vente.png\",\"keywords\":[\"Black\",\"Friday\",\"Les\",\"meilleures\",\"offres\",\"premi\u00e8re\",\"sont\",\"Target\",\"technologiques\",\"vente\"],\"articleSection\":[\"Technologie\"],\"inLanguage\":\"fr-BE\"},{\"@type\":\"WebPage\",\"@id\":\"https:\/\/vieassociative.be\/actualites\/ce-sont-les-meilleures-offres-technologiques-de-la-premiere-vente-du-black-friday-de-target\/\",\"url\":\"https:\/\/vieassociative.be\/actualites\/ce-sont-les-meilleures-offres-technologiques-de-la-premiere-vente-du-black-friday-de-target\/\",\"name\":\"Ce sont les meilleures offres technologiques de la premi\u00e8re vente du Black Friday de Target | Vie Associative\",\"isPartOf\":{\"@id\":\"https:\/\/vieassociative.be\/actualites\/#website\"},\"primaryImageOfPage\":{\"@id\":\"https:\/\/vieassociative.be\/actualites\/ce-sont-les-meilleures-offres-technologiques-de-la-premiere-vente-du-black-friday-de-target\/#primaryimage\"},\"image\":{\"@id\":\"https:\/\/vieassociative.be\/actualites\/ce-sont-les-meilleures-offres-technologiques-de-la-premiere-vente-du-black-friday-de-target\/#primaryimage\"},\"thumbnailUrl\":\"https:\/\/vieassociative.be\/actualites\/wp-content\/uploads\/2024\/11\/Ce-sont-les-meilleures-offres-technologiques-de-la-premiere-vente.png\",\"datePublished\":\"2024-11-09T19:23:00+00:00\",\"dateModified\":\"2024-11-09T19:23:00+00:00\",\"breadcrumb\":{\"@id\":\"https:\/\/vieassociative.be\/actualites\/ce-sont-les-meilleures-offres-technologiques-de-la-premiere-vente-du-black-friday-de-target\/#breadcrumb\"},\"inLanguage\":\"fr-BE\",\"potentialAction\":[{\"@type\":\"ReadAction\",\"target\":[\"https:\/\/vieassociative.be\/actualites\/ce-sont-les-meilleures-offres-technologiques-de-la-premiere-vente-du-black-friday-de-target\/\"]}]},{\"@type\":\"ImageObject\",\"inLanguage\":\"fr-BE\",\"@id\":\"https:\/\/vieassociative.be\/actualites\/ce-sont-les-meilleures-offres-technologiques-de-la-premiere-vente-du-black-friday-de-target\/#primaryimage\",\"url\":\"https:\/\/vieassociative.be\/actualites\/wp-content\/uploads\/2024\/11\/Ce-sont-les-meilleures-offres-technologiques-de-la-premiere-vente.png\",\"contentUrl\":\"https:\/\/vieassociative.be\/actualites\/wp-content\/uploads\/2024\/11\/Ce-sont-les-meilleures-offres-technologiques-de-la-premiere-vente.png\",\"width\":1200,\"height\":675,\"caption\":\"Ce sont les meilleures offres technologiques de la premi\u00e8re vente du Black Friday de Target\"},{\"@type\":\"BreadcrumbList\",\"@id\":\"https:\/\/vieassociative.be\/actualites\/ce-sont-les-meilleures-offres-technologiques-de-la-premiere-vente-du-black-friday-de-target\/#breadcrumb\",\"itemListElement\":[{\"@type\":\"ListItem\",\"position\":1,\"name\":\"Accueil\",\"item\":\"https:\/\/vieassociative.be\/actualites\/\"},{\"@type\":\"ListItem\",\"position\":2,\"name\":\"Ce sont les meilleures offres technologiques de la premi\u00e8re vente du Black Friday de Target\"}]},{\"@type\":\"WebSite\",\"@id\":\"https:\/\/vieassociative.be\/actualites\/#website\",\"url\":\"https:\/\/vieassociative.be\/actualites\/\",\"name\":\"Vie Associative\",\"description\":\"\",\"publisher\":{\"@id\":\"https:\/\/vieassociative.be\/actualites\/#organization\"},\"potentialAction\":[{\"@type\":\"SearchAction\",\"target\":{\"@type\":\"EntryPoint\",\"urlTemplate\":\"https:\/\/vieassociative.be\/actualites\/?s={search_term_string}\"},\"query-input\":{\"@type\":\"PropertyValueSpecification\",\"valueRequired\":true,\"valueName\":\"search_term_string\"}}],\"inLanguage\":\"fr-BE\"},{\"@type\":\"Organization\",\"@id\":\"https:\/\/vieassociative.be\/actualites\/#organization\",\"name\":\"Vie Associative\",\"url\":\"https:\/\/vieassociative.be\/actualites\/\",\"logo\":{\"@type\":\"ImageObject\",\"inLanguage\":\"fr-BE\",\"@id\":\"https:\/\/vieassociative.be\/actualites\/#\/schema\/logo\/image\/\",\"url\":\"https:\/\/vieassociative.be\/actualites\/wp-content\/uploads\/2024\/09\/cropped-vieassociative_favicon.ico.png\",\"contentUrl\":\"https:\/\/vieassociative.be\/actualites\/wp-content\/uploads\/2024\/09\/cropped-vieassociative_favicon.ico.png\",\"width\":512,\"height\":512,\"caption\":\"Vie Associative\"},\"image\":{\"@id\":\"https:\/\/vieassociative.be\/actualites\/#\/schema\/logo\/image\/\"}},{\"@type\":\"Person\",\"@id\":\"https:\/\/vieassociative.be\/actualites\/#\/schema\/person\/b87ac4f82f9d4e7b7cec7395b679edc4\",\"name\":\"Julien\",\"image\":{\"@type\":\"ImageObject\",\"inLanguage\":\"fr-BE\",\"@id\":\"https:\/\/vieassociative.be\/actualites\/#\/schema\/person\/image\/\",\"url\":\"https:\/\/vieassociative.be\/actualites\/wp-content\/uploads\/2024\/09\/vie-associative-1-150x150.jpg\",\"contentUrl\":\"https:\/\/vieassociative.be\/actualites\/wp-content\/uploads\/2024\/09\/vie-associative-1-150x150.jpg\",\"caption\":\"Julien\"},\"description\":\"Je suis Julien, r\u00e9dacteur pour Vie Associative. Passionn\u00e9 par le monde associatif depuis plus de 10 ans, j'ai \u00e0 c\u0153ur de partager des histoires inspirantes et de mettre en lumi\u00e8re les initiatives locales. Mon objectif est de sensibiliser et d'encourager l'engagement communautaire \u00e0 travers mes articles.\",\"sameAs\":[\"https:\/\/vieassociative.be\/\"]}]}<\/script>\n<!-- \/ Yoast SEO plugin. -->","yoast_head_json":{"title":"Ce sont les meilleures offres technologiques de la premi\u00e8re vente du Black Friday de Target | Vie Associative","robots":{"index":"index","follow":"follow","max-snippet":"max-snippet:-1","max-image-preview":"max-image-preview:large","max-video-preview":"max-video-preview:-1"},"canonical":"https:\/\/vieassociative.be\/actualites\/ce-sont-les-meilleures-offres-technologiques-de-la-premiere-vente-du-black-friday-de-target\/","og_locale":"fr_FR","og_type":"article","og_title":"Ce sont les meilleures offres technologiques de la premi\u00e8re vente du Black Friday de Target | Vie Associative","og_description":"Obtenez des \u00e9couteurs Beats, des t\u00e9l\u00e9viseurs LG OLED, des iPad et bien plus encore, avec des r\u00e9ductions allant jusqu&rsquo;\u00e0 51 %. Les premi\u00e8res ventes du","og_url":"https:\/\/vieassociative.be\/actualites\/ce-sont-les-meilleures-offres-technologiques-de-la-premiere-vente-du-black-friday-de-target\/","og_site_name":"Vie Associative","article_published_time":"2024-11-09T19:23:00+00:00","og_image":[{"width":279,"height":92,"url":"https:\/\/vieassociative.be\/actualites\/wp-content\/uploads\/2024\/09\/header_backgroundk-01-e1726694325946.png","type":"image\/png"}],"author":"Julien","twitter_card":"summary_large_image","twitter_misc":{"\u00c9crit par":"Julien","Dur\u00e9e de lecture est.":"3 minutes"},"schema":{"@context":"https:\/\/schema.org","@graph":[{"@type":"Article","@id":"https:\/\/vieassociative.be\/actualites\/ce-sont-les-meilleures-offres-technologiques-de-la-premiere-vente-du-black-friday-de-target\/#article","isPartOf":{"@id":"https:\/\/vieassociative.be\/actualites\/ce-sont-les-meilleures-offres-technologiques-de-la-premiere-vente-du-black-friday-de-target\/"},"author":{"name":"Julien","@id":"https:\/\/vieassociative.be\/actualites\/#\/schema\/person\/b87ac4f82f9d4e7b7cec7395b679edc4"},"headline":"Ce sont les meilleures offres technologiques de la premi\u00e8re vente du Black Friday de Target","datePublished":"2024-11-09T19:23:00+00:00","dateModified":"2024-11-09T19:23:00+00:00","mainEntityOfPage":{"@id":"https:\/\/vieassociative.be\/actualites\/ce-sont-les-meilleures-offres-technologiques-de-la-premiere-vente-du-black-friday-de-target\/"},"wordCount":596,"publisher":{"@id":"https:\/\/vieassociative.be\/actualites\/#organization"},"image":{"@id":"https:\/\/vieassociative.be\/actualites\/ce-sont-les-meilleures-offres-technologiques-de-la-premiere-vente-du-black-friday-de-target\/#primaryimage"},"thumbnailUrl":"https:\/\/vieassociative.be\/actualites\/wp-content\/uploads\/2024\/11\/Ce-sont-les-meilleures-offres-technologiques-de-la-premiere-vente.png","keywords":["Black","Friday","Les","meilleures","offres","premi\u00e8re","sont","Target","technologiques","vente"],"articleSection":["Technologie"],"inLanguage":"fr-BE"},{"@type":"WebPage","@id":"https:\/\/vieassociative.be\/actualites\/ce-sont-les-meilleures-offres-technologiques-de-la-premiere-vente-du-black-friday-de-target\/","url":"https:\/\/vieassociative.be\/actualites\/ce-sont-les-meilleures-offres-technologiques-de-la-premiere-vente-du-black-friday-de-target\/","name":"Ce sont les meilleures offres technologiques de la premi\u00e8re vente du Black Friday de Target | Vie Associative","isPartOf":{"@id":"https:\/\/vieassociative.be\/actualites\/#website"},"primaryImageOfPage":{"@id":"https:\/\/vieassociative.be\/actualites\/ce-sont-les-meilleures-offres-technologiques-de-la-premiere-vente-du-black-friday-de-target\/#primaryimage"},"image":{"@id":"https:\/\/vieassociative.be\/actualites\/ce-sont-les-meilleures-offres-technologiques-de-la-premiere-vente-du-black-friday-de-target\/#primaryimage"},"thumbnailUrl":"https:\/\/vieassociative.be\/actualites\/wp-content\/uploads\/2024\/11\/Ce-sont-les-meilleures-offres-technologiques-de-la-premiere-vente.png","datePublished":"2024-11-09T19:23:00+00:00","dateModified":"2024-11-09T19:23:00+00:00","breadcrumb":{"@id":"https:\/\/vieassociative.be\/actualites\/ce-sont-les-meilleures-offres-technologiques-de-la-premiere-vente-du-black-friday-de-target\/#breadcrumb"},"inLanguage":"fr-BE","potentialAction":[{"@type":"ReadAction","target":["https:\/\/vieassociative.be\/actualites\/ce-sont-les-meilleures-offres-technologiques-de-la-premiere-vente-du-black-friday-de-target\/"]}]},{"@type":"ImageObject","inLanguage":"fr-BE","@id":"https:\/\/vieassociative.be\/actualites\/ce-sont-les-meilleures-offres-technologiques-de-la-premiere-vente-du-black-friday-de-target\/#primaryimage","url":"https:\/\/vieassociative.be\/actualites\/wp-content\/uploads\/2024\/11\/Ce-sont-les-meilleures-offres-technologiques-de-la-premiere-vente.png","contentUrl":"https:\/\/vieassociative.be\/actualites\/wp-content\/uploads\/2024\/11\/Ce-sont-les-meilleures-offres-technologiques-de-la-premiere-vente.png","width":1200,"height":675,"caption":"Ce sont les meilleures offres technologiques de la premi\u00e8re vente du Black Friday de Target"},{"@type":"BreadcrumbList","@id":"https:\/\/vieassociative.be\/actualites\/ce-sont-les-meilleures-offres-technologiques-de-la-premiere-vente-du-black-friday-de-target\/#breadcrumb","itemListElement":[{"@type":"ListItem","position":1,"name":"Accueil","item":"https:\/\/vieassociative.be\/actualites\/"},{"@type":"ListItem","position":2,"name":"Ce sont les meilleures offres technologiques de la premi\u00e8re vente du Black Friday de Target"}]},{"@type":"WebSite","@id":"https:\/\/vieassociative.be\/actualites\/#website","url":"https:\/\/vieassociative.be\/actualites\/","name":"Vie Associative","description":"","publisher":{"@id":"https:\/\/vieassociative.be\/actualites\/#organization"},"potentialAction":[{"@type":"SearchAction","target":{"@type":"EntryPoint","urlTemplate":"https:\/\/vieassociative.be\/actualites\/?s={search_term_string}"},"query-input":{"@type":"PropertyValueSpecification","valueRequired":true,"valueName":"search_term_string"}}],"inLanguage":"fr-BE"},{"@type":"Organization","@id":"https:\/\/vieassociative.be\/actualites\/#organization","name":"Vie Associative","url":"https:\/\/vieassociative.be\/actualites\/","logo":{"@type":"ImageObject","inLanguage":"fr-BE","@id":"https:\/\/vieassociative.be\/actualites\/#\/schema\/logo\/image\/","url":"https:\/\/vieassociative.be\/actualites\/wp-content\/uploads\/2024\/09\/cropped-vieassociative_favicon.ico.png","contentUrl":"https:\/\/vieassociative.be\/actualites\/wp-content\/uploads\/2024\/09\/cropped-vieassociative_favicon.ico.png","width":512,"height":512,"caption":"Vie Associative"},"image":{"@id":"https:\/\/vieassociative.be\/actualites\/#\/schema\/logo\/image\/"}},{"@type":"Person","@id":"https:\/\/vieassociative.be\/actualites\/#\/schema\/person\/b87ac4f82f9d4e7b7cec7395b679edc4","name":"Julien","image":{"@type":"ImageObject","inLanguage":"fr-BE","@id":"https:\/\/vieassociative.be\/actualites\/#\/schema\/person\/image\/","url":"https:\/\/vieassociative.be\/actualites\/wp-content\/uploads\/2024\/09\/vie-associative-1-150x150.jpg","contentUrl":"https:\/\/vieassociative.be\/actualites\/wp-content\/uploads\/2024\/09\/vie-associative-1-150x150.jpg","caption":"Julien"},"description":"Je suis Julien, r\u00e9dacteur pour Vie Associative. Passionn\u00e9 par le monde associatif depuis plus de 10 ans, j'ai \u00e0 c\u0153ur de partager des histoires inspirantes et de mettre en lumi\u00e8re les initiatives locales. Mon objectif est de sensibiliser et d'encourager l'engagement communautaire \u00e0 travers mes articles.","sameAs":["https:\/\/vieassociative.be\/"]}]}},"_links":{"self":[{"href":"https:\/\/vieassociative.be\/actualites\/wp-json\/wp\/v2\/posts\/2229"}],"collection":[{"href":"https:\/\/vieassociative.be\/actualites\/wp-json\/wp\/v2\/posts"}],"about":[{"href":"https:\/\/vieassociative.be\/actualites\/wp-json\/wp\/v2\/types\/post"}],"author":[{"embeddable":true,"href":"https:\/\/vieassociative.be\/actualites\/wp-json\/wp\/v2\/users\/1"}],"replies":[{"embeddable":true,"href":"https:\/\/vieassociative.be\/actualites\/wp-json\/wp\/v2\/comments?post=2229"}],"version-history":[{"count":0,"href":"https:\/\/vieassociative.be\/actualites\/wp-json\/wp\/v2\/posts\/2229\/revisions"}],"wp:featuredmedia":[{"embeddable":true,"href":"https:\/\/vieassociative.be\/actualites\/wp-json\/wp\/v2\/media\/2230"}],"wp:attachment":[{"href":"https:\/\/vieassociative.be\/actualites\/wp-json\/wp\/v2\/media?parent=2229"}],"wp:term":[{"taxonomy":"category","embeddable":true,"href":"https:\/\/vieassociative.be\/actualites\/wp-json\/wp\/v2\/categories?post=2229"},{"taxonomy":"post_tag","embeddable":true,"href":"https:\/\/vieassociative.be\/actualites\/wp-json\/wp\/v2\/tags?post=2229"}],"curies":[{"name":"wp","href":"https:\/\/api.w.org\/{rel}","templated":true}]}}