{"id":2221,"date":"2024-11-09T15:20:49","date_gmt":"2024-11-09T14:20:49","guid":{"rendered":"https:\/\/vieassociative.be\/actualites\/premiere-a-mons-pour-la-premiere-fois-en-wallonie-les-communistes-du-ptb-font-partie-de-la-coalition-majoritaire\/"},"modified":"2024-11-09T15:20:49","modified_gmt":"2024-11-09T14:20:49","slug":"premiere-a-mons-pour-la-premiere-fois-en-wallonie-les-communistes-du-ptb-font-partie-de-la-coalition-majoritaire","status":"publish","type":"post","link":"https:\/\/vieassociative.be\/actualites\/premiere-a-mons-pour-la-premiere-fois-en-wallonie-les-communistes-du-ptb-font-partie-de-la-coalition-majoritaire\/","title":{"rendered":"Premi\u00e8re \u00e0 Mons : Pour la premi\u00e8re fois en Wallonie, les communistes du PTB font partie de la coalition majoritaire"},"content":{"rendered":"<p><strong>Alors que les partis et groupes d&rsquo;extr\u00eame droite font leur entr\u00e9e dans les gouvernements un peu partout en Europe, la quatri\u00e8me plus grande ville de Wallonie et capitale de la province de Hainaut sera \u00e0 l&rsquo;avenir cogouvern\u00e9e par des extr\u00e9mistes de gauche.<\/strong><\/p>\n<p><span id=\"more-401371\"><\/span>Dans la ville de Mons, les communistes du PTB, avec le PS et Ecolo, forment la coalition majoritaire &#8211; au grand dam de Georges-Louis Bouchez, le pr\u00e9sident des Lib\u00e9raux francophones (MR), qui doit continuer \u00e0 faire pression sur l&rsquo;opposition. banc avec sa liste \u00ab Mons en Mieux \u00bb.<\/p>\n<p>C&rsquo;est la premi\u00e8re fois en Wallonie que le PTB d\u00e9tient une participation majoritaire. Lors des \u00e9lections municipales du 13 octobre, le PS a remport\u00e9 22 des 45 si\u00e8ges et a ainsi rat\u00e9 la majorit\u00e9 absolue d&rsquo;un seul mandat. Le maire sortant Nicolas Martin a donc \u00e9t\u00e9 contraint de n\u00e9gocier avec les autres partis.<\/p>\n<div id=\"attachment_317717\" class=\"wp-caption alignleft\" style=\"max-width: 300px\"><img fetchpriority=\"high\" decoding=\"async\" class=\"wp-image-317717 size-medium\" src=\"https:\/\/vieassociative.be\/actualites\/wp-content\/uploads\/2024\/11\/Premiere-a-Mons-Pour-la-premiere-fois-en-Wallonie.jpeg\" alt=\"\" width=\"300\" height=\"200\"><\/p>\n<p class=\"wp-caption-text\">Pr\u00e9sident MR Georges-Louis Bouchez : Les socialistes n&rsquo;ont pas voulu faire alliance avec lui et sa liste \u00ab Mons en Mieux \u00bb. Photo de : Belga<\/p>\n<\/div>\n<p>En raison des hostilit\u00e9s entre Martin et le leader du MR Bouchez, une coalition avec les lib\u00e9raux (14 si\u00e8ges) a \u00e9t\u00e9 \u00e9limin\u00e9e. Dans un premier temps, le PS a tent\u00e9 de former une majorit\u00e9 avec le parti Les Engag\u00e9s (3 si\u00e8ges). Ils ont toutefois quitt\u00e9 les n\u00e9gociations \u00ab\u00a0sous la pression du MR et de Georges-Louis Bouchez, qui a fait pression sur son partenaire au niveau r\u00e9gional\u00a0\u00bb, selon le PS.<\/p>\n<p>Cependant, une coalition avec seulement Ecolo (2 si\u00e8ges) \u00e9tait trop serr\u00e9e. Le PTB (4 si\u00e8ges) est donc entr\u00e9 en discussion pour une coalition tripartite qui disposerait de 28 des 45 si\u00e8ges.<\/p>\n<p>Le patron du MR Bouchez s&rsquo;est indign\u00e9 : \u00ab C&rsquo;est une folie absolue \u00bb, a r\u00e9agi le chef des lib\u00e9raux francophones. \u00ab On sait que la liste \u00ab Mons en Mieux \u00bb a connu la plus forte augmentation. Nous sommes les vainqueurs des \u00e9lections, nous avons bris\u00e9 la majorit\u00e9 absolue du Parti socialiste. C&rsquo;est bien connu, le maire a visiblement un probl\u00e8me avec moi. J&rsquo;ai propos\u00e9 de me retirer. Je pense que les difficult\u00e9s personnelles ne devraient pas conduire \u00e0 commettre une telle b\u00eatise politique \u00bb, a fulmin\u00e9 Bouchez.<\/p>\n<p>L\u2019exemple de Mons pourrait aussi avoir un effet domino sur d\u2019autres communaut\u00e9s. On pense \u00e0 Seraing, o\u00f9 le PS doute de devoir s&rsquo;allier avec le MR ou avec le PTB, mais surtout aux deux communes bruxelloises de Forest et Molenbeek, o\u00f9 les socialistes pourraient \u00e9galement s&rsquo;allier avec les communistes. (cr\u00e9er)<\/p>\n","protected":false},"excerpt":{"rendered":"<p>Alors que les partis et groupes d&rsquo;extr\u00eame droite font leur entr\u00e9e dans les gouvernements un peu partout en Europe, la quatri\u00e8me plus grande ville de<\/p>\n","protected":false},"author":1,"featured_media":2222,"comment_status":"","ping_status":"","sticky":false,"template":"","format":"standard","meta":{"footnotes":""},"categories":[298],"tags":[2315,2971,774,749,14,2973,2969,1663,81,610,2972,2970],"class_list":["post-2221","post","type-post","status-publish","format-standard","has-post-thumbnail","hentry","category-belgique","tag-coalition","tag-communistes","tag-fois","tag-font","tag-les","tag-majoritaire","tag-mons","tag-partie","tag-pour","tag-premiere","tag-ptb","tag-wallonie","generate-columns","tablet-grid-50","mobile-grid-100","grid-parent","grid-33"],"yoast_head":"<!-- This site is optimized with the Yoast SEO plugin v24.0 - https:\/\/yoast.com\/wordpress\/plugins\/seo\/ -->\n<title>Premi\u00e8re \u00e0 Mons : Pour la premi\u00e8re fois en Wallonie, les communistes du PTB font partie de la coalition majoritaire | Vie Associative<\/title>\n<meta name=\"robots\" content=\"index, follow, max-snippet:-1, max-image-preview:large, max-video-preview:-1\" \/>\n<link rel=\"canonical\" href=\"https:\/\/vieassociative.be\/actualites\/premiere-a-mons-pour-la-premiere-fois-en-wallonie-les-communistes-du-ptb-font-partie-de-la-coalition-majoritaire\/\" \/>\n<meta property=\"og:locale\" content=\"fr_FR\" \/>\n<meta property=\"og:type\" content=\"article\" \/>\n<meta property=\"og:title\" content=\"Premi\u00e8re \u00e0 Mons : Pour la premi\u00e8re fois en Wallonie, les communistes du PTB font partie de la coalition majoritaire | Vie Associative\" \/>\n<meta property=\"og:description\" content=\"Alors que les partis et groupes d&rsquo;extr\u00eame droite font leur entr\u00e9e dans les gouvernements un peu partout en Europe, la quatri\u00e8me plus grande ville de\" \/>\n<meta property=\"og:url\" content=\"https:\/\/vieassociative.be\/actualites\/premiere-a-mons-pour-la-premiere-fois-en-wallonie-les-communistes-du-ptb-font-partie-de-la-coalition-majoritaire\/\" \/>\n<meta property=\"og:site_name\" content=\"Vie Associative\" \/>\n<meta property=\"article:published_time\" content=\"2024-11-09T14:20:49+00:00\" \/>\n<meta property=\"og:image\" content=\"https:\/\/vieassociative.be\/actualites\/wp-content\/uploads\/2024\/11\/Premiere-a-Mons-Pour-la-premiere-fois-en-Wallonie.jpeg\" \/>\n<meta name=\"author\" content=\"Julien\" \/>\n<meta name=\"twitter:card\" content=\"summary_large_image\" \/>\n<meta name=\"twitter:label1\" content=\"\u00c9crit par\" \/>\n\t<meta name=\"twitter:data1\" content=\"Julien\" \/>\n\t<meta name=\"twitter:label2\" content=\"Dur\u00e9e de lecture est.\" \/>\n\t<meta name=\"twitter:data2\" content=\"2 minutes\" \/>\n<script type=\"application\/ld+json\" class=\"yoast-schema-graph\">{\"@context\":\"https:\/\/schema.org\",\"@graph\":[{\"@type\":\"Article\",\"@id\":\"https:\/\/vieassociative.be\/actualites\/premiere-a-mons-pour-la-premiere-fois-en-wallonie-les-communistes-du-ptb-font-partie-de-la-coalition-majoritaire\/#article\",\"isPartOf\":{\"@id\":\"https:\/\/vieassociative.be\/actualites\/premiere-a-mons-pour-la-premiere-fois-en-wallonie-les-communistes-du-ptb-font-partie-de-la-coalition-majoritaire\/\"},\"author\":{\"name\":\"Julien\",\"@id\":\"https:\/\/vieassociative.be\/actualites\/#\/schema\/person\/b87ac4f82f9d4e7b7cec7395b679edc4\"},\"headline\":\"Premi\u00e8re \u00e0 Mons : Pour la premi\u00e8re fois en Wallonie, les communistes du PTB font partie de la coalition majoritaire\",\"datePublished\":\"2024-11-09T14:20:49+00:00\",\"dateModified\":\"2024-11-09T14:20:49+00:00\",\"mainEntityOfPage\":{\"@id\":\"https:\/\/vieassociative.be\/actualites\/premiere-a-mons-pour-la-premiere-fois-en-wallonie-les-communistes-du-ptb-font-partie-de-la-coalition-majoritaire\/\"},\"wordCount\":447,\"publisher\":{\"@id\":\"https:\/\/vieassociative.be\/actualites\/#organization\"},\"image\":{\"@id\":\"https:\/\/vieassociative.be\/actualites\/premiere-a-mons-pour-la-premiere-fois-en-wallonie-les-communistes-du-ptb-font-partie-de-la-coalition-majoritaire\/#primaryimage\"},\"thumbnailUrl\":\"https:\/\/vieassociative.be\/actualites\/wp-content\/uploads\/2024\/11\/Premiere-a-Mons-Pour-la-premiere-fois-en-Wallonie.jpg\",\"keywords\":[\"coalition\",\"communistes\",\"fois\",\"font\",\"Les\",\"majoritaire\",\"Mons\",\"partie\",\"pour\",\"premi\u00e8re\",\"PTB\",\"Wallonie\"],\"articleSection\":[\"Belgique\"],\"inLanguage\":\"fr-BE\"},{\"@type\":\"WebPage\",\"@id\":\"https:\/\/vieassociative.be\/actualites\/premiere-a-mons-pour-la-premiere-fois-en-wallonie-les-communistes-du-ptb-font-partie-de-la-coalition-majoritaire\/\",\"url\":\"https:\/\/vieassociative.be\/actualites\/premiere-a-mons-pour-la-premiere-fois-en-wallonie-les-communistes-du-ptb-font-partie-de-la-coalition-majoritaire\/\",\"name\":\"Premi\u00e8re \u00e0 Mons : Pour la premi\u00e8re fois en Wallonie, les communistes du PTB font partie de la coalition majoritaire | Vie Associative\",\"isPartOf\":{\"@id\":\"https:\/\/vieassociative.be\/actualites\/#website\"},\"primaryImageOfPage\":{\"@id\":\"https:\/\/vieassociative.be\/actualites\/premiere-a-mons-pour-la-premiere-fois-en-wallonie-les-communistes-du-ptb-font-partie-de-la-coalition-majoritaire\/#primaryimage\"},\"image\":{\"@id\":\"https:\/\/vieassociative.be\/actualites\/premiere-a-mons-pour-la-premiere-fois-en-wallonie-les-communistes-du-ptb-font-partie-de-la-coalition-majoritaire\/#primaryimage\"},\"thumbnailUrl\":\"https:\/\/vieassociative.be\/actualites\/wp-content\/uploads\/2024\/11\/Premiere-a-Mons-Pour-la-premiere-fois-en-Wallonie.jpg\",\"datePublished\":\"2024-11-09T14:20:49+00:00\",\"dateModified\":\"2024-11-09T14:20:49+00:00\",\"breadcrumb\":{\"@id\":\"https:\/\/vieassociative.be\/actualites\/premiere-a-mons-pour-la-premiere-fois-en-wallonie-les-communistes-du-ptb-font-partie-de-la-coalition-majoritaire\/#breadcrumb\"},\"inLanguage\":\"fr-BE\",\"potentialAction\":[{\"@type\":\"ReadAction\",\"target\":[\"https:\/\/vieassociative.be\/actualites\/premiere-a-mons-pour-la-premiere-fois-en-wallonie-les-communistes-du-ptb-font-partie-de-la-coalition-majoritaire\/\"]}]},{\"@type\":\"ImageObject\",\"inLanguage\":\"fr-BE\",\"@id\":\"https:\/\/vieassociative.be\/actualites\/premiere-a-mons-pour-la-premiere-fois-en-wallonie-les-communistes-du-ptb-font-partie-de-la-coalition-majoritaire\/#primaryimage\",\"url\":\"https:\/\/vieassociative.be\/actualites\/wp-content\/uploads\/2024\/11\/Premiere-a-Mons-Pour-la-premiere-fois-en-Wallonie.jpg\",\"contentUrl\":\"https:\/\/vieassociative.be\/actualites\/wp-content\/uploads\/2024\/11\/Premiere-a-Mons-Pour-la-premiere-fois-en-Wallonie.jpg\",\"width\":1300,\"height\":838,\"caption\":\"Premi\u00e8re \u00e0 Mons : Pour la premi\u00e8re fois en Wallonie, les communistes du PTB font partie de la coalition majoritaire\"},{\"@type\":\"BreadcrumbList\",\"@id\":\"https:\/\/vieassociative.be\/actualites\/premiere-a-mons-pour-la-premiere-fois-en-wallonie-les-communistes-du-ptb-font-partie-de-la-coalition-majoritaire\/#breadcrumb\",\"itemListElement\":[{\"@type\":\"ListItem\",\"position\":1,\"name\":\"Accueil\",\"item\":\"https:\/\/vieassociative.be\/actualites\/\"},{\"@type\":\"ListItem\",\"position\":2,\"name\":\"Premi\u00e8re \u00e0 Mons : Pour la premi\u00e8re fois en Wallonie, les communistes du PTB font partie de la coalition majoritaire\"}]},{\"@type\":\"WebSite\",\"@id\":\"https:\/\/vieassociative.be\/actualites\/#website\",\"url\":\"https:\/\/vieassociative.be\/actualites\/\",\"name\":\"Vie Associative\",\"description\":\"\",\"publisher\":{\"@id\":\"https:\/\/vieassociative.be\/actualites\/#organization\"},\"potentialAction\":[{\"@type\":\"SearchAction\",\"target\":{\"@type\":\"EntryPoint\",\"urlTemplate\":\"https:\/\/vieassociative.be\/actualites\/?s={search_term_string}\"},\"query-input\":{\"@type\":\"PropertyValueSpecification\",\"valueRequired\":true,\"valueName\":\"search_term_string\"}}],\"inLanguage\":\"fr-BE\"},{\"@type\":\"Organization\",\"@id\":\"https:\/\/vieassociative.be\/actualites\/#organization\",\"name\":\"Vie Associative\",\"url\":\"https:\/\/vieassociative.be\/actualites\/\",\"logo\":{\"@type\":\"ImageObject\",\"inLanguage\":\"fr-BE\",\"@id\":\"https:\/\/vieassociative.be\/actualites\/#\/schema\/logo\/image\/\",\"url\":\"https:\/\/vieassociative.be\/actualites\/wp-content\/uploads\/2024\/09\/cropped-vieassociative_favicon.ico.png\",\"contentUrl\":\"https:\/\/vieassociative.be\/actualites\/wp-content\/uploads\/2024\/09\/cropped-vieassociative_favicon.ico.png\",\"width\":512,\"height\":512,\"caption\":\"Vie Associative\"},\"image\":{\"@id\":\"https:\/\/vieassociative.be\/actualites\/#\/schema\/logo\/image\/\"}},{\"@type\":\"Person\",\"@id\":\"https:\/\/vieassociative.be\/actualites\/#\/schema\/person\/b87ac4f82f9d4e7b7cec7395b679edc4\",\"name\":\"Julien\",\"image\":{\"@type\":\"ImageObject\",\"inLanguage\":\"fr-BE\",\"@id\":\"https:\/\/vieassociative.be\/actualites\/#\/schema\/person\/image\/\",\"url\":\"https:\/\/vieassociative.be\/actualites\/wp-content\/uploads\/2024\/09\/vie-associative-1-150x150.jpg\",\"contentUrl\":\"https:\/\/vieassociative.be\/actualites\/wp-content\/uploads\/2024\/09\/vie-associative-1-150x150.jpg\",\"caption\":\"Julien\"},\"description\":\"Je suis Julien, r\u00e9dacteur pour Vie Associative. Passionn\u00e9 par le monde associatif depuis plus de 10 ans, j'ai \u00e0 c\u0153ur de partager des histoires inspirantes et de mettre en lumi\u00e8re les initiatives locales. Mon objectif est de sensibiliser et d'encourager l'engagement communautaire \u00e0 travers mes articles.\",\"sameAs\":[\"https:\/\/vieassociative.be\/\"]}]}<\/script>\n<!-- \/ Yoast SEO plugin. -->","yoast_head_json":{"title":"Premi\u00e8re \u00e0 Mons : Pour la premi\u00e8re fois en Wallonie, les communistes du PTB font partie de la coalition majoritaire | Vie Associative","robots":{"index":"index","follow":"follow","max-snippet":"max-snippet:-1","max-image-preview":"max-image-preview:large","max-video-preview":"max-video-preview:-1"},"canonical":"https:\/\/vieassociative.be\/actualites\/premiere-a-mons-pour-la-premiere-fois-en-wallonie-les-communistes-du-ptb-font-partie-de-la-coalition-majoritaire\/","og_locale":"fr_FR","og_type":"article","og_title":"Premi\u00e8re \u00e0 Mons : Pour la premi\u00e8re fois en Wallonie, les communistes du PTB font partie de la coalition majoritaire | Vie Associative","og_description":"Alors que les partis et groupes d&rsquo;extr\u00eame droite font leur entr\u00e9e dans les gouvernements un peu partout en Europe, la quatri\u00e8me plus grande ville de","og_url":"https:\/\/vieassociative.be\/actualites\/premiere-a-mons-pour-la-premiere-fois-en-wallonie-les-communistes-du-ptb-font-partie-de-la-coalition-majoritaire\/","og_site_name":"Vie Associative","article_published_time":"2024-11-09T14:20:49+00:00","og_image":[{"url":"https:\/\/vieassociative.be\/actualites\/wp-content\/uploads\/2024\/11\/Premiere-a-Mons-Pour-la-premiere-fois-en-Wallonie.jpeg","type":"","width":"","height":""}],"author":"Julien","twitter_card":"summary_large_image","twitter_misc":{"\u00c9crit par":"Julien","Dur\u00e9e de lecture est.":"2 minutes"},"schema":{"@context":"https:\/\/schema.org","@graph":[{"@type":"Article","@id":"https:\/\/vieassociative.be\/actualites\/premiere-a-mons-pour-la-premiere-fois-en-wallonie-les-communistes-du-ptb-font-partie-de-la-coalition-majoritaire\/#article","isPartOf":{"@id":"https:\/\/vieassociative.be\/actualites\/premiere-a-mons-pour-la-premiere-fois-en-wallonie-les-communistes-du-ptb-font-partie-de-la-coalition-majoritaire\/"},"author":{"name":"Julien","@id":"https:\/\/vieassociative.be\/actualites\/#\/schema\/person\/b87ac4f82f9d4e7b7cec7395b679edc4"},"headline":"Premi\u00e8re \u00e0 Mons : Pour la premi\u00e8re fois en Wallonie, les communistes du PTB font partie de la coalition majoritaire","datePublished":"2024-11-09T14:20:49+00:00","dateModified":"2024-11-09T14:20:49+00:00","mainEntityOfPage":{"@id":"https:\/\/vieassociative.be\/actualites\/premiere-a-mons-pour-la-premiere-fois-en-wallonie-les-communistes-du-ptb-font-partie-de-la-coalition-majoritaire\/"},"wordCount":447,"publisher":{"@id":"https:\/\/vieassociative.be\/actualites\/#organization"},"image":{"@id":"https:\/\/vieassociative.be\/actualites\/premiere-a-mons-pour-la-premiere-fois-en-wallonie-les-communistes-du-ptb-font-partie-de-la-coalition-majoritaire\/#primaryimage"},"thumbnailUrl":"https:\/\/vieassociative.be\/actualites\/wp-content\/uploads\/2024\/11\/Premiere-a-Mons-Pour-la-premiere-fois-en-Wallonie.jpg","keywords":["coalition","communistes","fois","font","Les","majoritaire","Mons","partie","pour","premi\u00e8re","PTB","Wallonie"],"articleSection":["Belgique"],"inLanguage":"fr-BE"},{"@type":"WebPage","@id":"https:\/\/vieassociative.be\/actualites\/premiere-a-mons-pour-la-premiere-fois-en-wallonie-les-communistes-du-ptb-font-partie-de-la-coalition-majoritaire\/","url":"https:\/\/vieassociative.be\/actualites\/premiere-a-mons-pour-la-premiere-fois-en-wallonie-les-communistes-du-ptb-font-partie-de-la-coalition-majoritaire\/","name":"Premi\u00e8re \u00e0 Mons : Pour la premi\u00e8re fois en Wallonie, les communistes du PTB font partie de la coalition majoritaire | Vie Associative","isPartOf":{"@id":"https:\/\/vieassociative.be\/actualites\/#website"},"primaryImageOfPage":{"@id":"https:\/\/vieassociative.be\/actualites\/premiere-a-mons-pour-la-premiere-fois-en-wallonie-les-communistes-du-ptb-font-partie-de-la-coalition-majoritaire\/#primaryimage"},"image":{"@id":"https:\/\/vieassociative.be\/actualites\/premiere-a-mons-pour-la-premiere-fois-en-wallonie-les-communistes-du-ptb-font-partie-de-la-coalition-majoritaire\/#primaryimage"},"thumbnailUrl":"https:\/\/vieassociative.be\/actualites\/wp-content\/uploads\/2024\/11\/Premiere-a-Mons-Pour-la-premiere-fois-en-Wallonie.jpg","datePublished":"2024-11-09T14:20:49+00:00","dateModified":"2024-11-09T14:20:49+00:00","breadcrumb":{"@id":"https:\/\/vieassociative.be\/actualites\/premiere-a-mons-pour-la-premiere-fois-en-wallonie-les-communistes-du-ptb-font-partie-de-la-coalition-majoritaire\/#breadcrumb"},"inLanguage":"fr-BE","potentialAction":[{"@type":"ReadAction","target":["https:\/\/vieassociative.be\/actualites\/premiere-a-mons-pour-la-premiere-fois-en-wallonie-les-communistes-du-ptb-font-partie-de-la-coalition-majoritaire\/"]}]},{"@type":"ImageObject","inLanguage":"fr-BE","@id":"https:\/\/vieassociative.be\/actualites\/premiere-a-mons-pour-la-premiere-fois-en-wallonie-les-communistes-du-ptb-font-partie-de-la-coalition-majoritaire\/#primaryimage","url":"https:\/\/vieassociative.be\/actualites\/wp-content\/uploads\/2024\/11\/Premiere-a-Mons-Pour-la-premiere-fois-en-Wallonie.jpg","contentUrl":"https:\/\/vieassociative.be\/actualites\/wp-content\/uploads\/2024\/11\/Premiere-a-Mons-Pour-la-premiere-fois-en-Wallonie.jpg","width":1300,"height":838,"caption":"Premi\u00e8re \u00e0 Mons : Pour la premi\u00e8re fois en Wallonie, les communistes du PTB font partie de la coalition majoritaire"},{"@type":"BreadcrumbList","@id":"https:\/\/vieassociative.be\/actualites\/premiere-a-mons-pour-la-premiere-fois-en-wallonie-les-communistes-du-ptb-font-partie-de-la-coalition-majoritaire\/#breadcrumb","itemListElement":[{"@type":"ListItem","position":1,"name":"Accueil","item":"https:\/\/vieassociative.be\/actualites\/"},{"@type":"ListItem","position":2,"name":"Premi\u00e8re \u00e0 Mons : Pour la premi\u00e8re fois en Wallonie, les communistes du PTB font partie de la coalition majoritaire"}]},{"@type":"WebSite","@id":"https:\/\/vieassociative.be\/actualites\/#website","url":"https:\/\/vieassociative.be\/actualites\/","name":"Vie Associative","description":"","publisher":{"@id":"https:\/\/vieassociative.be\/actualites\/#organization"},"potentialAction":[{"@type":"SearchAction","target":{"@type":"EntryPoint","urlTemplate":"https:\/\/vieassociative.be\/actualites\/?s={search_term_string}"},"query-input":{"@type":"PropertyValueSpecification","valueRequired":true,"valueName":"search_term_string"}}],"inLanguage":"fr-BE"},{"@type":"Organization","@id":"https:\/\/vieassociative.be\/actualites\/#organization","name":"Vie Associative","url":"https:\/\/vieassociative.be\/actualites\/","logo":{"@type":"ImageObject","inLanguage":"fr-BE","@id":"https:\/\/vieassociative.be\/actualites\/#\/schema\/logo\/image\/","url":"https:\/\/vieassociative.be\/actualites\/wp-content\/uploads\/2024\/09\/cropped-vieassociative_favicon.ico.png","contentUrl":"https:\/\/vieassociative.be\/actualites\/wp-content\/uploads\/2024\/09\/cropped-vieassociative_favicon.ico.png","width":512,"height":512,"caption":"Vie Associative"},"image":{"@id":"https:\/\/vieassociative.be\/actualites\/#\/schema\/logo\/image\/"}},{"@type":"Person","@id":"https:\/\/vieassociative.be\/actualites\/#\/schema\/person\/b87ac4f82f9d4e7b7cec7395b679edc4","name":"Julien","image":{"@type":"ImageObject","inLanguage":"fr-BE","@id":"https:\/\/vieassociative.be\/actualites\/#\/schema\/person\/image\/","url":"https:\/\/vieassociative.be\/actualites\/wp-content\/uploads\/2024\/09\/vie-associative-1-150x150.jpg","contentUrl":"https:\/\/vieassociative.be\/actualites\/wp-content\/uploads\/2024\/09\/vie-associative-1-150x150.jpg","caption":"Julien"},"description":"Je suis Julien, r\u00e9dacteur pour Vie Associative. Passionn\u00e9 par le monde associatif depuis plus de 10 ans, j'ai \u00e0 c\u0153ur de partager des histoires inspirantes et de mettre en lumi\u00e8re les initiatives locales. Mon objectif est de sensibiliser et d'encourager l'engagement communautaire \u00e0 travers mes articles.","sameAs":["https:\/\/vieassociative.be\/"]}]}},"_links":{"self":[{"href":"https:\/\/vieassociative.be\/actualites\/wp-json\/wp\/v2\/posts\/2221"}],"collection":[{"href":"https:\/\/vieassociative.be\/actualites\/wp-json\/wp\/v2\/posts"}],"about":[{"href":"https:\/\/vieassociative.be\/actualites\/wp-json\/wp\/v2\/types\/post"}],"author":[{"embeddable":true,"href":"https:\/\/vieassociative.be\/actualites\/wp-json\/wp\/v2\/users\/1"}],"replies":[{"embeddable":true,"href":"https:\/\/vieassociative.be\/actualites\/wp-json\/wp\/v2\/comments?post=2221"}],"version-history":[{"count":0,"href":"https:\/\/vieassociative.be\/actualites\/wp-json\/wp\/v2\/posts\/2221\/revisions"}],"wp:featuredmedia":[{"embeddable":true,"href":"https:\/\/vieassociative.be\/actualites\/wp-json\/wp\/v2\/media\/2222"}],"wp:attachment":[{"href":"https:\/\/vieassociative.be\/actualites\/wp-json\/wp\/v2\/media?parent=2221"}],"wp:term":[{"taxonomy":"category","embeddable":true,"href":"https:\/\/vieassociative.be\/actualites\/wp-json\/wp\/v2\/categories?post=2221"},{"taxonomy":"post_tag","embeddable":true,"href":"https:\/\/vieassociative.be\/actualites\/wp-json\/wp\/v2\/tags?post=2221"}],"curies":[{"name":"wp","href":"https:\/\/api.w.org\/{rel}","templated":true}]}}